{"id":10051,"date":"2025-01-28T08:48:00","date_gmt":"2025-01-28T07:48:00","guid":{"rendered":"https:\/\/lamarinabj.com\/?p=10051"},"modified":"2025-01-28T07:10:03","modified_gmt":"2025-01-28T06:10:03","slug":"lheritage-philosophique-de-paulin-hountondji-au-coeur-dun-colloque-de-trois-jours","status":"publish","type":"post","link":"https:\/\/lamarinabj.com\/index.php\/2025\/01\/28\/lheritage-philosophique-de-paulin-hountondji-au-coeur-dun-colloque-de-trois-jours\/","title":{"rendered":"L&rsquo;h\u00e9ritage philosophique de Paulin Hountondji au c\u0153ur d&rsquo;un colloque de trois jours"},"content":{"rendered":"\n<p><strong><mark style=\"background-color:rgba(0, 0, 0, 0)\" class=\"has-inline-color has-red-color\">\u00c9v\u00e9nement, B\u00e9nin<\/mark><\/strong> &#8211; Un \u00e9v\u00e9nement exceptionnel mettra \u00e0 l\u2019honneur l\u2019\u0153uvre monumentale du professeur Paulin Jidenu Hountondji, philosophe b\u00e9ninois de renomm\u00e9e internationale d\u00e9c\u00e9d\u00e9 le 2 f\u00e9vrier 2024. \u00c0 l\u2019occasion du premier anniversaire de sa disparition, plusieurs institutions d\u2019enseignement et de recherche, tant au B\u00e9nin qu\u2019en France, organisent du 3 au 5 f\u00e9vrier 2025, un colloque international pour c\u00e9l\u00e9brer l\u2019h\u00e9ritage de ce penseur incontournable de la philosophie mondiale.<\/p>\n\n\n\n<h2 id=\"une-rencontre-internationale-pour-celebrer-un-intellectuel-de-portee-mondiale\" class=\"wp-block-heading\"><mark style=\"background-color:rgba(0, 0, 0, 0)\" class=\"has-inline-color has-red-color\">Une rencontre internationale pour c\u00e9l\u00e9brer un intellectuel de port\u00e9e mondiale<\/mark><\/h2>\n\n\n\n<p>Le colloque se tiendra simultan\u00e9ment dans plusieurs \u00e9tablissements prestigieux, tels que l\u2019Universit\u00e9 d\u2019Abomey-Calavi, le Centre Jacques Berque, l\u2019Universit\u00e9 Paris 1 Panth\u00e9on-Sorbonne, l\u2019Universit\u00e9 Toulouse-Jean Jaur\u00e8s, Sciences Po Paris, et bien d\u2019autres. En format hybride, \u00e0 la fois en pr\u00e9sentiel et en visioconf\u00e9rence, le colloque permettra de rassembler des participants du monde entier pour explorer et d\u00e9battre des multiples dimensions de l\u2019\u0153uvre de Paulin Hountondji.<\/p>\n\n\n\n<p>L\u2019\u00e9v\u00e9nement d\u00e9butera par une session inaugurale, pr\u00e9vue le 3 f\u00e9vrier \u00e0 10h30, dans l\u2019amphith\u00e9\u00e2tre Idriss D\u00e9by Itno \u00e0 l\u2019Universit\u00e9 d\u2019Abomey-Calavi. Plusieurs figures de la philosophie contemporaine, dont Paul Christian Kiti, Salim Abdelmadjid et Jean-Pierre Ezin, interviendront pour rendre hommage \u00e0 la pens\u00e9e de Hountondji. Cette c\u00e9r\u00e9monie d\u2019ouverture marquera le d\u00e9but de trois jours de d\u00e9bats et de r\u00e9flexion approfondie sur les contributions philosophiques de l\u2019auteur de Sur la philosophie africaine et Combats pour le sens.<\/p>\n\n\n\n<h2 id=\"les-grandes-thematiques-du-colloque\" class=\"wp-block-heading\"><mark style=\"background-color:rgba(0, 0, 0, 0)\" class=\"has-inline-color has-red-color\">Les grandes th\u00e9matiques du colloque<\/mark><\/h2>\n\n\n\n<p>Le colloque se concentrera sur les principaux axes de la philosophie du professeur Paulin Hountondji, avec des interventions acad\u00e9miques sur sa vision de la philosophie africaine, sa critique de l\u2019ethnophilosophie, et son \u00e9pist\u00e9mologie des savoirs endog\u00e8nes. Les participants exploreront \u00e9galement ses critiques de l\u2019extraversion, un concept cl\u00e9 dans son approche critique de la pens\u00e9e occidentale et de ses influences sur les cultures africaines.<\/p>\n\n\n\n<p>Parmi les interventions pr\u00e9vues, plusieurs experts reviendront sur les grands th\u00e8mes qui ont marqu\u00e9 l\u2019\u0153uvre de Paulin Hountondji. Mich\u00e8le Gendreau-Massaloux, vice-pr\u00e9sidente du Groupe interacad\u00e9mique pour le D\u00e9veloppement, pr\u00e9sentera la notion de Paulin Hountondji en avance lors de la premi\u00e8re journ\u00e9e \u00e0 l\u2019Universit\u00e9 Paris Nanterre. Cette intervention permettra d\u2019explorer la mani\u00e8re dont le philosophe a anticip\u00e9 certaines r\u00e9flexions contemporaines.<\/p>\n\n\n\n<p>Un autre th\u00e8me phare du colloque sera, Savoir en tension : de Paulin Hountondji au Vodou, qui sera pr\u00e9sent\u00e9 par Marie Augustine, \u00e9tudiante en Master 2 \u00e0 l\u2019Universit\u00e9 Paris-Nanterre. Cette pr\u00e9sentation s\u2019int\u00e9ressera sans doute \u00e0 la mani\u00e8re dont le professeur Hountondji a red\u00e9fini la pens\u00e9e africaine en s\u2019\u00e9loignant des approches ethnophilosophiques, tout en int\u00e9grant des pratiques de pens\u00e9e souvent marginalis\u00e9es.<\/p>\n\n\n\n<p>D\u2019autres interventions approfondiront des sujets comme La qu\u00eate de science et le combat politique chez Hountondji par D\u00e9sir\u00e9 M\u00e9d\u00e9gnon, ma\u00eetre de conf\u00e9rences \u00e0 l\u2019Universit\u00e9 d\u2019Abomey-Calavi, et Philosopher en compagnie de Paulin Hountondji par S\u00e9verine Kodjo-Grandvaux, enseignante en philosophie \u00e0 Sciences Po Paris. Ces discussions permettront de montrer comment le professeur Paulin Hountondji a r\u00e9ussi \u00e0 combiner r\u00e9flexion philosophique et engagement politique.<\/p>\n\n\n\n<h2 id=\"des-echanges-intellectuels-pour-nourrir-lheritage-de-hountondji\" class=\"wp-block-heading\"><mark style=\"background-color:rgba(0, 0, 0, 0)\" class=\"has-inline-color has-red-color\">Des \u00e9changes intellectuels pour nourrir l\u2019h\u00e9ritage de Hountondji<\/mark><\/h2>\n\n\n\n<p>Au-del\u00e0 des conf\u00e9rences, ce colloque sera \u00e9galement une occasion pour les chercheurs, \u00e9tudiants et intellectuels de toutes horizons de partager leurs r\u00e9flexions et de prolonger l\u2019h\u00e9ritage de Paulin Hountondji. Le colloque soulignera l\u2019influence qu\u2019il a exerc\u00e9e sur la pens\u00e9e contemporaine, en particulier dans la red\u00e9finition de la philosophie africaine et dans les dialogues qu\u2019il a entretenus avec des figures comme V.Y. Mudimbe, Towa, et Tanella Boni.<\/p>\n\n\n\n<p>L\u2019\u00e9v\u00e9nement prendra une dimension particuli\u00e8rement symbolique le mercredi 5 f\u00e9vrier 2025, avec une c\u00e9r\u00e9monie d\u2019hommage sur la tombe du professeur Paulin Hountondji \u00e0 Porto-Novo. Ce moment solennel viendra cl\u00f4turer le colloque, offrant aux participants l\u2019occasion de rendre un dernier hommage \u00e0 ce penseur visionnaire, dont l\u2019h\u00e9ritage continue de nourrir les d\u00e9bats intellectuels mondiaux.<\/p>\n","protected":false},"excerpt":{"rendered":"\u00c9v\u00e9nement, B\u00e9nin &#8211; Un \u00e9v\u00e9nement exceptionnel mettra \u00e0 l\u2019honneur l\u2019\u0153uvre monumentale du professeur Paulin Jidenu Hountondji, philosophe b\u00e9ninois&hellip;\n","protected":false},"author":3,"featured_media":10052,"comment_status":"open","ping_status":"open","sticky":false,"template":"","format":"standard","meta":{"csco_singular_sidebar":"","csco_page_header_type":"standard","csco_appearance_masonry":"","csco_page_load_nextpost":"","csco_post_video_location":[],"csco_post_video_location_hash":"","csco_post_video_url":"","csco_post_video_bg_start_time":0,"csco_post_video_bg_end_time":0,"footnotes":""},"categories":[57,239],"tags":[41,1390],"class_list":{"0":"post-10051","1":"post","2":"type-post","3":"status-publish","4":"format-standard","5":"has-post-thumbnail","7":"category-a-suivre","8":"category-levenement-2","9":"tag-benin","10":"tag-paulin-hountondji","11":"cs-entry","12":"cs-video-wrap"},"yoast_head":"<!-- This site is optimized with the Yoast SEO plugin v27.4 - https:\/\/yoast.com\/product\/yoast-seo-wordpress\/ -->\n<title>L&#039;h\u00e9ritage philosophique de Paulin Hountondji au c\u0153ur d&#039;un colloque de trois jours - LA MARINA BJ<\/title>\n<meta name=\"description\" content=\"\u00c0 l\u2019occasion du premier anniversaire de sa disparition, plusieurs institutions d\u2019enseignement et de recherche, tant au B\u00e9nin qu\u2019en France, organisent du 3 au 5 f\u00e9vrier 2025, un colloque international pour c\u00e9l\u00e9brer l\u2019h\u00e9ritage de ce penseur incontournable de la philosophie mondiale.\" \/>\n<meta name=\"robots\" content=\"index, follow, max-snippet:-1, max-image-preview:large, max-video-preview:-1\" \/>\n<link rel=\"canonical\" href=\"https:\/\/lamarinabj.com\/index.php\/2025\/01\/28\/lheritage-philosophique-de-paulin-hountondji-au-coeur-dun-colloque-de-trois-jours\/\" \/>\n<meta property=\"og:locale\" content=\"fr_FR\" \/>\n<meta property=\"og:type\" content=\"article\" \/>\n<meta property=\"og:title\" content=\"L&#039;h\u00e9ritage philosophique de Paulin Hountondji au c\u0153ur d&#039;un colloque de trois jours - LA MARINA BJ\" \/>\n<meta property=\"og:description\" content=\"\u00c0 l\u2019occasion du premier anniversaire de sa disparition, plusieurs institutions d\u2019enseignement et de recherche, tant au B\u00e9nin qu\u2019en France, organisent du 3 au 5 f\u00e9vrier 2025, un colloque international pour c\u00e9l\u00e9brer l\u2019h\u00e9ritage de ce penseur incontournable de la philosophie mondiale.\" \/>\n<meta property=\"og:url\" content=\"https:\/\/lamarinabj.com\/index.php\/2025\/01\/28\/lheritage-philosophique-de-paulin-hountondji-au-coeur-dun-colloque-de-trois-jours\/\" \/>\n<meta property=\"og:site_name\" content=\"LA MARINA BJ\" \/>\n<meta property=\"article:published_time\" content=\"2025-01-28T07:48:00+00:00\" \/>\n<meta property=\"og:image\" content=\"https:\/\/lamarinabj.com\/wp-content\/uploads\/2025\/01\/20250128_065659_0000.jpg\" \/>\n\t<meta property=\"og:image:width\" content=\"1020\" \/>\n\t<meta property=\"og:image:height\" content=\"400\" \/>\n\t<meta property=\"og:image:type\" content=\"image\/jpeg\" \/>\n<meta name=\"author\" content=\"La Marina BJ - Team Veille &amp; Projets publics\" \/>\n<meta name=\"twitter:card\" content=\"summary_large_image\" \/>\n<meta name=\"twitter:label1\" content=\"\u00c9crit par\" \/>\n\t<meta name=\"twitter:data1\" content=\"La Marina BJ - Team Veille &amp; Projets publics\" \/>\n\t<meta name=\"twitter:label2\" content=\"Dur\u00e9e de lecture estim\u00e9e\" \/>\n\t<meta name=\"twitter:data2\" content=\"4 minutes\" \/>\n<script type=\"application\/ld+json\" class=\"yoast-schema-graph\">{\"@context\":\"https:\\\/\\\/schema.org\",\"@graph\":[{\"@type\":\"NewsArticle\",\"@id\":\"https:\\\/\\\/lamarinabj.com\\\/index.php\\\/2025\\\/01\\\/28\\\/lheritage-philosophique-de-paulin-hountondji-au-coeur-dun-colloque-de-trois-jours\\\/#article\",\"isPartOf\":{\"@id\":\"https:\\\/\\\/lamarinabj.com\\\/index.php\\\/2025\\\/01\\\/28\\\/lheritage-philosophique-de-paulin-hountondji-au-coeur-dun-colloque-de-trois-jours\\\/\"},\"author\":{\"name\":\"La Marina BJ - Team Veille &amp; Projets publics\",\"@id\":\"https:\\\/\\\/lamarinabj.com\\\/#\\\/schema\\\/person\\\/70c372a4c3c86bd4844a0382357a0f2d\"},\"headline\":\"L&rsquo;h\u00e9ritage philosophique de Paulin Hountondji au c\u0153ur d&rsquo;un colloque de trois jours\",\"datePublished\":\"2025-01-28T07:48:00+00:00\",\"mainEntityOfPage\":{\"@id\":\"https:\\\/\\\/lamarinabj.com\\\/index.php\\\/2025\\\/01\\\/28\\\/lheritage-philosophique-de-paulin-hountondji-au-coeur-dun-colloque-de-trois-jours\\\/\"},\"wordCount\":702,\"commentCount\":0,\"image\":{\"@id\":\"https:\\\/\\\/lamarinabj.com\\\/index.php\\\/2025\\\/01\\\/28\\\/lheritage-philosophique-de-paulin-hountondji-au-coeur-dun-colloque-de-trois-jours\\\/#primaryimage\"},\"thumbnailUrl\":\"https:\\\/\\\/lamarinabj.com\\\/wp-content\\\/uploads\\\/2025\\\/01\\\/20250128_065659_0000.jpg\",\"keywords\":[\"B\u00e9nin\",\"Paulin hountondji\"],\"articleSection\":[\"\u00c0 SUIVRE\",\"L'\u00c9V\u00c9NEMENT\"],\"inLanguage\":\"fr-FR\",\"potentialAction\":[{\"@type\":\"CommentAction\",\"name\":\"Comment\",\"target\":[\"https:\\\/\\\/lamarinabj.com\\\/index.php\\\/2025\\\/01\\\/28\\\/lheritage-philosophique-de-paulin-hountondji-au-coeur-dun-colloque-de-trois-jours\\\/#respond\"]}]},{\"@type\":[\"WebPage\",\"SearchResultsPage\"],\"@id\":\"https:\\\/\\\/lamarinabj.com\\\/index.php\\\/2025\\\/01\\\/28\\\/lheritage-philosophique-de-paulin-hountondji-au-coeur-dun-colloque-de-trois-jours\\\/\",\"url\":\"https:\\\/\\\/lamarinabj.com\\\/index.php\\\/2025\\\/01\\\/28\\\/lheritage-philosophique-de-paulin-hountondji-au-coeur-dun-colloque-de-trois-jours\\\/\",\"name\":\"L'h\u00e9ritage philosophique de Paulin Hountondji au c\u0153ur d'un colloque de trois jours - LA MARINA BJ\",\"isPartOf\":{\"@id\":\"https:\\\/\\\/lamarinabj.com\\\/#website\"},\"primaryImageOfPage\":{\"@id\":\"https:\\\/\\\/lamarinabj.com\\\/index.php\\\/2025\\\/01\\\/28\\\/lheritage-philosophique-de-paulin-hountondji-au-coeur-dun-colloque-de-trois-jours\\\/#primaryimage\"},\"image\":{\"@id\":\"https:\\\/\\\/lamarinabj.com\\\/index.php\\\/2025\\\/01\\\/28\\\/lheritage-philosophique-de-paulin-hountondji-au-coeur-dun-colloque-de-trois-jours\\\/#primaryimage\"},\"thumbnailUrl\":\"https:\\\/\\\/lamarinabj.com\\\/wp-content\\\/uploads\\\/2025\\\/01\\\/20250128_065659_0000.jpg\",\"datePublished\":\"2025-01-28T07:48:00+00:00\",\"author\":{\"@id\":\"https:\\\/\\\/lamarinabj.com\\\/#\\\/schema\\\/person\\\/70c372a4c3c86bd4844a0382357a0f2d\"},\"description\":\"\u00c0 l\u2019occasion du premier anniversaire de sa disparition, plusieurs institutions d\u2019enseignement et de recherche, tant au B\u00e9nin qu\u2019en France, organisent du 3 au 5 f\u00e9vrier 2025, un colloque international pour c\u00e9l\u00e9brer l\u2019h\u00e9ritage de ce penseur incontournable de la philosophie mondiale.\",\"breadcrumb\":{\"@id\":\"https:\\\/\\\/lamarinabj.com\\\/index.php\\\/2025\\\/01\\\/28\\\/lheritage-philosophique-de-paulin-hountondji-au-coeur-dun-colloque-de-trois-jours\\\/#breadcrumb\"},\"inLanguage\":\"fr-FR\",\"potentialAction\":[{\"@type\":\"ReadAction\",\"target\":[\"https:\\\/\\\/lamarinabj.com\\\/index.php\\\/2025\\\/01\\\/28\\\/lheritage-philosophique-de-paulin-hountondji-au-coeur-dun-colloque-de-trois-jours\\\/\"]}]},{\"@type\":\"ImageObject\",\"inLanguage\":\"fr-FR\",\"@id\":\"https:\\\/\\\/lamarinabj.com\\\/index.php\\\/2025\\\/01\\\/28\\\/lheritage-philosophique-de-paulin-hountondji-au-coeur-dun-colloque-de-trois-jours\\\/#primaryimage\",\"url\":\"https:\\\/\\\/lamarinabj.com\\\/wp-content\\\/uploads\\\/2025\\\/01\\\/20250128_065659_0000.jpg\",\"contentUrl\":\"https:\\\/\\\/lamarinabj.com\\\/wp-content\\\/uploads\\\/2025\\\/01\\\/20250128_065659_0000.jpg\",\"width\":1020,\"height\":400},{\"@type\":\"BreadcrumbList\",\"@id\":\"https:\\\/\\\/lamarinabj.com\\\/index.php\\\/2025\\\/01\\\/28\\\/lheritage-philosophique-de-paulin-hountondji-au-coeur-dun-colloque-de-trois-jours\\\/#breadcrumb\",\"itemListElement\":[{\"@type\":\"ListItem\",\"position\":1,\"name\":\"Accueil\",\"item\":\"https:\\\/\\\/lamarinabj.com\\\/\"},{\"@type\":\"ListItem\",\"position\":2,\"name\":\"L&#8217;h\u00e9ritage philosophique de Paulin Hountondji au c\u0153ur d&#8217;un colloque de trois jours\"}]},{\"@type\":\"WebSite\",\"@id\":\"https:\\\/\\\/lamarinabj.com\\\/#website\",\"url\":\"https:\\\/\\\/lamarinabj.com\\\/\",\"name\":\"LA MARINA BJ\",\"description\":\"Votre portail vers l&#039;information strat\u00e9gique au B\u00e9nin, en Afrique et au-del\u00e0\",\"potentialAction\":[{\"@type\":\"SearchAction\",\"target\":{\"@type\":\"EntryPoint\",\"urlTemplate\":\"https:\\\/\\\/lamarinabj.com\\\/?s={search_term_string}\"},\"query-input\":{\"@type\":\"PropertyValueSpecification\",\"valueRequired\":true,\"valueName\":\"search_term_string\"}}],\"inLanguage\":\"fr-FR\"},{\"@type\":\"Person\",\"@id\":\"https:\\\/\\\/lamarinabj.com\\\/#\\\/schema\\\/person\\\/70c372a4c3c86bd4844a0382357a0f2d\",\"name\":\"La Marina BJ - Team Veille &amp; Projets publics\",\"image\":{\"@type\":\"ImageObject\",\"inLanguage\":\"fr-FR\",\"@id\":\"https:\\\/\\\/secure.gravatar.com\\\/avatar\\\/b56740eda81210101c8acebdd7c5c7db1bd0ab57f63df607996683fa153ff0d0?s=96&d=mm&r=g\",\"url\":\"https:\\\/\\\/secure.gravatar.com\\\/avatar\\\/b56740eda81210101c8acebdd7c5c7db1bd0ab57f63df607996683fa153ff0d0?s=96&d=mm&r=g\",\"contentUrl\":\"https:\\\/\\\/secure.gravatar.com\\\/avatar\\\/b56740eda81210101c8acebdd7c5c7db1bd0ab57f63df607996683fa153ff0d0?s=96&d=mm&r=g\",\"caption\":\"La Marina BJ - Team Veille &amp; Projets publics\"},\"description\":\"La Team Veille &amp; Projets publics de La Marina BJ est d\u00e9di\u00e9e \u00e0 la surveillance proactive des dynamiques institutionnelles impuls\u00e9es par l\u2019\u00c9tat, les agences publiques, les collectivit\u00e9s territoriales ainsi que les partenaires techniques et financiers. Gr\u00e2ce \u00e0 une veille strat\u00e9gique permanente, cette \u00e9quipe identifie et suit les projets de d\u00e9veloppement, les \u00e9tudes pr\u00e9alables et les investissements publics majeurs. Elle documente les politiques sectorielles, analyse les enjeux techniques, \u00e9conomiques, sociaux et environnementaux, et produit des contenus exclusifs pour \u00e9clairer les mutations structurelles.\",\"url\":\"https:\\\/\\\/lamarinabj.com\\\/index.php\\\/author\\\/simahou\\\/\"}]}<\/script>\n<!-- \/ Yoast SEO plugin. -->","yoast_head_json":{"title":"L'h\u00e9ritage philosophique de Paulin Hountondji au c\u0153ur d'un colloque de trois jours - LA MARINA BJ","description":"\u00c0 l\u2019occasion du premier anniversaire de sa disparition, plusieurs institutions d\u2019enseignement et de recherche, tant au B\u00e9nin qu\u2019en France, organisent du 3 au 5 f\u00e9vrier 2025, un colloque international pour c\u00e9l\u00e9brer l\u2019h\u00e9ritage de ce penseur incontournable de la philosophie mondiale.","robots":{"index":"index","follow":"follow","max-snippet":"max-snippet:-1","max-image-preview":"max-image-preview:large","max-video-preview":"max-video-preview:-1"},"canonical":"https:\/\/lamarinabj.com\/index.php\/2025\/01\/28\/lheritage-philosophique-de-paulin-hountondji-au-coeur-dun-colloque-de-trois-jours\/","og_locale":"fr_FR","og_type":"article","og_title":"L'h\u00e9ritage philosophique de Paulin Hountondji au c\u0153ur d'un colloque de trois jours - LA MARINA BJ","og_description":"\u00c0 l\u2019occasion du premier anniversaire de sa disparition, plusieurs institutions d\u2019enseignement et de recherche, tant au B\u00e9nin qu\u2019en France, organisent du 3 au 5 f\u00e9vrier 2025, un colloque international pour c\u00e9l\u00e9brer l\u2019h\u00e9ritage de ce penseur incontournable de la philosophie mondiale.","og_url":"https:\/\/lamarinabj.com\/index.php\/2025\/01\/28\/lheritage-philosophique-de-paulin-hountondji-au-coeur-dun-colloque-de-trois-jours\/","og_site_name":"LA MARINA BJ","article_published_time":"2025-01-28T07:48:00+00:00","og_image":[{"width":1020,"height":400,"url":"https:\/\/lamarinabj.com\/wp-content\/uploads\/2025\/01\/20250128_065659_0000.jpg","type":"image\/jpeg"}],"author":"La Marina BJ - Team Veille &amp; Projets publics","twitter_card":"summary_large_image","twitter_misc":{"\u00c9crit par":"La Marina BJ - Team Veille &amp; Projets publics","Dur\u00e9e de lecture estim\u00e9e":"4 minutes"},"schema":{"@context":"https:\/\/schema.org","@graph":[{"@type":"NewsArticle","@id":"https:\/\/lamarinabj.com\/index.php\/2025\/01\/28\/lheritage-philosophique-de-paulin-hountondji-au-coeur-dun-colloque-de-trois-jours\/#article","isPartOf":{"@id":"https:\/\/lamarinabj.com\/index.php\/2025\/01\/28\/lheritage-philosophique-de-paulin-hountondji-au-coeur-dun-colloque-de-trois-jours\/"},"author":{"name":"La Marina BJ - Team Veille &amp; Projets publics","@id":"https:\/\/lamarinabj.com\/#\/schema\/person\/70c372a4c3c86bd4844a0382357a0f2d"},"headline":"L&rsquo;h\u00e9ritage philosophique de Paulin Hountondji au c\u0153ur d&rsquo;un colloque de trois jours","datePublished":"2025-01-28T07:48:00+00:00","mainEntityOfPage":{"@id":"https:\/\/lamarinabj.com\/index.php\/2025\/01\/28\/lheritage-philosophique-de-paulin-hountondji-au-coeur-dun-colloque-de-trois-jours\/"},"wordCount":702,"commentCount":0,"image":{"@id":"https:\/\/lamarinabj.com\/index.php\/2025\/01\/28\/lheritage-philosophique-de-paulin-hountondji-au-coeur-dun-colloque-de-trois-jours\/#primaryimage"},"thumbnailUrl":"https:\/\/lamarinabj.com\/wp-content\/uploads\/2025\/01\/20250128_065659_0000.jpg","keywords":["B\u00e9nin","Paulin hountondji"],"articleSection":["\u00c0 SUIVRE","L'\u00c9V\u00c9NEMENT"],"inLanguage":"fr-FR","potentialAction":[{"@type":"CommentAction","name":"Comment","target":["https:\/\/lamarinabj.com\/index.php\/2025\/01\/28\/lheritage-philosophique-de-paulin-hountondji-au-coeur-dun-colloque-de-trois-jours\/#respond"]}]},{"@type":["WebPage","SearchResultsPage"],"@id":"https:\/\/lamarinabj.com\/index.php\/2025\/01\/28\/lheritage-philosophique-de-paulin-hountondji-au-coeur-dun-colloque-de-trois-jours\/","url":"https:\/\/lamarinabj.com\/index.php\/2025\/01\/28\/lheritage-philosophique-de-paulin-hountondji-au-coeur-dun-colloque-de-trois-jours\/","name":"L'h\u00e9ritage philosophique de Paulin Hountondji au c\u0153ur d'un colloque de trois jours - LA MARINA BJ","isPartOf":{"@id":"https:\/\/lamarinabj.com\/#website"},"primaryImageOfPage":{"@id":"https:\/\/lamarinabj.com\/index.php\/2025\/01\/28\/lheritage-philosophique-de-paulin-hountondji-au-coeur-dun-colloque-de-trois-jours\/#primaryimage"},"image":{"@id":"https:\/\/lamarinabj.com\/index.php\/2025\/01\/28\/lheritage-philosophique-de-paulin-hountondji-au-coeur-dun-colloque-de-trois-jours\/#primaryimage"},"thumbnailUrl":"https:\/\/lamarinabj.com\/wp-content\/uploads\/2025\/01\/20250128_065659_0000.jpg","datePublished":"2025-01-28T07:48:00+00:00","author":{"@id":"https:\/\/lamarinabj.com\/#\/schema\/person\/70c372a4c3c86bd4844a0382357a0f2d"},"description":"\u00c0 l\u2019occasion du premier anniversaire de sa disparition, plusieurs institutions d\u2019enseignement et de recherche, tant au B\u00e9nin qu\u2019en France, organisent du 3 au 5 f\u00e9vrier 2025, un colloque international pour c\u00e9l\u00e9brer l\u2019h\u00e9ritage de ce penseur incontournable de la philosophie mondiale.","breadcrumb":{"@id":"https:\/\/lamarinabj.com\/index.php\/2025\/01\/28\/lheritage-philosophique-de-paulin-hountondji-au-coeur-dun-colloque-de-trois-jours\/#breadcrumb"},"inLanguage":"fr-FR","potentialAction":[{"@type":"ReadAction","target":["https:\/\/lamarinabj.com\/index.php\/2025\/01\/28\/lheritage-philosophique-de-paulin-hountondji-au-coeur-dun-colloque-de-trois-jours\/"]}]},{"@type":"ImageObject","inLanguage":"fr-FR","@id":"https:\/\/lamarinabj.com\/index.php\/2025\/01\/28\/lheritage-philosophique-de-paulin-hountondji-au-coeur-dun-colloque-de-trois-jours\/#primaryimage","url":"https:\/\/lamarinabj.com\/wp-content\/uploads\/2025\/01\/20250128_065659_0000.jpg","contentUrl":"https:\/\/lamarinabj.com\/wp-content\/uploads\/2025\/01\/20250128_065659_0000.jpg","width":1020,"height":400},{"@type":"BreadcrumbList","@id":"https:\/\/lamarinabj.com\/index.php\/2025\/01\/28\/lheritage-philosophique-de-paulin-hountondji-au-coeur-dun-colloque-de-trois-jours\/#breadcrumb","itemListElement":[{"@type":"ListItem","position":1,"name":"Accueil","item":"https:\/\/lamarinabj.com\/"},{"@type":"ListItem","position":2,"name":"L&#8217;h\u00e9ritage philosophique de Paulin Hountondji au c\u0153ur d&#8217;un colloque de trois jours"}]},{"@type":"WebSite","@id":"https:\/\/lamarinabj.com\/#website","url":"https:\/\/lamarinabj.com\/","name":"LA MARINA BJ","description":"Votre portail vers l&#039;information strat\u00e9gique au B\u00e9nin, en Afrique et au-del\u00e0","potentialAction":[{"@type":"SearchAction","target":{"@type":"EntryPoint","urlTemplate":"https:\/\/lamarinabj.com\/?s={search_term_string}"},"query-input":{"@type":"PropertyValueSpecification","valueRequired":true,"valueName":"search_term_string"}}],"inLanguage":"fr-FR"},{"@type":"Person","@id":"https:\/\/lamarinabj.com\/#\/schema\/person\/70c372a4c3c86bd4844a0382357a0f2d","name":"La Marina BJ - Team Veille &amp; Projets publics","image":{"@type":"ImageObject","inLanguage":"fr-FR","@id":"https:\/\/secure.gravatar.com\/avatar\/b56740eda81210101c8acebdd7c5c7db1bd0ab57f63df607996683fa153ff0d0?s=96&d=mm&r=g","url":"https:\/\/secure.gravatar.com\/avatar\/b56740eda81210101c8acebdd7c5c7db1bd0ab57f63df607996683fa153ff0d0?s=96&d=mm&r=g","contentUrl":"https:\/\/secure.gravatar.com\/avatar\/b56740eda81210101c8acebdd7c5c7db1bd0ab57f63df607996683fa153ff0d0?s=96&d=mm&r=g","caption":"La Marina BJ - Team Veille &amp; Projets publics"},"description":"La Team Veille &amp; Projets publics de La Marina BJ est d\u00e9di\u00e9e \u00e0 la surveillance proactive des dynamiques institutionnelles impuls\u00e9es par l\u2019\u00c9tat, les agences publiques, les collectivit\u00e9s territoriales ainsi que les partenaires techniques et financiers. Gr\u00e2ce \u00e0 une veille strat\u00e9gique permanente, cette \u00e9quipe identifie et suit les projets de d\u00e9veloppement, les \u00e9tudes pr\u00e9alables et les investissements publics majeurs. Elle documente les politiques sectorielles, analyse les enjeux techniques, \u00e9conomiques, sociaux et environnementaux, et produit des contenus exclusifs pour \u00e9clairer les mutations structurelles.","url":"https:\/\/lamarinabj.com\/index.php\/author\/simahou\/"}]}},"_links":{"self":[{"href":"https:\/\/lamarinabj.com\/index.php\/wp-json\/wp\/v2\/posts\/10051","targetHints":{"allow":["GET"]}}],"collection":[{"href":"https:\/\/lamarinabj.com\/index.php\/wp-json\/wp\/v2\/posts"}],"about":[{"href":"https:\/\/lamarinabj.com\/index.php\/wp-json\/wp\/v2\/types\/post"}],"author":[{"embeddable":true,"href":"https:\/\/lamarinabj.com\/index.php\/wp-json\/wp\/v2\/users\/3"}],"replies":[{"embeddable":true,"href":"https:\/\/lamarinabj.com\/index.php\/wp-json\/wp\/v2\/comments?post=10051"}],"version-history":[{"count":1,"href":"https:\/\/lamarinabj.com\/index.php\/wp-json\/wp\/v2\/posts\/10051\/revisions"}],"predecessor-version":[{"id":10053,"href":"https:\/\/lamarinabj.com\/index.php\/wp-json\/wp\/v2\/posts\/10051\/revisions\/10053"}],"wp:featuredmedia":[{"embeddable":true,"href":"https:\/\/lamarinabj.com\/index.php\/wp-json\/wp\/v2\/media\/10052"}],"wp:attachment":[{"href":"https:\/\/lamarinabj.com\/index.php\/wp-json\/wp\/v2\/media?parent=10051"}],"wp:term":[{"taxonomy":"category","embeddable":true,"href":"https:\/\/lamarinabj.com\/index.php\/wp-json\/wp\/v2\/categories?post=10051"},{"taxonomy":"post_tag","embeddable":true,"href":"https:\/\/lamarinabj.com\/index.php\/wp-json\/wp\/v2\/tags?post=10051"}],"curies":[{"name":"wp","href":"https:\/\/api.w.org\/{rel}","templated":true}]}}