{"id":10066,"date":"2025-01-29T06:13:17","date_gmt":"2025-01-29T05:13:17","guid":{"rendered":"https:\/\/lamarinabj.com\/?p=10066"},"modified":"2025-01-29T06:13:18","modified_gmt":"2025-01-29T05:13:18","slug":"defiance-et-refus-de-plaider-sans-avocats-au-round-4-du-proces-contre-lautorite-de-letat","status":"publish","type":"post","link":"https:\/\/lamarinabj.com\/index.php\/2025\/01\/29\/defiance-et-refus-de-plaider-sans-avocats-au-round-4-du-proces-contre-lautorite-de-letat\/","title":{"rendered":"D\u00e9fiance et refus de plaider sans avocats au round 4 du proc\u00e8s contre l\u2019autorit\u00e9 de l\u2019\u00c9tat"},"content":{"rendered":"\n<p><strong><mark style=\"background-color:rgba(0, 0, 0, 0)\" class=\"has-inline-color has-red-color\">Justice, B\u00e9nin <\/mark><\/strong>&#8211; <strong><em>Le quatri\u00e8me jour du proc\u00e8s de l\u2019affaire dite du \u00ab complot contre l\u2019autorit\u00e9 de l\u2019\u00c9tat \u00bb s\u2019est d\u00e9roul\u00e9 hier, mardi 28 janvier 2025, \u00e0 la Cour de R\u00e9pression des Infractions \u00c9conomiques et du Terrorisme (CRIET), dans une atmosph\u00e8re lourde, marqu\u00e9e par un refus cat\u00e9gorique des principaux accus\u00e9s de s\u2019exprimer sans l\u2019assistance de leurs avocats. Olivier Boko et Oswald Homeky, figures centrales du dossier, ont adopt\u00e9 une posture de d\u00e9fiance face \u00e0 une proc\u00e9dure qu\u2019ils continuent de juger vici\u00e9e. Malgr\u00e9 des t\u00e9moignages accablants, notamment celui du colonel Djimon T\u00e9vo\u00e9djr\u00e8, la ligne de d\u00e9fense des accus\u00e9s semble d\u00e9sormais claire : d\u00e9noncer une justice qu\u2019ils estiment verrouill\u00e9e et refuser toute participation \u00e0 un d\u00e9bat qu\u2019ils consid\u00e8rent in\u00e9quitable.<\/em><\/strong><\/p>\n\n\n\n<p>Selon plusieurs m\u00e9dias pr\u00e9sents \u00e0 l&rsquo;audience, la journ\u00e9e a d\u00e9but\u00e9 par un constat : l&rsquo;absence des avocats de la d\u00e9fense. Selon Olivier Boko, ses avocats avaient tent\u00e9 de le rencontrer en prison mais auraient \u00e9t\u00e9 emp\u00each\u00e9s par l\u2019administration p\u00e9nitentiaire. Oswald Homeky, pour sa part, a expliqu\u00e9 avoir contact\u00e9 des avocats qui ne se sont pas pr\u00e9sent\u00e9s ce matin-l\u00e0.<\/p>\n\n\n\n<p>Face \u00e0 cette impasse, le procureur sp\u00e9cial Mario Metonou a fermement rappel\u00e9 que l\u2019absence d\u2019avocats ne saurait bloquer la proc\u00e9dure : \u00ab Les accus\u00e9s, ayant volontairement \u00e9cart\u00e9 leurs pr\u00e9c\u00e9dents avocats, n\u2019en ont pas constitu\u00e9 de nouveaux. \u00bb Allant dans le m\u00eame sens que le parquet sp\u00e9cial, la pr\u00e9sidente de c\u00e9ans a ordonn\u00e9 la poursuite des d\u00e9bats en faisant appel aux t\u00e9moins.<\/p>\n\n\n\n<h2 id=\"faire-semblant-dy-adherer\" class=\"wp-block-heading\"><mark style=\"background-color:rgba(0, 0, 0, 0)\" class=\"has-inline-color has-red-color\">\u00ab Faire semblant d\u2019y adh\u00e9rer \u00bb<\/mark><\/h2>\n\n\n\n<p>Lors de cette quatri\u00e8me journ\u00e9e du proc\u00e8s, le t\u00e9moin cl\u00e9 de l&rsquo;affaire, le colonel Dieudonn\u00e9 T\u00e9vo\u00e9djr\u00e8, a d\u00e9voil\u00e9 les coulisses d\u2019un projet visant \u00e0 renverser le r\u00e9gime du pr\u00e9sident Patrice Talon. Selon le commandant de la Garde r\u00e9publicaine, tout a commenc\u00e9 le 30 mai 2024, lorsque l&rsquo;ex-ministre des Sports, Oswald Homeky, un ami proche du colonel, l\u2019a invit\u00e9 chez lui et a entam\u00e9 des discussions critiques sur la gouvernance du chef de l\u2019\u00c9tat. Progressivement, les \u00e9changes ont pris une tournure inqui\u00e9tante, avec des cadeaux financiers, l\u2019ouverture d\u2019un compte bancaire aliment\u00e9 par des fonds myst\u00e9rieux, et surtout des allusions explicites \u00e0 un putsch.<\/p>\n\n\n\n<p>Le 30 juillet, Homeky a \u00e9voqu\u00e9 pour la premi\u00e8re fois un coup d\u2019\u00c9tat, insistant sur la n\u00e9cessit\u00e9 de disposer de ressources financi\u00e8res cons\u00e9quentes. Une somme de 1,5 milliard de FCFA aurait alors \u00e9t\u00e9 fix\u00e9e pour recruter des hommes et garantir le succ\u00e8s de l\u2019op\u00e9ration, initialement pr\u00e9vue pour le 30 septembre, puis avanc\u00e9e au 27 septembre, une p\u00e9riode o\u00f9 le chef de l&rsquo;\u00c9tat, Patrice Talon, devait \u00eatre absent du territoire national.<\/p>\n\n\n\n<p>Selon les propos du t\u00e9moin rapport\u00e9s par des m\u00e9dias sur place, si le coup d&rsquo;\u00c9tat avait r\u00e9ussi, il aurait \u00e9t\u00e9 chef de la junte jusqu\u2019en 2026, avec Oswald Homeky comme conseiller sp\u00e9cial et l&rsquo;ex-ministre de la Justice, S\u00e9v\u00e9rin Quenum, \u00e0 la t\u00eate de la Cour constitutionnelle. M\u00eame s&rsquo;il affirme avoir agi dans l\u2019int\u00e9r\u00eat de l\u2019\u00c9tat, cherchant \u00e0 d\u00e9jouer la machination avant qu\u2019elle ne se concr\u00e9tise, il se d\u00e9fend \u00e9galement d\u2019avoir tendu un pi\u00e8ge \u00e0 son ami Homeky, affirmant avoir pris des risques pour neutraliser un plan dont il n\u2019a jamais voulu \u00eatre complice. Concernant Olivier Boko, le pr\u00e9tendu \u00ab grand fr\u00e8re \u00bb cit\u00e9 lors de l\u2019une de leurs conversations, le colonel a d\u00e9clar\u00e9 \u00e0 la barre qu&rsquo;il s&rsquo;agissait s\u00fbrement d&rsquo;un choix d\u00e9lib\u00e9r\u00e9 de la part d&rsquo;Olivier Boko de ne pas le contacter directement.<\/p>\n\n\n\n<h2 id=\"si-vous-croyez-ce-que-le-colonel-a-dit-ce-matin-condamnez-moi-la-contre-offensive-doswald-homeky\" class=\"wp-block-heading\"><mark style=\"background-color:rgba(0, 0, 0, 0)\" class=\"has-inline-color has-red-color\">\u00ab Si vous croyez ce que le colonel a dit ce matin, condamnez-moi \u00bb : la contre-offensive d\u2019Oswald Homeky<\/mark><\/h2>\n\n\n\n<p>L\u2019intervention d\u2019Oswald Homeky, de retour \u00e0 la barre apr\u00e8s les t\u00e9moignages du colonel T\u00e9vo\u00e9djr\u00e8 en fin de journ\u00e9e, semble r\u00e9sumer la strat\u00e9gie des deux principaux accus\u00e9s. L\u2019ancien ministre a d\u00e9nonc\u00e9 une proc\u00e9dure biais\u00e9e, affirmant ne pas avoir eu l\u2019opportunit\u00e9 de se d\u00e9fendre avec l\u2019assistance de ses avocats. Il rejette les accusations de complot de coup d\u2019\u00c9tat port\u00e9es contre lui, qualifiant les d\u00e9clarations du colonel T\u00e9vo\u00e9djr\u00e8 de manipulation.<\/p>\n\n\n\n<p>Homeky s\u2019est interrog\u00e9 sur la coh\u00e9rence des accusations. S\u2019il avait r\u00e9ellement planifi\u00e9 un coup d\u2019\u00c9tat, pourquoi aurait-il remis personnellement des fonds \u00e0 son ami dans un cadre aussi expos\u00e9 ? Il remet \u00e9galement en question les motivations du colonel, rappelant que ce dernier, t\u00e9moignant \u00e0 la barre, a affirm\u00e9 qu\u2019il ne l\u00e2cherait jamais le pouvoir s\u2019il lui \u00e9tait confi\u00e9.<\/p>\n\n\n\n<p>L\u2019ancien ministre soutient que l\u2019affaire est politiquement instrumentalis\u00e9e, \u00e9voquant le r\u00f4le d\u2019Olivier Boko, \u00e9galement accus\u00e9, qu\u2019il consid\u00e8re comme le mieux pr\u00e9par\u00e9 pour une \u00e9ventuelle candidature pr\u00e9sidentielle. Il rappelle que sa propre d\u00e9mission du gouvernement visait \u00e0 pr\u00e9server son honneur.<\/p>\n\n\n\n<p>Si l\u2019on doit retenir quelque chose d\u2019autre de son intervention, c\u2019est une d\u00e9claration aussi lapidaire qu\u2019\u00e9nigmatique. Selon les \u00e9l\u00e9ments rapport\u00e9s par des m\u00e9dias, l&rsquo;ex-ministre des Sports a d\u00e9clar\u00e9 : \u00ab Si vous croyez ce que le colonel a dit ce matin, condamnez-moi. Il existe un Dieu\u2026 J\u2019appartiens au syst\u00e8me, je sais, je sais, je sais. \u00bb Une phrase lourde de sens, laissant entendre qu\u2019il en sait plus qu\u2019il ne peut ou ne veut en dire. Derri\u00e8re cette d\u00e9claration, un message subtil se dessine : l\u2019ancien ministre se consid\u00e8re comme un rouage du pouvoir et insinue que le proc\u00e8s pourrait relever davantage d\u2019un r\u00e8glement de comptes politique que d\u2019une v\u00e9ritable qu\u00eate de justice.<\/p>\n\n\n\n<h2 id=\"olivier-boko-un-silence-strategique-face-a-une-justice-quil-conteste\" class=\"wp-block-heading\"><mark style=\"background-color:rgba(0, 0, 0, 0)\" class=\"has-inline-color has-red-color\">Olivier Boko, un silence strat\u00e9gique face \u00e0 une justice qu\u2019il conteste<\/mark><\/h2>\n\n\n\n<p>De son c\u00f4t\u00e9, Olivier Boko a adopt\u00e9 une posture encore plus tranch\u00e9e. D\u2019un ton ma\u00eetris\u00e9, il a refus\u00e9 de se pr\u00eater au jeu du proc\u00e8s en l\u2019absence de ses avocats. Selon les \u00e9l\u00e9ments rapport\u00e9s par plusieurs m\u00e9dias, il a d\u00e9clar\u00e9 \u00e0 la Cour : \u00ab Je suis dans l\u2019obligation de vous dire que je ne vais pas pouvoir d\u00e9poser devant vous sans mes avocats. \u00bb<\/p>\n\n\n\n<p>Par cette d\u00e9claration, il envoie un signal : celui de ne pas reconna\u00eetre la l\u00e9gitimit\u00e9 d\u2019un proc\u00e8s men\u00e9 dans ces conditions. Son silence n\u2019est pas une absence de d\u00e9fense, mais une forme de r\u00e9sistance. \u00c0 travers cette posture, l&rsquo;accus\u00e9 mise sur l\u2019argument d\u2019une proc\u00e9dure biais\u00e9e, esp\u00e9rant ainsi fragiliser la cr\u00e9dibilit\u00e9 des d\u00e9bats.<\/p>\n\n\n\n<p>Son refus de r\u00e9pondre aux accusations, malgr\u00e9 la gravit\u00e9 des t\u00e9moignages, s\u2019inscrit dans une strat\u00e9gie visant \u00e0 discr\u00e9diter l\u2019ensemble du proc\u00e8s. Pour Olivier Boko, parler sans avocats reviendrait \u00e0 valider une proc\u00e9dure qu\u2019il juge tronqu\u00e9e.<\/p>\n\n\n\n<p>Suspendu, le proc\u00e8s doit reprendre ce mercredi 29 janvier 2025.<\/p>\n","protected":false},"excerpt":{"rendered":"Justice, B\u00e9nin &#8211; Le quatri\u00e8me jour du proc\u00e8s de l\u2019affaire dite du \u00ab complot contre l\u2019autorit\u00e9 de l\u2019\u00c9tat&hellip;\n","protected":false},"author":7,"featured_media":9986,"comment_status":"open","ping_status":"open","sticky":false,"template":"elementor_theme","format":"standard","meta":{"csco_singular_sidebar":"","csco_page_header_type":"standard","csco_appearance_masonry":"","csco_page_load_nextpost":"","csco_post_video_location":[],"csco_post_video_location_hash":"","csco_post_video_url":"","csco_post_video_bg_start_time":0,"csco_post_video_bg_end_time":0,"footnotes":""},"categories":[191,239],"tags":[41,909,910,952],"class_list":{"0":"post-10066","1":"post","2":"type-post","3":"status-publish","4":"format-standard","5":"has-post-thumbnail","7":"category-en-savoir-plus-2","8":"category-levenement-2","9":"tag-benin","10":"tag-olivier-boko","11":"tag-oswald-homeky","12":"tag-tentative-de-coup-detat","13":"cs-entry","14":"cs-video-wrap"},"yoast_head":"<!-- This site is optimized with the Yoast SEO plugin v27.4 - https:\/\/yoast.com\/product\/yoast-seo-wordpress\/ -->\n<title>D\u00e9fiance et refus de plaider sans avocats au round 4 du proc\u00e8s contre l\u2019autorit\u00e9 de l\u2019\u00c9tat - LA MARINA BJ<\/title>\n<meta name=\"description\" content=\"Malgr\u00e9 des t\u00e9moignages accablants, notamment celui du colonel Djimon T\u00e9vo\u00e9djr\u00e8, la ligne de d\u00e9fense des accus\u00e9s semble d\u00e9sormais claire : d\u00e9noncer une justice qu\u2019ils estiment verrouill\u00e9e et refuser toute participation \u00e0 un d\u00e9bat qu\u2019ils consid\u00e8rent in\u00e9quitable.\" \/>\n<meta name=\"robots\" content=\"index, follow, max-snippet:-1, max-image-preview:large, max-video-preview:-1\" \/>\n<link rel=\"canonical\" href=\"https:\/\/lamarinabj.com\/index.php\/2025\/01\/29\/defiance-et-refus-de-plaider-sans-avocats-au-round-4-du-proces-contre-lautorite-de-letat\/\" \/>\n<meta property=\"og:locale\" content=\"fr_FR\" \/>\n<meta property=\"og:type\" content=\"article\" \/>\n<meta property=\"og:title\" content=\"D\u00e9fiance et refus de plaider sans avocats au round 4 du proc\u00e8s contre l\u2019autorit\u00e9 de l\u2019\u00c9tat - LA MARINA BJ\" \/>\n<meta property=\"og:description\" content=\"Malgr\u00e9 des t\u00e9moignages accablants, notamment celui du colonel Djimon T\u00e9vo\u00e9djr\u00e8, la ligne de d\u00e9fense des accus\u00e9s semble d\u00e9sormais claire : d\u00e9noncer une justice qu\u2019ils estiment verrouill\u00e9e et refuser toute participation \u00e0 un d\u00e9bat qu\u2019ils consid\u00e8rent in\u00e9quitable.\" \/>\n<meta property=\"og:url\" content=\"https:\/\/lamarinabj.com\/index.php\/2025\/01\/29\/defiance-et-refus-de-plaider-sans-avocats-au-round-4-du-proces-contre-lautorite-de-letat\/\" \/>\n<meta property=\"og:site_name\" content=\"LA MARINA BJ\" \/>\n<meta property=\"article:published_time\" content=\"2025-01-29T05:13:17+00:00\" \/>\n<meta property=\"article:modified_time\" content=\"2025-01-29T05:13:18+00:00\" \/>\n<meta property=\"og:image\" content=\"https:\/\/lamarinabj.com\/wp-content\/uploads\/2025\/01\/20250122_133221_0000.png\" \/>\n\t<meta property=\"og:image:width\" content=\"1215\" \/>\n\t<meta property=\"og:image:height\" content=\"810\" \/>\n\t<meta property=\"og:image:type\" content=\"image\/png\" \/>\n<meta name=\"author\" content=\"La Marina Bj\" \/>\n<meta name=\"twitter:card\" content=\"summary_large_image\" \/>\n<meta name=\"twitter:label1\" content=\"\u00c9crit par\" \/>\n\t<meta name=\"twitter:data1\" content=\"La Marina Bj\" \/>\n\t<meta name=\"twitter:label2\" content=\"Dur\u00e9e de lecture estim\u00e9e\" \/>\n\t<meta name=\"twitter:data2\" content=\"6 minutes\" \/>\n<script type=\"application\/ld+json\" class=\"yoast-schema-graph\">{\"@context\":\"https:\\\/\\\/schema.org\",\"@graph\":[{\"@type\":\"NewsArticle\",\"@id\":\"https:\\\/\\\/lamarinabj.com\\\/index.php\\\/2025\\\/01\\\/29\\\/defiance-et-refus-de-plaider-sans-avocats-au-round-4-du-proces-contre-lautorite-de-letat\\\/#article\",\"isPartOf\":{\"@id\":\"https:\\\/\\\/lamarinabj.com\\\/index.php\\\/2025\\\/01\\\/29\\\/defiance-et-refus-de-plaider-sans-avocats-au-round-4-du-proces-contre-lautorite-de-letat\\\/\"},\"author\":{\"name\":\"La Marina Bj\",\"@id\":\"https:\\\/\\\/lamarinabj.com\\\/#\\\/schema\\\/person\\\/89dc3df245cc348449b2502e2d5c016b\"},\"headline\":\"D\u00e9fiance et refus de plaider sans avocats au round 4 du proc\u00e8s contre l\u2019autorit\u00e9 de l\u2019\u00c9tat\",\"datePublished\":\"2025-01-29T05:13:17+00:00\",\"dateModified\":\"2025-01-29T05:13:18+00:00\",\"mainEntityOfPage\":{\"@id\":\"https:\\\/\\\/lamarinabj.com\\\/index.php\\\/2025\\\/01\\\/29\\\/defiance-et-refus-de-plaider-sans-avocats-au-round-4-du-proces-contre-lautorite-de-letat\\\/\"},\"wordCount\":1218,\"commentCount\":0,\"image\":{\"@id\":\"https:\\\/\\\/lamarinabj.com\\\/index.php\\\/2025\\\/01\\\/29\\\/defiance-et-refus-de-plaider-sans-avocats-au-round-4-du-proces-contre-lautorite-de-letat\\\/#primaryimage\"},\"thumbnailUrl\":\"https:\\\/\\\/lamarinabj.com\\\/wp-content\\\/uploads\\\/2025\\\/01\\\/20250122_133221_0000.png\",\"keywords\":[\"B\u00e9nin\",\"Olivier Boko\",\"Oswald Homeky\",\"Tentative de coup d'\u00c9tat\"],\"articleSection\":[\"EN SAVOIR PLUS\",\"L'\u00c9V\u00c9NEMENT\"],\"inLanguage\":\"fr-FR\",\"potentialAction\":[{\"@type\":\"CommentAction\",\"name\":\"Comment\",\"target\":[\"https:\\\/\\\/lamarinabj.com\\\/index.php\\\/2025\\\/01\\\/29\\\/defiance-et-refus-de-plaider-sans-avocats-au-round-4-du-proces-contre-lautorite-de-letat\\\/#respond\"]}]},{\"@type\":[\"WebPage\",\"SearchResultsPage\"],\"@id\":\"https:\\\/\\\/lamarinabj.com\\\/index.php\\\/2025\\\/01\\\/29\\\/defiance-et-refus-de-plaider-sans-avocats-au-round-4-du-proces-contre-lautorite-de-letat\\\/\",\"url\":\"https:\\\/\\\/lamarinabj.com\\\/index.php\\\/2025\\\/01\\\/29\\\/defiance-et-refus-de-plaider-sans-avocats-au-round-4-du-proces-contre-lautorite-de-letat\\\/\",\"name\":\"D\u00e9fiance et refus de plaider sans avocats au round 4 du proc\u00e8s contre l\u2019autorit\u00e9 de l\u2019\u00c9tat - LA MARINA BJ\",\"isPartOf\":{\"@id\":\"https:\\\/\\\/lamarinabj.com\\\/#website\"},\"primaryImageOfPage\":{\"@id\":\"https:\\\/\\\/lamarinabj.com\\\/index.php\\\/2025\\\/01\\\/29\\\/defiance-et-refus-de-plaider-sans-avocats-au-round-4-du-proces-contre-lautorite-de-letat\\\/#primaryimage\"},\"image\":{\"@id\":\"https:\\\/\\\/lamarinabj.com\\\/index.php\\\/2025\\\/01\\\/29\\\/defiance-et-refus-de-plaider-sans-avocats-au-round-4-du-proces-contre-lautorite-de-letat\\\/#primaryimage\"},\"thumbnailUrl\":\"https:\\\/\\\/lamarinabj.com\\\/wp-content\\\/uploads\\\/2025\\\/01\\\/20250122_133221_0000.png\",\"datePublished\":\"2025-01-29T05:13:17+00:00\",\"dateModified\":\"2025-01-29T05:13:18+00:00\",\"author\":{\"@id\":\"https:\\\/\\\/lamarinabj.com\\\/#\\\/schema\\\/person\\\/89dc3df245cc348449b2502e2d5c016b\"},\"description\":\"Malgr\u00e9 des t\u00e9moignages accablants, notamment celui du colonel Djimon T\u00e9vo\u00e9djr\u00e8, la ligne de d\u00e9fense des accus\u00e9s semble d\u00e9sormais claire : d\u00e9noncer une justice qu\u2019ils estiment verrouill\u00e9e et refuser toute participation \u00e0 un d\u00e9bat qu\u2019ils consid\u00e8rent in\u00e9quitable.\",\"breadcrumb\":{\"@id\":\"https:\\\/\\\/lamarinabj.com\\\/index.php\\\/2025\\\/01\\\/29\\\/defiance-et-refus-de-plaider-sans-avocats-au-round-4-du-proces-contre-lautorite-de-letat\\\/#breadcrumb\"},\"inLanguage\":\"fr-FR\",\"potentialAction\":[{\"@type\":\"ReadAction\",\"target\":[\"https:\\\/\\\/lamarinabj.com\\\/index.php\\\/2025\\\/01\\\/29\\\/defiance-et-refus-de-plaider-sans-avocats-au-round-4-du-proces-contre-lautorite-de-letat\\\/\"]}]},{\"@type\":\"ImageObject\",\"inLanguage\":\"fr-FR\",\"@id\":\"https:\\\/\\\/lamarinabj.com\\\/index.php\\\/2025\\\/01\\\/29\\\/defiance-et-refus-de-plaider-sans-avocats-au-round-4-du-proces-contre-lautorite-de-letat\\\/#primaryimage\",\"url\":\"https:\\\/\\\/lamarinabj.com\\\/wp-content\\\/uploads\\\/2025\\\/01\\\/20250122_133221_0000.png\",\"contentUrl\":\"https:\\\/\\\/lamarinabj.com\\\/wp-content\\\/uploads\\\/2025\\\/01\\\/20250122_133221_0000.png\",\"width\":1215,\"height\":810},{\"@type\":\"BreadcrumbList\",\"@id\":\"https:\\\/\\\/lamarinabj.com\\\/index.php\\\/2025\\\/01\\\/29\\\/defiance-et-refus-de-plaider-sans-avocats-au-round-4-du-proces-contre-lautorite-de-letat\\\/#breadcrumb\",\"itemListElement\":[{\"@type\":\"ListItem\",\"position\":1,\"name\":\"Accueil\",\"item\":\"https:\\\/\\\/lamarinabj.com\\\/\"},{\"@type\":\"ListItem\",\"position\":2,\"name\":\"D\u00e9fiance et refus de plaider sans avocats au round 4 du proc\u00e8s contre l\u2019autorit\u00e9 de l\u2019\u00c9tat\"}]},{\"@type\":\"WebSite\",\"@id\":\"https:\\\/\\\/lamarinabj.com\\\/#website\",\"url\":\"https:\\\/\\\/lamarinabj.com\\\/\",\"name\":\"LA MARINA BJ\",\"description\":\"Votre portail vers l&#039;information strat\u00e9gique au B\u00e9nin, en Afrique et au-del\u00e0\",\"potentialAction\":[{\"@type\":\"SearchAction\",\"target\":{\"@type\":\"EntryPoint\",\"urlTemplate\":\"https:\\\/\\\/lamarinabj.com\\\/?s={search_term_string}\"},\"query-input\":{\"@type\":\"PropertyValueSpecification\",\"valueRequired\":true,\"valueName\":\"search_term_string\"}}],\"inLanguage\":\"fr-FR\"},{\"@type\":\"Person\",\"@id\":\"https:\\\/\\\/lamarinabj.com\\\/#\\\/schema\\\/person\\\/89dc3df245cc348449b2502e2d5c016b\",\"name\":\"La Marina Bj\",\"image\":{\"@type\":\"ImageObject\",\"inLanguage\":\"fr-FR\",\"@id\":\"https:\\\/\\\/secure.gravatar.com\\\/avatar\\\/6ef884b7fb1dab6e8672f19e68299568fe069dc761d88506e39bee8464c70e4a?s=96&d=mm&r=g\",\"url\":\"https:\\\/\\\/secure.gravatar.com\\\/avatar\\\/6ef884b7fb1dab6e8672f19e68299568fe069dc761d88506e39bee8464c70e4a?s=96&d=mm&r=g\",\"contentUrl\":\"https:\\\/\\\/secure.gravatar.com\\\/avatar\\\/6ef884b7fb1dab6e8672f19e68299568fe069dc761d88506e39bee8464c70e4a?s=96&d=mm&r=g\",\"caption\":\"La Marina Bj\"},\"url\":\"https:\\\/\\\/lamarinabj.com\\\/index.php\\\/author\\\/la-marina-bj\\\/\"}]}<\/script>\n<!-- \/ Yoast SEO plugin. -->","yoast_head_json":{"title":"D\u00e9fiance et refus de plaider sans avocats au round 4 du proc\u00e8s contre l\u2019autorit\u00e9 de l\u2019\u00c9tat - LA MARINA BJ","description":"Malgr\u00e9 des t\u00e9moignages accablants, notamment celui du colonel Djimon T\u00e9vo\u00e9djr\u00e8, la ligne de d\u00e9fense des accus\u00e9s semble d\u00e9sormais claire : d\u00e9noncer une justice qu\u2019ils estiment verrouill\u00e9e et refuser toute participation \u00e0 un d\u00e9bat qu\u2019ils consid\u00e8rent in\u00e9quitable.","robots":{"index":"index","follow":"follow","max-snippet":"max-snippet:-1","max-image-preview":"max-image-preview:large","max-video-preview":"max-video-preview:-1"},"canonical":"https:\/\/lamarinabj.com\/index.php\/2025\/01\/29\/defiance-et-refus-de-plaider-sans-avocats-au-round-4-du-proces-contre-lautorite-de-letat\/","og_locale":"fr_FR","og_type":"article","og_title":"D\u00e9fiance et refus de plaider sans avocats au round 4 du proc\u00e8s contre l\u2019autorit\u00e9 de l\u2019\u00c9tat - LA MARINA BJ","og_description":"Malgr\u00e9 des t\u00e9moignages accablants, notamment celui du colonel Djimon T\u00e9vo\u00e9djr\u00e8, la ligne de d\u00e9fense des accus\u00e9s semble d\u00e9sormais claire : d\u00e9noncer une justice qu\u2019ils estiment verrouill\u00e9e et refuser toute participation \u00e0 un d\u00e9bat qu\u2019ils consid\u00e8rent in\u00e9quitable.","og_url":"https:\/\/lamarinabj.com\/index.php\/2025\/01\/29\/defiance-et-refus-de-plaider-sans-avocats-au-round-4-du-proces-contre-lautorite-de-letat\/","og_site_name":"LA MARINA BJ","article_published_time":"2025-01-29T05:13:17+00:00","article_modified_time":"2025-01-29T05:13:18+00:00","og_image":[{"width":1215,"height":810,"url":"https:\/\/lamarinabj.com\/wp-content\/uploads\/2025\/01\/20250122_133221_0000.png","type":"image\/png"}],"author":"La Marina Bj","twitter_card":"summary_large_image","twitter_misc":{"\u00c9crit par":"La Marina Bj","Dur\u00e9e de lecture estim\u00e9e":"6 minutes"},"schema":{"@context":"https:\/\/schema.org","@graph":[{"@type":"NewsArticle","@id":"https:\/\/lamarinabj.com\/index.php\/2025\/01\/29\/defiance-et-refus-de-plaider-sans-avocats-au-round-4-du-proces-contre-lautorite-de-letat\/#article","isPartOf":{"@id":"https:\/\/lamarinabj.com\/index.php\/2025\/01\/29\/defiance-et-refus-de-plaider-sans-avocats-au-round-4-du-proces-contre-lautorite-de-letat\/"},"author":{"name":"La Marina Bj","@id":"https:\/\/lamarinabj.com\/#\/schema\/person\/89dc3df245cc348449b2502e2d5c016b"},"headline":"D\u00e9fiance et refus de plaider sans avocats au round 4 du proc\u00e8s contre l\u2019autorit\u00e9 de l\u2019\u00c9tat","datePublished":"2025-01-29T05:13:17+00:00","dateModified":"2025-01-29T05:13:18+00:00","mainEntityOfPage":{"@id":"https:\/\/lamarinabj.com\/index.php\/2025\/01\/29\/defiance-et-refus-de-plaider-sans-avocats-au-round-4-du-proces-contre-lautorite-de-letat\/"},"wordCount":1218,"commentCount":0,"image":{"@id":"https:\/\/lamarinabj.com\/index.php\/2025\/01\/29\/defiance-et-refus-de-plaider-sans-avocats-au-round-4-du-proces-contre-lautorite-de-letat\/#primaryimage"},"thumbnailUrl":"https:\/\/lamarinabj.com\/wp-content\/uploads\/2025\/01\/20250122_133221_0000.png","keywords":["B\u00e9nin","Olivier Boko","Oswald Homeky","Tentative de coup d'\u00c9tat"],"articleSection":["EN SAVOIR PLUS","L'\u00c9V\u00c9NEMENT"],"inLanguage":"fr-FR","potentialAction":[{"@type":"CommentAction","name":"Comment","target":["https:\/\/lamarinabj.com\/index.php\/2025\/01\/29\/defiance-et-refus-de-plaider-sans-avocats-au-round-4-du-proces-contre-lautorite-de-letat\/#respond"]}]},{"@type":["WebPage","SearchResultsPage"],"@id":"https:\/\/lamarinabj.com\/index.php\/2025\/01\/29\/defiance-et-refus-de-plaider-sans-avocats-au-round-4-du-proces-contre-lautorite-de-letat\/","url":"https:\/\/lamarinabj.com\/index.php\/2025\/01\/29\/defiance-et-refus-de-plaider-sans-avocats-au-round-4-du-proces-contre-lautorite-de-letat\/","name":"D\u00e9fiance et refus de plaider sans avocats au round 4 du proc\u00e8s contre l\u2019autorit\u00e9 de l\u2019\u00c9tat - LA MARINA BJ","isPartOf":{"@id":"https:\/\/lamarinabj.com\/#website"},"primaryImageOfPage":{"@id":"https:\/\/lamarinabj.com\/index.php\/2025\/01\/29\/defiance-et-refus-de-plaider-sans-avocats-au-round-4-du-proces-contre-lautorite-de-letat\/#primaryimage"},"image":{"@id":"https:\/\/lamarinabj.com\/index.php\/2025\/01\/29\/defiance-et-refus-de-plaider-sans-avocats-au-round-4-du-proces-contre-lautorite-de-letat\/#primaryimage"},"thumbnailUrl":"https:\/\/lamarinabj.com\/wp-content\/uploads\/2025\/01\/20250122_133221_0000.png","datePublished":"2025-01-29T05:13:17+00:00","dateModified":"2025-01-29T05:13:18+00:00","author":{"@id":"https:\/\/lamarinabj.com\/#\/schema\/person\/89dc3df245cc348449b2502e2d5c016b"},"description":"Malgr\u00e9 des t\u00e9moignages accablants, notamment celui du colonel Djimon T\u00e9vo\u00e9djr\u00e8, la ligne de d\u00e9fense des accus\u00e9s semble d\u00e9sormais claire : d\u00e9noncer une justice qu\u2019ils estiment verrouill\u00e9e et refuser toute participation \u00e0 un d\u00e9bat qu\u2019ils consid\u00e8rent in\u00e9quitable.","breadcrumb":{"@id":"https:\/\/lamarinabj.com\/index.php\/2025\/01\/29\/defiance-et-refus-de-plaider-sans-avocats-au-round-4-du-proces-contre-lautorite-de-letat\/#breadcrumb"},"inLanguage":"fr-FR","potentialAction":[{"@type":"ReadAction","target":["https:\/\/lamarinabj.com\/index.php\/2025\/01\/29\/defiance-et-refus-de-plaider-sans-avocats-au-round-4-du-proces-contre-lautorite-de-letat\/"]}]},{"@type":"ImageObject","inLanguage":"fr-FR","@id":"https:\/\/lamarinabj.com\/index.php\/2025\/01\/29\/defiance-et-refus-de-plaider-sans-avocats-au-round-4-du-proces-contre-lautorite-de-letat\/#primaryimage","url":"https:\/\/lamarinabj.com\/wp-content\/uploads\/2025\/01\/20250122_133221_0000.png","contentUrl":"https:\/\/lamarinabj.com\/wp-content\/uploads\/2025\/01\/20250122_133221_0000.png","width":1215,"height":810},{"@type":"BreadcrumbList","@id":"https:\/\/lamarinabj.com\/index.php\/2025\/01\/29\/defiance-et-refus-de-plaider-sans-avocats-au-round-4-du-proces-contre-lautorite-de-letat\/#breadcrumb","itemListElement":[{"@type":"ListItem","position":1,"name":"Accueil","item":"https:\/\/lamarinabj.com\/"},{"@type":"ListItem","position":2,"name":"D\u00e9fiance et refus de plaider sans avocats au round 4 du proc\u00e8s contre l\u2019autorit\u00e9 de l\u2019\u00c9tat"}]},{"@type":"WebSite","@id":"https:\/\/lamarinabj.com\/#website","url":"https:\/\/lamarinabj.com\/","name":"LA MARINA BJ","description":"Votre portail vers l&#039;information strat\u00e9gique au B\u00e9nin, en Afrique et au-del\u00e0","potentialAction":[{"@type":"SearchAction","target":{"@type":"EntryPoint","urlTemplate":"https:\/\/lamarinabj.com\/?s={search_term_string}"},"query-input":{"@type":"PropertyValueSpecification","valueRequired":true,"valueName":"search_term_string"}}],"inLanguage":"fr-FR"},{"@type":"Person","@id":"https:\/\/lamarinabj.com\/#\/schema\/person\/89dc3df245cc348449b2502e2d5c016b","name":"La Marina Bj","image":{"@type":"ImageObject","inLanguage":"fr-FR","@id":"https:\/\/secure.gravatar.com\/avatar\/6ef884b7fb1dab6e8672f19e68299568fe069dc761d88506e39bee8464c70e4a?s=96&d=mm&r=g","url":"https:\/\/secure.gravatar.com\/avatar\/6ef884b7fb1dab6e8672f19e68299568fe069dc761d88506e39bee8464c70e4a?s=96&d=mm&r=g","contentUrl":"https:\/\/secure.gravatar.com\/avatar\/6ef884b7fb1dab6e8672f19e68299568fe069dc761d88506e39bee8464c70e4a?s=96&d=mm&r=g","caption":"La Marina Bj"},"url":"https:\/\/lamarinabj.com\/index.php\/author\/la-marina-bj\/"}]}},"_links":{"self":[{"href":"https:\/\/lamarinabj.com\/index.php\/wp-json\/wp\/v2\/posts\/10066","targetHints":{"allow":["GET"]}}],"collection":[{"href":"https:\/\/lamarinabj.com\/index.php\/wp-json\/wp\/v2\/posts"}],"about":[{"href":"https:\/\/lamarinabj.com\/index.php\/wp-json\/wp\/v2\/types\/post"}],"author":[{"embeddable":true,"href":"https:\/\/lamarinabj.com\/index.php\/wp-json\/wp\/v2\/users\/7"}],"replies":[{"embeddable":true,"href":"https:\/\/lamarinabj.com\/index.php\/wp-json\/wp\/v2\/comments?post=10066"}],"version-history":[{"count":1,"href":"https:\/\/lamarinabj.com\/index.php\/wp-json\/wp\/v2\/posts\/10066\/revisions"}],"predecessor-version":[{"id":10067,"href":"https:\/\/lamarinabj.com\/index.php\/wp-json\/wp\/v2\/posts\/10066\/revisions\/10067"}],"wp:featuredmedia":[{"embeddable":true,"href":"https:\/\/lamarinabj.com\/index.php\/wp-json\/wp\/v2\/media\/9986"}],"wp:attachment":[{"href":"https:\/\/lamarinabj.com\/index.php\/wp-json\/wp\/v2\/media?parent=10066"}],"wp:term":[{"taxonomy":"category","embeddable":true,"href":"https:\/\/lamarinabj.com\/index.php\/wp-json\/wp\/v2\/categories?post=10066"},{"taxonomy":"post_tag","embeddable":true,"href":"https:\/\/lamarinabj.com\/index.php\/wp-json\/wp\/v2\/tags?post=10066"}],"curies":[{"name":"wp","href":"https:\/\/api.w.org\/{rel}","templated":true}]}}