{"id":10118,"date":"2025-01-31T13:07:27","date_gmt":"2025-01-31T12:07:27","guid":{"rendered":"https:\/\/lamarinabj.com\/?p=10118"},"modified":"2025-01-31T13:12:23","modified_gmt":"2025-01-31T12:12:23","slug":"presidence-de-la-bad-le-ministre-beninois-romuald-wadagni-renonce-a-sa-candidature","status":"publish","type":"post","link":"https:\/\/lamarinabj.com\/index.php\/2025\/01\/31\/presidence-de-la-bad-le-ministre-beninois-romuald-wadagni-renonce-a-sa-candidature\/","title":{"rendered":"Pr\u00e9sidence de la BAD : Le ministre b\u00e9ninois Romuald Wadagni renonce \u00e0 sa candidature"},"content":{"rendered":"\n<p><strong><mark style=\"background-color:rgba(0, 0, 0, 0)\" class=\"has-inline-color has-red-color\">Ambitions, B\u00e9nin<\/mark><\/strong> &#8211; <strong><em>Selon Jeune Afrique, Romuald Wadagni, ministre d\u2019\u00c9tat en charge de l\u2019\u00c9conomie et des Finances du B\u00e9nin, ne sera finalement pas candidat \u00e0 la pr\u00e9sidence de la Banque africaine de d\u00e9veloppement (BAD). Alors que la p\u00e9riode de d\u00e9p\u00f4t des candidatures expire ce vendredi 31 janvier 2025 \u00e0 17 h (heure d\u2019Abidjan), le ministre b\u00e9ninois a choisi de ne pas soumettre sa candidature, cl\u00f4turant ainsi une ambition qu\u2019il avait pourtant affich\u00e9e il y a quelques mois.<\/em><\/strong><\/p>\n\n\n\n<h2 id=\"une-ambition-affichee-mais-une-candidature-finalement-ecartee\" class=\"wp-block-heading\"><mark style=\"background-color:rgba(0, 0, 0, 0)\" class=\"has-inline-color has-red-color\">Une ambition affich\u00e9e, mais une candidature finalement \u00e9cart\u00e9e<\/mark><\/h2>\n\n\n\n<p>Dans une confidence accord\u00e9e le 19 juillet 2024 au m\u00e9dia panafricain Jeune Afrique, Romuald Wadagni justifiait initialement son int\u00e9r\u00eat pour la BAD en mettant en avant ses r\u00e9alisations \u00e0 la t\u00eate du minist\u00e8re des Finances. Selon lui, son bilan au minist\u00e8re des Finances du B\u00e9nin cr\u00e9dibilisait sa candidature \u00e0 la pr\u00e9sidence de la BAD.<\/p>\n\n\n\n<p>Malgr\u00e9 cette ambition affich\u00e9e et le fait que, ces derniers mois, son \u00e9ventuelle candidature ait fait l\u2019objet de nombreuses discussions dans les cercles diplomatiques et financiers, le ministre b\u00e9ninois a finalement d\u00e9cid\u00e9 de ne pas briguer la succession de l\u2019actuel pr\u00e9sident de la BAD, le Nig\u00e9rian Akinwumi Adesina.<\/p>\n\n\n\n<h2 id=\"une-nouvelle-donne-dans-la-course-a-la-presidence-de-la-bad\" class=\"wp-block-heading\"><mark style=\"background-color:rgba(0, 0, 0, 0)\" class=\"has-inline-color has-red-color\">Une nouvelle donne dans la course \u00e0 la pr\u00e9sidence de la BAD<\/mark><\/h2>\n\n\n\n<p>Le retrait de Romuald Wadagni red\u00e9finit l\u2019\u00e9quilibre des forces dans cette \u00e9lection strat\u00e9gique. Le 29 janvier 2025, la Mauritanie a officiellement d\u00e9pos\u00e9 la candidature du Dr Sidi Ould Tah, ancien ministre et actuel directeur g\u00e9n\u00e9ral de la Banque arabe pour le d\u00e9veloppement \u00e9conomique en Afrique (BADEA). Cette candidature b\u00e9n\u00e9ficie d\u2019un soutien politique de poids, notamment celui du pr\u00e9sident mauritanien Mohamed Ould Cheikh El Ghazouani. Selon des indiscr\u00e9tions, le pr\u00e9sident ivoirien Alassane Ouattara ainsi que plusieurs actionnaires influents de la BAD soutiendraient \u00e9galement cette candidature, ce qui pourrait peser lourd dans les \u00e9quilibres du scrutin.<\/p>\n\n\n\n<p>L\u2019\u00e9lection du futur pr\u00e9sident de la BAD se tiendra \u00e0 Abidjan du 27 au 29 mai 2025, lors de l\u2019Assembl\u00e9e g\u00e9n\u00e9rale annuelle et du Conseil des gouverneurs du Groupe de la Banque africaine de d\u00e9veloppement.<\/p>\n\n\n\n<h2 id=\"un-retrait-strategique-de-romuald-wadagni\" class=\"wp-block-heading\"><mark style=\"background-color:rgba(0, 0, 0, 0)\" class=\"has-inline-color has-red-color\">Un retrait strat\u00e9gique de Romuald Wadagni ?<\/mark><\/h2>\n\n\n\n<p>Au-del\u00e0 de son impact sur la pr\u00e9sidence de la BAD, le choix de Romuald Wadagni de ne pas se porter candidat soul\u00e8ve \u00e9galement des questions sur son avenir politique au B\u00e9nin. Alors que le pays se pr\u00e9pare pour les \u00e9lections g\u00e9n\u00e9rales de 2026, son retrait de la course \u00e0 la BAD pourrait-il \u00eatre le signe d\u2019une r\u00e9orientation de ses ambitions politiques ?<\/p>\n\n\n\n<p>Si cette d\u00e9cision est avant tout li\u00e9e \u00e0 la dynamique internationale autour de la BAD, elle pourrait \u00e9galement avoir des implications sur les rapports de force internes au B\u00e9nin, \u00e0 l\u2019approche d\u2019un scrutin majeur pour le pays. Une question qui reste ouverte et qui ne devrait pas manquer d\u2019alimenter les sp\u00e9culations dans les jours \u00e0 venir.<\/p>\n","protected":false},"excerpt":{"rendered":"Ambitions, B\u00e9nin &#8211; Selon Jeune Afrique, Romuald Wadagni, ministre d\u2019\u00c9tat en charge de l\u2019\u00c9conomie et des Finances du&hellip;\n","protected":false},"author":3,"featured_media":10119,"comment_status":"open","ping_status":"open","sticky":false,"template":"elementor_theme","format":"standard","meta":{"csco_singular_sidebar":"","csco_page_header_type":"standard","csco_appearance_masonry":"","csco_page_load_nextpost":"","csco_post_video_location":[],"csco_post_video_location_hash":"","csco_post_video_url":"","csco_post_video_bg_start_time":0,"csco_post_video_bg_end_time":0,"footnotes":""},"categories":[191,239],"tags":[363,41,511],"class_list":{"0":"post-10118","1":"post","2":"type-post","3":"status-publish","4":"format-standard","5":"has-post-thumbnail","7":"category-en-savoir-plus-2","8":"category-levenement-2","9":"tag-bad","10":"tag-benin","11":"tag-romuald-wadagni","12":"cs-entry","13":"cs-video-wrap"},"yoast_head":"<!-- This site is optimized with the Yoast SEO plugin v27.4 - https:\/\/yoast.com\/product\/yoast-seo-wordpress\/ -->\n<title>Pr\u00e9sidence de la BAD : Le ministre b\u00e9ninois Romuald Wadagni renonce \u00e0 sa candidature - LA MARINA BJ<\/title>\n<meta name=\"description\" content=\"Malgr\u00e9 cette ambition affich\u00e9e et le fait que, ces derniers mois, son \u00e9ventuelle candidature ait fait l\u2019objet de nombreuses discussions dans les cercles diplomatiques et financiers, le ministre b\u00e9ninois a finalement d\u00e9cid\u00e9 de ne pas briguer la succession de l\u2019actuel pr\u00e9sident de la BAD, le Nig\u00e9rian Akinwumi Adesina.\" \/>\n<meta name=\"robots\" content=\"index, follow, max-snippet:-1, max-image-preview:large, max-video-preview:-1\" \/>\n<link rel=\"canonical\" href=\"https:\/\/lamarinabj.com\/index.php\/2025\/01\/31\/presidence-de-la-bad-le-ministre-beninois-romuald-wadagni-renonce-a-sa-candidature\/\" \/>\n<meta property=\"og:locale\" content=\"fr_FR\" \/>\n<meta property=\"og:type\" content=\"article\" \/>\n<meta property=\"og:title\" content=\"Pr\u00e9sidence de la BAD : Le ministre b\u00e9ninois Romuald Wadagni renonce \u00e0 sa candidature - LA MARINA BJ\" \/>\n<meta property=\"og:description\" content=\"Malgr\u00e9 cette ambition affich\u00e9e et le fait que, ces derniers mois, son \u00e9ventuelle candidature ait fait l\u2019objet de nombreuses discussions dans les cercles diplomatiques et financiers, le ministre b\u00e9ninois a finalement d\u00e9cid\u00e9 de ne pas briguer la succession de l\u2019actuel pr\u00e9sident de la BAD, le Nig\u00e9rian Akinwumi Adesina.\" \/>\n<meta property=\"og:url\" content=\"https:\/\/lamarinabj.com\/index.php\/2025\/01\/31\/presidence-de-la-bad-le-ministre-beninois-romuald-wadagni-renonce-a-sa-candidature\/\" \/>\n<meta property=\"og:site_name\" content=\"LA MARINA BJ\" \/>\n<meta property=\"article:published_time\" content=\"2025-01-31T12:07:27+00:00\" \/>\n<meta property=\"article:modified_time\" content=\"2025-01-31T12:12:23+00:00\" \/>\n<meta property=\"og:image\" content=\"https:\/\/lamarinabj.com\/wp-content\/uploads\/2025\/01\/20250131_130636_0000.jpg\" \/>\n\t<meta property=\"og:image:width\" content=\"800\" \/>\n\t<meta property=\"og:image:height\" content=\"533\" \/>\n\t<meta property=\"og:image:type\" content=\"image\/jpeg\" \/>\n<meta name=\"author\" content=\"La Marina BJ - Team Veille &amp; Projets publics\" \/>\n<meta name=\"twitter:card\" content=\"summary_large_image\" \/>\n<meta name=\"twitter:label1\" content=\"\u00c9crit par\" \/>\n\t<meta name=\"twitter:data1\" content=\"La Marina BJ - Team Veille &amp; Projets publics\" \/>\n\t<meta name=\"twitter:label2\" content=\"Dur\u00e9e de lecture estim\u00e9e\" \/>\n\t<meta name=\"twitter:data2\" content=\"3 minutes\" \/>\n<script type=\"application\/ld+json\" class=\"yoast-schema-graph\">{\"@context\":\"https:\\\/\\\/schema.org\",\"@graph\":[{\"@type\":\"NewsArticle\",\"@id\":\"https:\\\/\\\/lamarinabj.com\\\/index.php\\\/2025\\\/01\\\/31\\\/presidence-de-la-bad-le-ministre-beninois-romuald-wadagni-renonce-a-sa-candidature\\\/#article\",\"isPartOf\":{\"@id\":\"https:\\\/\\\/lamarinabj.com\\\/index.php\\\/2025\\\/01\\\/31\\\/presidence-de-la-bad-le-ministre-beninois-romuald-wadagni-renonce-a-sa-candidature\\\/\"},\"author\":{\"name\":\"La Marina BJ - Team Veille &amp; Projets publics\",\"@id\":\"https:\\\/\\\/lamarinabj.com\\\/#\\\/schema\\\/person\\\/70c372a4c3c86bd4844a0382357a0f2d\"},\"headline\":\"Pr\u00e9sidence de la BAD : Le ministre b\u00e9ninois Romuald Wadagni renonce \u00e0 sa candidature\",\"datePublished\":\"2025-01-31T12:07:27+00:00\",\"dateModified\":\"2025-01-31T12:12:23+00:00\",\"mainEntityOfPage\":{\"@id\":\"https:\\\/\\\/lamarinabj.com\\\/index.php\\\/2025\\\/01\\\/31\\\/presidence-de-la-bad-le-ministre-beninois-romuald-wadagni-renonce-a-sa-candidature\\\/\"},\"wordCount\":515,\"commentCount\":0,\"image\":{\"@id\":\"https:\\\/\\\/lamarinabj.com\\\/index.php\\\/2025\\\/01\\\/31\\\/presidence-de-la-bad-le-ministre-beninois-romuald-wadagni-renonce-a-sa-candidature\\\/#primaryimage\"},\"thumbnailUrl\":\"https:\\\/\\\/lamarinabj.com\\\/wp-content\\\/uploads\\\/2025\\\/01\\\/20250131_130636_0000.jpg\",\"keywords\":[\"BAD\",\"B\u00e9nin\",\"Romuald wadagni\"],\"articleSection\":[\"EN SAVOIR PLUS\",\"L'\u00c9V\u00c9NEMENT\"],\"inLanguage\":\"fr-FR\",\"potentialAction\":[{\"@type\":\"CommentAction\",\"name\":\"Comment\",\"target\":[\"https:\\\/\\\/lamarinabj.com\\\/index.php\\\/2025\\\/01\\\/31\\\/presidence-de-la-bad-le-ministre-beninois-romuald-wadagni-renonce-a-sa-candidature\\\/#respond\"]}]},{\"@type\":[\"WebPage\",\"SearchResultsPage\"],\"@id\":\"https:\\\/\\\/lamarinabj.com\\\/index.php\\\/2025\\\/01\\\/31\\\/presidence-de-la-bad-le-ministre-beninois-romuald-wadagni-renonce-a-sa-candidature\\\/\",\"url\":\"https:\\\/\\\/lamarinabj.com\\\/index.php\\\/2025\\\/01\\\/31\\\/presidence-de-la-bad-le-ministre-beninois-romuald-wadagni-renonce-a-sa-candidature\\\/\",\"name\":\"Pr\u00e9sidence de la BAD : Le ministre b\u00e9ninois Romuald Wadagni renonce \u00e0 sa candidature - LA MARINA BJ\",\"isPartOf\":{\"@id\":\"https:\\\/\\\/lamarinabj.com\\\/#website\"},\"primaryImageOfPage\":{\"@id\":\"https:\\\/\\\/lamarinabj.com\\\/index.php\\\/2025\\\/01\\\/31\\\/presidence-de-la-bad-le-ministre-beninois-romuald-wadagni-renonce-a-sa-candidature\\\/#primaryimage\"},\"image\":{\"@id\":\"https:\\\/\\\/lamarinabj.com\\\/index.php\\\/2025\\\/01\\\/31\\\/presidence-de-la-bad-le-ministre-beninois-romuald-wadagni-renonce-a-sa-candidature\\\/#primaryimage\"},\"thumbnailUrl\":\"https:\\\/\\\/lamarinabj.com\\\/wp-content\\\/uploads\\\/2025\\\/01\\\/20250131_130636_0000.jpg\",\"datePublished\":\"2025-01-31T12:07:27+00:00\",\"dateModified\":\"2025-01-31T12:12:23+00:00\",\"author\":{\"@id\":\"https:\\\/\\\/lamarinabj.com\\\/#\\\/schema\\\/person\\\/70c372a4c3c86bd4844a0382357a0f2d\"},\"description\":\"Malgr\u00e9 cette ambition affich\u00e9e et le fait que, ces derniers mois, son \u00e9ventuelle candidature ait fait l\u2019objet de nombreuses discussions dans les cercles diplomatiques et financiers, le ministre b\u00e9ninois a finalement d\u00e9cid\u00e9 de ne pas briguer la succession de l\u2019actuel pr\u00e9sident de la BAD, le Nig\u00e9rian Akinwumi Adesina.\",\"breadcrumb\":{\"@id\":\"https:\\\/\\\/lamarinabj.com\\\/index.php\\\/2025\\\/01\\\/31\\\/presidence-de-la-bad-le-ministre-beninois-romuald-wadagni-renonce-a-sa-candidature\\\/#breadcrumb\"},\"inLanguage\":\"fr-FR\",\"potentialAction\":[{\"@type\":\"ReadAction\",\"target\":[\"https:\\\/\\\/lamarinabj.com\\\/index.php\\\/2025\\\/01\\\/31\\\/presidence-de-la-bad-le-ministre-beninois-romuald-wadagni-renonce-a-sa-candidature\\\/\"]}]},{\"@type\":\"ImageObject\",\"inLanguage\":\"fr-FR\",\"@id\":\"https:\\\/\\\/lamarinabj.com\\\/index.php\\\/2025\\\/01\\\/31\\\/presidence-de-la-bad-le-ministre-beninois-romuald-wadagni-renonce-a-sa-candidature\\\/#primaryimage\",\"url\":\"https:\\\/\\\/lamarinabj.com\\\/wp-content\\\/uploads\\\/2025\\\/01\\\/20250131_130636_0000.jpg\",\"contentUrl\":\"https:\\\/\\\/lamarinabj.com\\\/wp-content\\\/uploads\\\/2025\\\/01\\\/20250131_130636_0000.jpg\",\"width\":800,\"height\":533},{\"@type\":\"BreadcrumbList\",\"@id\":\"https:\\\/\\\/lamarinabj.com\\\/index.php\\\/2025\\\/01\\\/31\\\/presidence-de-la-bad-le-ministre-beninois-romuald-wadagni-renonce-a-sa-candidature\\\/#breadcrumb\",\"itemListElement\":[{\"@type\":\"ListItem\",\"position\":1,\"name\":\"Accueil\",\"item\":\"https:\\\/\\\/lamarinabj.com\\\/\"},{\"@type\":\"ListItem\",\"position\":2,\"name\":\"Pr\u00e9sidence de la BAD : Le ministre b\u00e9ninois Romuald Wadagni renonce \u00e0 sa candidature\"}]},{\"@type\":\"WebSite\",\"@id\":\"https:\\\/\\\/lamarinabj.com\\\/#website\",\"url\":\"https:\\\/\\\/lamarinabj.com\\\/\",\"name\":\"LA MARINA BJ\",\"description\":\"Votre portail vers l&#039;information strat\u00e9gique au B\u00e9nin, en Afrique et au-del\u00e0\",\"potentialAction\":[{\"@type\":\"SearchAction\",\"target\":{\"@type\":\"EntryPoint\",\"urlTemplate\":\"https:\\\/\\\/lamarinabj.com\\\/?s={search_term_string}\"},\"query-input\":{\"@type\":\"PropertyValueSpecification\",\"valueRequired\":true,\"valueName\":\"search_term_string\"}}],\"inLanguage\":\"fr-FR\"},{\"@type\":\"Person\",\"@id\":\"https:\\\/\\\/lamarinabj.com\\\/#\\\/schema\\\/person\\\/70c372a4c3c86bd4844a0382357a0f2d\",\"name\":\"La Marina BJ - Team Veille &amp; Projets publics\",\"image\":{\"@type\":\"ImageObject\",\"inLanguage\":\"fr-FR\",\"@id\":\"https:\\\/\\\/secure.gravatar.com\\\/avatar\\\/b56740eda81210101c8acebdd7c5c7db1bd0ab57f63df607996683fa153ff0d0?s=96&d=mm&r=g\",\"url\":\"https:\\\/\\\/secure.gravatar.com\\\/avatar\\\/b56740eda81210101c8acebdd7c5c7db1bd0ab57f63df607996683fa153ff0d0?s=96&d=mm&r=g\",\"contentUrl\":\"https:\\\/\\\/secure.gravatar.com\\\/avatar\\\/b56740eda81210101c8acebdd7c5c7db1bd0ab57f63df607996683fa153ff0d0?s=96&d=mm&r=g\",\"caption\":\"La Marina BJ - Team Veille &amp; Projets publics\"},\"description\":\"La Team Veille &amp; Projets publics de La Marina BJ est d\u00e9di\u00e9e \u00e0 la surveillance proactive des dynamiques institutionnelles impuls\u00e9es par l\u2019\u00c9tat, les agences publiques, les collectivit\u00e9s territoriales ainsi que les partenaires techniques et financiers. Gr\u00e2ce \u00e0 une veille strat\u00e9gique permanente, cette \u00e9quipe identifie et suit les projets de d\u00e9veloppement, les \u00e9tudes pr\u00e9alables et les investissements publics majeurs. Elle documente les politiques sectorielles, analyse les enjeux techniques, \u00e9conomiques, sociaux et environnementaux, et produit des contenus exclusifs pour \u00e9clairer les mutations structurelles.\",\"url\":\"https:\\\/\\\/lamarinabj.com\\\/index.php\\\/author\\\/simahou\\\/\"}]}<\/script>\n<!-- \/ Yoast SEO plugin. -->","yoast_head_json":{"title":"Pr\u00e9sidence de la BAD : Le ministre b\u00e9ninois Romuald Wadagni renonce \u00e0 sa candidature - LA MARINA BJ","description":"Malgr\u00e9 cette ambition affich\u00e9e et le fait que, ces derniers mois, son \u00e9ventuelle candidature ait fait l\u2019objet de nombreuses discussions dans les cercles diplomatiques et financiers, le ministre b\u00e9ninois a finalement d\u00e9cid\u00e9 de ne pas briguer la succession de l\u2019actuel pr\u00e9sident de la BAD, le Nig\u00e9rian Akinwumi Adesina.","robots":{"index":"index","follow":"follow","max-snippet":"max-snippet:-1","max-image-preview":"max-image-preview:large","max-video-preview":"max-video-preview:-1"},"canonical":"https:\/\/lamarinabj.com\/index.php\/2025\/01\/31\/presidence-de-la-bad-le-ministre-beninois-romuald-wadagni-renonce-a-sa-candidature\/","og_locale":"fr_FR","og_type":"article","og_title":"Pr\u00e9sidence de la BAD : Le ministre b\u00e9ninois Romuald Wadagni renonce \u00e0 sa candidature - LA MARINA BJ","og_description":"Malgr\u00e9 cette ambition affich\u00e9e et le fait que, ces derniers mois, son \u00e9ventuelle candidature ait fait l\u2019objet de nombreuses discussions dans les cercles diplomatiques et financiers, le ministre b\u00e9ninois a finalement d\u00e9cid\u00e9 de ne pas briguer la succession de l\u2019actuel pr\u00e9sident de la BAD, le Nig\u00e9rian Akinwumi Adesina.","og_url":"https:\/\/lamarinabj.com\/index.php\/2025\/01\/31\/presidence-de-la-bad-le-ministre-beninois-romuald-wadagni-renonce-a-sa-candidature\/","og_site_name":"LA MARINA BJ","article_published_time":"2025-01-31T12:07:27+00:00","article_modified_time":"2025-01-31T12:12:23+00:00","og_image":[{"width":800,"height":533,"url":"https:\/\/lamarinabj.com\/wp-content\/uploads\/2025\/01\/20250131_130636_0000.jpg","type":"image\/jpeg"}],"author":"La Marina BJ - Team Veille &amp; Projets publics","twitter_card":"summary_large_image","twitter_misc":{"\u00c9crit par":"La Marina BJ - Team Veille &amp; Projets publics","Dur\u00e9e de lecture estim\u00e9e":"3 minutes"},"schema":{"@context":"https:\/\/schema.org","@graph":[{"@type":"NewsArticle","@id":"https:\/\/lamarinabj.com\/index.php\/2025\/01\/31\/presidence-de-la-bad-le-ministre-beninois-romuald-wadagni-renonce-a-sa-candidature\/#article","isPartOf":{"@id":"https:\/\/lamarinabj.com\/index.php\/2025\/01\/31\/presidence-de-la-bad-le-ministre-beninois-romuald-wadagni-renonce-a-sa-candidature\/"},"author":{"name":"La Marina BJ - Team Veille &amp; Projets publics","@id":"https:\/\/lamarinabj.com\/#\/schema\/person\/70c372a4c3c86bd4844a0382357a0f2d"},"headline":"Pr\u00e9sidence de la BAD : Le ministre b\u00e9ninois Romuald Wadagni renonce \u00e0 sa candidature","datePublished":"2025-01-31T12:07:27+00:00","dateModified":"2025-01-31T12:12:23+00:00","mainEntityOfPage":{"@id":"https:\/\/lamarinabj.com\/index.php\/2025\/01\/31\/presidence-de-la-bad-le-ministre-beninois-romuald-wadagni-renonce-a-sa-candidature\/"},"wordCount":515,"commentCount":0,"image":{"@id":"https:\/\/lamarinabj.com\/index.php\/2025\/01\/31\/presidence-de-la-bad-le-ministre-beninois-romuald-wadagni-renonce-a-sa-candidature\/#primaryimage"},"thumbnailUrl":"https:\/\/lamarinabj.com\/wp-content\/uploads\/2025\/01\/20250131_130636_0000.jpg","keywords":["BAD","B\u00e9nin","Romuald wadagni"],"articleSection":["EN SAVOIR PLUS","L'\u00c9V\u00c9NEMENT"],"inLanguage":"fr-FR","potentialAction":[{"@type":"CommentAction","name":"Comment","target":["https:\/\/lamarinabj.com\/index.php\/2025\/01\/31\/presidence-de-la-bad-le-ministre-beninois-romuald-wadagni-renonce-a-sa-candidature\/#respond"]}]},{"@type":["WebPage","SearchResultsPage"],"@id":"https:\/\/lamarinabj.com\/index.php\/2025\/01\/31\/presidence-de-la-bad-le-ministre-beninois-romuald-wadagni-renonce-a-sa-candidature\/","url":"https:\/\/lamarinabj.com\/index.php\/2025\/01\/31\/presidence-de-la-bad-le-ministre-beninois-romuald-wadagni-renonce-a-sa-candidature\/","name":"Pr\u00e9sidence de la BAD : Le ministre b\u00e9ninois Romuald Wadagni renonce \u00e0 sa candidature - LA MARINA BJ","isPartOf":{"@id":"https:\/\/lamarinabj.com\/#website"},"primaryImageOfPage":{"@id":"https:\/\/lamarinabj.com\/index.php\/2025\/01\/31\/presidence-de-la-bad-le-ministre-beninois-romuald-wadagni-renonce-a-sa-candidature\/#primaryimage"},"image":{"@id":"https:\/\/lamarinabj.com\/index.php\/2025\/01\/31\/presidence-de-la-bad-le-ministre-beninois-romuald-wadagni-renonce-a-sa-candidature\/#primaryimage"},"thumbnailUrl":"https:\/\/lamarinabj.com\/wp-content\/uploads\/2025\/01\/20250131_130636_0000.jpg","datePublished":"2025-01-31T12:07:27+00:00","dateModified":"2025-01-31T12:12:23+00:00","author":{"@id":"https:\/\/lamarinabj.com\/#\/schema\/person\/70c372a4c3c86bd4844a0382357a0f2d"},"description":"Malgr\u00e9 cette ambition affich\u00e9e et le fait que, ces derniers mois, son \u00e9ventuelle candidature ait fait l\u2019objet de nombreuses discussions dans les cercles diplomatiques et financiers, le ministre b\u00e9ninois a finalement d\u00e9cid\u00e9 de ne pas briguer la succession de l\u2019actuel pr\u00e9sident de la BAD, le Nig\u00e9rian Akinwumi Adesina.","breadcrumb":{"@id":"https:\/\/lamarinabj.com\/index.php\/2025\/01\/31\/presidence-de-la-bad-le-ministre-beninois-romuald-wadagni-renonce-a-sa-candidature\/#breadcrumb"},"inLanguage":"fr-FR","potentialAction":[{"@type":"ReadAction","target":["https:\/\/lamarinabj.com\/index.php\/2025\/01\/31\/presidence-de-la-bad-le-ministre-beninois-romuald-wadagni-renonce-a-sa-candidature\/"]}]},{"@type":"ImageObject","inLanguage":"fr-FR","@id":"https:\/\/lamarinabj.com\/index.php\/2025\/01\/31\/presidence-de-la-bad-le-ministre-beninois-romuald-wadagni-renonce-a-sa-candidature\/#primaryimage","url":"https:\/\/lamarinabj.com\/wp-content\/uploads\/2025\/01\/20250131_130636_0000.jpg","contentUrl":"https:\/\/lamarinabj.com\/wp-content\/uploads\/2025\/01\/20250131_130636_0000.jpg","width":800,"height":533},{"@type":"BreadcrumbList","@id":"https:\/\/lamarinabj.com\/index.php\/2025\/01\/31\/presidence-de-la-bad-le-ministre-beninois-romuald-wadagni-renonce-a-sa-candidature\/#breadcrumb","itemListElement":[{"@type":"ListItem","position":1,"name":"Accueil","item":"https:\/\/lamarinabj.com\/"},{"@type":"ListItem","position":2,"name":"Pr\u00e9sidence de la BAD : Le ministre b\u00e9ninois Romuald Wadagni renonce \u00e0 sa candidature"}]},{"@type":"WebSite","@id":"https:\/\/lamarinabj.com\/#website","url":"https:\/\/lamarinabj.com\/","name":"LA MARINA BJ","description":"Votre portail vers l&#039;information strat\u00e9gique au B\u00e9nin, en Afrique et au-del\u00e0","potentialAction":[{"@type":"SearchAction","target":{"@type":"EntryPoint","urlTemplate":"https:\/\/lamarinabj.com\/?s={search_term_string}"},"query-input":{"@type":"PropertyValueSpecification","valueRequired":true,"valueName":"search_term_string"}}],"inLanguage":"fr-FR"},{"@type":"Person","@id":"https:\/\/lamarinabj.com\/#\/schema\/person\/70c372a4c3c86bd4844a0382357a0f2d","name":"La Marina BJ - Team Veille &amp; Projets publics","image":{"@type":"ImageObject","inLanguage":"fr-FR","@id":"https:\/\/secure.gravatar.com\/avatar\/b56740eda81210101c8acebdd7c5c7db1bd0ab57f63df607996683fa153ff0d0?s=96&d=mm&r=g","url":"https:\/\/secure.gravatar.com\/avatar\/b56740eda81210101c8acebdd7c5c7db1bd0ab57f63df607996683fa153ff0d0?s=96&d=mm&r=g","contentUrl":"https:\/\/secure.gravatar.com\/avatar\/b56740eda81210101c8acebdd7c5c7db1bd0ab57f63df607996683fa153ff0d0?s=96&d=mm&r=g","caption":"La Marina BJ - Team Veille &amp; Projets publics"},"description":"La Team Veille &amp; Projets publics de La Marina BJ est d\u00e9di\u00e9e \u00e0 la surveillance proactive des dynamiques institutionnelles impuls\u00e9es par l\u2019\u00c9tat, les agences publiques, les collectivit\u00e9s territoriales ainsi que les partenaires techniques et financiers. Gr\u00e2ce \u00e0 une veille strat\u00e9gique permanente, cette \u00e9quipe identifie et suit les projets de d\u00e9veloppement, les \u00e9tudes pr\u00e9alables et les investissements publics majeurs. Elle documente les politiques sectorielles, analyse les enjeux techniques, \u00e9conomiques, sociaux et environnementaux, et produit des contenus exclusifs pour \u00e9clairer les mutations structurelles.","url":"https:\/\/lamarinabj.com\/index.php\/author\/simahou\/"}]}},"_links":{"self":[{"href":"https:\/\/lamarinabj.com\/index.php\/wp-json\/wp\/v2\/posts\/10118","targetHints":{"allow":["GET"]}}],"collection":[{"href":"https:\/\/lamarinabj.com\/index.php\/wp-json\/wp\/v2\/posts"}],"about":[{"href":"https:\/\/lamarinabj.com\/index.php\/wp-json\/wp\/v2\/types\/post"}],"author":[{"embeddable":true,"href":"https:\/\/lamarinabj.com\/index.php\/wp-json\/wp\/v2\/users\/3"}],"replies":[{"embeddable":true,"href":"https:\/\/lamarinabj.com\/index.php\/wp-json\/wp\/v2\/comments?post=10118"}],"version-history":[{"count":2,"href":"https:\/\/lamarinabj.com\/index.php\/wp-json\/wp\/v2\/posts\/10118\/revisions"}],"predecessor-version":[{"id":10121,"href":"https:\/\/lamarinabj.com\/index.php\/wp-json\/wp\/v2\/posts\/10118\/revisions\/10121"}],"wp:featuredmedia":[{"embeddable":true,"href":"https:\/\/lamarinabj.com\/index.php\/wp-json\/wp\/v2\/media\/10119"}],"wp:attachment":[{"href":"https:\/\/lamarinabj.com\/index.php\/wp-json\/wp\/v2\/media?parent=10118"}],"wp:term":[{"taxonomy":"category","embeddable":true,"href":"https:\/\/lamarinabj.com\/index.php\/wp-json\/wp\/v2\/categories?post=10118"},{"taxonomy":"post_tag","embeddable":true,"href":"https:\/\/lamarinabj.com\/index.php\/wp-json\/wp\/v2\/tags?post=10118"}],"curies":[{"name":"wp","href":"https:\/\/api.w.org\/{rel}","templated":true}]}}