{"id":10176,"date":"2025-02-05T14:14:47","date_gmt":"2025-02-05T13:14:47","guid":{"rendered":"https:\/\/lamarinabj.com\/?p=10176"},"modified":"2025-02-05T14:45:42","modified_gmt":"2025-02-05T13:45:42","slug":"benin-5-choses-a-savoir-sur-brice-alowanou-nouveau-chef-de-la-police-republicaine","status":"publish","type":"post","link":"https:\/\/lamarinabj.com\/index.php\/2025\/02\/05\/benin-5-choses-a-savoir-sur-brice-alowanou-nouveau-chef-de-la-police-republicaine\/","title":{"rendered":"B\u00e9nin : 5 choses \u00e0 savoir sur Brice Alowanou, nouveau  chef de la Police R\u00e9publicaine"},"content":{"rendered":"\n<p><strong><mark style=\"background-color:rgba(0, 0, 0, 0)\" class=\"has-inline-color has-red-color\">Nomination, Benin<\/mark><\/strong>&#8211; Nomm\u00e9 ce mercredi 5 f\u00e9vrier 2025 \u00e0 la t\u00eate de la Police R\u00e9publicaine, le Contr\u00f4leur g\u00e9n\u00e9ral de police Brice Kokou Alowanou est un homme de terrain dont la r\u00e9putation n\u2019est plus \u00e0 faire. Officier chevronn\u00e9, il s\u2019est illustr\u00e9 par son engagement dans la lutte contre la criminalit\u00e9 et son expertise en mati\u00e8re de r\u00e9formes s\u00e9curitaires. Voici cinq \u00e9l\u00e9ments cl\u00e9s pour mieux cerner le profil du nouveau patron de la police b\u00e9ninoise.<\/p>\n\n\n\n<h2 id=\"un-parcours-academique-et-professionnel-exemplaire\" class=\"wp-block-heading\"><mark style=\"background-color:rgba(0, 0, 0, 0)\" class=\"has-inline-color has-red-color\">Un parcours acad\u00e9mique et professionnel exemplaire<\/mark><\/h2>\n\n\n\n<ol class=\"wp-block-list\"><\/ol>\n\n\n\n<p>Brice Kokou Alowanou est titulaire d\u2019un Dipl\u00f4me d\u2019\u00c9tudes Approfondies (DEA) et d\u2019une Ma\u00eetrise en Relations internationales et Sciences politiques. Il int\u00e8gre la Police nationale en 1995, avant de se sp\u00e9cialiser dans les Compagnies R\u00e9publicaines de S\u00e9curit\u00e9 (CRS). Son passage \u00e0 l\u2019\u00c9cole Nationale Sup\u00e9rieure de Police en 2005, o\u00f9 il termine major de sa promotion, marque le d\u00e9but d\u2019une ascension qui le conduira \u00e0 occuper des postes cl\u00e9s, notamment Directeur de la Police Judiciaire, Chef de la Brigade \u00c9conomique et Financi\u00e8re et en mars 2024 directeur g\u00e9n\u00e9ral adjoint de la police r\u00e9publicaine <\/p>\n\n\n\n<h2 id=\"un-acteur-cle-dans-laffaire-des-faux-medicaments-de-2017\" class=\"wp-block-heading\"><mark style=\"background-color:rgba(0, 0, 0, 0)\" class=\"has-inline-color has-red-color\">Un acteur cl\u00e9 dans l\u2019affaire des faux m\u00e9dicaments de 2017<\/mark><\/h2>\n\n\n\n<ol start=\"2\" class=\"wp-block-list\"><\/ol>\n\n\n\n<p>L\u2019un des \u00e9pisodes les plus marquants de sa carri\u00e8re reste son implication dans l\u2019affaire des faux m\u00e9dicaments impliquant des proches de l&rsquo;ex  d\u00e9put\u00e9 Mohamed Atao Hinnouho. \u00c0 l\u2019\u00e9poque Chef de la Sous-Direction des Affaires \u00c9conomiques et Financi\u00e8res, il s\u2019est retrouv\u00e9 en premi\u00e8re ligne d\u2019une lutte que le gouvernement b\u00e9ninois a \u00e9rig\u00e9e en priorit\u00e9 nationale. Son r\u00f4le dans cette op\u00e9ration a consolid\u00e9 son image d\u2019officier intransigeant face aux infractions \u00e9conomiques et financi\u00e8res.<\/p>\n\n\n\n<h2 id=\"un-role-central-dans-linterpellation-de-kemi-seba-en-2023\" class=\"wp-block-heading\"><mark style=\"background-color:rgba(0, 0, 0, 0)\" class=\"has-inline-color has-red-color\">Un r\u00f4le central dans l\u2019interpellation de K\u00e9mi S\u00e9ba en 2023<\/mark><\/h2>\n\n\n\n<p>Le 15 septembre 2023, le nom de Brice Kokou Alowanou refait surface \u00e0 l\u2019occasion de l\u2019interpellation de l\u2019activiste franco-b\u00e9ninois K\u00e9mi S\u00e9ba \u00e0 l\u2019a\u00e9roport de Cotonou. Bien que la Police r\u00e9publicaine n\u2019ait pas officiellement communiqu\u00e9 sur les raisons de cette arrestation \u00e9clair, l\u2019activiste lui-m\u00eame a mentionn\u00e9 l\u2019implication de l\u2019officier dans l\u2019op\u00e9ration. Un \u00e9pisode qui illustre sa gestion des dossiers \u00e0 forte charge m\u00e9diatique.<\/p>\n\n\n\n<ol start=\"3\" class=\"wp-block-list\"><\/ol>\n\n\n\n<h2 id=\"une-expertise-reconnue-en-maintien-de-la-paix\" class=\"wp-block-heading\"><mark style=\"background-color:rgba(0, 0, 0, 0)\" class=\"has-inline-color has-red-color\">Une expertise reconnue en maintien de la paix<\/mark><\/h2>\n\n\n\n<p>Brice Kokou Alowanou n\u2019a pas seulement exerc\u00e9 sur le territoire b\u00e9ninois. Son parcours l\u2019a conduit \u00e0 participer \u00e0 des missions de maintien de la paix des Nations Unies, notamment en Ha\u00efti (MINUSTAH) en tant que Commandant de R\u00e9gion, et en C\u00f4te d\u2019Ivoire (ONUCI), o\u00f9 il a occup\u00e9 le poste de Chef de l\u2019Unit\u00e9 de Planification et de Coordination de la Police. Cette exp\u00e9rience internationale lui conf\u00e8re une vision strat\u00e9gique du maintien de l\u2019ordre dans des contextes sensibles.<\/p>\n\n\n\n<ol start=\"4\" class=\"wp-block-list\"><\/ol>\n\n\n\n<h2 id=\"un-expert-en-reforme-securitaire-et-en-lutte-contre-la-criminalite-financiere\" class=\"wp-block-heading\"><mark style=\"background-color:rgba(0, 0, 0, 0)\" class=\"has-inline-color has-red-color\">Un expert en r\u00e9forme s\u00e9curitaire et en lutte contre la criminalit\u00e9 financi\u00e8re<\/mark><\/h2>\n\n\n\n<ol start=\"5\" class=\"wp-block-list\"><\/ol>\n\n\n\n<p>Son engagement d\u00e9passe le cadre op\u00e9rationnel. Formateur en droits de l\u2019homme, police judiciaire et lutte contre la criminalit\u00e9 financi\u00e8re, il a contribu\u00e9 aux travaux du Groupe de R\u00e9forme du Secteur de la S\u00e9curit\u00e9 en C\u00f4te d\u2019Ivoire apr\u00e8s la crise post-\u00e9lectorale de 2010. \u00c9valuateur et sp\u00e9cialiste de la lutte contre le blanchiment de capitaux et le financement du terrorisme, il a \u00e9t\u00e9 Chef de la Brigade \u00c9conomique et Financi\u00e8re en 2018, puis Directeur de la Police Judiciaire en 2022. Il supervisait \u00e9galement les missions de l\u2019Unit\u00e9 Mixte de Contr\u00f4le des Conteneurs, un dispositif cl\u00e9 dans la traque des trafics illicites.<\/p>\n\n\n\n<p>Avec un parcours jalonn\u00e9 de responsabilit\u00e9s strat\u00e9giques, Brice Kokou Alowanou prendra les commandes de la Police R\u00e9publicaine avec une exp\u00e9rience \u00e9prouv\u00e9e et une r\u00e9putation de rigueur. Face aux d\u00e9fis s\u00e9curitaires croissants, notamment la cybercriminalit\u00e9, le crime organis\u00e9 et le terrorisme, son expertise et son pragmatisme seront des atouts d\u00e9terminants pour renforcer la s\u00e9curit\u00e9 et l\u2019efficacit\u00e9 des forces de l\u2019ordre au B\u00e9nin.<\/p>\n","protected":false},"excerpt":{"rendered":"Nomination, Benin&#8211; Nomm\u00e9 ce mercredi 5 f\u00e9vrier 2025 \u00e0 la t\u00eate de la Police R\u00e9publicaine, le Contr\u00f4leur g\u00e9n\u00e9ral&hellip;\n","protected":false},"author":4,"featured_media":10177,"comment_status":"open","ping_status":"open","sticky":false,"template":"elementor_theme","format":"standard","meta":{"csco_singular_sidebar":"","csco_page_header_type":"standard","csco_appearance_masonry":"","csco_page_load_nextpost":"","csco_post_video_location":[],"csco_post_video_location_hash":"","csco_post_video_url":"","csco_post_video_bg_start_time":0,"csco_post_video_bg_end_time":0,"footnotes":""},"categories":[239],"tags":[41,1406,680],"class_list":{"0":"post-10176","1":"post","2":"type-post","3":"status-publish","4":"format-standard","5":"has-post-thumbnail","7":"category-levenement-2","8":"tag-benin","9":"tag-brice-alowanou","10":"tag-police-republicaine","11":"cs-entry","12":"cs-video-wrap"},"yoast_head":"<!-- This site is optimized with the Yoast SEO plugin v27.4 - https:\/\/yoast.com\/product\/yoast-seo-wordpress\/ -->\n<title>B\u00e9nin : 5 choses \u00e0 savoir sur Brice Alowanou, nouveau chef de la Police R\u00e9publicaine - LA MARINA BJ<\/title>\n<meta name=\"description\" content=\"Officier chevronn\u00e9, il s\u2019est illustr\u00e9 par son engagement dans la lutte contre la criminalit\u00e9 et son expertise en mati\u00e8re de r\u00e9formes s\u00e9curitaires. Voici cinq \u00e9l\u00e9ments cl\u00e9s pour mieux cerner le profil du nouveau patron de la police b\u00e9ninoise.\" \/>\n<meta name=\"robots\" content=\"index, follow, max-snippet:-1, max-image-preview:large, max-video-preview:-1\" \/>\n<link rel=\"canonical\" href=\"https:\/\/lamarinabj.com\/index.php\/2025\/02\/05\/benin-5-choses-a-savoir-sur-brice-alowanou-nouveau-chef-de-la-police-republicaine\/\" \/>\n<meta property=\"og:locale\" content=\"fr_FR\" \/>\n<meta property=\"og:type\" content=\"article\" \/>\n<meta property=\"og:title\" content=\"B\u00e9nin : 5 choses \u00e0 savoir sur Brice Alowanou, nouveau chef de la Police R\u00e9publicaine - LA MARINA BJ\" \/>\n<meta property=\"og:description\" content=\"Officier chevronn\u00e9, il s\u2019est illustr\u00e9 par son engagement dans la lutte contre la criminalit\u00e9 et son expertise en mati\u00e8re de r\u00e9formes s\u00e9curitaires. Voici cinq \u00e9l\u00e9ments cl\u00e9s pour mieux cerner le profil du nouveau patron de la police b\u00e9ninoise.\" \/>\n<meta property=\"og:url\" content=\"https:\/\/lamarinabj.com\/index.php\/2025\/02\/05\/benin-5-choses-a-savoir-sur-brice-alowanou-nouveau-chef-de-la-police-republicaine\/\" \/>\n<meta property=\"og:site_name\" content=\"LA MARINA BJ\" \/>\n<meta property=\"article:published_time\" content=\"2025-02-05T13:14:47+00:00\" \/>\n<meta property=\"article:modified_time\" content=\"2025-02-05T13:45:42+00:00\" \/>\n<meta property=\"og:image\" content=\"https:\/\/lamarinabj.com\/wp-content\/uploads\/2025\/02\/20250205_140743_0000.jpg\" \/>\n\t<meta property=\"og:image:width\" content=\"453\" \/>\n\t<meta property=\"og:image:height\" content=\"650\" \/>\n\t<meta property=\"og:image:type\" content=\"image\/jpeg\" \/>\n<meta name=\"author\" content=\"La Marina BJ - Team Affaires Judiciaires\" \/>\n<meta name=\"twitter:card\" content=\"summary_large_image\" \/>\n<meta name=\"twitter:label1\" content=\"\u00c9crit par\" \/>\n\t<meta name=\"twitter:data1\" content=\"La Marina BJ - Team Affaires Judiciaires\" \/>\n\t<meta name=\"twitter:label2\" content=\"Dur\u00e9e de lecture estim\u00e9e\" \/>\n\t<meta name=\"twitter:data2\" content=\"4 minutes\" \/>\n<script type=\"application\/ld+json\" class=\"yoast-schema-graph\">{\"@context\":\"https:\\\/\\\/schema.org\",\"@graph\":[{\"@type\":\"NewsArticle\",\"@id\":\"https:\\\/\\\/lamarinabj.com\\\/index.php\\\/2025\\\/02\\\/05\\\/benin-5-choses-a-savoir-sur-brice-alowanou-nouveau-chef-de-la-police-republicaine\\\/#article\",\"isPartOf\":{\"@id\":\"https:\\\/\\\/lamarinabj.com\\\/index.php\\\/2025\\\/02\\\/05\\\/benin-5-choses-a-savoir-sur-brice-alowanou-nouveau-chef-de-la-police-republicaine\\\/\"},\"author\":{\"name\":\"La Marina BJ - Team Affaires Judiciaires\",\"@id\":\"https:\\\/\\\/lamarinabj.com\\\/#\\\/schema\\\/person\\\/e64c6145b3fb25d98218ef3bafce37de\"},\"headline\":\"B\u00e9nin : 5 choses \u00e0 savoir sur Brice Alowanou, nouveau chef de la Police R\u00e9publicaine\",\"datePublished\":\"2025-02-05T13:14:47+00:00\",\"dateModified\":\"2025-02-05T13:45:42+00:00\",\"mainEntityOfPage\":{\"@id\":\"https:\\\/\\\/lamarinabj.com\\\/index.php\\\/2025\\\/02\\\/05\\\/benin-5-choses-a-savoir-sur-brice-alowanou-nouveau-chef-de-la-police-republicaine\\\/\"},\"wordCount\":689,\"commentCount\":0,\"image\":{\"@id\":\"https:\\\/\\\/lamarinabj.com\\\/index.php\\\/2025\\\/02\\\/05\\\/benin-5-choses-a-savoir-sur-brice-alowanou-nouveau-chef-de-la-police-republicaine\\\/#primaryimage\"},\"thumbnailUrl\":\"https:\\\/\\\/lamarinabj.com\\\/wp-content\\\/uploads\\\/2025\\\/02\\\/20250205_140743_0000.jpg\",\"keywords\":[\"B\u00e9nin\",\"Brice Alowanou\",\"Police r\u00e9publicaine\"],\"articleSection\":[\"L'\u00c9V\u00c9NEMENT\"],\"inLanguage\":\"fr-FR\",\"potentialAction\":[{\"@type\":\"CommentAction\",\"name\":\"Comment\",\"target\":[\"https:\\\/\\\/lamarinabj.com\\\/index.php\\\/2025\\\/02\\\/05\\\/benin-5-choses-a-savoir-sur-brice-alowanou-nouveau-chef-de-la-police-republicaine\\\/#respond\"]}]},{\"@type\":[\"WebPage\",\"SearchResultsPage\"],\"@id\":\"https:\\\/\\\/lamarinabj.com\\\/index.php\\\/2025\\\/02\\\/05\\\/benin-5-choses-a-savoir-sur-brice-alowanou-nouveau-chef-de-la-police-republicaine\\\/\",\"url\":\"https:\\\/\\\/lamarinabj.com\\\/index.php\\\/2025\\\/02\\\/05\\\/benin-5-choses-a-savoir-sur-brice-alowanou-nouveau-chef-de-la-police-republicaine\\\/\",\"name\":\"B\u00e9nin : 5 choses \u00e0 savoir sur Brice Alowanou, nouveau chef de la Police R\u00e9publicaine - LA MARINA BJ\",\"isPartOf\":{\"@id\":\"https:\\\/\\\/lamarinabj.com\\\/#website\"},\"primaryImageOfPage\":{\"@id\":\"https:\\\/\\\/lamarinabj.com\\\/index.php\\\/2025\\\/02\\\/05\\\/benin-5-choses-a-savoir-sur-brice-alowanou-nouveau-chef-de-la-police-republicaine\\\/#primaryimage\"},\"image\":{\"@id\":\"https:\\\/\\\/lamarinabj.com\\\/index.php\\\/2025\\\/02\\\/05\\\/benin-5-choses-a-savoir-sur-brice-alowanou-nouveau-chef-de-la-police-republicaine\\\/#primaryimage\"},\"thumbnailUrl\":\"https:\\\/\\\/lamarinabj.com\\\/wp-content\\\/uploads\\\/2025\\\/02\\\/20250205_140743_0000.jpg\",\"datePublished\":\"2025-02-05T13:14:47+00:00\",\"dateModified\":\"2025-02-05T13:45:42+00:00\",\"author\":{\"@id\":\"https:\\\/\\\/lamarinabj.com\\\/#\\\/schema\\\/person\\\/e64c6145b3fb25d98218ef3bafce37de\"},\"description\":\"Officier chevronn\u00e9, il s\u2019est illustr\u00e9 par son engagement dans la lutte contre la criminalit\u00e9 et son expertise en mati\u00e8re de r\u00e9formes s\u00e9curitaires. Voici cinq \u00e9l\u00e9ments cl\u00e9s pour mieux cerner le profil du nouveau patron de la police b\u00e9ninoise.\",\"breadcrumb\":{\"@id\":\"https:\\\/\\\/lamarinabj.com\\\/index.php\\\/2025\\\/02\\\/05\\\/benin-5-choses-a-savoir-sur-brice-alowanou-nouveau-chef-de-la-police-republicaine\\\/#breadcrumb\"},\"inLanguage\":\"fr-FR\",\"potentialAction\":[{\"@type\":\"ReadAction\",\"target\":[\"https:\\\/\\\/lamarinabj.com\\\/index.php\\\/2025\\\/02\\\/05\\\/benin-5-choses-a-savoir-sur-brice-alowanou-nouveau-chef-de-la-police-republicaine\\\/\"]}]},{\"@type\":\"ImageObject\",\"inLanguage\":\"fr-FR\",\"@id\":\"https:\\\/\\\/lamarinabj.com\\\/index.php\\\/2025\\\/02\\\/05\\\/benin-5-choses-a-savoir-sur-brice-alowanou-nouveau-chef-de-la-police-republicaine\\\/#primaryimage\",\"url\":\"https:\\\/\\\/lamarinabj.com\\\/wp-content\\\/uploads\\\/2025\\\/02\\\/20250205_140743_0000.jpg\",\"contentUrl\":\"https:\\\/\\\/lamarinabj.com\\\/wp-content\\\/uploads\\\/2025\\\/02\\\/20250205_140743_0000.jpg\",\"width\":453,\"height\":650},{\"@type\":\"BreadcrumbList\",\"@id\":\"https:\\\/\\\/lamarinabj.com\\\/index.php\\\/2025\\\/02\\\/05\\\/benin-5-choses-a-savoir-sur-brice-alowanou-nouveau-chef-de-la-police-republicaine\\\/#breadcrumb\",\"itemListElement\":[{\"@type\":\"ListItem\",\"position\":1,\"name\":\"Accueil\",\"item\":\"https:\\\/\\\/lamarinabj.com\\\/\"},{\"@type\":\"ListItem\",\"position\":2,\"name\":\"B\u00e9nin : 5 choses \u00e0 savoir sur Brice Alowanou, nouveau chef de la Police R\u00e9publicaine\"}]},{\"@type\":\"WebSite\",\"@id\":\"https:\\\/\\\/lamarinabj.com\\\/#website\",\"url\":\"https:\\\/\\\/lamarinabj.com\\\/\",\"name\":\"LA MARINA BJ\",\"description\":\"Votre portail vers l&#039;information strat\u00e9gique au B\u00e9nin, en Afrique et au-del\u00e0\",\"potentialAction\":[{\"@type\":\"SearchAction\",\"target\":{\"@type\":\"EntryPoint\",\"urlTemplate\":\"https:\\\/\\\/lamarinabj.com\\\/?s={search_term_string}\"},\"query-input\":{\"@type\":\"PropertyValueSpecification\",\"valueRequired\":true,\"valueName\":\"search_term_string\"}}],\"inLanguage\":\"fr-FR\"},{\"@type\":\"Person\",\"@id\":\"https:\\\/\\\/lamarinabj.com\\\/#\\\/schema\\\/person\\\/e64c6145b3fb25d98218ef3bafce37de\",\"name\":\"La Marina BJ - Team Affaires Judiciaires\",\"image\":{\"@type\":\"ImageObject\",\"inLanguage\":\"fr-FR\",\"@id\":\"https:\\\/\\\/secure.gravatar.com\\\/avatar\\\/dcd47faa85727203c51c1a84009b684b305ba179e4848c26009abb855df90961?s=96&d=mm&r=g\",\"url\":\"https:\\\/\\\/secure.gravatar.com\\\/avatar\\\/dcd47faa85727203c51c1a84009b684b305ba179e4848c26009abb855df90961?s=96&d=mm&r=g\",\"contentUrl\":\"https:\\\/\\\/secure.gravatar.com\\\/avatar\\\/dcd47faa85727203c51c1a84009b684b305ba179e4848c26009abb855df90961?s=96&d=mm&r=g\",\"caption\":\"La Marina BJ - Team Affaires Judiciaires\"},\"description\":\"Au c\u0153ur de l\u2019actualit\u00e9 juridico-\u00e9conomique, la Team Justice &amp; Affaires judiciaires de La Marina BJ s'affirme comme un p\u00f4le de r\u00e9f\u00e9rence dans la couverture des proc\u00e9dures judiciaires, des contentieux commerciaux et des d\u00e9cisions de justice \u00e0 fort impact strat\u00e9gique.\",\"url\":\"https:\\\/\\\/lamarinabj.com\\\/index.php\\\/author\\\/marc\\\/\"}]}<\/script>\n<!-- \/ Yoast SEO plugin. -->","yoast_head_json":{"title":"B\u00e9nin : 5 choses \u00e0 savoir sur Brice Alowanou, nouveau chef de la Police R\u00e9publicaine - LA MARINA BJ","description":"Officier chevronn\u00e9, il s\u2019est illustr\u00e9 par son engagement dans la lutte contre la criminalit\u00e9 et son expertise en mati\u00e8re de r\u00e9formes s\u00e9curitaires. Voici cinq \u00e9l\u00e9ments cl\u00e9s pour mieux cerner le profil du nouveau patron de la police b\u00e9ninoise.","robots":{"index":"index","follow":"follow","max-snippet":"max-snippet:-1","max-image-preview":"max-image-preview:large","max-video-preview":"max-video-preview:-1"},"canonical":"https:\/\/lamarinabj.com\/index.php\/2025\/02\/05\/benin-5-choses-a-savoir-sur-brice-alowanou-nouveau-chef-de-la-police-republicaine\/","og_locale":"fr_FR","og_type":"article","og_title":"B\u00e9nin : 5 choses \u00e0 savoir sur Brice Alowanou, nouveau chef de la Police R\u00e9publicaine - LA MARINA BJ","og_description":"Officier chevronn\u00e9, il s\u2019est illustr\u00e9 par son engagement dans la lutte contre la criminalit\u00e9 et son expertise en mati\u00e8re de r\u00e9formes s\u00e9curitaires. Voici cinq \u00e9l\u00e9ments cl\u00e9s pour mieux cerner le profil du nouveau patron de la police b\u00e9ninoise.","og_url":"https:\/\/lamarinabj.com\/index.php\/2025\/02\/05\/benin-5-choses-a-savoir-sur-brice-alowanou-nouveau-chef-de-la-police-republicaine\/","og_site_name":"LA MARINA BJ","article_published_time":"2025-02-05T13:14:47+00:00","article_modified_time":"2025-02-05T13:45:42+00:00","og_image":[{"width":453,"height":650,"url":"https:\/\/lamarinabj.com\/wp-content\/uploads\/2025\/02\/20250205_140743_0000.jpg","type":"image\/jpeg"}],"author":"La Marina BJ - Team Affaires Judiciaires","twitter_card":"summary_large_image","twitter_misc":{"\u00c9crit par":"La Marina BJ - Team Affaires Judiciaires","Dur\u00e9e de lecture estim\u00e9e":"4 minutes"},"schema":{"@context":"https:\/\/schema.org","@graph":[{"@type":"NewsArticle","@id":"https:\/\/lamarinabj.com\/index.php\/2025\/02\/05\/benin-5-choses-a-savoir-sur-brice-alowanou-nouveau-chef-de-la-police-republicaine\/#article","isPartOf":{"@id":"https:\/\/lamarinabj.com\/index.php\/2025\/02\/05\/benin-5-choses-a-savoir-sur-brice-alowanou-nouveau-chef-de-la-police-republicaine\/"},"author":{"name":"La Marina BJ - Team Affaires Judiciaires","@id":"https:\/\/lamarinabj.com\/#\/schema\/person\/e64c6145b3fb25d98218ef3bafce37de"},"headline":"B\u00e9nin : 5 choses \u00e0 savoir sur Brice Alowanou, nouveau chef de la Police R\u00e9publicaine","datePublished":"2025-02-05T13:14:47+00:00","dateModified":"2025-02-05T13:45:42+00:00","mainEntityOfPage":{"@id":"https:\/\/lamarinabj.com\/index.php\/2025\/02\/05\/benin-5-choses-a-savoir-sur-brice-alowanou-nouveau-chef-de-la-police-republicaine\/"},"wordCount":689,"commentCount":0,"image":{"@id":"https:\/\/lamarinabj.com\/index.php\/2025\/02\/05\/benin-5-choses-a-savoir-sur-brice-alowanou-nouveau-chef-de-la-police-republicaine\/#primaryimage"},"thumbnailUrl":"https:\/\/lamarinabj.com\/wp-content\/uploads\/2025\/02\/20250205_140743_0000.jpg","keywords":["B\u00e9nin","Brice Alowanou","Police r\u00e9publicaine"],"articleSection":["L'\u00c9V\u00c9NEMENT"],"inLanguage":"fr-FR","potentialAction":[{"@type":"CommentAction","name":"Comment","target":["https:\/\/lamarinabj.com\/index.php\/2025\/02\/05\/benin-5-choses-a-savoir-sur-brice-alowanou-nouveau-chef-de-la-police-republicaine\/#respond"]}]},{"@type":["WebPage","SearchResultsPage"],"@id":"https:\/\/lamarinabj.com\/index.php\/2025\/02\/05\/benin-5-choses-a-savoir-sur-brice-alowanou-nouveau-chef-de-la-police-republicaine\/","url":"https:\/\/lamarinabj.com\/index.php\/2025\/02\/05\/benin-5-choses-a-savoir-sur-brice-alowanou-nouveau-chef-de-la-police-republicaine\/","name":"B\u00e9nin : 5 choses \u00e0 savoir sur Brice Alowanou, nouveau chef de la Police R\u00e9publicaine - LA MARINA BJ","isPartOf":{"@id":"https:\/\/lamarinabj.com\/#website"},"primaryImageOfPage":{"@id":"https:\/\/lamarinabj.com\/index.php\/2025\/02\/05\/benin-5-choses-a-savoir-sur-brice-alowanou-nouveau-chef-de-la-police-republicaine\/#primaryimage"},"image":{"@id":"https:\/\/lamarinabj.com\/index.php\/2025\/02\/05\/benin-5-choses-a-savoir-sur-brice-alowanou-nouveau-chef-de-la-police-republicaine\/#primaryimage"},"thumbnailUrl":"https:\/\/lamarinabj.com\/wp-content\/uploads\/2025\/02\/20250205_140743_0000.jpg","datePublished":"2025-02-05T13:14:47+00:00","dateModified":"2025-02-05T13:45:42+00:00","author":{"@id":"https:\/\/lamarinabj.com\/#\/schema\/person\/e64c6145b3fb25d98218ef3bafce37de"},"description":"Officier chevronn\u00e9, il s\u2019est illustr\u00e9 par son engagement dans la lutte contre la criminalit\u00e9 et son expertise en mati\u00e8re de r\u00e9formes s\u00e9curitaires. Voici cinq \u00e9l\u00e9ments cl\u00e9s pour mieux cerner le profil du nouveau patron de la police b\u00e9ninoise.","breadcrumb":{"@id":"https:\/\/lamarinabj.com\/index.php\/2025\/02\/05\/benin-5-choses-a-savoir-sur-brice-alowanou-nouveau-chef-de-la-police-republicaine\/#breadcrumb"},"inLanguage":"fr-FR","potentialAction":[{"@type":"ReadAction","target":["https:\/\/lamarinabj.com\/index.php\/2025\/02\/05\/benin-5-choses-a-savoir-sur-brice-alowanou-nouveau-chef-de-la-police-republicaine\/"]}]},{"@type":"ImageObject","inLanguage":"fr-FR","@id":"https:\/\/lamarinabj.com\/index.php\/2025\/02\/05\/benin-5-choses-a-savoir-sur-brice-alowanou-nouveau-chef-de-la-police-republicaine\/#primaryimage","url":"https:\/\/lamarinabj.com\/wp-content\/uploads\/2025\/02\/20250205_140743_0000.jpg","contentUrl":"https:\/\/lamarinabj.com\/wp-content\/uploads\/2025\/02\/20250205_140743_0000.jpg","width":453,"height":650},{"@type":"BreadcrumbList","@id":"https:\/\/lamarinabj.com\/index.php\/2025\/02\/05\/benin-5-choses-a-savoir-sur-brice-alowanou-nouveau-chef-de-la-police-republicaine\/#breadcrumb","itemListElement":[{"@type":"ListItem","position":1,"name":"Accueil","item":"https:\/\/lamarinabj.com\/"},{"@type":"ListItem","position":2,"name":"B\u00e9nin : 5 choses \u00e0 savoir sur Brice Alowanou, nouveau chef de la Police R\u00e9publicaine"}]},{"@type":"WebSite","@id":"https:\/\/lamarinabj.com\/#website","url":"https:\/\/lamarinabj.com\/","name":"LA MARINA BJ","description":"Votre portail vers l&#039;information strat\u00e9gique au B\u00e9nin, en Afrique et au-del\u00e0","potentialAction":[{"@type":"SearchAction","target":{"@type":"EntryPoint","urlTemplate":"https:\/\/lamarinabj.com\/?s={search_term_string}"},"query-input":{"@type":"PropertyValueSpecification","valueRequired":true,"valueName":"search_term_string"}}],"inLanguage":"fr-FR"},{"@type":"Person","@id":"https:\/\/lamarinabj.com\/#\/schema\/person\/e64c6145b3fb25d98218ef3bafce37de","name":"La Marina BJ - Team Affaires Judiciaires","image":{"@type":"ImageObject","inLanguage":"fr-FR","@id":"https:\/\/secure.gravatar.com\/avatar\/dcd47faa85727203c51c1a84009b684b305ba179e4848c26009abb855df90961?s=96&d=mm&r=g","url":"https:\/\/secure.gravatar.com\/avatar\/dcd47faa85727203c51c1a84009b684b305ba179e4848c26009abb855df90961?s=96&d=mm&r=g","contentUrl":"https:\/\/secure.gravatar.com\/avatar\/dcd47faa85727203c51c1a84009b684b305ba179e4848c26009abb855df90961?s=96&d=mm&r=g","caption":"La Marina BJ - Team Affaires Judiciaires"},"description":"Au c\u0153ur de l\u2019actualit\u00e9 juridico-\u00e9conomique, la Team Justice &amp; Affaires judiciaires de La Marina BJ s'affirme comme un p\u00f4le de r\u00e9f\u00e9rence dans la couverture des proc\u00e9dures judiciaires, des contentieux commerciaux et des d\u00e9cisions de justice \u00e0 fort impact strat\u00e9gique.","url":"https:\/\/lamarinabj.com\/index.php\/author\/marc\/"}]}},"_links":{"self":[{"href":"https:\/\/lamarinabj.com\/index.php\/wp-json\/wp\/v2\/posts\/10176","targetHints":{"allow":["GET"]}}],"collection":[{"href":"https:\/\/lamarinabj.com\/index.php\/wp-json\/wp\/v2\/posts"}],"about":[{"href":"https:\/\/lamarinabj.com\/index.php\/wp-json\/wp\/v2\/types\/post"}],"author":[{"embeddable":true,"href":"https:\/\/lamarinabj.com\/index.php\/wp-json\/wp\/v2\/users\/4"}],"replies":[{"embeddable":true,"href":"https:\/\/lamarinabj.com\/index.php\/wp-json\/wp\/v2\/comments?post=10176"}],"version-history":[{"count":3,"href":"https:\/\/lamarinabj.com\/index.php\/wp-json\/wp\/v2\/posts\/10176\/revisions"}],"predecessor-version":[{"id":10182,"href":"https:\/\/lamarinabj.com\/index.php\/wp-json\/wp\/v2\/posts\/10176\/revisions\/10182"}],"wp:featuredmedia":[{"embeddable":true,"href":"https:\/\/lamarinabj.com\/index.php\/wp-json\/wp\/v2\/media\/10177"}],"wp:attachment":[{"href":"https:\/\/lamarinabj.com\/index.php\/wp-json\/wp\/v2\/media?parent=10176"}],"wp:term":[{"taxonomy":"category","embeddable":true,"href":"https:\/\/lamarinabj.com\/index.php\/wp-json\/wp\/v2\/categories?post=10176"},{"taxonomy":"post_tag","embeddable":true,"href":"https:\/\/lamarinabj.com\/index.php\/wp-json\/wp\/v2\/tags?post=10176"}],"curies":[{"name":"wp","href":"https:\/\/api.w.org\/{rel}","templated":true}]}}