{"id":10344,"date":"2025-02-24T15:24:00","date_gmt":"2025-02-24T14:24:00","guid":{"rendered":"https:\/\/lamarinabj.com\/?p=10344"},"modified":"2025-02-24T15:39:35","modified_gmt":"2025-02-24T14:39:35","slug":"coton-en-afrique-le-benin-attendu-a-la-reunion-bilan-du-pr-pica-2025-a-douala","status":"publish","type":"post","link":"https:\/\/lamarinabj.com\/index.php\/2025\/02\/24\/coton-en-afrique-le-benin-attendu-a-la-reunion-bilan-du-pr-pica-2025-a-douala\/","title":{"rendered":"Coton en Afrique : Le B\u00e9nin attendu \u00e0 la r\u00e9union bilan du PR-PICA 2025 \u00e0 Douala"},"content":{"rendered":"\n<p><strong><mark style=\"background-color:rgba(0, 0, 0, 0)\" class=\"has-inline-color has-red-color\">Rencontre internationale<\/mark><\/strong> &#8211; <strong><em>Du 8 au 11 avril 2025, Douala, au Cameroun, accueillera la r\u00e9union bilan annuelle du Programme r\u00e9gional de la production int\u00e9gr\u00e9e du coton en Afrique (PR-PICA). Cet \u00e9v\u00e9nement crucial r\u00e9unira pr\u00e8s de 200 participants \u2013 chercheurs, producteurs, soci\u00e9t\u00e9s cotonni\u00e8res et partenaires techniques et financiers \u2013 pour \u00e9changer sur les r\u00e9sultats de la campagne cotonni\u00e8re 2024-2025. <\/em><\/strong><\/p>\n\n\n\n<p>Au programme : le bilan de la campagne, les avanc\u00e9es en recherche-d\u00e9veloppement et des perspectives pour une gestion durable de la production cotonni\u00e8re face aux d\u00e9fis climatiques et environnementaux. Pour le B\u00e9nin, cette r\u00e9union s\u2019annonce d\u00e9cisive alors que le pays ambitionne de red\u00e9finir sa place de leader.<\/p>\n\n\n\n<h2 id=\"une-rencontre-pour-faire-le-point-sur-la-campagne-cotonniere-2024-2025\" class=\"wp-block-heading\"><mark style=\"background-color:rgba(0, 0, 0, 0)\" class=\"has-inline-color has-red-color\">Une rencontre pour faire le point sur la campagne cotonni\u00e8re 2024-2025<\/mark><\/h2>\n\n\n\n<p>La r\u00e9union bilan du PR-PICA est un rendez-vous strat\u00e9gique pour les acteurs de la fili\u00e8re cotonni\u00e8re. L\u2019objectif principal est de faire le bilan de la campagne cotonni\u00e8re 2024-2025 dans les huit pays membres du programme. Les r\u00e9sultats des activit\u00e9s de recherche-d\u00e9veloppement seront pr\u00e9sent\u00e9s, avec une attention particuli\u00e8re port\u00e9e \u00e0 la gestion des ravageurs, \u00e0 la fertilit\u00e9 des sols et au d\u00e9veloppement de nouvelles vari\u00e9t\u00e9s de coton adapt\u00e9es aux changements climatiques.<\/p>\n\n\n\n<p>Ces \u00e9changes permettront \u00e9galement de tracer les grandes lignes des \u00e9volutions \u00e0 venir pour une gestion int\u00e9gr\u00e9e et durable de la production cotonni\u00e8re en Afrique.<\/p>\n\n\n\n<h2 id=\"des-enjeux-strategiques-pour-la-filiere-cotonniere-africaine\" class=\"wp-block-heading\"><mark style=\"background-color:rgba(0, 0, 0, 0)\" class=\"has-inline-color has-red-color\">Des enjeux strat\u00e9giques pour la fili\u00e8re cotonni\u00e8re africaine<\/mark><\/h2>\n\n\n\n<p>Au-del\u00e0 de la comp\u00e9tition entre pays producteurs, cette r\u00e9union repr\u00e9sente un enjeu strat\u00e9gique majeur pour la fili\u00e8re cotonni\u00e8re en Afrique. Le coton reste un pilier \u00e9conomique pour des pays comme le B\u00e9nin, le Mali et le Cameroun, en tant que source importante de devises et de d\u00e9veloppement rural. Les discussions qui se tiendront \u00e0 Douala permettront de d\u00e9finir des strat\u00e9gies communes pour renforcer la comp\u00e9titivit\u00e9 du secteur face aux d\u00e9fis environnementaux et aux fluctuations des march\u00e9s mondiaux. La collaboration entre chercheurs, producteurs et partenaires financiers sera essentielle pour garantir la durabilit\u00e9 de la production cotonni\u00e8re sur le continent.<\/p>\n\n\n\n<p>La r\u00e9union bilan du PR-PICA \u00e0 Douala s\u2019annonce donc comme un moment d\u00e9cisif pour le B\u00e9nin et ses voisins producteurs. Les r\u00e9sultats qui en d\u00e9couleront auront un impact direct sur l\u2019avenir de la fili\u00e8re cotonni\u00e8re en Afrique, et notamment sur la position du B\u00e9nin en tant que leader r\u00e9gional.<\/p>\n","protected":false},"excerpt":{"rendered":"Rencontre internationale &#8211; Du 8 au 11 avril 2025, Douala, au Cameroun, accueillera la r\u00e9union bilan annuelle du&hellip;\n","protected":false},"author":4,"featured_media":10345,"comment_status":"open","ping_status":"open","sticky":false,"template":"elementor_theme","format":"standard","meta":{"csco_singular_sidebar":"","csco_page_header_type":"standard","csco_appearance_masonry":"","csco_page_load_nextpost":"","csco_post_video_location":[],"csco_post_video_location_hash":"","csco_post_video_url":"","csco_post_video_bg_start_time":0,"csco_post_video_bg_end_time":0,"footnotes":""},"categories":[57,191],"tags":[55,41,380,901],"class_list":{"0":"post-10344","1":"post","2":"type-post","3":"status-publish","4":"format-standard","5":"has-post-thumbnail","7":"category-a-suivre","8":"category-en-savoir-plus-2","9":"tag-afrique","10":"tag-benin","11":"tag-coton","12":"tag-pr-pica","13":"cs-entry","14":"cs-video-wrap"},"yoast_head":"<!-- This site is optimized with the Yoast SEO plugin v27.4 - https:\/\/yoast.com\/product\/yoast-seo-wordpress\/ -->\n<title>Coton en Afrique : Le B\u00e9nin attendu \u00e0 la r\u00e9union bilan du PR-PICA 2025 \u00e0 Douala - LA MARINA BJ<\/title>\n<meta name=\"description\" content=\"Cet \u00e9v\u00e9nement crucial r\u00e9unira pr\u00e8s de 200 participants \u2013 chercheurs, producteurs, soci\u00e9t\u00e9s cotonni\u00e8res et partenaires techniques et financiers \u2013 pour \u00e9changer sur les r\u00e9sultats de la campagne cotonni\u00e8re 2024-2025.\" \/>\n<meta name=\"robots\" content=\"index, follow, max-snippet:-1, max-image-preview:large, max-video-preview:-1\" \/>\n<link rel=\"canonical\" href=\"https:\/\/lamarinabj.com\/index.php\/2025\/02\/24\/coton-en-afrique-le-benin-attendu-a-la-reunion-bilan-du-pr-pica-2025-a-douala\/\" \/>\n<meta property=\"og:locale\" content=\"fr_FR\" \/>\n<meta property=\"og:type\" content=\"article\" \/>\n<meta property=\"og:title\" content=\"Coton en Afrique : Le B\u00e9nin attendu \u00e0 la r\u00e9union bilan du PR-PICA 2025 \u00e0 Douala - LA MARINA BJ\" \/>\n<meta property=\"og:description\" content=\"Cet \u00e9v\u00e9nement crucial r\u00e9unira pr\u00e8s de 200 participants \u2013 chercheurs, producteurs, soci\u00e9t\u00e9s cotonni\u00e8res et partenaires techniques et financiers \u2013 pour \u00e9changer sur les r\u00e9sultats de la campagne cotonni\u00e8re 2024-2025.\" \/>\n<meta property=\"og:url\" content=\"https:\/\/lamarinabj.com\/index.php\/2025\/02\/24\/coton-en-afrique-le-benin-attendu-a-la-reunion-bilan-du-pr-pica-2025-a-douala\/\" \/>\n<meta property=\"og:site_name\" content=\"LA MARINA BJ\" \/>\n<meta property=\"article:published_time\" content=\"2025-02-24T14:24:00+00:00\" \/>\n<meta property=\"article:modified_time\" content=\"2025-02-24T14:39:35+00:00\" \/>\n<meta property=\"og:image\" content=\"https:\/\/lamarinabj.com\/wp-content\/uploads\/2025\/02\/IMG-20250224-WA00041.jpg\" \/>\n\t<meta property=\"og:image:width\" content=\"1080\" \/>\n\t<meta property=\"og:image:height\" content=\"1080\" \/>\n\t<meta property=\"og:image:type\" content=\"image\/jpeg\" \/>\n<meta name=\"author\" content=\"La Marina BJ - Team Affaires Judiciaires\" \/>\n<meta name=\"twitter:card\" content=\"summary_large_image\" \/>\n<meta name=\"twitter:label1\" content=\"\u00c9crit par\" \/>\n\t<meta name=\"twitter:data1\" content=\"La Marina BJ - Team Affaires Judiciaires\" \/>\n\t<meta name=\"twitter:label2\" content=\"Dur\u00e9e de lecture estim\u00e9e\" \/>\n\t<meta name=\"twitter:data2\" content=\"3 minutes\" \/>\n<script type=\"application\/ld+json\" class=\"yoast-schema-graph\">{\"@context\":\"https:\\\/\\\/schema.org\",\"@graph\":[{\"@type\":\"NewsArticle\",\"@id\":\"https:\\\/\\\/lamarinabj.com\\\/index.php\\\/2025\\\/02\\\/24\\\/coton-en-afrique-le-benin-attendu-a-la-reunion-bilan-du-pr-pica-2025-a-douala\\\/#article\",\"isPartOf\":{\"@id\":\"https:\\\/\\\/lamarinabj.com\\\/index.php\\\/2025\\\/02\\\/24\\\/coton-en-afrique-le-benin-attendu-a-la-reunion-bilan-du-pr-pica-2025-a-douala\\\/\"},\"author\":{\"name\":\"La Marina BJ - Team Affaires Judiciaires\",\"@id\":\"https:\\\/\\\/lamarinabj.com\\\/#\\\/schema\\\/person\\\/e64c6145b3fb25d98218ef3bafce37de\"},\"headline\":\"Coton en Afrique : Le B\u00e9nin attendu \u00e0 la r\u00e9union bilan du PR-PICA 2025 \u00e0 Douala\",\"datePublished\":\"2025-02-24T14:24:00+00:00\",\"dateModified\":\"2025-02-24T14:39:35+00:00\",\"mainEntityOfPage\":{\"@id\":\"https:\\\/\\\/lamarinabj.com\\\/index.php\\\/2025\\\/02\\\/24\\\/coton-en-afrique-le-benin-attendu-a-la-reunion-bilan-du-pr-pica-2025-a-douala\\\/\"},\"wordCount\":438,\"commentCount\":0,\"image\":{\"@id\":\"https:\\\/\\\/lamarinabj.com\\\/index.php\\\/2025\\\/02\\\/24\\\/coton-en-afrique-le-benin-attendu-a-la-reunion-bilan-du-pr-pica-2025-a-douala\\\/#primaryimage\"},\"thumbnailUrl\":\"https:\\\/\\\/lamarinabj.com\\\/wp-content\\\/uploads\\\/2025\\\/02\\\/IMG-20250224-WA00041.jpg\",\"keywords\":[\"Afrique\",\"B\u00e9nin\",\"Coton\",\"Pr-pica\"],\"articleSection\":[\"\u00c0 SUIVRE\",\"EN SAVOIR PLUS\"],\"inLanguage\":\"fr-FR\",\"potentialAction\":[{\"@type\":\"CommentAction\",\"name\":\"Comment\",\"target\":[\"https:\\\/\\\/lamarinabj.com\\\/index.php\\\/2025\\\/02\\\/24\\\/coton-en-afrique-le-benin-attendu-a-la-reunion-bilan-du-pr-pica-2025-a-douala\\\/#respond\"]}]},{\"@type\":[\"WebPage\",\"SearchResultsPage\"],\"@id\":\"https:\\\/\\\/lamarinabj.com\\\/index.php\\\/2025\\\/02\\\/24\\\/coton-en-afrique-le-benin-attendu-a-la-reunion-bilan-du-pr-pica-2025-a-douala\\\/\",\"url\":\"https:\\\/\\\/lamarinabj.com\\\/index.php\\\/2025\\\/02\\\/24\\\/coton-en-afrique-le-benin-attendu-a-la-reunion-bilan-du-pr-pica-2025-a-douala\\\/\",\"name\":\"Coton en Afrique : Le B\u00e9nin attendu \u00e0 la r\u00e9union bilan du PR-PICA 2025 \u00e0 Douala - LA MARINA BJ\",\"isPartOf\":{\"@id\":\"https:\\\/\\\/lamarinabj.com\\\/#website\"},\"primaryImageOfPage\":{\"@id\":\"https:\\\/\\\/lamarinabj.com\\\/index.php\\\/2025\\\/02\\\/24\\\/coton-en-afrique-le-benin-attendu-a-la-reunion-bilan-du-pr-pica-2025-a-douala\\\/#primaryimage\"},\"image\":{\"@id\":\"https:\\\/\\\/lamarinabj.com\\\/index.php\\\/2025\\\/02\\\/24\\\/coton-en-afrique-le-benin-attendu-a-la-reunion-bilan-du-pr-pica-2025-a-douala\\\/#primaryimage\"},\"thumbnailUrl\":\"https:\\\/\\\/lamarinabj.com\\\/wp-content\\\/uploads\\\/2025\\\/02\\\/IMG-20250224-WA00041.jpg\",\"datePublished\":\"2025-02-24T14:24:00+00:00\",\"dateModified\":\"2025-02-24T14:39:35+00:00\",\"author\":{\"@id\":\"https:\\\/\\\/lamarinabj.com\\\/#\\\/schema\\\/person\\\/e64c6145b3fb25d98218ef3bafce37de\"},\"description\":\"Cet \u00e9v\u00e9nement crucial r\u00e9unira pr\u00e8s de 200 participants \u2013 chercheurs, producteurs, soci\u00e9t\u00e9s cotonni\u00e8res et partenaires techniques et financiers \u2013 pour \u00e9changer sur les r\u00e9sultats de la campagne cotonni\u00e8re 2024-2025.\",\"breadcrumb\":{\"@id\":\"https:\\\/\\\/lamarinabj.com\\\/index.php\\\/2025\\\/02\\\/24\\\/coton-en-afrique-le-benin-attendu-a-la-reunion-bilan-du-pr-pica-2025-a-douala\\\/#breadcrumb\"},\"inLanguage\":\"fr-FR\",\"potentialAction\":[{\"@type\":\"ReadAction\",\"target\":[\"https:\\\/\\\/lamarinabj.com\\\/index.php\\\/2025\\\/02\\\/24\\\/coton-en-afrique-le-benin-attendu-a-la-reunion-bilan-du-pr-pica-2025-a-douala\\\/\"]}]},{\"@type\":\"ImageObject\",\"inLanguage\":\"fr-FR\",\"@id\":\"https:\\\/\\\/lamarinabj.com\\\/index.php\\\/2025\\\/02\\\/24\\\/coton-en-afrique-le-benin-attendu-a-la-reunion-bilan-du-pr-pica-2025-a-douala\\\/#primaryimage\",\"url\":\"https:\\\/\\\/lamarinabj.com\\\/wp-content\\\/uploads\\\/2025\\\/02\\\/IMG-20250224-WA00041.jpg\",\"contentUrl\":\"https:\\\/\\\/lamarinabj.com\\\/wp-content\\\/uploads\\\/2025\\\/02\\\/IMG-20250224-WA00041.jpg\",\"width\":1080,\"height\":1080},{\"@type\":\"BreadcrumbList\",\"@id\":\"https:\\\/\\\/lamarinabj.com\\\/index.php\\\/2025\\\/02\\\/24\\\/coton-en-afrique-le-benin-attendu-a-la-reunion-bilan-du-pr-pica-2025-a-douala\\\/#breadcrumb\",\"itemListElement\":[{\"@type\":\"ListItem\",\"position\":1,\"name\":\"Accueil\",\"item\":\"https:\\\/\\\/lamarinabj.com\\\/\"},{\"@type\":\"ListItem\",\"position\":2,\"name\":\"Coton en Afrique : Le B\u00e9nin attendu \u00e0 la r\u00e9union bilan du PR-PICA 2025 \u00e0 Douala\"}]},{\"@type\":\"WebSite\",\"@id\":\"https:\\\/\\\/lamarinabj.com\\\/#website\",\"url\":\"https:\\\/\\\/lamarinabj.com\\\/\",\"name\":\"LA MARINA BJ\",\"description\":\"Votre portail vers l&#039;information strat\u00e9gique au B\u00e9nin, en Afrique et au-del\u00e0\",\"potentialAction\":[{\"@type\":\"SearchAction\",\"target\":{\"@type\":\"EntryPoint\",\"urlTemplate\":\"https:\\\/\\\/lamarinabj.com\\\/?s={search_term_string}\"},\"query-input\":{\"@type\":\"PropertyValueSpecification\",\"valueRequired\":true,\"valueName\":\"search_term_string\"}}],\"inLanguage\":\"fr-FR\"},{\"@type\":\"Person\",\"@id\":\"https:\\\/\\\/lamarinabj.com\\\/#\\\/schema\\\/person\\\/e64c6145b3fb25d98218ef3bafce37de\",\"name\":\"La Marina BJ - Team Affaires Judiciaires\",\"image\":{\"@type\":\"ImageObject\",\"inLanguage\":\"fr-FR\",\"@id\":\"https:\\\/\\\/secure.gravatar.com\\\/avatar\\\/dcd47faa85727203c51c1a84009b684b305ba179e4848c26009abb855df90961?s=96&d=mm&r=g\",\"url\":\"https:\\\/\\\/secure.gravatar.com\\\/avatar\\\/dcd47faa85727203c51c1a84009b684b305ba179e4848c26009abb855df90961?s=96&d=mm&r=g\",\"contentUrl\":\"https:\\\/\\\/secure.gravatar.com\\\/avatar\\\/dcd47faa85727203c51c1a84009b684b305ba179e4848c26009abb855df90961?s=96&d=mm&r=g\",\"caption\":\"La Marina BJ - Team Affaires Judiciaires\"},\"description\":\"Au c\u0153ur de l\u2019actualit\u00e9 juridico-\u00e9conomique, la Team Justice &amp; Affaires judiciaires de La Marina BJ s'affirme comme un p\u00f4le de r\u00e9f\u00e9rence dans la couverture des proc\u00e9dures judiciaires, des contentieux commerciaux et des d\u00e9cisions de justice \u00e0 fort impact strat\u00e9gique.\",\"url\":\"https:\\\/\\\/lamarinabj.com\\\/index.php\\\/author\\\/marc\\\/\"}]}<\/script>\n<!-- \/ Yoast SEO plugin. -->","yoast_head_json":{"title":"Coton en Afrique : Le B\u00e9nin attendu \u00e0 la r\u00e9union bilan du PR-PICA 2025 \u00e0 Douala - LA MARINA BJ","description":"Cet \u00e9v\u00e9nement crucial r\u00e9unira pr\u00e8s de 200 participants \u2013 chercheurs, producteurs, soci\u00e9t\u00e9s cotonni\u00e8res et partenaires techniques et financiers \u2013 pour \u00e9changer sur les r\u00e9sultats de la campagne cotonni\u00e8re 2024-2025.","robots":{"index":"index","follow":"follow","max-snippet":"max-snippet:-1","max-image-preview":"max-image-preview:large","max-video-preview":"max-video-preview:-1"},"canonical":"https:\/\/lamarinabj.com\/index.php\/2025\/02\/24\/coton-en-afrique-le-benin-attendu-a-la-reunion-bilan-du-pr-pica-2025-a-douala\/","og_locale":"fr_FR","og_type":"article","og_title":"Coton en Afrique : Le B\u00e9nin attendu \u00e0 la r\u00e9union bilan du PR-PICA 2025 \u00e0 Douala - LA MARINA BJ","og_description":"Cet \u00e9v\u00e9nement crucial r\u00e9unira pr\u00e8s de 200 participants \u2013 chercheurs, producteurs, soci\u00e9t\u00e9s cotonni\u00e8res et partenaires techniques et financiers \u2013 pour \u00e9changer sur les r\u00e9sultats de la campagne cotonni\u00e8re 2024-2025.","og_url":"https:\/\/lamarinabj.com\/index.php\/2025\/02\/24\/coton-en-afrique-le-benin-attendu-a-la-reunion-bilan-du-pr-pica-2025-a-douala\/","og_site_name":"LA MARINA BJ","article_published_time":"2025-02-24T14:24:00+00:00","article_modified_time":"2025-02-24T14:39:35+00:00","og_image":[{"width":1080,"height":1080,"url":"https:\/\/lamarinabj.com\/wp-content\/uploads\/2025\/02\/IMG-20250224-WA00041.jpg","type":"image\/jpeg"}],"author":"La Marina BJ - Team Affaires Judiciaires","twitter_card":"summary_large_image","twitter_misc":{"\u00c9crit par":"La Marina BJ - Team Affaires Judiciaires","Dur\u00e9e de lecture estim\u00e9e":"3 minutes"},"schema":{"@context":"https:\/\/schema.org","@graph":[{"@type":"NewsArticle","@id":"https:\/\/lamarinabj.com\/index.php\/2025\/02\/24\/coton-en-afrique-le-benin-attendu-a-la-reunion-bilan-du-pr-pica-2025-a-douala\/#article","isPartOf":{"@id":"https:\/\/lamarinabj.com\/index.php\/2025\/02\/24\/coton-en-afrique-le-benin-attendu-a-la-reunion-bilan-du-pr-pica-2025-a-douala\/"},"author":{"name":"La Marina BJ - Team Affaires Judiciaires","@id":"https:\/\/lamarinabj.com\/#\/schema\/person\/e64c6145b3fb25d98218ef3bafce37de"},"headline":"Coton en Afrique : Le B\u00e9nin attendu \u00e0 la r\u00e9union bilan du PR-PICA 2025 \u00e0 Douala","datePublished":"2025-02-24T14:24:00+00:00","dateModified":"2025-02-24T14:39:35+00:00","mainEntityOfPage":{"@id":"https:\/\/lamarinabj.com\/index.php\/2025\/02\/24\/coton-en-afrique-le-benin-attendu-a-la-reunion-bilan-du-pr-pica-2025-a-douala\/"},"wordCount":438,"commentCount":0,"image":{"@id":"https:\/\/lamarinabj.com\/index.php\/2025\/02\/24\/coton-en-afrique-le-benin-attendu-a-la-reunion-bilan-du-pr-pica-2025-a-douala\/#primaryimage"},"thumbnailUrl":"https:\/\/lamarinabj.com\/wp-content\/uploads\/2025\/02\/IMG-20250224-WA00041.jpg","keywords":["Afrique","B\u00e9nin","Coton","Pr-pica"],"articleSection":["\u00c0 SUIVRE","EN SAVOIR PLUS"],"inLanguage":"fr-FR","potentialAction":[{"@type":"CommentAction","name":"Comment","target":["https:\/\/lamarinabj.com\/index.php\/2025\/02\/24\/coton-en-afrique-le-benin-attendu-a-la-reunion-bilan-du-pr-pica-2025-a-douala\/#respond"]}]},{"@type":["WebPage","SearchResultsPage"],"@id":"https:\/\/lamarinabj.com\/index.php\/2025\/02\/24\/coton-en-afrique-le-benin-attendu-a-la-reunion-bilan-du-pr-pica-2025-a-douala\/","url":"https:\/\/lamarinabj.com\/index.php\/2025\/02\/24\/coton-en-afrique-le-benin-attendu-a-la-reunion-bilan-du-pr-pica-2025-a-douala\/","name":"Coton en Afrique : Le B\u00e9nin attendu \u00e0 la r\u00e9union bilan du PR-PICA 2025 \u00e0 Douala - LA MARINA BJ","isPartOf":{"@id":"https:\/\/lamarinabj.com\/#website"},"primaryImageOfPage":{"@id":"https:\/\/lamarinabj.com\/index.php\/2025\/02\/24\/coton-en-afrique-le-benin-attendu-a-la-reunion-bilan-du-pr-pica-2025-a-douala\/#primaryimage"},"image":{"@id":"https:\/\/lamarinabj.com\/index.php\/2025\/02\/24\/coton-en-afrique-le-benin-attendu-a-la-reunion-bilan-du-pr-pica-2025-a-douala\/#primaryimage"},"thumbnailUrl":"https:\/\/lamarinabj.com\/wp-content\/uploads\/2025\/02\/IMG-20250224-WA00041.jpg","datePublished":"2025-02-24T14:24:00+00:00","dateModified":"2025-02-24T14:39:35+00:00","author":{"@id":"https:\/\/lamarinabj.com\/#\/schema\/person\/e64c6145b3fb25d98218ef3bafce37de"},"description":"Cet \u00e9v\u00e9nement crucial r\u00e9unira pr\u00e8s de 200 participants \u2013 chercheurs, producteurs, soci\u00e9t\u00e9s cotonni\u00e8res et partenaires techniques et financiers \u2013 pour \u00e9changer sur les r\u00e9sultats de la campagne cotonni\u00e8re 2024-2025.","breadcrumb":{"@id":"https:\/\/lamarinabj.com\/index.php\/2025\/02\/24\/coton-en-afrique-le-benin-attendu-a-la-reunion-bilan-du-pr-pica-2025-a-douala\/#breadcrumb"},"inLanguage":"fr-FR","potentialAction":[{"@type":"ReadAction","target":["https:\/\/lamarinabj.com\/index.php\/2025\/02\/24\/coton-en-afrique-le-benin-attendu-a-la-reunion-bilan-du-pr-pica-2025-a-douala\/"]}]},{"@type":"ImageObject","inLanguage":"fr-FR","@id":"https:\/\/lamarinabj.com\/index.php\/2025\/02\/24\/coton-en-afrique-le-benin-attendu-a-la-reunion-bilan-du-pr-pica-2025-a-douala\/#primaryimage","url":"https:\/\/lamarinabj.com\/wp-content\/uploads\/2025\/02\/IMG-20250224-WA00041.jpg","contentUrl":"https:\/\/lamarinabj.com\/wp-content\/uploads\/2025\/02\/IMG-20250224-WA00041.jpg","width":1080,"height":1080},{"@type":"BreadcrumbList","@id":"https:\/\/lamarinabj.com\/index.php\/2025\/02\/24\/coton-en-afrique-le-benin-attendu-a-la-reunion-bilan-du-pr-pica-2025-a-douala\/#breadcrumb","itemListElement":[{"@type":"ListItem","position":1,"name":"Accueil","item":"https:\/\/lamarinabj.com\/"},{"@type":"ListItem","position":2,"name":"Coton en Afrique : Le B\u00e9nin attendu \u00e0 la r\u00e9union bilan du PR-PICA 2025 \u00e0 Douala"}]},{"@type":"WebSite","@id":"https:\/\/lamarinabj.com\/#website","url":"https:\/\/lamarinabj.com\/","name":"LA MARINA BJ","description":"Votre portail vers l&#039;information strat\u00e9gique au B\u00e9nin, en Afrique et au-del\u00e0","potentialAction":[{"@type":"SearchAction","target":{"@type":"EntryPoint","urlTemplate":"https:\/\/lamarinabj.com\/?s={search_term_string}"},"query-input":{"@type":"PropertyValueSpecification","valueRequired":true,"valueName":"search_term_string"}}],"inLanguage":"fr-FR"},{"@type":"Person","@id":"https:\/\/lamarinabj.com\/#\/schema\/person\/e64c6145b3fb25d98218ef3bafce37de","name":"La Marina BJ - Team Affaires Judiciaires","image":{"@type":"ImageObject","inLanguage":"fr-FR","@id":"https:\/\/secure.gravatar.com\/avatar\/dcd47faa85727203c51c1a84009b684b305ba179e4848c26009abb855df90961?s=96&d=mm&r=g","url":"https:\/\/secure.gravatar.com\/avatar\/dcd47faa85727203c51c1a84009b684b305ba179e4848c26009abb855df90961?s=96&d=mm&r=g","contentUrl":"https:\/\/secure.gravatar.com\/avatar\/dcd47faa85727203c51c1a84009b684b305ba179e4848c26009abb855df90961?s=96&d=mm&r=g","caption":"La Marina BJ - Team Affaires Judiciaires"},"description":"Au c\u0153ur de l\u2019actualit\u00e9 juridico-\u00e9conomique, la Team Justice &amp; Affaires judiciaires de La Marina BJ s'affirme comme un p\u00f4le de r\u00e9f\u00e9rence dans la couverture des proc\u00e9dures judiciaires, des contentieux commerciaux et des d\u00e9cisions de justice \u00e0 fort impact strat\u00e9gique.","url":"https:\/\/lamarinabj.com\/index.php\/author\/marc\/"}]}},"_links":{"self":[{"href":"https:\/\/lamarinabj.com\/index.php\/wp-json\/wp\/v2\/posts\/10344","targetHints":{"allow":["GET"]}}],"collection":[{"href":"https:\/\/lamarinabj.com\/index.php\/wp-json\/wp\/v2\/posts"}],"about":[{"href":"https:\/\/lamarinabj.com\/index.php\/wp-json\/wp\/v2\/types\/post"}],"author":[{"embeddable":true,"href":"https:\/\/lamarinabj.com\/index.php\/wp-json\/wp\/v2\/users\/4"}],"replies":[{"embeddable":true,"href":"https:\/\/lamarinabj.com\/index.php\/wp-json\/wp\/v2\/comments?post=10344"}],"version-history":[{"count":1,"href":"https:\/\/lamarinabj.com\/index.php\/wp-json\/wp\/v2\/posts\/10344\/revisions"}],"predecessor-version":[{"id":10346,"href":"https:\/\/lamarinabj.com\/index.php\/wp-json\/wp\/v2\/posts\/10344\/revisions\/10346"}],"wp:featuredmedia":[{"embeddable":true,"href":"https:\/\/lamarinabj.com\/index.php\/wp-json\/wp\/v2\/media\/10345"}],"wp:attachment":[{"href":"https:\/\/lamarinabj.com\/index.php\/wp-json\/wp\/v2\/media?parent=10344"}],"wp:term":[{"taxonomy":"category","embeddable":true,"href":"https:\/\/lamarinabj.com\/index.php\/wp-json\/wp\/v2\/categories?post=10344"},{"taxonomy":"post_tag","embeddable":true,"href":"https:\/\/lamarinabj.com\/index.php\/wp-json\/wp\/v2\/tags?post=10344"}],"curies":[{"name":"wp","href":"https:\/\/api.w.org\/{rel}","templated":true}]}}