{"id":10391,"date":"2025-02-27T13:15:00","date_gmt":"2025-02-27T12:15:00","guid":{"rendered":"https:\/\/lamarinabj.com\/?p=10391"},"modified":"2025-02-27T13:20:02","modified_gmt":"2025-02-27T12:20:02","slug":"nomination-dun-ambassadeur-en-inde-ces-signes-qui-annoncaient-la-correction-dune-erreur-diplomatique","status":"publish","type":"post","link":"https:\/\/lamarinabj.com\/index.php\/2025\/02\/27\/nomination-dun-ambassadeur-en-inde-ces-signes-qui-annoncaient-la-correction-dune-erreur-diplomatique\/","title":{"rendered":"Nomination d\u2019un ambassadeur en Inde : ces signes qui annon\u00e7aient la correction d\u2019une erreur diplomatique"},"content":{"rendered":"\n<p><strong><mark style=\"background-color:rgba(0, 0, 0, 0)\" class=\"has-inline-color has-red-color\">Diplomatie, B\u00e9nin &#8211;<\/mark><\/strong> <strong><em>Lors du Conseil des ministres du 26 f\u00e9vrier 2025, le gouvernement b\u00e9ninois a officialis\u00e9 la nomination de Jean-Marie Zinsou en tant qu\u2019ambassadeur du B\u00e9nin en Inde. Apr\u00e8s pr\u00e8s de neuf ans d\u2019absence diplomatique \u00e0 New Delhi, cette d\u00e9cision vient refermer une parenth\u00e8se qui, au fil des ann\u00e9es, s\u2019est r\u00e9v\u00e9l\u00e9e \u00eatre une anomalie diplomatique strat\u00e9gique. Derri\u00e8re cette annonce, plusieurs indices laissaient entrevoir un r\u00e9ajustement in\u00e9vitable, tant l\u2019Inde s\u2019est affirm\u00e9e comme un partenaire incontournable pour le B\u00e9nin<\/em><\/strong>.<\/p>\n\n\n\n<p>L\u2019histoire de cette absence diplomatique remonte \u00e0 2016, ann\u00e9e charni\u00e8re o\u00f9 le Chef de l&rsquo;\u00c9tat Patrice Talon, fra\u00eechement \u00e9lu, engage une restructuration du r\u00e9seau diplomatique b\u00e9ninois. Jug\u00e9es trop co\u00fbteuses, certaines repr\u00e9sentations diplomatiques sont ferm\u00e9es, parmi lesquelles l\u2019ambassade du B\u00e9nin en Inde. Officiellement, il s\u2019agissait d\u2019une mesure de rationalisation des finances publiques. L\u2019ambassade du B\u00e9nin \u00e0 P\u00e9kin r\u00e9cup\u00e8re alors la charge de la diplomatie b\u00e9ninoise en Inde, un choix qui, sur le papier, semblait optimis\u00e9, mais qui, dans les faits, s\u2019est vite r\u00e9v\u00e9l\u00e9 limitant.<\/p>\n\n\n\n<h2 id=\"un-partenaire-qui-na-jamais-cesse-de-tendre-la-main\" class=\"wp-block-heading\"><mark style=\"background-color:rgba(0, 0, 0, 0)\" class=\"has-inline-color has-red-color\">Un partenaire qui n\u2019a jamais cess\u00e9 de tendre la main<\/mark><\/h2>\n\n\n\n<p>En d\u00e9pit de cette fermeture, l\u2019Inde a multipli\u00e9 les signes de rapprochement, preuve de l\u2019importance strat\u00e9gique qu\u2019elle accorde au B\u00e9nin. Tout d&rsquo;abord la visite du pr\u00e9sident indien Ram Nath Kovind \u00e0 Cotonou en 2019 marquait un tournant. Premier chef d\u2019\u00c9tat indien \u00e0 se rendre au B\u00e9nin, il apportait dans ses valises une ligne de cr\u00e9dit de 100 millions de dollars et plusieurs accords de coop\u00e9ration, dont la possibilit\u00e9 pour les B\u00e9ninois d\u2019obtenir leur visa en ligne pour l\u2019Inde. Cette visite intervient dans un contexte o\u00f9 les \u00e9changes \u00e9conomiques entre les deux pays s&rsquo;intensifient. l&rsquo;Inde supplantait sa grande rivale, la Chine, en mati\u00e8re commerciale.<\/p>\n\n\n\n<p>Ensuite, en 2022-2023, le volume du commerce bilat\u00e9ral atteint 1,34 milliard de dollars, faisant de l\u2019Inde le premier fournisseur du B\u00e9nin et son deuxi\u00e8me partenaire commercial \u00e0 l\u2019exportation. \u00c0 elle seule, l\u2019Inde absorbe une part consid\u00e9rable du soja et du bois b\u00e9ninois, tandis qu\u2019elle inonde le march\u00e9 b\u00e9ninois de riz et de m\u00e9dicaments.  Selon les donn\u00e9es de l&rsquo;INStaD B\u00e9nin sur le premier semestre 2024, les exportations b\u00e9ninoises vers l\u2019Inde ont atteint 36 milliards de FCFA, notamment gr\u00e2ce au soja et au bois. \u00c0 l\u2019importation, l\u2019Inde domine le march\u00e9 b\u00e9ninois, fournissant 81,2 milliards de FCFA de riz ainsi que des m\u00e9dicaments et des \u00e9quipements industriels essentiels.<\/p>\n\n\n\n<p>L\u2019absence d\u2019une repr\u00e9sentation diplomatique b\u00e9ninoise \u00e0 New Delhi ne passe plus inaper\u00e7ue. Si les affaires continuent de prosp\u00e9rer, la diplomatie, elle, fonctionne au minimum. Pour les investisseurs indiens, l\u2019absence d\u2019un interlocuteur direct complique les d\u00e9marches et freine d&rsquo;autres implantations industrielles.<\/p>\n\n\n\n<h2 id=\"les-signaux-avant-coureurs-dun-retour-diplomatique\" class=\"wp-block-heading\"><mark style=\"background-color:rgba(0, 0, 0, 0)\" class=\"has-inline-color has-red-color\">Les signaux avant-coureurs d\u2019un retour diplomatique<\/mark><\/h2>\n\n\n\n<p>L\u2019id\u00e9e d\u2019un retour du B\u00e9nin en Inde commence \u00e0 se dessiner progressivement d\u00e8s la nomination du ministre Olushegun Bakari \u00e0 la t\u00eate de la diplomatie b\u00e9ninoise. En premier lieu son d\u00e9placement en Inde en d\u00e9cembre 2023 o\u00f9 il a \u00e9t\u00e9 re\u00e7u en audience par son homologue indien,\u00a0Subrahmanyam Jaishankar. En juin 2024, la troisi\u00e8me s\u00e9rie de consultations bilat\u00e9rales entre les minist\u00e8res des Affaires \u00e9trang\u00e8res des deux pays s&rsquo;est tenue \u00e0 Cotonou. Au programme, des discussions autour du commerce, de la formation, et des investissements. La tenue de cette rencontre sur le sol b\u00e9ninois n\u2019est pas anodine. Elle traduit un regain d\u2019int\u00e9r\u00eat du gouvernement b\u00e9ninois pour sa relation avec l\u2019Inde. Plus encore, la d\u00e9cision d\u2019organiser la prochaine session \u00e0 New Delhi est per\u00e7ue comme un signe avant-coureur d\u2019un r\u00e9engagement diplomatique.<\/p>\n\n\n\n<p>Dans les milieux \u00e9conomiques, ce rapprochement est vu comme une n\u00e9cessit\u00e9. L\u2019Inde, qui compte d\u00e9j\u00e0 plus de 90 entreprises install\u00e9es au B\u00e9nin, attend un cadre plus structur\u00e9 pour renforcer sa pr\u00e9sence. Le retour d\u2019un ambassadeur b\u00e9ninois \u00e0 New Delhi devient d\u00e8s lors une question de timing. Et une autre preuve, les f\u00e9licitations du pr\u00e9sident Patrice Talon sur sa page Facebook \u00e0 l&rsquo;endroit de Narendra Modi apr\u00e8s sa victoire aux \u00e9lections l\u00e9gislatives indiennes.<\/p>\n\n\n\n<h2 id=\"correction-dune-erreur-diplomatique-avant-2026\" class=\"wp-block-heading\"><mark style=\"background-color:rgba(0, 0, 0, 0)\" class=\"has-inline-color has-red-color\">Correction d&rsquo;une erreur diplomatique avant 2026<\/mark><\/h2>\n\n\n\n<p>Loin d\u2019\u00eatre un simple acte administratif, la nomination de Jean-Marie Zinsou s\u2019inscrit dans une vision diplomatique \u00e0 long terme. Ancien secr\u00e9taire g\u00e9n\u00e9ral du minist\u00e8re des Affaires \u00e9trang\u00e8res, il est un choix strat\u00e9gique pour redonner du poids \u00e0 la diplomatie b\u00e9ninoise sur place. Bien que d\u00e9mis de son poste \u00e0 l\u2019arriv\u00e9e du ministre actuel Olushegun Bakari, Jean-Marie Zinsou retrouve la confiance de ce dernier gr\u00e2ce \u00e0 son exp\u00e9rience et son r\u00e9seau n\u00e9cessaires pour mener cette mission de redressement diplomatique.<\/p>\n\n\n\n<p>Au-del\u00e0 donc du simple fait de nommer un repr\u00e9sentant \u00e0 New Delhi, ce retour marque une correction assum\u00e9e d\u2019un choix diplomatique qui, avec le recul, a montr\u00e9 ses limites. Pr\u00e8s de neuf ans plus tard, le contexte a chang\u00e9 et m\u00eame bien avant. Le B\u00e9nin, de plus en plus int\u00e9gr\u00e9 aux circuits \u00e9conomiques mondiaux, ne peut se permettre d\u2019\u00eatre sous-repr\u00e9sent\u00e9 dans une puissance \u00e9conomique comme l\u2019Inde.<\/p>\n\n\n\n<p>\u00c0 moins de deux ans de la fin de son second et dernier mandat, le pr\u00e9sident Patrice Talon semble vouloir repositionner le B\u00e9nin sur l\u2019\u00e9chiquier international. Avec cette d\u00e9cision de r\u00e9ouverture diplomatique en Inde, le pays fait le choix de la pr\u00e9sence, de l\u2019influence et de l\u2019accompagnement des int\u00e9r\u00eats \u00e9conomiques b\u00e9ninois \u00e0 l\u2019international. Un choix qui, \u00e0 terme, pourrait \u00eatre \u00e9tendu \u00e0 d\u2019autres pays strat\u00e9giques o\u00f9 le B\u00e9nin gagnerait \u00e0 renforcer sa visibilit\u00e9 diplomatique.<\/p>\n","protected":false},"excerpt":{"rendered":"Diplomatie, B\u00e9nin &#8211; Lors du Conseil des ministres du 26 f\u00e9vrier 2025, le gouvernement b\u00e9ninois a officialis\u00e9 la&hellip;\n","protected":false},"author":3,"featured_media":10392,"comment_status":"open","ping_status":"open","sticky":false,"template":"elementor_theme","format":"standard","meta":{"csco_singular_sidebar":"","csco_page_header_type":"standard","csco_appearance_masonry":"","csco_page_load_nextpost":"","csco_post_video_location":[],"csco_post_video_location_hash":"","csco_post_video_url":"","csco_post_video_bg_start_time":0,"csco_post_video_bg_end_time":0,"footnotes":""},"categories":[85,191,239,1001],"tags":[41,573,44],"class_list":{"0":"post-10391","1":"post","2":"type-post","3":"status-publish","4":"format-standard","5":"has-post-thumbnail","7":"category-diplomatie","8":"category-en-savoir-plus-2","9":"category-levenement-2","10":"category-opinions","11":"tag-benin","12":"tag-inde","13":"tag-patrice-talon","14":"cs-entry","15":"cs-video-wrap"},"yoast_head":"<!-- This site is optimized with the Yoast SEO plugin v27.4 - https:\/\/yoast.com\/product\/yoast-seo-wordpress\/ -->\n<title>Nomination d\u2019un ambassadeur en Inde : ces signes qui annon\u00e7aient la correction d\u2019une erreur diplomatique - LA MARINA BJ<\/title>\n<meta name=\"description\" content=\"Apr\u00e8s pr\u00e8s de neuf ans d\u2019absence diplomatique \u00e0 New Delhi, cette d\u00e9cision vient refermer une parenth\u00e8se qui, au fil des ann\u00e9es, s\u2019est r\u00e9v\u00e9l\u00e9e \u00eatre une anomalie diplomatique strat\u00e9gique. Derri\u00e8re cette annonce, plusieurs indices laissaient entrevoir un r\u00e9ajustement in\u00e9vitable, tant l\u2019Inde s\u2019est affirm\u00e9e comme un partenaire incontournable pour le B\u00e9nin.\" \/>\n<meta name=\"robots\" content=\"index, follow, max-snippet:-1, max-image-preview:large, max-video-preview:-1\" \/>\n<link rel=\"canonical\" href=\"https:\/\/lamarinabj.com\/index.php\/2025\/02\/27\/nomination-dun-ambassadeur-en-inde-ces-signes-qui-annoncaient-la-correction-dune-erreur-diplomatique\/\" \/>\n<meta property=\"og:locale\" content=\"fr_FR\" \/>\n<meta property=\"og:type\" content=\"article\" \/>\n<meta property=\"og:title\" content=\"Nomination d\u2019un ambassadeur en Inde : ces signes qui annon\u00e7aient la correction d\u2019une erreur diplomatique - LA MARINA BJ\" \/>\n<meta property=\"og:description\" content=\"Apr\u00e8s pr\u00e8s de neuf ans d\u2019absence diplomatique \u00e0 New Delhi, cette d\u00e9cision vient refermer une parenth\u00e8se qui, au fil des ann\u00e9es, s\u2019est r\u00e9v\u00e9l\u00e9e \u00eatre une anomalie diplomatique strat\u00e9gique. Derri\u00e8re cette annonce, plusieurs indices laissaient entrevoir un r\u00e9ajustement in\u00e9vitable, tant l\u2019Inde s\u2019est affirm\u00e9e comme un partenaire incontournable pour le B\u00e9nin.\" \/>\n<meta property=\"og:url\" content=\"https:\/\/lamarinabj.com\/index.php\/2025\/02\/27\/nomination-dun-ambassadeur-en-inde-ces-signes-qui-annoncaient-la-correction-dune-erreur-diplomatique\/\" \/>\n<meta property=\"og:site_name\" content=\"LA MARINA BJ\" \/>\n<meta property=\"article:published_time\" content=\"2025-02-27T12:15:00+00:00\" \/>\n<meta property=\"article:modified_time\" content=\"2025-02-27T12:20:02+00:00\" \/>\n<meta property=\"og:image\" content=\"https:\/\/lamarinabj.com\/wp-content\/uploads\/2025\/02\/IMG-20250227-WA0012.jpg\" \/>\n\t<meta property=\"og:image:width\" content=\"1080\" \/>\n\t<meta property=\"og:image:height\" content=\"1080\" \/>\n\t<meta property=\"og:image:type\" content=\"image\/jpeg\" \/>\n<meta name=\"author\" content=\"La Marina BJ - Team Veille &amp; Projets publics\" \/>\n<meta name=\"twitter:card\" content=\"summary_large_image\" \/>\n<meta name=\"twitter:label1\" content=\"\u00c9crit par\" \/>\n\t<meta name=\"twitter:data1\" content=\"La Marina BJ - Team Veille &amp; Projets publics\" \/>\n\t<meta name=\"twitter:label2\" content=\"Dur\u00e9e de lecture estim\u00e9e\" \/>\n\t<meta name=\"twitter:data2\" content=\"5 minutes\" \/>\n<script type=\"application\/ld+json\" class=\"yoast-schema-graph\">{\"@context\":\"https:\\\/\\\/schema.org\",\"@graph\":[{\"@type\":\"NewsArticle\",\"@id\":\"https:\\\/\\\/lamarinabj.com\\\/index.php\\\/2025\\\/02\\\/27\\\/nomination-dun-ambassadeur-en-inde-ces-signes-qui-annoncaient-la-correction-dune-erreur-diplomatique\\\/#article\",\"isPartOf\":{\"@id\":\"https:\\\/\\\/lamarinabj.com\\\/index.php\\\/2025\\\/02\\\/27\\\/nomination-dun-ambassadeur-en-inde-ces-signes-qui-annoncaient-la-correction-dune-erreur-diplomatique\\\/\"},\"author\":{\"name\":\"La Marina BJ - Team Veille &amp; Projets publics\",\"@id\":\"https:\\\/\\\/lamarinabj.com\\\/#\\\/schema\\\/person\\\/70c372a4c3c86bd4844a0382357a0f2d\"},\"headline\":\"Nomination d\u2019un ambassadeur en Inde : ces signes qui annon\u00e7aient la correction d\u2019une erreur diplomatique\",\"datePublished\":\"2025-02-27T12:15:00+00:00\",\"dateModified\":\"2025-02-27T12:20:02+00:00\",\"mainEntityOfPage\":{\"@id\":\"https:\\\/\\\/lamarinabj.com\\\/index.php\\\/2025\\\/02\\\/27\\\/nomination-dun-ambassadeur-en-inde-ces-signes-qui-annoncaient-la-correction-dune-erreur-diplomatique\\\/\"},\"wordCount\":1011,\"commentCount\":0,\"image\":{\"@id\":\"https:\\\/\\\/lamarinabj.com\\\/index.php\\\/2025\\\/02\\\/27\\\/nomination-dun-ambassadeur-en-inde-ces-signes-qui-annoncaient-la-correction-dune-erreur-diplomatique\\\/#primaryimage\"},\"thumbnailUrl\":\"https:\\\/\\\/lamarinabj.com\\\/wp-content\\\/uploads\\\/2025\\\/02\\\/IMG-20250227-WA0012.jpg\",\"keywords\":[\"B\u00e9nin\",\"Inde\",\"Patrice Talon\"],\"articleSection\":[\"DIPLOMATIE\",\"EN SAVOIR PLUS\",\"L'\u00c9V\u00c9NEMENT\",\"OPINIONS\"],\"inLanguage\":\"fr-FR\",\"potentialAction\":[{\"@type\":\"CommentAction\",\"name\":\"Comment\",\"target\":[\"https:\\\/\\\/lamarinabj.com\\\/index.php\\\/2025\\\/02\\\/27\\\/nomination-dun-ambassadeur-en-inde-ces-signes-qui-annoncaient-la-correction-dune-erreur-diplomatique\\\/#respond\"]}]},{\"@type\":[\"WebPage\",\"SearchResultsPage\"],\"@id\":\"https:\\\/\\\/lamarinabj.com\\\/index.php\\\/2025\\\/02\\\/27\\\/nomination-dun-ambassadeur-en-inde-ces-signes-qui-annoncaient-la-correction-dune-erreur-diplomatique\\\/\",\"url\":\"https:\\\/\\\/lamarinabj.com\\\/index.php\\\/2025\\\/02\\\/27\\\/nomination-dun-ambassadeur-en-inde-ces-signes-qui-annoncaient-la-correction-dune-erreur-diplomatique\\\/\",\"name\":\"Nomination d\u2019un ambassadeur en Inde : ces signes qui annon\u00e7aient la correction d\u2019une erreur diplomatique - LA MARINA BJ\",\"isPartOf\":{\"@id\":\"https:\\\/\\\/lamarinabj.com\\\/#website\"},\"primaryImageOfPage\":{\"@id\":\"https:\\\/\\\/lamarinabj.com\\\/index.php\\\/2025\\\/02\\\/27\\\/nomination-dun-ambassadeur-en-inde-ces-signes-qui-annoncaient-la-correction-dune-erreur-diplomatique\\\/#primaryimage\"},\"image\":{\"@id\":\"https:\\\/\\\/lamarinabj.com\\\/index.php\\\/2025\\\/02\\\/27\\\/nomination-dun-ambassadeur-en-inde-ces-signes-qui-annoncaient-la-correction-dune-erreur-diplomatique\\\/#primaryimage\"},\"thumbnailUrl\":\"https:\\\/\\\/lamarinabj.com\\\/wp-content\\\/uploads\\\/2025\\\/02\\\/IMG-20250227-WA0012.jpg\",\"datePublished\":\"2025-02-27T12:15:00+00:00\",\"dateModified\":\"2025-02-27T12:20:02+00:00\",\"author\":{\"@id\":\"https:\\\/\\\/lamarinabj.com\\\/#\\\/schema\\\/person\\\/70c372a4c3c86bd4844a0382357a0f2d\"},\"description\":\"Apr\u00e8s pr\u00e8s de neuf ans d\u2019absence diplomatique \u00e0 New Delhi, cette d\u00e9cision vient refermer une parenth\u00e8se qui, au fil des ann\u00e9es, s\u2019est r\u00e9v\u00e9l\u00e9e \u00eatre une anomalie diplomatique strat\u00e9gique. Derri\u00e8re cette annonce, plusieurs indices laissaient entrevoir un r\u00e9ajustement in\u00e9vitable, tant l\u2019Inde s\u2019est affirm\u00e9e comme un partenaire incontournable pour le B\u00e9nin.\",\"breadcrumb\":{\"@id\":\"https:\\\/\\\/lamarinabj.com\\\/index.php\\\/2025\\\/02\\\/27\\\/nomination-dun-ambassadeur-en-inde-ces-signes-qui-annoncaient-la-correction-dune-erreur-diplomatique\\\/#breadcrumb\"},\"inLanguage\":\"fr-FR\",\"potentialAction\":[{\"@type\":\"ReadAction\",\"target\":[\"https:\\\/\\\/lamarinabj.com\\\/index.php\\\/2025\\\/02\\\/27\\\/nomination-dun-ambassadeur-en-inde-ces-signes-qui-annoncaient-la-correction-dune-erreur-diplomatique\\\/\"]}]},{\"@type\":\"ImageObject\",\"inLanguage\":\"fr-FR\",\"@id\":\"https:\\\/\\\/lamarinabj.com\\\/index.php\\\/2025\\\/02\\\/27\\\/nomination-dun-ambassadeur-en-inde-ces-signes-qui-annoncaient-la-correction-dune-erreur-diplomatique\\\/#primaryimage\",\"url\":\"https:\\\/\\\/lamarinabj.com\\\/wp-content\\\/uploads\\\/2025\\\/02\\\/IMG-20250227-WA0012.jpg\",\"contentUrl\":\"https:\\\/\\\/lamarinabj.com\\\/wp-content\\\/uploads\\\/2025\\\/02\\\/IMG-20250227-WA0012.jpg\",\"width\":1080,\"height\":1080},{\"@type\":\"BreadcrumbList\",\"@id\":\"https:\\\/\\\/lamarinabj.com\\\/index.php\\\/2025\\\/02\\\/27\\\/nomination-dun-ambassadeur-en-inde-ces-signes-qui-annoncaient-la-correction-dune-erreur-diplomatique\\\/#breadcrumb\",\"itemListElement\":[{\"@type\":\"ListItem\",\"position\":1,\"name\":\"Accueil\",\"item\":\"https:\\\/\\\/lamarinabj.com\\\/\"},{\"@type\":\"ListItem\",\"position\":2,\"name\":\"Nomination d\u2019un ambassadeur en Inde : ces signes qui annon\u00e7aient la correction d\u2019une erreur diplomatique\"}]},{\"@type\":\"WebSite\",\"@id\":\"https:\\\/\\\/lamarinabj.com\\\/#website\",\"url\":\"https:\\\/\\\/lamarinabj.com\\\/\",\"name\":\"LA MARINA BJ\",\"description\":\"Votre portail vers l&#039;information strat\u00e9gique au B\u00e9nin, en Afrique et au-del\u00e0\",\"potentialAction\":[{\"@type\":\"SearchAction\",\"target\":{\"@type\":\"EntryPoint\",\"urlTemplate\":\"https:\\\/\\\/lamarinabj.com\\\/?s={search_term_string}\"},\"query-input\":{\"@type\":\"PropertyValueSpecification\",\"valueRequired\":true,\"valueName\":\"search_term_string\"}}],\"inLanguage\":\"fr-FR\"},{\"@type\":\"Person\",\"@id\":\"https:\\\/\\\/lamarinabj.com\\\/#\\\/schema\\\/person\\\/70c372a4c3c86bd4844a0382357a0f2d\",\"name\":\"La Marina BJ - Team Veille &amp; Projets publics\",\"image\":{\"@type\":\"ImageObject\",\"inLanguage\":\"fr-FR\",\"@id\":\"https:\\\/\\\/secure.gravatar.com\\\/avatar\\\/b56740eda81210101c8acebdd7c5c7db1bd0ab57f63df607996683fa153ff0d0?s=96&d=mm&r=g\",\"url\":\"https:\\\/\\\/secure.gravatar.com\\\/avatar\\\/b56740eda81210101c8acebdd7c5c7db1bd0ab57f63df607996683fa153ff0d0?s=96&d=mm&r=g\",\"contentUrl\":\"https:\\\/\\\/secure.gravatar.com\\\/avatar\\\/b56740eda81210101c8acebdd7c5c7db1bd0ab57f63df607996683fa153ff0d0?s=96&d=mm&r=g\",\"caption\":\"La Marina BJ - Team Veille &amp; Projets publics\"},\"description\":\"La Team Veille &amp; Projets publics de La Marina BJ est d\u00e9di\u00e9e \u00e0 la surveillance proactive des dynamiques institutionnelles impuls\u00e9es par l\u2019\u00c9tat, les agences publiques, les collectivit\u00e9s territoriales ainsi que les partenaires techniques et financiers. Gr\u00e2ce \u00e0 une veille strat\u00e9gique permanente, cette \u00e9quipe identifie et suit les projets de d\u00e9veloppement, les \u00e9tudes pr\u00e9alables et les investissements publics majeurs. Elle documente les politiques sectorielles, analyse les enjeux techniques, \u00e9conomiques, sociaux et environnementaux, et produit des contenus exclusifs pour \u00e9clairer les mutations structurelles.\",\"url\":\"https:\\\/\\\/lamarinabj.com\\\/index.php\\\/author\\\/simahou\\\/\"}]}<\/script>\n<!-- \/ Yoast SEO plugin. -->","yoast_head_json":{"title":"Nomination d\u2019un ambassadeur en Inde : ces signes qui annon\u00e7aient la correction d\u2019une erreur diplomatique - LA MARINA BJ","description":"Apr\u00e8s pr\u00e8s de neuf ans d\u2019absence diplomatique \u00e0 New Delhi, cette d\u00e9cision vient refermer une parenth\u00e8se qui, au fil des ann\u00e9es, s\u2019est r\u00e9v\u00e9l\u00e9e \u00eatre une anomalie diplomatique strat\u00e9gique. Derri\u00e8re cette annonce, plusieurs indices laissaient entrevoir un r\u00e9ajustement in\u00e9vitable, tant l\u2019Inde s\u2019est affirm\u00e9e comme un partenaire incontournable pour le B\u00e9nin.","robots":{"index":"index","follow":"follow","max-snippet":"max-snippet:-1","max-image-preview":"max-image-preview:large","max-video-preview":"max-video-preview:-1"},"canonical":"https:\/\/lamarinabj.com\/index.php\/2025\/02\/27\/nomination-dun-ambassadeur-en-inde-ces-signes-qui-annoncaient-la-correction-dune-erreur-diplomatique\/","og_locale":"fr_FR","og_type":"article","og_title":"Nomination d\u2019un ambassadeur en Inde : ces signes qui annon\u00e7aient la correction d\u2019une erreur diplomatique - LA MARINA BJ","og_description":"Apr\u00e8s pr\u00e8s de neuf ans d\u2019absence diplomatique \u00e0 New Delhi, cette d\u00e9cision vient refermer une parenth\u00e8se qui, au fil des ann\u00e9es, s\u2019est r\u00e9v\u00e9l\u00e9e \u00eatre une anomalie diplomatique strat\u00e9gique. Derri\u00e8re cette annonce, plusieurs indices laissaient entrevoir un r\u00e9ajustement in\u00e9vitable, tant l\u2019Inde s\u2019est affirm\u00e9e comme un partenaire incontournable pour le B\u00e9nin.","og_url":"https:\/\/lamarinabj.com\/index.php\/2025\/02\/27\/nomination-dun-ambassadeur-en-inde-ces-signes-qui-annoncaient-la-correction-dune-erreur-diplomatique\/","og_site_name":"LA MARINA BJ","article_published_time":"2025-02-27T12:15:00+00:00","article_modified_time":"2025-02-27T12:20:02+00:00","og_image":[{"width":1080,"height":1080,"url":"https:\/\/lamarinabj.com\/wp-content\/uploads\/2025\/02\/IMG-20250227-WA0012.jpg","type":"image\/jpeg"}],"author":"La Marina BJ - Team Veille &amp; Projets publics","twitter_card":"summary_large_image","twitter_misc":{"\u00c9crit par":"La Marina BJ - Team Veille &amp; Projets publics","Dur\u00e9e de lecture estim\u00e9e":"5 minutes"},"schema":{"@context":"https:\/\/schema.org","@graph":[{"@type":"NewsArticle","@id":"https:\/\/lamarinabj.com\/index.php\/2025\/02\/27\/nomination-dun-ambassadeur-en-inde-ces-signes-qui-annoncaient-la-correction-dune-erreur-diplomatique\/#article","isPartOf":{"@id":"https:\/\/lamarinabj.com\/index.php\/2025\/02\/27\/nomination-dun-ambassadeur-en-inde-ces-signes-qui-annoncaient-la-correction-dune-erreur-diplomatique\/"},"author":{"name":"La Marina BJ - Team Veille &amp; Projets publics","@id":"https:\/\/lamarinabj.com\/#\/schema\/person\/70c372a4c3c86bd4844a0382357a0f2d"},"headline":"Nomination d\u2019un ambassadeur en Inde : ces signes qui annon\u00e7aient la correction d\u2019une erreur diplomatique","datePublished":"2025-02-27T12:15:00+00:00","dateModified":"2025-02-27T12:20:02+00:00","mainEntityOfPage":{"@id":"https:\/\/lamarinabj.com\/index.php\/2025\/02\/27\/nomination-dun-ambassadeur-en-inde-ces-signes-qui-annoncaient-la-correction-dune-erreur-diplomatique\/"},"wordCount":1011,"commentCount":0,"image":{"@id":"https:\/\/lamarinabj.com\/index.php\/2025\/02\/27\/nomination-dun-ambassadeur-en-inde-ces-signes-qui-annoncaient-la-correction-dune-erreur-diplomatique\/#primaryimage"},"thumbnailUrl":"https:\/\/lamarinabj.com\/wp-content\/uploads\/2025\/02\/IMG-20250227-WA0012.jpg","keywords":["B\u00e9nin","Inde","Patrice Talon"],"articleSection":["DIPLOMATIE","EN SAVOIR PLUS","L'\u00c9V\u00c9NEMENT","OPINIONS"],"inLanguage":"fr-FR","potentialAction":[{"@type":"CommentAction","name":"Comment","target":["https:\/\/lamarinabj.com\/index.php\/2025\/02\/27\/nomination-dun-ambassadeur-en-inde-ces-signes-qui-annoncaient-la-correction-dune-erreur-diplomatique\/#respond"]}]},{"@type":["WebPage","SearchResultsPage"],"@id":"https:\/\/lamarinabj.com\/index.php\/2025\/02\/27\/nomination-dun-ambassadeur-en-inde-ces-signes-qui-annoncaient-la-correction-dune-erreur-diplomatique\/","url":"https:\/\/lamarinabj.com\/index.php\/2025\/02\/27\/nomination-dun-ambassadeur-en-inde-ces-signes-qui-annoncaient-la-correction-dune-erreur-diplomatique\/","name":"Nomination d\u2019un ambassadeur en Inde : ces signes qui annon\u00e7aient la correction d\u2019une erreur diplomatique - LA MARINA BJ","isPartOf":{"@id":"https:\/\/lamarinabj.com\/#website"},"primaryImageOfPage":{"@id":"https:\/\/lamarinabj.com\/index.php\/2025\/02\/27\/nomination-dun-ambassadeur-en-inde-ces-signes-qui-annoncaient-la-correction-dune-erreur-diplomatique\/#primaryimage"},"image":{"@id":"https:\/\/lamarinabj.com\/index.php\/2025\/02\/27\/nomination-dun-ambassadeur-en-inde-ces-signes-qui-annoncaient-la-correction-dune-erreur-diplomatique\/#primaryimage"},"thumbnailUrl":"https:\/\/lamarinabj.com\/wp-content\/uploads\/2025\/02\/IMG-20250227-WA0012.jpg","datePublished":"2025-02-27T12:15:00+00:00","dateModified":"2025-02-27T12:20:02+00:00","author":{"@id":"https:\/\/lamarinabj.com\/#\/schema\/person\/70c372a4c3c86bd4844a0382357a0f2d"},"description":"Apr\u00e8s pr\u00e8s de neuf ans d\u2019absence diplomatique \u00e0 New Delhi, cette d\u00e9cision vient refermer une parenth\u00e8se qui, au fil des ann\u00e9es, s\u2019est r\u00e9v\u00e9l\u00e9e \u00eatre une anomalie diplomatique strat\u00e9gique. Derri\u00e8re cette annonce, plusieurs indices laissaient entrevoir un r\u00e9ajustement in\u00e9vitable, tant l\u2019Inde s\u2019est affirm\u00e9e comme un partenaire incontournable pour le B\u00e9nin.","breadcrumb":{"@id":"https:\/\/lamarinabj.com\/index.php\/2025\/02\/27\/nomination-dun-ambassadeur-en-inde-ces-signes-qui-annoncaient-la-correction-dune-erreur-diplomatique\/#breadcrumb"},"inLanguage":"fr-FR","potentialAction":[{"@type":"ReadAction","target":["https:\/\/lamarinabj.com\/index.php\/2025\/02\/27\/nomination-dun-ambassadeur-en-inde-ces-signes-qui-annoncaient-la-correction-dune-erreur-diplomatique\/"]}]},{"@type":"ImageObject","inLanguage":"fr-FR","@id":"https:\/\/lamarinabj.com\/index.php\/2025\/02\/27\/nomination-dun-ambassadeur-en-inde-ces-signes-qui-annoncaient-la-correction-dune-erreur-diplomatique\/#primaryimage","url":"https:\/\/lamarinabj.com\/wp-content\/uploads\/2025\/02\/IMG-20250227-WA0012.jpg","contentUrl":"https:\/\/lamarinabj.com\/wp-content\/uploads\/2025\/02\/IMG-20250227-WA0012.jpg","width":1080,"height":1080},{"@type":"BreadcrumbList","@id":"https:\/\/lamarinabj.com\/index.php\/2025\/02\/27\/nomination-dun-ambassadeur-en-inde-ces-signes-qui-annoncaient-la-correction-dune-erreur-diplomatique\/#breadcrumb","itemListElement":[{"@type":"ListItem","position":1,"name":"Accueil","item":"https:\/\/lamarinabj.com\/"},{"@type":"ListItem","position":2,"name":"Nomination d\u2019un ambassadeur en Inde : ces signes qui annon\u00e7aient la correction d\u2019une erreur diplomatique"}]},{"@type":"WebSite","@id":"https:\/\/lamarinabj.com\/#website","url":"https:\/\/lamarinabj.com\/","name":"LA MARINA BJ","description":"Votre portail vers l&#039;information strat\u00e9gique au B\u00e9nin, en Afrique et au-del\u00e0","potentialAction":[{"@type":"SearchAction","target":{"@type":"EntryPoint","urlTemplate":"https:\/\/lamarinabj.com\/?s={search_term_string}"},"query-input":{"@type":"PropertyValueSpecification","valueRequired":true,"valueName":"search_term_string"}}],"inLanguage":"fr-FR"},{"@type":"Person","@id":"https:\/\/lamarinabj.com\/#\/schema\/person\/70c372a4c3c86bd4844a0382357a0f2d","name":"La Marina BJ - Team Veille &amp; Projets publics","image":{"@type":"ImageObject","inLanguage":"fr-FR","@id":"https:\/\/secure.gravatar.com\/avatar\/b56740eda81210101c8acebdd7c5c7db1bd0ab57f63df607996683fa153ff0d0?s=96&d=mm&r=g","url":"https:\/\/secure.gravatar.com\/avatar\/b56740eda81210101c8acebdd7c5c7db1bd0ab57f63df607996683fa153ff0d0?s=96&d=mm&r=g","contentUrl":"https:\/\/secure.gravatar.com\/avatar\/b56740eda81210101c8acebdd7c5c7db1bd0ab57f63df607996683fa153ff0d0?s=96&d=mm&r=g","caption":"La Marina BJ - Team Veille &amp; Projets publics"},"description":"La Team Veille &amp; Projets publics de La Marina BJ est d\u00e9di\u00e9e \u00e0 la surveillance proactive des dynamiques institutionnelles impuls\u00e9es par l\u2019\u00c9tat, les agences publiques, les collectivit\u00e9s territoriales ainsi que les partenaires techniques et financiers. Gr\u00e2ce \u00e0 une veille strat\u00e9gique permanente, cette \u00e9quipe identifie et suit les projets de d\u00e9veloppement, les \u00e9tudes pr\u00e9alables et les investissements publics majeurs. Elle documente les politiques sectorielles, analyse les enjeux techniques, \u00e9conomiques, sociaux et environnementaux, et produit des contenus exclusifs pour \u00e9clairer les mutations structurelles.","url":"https:\/\/lamarinabj.com\/index.php\/author\/simahou\/"}]}},"_links":{"self":[{"href":"https:\/\/lamarinabj.com\/index.php\/wp-json\/wp\/v2\/posts\/10391","targetHints":{"allow":["GET"]}}],"collection":[{"href":"https:\/\/lamarinabj.com\/index.php\/wp-json\/wp\/v2\/posts"}],"about":[{"href":"https:\/\/lamarinabj.com\/index.php\/wp-json\/wp\/v2\/types\/post"}],"author":[{"embeddable":true,"href":"https:\/\/lamarinabj.com\/index.php\/wp-json\/wp\/v2\/users\/3"}],"replies":[{"embeddable":true,"href":"https:\/\/lamarinabj.com\/index.php\/wp-json\/wp\/v2\/comments?post=10391"}],"version-history":[{"count":6,"href":"https:\/\/lamarinabj.com\/index.php\/wp-json\/wp\/v2\/posts\/10391\/revisions"}],"predecessor-version":[{"id":10402,"href":"https:\/\/lamarinabj.com\/index.php\/wp-json\/wp\/v2\/posts\/10391\/revisions\/10402"}],"wp:featuredmedia":[{"embeddable":true,"href":"https:\/\/lamarinabj.com\/index.php\/wp-json\/wp\/v2\/media\/10392"}],"wp:attachment":[{"href":"https:\/\/lamarinabj.com\/index.php\/wp-json\/wp\/v2\/media?parent=10391"}],"wp:term":[{"taxonomy":"category","embeddable":true,"href":"https:\/\/lamarinabj.com\/index.php\/wp-json\/wp\/v2\/categories?post=10391"},{"taxonomy":"post_tag","embeddable":true,"href":"https:\/\/lamarinabj.com\/index.php\/wp-json\/wp\/v2\/tags?post=10391"}],"curies":[{"name":"wp","href":"https:\/\/api.w.org\/{rel}","templated":true}]}}