{"id":10460,"date":"2025-03-04T11:08:11","date_gmt":"2025-03-04T10:08:11","guid":{"rendered":"https:\/\/lamarinabj.com\/?p=10460"},"modified":"2025-03-04T11:11:50","modified_gmt":"2025-03-04T10:11:50","slug":"benin-fitch-ratings-confirme-une-gestion-proactive-de-la-dette-et-une-reduction-du-deficit","status":"publish","type":"post","link":"https:\/\/lamarinabj.com\/index.php\/2025\/03\/04\/benin-fitch-ratings-confirme-une-gestion-proactive-de-la-dette-et-une-reduction-du-deficit\/","title":{"rendered":"B\u00e9nin : Fitch Ratings confirme une gestion proactive de la dette et une r\u00e9duction du d\u00e9ficit"},"content":{"rendered":"\n<p><strong><mark style=\"background-color:rgba(0, 0, 0, 0)\" class=\"has-inline-color has-red-color\">Gouvernance, B\u00e9nin<\/mark><\/strong> &#8211; <strong><em>L\u2019agence de notation Fitch Ratings a confirm\u00e9, le 21 f\u00e9vrier 2025, la note de d\u00e9faut \u00e9metteur en devises \u00e9trang\u00e8res \u00e0 long terme du B\u00e9nin \u00e0 \u2018B+\u2019 avec une perspective stable. Cette \u00e9valuation refl\u00e8te la solidit\u00e9 des fondamentaux \u00e9conomiques du pays, marqu\u00e9s par une croissance soutenue, une r\u00e9duction du d\u00e9ficit budg\u00e9taire et une gestion proactive de la dette.<\/em><\/strong> <\/p>\n\n\n\n<p>Si des d\u00e9fis persistent, notamment en mati\u00e8re de mobilisation des recettes publiques et de d\u00e9pendance aux \u00e9changes r\u00e9gionaux, Fitch met en avant la r\u00e9silience de l\u2019\u00e9conomie b\u00e9ninoise face aux chocs externes.<\/p>\n\n\n\n<h2 id=\"une-consolidation-budgetaire\" class=\"wp-block-heading\"><mark style=\"background-color:rgba(0, 0, 0, 0)\" class=\"has-inline-color has-red-color\">Une consolidation budg\u00e9taire<\/mark><\/h2>\n\n\n\n<p>Fitch Ratings souligne une r\u00e9duction significative du d\u00e9ficit budg\u00e9taire, pass\u00e9 de 5,5 % du PIB en 2022 \u00e0 3 % en 2024, un niveau inf\u00e9rieur aux pr\u00e9visions initiales. Cette performance s\u2019explique par une augmentation des recettes publiques et un contr\u00f4le strict des d\u00e9penses courantes. Selon l\u2019agence, le d\u00e9ficit devrait se stabiliser \u00e0 2,9 % du PIB en 2025 et 2026, en dessous du seuil de 3 % fix\u00e9 par l\u2019UEMOA, ce qui t\u00e9moigne d\u2019une discipline budg\u00e9taire renforc\u00e9e.<\/p>\n\n\n\n<p>Toutefois, Fitch rel\u00e8ve que la base de recettes reste \u00e9troite, avec un ratio recettes\/PIB estim\u00e9 \u00e0 15,8 % en 2026, un niveau inf\u00e9rieur \u00e0 la m\u00e9diane des pays class\u00e9s \u2018B\u2019 (17,6 %). Cette contrainte pourrait limiter les marges de man\u0153uvre budg\u00e9taires du pays \u00e0 moyen terme.<\/p>\n\n\n\n<h2 id=\"une-strategie-de-gestion-de-la-dette-qui-porte-ses-fruits\" class=\"wp-block-heading\"><mark style=\"background-color:rgba(0, 0, 0, 0)\" class=\"has-inline-color has-red-color\">Une strat\u00e9gie de gestion de la dette qui porte ses fruits<\/mark><\/h2>\n\n\n\n<p>La gestion proactive de la dette est un autre point cl\u00e9 mis en avant par Fitch Ratings. Le rapport rappelle qu&rsquo;en janvier 2025, le B\u00e9nin a proc\u00e9d\u00e9 \u00e0 une \u00e9mission obligataire de 500 millions USD sur 16 ans, dont 250 millions USD ont \u00e9t\u00e9 utilis\u00e9s pour racheter une partie de son Euro-obligation 2032. Cette op\u00e9ration a permis d\u2019allonger la maturit\u00e9 de la dette et de r\u00e9duire les co\u00fbts de financement, renfor\u00e7ant ainsi la soutenabilit\u00e9 budg\u00e9taire du pays.<\/p>\n\n\n\n<p>Gr\u00e2ce \u00e0 cette strat\u00e9gie, le ratio dette\/PIB devrait passer de 53,6 % en 2024 \u00e0 51 % en 2026, un niveau plus favorable que celui observ\u00e9 dans des pays aux caract\u00e9ristiques similaires. Fitch consid\u00e8re \u00e9galement que les risques de refinancement sont ma\u00eetris\u00e9s, avec des besoins de financement en baisse, estim\u00e9s \u00e0 6,3 % du PIB en 2026, contre 8,5 % en 2023.<\/p>\n\n\n\n<h2 id=\"une-croissance-robuste-malgre-un-environnement-incertain\" class=\"wp-block-heading\"><mark style=\"background-color:rgba(0, 0, 0, 0)\" class=\"has-inline-color has-red-color\">Une croissance robuste malgr\u00e9 un environnement incertain<\/mark><\/h2>\n\n\n\n<p>Fitch Ratings anticipe une croissance du PIB r\u00e9el sup\u00e9rieure \u00e0 6,5 % jusqu\u2019en 2026, port\u00e9e par l\u2019expansion du secteur agricole, le d\u00e9veloppement des infrastructures et la mont\u00e9e en puissance de la zone industrielle de Glo-Djigb\u00e9. L\u2019agence souligne \u00e9galement la r\u00e9silience de l\u2019\u00e9conomie b\u00e9ninoise, qui a su s\u2019adapter aux perturbations r\u00e9gionales, notamment la fermeture de la fronti\u00e8re avec le Niger et l\u2019instabilit\u00e9 au Nigeria.<\/p>\n\n\n\n<p>Toutefois, l\u2019agence rappelle que des d\u00e9fis subsistent, notamment les tensions politiques \u00e0 l\u2019approche des \u00e9lections de 2026, en raison de la modification du code \u00e9lectoral en mars 2024, ainsi que la n\u00e9cessit\u00e9 d\u2019acc\u00e9l\u00e9rer la diversification \u00e9conomique pour r\u00e9duire la d\u00e9pendance aux \u00e9changes frontaliers. Des \u00e9l\u00e9ments d\u00e9terminants pour une \u00e9ventuelle am\u00e9lioration de la notation \u00e0 l&rsquo;avenir.<\/p>\n","protected":false},"excerpt":{"rendered":"Gouvernance, B\u00e9nin &#8211; L\u2019agence de notation Fitch Ratings a confirm\u00e9, le 21 f\u00e9vrier 2025, la note de d\u00e9faut&hellip;\n","protected":false},"author":8,"featured_media":10461,"comment_status":"open","ping_status":"open","sticky":false,"template":"elementor_theme","format":"standard","meta":{"csco_singular_sidebar":"","csco_page_header_type":"standard","csco_appearance_masonry":"","csco_page_load_nextpost":"","csco_post_video_location":[],"csco_post_video_location_hash":"","csco_post_video_url":"","csco_post_video_bg_start_time":0,"csco_post_video_bg_end_time":0,"footnotes":""},"categories":[191,45],"tags":[41,823,824],"class_list":{"0":"post-10460","1":"post","2":"type-post","3":"status-publish","4":"format-standard","5":"has-post-thumbnail","7":"category-en-savoir-plus-2","8":"category-gouvernance","9":"tag-benin","10":"tag-fitch-ratings","11":"tag-notation","12":"cs-entry","13":"cs-video-wrap"},"yoast_head":"<!-- This site is optimized with the Yoast SEO plugin v27.4 - https:\/\/yoast.com\/product\/yoast-seo-wordpress\/ -->\n<title>B\u00e9nin : Fitch Ratings confirme une gestion proactive de la dette et une r\u00e9duction du d\u00e9ficit - LA MARINA BJ<\/title>\n<meta name=\"description\" content=\"Si des d\u00e9fis persistent, notamment en mati\u00e8re de mobilisation des recettes publiques et de d\u00e9pendance aux \u00e9changes r\u00e9gionaux, Fitch met en avant la r\u00e9silience de l\u2019\u00e9conomie b\u00e9ninoise face aux chocs externes.\" \/>\n<meta name=\"robots\" content=\"index, follow, max-snippet:-1, max-image-preview:large, max-video-preview:-1\" \/>\n<link rel=\"canonical\" href=\"https:\/\/lamarinabj.com\/index.php\/2025\/03\/04\/benin-fitch-ratings-confirme-une-gestion-proactive-de-la-dette-et-une-reduction-du-deficit\/\" \/>\n<meta property=\"og:locale\" content=\"fr_FR\" \/>\n<meta property=\"og:type\" content=\"article\" \/>\n<meta property=\"og:title\" content=\"B\u00e9nin : Fitch Ratings confirme une gestion proactive de la dette et une r\u00e9duction du d\u00e9ficit - LA MARINA BJ\" \/>\n<meta property=\"og:description\" content=\"Si des d\u00e9fis persistent, notamment en mati\u00e8re de mobilisation des recettes publiques et de d\u00e9pendance aux \u00e9changes r\u00e9gionaux, Fitch met en avant la r\u00e9silience de l\u2019\u00e9conomie b\u00e9ninoise face aux chocs externes.\" \/>\n<meta property=\"og:url\" content=\"https:\/\/lamarinabj.com\/index.php\/2025\/03\/04\/benin-fitch-ratings-confirme-une-gestion-proactive-de-la-dette-et-une-reduction-du-deficit\/\" \/>\n<meta property=\"og:site_name\" content=\"LA MARINA BJ\" \/>\n<meta property=\"article:published_time\" content=\"2025-03-04T10:08:11+00:00\" \/>\n<meta property=\"article:modified_time\" content=\"2025-03-04T10:11:50+00:00\" \/>\n<meta property=\"og:image\" content=\"https:\/\/lamarinabj.com\/wp-content\/uploads\/2025\/03\/IMG-20250304-WA0014.jpg\" \/>\n\t<meta property=\"og:image:width\" content=\"1080\" \/>\n\t<meta property=\"og:image:height\" content=\"1080\" \/>\n\t<meta property=\"og:image:type\" content=\"image\/jpeg\" \/>\n<meta name=\"author\" content=\"La Marina BJ - Team Business &amp; \u00c9conomie &amp; Finances\" \/>\n<meta name=\"twitter:card\" content=\"summary_large_image\" \/>\n<meta name=\"twitter:label1\" content=\"\u00c9crit par\" \/>\n\t<meta name=\"twitter:data1\" content=\"La Marina BJ - Team Business &amp; \u00c9conomie &amp; Finances\" \/>\n\t<meta name=\"twitter:label2\" content=\"Dur\u00e9e de lecture estim\u00e9e\" \/>\n\t<meta name=\"twitter:data2\" content=\"3 minutes\" \/>\n<script type=\"application\/ld+json\" class=\"yoast-schema-graph\">{\"@context\":\"https:\\\/\\\/schema.org\",\"@graph\":[{\"@type\":\"NewsArticle\",\"@id\":\"https:\\\/\\\/lamarinabj.com\\\/index.php\\\/2025\\\/03\\\/04\\\/benin-fitch-ratings-confirme-une-gestion-proactive-de-la-dette-et-une-reduction-du-deficit\\\/#article\",\"isPartOf\":{\"@id\":\"https:\\\/\\\/lamarinabj.com\\\/index.php\\\/2025\\\/03\\\/04\\\/benin-fitch-ratings-confirme-une-gestion-proactive-de-la-dette-et-une-reduction-du-deficit\\\/\"},\"author\":{\"name\":\"La Marina BJ - Team Business &amp; \u00c9conomie &amp; Finances\",\"@id\":\"https:\\\/\\\/lamarinabj.com\\\/#\\\/schema\\\/person\\\/daecc7fb1eea21418f92763d06a3f4b4\"},\"headline\":\"B\u00e9nin : Fitch Ratings confirme une gestion proactive de la dette et une r\u00e9duction du d\u00e9ficit\",\"datePublished\":\"2025-03-04T10:08:11+00:00\",\"dateModified\":\"2025-03-04T10:11:50+00:00\",\"mainEntityOfPage\":{\"@id\":\"https:\\\/\\\/lamarinabj.com\\\/index.php\\\/2025\\\/03\\\/04\\\/benin-fitch-ratings-confirme-une-gestion-proactive-de-la-dette-et-une-reduction-du-deficit\\\/\"},\"wordCount\":543,\"commentCount\":0,\"image\":{\"@id\":\"https:\\\/\\\/lamarinabj.com\\\/index.php\\\/2025\\\/03\\\/04\\\/benin-fitch-ratings-confirme-une-gestion-proactive-de-la-dette-et-une-reduction-du-deficit\\\/#primaryimage\"},\"thumbnailUrl\":\"https:\\\/\\\/lamarinabj.com\\\/wp-content\\\/uploads\\\/2025\\\/03\\\/IMG-20250304-WA0014.jpg\",\"keywords\":[\"B\u00e9nin\",\"Fitch Ratings\",\"Notation\"],\"articleSection\":[\"EN SAVOIR PLUS\",\"GOUVERNANCE\"],\"inLanguage\":\"fr-FR\",\"potentialAction\":[{\"@type\":\"CommentAction\",\"name\":\"Comment\",\"target\":[\"https:\\\/\\\/lamarinabj.com\\\/index.php\\\/2025\\\/03\\\/04\\\/benin-fitch-ratings-confirme-une-gestion-proactive-de-la-dette-et-une-reduction-du-deficit\\\/#respond\"]}]},{\"@type\":[\"WebPage\",\"SearchResultsPage\"],\"@id\":\"https:\\\/\\\/lamarinabj.com\\\/index.php\\\/2025\\\/03\\\/04\\\/benin-fitch-ratings-confirme-une-gestion-proactive-de-la-dette-et-une-reduction-du-deficit\\\/\",\"url\":\"https:\\\/\\\/lamarinabj.com\\\/index.php\\\/2025\\\/03\\\/04\\\/benin-fitch-ratings-confirme-une-gestion-proactive-de-la-dette-et-une-reduction-du-deficit\\\/\",\"name\":\"B\u00e9nin : Fitch Ratings confirme une gestion proactive de la dette et une r\u00e9duction du d\u00e9ficit - LA MARINA BJ\",\"isPartOf\":{\"@id\":\"https:\\\/\\\/lamarinabj.com\\\/#website\"},\"primaryImageOfPage\":{\"@id\":\"https:\\\/\\\/lamarinabj.com\\\/index.php\\\/2025\\\/03\\\/04\\\/benin-fitch-ratings-confirme-une-gestion-proactive-de-la-dette-et-une-reduction-du-deficit\\\/#primaryimage\"},\"image\":{\"@id\":\"https:\\\/\\\/lamarinabj.com\\\/index.php\\\/2025\\\/03\\\/04\\\/benin-fitch-ratings-confirme-une-gestion-proactive-de-la-dette-et-une-reduction-du-deficit\\\/#primaryimage\"},\"thumbnailUrl\":\"https:\\\/\\\/lamarinabj.com\\\/wp-content\\\/uploads\\\/2025\\\/03\\\/IMG-20250304-WA0014.jpg\",\"datePublished\":\"2025-03-04T10:08:11+00:00\",\"dateModified\":\"2025-03-04T10:11:50+00:00\",\"author\":{\"@id\":\"https:\\\/\\\/lamarinabj.com\\\/#\\\/schema\\\/person\\\/daecc7fb1eea21418f92763d06a3f4b4\"},\"description\":\"Si des d\u00e9fis persistent, notamment en mati\u00e8re de mobilisation des recettes publiques et de d\u00e9pendance aux \u00e9changes r\u00e9gionaux, Fitch met en avant la r\u00e9silience de l\u2019\u00e9conomie b\u00e9ninoise face aux chocs externes.\",\"breadcrumb\":{\"@id\":\"https:\\\/\\\/lamarinabj.com\\\/index.php\\\/2025\\\/03\\\/04\\\/benin-fitch-ratings-confirme-une-gestion-proactive-de-la-dette-et-une-reduction-du-deficit\\\/#breadcrumb\"},\"inLanguage\":\"fr-FR\",\"potentialAction\":[{\"@type\":\"ReadAction\",\"target\":[\"https:\\\/\\\/lamarinabj.com\\\/index.php\\\/2025\\\/03\\\/04\\\/benin-fitch-ratings-confirme-une-gestion-proactive-de-la-dette-et-une-reduction-du-deficit\\\/\"]}]},{\"@type\":\"ImageObject\",\"inLanguage\":\"fr-FR\",\"@id\":\"https:\\\/\\\/lamarinabj.com\\\/index.php\\\/2025\\\/03\\\/04\\\/benin-fitch-ratings-confirme-une-gestion-proactive-de-la-dette-et-une-reduction-du-deficit\\\/#primaryimage\",\"url\":\"https:\\\/\\\/lamarinabj.com\\\/wp-content\\\/uploads\\\/2025\\\/03\\\/IMG-20250304-WA0014.jpg\",\"contentUrl\":\"https:\\\/\\\/lamarinabj.com\\\/wp-content\\\/uploads\\\/2025\\\/03\\\/IMG-20250304-WA0014.jpg\",\"width\":1080,\"height\":1080},{\"@type\":\"BreadcrumbList\",\"@id\":\"https:\\\/\\\/lamarinabj.com\\\/index.php\\\/2025\\\/03\\\/04\\\/benin-fitch-ratings-confirme-une-gestion-proactive-de-la-dette-et-une-reduction-du-deficit\\\/#breadcrumb\",\"itemListElement\":[{\"@type\":\"ListItem\",\"position\":1,\"name\":\"Accueil\",\"item\":\"https:\\\/\\\/lamarinabj.com\\\/\"},{\"@type\":\"ListItem\",\"position\":2,\"name\":\"B\u00e9nin : Fitch Ratings confirme une gestion proactive de la dette et une r\u00e9duction du d\u00e9ficit\"}]},{\"@type\":\"WebSite\",\"@id\":\"https:\\\/\\\/lamarinabj.com\\\/#website\",\"url\":\"https:\\\/\\\/lamarinabj.com\\\/\",\"name\":\"LA MARINA BJ\",\"description\":\"Votre portail vers l&#039;information strat\u00e9gique au B\u00e9nin, en Afrique et au-del\u00e0\",\"potentialAction\":[{\"@type\":\"SearchAction\",\"target\":{\"@type\":\"EntryPoint\",\"urlTemplate\":\"https:\\\/\\\/lamarinabj.com\\\/?s={search_term_string}\"},\"query-input\":{\"@type\":\"PropertyValueSpecification\",\"valueRequired\":true,\"valueName\":\"search_term_string\"}}],\"inLanguage\":\"fr-FR\"},{\"@type\":\"Person\",\"@id\":\"https:\\\/\\\/lamarinabj.com\\\/#\\\/schema\\\/person\\\/daecc7fb1eea21418f92763d06a3f4b4\",\"name\":\"La Marina BJ - Team Business &amp; \u00c9conomie &amp; Finances\",\"image\":{\"@type\":\"ImageObject\",\"inLanguage\":\"fr-FR\",\"@id\":\"https:\\\/\\\/secure.gravatar.com\\\/avatar\\\/007be62133093bb48d247a392503beff272bc6a9503872d32895035e0e72b4f7?s=96&d=mm&r=g\",\"url\":\"https:\\\/\\\/secure.gravatar.com\\\/avatar\\\/007be62133093bb48d247a392503beff272bc6a9503872d32895035e0e72b4f7?s=96&d=mm&r=g\",\"contentUrl\":\"https:\\\/\\\/secure.gravatar.com\\\/avatar\\\/007be62133093bb48d247a392503beff272bc6a9503872d32895035e0e72b4f7?s=96&d=mm&r=g\",\"caption\":\"La Marina BJ - Team Business &amp; \u00c9conomie &amp; Finances\"},\"description\":\"La Team \u00c9conomie &amp; Finances de La Marina BJ d\u00e9crypte les dynamiques \u00e9conomiques qui fa\u00e7onnent le B\u00e9nin, l\u2019Afrique et le monde. Compos\u00e9e de journalistes \u00e9conomiques, d\u2019analystes sectoriels et de veilleurs sp\u00e9cialis\u00e9s, elle s\u2019attache \u00e0 rendre lisibles les m\u00e9canismes financiers, les politiques budg\u00e9taires, les r\u00e9formes fiscales et les grandes orientations macro\u00e9conomiques. Son ambition : \u00e9clairer les choix, anticiper les tendances et outiller les d\u00e9cideurs \u2014 publics comme priv\u00e9s \u2014 dans un environnement \u00e9conomique en constante mutation.\",\"url\":\"https:\\\/\\\/lamarinabj.com\\\/index.php\\\/author\\\/ernestine\\\/\"}]}<\/script>\n<!-- \/ Yoast SEO plugin. -->","yoast_head_json":{"title":"B\u00e9nin : Fitch Ratings confirme une gestion proactive de la dette et une r\u00e9duction du d\u00e9ficit - LA MARINA BJ","description":"Si des d\u00e9fis persistent, notamment en mati\u00e8re de mobilisation des recettes publiques et de d\u00e9pendance aux \u00e9changes r\u00e9gionaux, Fitch met en avant la r\u00e9silience de l\u2019\u00e9conomie b\u00e9ninoise face aux chocs externes.","robots":{"index":"index","follow":"follow","max-snippet":"max-snippet:-1","max-image-preview":"max-image-preview:large","max-video-preview":"max-video-preview:-1"},"canonical":"https:\/\/lamarinabj.com\/index.php\/2025\/03\/04\/benin-fitch-ratings-confirme-une-gestion-proactive-de-la-dette-et-une-reduction-du-deficit\/","og_locale":"fr_FR","og_type":"article","og_title":"B\u00e9nin : Fitch Ratings confirme une gestion proactive de la dette et une r\u00e9duction du d\u00e9ficit - LA MARINA BJ","og_description":"Si des d\u00e9fis persistent, notamment en mati\u00e8re de mobilisation des recettes publiques et de d\u00e9pendance aux \u00e9changes r\u00e9gionaux, Fitch met en avant la r\u00e9silience de l\u2019\u00e9conomie b\u00e9ninoise face aux chocs externes.","og_url":"https:\/\/lamarinabj.com\/index.php\/2025\/03\/04\/benin-fitch-ratings-confirme-une-gestion-proactive-de-la-dette-et-une-reduction-du-deficit\/","og_site_name":"LA MARINA BJ","article_published_time":"2025-03-04T10:08:11+00:00","article_modified_time":"2025-03-04T10:11:50+00:00","og_image":[{"width":1080,"height":1080,"url":"https:\/\/lamarinabj.com\/wp-content\/uploads\/2025\/03\/IMG-20250304-WA0014.jpg","type":"image\/jpeg"}],"author":"La Marina BJ - Team Business &amp; \u00c9conomie &amp; Finances","twitter_card":"summary_large_image","twitter_misc":{"\u00c9crit par":"La Marina BJ - Team Business &amp; \u00c9conomie &amp; Finances","Dur\u00e9e de lecture estim\u00e9e":"3 minutes"},"schema":{"@context":"https:\/\/schema.org","@graph":[{"@type":"NewsArticle","@id":"https:\/\/lamarinabj.com\/index.php\/2025\/03\/04\/benin-fitch-ratings-confirme-une-gestion-proactive-de-la-dette-et-une-reduction-du-deficit\/#article","isPartOf":{"@id":"https:\/\/lamarinabj.com\/index.php\/2025\/03\/04\/benin-fitch-ratings-confirme-une-gestion-proactive-de-la-dette-et-une-reduction-du-deficit\/"},"author":{"name":"La Marina BJ - Team Business &amp; \u00c9conomie &amp; Finances","@id":"https:\/\/lamarinabj.com\/#\/schema\/person\/daecc7fb1eea21418f92763d06a3f4b4"},"headline":"B\u00e9nin : Fitch Ratings confirme une gestion proactive de la dette et une r\u00e9duction du d\u00e9ficit","datePublished":"2025-03-04T10:08:11+00:00","dateModified":"2025-03-04T10:11:50+00:00","mainEntityOfPage":{"@id":"https:\/\/lamarinabj.com\/index.php\/2025\/03\/04\/benin-fitch-ratings-confirme-une-gestion-proactive-de-la-dette-et-une-reduction-du-deficit\/"},"wordCount":543,"commentCount":0,"image":{"@id":"https:\/\/lamarinabj.com\/index.php\/2025\/03\/04\/benin-fitch-ratings-confirme-une-gestion-proactive-de-la-dette-et-une-reduction-du-deficit\/#primaryimage"},"thumbnailUrl":"https:\/\/lamarinabj.com\/wp-content\/uploads\/2025\/03\/IMG-20250304-WA0014.jpg","keywords":["B\u00e9nin","Fitch Ratings","Notation"],"articleSection":["EN SAVOIR PLUS","GOUVERNANCE"],"inLanguage":"fr-FR","potentialAction":[{"@type":"CommentAction","name":"Comment","target":["https:\/\/lamarinabj.com\/index.php\/2025\/03\/04\/benin-fitch-ratings-confirme-une-gestion-proactive-de-la-dette-et-une-reduction-du-deficit\/#respond"]}]},{"@type":["WebPage","SearchResultsPage"],"@id":"https:\/\/lamarinabj.com\/index.php\/2025\/03\/04\/benin-fitch-ratings-confirme-une-gestion-proactive-de-la-dette-et-une-reduction-du-deficit\/","url":"https:\/\/lamarinabj.com\/index.php\/2025\/03\/04\/benin-fitch-ratings-confirme-une-gestion-proactive-de-la-dette-et-une-reduction-du-deficit\/","name":"B\u00e9nin : Fitch Ratings confirme une gestion proactive de la dette et une r\u00e9duction du d\u00e9ficit - LA MARINA BJ","isPartOf":{"@id":"https:\/\/lamarinabj.com\/#website"},"primaryImageOfPage":{"@id":"https:\/\/lamarinabj.com\/index.php\/2025\/03\/04\/benin-fitch-ratings-confirme-une-gestion-proactive-de-la-dette-et-une-reduction-du-deficit\/#primaryimage"},"image":{"@id":"https:\/\/lamarinabj.com\/index.php\/2025\/03\/04\/benin-fitch-ratings-confirme-une-gestion-proactive-de-la-dette-et-une-reduction-du-deficit\/#primaryimage"},"thumbnailUrl":"https:\/\/lamarinabj.com\/wp-content\/uploads\/2025\/03\/IMG-20250304-WA0014.jpg","datePublished":"2025-03-04T10:08:11+00:00","dateModified":"2025-03-04T10:11:50+00:00","author":{"@id":"https:\/\/lamarinabj.com\/#\/schema\/person\/daecc7fb1eea21418f92763d06a3f4b4"},"description":"Si des d\u00e9fis persistent, notamment en mati\u00e8re de mobilisation des recettes publiques et de d\u00e9pendance aux \u00e9changes r\u00e9gionaux, Fitch met en avant la r\u00e9silience de l\u2019\u00e9conomie b\u00e9ninoise face aux chocs externes.","breadcrumb":{"@id":"https:\/\/lamarinabj.com\/index.php\/2025\/03\/04\/benin-fitch-ratings-confirme-une-gestion-proactive-de-la-dette-et-une-reduction-du-deficit\/#breadcrumb"},"inLanguage":"fr-FR","potentialAction":[{"@type":"ReadAction","target":["https:\/\/lamarinabj.com\/index.php\/2025\/03\/04\/benin-fitch-ratings-confirme-une-gestion-proactive-de-la-dette-et-une-reduction-du-deficit\/"]}]},{"@type":"ImageObject","inLanguage":"fr-FR","@id":"https:\/\/lamarinabj.com\/index.php\/2025\/03\/04\/benin-fitch-ratings-confirme-une-gestion-proactive-de-la-dette-et-une-reduction-du-deficit\/#primaryimage","url":"https:\/\/lamarinabj.com\/wp-content\/uploads\/2025\/03\/IMG-20250304-WA0014.jpg","contentUrl":"https:\/\/lamarinabj.com\/wp-content\/uploads\/2025\/03\/IMG-20250304-WA0014.jpg","width":1080,"height":1080},{"@type":"BreadcrumbList","@id":"https:\/\/lamarinabj.com\/index.php\/2025\/03\/04\/benin-fitch-ratings-confirme-une-gestion-proactive-de-la-dette-et-une-reduction-du-deficit\/#breadcrumb","itemListElement":[{"@type":"ListItem","position":1,"name":"Accueil","item":"https:\/\/lamarinabj.com\/"},{"@type":"ListItem","position":2,"name":"B\u00e9nin : Fitch Ratings confirme une gestion proactive de la dette et une r\u00e9duction du d\u00e9ficit"}]},{"@type":"WebSite","@id":"https:\/\/lamarinabj.com\/#website","url":"https:\/\/lamarinabj.com\/","name":"LA MARINA BJ","description":"Votre portail vers l&#039;information strat\u00e9gique au B\u00e9nin, en Afrique et au-del\u00e0","potentialAction":[{"@type":"SearchAction","target":{"@type":"EntryPoint","urlTemplate":"https:\/\/lamarinabj.com\/?s={search_term_string}"},"query-input":{"@type":"PropertyValueSpecification","valueRequired":true,"valueName":"search_term_string"}}],"inLanguage":"fr-FR"},{"@type":"Person","@id":"https:\/\/lamarinabj.com\/#\/schema\/person\/daecc7fb1eea21418f92763d06a3f4b4","name":"La Marina BJ - Team Business &amp; \u00c9conomie &amp; Finances","image":{"@type":"ImageObject","inLanguage":"fr-FR","@id":"https:\/\/secure.gravatar.com\/avatar\/007be62133093bb48d247a392503beff272bc6a9503872d32895035e0e72b4f7?s=96&d=mm&r=g","url":"https:\/\/secure.gravatar.com\/avatar\/007be62133093bb48d247a392503beff272bc6a9503872d32895035e0e72b4f7?s=96&d=mm&r=g","contentUrl":"https:\/\/secure.gravatar.com\/avatar\/007be62133093bb48d247a392503beff272bc6a9503872d32895035e0e72b4f7?s=96&d=mm&r=g","caption":"La Marina BJ - Team Business &amp; \u00c9conomie &amp; Finances"},"description":"La Team \u00c9conomie &amp; Finances de La Marina BJ d\u00e9crypte les dynamiques \u00e9conomiques qui fa\u00e7onnent le B\u00e9nin, l\u2019Afrique et le monde. Compos\u00e9e de journalistes \u00e9conomiques, d\u2019analystes sectoriels et de veilleurs sp\u00e9cialis\u00e9s, elle s\u2019attache \u00e0 rendre lisibles les m\u00e9canismes financiers, les politiques budg\u00e9taires, les r\u00e9formes fiscales et les grandes orientations macro\u00e9conomiques. Son ambition : \u00e9clairer les choix, anticiper les tendances et outiller les d\u00e9cideurs \u2014 publics comme priv\u00e9s \u2014 dans un environnement \u00e9conomique en constante mutation.","url":"https:\/\/lamarinabj.com\/index.php\/author\/ernestine\/"}]}},"_links":{"self":[{"href":"https:\/\/lamarinabj.com\/index.php\/wp-json\/wp\/v2\/posts\/10460","targetHints":{"allow":["GET"]}}],"collection":[{"href":"https:\/\/lamarinabj.com\/index.php\/wp-json\/wp\/v2\/posts"}],"about":[{"href":"https:\/\/lamarinabj.com\/index.php\/wp-json\/wp\/v2\/types\/post"}],"author":[{"embeddable":true,"href":"https:\/\/lamarinabj.com\/index.php\/wp-json\/wp\/v2\/users\/8"}],"replies":[{"embeddable":true,"href":"https:\/\/lamarinabj.com\/index.php\/wp-json\/wp\/v2\/comments?post=10460"}],"version-history":[{"count":2,"href":"https:\/\/lamarinabj.com\/index.php\/wp-json\/wp\/v2\/posts\/10460\/revisions"}],"predecessor-version":[{"id":10463,"href":"https:\/\/lamarinabj.com\/index.php\/wp-json\/wp\/v2\/posts\/10460\/revisions\/10463"}],"wp:featuredmedia":[{"embeddable":true,"href":"https:\/\/lamarinabj.com\/index.php\/wp-json\/wp\/v2\/media\/10461"}],"wp:attachment":[{"href":"https:\/\/lamarinabj.com\/index.php\/wp-json\/wp\/v2\/media?parent=10460"}],"wp:term":[{"taxonomy":"category","embeddable":true,"href":"https:\/\/lamarinabj.com\/index.php\/wp-json\/wp\/v2\/categories?post=10460"},{"taxonomy":"post_tag","embeddable":true,"href":"https:\/\/lamarinabj.com\/index.php\/wp-json\/wp\/v2\/tags?post=10460"}],"curies":[{"name":"wp","href":"https:\/\/api.w.org\/{rel}","templated":true}]}}