{"id":10478,"date":"2025-03-06T08:45:14","date_gmt":"2025-03-06T07:45:14","guid":{"rendered":"https:\/\/lamarinabj.com\/?p=10478"},"modified":"2025-03-06T08:45:15","modified_gmt":"2025-03-06T07:45:15","slug":"opv-de-la-biic-plus-de-100-milliards-fcfa-mobilises-pour-letat-beninois","status":"publish","type":"post","link":"https:\/\/lamarinabj.com\/index.php\/2025\/03\/06\/opv-de-la-biic-plus-de-100-milliards-fcfa-mobilises-pour-letat-beninois\/","title":{"rendered":"OPV de la BIIC : plus de 100 milliards FCFA mobilis\u00e9s pour l\u2019\u00c9tat b\u00e9ninois"},"content":{"rendered":"\n<p><strong><mark style=\"background-color:rgba(0, 0, 0, 0)\" class=\"has-inline-color has-red-color\">Lev\u00e9s de Fonds, B\u00e9nin<\/mark><\/strong> &#8211; <strong><em>L\u2019\u00c9tat du B\u00e9nin a boucl\u00e9 avec succ\u00e8s l\u2019Offre Publique de Vente (OPV) d\u2019une partie de ses actions dans la Banque Internationale pour l\u2019Industrie et le Commerce (BIIC). Cl\u00f4tur\u00e9e le 28 f\u00e9vrier 2025, cette op\u00e9ration, selon le communiqu\u00e9 de presse, a permis de lever plus de 100 milliards FCFA, confirmant la confiance des investisseurs dans l\u2019\u00e9conomie b\u00e9ninoise.<\/em><\/strong><\/p>\n\n\n\n<p>Lanc\u00e9e le 13 janvier 2025, l\u2019OPV de la BIIC portait sur 30,4 % \u00e0 40 % des actions de l&rsquo;\u00c9tat b\u00e9ninois dans la Banque. Selon le communiqu\u00e9 de presse de cl\u00f4ture de l&rsquo;op\u00e9ration, plus de 33 % des actions mises en vente ont \u00e9t\u00e9 souscrites aupr\u00e8s des Soci\u00e9t\u00e9s de Gestion et d\u2019Interm\u00e9diation (SGI) de la zone UEMOA. Cette lev\u00e9e de fonds d\u00e9passe les 100 milliards FCFA, t\u00e9moignant \u00ab\u00a0de la confiance renouvel\u00e9e des investisseurs dans les r\u00e9formes entreprises par l\u2019Etat du B\u00e9nin depuis 2016\u00a0\u00bb, pr\u00e9cise le communiqu\u00e9.<\/p>\n\n\n\n<p>Cette initiative, la deuxi\u00e8me en moins d&rsquo;un an, s\u2019inscrit dans la volont\u00e9 du gouvernement b\u00e9ninois de \u00ab dynamiser le March\u00e9 Financier R\u00e9gional, promouvoir l\u2019actionnariat populaire et impliquer davantage le secteur priv\u00e9 dans l\u2019actionnariat de soci\u00e9t\u00e9s \u00e9tatiques \u00bb.<\/p>\n\n\n\n<h2 id=\"une-introduction-prochaine-en-bourse\" class=\"wp-block-heading\"><mark style=\"background-color:rgba(0, 0, 0, 0)\" class=\"has-inline-color has-red-color\">Une introduction prochaine en bourse<\/mark><\/h2>\n\n\n\n<p>Comme d\u00e9j\u00e0 \u00e9voqu\u00e9 dans le document de l&rsquo;OPV \u00e9labor\u00e9 par EDC Investment Corporation (EIC), la Soci\u00e9t\u00e9 de Gestion et d\u2019Interm\u00e9diation (SGI) du groupe Ecobank et \u00e9galement arrangeur de l&rsquo;op\u00e9ration pour l&rsquo;ex\u00e9cutif b\u00e9ninois, dans les prochaines semaines, <a href=\"https:\/\/lamarinabj.com\/index.php\/2024\/12\/24\/au-benin-letat-veut-ceder-jusqua-40-de-ses-actions-dans-une-banque\/\"><mark style=\"background-color:rgba(0, 0, 0, 0)\" class=\"has-inline-color has-green-color\"><strong>les actions de la BIIC seront officiellement cot\u00e9es \u00e0 la Bourse R\u00e9gionale des Valeurs Mobili\u00e8res (BRVM)<\/strong><\/mark><\/a>. Elles seront \u00e9galement inscrites au D\u00e9positaire Central Banque de R\u00e8glement (DC\/BR), garantissant \u00ab la transparence pour les investisseurs \u00bb, pr\u00e9cise le communiqu\u00e9.<\/p>\n","protected":false},"excerpt":{"rendered":"Lev\u00e9s de Fonds, B\u00e9nin &#8211; L\u2019\u00c9tat du B\u00e9nin a boucl\u00e9 avec succ\u00e8s l\u2019Offre Publique de Vente (OPV) d\u2019une&hellip;\n","protected":false},"author":8,"featured_media":10480,"comment_status":"open","ping_status":"open","sticky":false,"template":"elementor_theme","format":"standard","meta":{"csco_singular_sidebar":"","csco_page_header_type":"standard","csco_appearance_masonry":"","csco_page_load_nextpost":"","csco_post_video_location":[],"csco_post_video_location_hash":"","csco_post_video_url":"","csco_post_video_bg_start_time":0,"csco_post_video_bg_end_time":0,"footnotes":""},"categories":[110,191],"tags":[1297,41,954],"class_list":{"0":"post-10478","1":"post","2":"type-post","3":"status-publish","4":"format-standard","5":"has-post-thumbnail","7":"category-business","8":"category-en-savoir-plus-2","9":"tag-banque-internationale-pour-lindustrie-et-le-commerce","10":"tag-benin","11":"tag-opv","12":"cs-entry","13":"cs-video-wrap"},"yoast_head":"<!-- This site is optimized with the Yoast SEO plugin v27.4 - https:\/\/yoast.com\/product\/yoast-seo-wordpress\/ -->\n<title>OPV de la BIIC : plus de 100 milliards FCFA mobilis\u00e9s pour l\u2019\u00c9tat b\u00e9ninois - LA MARINA BJ<\/title>\n<meta name=\"description\" content=\"Cl\u00f4tur\u00e9e le 28 f\u00e9vrier 2025, cette op\u00e9ration, selon le communiqu\u00e9 de presse, a permis de lever plus de 100 milliards FCFA, confirmant la confiance des investisseurs dans l\u2019\u00e9conomie b\u00e9ninoise.\" \/>\n<meta name=\"robots\" content=\"index, follow, max-snippet:-1, max-image-preview:large, max-video-preview:-1\" \/>\n<link rel=\"canonical\" href=\"https:\/\/lamarinabj.com\/index.php\/2025\/03\/06\/opv-de-la-biic-plus-de-100-milliards-fcfa-mobilises-pour-letat-beninois\/\" \/>\n<meta property=\"og:locale\" content=\"fr_FR\" \/>\n<meta property=\"og:type\" content=\"article\" \/>\n<meta property=\"og:title\" content=\"OPV de la BIIC : plus de 100 milliards FCFA mobilis\u00e9s pour l\u2019\u00c9tat b\u00e9ninois - LA MARINA BJ\" \/>\n<meta property=\"og:description\" content=\"Cl\u00f4tur\u00e9e le 28 f\u00e9vrier 2025, cette op\u00e9ration, selon le communiqu\u00e9 de presse, a permis de lever plus de 100 milliards FCFA, confirmant la confiance des investisseurs dans l\u2019\u00e9conomie b\u00e9ninoise.\" \/>\n<meta property=\"og:url\" content=\"https:\/\/lamarinabj.com\/index.php\/2025\/03\/06\/opv-de-la-biic-plus-de-100-milliards-fcfa-mobilises-pour-letat-beninois\/\" \/>\n<meta property=\"og:site_name\" content=\"LA MARINA BJ\" \/>\n<meta property=\"article:published_time\" content=\"2025-03-06T07:45:14+00:00\" \/>\n<meta property=\"article:modified_time\" content=\"2025-03-06T07:45:15+00:00\" \/>\n<meta property=\"og:image\" content=\"https:\/\/lamarinabj.com\/wp-content\/uploads\/2025\/03\/IMG-20250306-WA0016.jpg\" \/>\n\t<meta property=\"og:image:width\" content=\"1080\" \/>\n\t<meta property=\"og:image:height\" content=\"1080\" \/>\n\t<meta property=\"og:image:type\" content=\"image\/jpeg\" \/>\n<meta name=\"author\" content=\"La Marina BJ - Team Business &amp; \u00c9conomie &amp; Finances\" \/>\n<meta name=\"twitter:card\" content=\"summary_large_image\" \/>\n<meta name=\"twitter:label1\" content=\"\u00c9crit par\" \/>\n\t<meta name=\"twitter:data1\" content=\"La Marina BJ - Team Business &amp; \u00c9conomie &amp; Finances\" \/>\n\t<meta name=\"twitter:label2\" content=\"Dur\u00e9e de lecture estim\u00e9e\" \/>\n\t<meta name=\"twitter:data2\" content=\"2 minutes\" \/>\n<script type=\"application\/ld+json\" class=\"yoast-schema-graph\">{\"@context\":\"https:\\\/\\\/schema.org\",\"@graph\":[{\"@type\":\"NewsArticle\",\"@id\":\"https:\\\/\\\/lamarinabj.com\\\/index.php\\\/2025\\\/03\\\/06\\\/opv-de-la-biic-plus-de-100-milliards-fcfa-mobilises-pour-letat-beninois\\\/#article\",\"isPartOf\":{\"@id\":\"https:\\\/\\\/lamarinabj.com\\\/index.php\\\/2025\\\/03\\\/06\\\/opv-de-la-biic-plus-de-100-milliards-fcfa-mobilises-pour-letat-beninois\\\/\"},\"author\":{\"name\":\"La Marina BJ - Team Business &amp; \u00c9conomie &amp; Finances\",\"@id\":\"https:\\\/\\\/lamarinabj.com\\\/#\\\/schema\\\/person\\\/daecc7fb1eea21418f92763d06a3f4b4\"},\"headline\":\"OPV de la BIIC : plus de 100 milliards FCFA mobilis\u00e9s pour l\u2019\u00c9tat b\u00e9ninois\",\"datePublished\":\"2025-03-06T07:45:14+00:00\",\"dateModified\":\"2025-03-06T07:45:15+00:00\",\"mainEntityOfPage\":{\"@id\":\"https:\\\/\\\/lamarinabj.com\\\/index.php\\\/2025\\\/03\\\/06\\\/opv-de-la-biic-plus-de-100-milliards-fcfa-mobilises-pour-letat-beninois\\\/\"},\"wordCount\":319,\"commentCount\":0,\"image\":{\"@id\":\"https:\\\/\\\/lamarinabj.com\\\/index.php\\\/2025\\\/03\\\/06\\\/opv-de-la-biic-plus-de-100-milliards-fcfa-mobilises-pour-letat-beninois\\\/#primaryimage\"},\"thumbnailUrl\":\"https:\\\/\\\/lamarinabj.com\\\/wp-content\\\/uploads\\\/2025\\\/03\\\/IMG-20250306-WA0016.jpg\",\"keywords\":[\"Banque Internationale pour l\u2019Industrie et le Commerce\",\"B\u00e9nin\",\"OPV\"],\"articleSection\":[\"BUSINESS\",\"EN SAVOIR PLUS\"],\"inLanguage\":\"fr-FR\",\"potentialAction\":[{\"@type\":\"CommentAction\",\"name\":\"Comment\",\"target\":[\"https:\\\/\\\/lamarinabj.com\\\/index.php\\\/2025\\\/03\\\/06\\\/opv-de-la-biic-plus-de-100-milliards-fcfa-mobilises-pour-letat-beninois\\\/#respond\"]}]},{\"@type\":[\"WebPage\",\"SearchResultsPage\"],\"@id\":\"https:\\\/\\\/lamarinabj.com\\\/index.php\\\/2025\\\/03\\\/06\\\/opv-de-la-biic-plus-de-100-milliards-fcfa-mobilises-pour-letat-beninois\\\/\",\"url\":\"https:\\\/\\\/lamarinabj.com\\\/index.php\\\/2025\\\/03\\\/06\\\/opv-de-la-biic-plus-de-100-milliards-fcfa-mobilises-pour-letat-beninois\\\/\",\"name\":\"OPV de la BIIC : plus de 100 milliards FCFA mobilis\u00e9s pour l\u2019\u00c9tat b\u00e9ninois - LA MARINA BJ\",\"isPartOf\":{\"@id\":\"https:\\\/\\\/lamarinabj.com\\\/#website\"},\"primaryImageOfPage\":{\"@id\":\"https:\\\/\\\/lamarinabj.com\\\/index.php\\\/2025\\\/03\\\/06\\\/opv-de-la-biic-plus-de-100-milliards-fcfa-mobilises-pour-letat-beninois\\\/#primaryimage\"},\"image\":{\"@id\":\"https:\\\/\\\/lamarinabj.com\\\/index.php\\\/2025\\\/03\\\/06\\\/opv-de-la-biic-plus-de-100-milliards-fcfa-mobilises-pour-letat-beninois\\\/#primaryimage\"},\"thumbnailUrl\":\"https:\\\/\\\/lamarinabj.com\\\/wp-content\\\/uploads\\\/2025\\\/03\\\/IMG-20250306-WA0016.jpg\",\"datePublished\":\"2025-03-06T07:45:14+00:00\",\"dateModified\":\"2025-03-06T07:45:15+00:00\",\"author\":{\"@id\":\"https:\\\/\\\/lamarinabj.com\\\/#\\\/schema\\\/person\\\/daecc7fb1eea21418f92763d06a3f4b4\"},\"description\":\"Cl\u00f4tur\u00e9e le 28 f\u00e9vrier 2025, cette op\u00e9ration, selon le communiqu\u00e9 de presse, a permis de lever plus de 100 milliards FCFA, confirmant la confiance des investisseurs dans l\u2019\u00e9conomie b\u00e9ninoise.\",\"breadcrumb\":{\"@id\":\"https:\\\/\\\/lamarinabj.com\\\/index.php\\\/2025\\\/03\\\/06\\\/opv-de-la-biic-plus-de-100-milliards-fcfa-mobilises-pour-letat-beninois\\\/#breadcrumb\"},\"inLanguage\":\"fr-FR\",\"potentialAction\":[{\"@type\":\"ReadAction\",\"target\":[\"https:\\\/\\\/lamarinabj.com\\\/index.php\\\/2025\\\/03\\\/06\\\/opv-de-la-biic-plus-de-100-milliards-fcfa-mobilises-pour-letat-beninois\\\/\"]}]},{\"@type\":\"ImageObject\",\"inLanguage\":\"fr-FR\",\"@id\":\"https:\\\/\\\/lamarinabj.com\\\/index.php\\\/2025\\\/03\\\/06\\\/opv-de-la-biic-plus-de-100-milliards-fcfa-mobilises-pour-letat-beninois\\\/#primaryimage\",\"url\":\"https:\\\/\\\/lamarinabj.com\\\/wp-content\\\/uploads\\\/2025\\\/03\\\/IMG-20250306-WA0016.jpg\",\"contentUrl\":\"https:\\\/\\\/lamarinabj.com\\\/wp-content\\\/uploads\\\/2025\\\/03\\\/IMG-20250306-WA0016.jpg\",\"width\":1080,\"height\":1080},{\"@type\":\"BreadcrumbList\",\"@id\":\"https:\\\/\\\/lamarinabj.com\\\/index.php\\\/2025\\\/03\\\/06\\\/opv-de-la-biic-plus-de-100-milliards-fcfa-mobilises-pour-letat-beninois\\\/#breadcrumb\",\"itemListElement\":[{\"@type\":\"ListItem\",\"position\":1,\"name\":\"Accueil\",\"item\":\"https:\\\/\\\/lamarinabj.com\\\/\"},{\"@type\":\"ListItem\",\"position\":2,\"name\":\"OPV de la BIIC : plus de 100 milliards FCFA mobilis\u00e9s pour l\u2019\u00c9tat b\u00e9ninois\"}]},{\"@type\":\"WebSite\",\"@id\":\"https:\\\/\\\/lamarinabj.com\\\/#website\",\"url\":\"https:\\\/\\\/lamarinabj.com\\\/\",\"name\":\"LA MARINA BJ\",\"description\":\"Votre portail vers l&#039;information strat\u00e9gique au B\u00e9nin, en Afrique et au-del\u00e0\",\"potentialAction\":[{\"@type\":\"SearchAction\",\"target\":{\"@type\":\"EntryPoint\",\"urlTemplate\":\"https:\\\/\\\/lamarinabj.com\\\/?s={search_term_string}\"},\"query-input\":{\"@type\":\"PropertyValueSpecification\",\"valueRequired\":true,\"valueName\":\"search_term_string\"}}],\"inLanguage\":\"fr-FR\"},{\"@type\":\"Person\",\"@id\":\"https:\\\/\\\/lamarinabj.com\\\/#\\\/schema\\\/person\\\/daecc7fb1eea21418f92763d06a3f4b4\",\"name\":\"La Marina BJ - Team Business &amp; \u00c9conomie &amp; Finances\",\"image\":{\"@type\":\"ImageObject\",\"inLanguage\":\"fr-FR\",\"@id\":\"https:\\\/\\\/secure.gravatar.com\\\/avatar\\\/007be62133093bb48d247a392503beff272bc6a9503872d32895035e0e72b4f7?s=96&d=mm&r=g\",\"url\":\"https:\\\/\\\/secure.gravatar.com\\\/avatar\\\/007be62133093bb48d247a392503beff272bc6a9503872d32895035e0e72b4f7?s=96&d=mm&r=g\",\"contentUrl\":\"https:\\\/\\\/secure.gravatar.com\\\/avatar\\\/007be62133093bb48d247a392503beff272bc6a9503872d32895035e0e72b4f7?s=96&d=mm&r=g\",\"caption\":\"La Marina BJ - Team Business &amp; \u00c9conomie &amp; Finances\"},\"description\":\"La Team \u00c9conomie &amp; Finances de La Marina BJ d\u00e9crypte les dynamiques \u00e9conomiques qui fa\u00e7onnent le B\u00e9nin, l\u2019Afrique et le monde. Compos\u00e9e de journalistes \u00e9conomiques, d\u2019analystes sectoriels et de veilleurs sp\u00e9cialis\u00e9s, elle s\u2019attache \u00e0 rendre lisibles les m\u00e9canismes financiers, les politiques budg\u00e9taires, les r\u00e9formes fiscales et les grandes orientations macro\u00e9conomiques. Son ambition : \u00e9clairer les choix, anticiper les tendances et outiller les d\u00e9cideurs \u2014 publics comme priv\u00e9s \u2014 dans un environnement \u00e9conomique en constante mutation.\",\"url\":\"https:\\\/\\\/lamarinabj.com\\\/index.php\\\/author\\\/ernestine\\\/\"}]}<\/script>\n<!-- \/ Yoast SEO plugin. -->","yoast_head_json":{"title":"OPV de la BIIC : plus de 100 milliards FCFA mobilis\u00e9s pour l\u2019\u00c9tat b\u00e9ninois - LA MARINA BJ","description":"Cl\u00f4tur\u00e9e le 28 f\u00e9vrier 2025, cette op\u00e9ration, selon le communiqu\u00e9 de presse, a permis de lever plus de 100 milliards FCFA, confirmant la confiance des investisseurs dans l\u2019\u00e9conomie b\u00e9ninoise.","robots":{"index":"index","follow":"follow","max-snippet":"max-snippet:-1","max-image-preview":"max-image-preview:large","max-video-preview":"max-video-preview:-1"},"canonical":"https:\/\/lamarinabj.com\/index.php\/2025\/03\/06\/opv-de-la-biic-plus-de-100-milliards-fcfa-mobilises-pour-letat-beninois\/","og_locale":"fr_FR","og_type":"article","og_title":"OPV de la BIIC : plus de 100 milliards FCFA mobilis\u00e9s pour l\u2019\u00c9tat b\u00e9ninois - LA MARINA BJ","og_description":"Cl\u00f4tur\u00e9e le 28 f\u00e9vrier 2025, cette op\u00e9ration, selon le communiqu\u00e9 de presse, a permis de lever plus de 100 milliards FCFA, confirmant la confiance des investisseurs dans l\u2019\u00e9conomie b\u00e9ninoise.","og_url":"https:\/\/lamarinabj.com\/index.php\/2025\/03\/06\/opv-de-la-biic-plus-de-100-milliards-fcfa-mobilises-pour-letat-beninois\/","og_site_name":"LA MARINA BJ","article_published_time":"2025-03-06T07:45:14+00:00","article_modified_time":"2025-03-06T07:45:15+00:00","og_image":[{"width":1080,"height":1080,"url":"https:\/\/lamarinabj.com\/wp-content\/uploads\/2025\/03\/IMG-20250306-WA0016.jpg","type":"image\/jpeg"}],"author":"La Marina BJ - Team Business &amp; \u00c9conomie &amp; Finances","twitter_card":"summary_large_image","twitter_misc":{"\u00c9crit par":"La Marina BJ - Team Business &amp; \u00c9conomie &amp; Finances","Dur\u00e9e de lecture estim\u00e9e":"2 minutes"},"schema":{"@context":"https:\/\/schema.org","@graph":[{"@type":"NewsArticle","@id":"https:\/\/lamarinabj.com\/index.php\/2025\/03\/06\/opv-de-la-biic-plus-de-100-milliards-fcfa-mobilises-pour-letat-beninois\/#article","isPartOf":{"@id":"https:\/\/lamarinabj.com\/index.php\/2025\/03\/06\/opv-de-la-biic-plus-de-100-milliards-fcfa-mobilises-pour-letat-beninois\/"},"author":{"name":"La Marina BJ - Team Business &amp; \u00c9conomie &amp; Finances","@id":"https:\/\/lamarinabj.com\/#\/schema\/person\/daecc7fb1eea21418f92763d06a3f4b4"},"headline":"OPV de la BIIC : plus de 100 milliards FCFA mobilis\u00e9s pour l\u2019\u00c9tat b\u00e9ninois","datePublished":"2025-03-06T07:45:14+00:00","dateModified":"2025-03-06T07:45:15+00:00","mainEntityOfPage":{"@id":"https:\/\/lamarinabj.com\/index.php\/2025\/03\/06\/opv-de-la-biic-plus-de-100-milliards-fcfa-mobilises-pour-letat-beninois\/"},"wordCount":319,"commentCount":0,"image":{"@id":"https:\/\/lamarinabj.com\/index.php\/2025\/03\/06\/opv-de-la-biic-plus-de-100-milliards-fcfa-mobilises-pour-letat-beninois\/#primaryimage"},"thumbnailUrl":"https:\/\/lamarinabj.com\/wp-content\/uploads\/2025\/03\/IMG-20250306-WA0016.jpg","keywords":["Banque Internationale pour l\u2019Industrie et le Commerce","B\u00e9nin","OPV"],"articleSection":["BUSINESS","EN SAVOIR PLUS"],"inLanguage":"fr-FR","potentialAction":[{"@type":"CommentAction","name":"Comment","target":["https:\/\/lamarinabj.com\/index.php\/2025\/03\/06\/opv-de-la-biic-plus-de-100-milliards-fcfa-mobilises-pour-letat-beninois\/#respond"]}]},{"@type":["WebPage","SearchResultsPage"],"@id":"https:\/\/lamarinabj.com\/index.php\/2025\/03\/06\/opv-de-la-biic-plus-de-100-milliards-fcfa-mobilises-pour-letat-beninois\/","url":"https:\/\/lamarinabj.com\/index.php\/2025\/03\/06\/opv-de-la-biic-plus-de-100-milliards-fcfa-mobilises-pour-letat-beninois\/","name":"OPV de la BIIC : plus de 100 milliards FCFA mobilis\u00e9s pour l\u2019\u00c9tat b\u00e9ninois - LA MARINA BJ","isPartOf":{"@id":"https:\/\/lamarinabj.com\/#website"},"primaryImageOfPage":{"@id":"https:\/\/lamarinabj.com\/index.php\/2025\/03\/06\/opv-de-la-biic-plus-de-100-milliards-fcfa-mobilises-pour-letat-beninois\/#primaryimage"},"image":{"@id":"https:\/\/lamarinabj.com\/index.php\/2025\/03\/06\/opv-de-la-biic-plus-de-100-milliards-fcfa-mobilises-pour-letat-beninois\/#primaryimage"},"thumbnailUrl":"https:\/\/lamarinabj.com\/wp-content\/uploads\/2025\/03\/IMG-20250306-WA0016.jpg","datePublished":"2025-03-06T07:45:14+00:00","dateModified":"2025-03-06T07:45:15+00:00","author":{"@id":"https:\/\/lamarinabj.com\/#\/schema\/person\/daecc7fb1eea21418f92763d06a3f4b4"},"description":"Cl\u00f4tur\u00e9e le 28 f\u00e9vrier 2025, cette op\u00e9ration, selon le communiqu\u00e9 de presse, a permis de lever plus de 100 milliards FCFA, confirmant la confiance des investisseurs dans l\u2019\u00e9conomie b\u00e9ninoise.","breadcrumb":{"@id":"https:\/\/lamarinabj.com\/index.php\/2025\/03\/06\/opv-de-la-biic-plus-de-100-milliards-fcfa-mobilises-pour-letat-beninois\/#breadcrumb"},"inLanguage":"fr-FR","potentialAction":[{"@type":"ReadAction","target":["https:\/\/lamarinabj.com\/index.php\/2025\/03\/06\/opv-de-la-biic-plus-de-100-milliards-fcfa-mobilises-pour-letat-beninois\/"]}]},{"@type":"ImageObject","inLanguage":"fr-FR","@id":"https:\/\/lamarinabj.com\/index.php\/2025\/03\/06\/opv-de-la-biic-plus-de-100-milliards-fcfa-mobilises-pour-letat-beninois\/#primaryimage","url":"https:\/\/lamarinabj.com\/wp-content\/uploads\/2025\/03\/IMG-20250306-WA0016.jpg","contentUrl":"https:\/\/lamarinabj.com\/wp-content\/uploads\/2025\/03\/IMG-20250306-WA0016.jpg","width":1080,"height":1080},{"@type":"BreadcrumbList","@id":"https:\/\/lamarinabj.com\/index.php\/2025\/03\/06\/opv-de-la-biic-plus-de-100-milliards-fcfa-mobilises-pour-letat-beninois\/#breadcrumb","itemListElement":[{"@type":"ListItem","position":1,"name":"Accueil","item":"https:\/\/lamarinabj.com\/"},{"@type":"ListItem","position":2,"name":"OPV de la BIIC : plus de 100 milliards FCFA mobilis\u00e9s pour l\u2019\u00c9tat b\u00e9ninois"}]},{"@type":"WebSite","@id":"https:\/\/lamarinabj.com\/#website","url":"https:\/\/lamarinabj.com\/","name":"LA MARINA BJ","description":"Votre portail vers l&#039;information strat\u00e9gique au B\u00e9nin, en Afrique et au-del\u00e0","potentialAction":[{"@type":"SearchAction","target":{"@type":"EntryPoint","urlTemplate":"https:\/\/lamarinabj.com\/?s={search_term_string}"},"query-input":{"@type":"PropertyValueSpecification","valueRequired":true,"valueName":"search_term_string"}}],"inLanguage":"fr-FR"},{"@type":"Person","@id":"https:\/\/lamarinabj.com\/#\/schema\/person\/daecc7fb1eea21418f92763d06a3f4b4","name":"La Marina BJ - Team Business &amp; \u00c9conomie &amp; Finances","image":{"@type":"ImageObject","inLanguage":"fr-FR","@id":"https:\/\/secure.gravatar.com\/avatar\/007be62133093bb48d247a392503beff272bc6a9503872d32895035e0e72b4f7?s=96&d=mm&r=g","url":"https:\/\/secure.gravatar.com\/avatar\/007be62133093bb48d247a392503beff272bc6a9503872d32895035e0e72b4f7?s=96&d=mm&r=g","contentUrl":"https:\/\/secure.gravatar.com\/avatar\/007be62133093bb48d247a392503beff272bc6a9503872d32895035e0e72b4f7?s=96&d=mm&r=g","caption":"La Marina BJ - Team Business &amp; \u00c9conomie &amp; Finances"},"description":"La Team \u00c9conomie &amp; Finances de La Marina BJ d\u00e9crypte les dynamiques \u00e9conomiques qui fa\u00e7onnent le B\u00e9nin, l\u2019Afrique et le monde. Compos\u00e9e de journalistes \u00e9conomiques, d\u2019analystes sectoriels et de veilleurs sp\u00e9cialis\u00e9s, elle s\u2019attache \u00e0 rendre lisibles les m\u00e9canismes financiers, les politiques budg\u00e9taires, les r\u00e9formes fiscales et les grandes orientations macro\u00e9conomiques. Son ambition : \u00e9clairer les choix, anticiper les tendances et outiller les d\u00e9cideurs \u2014 publics comme priv\u00e9s \u2014 dans un environnement \u00e9conomique en constante mutation.","url":"https:\/\/lamarinabj.com\/index.php\/author\/ernestine\/"}]}},"_links":{"self":[{"href":"https:\/\/lamarinabj.com\/index.php\/wp-json\/wp\/v2\/posts\/10478","targetHints":{"allow":["GET"]}}],"collection":[{"href":"https:\/\/lamarinabj.com\/index.php\/wp-json\/wp\/v2\/posts"}],"about":[{"href":"https:\/\/lamarinabj.com\/index.php\/wp-json\/wp\/v2\/types\/post"}],"author":[{"embeddable":true,"href":"https:\/\/lamarinabj.com\/index.php\/wp-json\/wp\/v2\/users\/8"}],"replies":[{"embeddable":true,"href":"https:\/\/lamarinabj.com\/index.php\/wp-json\/wp\/v2\/comments?post=10478"}],"version-history":[{"count":1,"href":"https:\/\/lamarinabj.com\/index.php\/wp-json\/wp\/v2\/posts\/10478\/revisions"}],"predecessor-version":[{"id":10481,"href":"https:\/\/lamarinabj.com\/index.php\/wp-json\/wp\/v2\/posts\/10478\/revisions\/10481"}],"wp:featuredmedia":[{"embeddable":true,"href":"https:\/\/lamarinabj.com\/index.php\/wp-json\/wp\/v2\/media\/10480"}],"wp:attachment":[{"href":"https:\/\/lamarinabj.com\/index.php\/wp-json\/wp\/v2\/media?parent=10478"}],"wp:term":[{"taxonomy":"category","embeddable":true,"href":"https:\/\/lamarinabj.com\/index.php\/wp-json\/wp\/v2\/categories?post=10478"},{"taxonomy":"post_tag","embeddable":true,"href":"https:\/\/lamarinabj.com\/index.php\/wp-json\/wp\/v2\/tags?post=10478"}],"curies":[{"name":"wp","href":"https:\/\/api.w.org\/{rel}","templated":true}]}}