{"id":10486,"date":"2025-03-06T15:00:00","date_gmt":"2025-03-06T14:00:00","guid":{"rendered":"https:\/\/lamarinabj.com\/?p=10486"},"modified":"2025-03-06T15:08:19","modified_gmt":"2025-03-06T14:08:19","slug":"demarrage-en-aout-des-travaux-de-construction-de-trois-lycees-agricoles-et-professionnels","status":"publish","type":"post","link":"https:\/\/lamarinabj.com\/index.php\/2025\/03\/06\/demarrage-en-aout-des-travaux-de-construction-de-trois-lycees-agricoles-et-professionnels\/","title":{"rendered":"D\u00e9marrage en ao\u00fbt des travaux de construction de trois lyc\u00e9es agricoles et professionnels"},"content":{"rendered":"\n<p><strong><mark style=\"background-color:rgba(0, 0, 0, 0)\" class=\"has-inline-color has-red-color\">Infrastructures scolaires, B\u00e9nin <\/mark><\/strong>&#8211; <strong><em>Le 20 d\u00e9cembre 2024, lors de son message sur l&rsquo;\u00e9tat de la nation, le chef de l&rsquo;\u00c9tat, Patrice Talon, avait rassur\u00e9 sur le projet de construction des lyc\u00e9es techniques agricoles et des \u00e9coles de m\u00e9tiers en annon\u00e7ant que \u00ab les travaux de construction et d&rsquo;\u00e9quipement de ces \u00e9coles d\u00e9marreront dans les tout prochains mois \u00bb. Selon nos informations, les travaux de trois des lyc\u00e9es techniques agricoles et professionnels envisag\u00e9s d\u00e9marreront dans la deuxi\u00e8me quinzaine du mois d&rsquo;ao\u00fbt, juste apr\u00e8s la signature des contrats avec les entreprises qui seront charg\u00e9es des travaux, pr\u00e9vue pour le 18 ao\u00fbt 2025.<\/em><\/strong><\/p>\n\n\n\n<p>Les trois lyc\u00e9es concern\u00e9s, selon le document de planification que La Marina BJ a pu consulter, sont le lyc\u00e9e technique professionnel (incubateur) de Tchaourou, ainsi que les lyc\u00e9es techniques agricoles de Kpomass\u00e8 et d&rsquo;Athi\u00e9m\u00e9, avec, pour chacun des deux derniers, l&rsquo;am\u00e9nagement d&rsquo;une Unit\u00e9 \u00c9conomique \u00e0 Vocation P\u00e9dagogique (UEVP).<\/p>\n\n\n\n<p>Toujours selon le document, l&rsquo;organe d&rsquo;ex\u00e9cution des travaux qu&rsquo;est l&rsquo;Agence de D\u00e9veloppement de l&rsquo;Enseignement Technique (ADET) du B\u00e9nin, proc\u00e9dera d\u00e8s le d\u00e9marrage des travaux de construction des infrastructures, au lancement de l&rsquo;op\u00e9ration d&rsquo;acquisition des \u00e9quipements p\u00e9dagogiques qui seront utilis\u00e9s dans ces trois lyc\u00e9es une fois les chantiers termin\u00e9s. Il est \u00e9galement pr\u00e9vue une \u00e9tude compl\u00e9mentaire sur la vuln\u00e9rabilit\u00e9 climatique et la sobri\u00e9t\u00e9 carbone des trois sites avant le d\u00e9marrage des travaux.<\/p>\n\n\n\n<h2 id=\"fin-des-travaux-en-2027\" class=\"wp-block-heading\"><mark style=\"background-color:rgba(0, 0, 0, 0)\" class=\"has-inline-color has-red-color\">Fin des travaux en 2027<\/mark><\/h2>\n\n\n\n<p>La fin des travaux pour les trois infrastructures d&rsquo;enseignement est pr\u00e9vue pour le 17 octobre 2027. Un d\u00e9lai dont le respect d\u00e9pend des d\u00e9caissements successifs des fonds allou\u00e9s. \u00c0 noter que le projet de construction de lyc\u00e9es agricoles et d&rsquo;incubateurs dans certaines villes du B\u00e9nin, confi\u00e9 \u00e0 l&rsquo;Agence de d\u00e9veloppement de l&rsquo;enseignement technique, s&rsquo;inscrit dans le cadre de la <a href=\"https:\/\/lamarinabj.com\/index.php\/2025\/03\/03\/benin-ladet-mise-sur-un-specialiste-emploi-et-entrepreneuriat-pour-son-projet-de-developpement-des-competences\/\"><mark style=\"background-color:rgba(0, 0, 0, 0)\" class=\"has-inline-color has-green-color\"><strong>premi\u00e8re phase du projet de d\u00e9veloppement des comp\u00e9tences pour l&#8217;emploi dans les secteurs prioritaires<\/strong><\/mark><\/a>, financ\u00e9 par la Banque Africaine de D\u00e9veloppement, \u00e0 travers les accords de pr\u00eat n\u00b02000200006257 et n\u00b05050200001801 du 19\/01\/2024. Ces accords ont \u00e9t\u00e9 ratifi\u00e9s par le pr\u00e9sident Patrice Talon le 28 f\u00e9vrier 2024.<\/p>\n","protected":false},"excerpt":{"rendered":"Infrastructures scolaires, B\u00e9nin &#8211; Le 20 d\u00e9cembre 2024, lors de son message sur l&rsquo;\u00e9tat de la nation, le&hellip;\n","protected":false},"author":3,"featured_media":10487,"comment_status":"open","ping_status":"open","sticky":false,"template":"elementor_theme","format":"standard","meta":{"csco_singular_sidebar":"","csco_page_header_type":"standard","csco_appearance_masonry":"","csco_page_load_nextpost":"","csco_post_video_location":[],"csco_post_video_location_hash":"","csco_post_video_url":"","csco_post_video_bg_start_time":0,"csco_post_video_bg_end_time":0,"footnotes":""},"categories":[57,191],"tags":[1459,41,524],"class_list":{"0":"post-10486","1":"post","2":"type-post","3":"status-publish","4":"format-standard","5":"has-post-thumbnail","7":"category-a-suivre","8":"category-en-savoir-plus-2","9":"tag-agence-de-developpement-de-lenseignement-technique","10":"tag-benin","11":"tag-lycee-technique-agricole","12":"cs-entry","13":"cs-video-wrap"},"yoast_head":"<!-- This site is optimized with the Yoast SEO plugin v27.4 - https:\/\/yoast.com\/product\/yoast-seo-wordpress\/ -->\n<title>D\u00e9marrage en ao\u00fbt des travaux de construction de trois lyc\u00e9es agricoles et professionnels - LA MARINA BJ<\/title>\n<meta name=\"description\" content=\"Selon nos informations, les travaux de trois des lyc\u00e9es techniques agricoles et professionnels envisag\u00e9s d\u00e9marreront dans la deuxi\u00e8me quinzaine du mois d&#039;ao\u00fbt, juste apr\u00e8s la signature des contrats avec les entreprises qui seront charg\u00e9es des travaux, pr\u00e9vue pour le 18 ao\u00fbt 2025.\" \/>\n<meta name=\"robots\" content=\"index, follow, max-snippet:-1, max-image-preview:large, max-video-preview:-1\" \/>\n<link rel=\"canonical\" href=\"https:\/\/lamarinabj.com\/index.php\/2025\/03\/06\/demarrage-en-aout-des-travaux-de-construction-de-trois-lycees-agricoles-et-professionnels\/\" \/>\n<meta property=\"og:locale\" content=\"fr_FR\" \/>\n<meta property=\"og:type\" content=\"article\" \/>\n<meta property=\"og:title\" content=\"D\u00e9marrage en ao\u00fbt des travaux de construction de trois lyc\u00e9es agricoles et professionnels - LA MARINA BJ\" \/>\n<meta property=\"og:description\" content=\"Selon nos informations, les travaux de trois des lyc\u00e9es techniques agricoles et professionnels envisag\u00e9s d\u00e9marreront dans la deuxi\u00e8me quinzaine du mois d&#039;ao\u00fbt, juste apr\u00e8s la signature des contrats avec les entreprises qui seront charg\u00e9es des travaux, pr\u00e9vue pour le 18 ao\u00fbt 2025.\" \/>\n<meta property=\"og:url\" content=\"https:\/\/lamarinabj.com\/index.php\/2025\/03\/06\/demarrage-en-aout-des-travaux-de-construction-de-trois-lycees-agricoles-et-professionnels\/\" \/>\n<meta property=\"og:site_name\" content=\"LA MARINA BJ\" \/>\n<meta property=\"article:published_time\" content=\"2025-03-06T14:00:00+00:00\" \/>\n<meta property=\"article:modified_time\" content=\"2025-03-06T14:08:19+00:00\" \/>\n<meta property=\"og:image\" content=\"https:\/\/lamarinabj.com\/wp-content\/uploads\/2025\/03\/IMG-20250306-WA00211.jpg\" \/>\n\t<meta property=\"og:image:width\" content=\"1080\" \/>\n\t<meta property=\"og:image:height\" content=\"1080\" \/>\n\t<meta property=\"og:image:type\" content=\"image\/jpeg\" \/>\n<meta name=\"author\" content=\"La Marina BJ - Team Veille &amp; Projets publics\" \/>\n<meta name=\"twitter:card\" content=\"summary_large_image\" \/>\n<meta name=\"twitter:label1\" content=\"\u00c9crit par\" \/>\n\t<meta name=\"twitter:data1\" content=\"La Marina BJ - Team Veille &amp; Projets publics\" \/>\n\t<meta name=\"twitter:label2\" content=\"Dur\u00e9e de lecture estim\u00e9e\" \/>\n\t<meta name=\"twitter:data2\" content=\"2 minutes\" \/>\n<script type=\"application\/ld+json\" class=\"yoast-schema-graph\">{\"@context\":\"https:\\\/\\\/schema.org\",\"@graph\":[{\"@type\":\"NewsArticle\",\"@id\":\"https:\\\/\\\/lamarinabj.com\\\/index.php\\\/2025\\\/03\\\/06\\\/demarrage-en-aout-des-travaux-de-construction-de-trois-lycees-agricoles-et-professionnels\\\/#article\",\"isPartOf\":{\"@id\":\"https:\\\/\\\/lamarinabj.com\\\/index.php\\\/2025\\\/03\\\/06\\\/demarrage-en-aout-des-travaux-de-construction-de-trois-lycees-agricoles-et-professionnels\\\/\"},\"author\":{\"name\":\"La Marina BJ - Team Veille &amp; Projets publics\",\"@id\":\"https:\\\/\\\/lamarinabj.com\\\/#\\\/schema\\\/person\\\/70c372a4c3c86bd4844a0382357a0f2d\"},\"headline\":\"D\u00e9marrage en ao\u00fbt des travaux de construction de trois lyc\u00e9es agricoles et professionnels\",\"datePublished\":\"2025-03-06T14:00:00+00:00\",\"dateModified\":\"2025-03-06T14:08:19+00:00\",\"mainEntityOfPage\":{\"@id\":\"https:\\\/\\\/lamarinabj.com\\\/index.php\\\/2025\\\/03\\\/06\\\/demarrage-en-aout-des-travaux-de-construction-de-trois-lycees-agricoles-et-professionnels\\\/\"},\"wordCount\":404,\"commentCount\":0,\"image\":{\"@id\":\"https:\\\/\\\/lamarinabj.com\\\/index.php\\\/2025\\\/03\\\/06\\\/demarrage-en-aout-des-travaux-de-construction-de-trois-lycees-agricoles-et-professionnels\\\/#primaryimage\"},\"thumbnailUrl\":\"https:\\\/\\\/lamarinabj.com\\\/wp-content\\\/uploads\\\/2025\\\/03\\\/IMG-20250306-WA00211.jpg\",\"keywords\":[\"Agence de d\u00e9veloppement de l'enseignement technique\",\"B\u00e9nin\",\"Lyc\u00e9e technique agricole\"],\"articleSection\":[\"\u00c0 SUIVRE\",\"EN SAVOIR PLUS\"],\"inLanguage\":\"fr-FR\",\"potentialAction\":[{\"@type\":\"CommentAction\",\"name\":\"Comment\",\"target\":[\"https:\\\/\\\/lamarinabj.com\\\/index.php\\\/2025\\\/03\\\/06\\\/demarrage-en-aout-des-travaux-de-construction-de-trois-lycees-agricoles-et-professionnels\\\/#respond\"]}]},{\"@type\":[\"WebPage\",\"SearchResultsPage\"],\"@id\":\"https:\\\/\\\/lamarinabj.com\\\/index.php\\\/2025\\\/03\\\/06\\\/demarrage-en-aout-des-travaux-de-construction-de-trois-lycees-agricoles-et-professionnels\\\/\",\"url\":\"https:\\\/\\\/lamarinabj.com\\\/index.php\\\/2025\\\/03\\\/06\\\/demarrage-en-aout-des-travaux-de-construction-de-trois-lycees-agricoles-et-professionnels\\\/\",\"name\":\"D\u00e9marrage en ao\u00fbt des travaux de construction de trois lyc\u00e9es agricoles et professionnels - LA MARINA BJ\",\"isPartOf\":{\"@id\":\"https:\\\/\\\/lamarinabj.com\\\/#website\"},\"primaryImageOfPage\":{\"@id\":\"https:\\\/\\\/lamarinabj.com\\\/index.php\\\/2025\\\/03\\\/06\\\/demarrage-en-aout-des-travaux-de-construction-de-trois-lycees-agricoles-et-professionnels\\\/#primaryimage\"},\"image\":{\"@id\":\"https:\\\/\\\/lamarinabj.com\\\/index.php\\\/2025\\\/03\\\/06\\\/demarrage-en-aout-des-travaux-de-construction-de-trois-lycees-agricoles-et-professionnels\\\/#primaryimage\"},\"thumbnailUrl\":\"https:\\\/\\\/lamarinabj.com\\\/wp-content\\\/uploads\\\/2025\\\/03\\\/IMG-20250306-WA00211.jpg\",\"datePublished\":\"2025-03-06T14:00:00+00:00\",\"dateModified\":\"2025-03-06T14:08:19+00:00\",\"author\":{\"@id\":\"https:\\\/\\\/lamarinabj.com\\\/#\\\/schema\\\/person\\\/70c372a4c3c86bd4844a0382357a0f2d\"},\"description\":\"Selon nos informations, les travaux de trois des lyc\u00e9es techniques agricoles et professionnels envisag\u00e9s d\u00e9marreront dans la deuxi\u00e8me quinzaine du mois d'ao\u00fbt, juste apr\u00e8s la signature des contrats avec les entreprises qui seront charg\u00e9es des travaux, pr\u00e9vue pour le 18 ao\u00fbt 2025.\",\"breadcrumb\":{\"@id\":\"https:\\\/\\\/lamarinabj.com\\\/index.php\\\/2025\\\/03\\\/06\\\/demarrage-en-aout-des-travaux-de-construction-de-trois-lycees-agricoles-et-professionnels\\\/#breadcrumb\"},\"inLanguage\":\"fr-FR\",\"potentialAction\":[{\"@type\":\"ReadAction\",\"target\":[\"https:\\\/\\\/lamarinabj.com\\\/index.php\\\/2025\\\/03\\\/06\\\/demarrage-en-aout-des-travaux-de-construction-de-trois-lycees-agricoles-et-professionnels\\\/\"]}]},{\"@type\":\"ImageObject\",\"inLanguage\":\"fr-FR\",\"@id\":\"https:\\\/\\\/lamarinabj.com\\\/index.php\\\/2025\\\/03\\\/06\\\/demarrage-en-aout-des-travaux-de-construction-de-trois-lycees-agricoles-et-professionnels\\\/#primaryimage\",\"url\":\"https:\\\/\\\/lamarinabj.com\\\/wp-content\\\/uploads\\\/2025\\\/03\\\/IMG-20250306-WA00211.jpg\",\"contentUrl\":\"https:\\\/\\\/lamarinabj.com\\\/wp-content\\\/uploads\\\/2025\\\/03\\\/IMG-20250306-WA00211.jpg\",\"width\":1080,\"height\":1080},{\"@type\":\"BreadcrumbList\",\"@id\":\"https:\\\/\\\/lamarinabj.com\\\/index.php\\\/2025\\\/03\\\/06\\\/demarrage-en-aout-des-travaux-de-construction-de-trois-lycees-agricoles-et-professionnels\\\/#breadcrumb\",\"itemListElement\":[{\"@type\":\"ListItem\",\"position\":1,\"name\":\"Accueil\",\"item\":\"https:\\\/\\\/lamarinabj.com\\\/\"},{\"@type\":\"ListItem\",\"position\":2,\"name\":\"D\u00e9marrage en ao\u00fbt des travaux de construction de trois lyc\u00e9es agricoles et professionnels\"}]},{\"@type\":\"WebSite\",\"@id\":\"https:\\\/\\\/lamarinabj.com\\\/#website\",\"url\":\"https:\\\/\\\/lamarinabj.com\\\/\",\"name\":\"LA MARINA BJ\",\"description\":\"Votre portail vers l&#039;information strat\u00e9gique au B\u00e9nin, en Afrique et au-del\u00e0\",\"potentialAction\":[{\"@type\":\"SearchAction\",\"target\":{\"@type\":\"EntryPoint\",\"urlTemplate\":\"https:\\\/\\\/lamarinabj.com\\\/?s={search_term_string}\"},\"query-input\":{\"@type\":\"PropertyValueSpecification\",\"valueRequired\":true,\"valueName\":\"search_term_string\"}}],\"inLanguage\":\"fr-FR\"},{\"@type\":\"Person\",\"@id\":\"https:\\\/\\\/lamarinabj.com\\\/#\\\/schema\\\/person\\\/70c372a4c3c86bd4844a0382357a0f2d\",\"name\":\"La Marina BJ - Team Veille &amp; Projets publics\",\"image\":{\"@type\":\"ImageObject\",\"inLanguage\":\"fr-FR\",\"@id\":\"https:\\\/\\\/secure.gravatar.com\\\/avatar\\\/b56740eda81210101c8acebdd7c5c7db1bd0ab57f63df607996683fa153ff0d0?s=96&d=mm&r=g\",\"url\":\"https:\\\/\\\/secure.gravatar.com\\\/avatar\\\/b56740eda81210101c8acebdd7c5c7db1bd0ab57f63df607996683fa153ff0d0?s=96&d=mm&r=g\",\"contentUrl\":\"https:\\\/\\\/secure.gravatar.com\\\/avatar\\\/b56740eda81210101c8acebdd7c5c7db1bd0ab57f63df607996683fa153ff0d0?s=96&d=mm&r=g\",\"caption\":\"La Marina BJ - Team Veille &amp; Projets publics\"},\"description\":\"La Team Veille &amp; Projets publics de La Marina BJ est d\u00e9di\u00e9e \u00e0 la surveillance proactive des dynamiques institutionnelles impuls\u00e9es par l\u2019\u00c9tat, les agences publiques, les collectivit\u00e9s territoriales ainsi que les partenaires techniques et financiers. Gr\u00e2ce \u00e0 une veille strat\u00e9gique permanente, cette \u00e9quipe identifie et suit les projets de d\u00e9veloppement, les \u00e9tudes pr\u00e9alables et les investissements publics majeurs. Elle documente les politiques sectorielles, analyse les enjeux techniques, \u00e9conomiques, sociaux et environnementaux, et produit des contenus exclusifs pour \u00e9clairer les mutations structurelles.\",\"url\":\"https:\\\/\\\/lamarinabj.com\\\/index.php\\\/author\\\/simahou\\\/\"}]}<\/script>\n<!-- \/ Yoast SEO plugin. -->","yoast_head_json":{"title":"D\u00e9marrage en ao\u00fbt des travaux de construction de trois lyc\u00e9es agricoles et professionnels - LA MARINA BJ","description":"Selon nos informations, les travaux de trois des lyc\u00e9es techniques agricoles et professionnels envisag\u00e9s d\u00e9marreront dans la deuxi\u00e8me quinzaine du mois d'ao\u00fbt, juste apr\u00e8s la signature des contrats avec les entreprises qui seront charg\u00e9es des travaux, pr\u00e9vue pour le 18 ao\u00fbt 2025.","robots":{"index":"index","follow":"follow","max-snippet":"max-snippet:-1","max-image-preview":"max-image-preview:large","max-video-preview":"max-video-preview:-1"},"canonical":"https:\/\/lamarinabj.com\/index.php\/2025\/03\/06\/demarrage-en-aout-des-travaux-de-construction-de-trois-lycees-agricoles-et-professionnels\/","og_locale":"fr_FR","og_type":"article","og_title":"D\u00e9marrage en ao\u00fbt des travaux de construction de trois lyc\u00e9es agricoles et professionnels - LA MARINA BJ","og_description":"Selon nos informations, les travaux de trois des lyc\u00e9es techniques agricoles et professionnels envisag\u00e9s d\u00e9marreront dans la deuxi\u00e8me quinzaine du mois d'ao\u00fbt, juste apr\u00e8s la signature des contrats avec les entreprises qui seront charg\u00e9es des travaux, pr\u00e9vue pour le 18 ao\u00fbt 2025.","og_url":"https:\/\/lamarinabj.com\/index.php\/2025\/03\/06\/demarrage-en-aout-des-travaux-de-construction-de-trois-lycees-agricoles-et-professionnels\/","og_site_name":"LA MARINA BJ","article_published_time":"2025-03-06T14:00:00+00:00","article_modified_time":"2025-03-06T14:08:19+00:00","og_image":[{"width":1080,"height":1080,"url":"https:\/\/lamarinabj.com\/wp-content\/uploads\/2025\/03\/IMG-20250306-WA00211.jpg","type":"image\/jpeg"}],"author":"La Marina BJ - Team Veille &amp; Projets publics","twitter_card":"summary_large_image","twitter_misc":{"\u00c9crit par":"La Marina BJ - Team Veille &amp; Projets publics","Dur\u00e9e de lecture estim\u00e9e":"2 minutes"},"schema":{"@context":"https:\/\/schema.org","@graph":[{"@type":"NewsArticle","@id":"https:\/\/lamarinabj.com\/index.php\/2025\/03\/06\/demarrage-en-aout-des-travaux-de-construction-de-trois-lycees-agricoles-et-professionnels\/#article","isPartOf":{"@id":"https:\/\/lamarinabj.com\/index.php\/2025\/03\/06\/demarrage-en-aout-des-travaux-de-construction-de-trois-lycees-agricoles-et-professionnels\/"},"author":{"name":"La Marina BJ - Team Veille &amp; Projets publics","@id":"https:\/\/lamarinabj.com\/#\/schema\/person\/70c372a4c3c86bd4844a0382357a0f2d"},"headline":"D\u00e9marrage en ao\u00fbt des travaux de construction de trois lyc\u00e9es agricoles et professionnels","datePublished":"2025-03-06T14:00:00+00:00","dateModified":"2025-03-06T14:08:19+00:00","mainEntityOfPage":{"@id":"https:\/\/lamarinabj.com\/index.php\/2025\/03\/06\/demarrage-en-aout-des-travaux-de-construction-de-trois-lycees-agricoles-et-professionnels\/"},"wordCount":404,"commentCount":0,"image":{"@id":"https:\/\/lamarinabj.com\/index.php\/2025\/03\/06\/demarrage-en-aout-des-travaux-de-construction-de-trois-lycees-agricoles-et-professionnels\/#primaryimage"},"thumbnailUrl":"https:\/\/lamarinabj.com\/wp-content\/uploads\/2025\/03\/IMG-20250306-WA00211.jpg","keywords":["Agence de d\u00e9veloppement de l'enseignement technique","B\u00e9nin","Lyc\u00e9e technique agricole"],"articleSection":["\u00c0 SUIVRE","EN SAVOIR PLUS"],"inLanguage":"fr-FR","potentialAction":[{"@type":"CommentAction","name":"Comment","target":["https:\/\/lamarinabj.com\/index.php\/2025\/03\/06\/demarrage-en-aout-des-travaux-de-construction-de-trois-lycees-agricoles-et-professionnels\/#respond"]}]},{"@type":["WebPage","SearchResultsPage"],"@id":"https:\/\/lamarinabj.com\/index.php\/2025\/03\/06\/demarrage-en-aout-des-travaux-de-construction-de-trois-lycees-agricoles-et-professionnels\/","url":"https:\/\/lamarinabj.com\/index.php\/2025\/03\/06\/demarrage-en-aout-des-travaux-de-construction-de-trois-lycees-agricoles-et-professionnels\/","name":"D\u00e9marrage en ao\u00fbt des travaux de construction de trois lyc\u00e9es agricoles et professionnels - LA MARINA BJ","isPartOf":{"@id":"https:\/\/lamarinabj.com\/#website"},"primaryImageOfPage":{"@id":"https:\/\/lamarinabj.com\/index.php\/2025\/03\/06\/demarrage-en-aout-des-travaux-de-construction-de-trois-lycees-agricoles-et-professionnels\/#primaryimage"},"image":{"@id":"https:\/\/lamarinabj.com\/index.php\/2025\/03\/06\/demarrage-en-aout-des-travaux-de-construction-de-trois-lycees-agricoles-et-professionnels\/#primaryimage"},"thumbnailUrl":"https:\/\/lamarinabj.com\/wp-content\/uploads\/2025\/03\/IMG-20250306-WA00211.jpg","datePublished":"2025-03-06T14:00:00+00:00","dateModified":"2025-03-06T14:08:19+00:00","author":{"@id":"https:\/\/lamarinabj.com\/#\/schema\/person\/70c372a4c3c86bd4844a0382357a0f2d"},"description":"Selon nos informations, les travaux de trois des lyc\u00e9es techniques agricoles et professionnels envisag\u00e9s d\u00e9marreront dans la deuxi\u00e8me quinzaine du mois d'ao\u00fbt, juste apr\u00e8s la signature des contrats avec les entreprises qui seront charg\u00e9es des travaux, pr\u00e9vue pour le 18 ao\u00fbt 2025.","breadcrumb":{"@id":"https:\/\/lamarinabj.com\/index.php\/2025\/03\/06\/demarrage-en-aout-des-travaux-de-construction-de-trois-lycees-agricoles-et-professionnels\/#breadcrumb"},"inLanguage":"fr-FR","potentialAction":[{"@type":"ReadAction","target":["https:\/\/lamarinabj.com\/index.php\/2025\/03\/06\/demarrage-en-aout-des-travaux-de-construction-de-trois-lycees-agricoles-et-professionnels\/"]}]},{"@type":"ImageObject","inLanguage":"fr-FR","@id":"https:\/\/lamarinabj.com\/index.php\/2025\/03\/06\/demarrage-en-aout-des-travaux-de-construction-de-trois-lycees-agricoles-et-professionnels\/#primaryimage","url":"https:\/\/lamarinabj.com\/wp-content\/uploads\/2025\/03\/IMG-20250306-WA00211.jpg","contentUrl":"https:\/\/lamarinabj.com\/wp-content\/uploads\/2025\/03\/IMG-20250306-WA00211.jpg","width":1080,"height":1080},{"@type":"BreadcrumbList","@id":"https:\/\/lamarinabj.com\/index.php\/2025\/03\/06\/demarrage-en-aout-des-travaux-de-construction-de-trois-lycees-agricoles-et-professionnels\/#breadcrumb","itemListElement":[{"@type":"ListItem","position":1,"name":"Accueil","item":"https:\/\/lamarinabj.com\/"},{"@type":"ListItem","position":2,"name":"D\u00e9marrage en ao\u00fbt des travaux de construction de trois lyc\u00e9es agricoles et professionnels"}]},{"@type":"WebSite","@id":"https:\/\/lamarinabj.com\/#website","url":"https:\/\/lamarinabj.com\/","name":"LA MARINA BJ","description":"Votre portail vers l&#039;information strat\u00e9gique au B\u00e9nin, en Afrique et au-del\u00e0","potentialAction":[{"@type":"SearchAction","target":{"@type":"EntryPoint","urlTemplate":"https:\/\/lamarinabj.com\/?s={search_term_string}"},"query-input":{"@type":"PropertyValueSpecification","valueRequired":true,"valueName":"search_term_string"}}],"inLanguage":"fr-FR"},{"@type":"Person","@id":"https:\/\/lamarinabj.com\/#\/schema\/person\/70c372a4c3c86bd4844a0382357a0f2d","name":"La Marina BJ - Team Veille &amp; Projets publics","image":{"@type":"ImageObject","inLanguage":"fr-FR","@id":"https:\/\/secure.gravatar.com\/avatar\/b56740eda81210101c8acebdd7c5c7db1bd0ab57f63df607996683fa153ff0d0?s=96&d=mm&r=g","url":"https:\/\/secure.gravatar.com\/avatar\/b56740eda81210101c8acebdd7c5c7db1bd0ab57f63df607996683fa153ff0d0?s=96&d=mm&r=g","contentUrl":"https:\/\/secure.gravatar.com\/avatar\/b56740eda81210101c8acebdd7c5c7db1bd0ab57f63df607996683fa153ff0d0?s=96&d=mm&r=g","caption":"La Marina BJ - Team Veille &amp; Projets publics"},"description":"La Team Veille &amp; Projets publics de La Marina BJ est d\u00e9di\u00e9e \u00e0 la surveillance proactive des dynamiques institutionnelles impuls\u00e9es par l\u2019\u00c9tat, les agences publiques, les collectivit\u00e9s territoriales ainsi que les partenaires techniques et financiers. Gr\u00e2ce \u00e0 une veille strat\u00e9gique permanente, cette \u00e9quipe identifie et suit les projets de d\u00e9veloppement, les \u00e9tudes pr\u00e9alables et les investissements publics majeurs. Elle documente les politiques sectorielles, analyse les enjeux techniques, \u00e9conomiques, sociaux et environnementaux, et produit des contenus exclusifs pour \u00e9clairer les mutations structurelles.","url":"https:\/\/lamarinabj.com\/index.php\/author\/simahou\/"}]}},"_links":{"self":[{"href":"https:\/\/lamarinabj.com\/index.php\/wp-json\/wp\/v2\/posts\/10486","targetHints":{"allow":["GET"]}}],"collection":[{"href":"https:\/\/lamarinabj.com\/index.php\/wp-json\/wp\/v2\/posts"}],"about":[{"href":"https:\/\/lamarinabj.com\/index.php\/wp-json\/wp\/v2\/types\/post"}],"author":[{"embeddable":true,"href":"https:\/\/lamarinabj.com\/index.php\/wp-json\/wp\/v2\/users\/3"}],"replies":[{"embeddable":true,"href":"https:\/\/lamarinabj.com\/index.php\/wp-json\/wp\/v2\/comments?post=10486"}],"version-history":[{"count":3,"href":"https:\/\/lamarinabj.com\/index.php\/wp-json\/wp\/v2\/posts\/10486\/revisions"}],"predecessor-version":[{"id":10501,"href":"https:\/\/lamarinabj.com\/index.php\/wp-json\/wp\/v2\/posts\/10486\/revisions\/10501"}],"wp:featuredmedia":[{"embeddable":true,"href":"https:\/\/lamarinabj.com\/index.php\/wp-json\/wp\/v2\/media\/10487"}],"wp:attachment":[{"href":"https:\/\/lamarinabj.com\/index.php\/wp-json\/wp\/v2\/media?parent=10486"}],"wp:term":[{"taxonomy":"category","embeddable":true,"href":"https:\/\/lamarinabj.com\/index.php\/wp-json\/wp\/v2\/categories?post=10486"},{"taxonomy":"post_tag","embeddable":true,"href":"https:\/\/lamarinabj.com\/index.php\/wp-json\/wp\/v2\/tags?post=10486"}],"curies":[{"name":"wp","href":"https:\/\/api.w.org\/{rel}","templated":true}]}}