{"id":10498,"date":"2025-03-06T08:30:00","date_gmt":"2025-03-06T07:30:00","guid":{"rendered":"https:\/\/lamarinabj.com\/?p=10498"},"modified":"2025-03-06T17:03:13","modified_gmt":"2025-03-06T16:03:13","slug":"question-du-jour-la-sanction-contre-le-chef-darrondissement-de-glo-djigbe-est-elle-justifiee-selon-vous","status":"publish","type":"post","link":"https:\/\/lamarinabj.com\/index.php\/2025\/03\/06\/question-du-jour-la-sanction-contre-le-chef-darrondissement-de-glo-djigbe-est-elle-justifiee-selon-vous\/","title":{"rendered":"Question du jour : La sanction contre le chef d\u2019arrondissement de Glo-Djigb\u00e9 est-elle justifi\u00e9e selon vous ?"},"content":{"rendered":"\n<p><strong><mark style=\"background-color:rgba(0, 0, 0, 0)\" class=\"has-inline-color has-red-color\">Opinion, B\u00e9nin<\/mark><\/strong> &#8211; <strong><em>R\u00e9uni le 4 mars 2025 sur convocation du maire Angelo Ahouandjinou, le Conseil municipal d\u2019Abomey-Calavi a act\u00e9 la suspension pour 60 jours de Gilbert S\u00e8tondji Boco, chef d\u2019arrondissement de Glo-Djigb\u00e9, apr\u00e8s des critiques \u00e0 l&rsquo;endroit du gouvernement diffus\u00e9es sur le forum WhatsApp r\u00e9serv\u00e9 aux conseillers de la ville. <\/em><\/strong><\/p>\n\n\n\n<p>Selon le maire, cette d\u00e9cision est justifi\u00e9e par un manquement grave \u00e0 l\u2019obligation de r\u00e9serve, ce qui repr\u00e9sente une faute lourde conform\u00e9ment aux articles 119, 183 et 184 du Code de l&rsquo;administration territoriale.<\/p>\n\n\n\n<p><mark style=\"background-color:rgba(0, 0, 0, 0)\" class=\"has-inline-color has-red-color\"><strong>Selon vous, cette sanction est-elle justifi\u00e9e ou porte-t-elle atteinte \u00e0 la libert\u00e9 d\u2019expression ?<\/strong><\/mark><\/p>\n\n\n\n<p>Partager votre avis sur la question, en laissant un commentaire dans l\u2019espace d\u00e9di\u00e9 ci-dessous, ou en rejoignant la discussion sur nos r\u00e9seaux sociaux :<\/p>\n\n\n\n<p><strong>Facebook<\/strong> : <a href=\"https:\/\/www.facebook.com\/share\/15gYdvnhZw\/?mibextid=qi2Omg\"><mark style=\"background-color:rgba(0, 0, 0, 0)\" class=\"has-inline-color has-green-color\"><strong>Cliquez<\/strong><\/mark><\/a> <\/p>\n\n\n\n<p><strong>X (ex Twitter)<\/strong> : <a href=\"https:\/\/x.com\/laMarinabj?t=_AVuIRHDSlc27g9FzuAjJA&amp;s=09\"><mark style=\"background-color:rgba(0, 0, 0, 0)\" class=\"has-inline-color has-green-color\"><strong>Cliquez<\/strong><\/mark><\/a> <\/p>\n\n\n\n<p><strong>LinkedIn<\/strong> : <a href=\"https:\/\/www.linkedin.com\/company\/la-marina-bj\/\"><mark style=\"background-color:rgba(0, 0, 0, 0)\" class=\"has-inline-color has-green-color\"><strong>Cliquez<\/strong><\/mark><\/a> <\/p>\n\n\n\n<p><strong>TikTok<\/strong> : <a href=\"https:\/\/www.tiktok.com\/@la.marina.bj?_t=ZM-8uSRvAZH9a2&amp;_r=1\"><mark style=\"background-color:rgba(0, 0, 0, 0)\" class=\"has-inline-color has-green-color\"><strong>Cliquez<\/strong><\/mark><\/a> <\/p>\n","protected":false},"excerpt":{"rendered":"Opinion, B\u00e9nin &#8211; R\u00e9uni le 4 mars 2025 sur convocation du maire Angelo Ahouandjinou, le Conseil municipal d\u2019Abomey-Calavi&hellip;\n","protected":false},"author":7,"featured_media":10499,"comment_status":"open","ping_status":"open","sticky":false,"template":"elementor_theme","format":"standard","meta":{"csco_singular_sidebar":"","csco_page_header_type":"standard","csco_appearance_masonry":"","csco_page_load_nextpost":"","csco_post_video_location":[],"csco_post_video_location_hash":"","csco_post_video_url":"","csco_post_video_bg_start_time":0,"csco_post_video_bg_end_time":0,"footnotes":""},"categories":[1471],"tags":[41,1473,1472],"class_list":{"0":"post-10498","1":"post","2":"type-post","3":"status-publish","4":"format-standard","5":"has-post-thumbnail","7":"category-question-du-jour","8":"tag-benin","9":"tag-glo-djigbe","10":"tag-mairie-dabomey-calavi","11":"cs-entry","12":"cs-video-wrap"},"yoast_head":"<!-- This site is optimized with the Yoast SEO plugin v27.4 - https:\/\/yoast.com\/product\/yoast-seo-wordpress\/ -->\n<title>Question du jour : La sanction contre le chef d\u2019arrondissement de Glo-Djigb\u00e9 est-elle justifi\u00e9e selon vous ? - LA MARINA BJ<\/title>\n<meta name=\"description\" content=\"Question du jour : La sanction contre le chef d\u2019arrondissement de Glo-Djigb\u00e9 est-elle justifi\u00e9e selon vous ?\" \/>\n<meta name=\"robots\" content=\"index, follow, max-snippet:-1, max-image-preview:large, max-video-preview:-1\" \/>\n<link rel=\"canonical\" href=\"https:\/\/lamarinabj.com\/index.php\/2025\/03\/06\/question-du-jour-la-sanction-contre-le-chef-darrondissement-de-glo-djigbe-est-elle-justifiee-selon-vous\/\" \/>\n<meta property=\"og:locale\" content=\"fr_FR\" \/>\n<meta property=\"og:type\" content=\"article\" \/>\n<meta property=\"og:title\" content=\"Question du jour : La sanction contre le chef d\u2019arrondissement de Glo-Djigb\u00e9 est-elle justifi\u00e9e selon vous ? - LA MARINA BJ\" \/>\n<meta property=\"og:description\" content=\"Question du jour : La sanction contre le chef d\u2019arrondissement de Glo-Djigb\u00e9 est-elle justifi\u00e9e selon vous ?\" \/>\n<meta property=\"og:url\" content=\"https:\/\/lamarinabj.com\/index.php\/2025\/03\/06\/question-du-jour-la-sanction-contre-le-chef-darrondissement-de-glo-djigbe-est-elle-justifiee-selon-vous\/\" \/>\n<meta property=\"og:site_name\" content=\"LA MARINA BJ\" \/>\n<meta property=\"article:published_time\" content=\"2025-03-06T07:30:00+00:00\" \/>\n<meta property=\"article:modified_time\" content=\"2025-03-06T16:03:13+00:00\" \/>\n<meta property=\"og:image\" content=\"https:\/\/lamarinabj.com\/wp-content\/uploads\/2025\/03\/20250306_144206_0000.jpg\" \/>\n\t<meta property=\"og:image:width\" content=\"746\" \/>\n\t<meta property=\"og:image:height\" content=\"746\" \/>\n\t<meta property=\"og:image:type\" content=\"image\/jpeg\" \/>\n<meta name=\"author\" content=\"La Marina Bj\" \/>\n<meta name=\"twitter:card\" content=\"summary_large_image\" \/>\n<meta name=\"twitter:label1\" content=\"\u00c9crit par\" \/>\n\t<meta name=\"twitter:data1\" content=\"La Marina Bj\" \/>\n\t<meta name=\"twitter:label2\" content=\"Dur\u00e9e de lecture estim\u00e9e\" \/>\n\t<meta name=\"twitter:data2\" content=\"1 minute\" \/>\n<script type=\"application\/ld+json\" class=\"yoast-schema-graph\">{\"@context\":\"https:\\\/\\\/schema.org\",\"@graph\":[{\"@type\":\"NewsArticle\",\"@id\":\"https:\\\/\\\/lamarinabj.com\\\/index.php\\\/2025\\\/03\\\/06\\\/question-du-jour-la-sanction-contre-le-chef-darrondissement-de-glo-djigbe-est-elle-justifiee-selon-vous\\\/#article\",\"isPartOf\":{\"@id\":\"https:\\\/\\\/lamarinabj.com\\\/index.php\\\/2025\\\/03\\\/06\\\/question-du-jour-la-sanction-contre-le-chef-darrondissement-de-glo-djigbe-est-elle-justifiee-selon-vous\\\/\"},\"author\":{\"name\":\"La Marina Bj\",\"@id\":\"https:\\\/\\\/lamarinabj.com\\\/#\\\/schema\\\/person\\\/89dc3df245cc348449b2502e2d5c016b\"},\"headline\":\"Question du jour : La sanction contre le chef d\u2019arrondissement de Glo-Djigb\u00e9 est-elle justifi\u00e9e selon vous ?\",\"datePublished\":\"2025-03-06T07:30:00+00:00\",\"dateModified\":\"2025-03-06T16:03:13+00:00\",\"mainEntityOfPage\":{\"@id\":\"https:\\\/\\\/lamarinabj.com\\\/index.php\\\/2025\\\/03\\\/06\\\/question-du-jour-la-sanction-contre-le-chef-darrondissement-de-glo-djigbe-est-elle-justifiee-selon-vous\\\/\"},\"wordCount\":159,\"commentCount\":0,\"image\":{\"@id\":\"https:\\\/\\\/lamarinabj.com\\\/index.php\\\/2025\\\/03\\\/06\\\/question-du-jour-la-sanction-contre-le-chef-darrondissement-de-glo-djigbe-est-elle-justifiee-selon-vous\\\/#primaryimage\"},\"thumbnailUrl\":\"https:\\\/\\\/lamarinabj.com\\\/wp-content\\\/uploads\\\/2025\\\/03\\\/20250306_144206_0000.jpg\",\"keywords\":[\"B\u00e9nin\",\"Glo-Djigb\u00e9\",\"Mairie d'Abomey Calavi\"],\"articleSection\":[\"QUESTION DU JOUR\"],\"inLanguage\":\"fr-FR\",\"potentialAction\":[{\"@type\":\"CommentAction\",\"name\":\"Comment\",\"target\":[\"https:\\\/\\\/lamarinabj.com\\\/index.php\\\/2025\\\/03\\\/06\\\/question-du-jour-la-sanction-contre-le-chef-darrondissement-de-glo-djigbe-est-elle-justifiee-selon-vous\\\/#respond\"]}]},{\"@type\":[\"WebPage\",\"SearchResultsPage\"],\"@id\":\"https:\\\/\\\/lamarinabj.com\\\/index.php\\\/2025\\\/03\\\/06\\\/question-du-jour-la-sanction-contre-le-chef-darrondissement-de-glo-djigbe-est-elle-justifiee-selon-vous\\\/\",\"url\":\"https:\\\/\\\/lamarinabj.com\\\/index.php\\\/2025\\\/03\\\/06\\\/question-du-jour-la-sanction-contre-le-chef-darrondissement-de-glo-djigbe-est-elle-justifiee-selon-vous\\\/\",\"name\":\"Question du jour : La sanction contre le chef d\u2019arrondissement de Glo-Djigb\u00e9 est-elle justifi\u00e9e selon vous ? - LA MARINA BJ\",\"isPartOf\":{\"@id\":\"https:\\\/\\\/lamarinabj.com\\\/#website\"},\"primaryImageOfPage\":{\"@id\":\"https:\\\/\\\/lamarinabj.com\\\/index.php\\\/2025\\\/03\\\/06\\\/question-du-jour-la-sanction-contre-le-chef-darrondissement-de-glo-djigbe-est-elle-justifiee-selon-vous\\\/#primaryimage\"},\"image\":{\"@id\":\"https:\\\/\\\/lamarinabj.com\\\/index.php\\\/2025\\\/03\\\/06\\\/question-du-jour-la-sanction-contre-le-chef-darrondissement-de-glo-djigbe-est-elle-justifiee-selon-vous\\\/#primaryimage\"},\"thumbnailUrl\":\"https:\\\/\\\/lamarinabj.com\\\/wp-content\\\/uploads\\\/2025\\\/03\\\/20250306_144206_0000.jpg\",\"datePublished\":\"2025-03-06T07:30:00+00:00\",\"dateModified\":\"2025-03-06T16:03:13+00:00\",\"author\":{\"@id\":\"https:\\\/\\\/lamarinabj.com\\\/#\\\/schema\\\/person\\\/89dc3df245cc348449b2502e2d5c016b\"},\"description\":\"Question du jour : La sanction contre le chef d\u2019arrondissement de Glo-Djigb\u00e9 est-elle justifi\u00e9e selon vous ?\",\"breadcrumb\":{\"@id\":\"https:\\\/\\\/lamarinabj.com\\\/index.php\\\/2025\\\/03\\\/06\\\/question-du-jour-la-sanction-contre-le-chef-darrondissement-de-glo-djigbe-est-elle-justifiee-selon-vous\\\/#breadcrumb\"},\"inLanguage\":\"fr-FR\",\"potentialAction\":[{\"@type\":\"ReadAction\",\"target\":[\"https:\\\/\\\/lamarinabj.com\\\/index.php\\\/2025\\\/03\\\/06\\\/question-du-jour-la-sanction-contre-le-chef-darrondissement-de-glo-djigbe-est-elle-justifiee-selon-vous\\\/\"]}]},{\"@type\":\"ImageObject\",\"inLanguage\":\"fr-FR\",\"@id\":\"https:\\\/\\\/lamarinabj.com\\\/index.php\\\/2025\\\/03\\\/06\\\/question-du-jour-la-sanction-contre-le-chef-darrondissement-de-glo-djigbe-est-elle-justifiee-selon-vous\\\/#primaryimage\",\"url\":\"https:\\\/\\\/lamarinabj.com\\\/wp-content\\\/uploads\\\/2025\\\/03\\\/20250306_144206_0000.jpg\",\"contentUrl\":\"https:\\\/\\\/lamarinabj.com\\\/wp-content\\\/uploads\\\/2025\\\/03\\\/20250306_144206_0000.jpg\",\"width\":746,\"height\":746},{\"@type\":\"BreadcrumbList\",\"@id\":\"https:\\\/\\\/lamarinabj.com\\\/index.php\\\/2025\\\/03\\\/06\\\/question-du-jour-la-sanction-contre-le-chef-darrondissement-de-glo-djigbe-est-elle-justifiee-selon-vous\\\/#breadcrumb\",\"itemListElement\":[{\"@type\":\"ListItem\",\"position\":1,\"name\":\"Accueil\",\"item\":\"https:\\\/\\\/lamarinabj.com\\\/\"},{\"@type\":\"ListItem\",\"position\":2,\"name\":\"Question du jour : La sanction contre le chef d\u2019arrondissement de Glo-Djigb\u00e9 est-elle justifi\u00e9e selon vous ?\"}]},{\"@type\":\"WebSite\",\"@id\":\"https:\\\/\\\/lamarinabj.com\\\/#website\",\"url\":\"https:\\\/\\\/lamarinabj.com\\\/\",\"name\":\"LA MARINA BJ\",\"description\":\"Votre portail vers l&#039;information strat\u00e9gique au B\u00e9nin, en Afrique et au-del\u00e0\",\"potentialAction\":[{\"@type\":\"SearchAction\",\"target\":{\"@type\":\"EntryPoint\",\"urlTemplate\":\"https:\\\/\\\/lamarinabj.com\\\/?s={search_term_string}\"},\"query-input\":{\"@type\":\"PropertyValueSpecification\",\"valueRequired\":true,\"valueName\":\"search_term_string\"}}],\"inLanguage\":\"fr-FR\"},{\"@type\":\"Person\",\"@id\":\"https:\\\/\\\/lamarinabj.com\\\/#\\\/schema\\\/person\\\/89dc3df245cc348449b2502e2d5c016b\",\"name\":\"La Marina Bj\",\"image\":{\"@type\":\"ImageObject\",\"inLanguage\":\"fr-FR\",\"@id\":\"https:\\\/\\\/secure.gravatar.com\\\/avatar\\\/6ef884b7fb1dab6e8672f19e68299568fe069dc761d88506e39bee8464c70e4a?s=96&d=mm&r=g\",\"url\":\"https:\\\/\\\/secure.gravatar.com\\\/avatar\\\/6ef884b7fb1dab6e8672f19e68299568fe069dc761d88506e39bee8464c70e4a?s=96&d=mm&r=g\",\"contentUrl\":\"https:\\\/\\\/secure.gravatar.com\\\/avatar\\\/6ef884b7fb1dab6e8672f19e68299568fe069dc761d88506e39bee8464c70e4a?s=96&d=mm&r=g\",\"caption\":\"La Marina Bj\"},\"url\":\"https:\\\/\\\/lamarinabj.com\\\/index.php\\\/author\\\/la-marina-bj\\\/\"}]}<\/script>\n<!-- \/ Yoast SEO plugin. -->","yoast_head_json":{"title":"Question du jour : La sanction contre le chef d\u2019arrondissement de Glo-Djigb\u00e9 est-elle justifi\u00e9e selon vous ? - LA MARINA BJ","description":"Question du jour : La sanction contre le chef d\u2019arrondissement de Glo-Djigb\u00e9 est-elle justifi\u00e9e selon vous ?","robots":{"index":"index","follow":"follow","max-snippet":"max-snippet:-1","max-image-preview":"max-image-preview:large","max-video-preview":"max-video-preview:-1"},"canonical":"https:\/\/lamarinabj.com\/index.php\/2025\/03\/06\/question-du-jour-la-sanction-contre-le-chef-darrondissement-de-glo-djigbe-est-elle-justifiee-selon-vous\/","og_locale":"fr_FR","og_type":"article","og_title":"Question du jour : La sanction contre le chef d\u2019arrondissement de Glo-Djigb\u00e9 est-elle justifi\u00e9e selon vous ? - LA MARINA BJ","og_description":"Question du jour : La sanction contre le chef d\u2019arrondissement de Glo-Djigb\u00e9 est-elle justifi\u00e9e selon vous ?","og_url":"https:\/\/lamarinabj.com\/index.php\/2025\/03\/06\/question-du-jour-la-sanction-contre-le-chef-darrondissement-de-glo-djigbe-est-elle-justifiee-selon-vous\/","og_site_name":"LA MARINA BJ","article_published_time":"2025-03-06T07:30:00+00:00","article_modified_time":"2025-03-06T16:03:13+00:00","og_image":[{"width":746,"height":746,"url":"https:\/\/lamarinabj.com\/wp-content\/uploads\/2025\/03\/20250306_144206_0000.jpg","type":"image\/jpeg"}],"author":"La Marina Bj","twitter_card":"summary_large_image","twitter_misc":{"\u00c9crit par":"La Marina Bj","Dur\u00e9e de lecture estim\u00e9e":"1 minute"},"schema":{"@context":"https:\/\/schema.org","@graph":[{"@type":"NewsArticle","@id":"https:\/\/lamarinabj.com\/index.php\/2025\/03\/06\/question-du-jour-la-sanction-contre-le-chef-darrondissement-de-glo-djigbe-est-elle-justifiee-selon-vous\/#article","isPartOf":{"@id":"https:\/\/lamarinabj.com\/index.php\/2025\/03\/06\/question-du-jour-la-sanction-contre-le-chef-darrondissement-de-glo-djigbe-est-elle-justifiee-selon-vous\/"},"author":{"name":"La Marina Bj","@id":"https:\/\/lamarinabj.com\/#\/schema\/person\/89dc3df245cc348449b2502e2d5c016b"},"headline":"Question du jour : La sanction contre le chef d\u2019arrondissement de Glo-Djigb\u00e9 est-elle justifi\u00e9e selon vous ?","datePublished":"2025-03-06T07:30:00+00:00","dateModified":"2025-03-06T16:03:13+00:00","mainEntityOfPage":{"@id":"https:\/\/lamarinabj.com\/index.php\/2025\/03\/06\/question-du-jour-la-sanction-contre-le-chef-darrondissement-de-glo-djigbe-est-elle-justifiee-selon-vous\/"},"wordCount":159,"commentCount":0,"image":{"@id":"https:\/\/lamarinabj.com\/index.php\/2025\/03\/06\/question-du-jour-la-sanction-contre-le-chef-darrondissement-de-glo-djigbe-est-elle-justifiee-selon-vous\/#primaryimage"},"thumbnailUrl":"https:\/\/lamarinabj.com\/wp-content\/uploads\/2025\/03\/20250306_144206_0000.jpg","keywords":["B\u00e9nin","Glo-Djigb\u00e9","Mairie d'Abomey Calavi"],"articleSection":["QUESTION DU JOUR"],"inLanguage":"fr-FR","potentialAction":[{"@type":"CommentAction","name":"Comment","target":["https:\/\/lamarinabj.com\/index.php\/2025\/03\/06\/question-du-jour-la-sanction-contre-le-chef-darrondissement-de-glo-djigbe-est-elle-justifiee-selon-vous\/#respond"]}]},{"@type":["WebPage","SearchResultsPage"],"@id":"https:\/\/lamarinabj.com\/index.php\/2025\/03\/06\/question-du-jour-la-sanction-contre-le-chef-darrondissement-de-glo-djigbe-est-elle-justifiee-selon-vous\/","url":"https:\/\/lamarinabj.com\/index.php\/2025\/03\/06\/question-du-jour-la-sanction-contre-le-chef-darrondissement-de-glo-djigbe-est-elle-justifiee-selon-vous\/","name":"Question du jour : La sanction contre le chef d\u2019arrondissement de Glo-Djigb\u00e9 est-elle justifi\u00e9e selon vous ? - LA MARINA BJ","isPartOf":{"@id":"https:\/\/lamarinabj.com\/#website"},"primaryImageOfPage":{"@id":"https:\/\/lamarinabj.com\/index.php\/2025\/03\/06\/question-du-jour-la-sanction-contre-le-chef-darrondissement-de-glo-djigbe-est-elle-justifiee-selon-vous\/#primaryimage"},"image":{"@id":"https:\/\/lamarinabj.com\/index.php\/2025\/03\/06\/question-du-jour-la-sanction-contre-le-chef-darrondissement-de-glo-djigbe-est-elle-justifiee-selon-vous\/#primaryimage"},"thumbnailUrl":"https:\/\/lamarinabj.com\/wp-content\/uploads\/2025\/03\/20250306_144206_0000.jpg","datePublished":"2025-03-06T07:30:00+00:00","dateModified":"2025-03-06T16:03:13+00:00","author":{"@id":"https:\/\/lamarinabj.com\/#\/schema\/person\/89dc3df245cc348449b2502e2d5c016b"},"description":"Question du jour : La sanction contre le chef d\u2019arrondissement de Glo-Djigb\u00e9 est-elle justifi\u00e9e selon vous ?","breadcrumb":{"@id":"https:\/\/lamarinabj.com\/index.php\/2025\/03\/06\/question-du-jour-la-sanction-contre-le-chef-darrondissement-de-glo-djigbe-est-elle-justifiee-selon-vous\/#breadcrumb"},"inLanguage":"fr-FR","potentialAction":[{"@type":"ReadAction","target":["https:\/\/lamarinabj.com\/index.php\/2025\/03\/06\/question-du-jour-la-sanction-contre-le-chef-darrondissement-de-glo-djigbe-est-elle-justifiee-selon-vous\/"]}]},{"@type":"ImageObject","inLanguage":"fr-FR","@id":"https:\/\/lamarinabj.com\/index.php\/2025\/03\/06\/question-du-jour-la-sanction-contre-le-chef-darrondissement-de-glo-djigbe-est-elle-justifiee-selon-vous\/#primaryimage","url":"https:\/\/lamarinabj.com\/wp-content\/uploads\/2025\/03\/20250306_144206_0000.jpg","contentUrl":"https:\/\/lamarinabj.com\/wp-content\/uploads\/2025\/03\/20250306_144206_0000.jpg","width":746,"height":746},{"@type":"BreadcrumbList","@id":"https:\/\/lamarinabj.com\/index.php\/2025\/03\/06\/question-du-jour-la-sanction-contre-le-chef-darrondissement-de-glo-djigbe-est-elle-justifiee-selon-vous\/#breadcrumb","itemListElement":[{"@type":"ListItem","position":1,"name":"Accueil","item":"https:\/\/lamarinabj.com\/"},{"@type":"ListItem","position":2,"name":"Question du jour : La sanction contre le chef d\u2019arrondissement de Glo-Djigb\u00e9 est-elle justifi\u00e9e selon vous ?"}]},{"@type":"WebSite","@id":"https:\/\/lamarinabj.com\/#website","url":"https:\/\/lamarinabj.com\/","name":"LA MARINA BJ","description":"Votre portail vers l&#039;information strat\u00e9gique au B\u00e9nin, en Afrique et au-del\u00e0","potentialAction":[{"@type":"SearchAction","target":{"@type":"EntryPoint","urlTemplate":"https:\/\/lamarinabj.com\/?s={search_term_string}"},"query-input":{"@type":"PropertyValueSpecification","valueRequired":true,"valueName":"search_term_string"}}],"inLanguage":"fr-FR"},{"@type":"Person","@id":"https:\/\/lamarinabj.com\/#\/schema\/person\/89dc3df245cc348449b2502e2d5c016b","name":"La Marina Bj","image":{"@type":"ImageObject","inLanguage":"fr-FR","@id":"https:\/\/secure.gravatar.com\/avatar\/6ef884b7fb1dab6e8672f19e68299568fe069dc761d88506e39bee8464c70e4a?s=96&d=mm&r=g","url":"https:\/\/secure.gravatar.com\/avatar\/6ef884b7fb1dab6e8672f19e68299568fe069dc761d88506e39bee8464c70e4a?s=96&d=mm&r=g","contentUrl":"https:\/\/secure.gravatar.com\/avatar\/6ef884b7fb1dab6e8672f19e68299568fe069dc761d88506e39bee8464c70e4a?s=96&d=mm&r=g","caption":"La Marina Bj"},"url":"https:\/\/lamarinabj.com\/index.php\/author\/la-marina-bj\/"}]}},"_links":{"self":[{"href":"https:\/\/lamarinabj.com\/index.php\/wp-json\/wp\/v2\/posts\/10498","targetHints":{"allow":["GET"]}}],"collection":[{"href":"https:\/\/lamarinabj.com\/index.php\/wp-json\/wp\/v2\/posts"}],"about":[{"href":"https:\/\/lamarinabj.com\/index.php\/wp-json\/wp\/v2\/types\/post"}],"author":[{"embeddable":true,"href":"https:\/\/lamarinabj.com\/index.php\/wp-json\/wp\/v2\/users\/7"}],"replies":[{"embeddable":true,"href":"https:\/\/lamarinabj.com\/index.php\/wp-json\/wp\/v2\/comments?post=10498"}],"version-history":[{"count":1,"href":"https:\/\/lamarinabj.com\/index.php\/wp-json\/wp\/v2\/posts\/10498\/revisions"}],"predecessor-version":[{"id":10500,"href":"https:\/\/lamarinabj.com\/index.php\/wp-json\/wp\/v2\/posts\/10498\/revisions\/10500"}],"wp:featuredmedia":[{"embeddable":true,"href":"https:\/\/lamarinabj.com\/index.php\/wp-json\/wp\/v2\/media\/10499"}],"wp:attachment":[{"href":"https:\/\/lamarinabj.com\/index.php\/wp-json\/wp\/v2\/media?parent=10498"}],"wp:term":[{"taxonomy":"category","embeddable":true,"href":"https:\/\/lamarinabj.com\/index.php\/wp-json\/wp\/v2\/categories?post=10498"},{"taxonomy":"post_tag","embeddable":true,"href":"https:\/\/lamarinabj.com\/index.php\/wp-json\/wp\/v2\/tags?post=10498"}],"curies":[{"name":"wp","href":"https:\/\/api.w.org\/{rel}","templated":true}]}}