{"id":10538,"date":"2025-03-10T11:52:11","date_gmt":"2025-03-10T10:52:11","guid":{"rendered":"https:\/\/lamarinabj.com\/?p=10538"},"modified":"2025-03-10T11:55:01","modified_gmt":"2025-03-10T10:55:01","slug":"benin-nicephore-soglo-relance-le-debat-sur-les-prisonniers-politiques-et-les-exiles","status":"publish","type":"post","link":"https:\/\/lamarinabj.com\/index.php\/2025\/03\/10\/benin-nicephore-soglo-relance-le-debat-sur-les-prisonniers-politiques-et-les-exiles\/","title":{"rendered":"B\u00e9nin : Nic\u00e9phore Soglo relance le d\u00e9bat sur les prisonniers politiques et les exil\u00e9s"},"content":{"rendered":"\n<p><strong><mark style=\"background-color:rgba(0, 0, 0, 0)\" class=\"has-inline-color has-red-color\">Opinion, B\u00e9nin<\/mark><\/strong> &#8211; <strong><em>Dans un entretien exclusif accord\u00e9 \u00e0 Radio France Internationale (RFI), l\u2019ancien pr\u00e9sident b\u00e9ninois Nic\u00e9phore Soglo a livr\u00e9 un plaidoyer en faveur des opposants politiques emprisonn\u00e9s et des exil\u00e9s. Une fois encore, il exhorte le chef de l\u2019\u00c9tat, Patrice Talon, \u00e0 prendre des mesures fortes d\u00e8s 2025, alors que le B\u00e9nin s\u2019appr\u00eate \u00e0 entrer dans une ann\u00e9e \u00e9lectorale cruciale.<\/em><\/strong><\/p>\n\n\n\n<p>Lors de cet \u00e9change avec le journaliste Christophe Boisbouvier, Nic\u00e9phore Soglo n\u2019a pas m\u00e2ch\u00e9 ses mots. Il a r\u00e9affirm\u00e9 son engagement en faveur des libert\u00e9s publiques, jugeant la situation actuelle du pays \u00ab irrespirable \u00bb. L\u2019ancien pr\u00e9sident a insist\u00e9 sur la n\u00e9cessit\u00e9 de lib\u00e9rer \u00ab tous les prisonniers politiques \u00bb et de permettre le retour des exil\u00e9s, dont son propre fils, L\u00e9hady.<\/p>\n\n\n\n<p>Lors d\u2019un t\u00eate-\u00e0-t\u00eate avec l\u2019actuel pr\u00e9sident, SEM Patrice Talon, l\u2019ancien chef de l\u2019\u00c9tat lui aurait d\u00e9clar\u00e9, \u00ab En 2025, tu dois lib\u00e9rer tous les prisonniers politiques : Reckya, le professeur A\u00efvo, tous ceux qui sont en prison. \u00bb Selon lui, cette d\u00e9cision est indispensable pour apaiser le climat politique \u00e0 l\u2019approche des \u00e9lections g\u00e9n\u00e9rales de 2026.<\/p>\n\n\n\n<p>Interrog\u00e9 sur la r\u00e9action du pr\u00e9sident en exercice \u00e0 ses interpellations, Nic\u00e9phore Soglo a admis ne pas obtenir de r\u00e9ponse claire. \u00ab &#8230;.. il ne me r\u00e9pond pas correctement \u00bb, pr\u00e9cise-t-il. Malgr\u00e9 ce silence, l&rsquo;ancien pr\u00e9sident reste convaincu que la lib\u00e9ration des d\u00e9tenus politiques et le retour des exil\u00e9s sont des \u00e9tapes incontournables pour garantir des \u00e9lections g\u00e9n\u00e9rales apais\u00e9es et d\u00e9mocratiques.<\/p>\n\n\n\n<h2 id=\"lecheance-de-2026-et-lavenir-politique-de-patrice-talon\" class=\"wp-block-heading\"><mark style=\"background-color:rgba(0, 0, 0, 0)\" class=\"has-inline-color has-red-color\">L\u2019\u00e9ch\u00e9ance de 2026 et l\u2019avenir politique de Patrice Talon<\/mark><\/h2>\n\n\n\n<p>La question du respect de la Constitution par le pr\u00e9sident Patrice Talon a \u00e9galement \u00e9t\u00e9 abord\u00e9e. L\u2019opinion publique s\u2019interroge sur son d\u00e9part effectif \u00e0 la fin de son second mandat en 2026. Sur ce point, Nic\u00e9phore Soglo se montre cat\u00e9gorique en affirmant \u00eatre \u00ab persuad\u00e9 que s\u2019il ne quitte pas le pouvoir, il aura choisi son destin. \u00bb<\/p>\n\n\n\n<p>Alors que le compte \u00e0 rebours avant la prochaine pr\u00e9sidentielle est lanc\u00e9, cette prise de position de l\u2019ancien pr\u00e9sident souligne les tensions et les attentes autour de l\u2019avenir politique du pays. Son intervention, \u00e0 la suite de celle de l\u2019ex-pr\u00e9sident de l\u2019Assembl\u00e9e nationale, Me Adrien Houngb\u00e9dji, remet sur la table le d\u00e9bat sur l\u2019\u00e9tat des libert\u00e9s publiques au B\u00e9nin. Reste \u00e0 savoir si le pr\u00e9sident Patrice Talon r\u00e9pondra enfin \u00e0 cet appel ou s\u2019il maintiendra sa position.<\/p>\n","protected":false},"excerpt":{"rendered":"Opinion, B\u00e9nin &#8211; Dans un entretien exclusif accord\u00e9 \u00e0 Radio France Internationale (RFI), l\u2019ancien pr\u00e9sident b\u00e9ninois Nic\u00e9phore Soglo&hellip;\n","protected":false},"author":3,"featured_media":10539,"comment_status":"open","ping_status":"open","sticky":false,"template":"elementor_theme","format":"standard","meta":{"csco_singular_sidebar":"","csco_page_header_type":"standard","csco_appearance_masonry":"","csco_page_load_nextpost":"","csco_post_video_location":[],"csco_post_video_location_hash":"","csco_post_video_url":"","csco_post_video_bg_start_time":0,"csco_post_video_bg_end_time":0,"footnotes":""},"categories":[239,1001],"tags":[41,332,44],"class_list":{"0":"post-10538","1":"post","2":"type-post","3":"status-publish","4":"format-standard","5":"has-post-thumbnail","7":"category-levenement-2","8":"category-opinions","9":"tag-benin","10":"tag-nicephore-soglo","11":"tag-patrice-talon","12":"cs-entry","13":"cs-video-wrap"},"yoast_head":"<!-- This site is optimized with the Yoast SEO plugin v27.4 - https:\/\/yoast.com\/product\/yoast-seo-wordpress\/ -->\n<title>B\u00e9nin : Nic\u00e9phore Soglo relance le d\u00e9bat sur les prisonniers politiques et les exil\u00e9s - LA MARINA BJ<\/title>\n<meta name=\"description\" content=\"L\u2019ancien pr\u00e9sident a insist\u00e9 sur la n\u00e9cessit\u00e9 de lib\u00e9rer \u00ab tous les prisonniers politiques \u00bb et de permettre le retour des exil\u00e9s, dont son propre fils, L\u00e9hady.\" \/>\n<meta name=\"robots\" content=\"index, follow, max-snippet:-1, max-image-preview:large, max-video-preview:-1\" \/>\n<link rel=\"canonical\" href=\"https:\/\/lamarinabj.com\/index.php\/2025\/03\/10\/benin-nicephore-soglo-relance-le-debat-sur-les-prisonniers-politiques-et-les-exiles\/\" \/>\n<meta property=\"og:locale\" content=\"fr_FR\" \/>\n<meta property=\"og:type\" content=\"article\" \/>\n<meta property=\"og:title\" content=\"B\u00e9nin : Nic\u00e9phore Soglo relance le d\u00e9bat sur les prisonniers politiques et les exil\u00e9s - LA MARINA BJ\" \/>\n<meta property=\"og:description\" content=\"L\u2019ancien pr\u00e9sident a insist\u00e9 sur la n\u00e9cessit\u00e9 de lib\u00e9rer \u00ab tous les prisonniers politiques \u00bb et de permettre le retour des exil\u00e9s, dont son propre fils, L\u00e9hady.\" \/>\n<meta property=\"og:url\" content=\"https:\/\/lamarinabj.com\/index.php\/2025\/03\/10\/benin-nicephore-soglo-relance-le-debat-sur-les-prisonniers-politiques-et-les-exiles\/\" \/>\n<meta property=\"og:site_name\" content=\"LA MARINA BJ\" \/>\n<meta property=\"article:published_time\" content=\"2025-03-10T10:52:11+00:00\" \/>\n<meta property=\"article:modified_time\" content=\"2025-03-10T10:55:01+00:00\" \/>\n<meta property=\"og:image\" content=\"https:\/\/lamarinabj.com\/wp-content\/uploads\/2025\/03\/IMG-20250310-WA0036.jpg\" \/>\n\t<meta property=\"og:image:width\" content=\"1080\" \/>\n\t<meta property=\"og:image:height\" content=\"1080\" \/>\n\t<meta property=\"og:image:type\" content=\"image\/jpeg\" \/>\n<meta name=\"author\" content=\"La Marina BJ - Team Veille &amp; Projets publics\" \/>\n<meta name=\"twitter:card\" content=\"summary_large_image\" \/>\n<meta name=\"twitter:label1\" content=\"\u00c9crit par\" \/>\n\t<meta name=\"twitter:data1\" content=\"La Marina BJ - Team Veille &amp; Projets publics\" \/>\n\t<meta name=\"twitter:label2\" content=\"Dur\u00e9e de lecture estim\u00e9e\" \/>\n\t<meta name=\"twitter:data2\" content=\"3 minutes\" \/>\n<script type=\"application\/ld+json\" class=\"yoast-schema-graph\">{\"@context\":\"https:\\\/\\\/schema.org\",\"@graph\":[{\"@type\":\"NewsArticle\",\"@id\":\"https:\\\/\\\/lamarinabj.com\\\/index.php\\\/2025\\\/03\\\/10\\\/benin-nicephore-soglo-relance-le-debat-sur-les-prisonniers-politiques-et-les-exiles\\\/#article\",\"isPartOf\":{\"@id\":\"https:\\\/\\\/lamarinabj.com\\\/index.php\\\/2025\\\/03\\\/10\\\/benin-nicephore-soglo-relance-le-debat-sur-les-prisonniers-politiques-et-les-exiles\\\/\"},\"author\":{\"name\":\"La Marina BJ - Team Veille &amp; Projets publics\",\"@id\":\"https:\\\/\\\/lamarinabj.com\\\/#\\\/schema\\\/person\\\/70c372a4c3c86bd4844a0382357a0f2d\"},\"headline\":\"B\u00e9nin : Nic\u00e9phore Soglo relance le d\u00e9bat sur les prisonniers politiques et les exil\u00e9s\",\"datePublished\":\"2025-03-10T10:52:11+00:00\",\"dateModified\":\"2025-03-10T10:55:01+00:00\",\"mainEntityOfPage\":{\"@id\":\"https:\\\/\\\/lamarinabj.com\\\/index.php\\\/2025\\\/03\\\/10\\\/benin-nicephore-soglo-relance-le-debat-sur-les-prisonniers-politiques-et-les-exiles\\\/\"},\"wordCount\":455,\"commentCount\":0,\"image\":{\"@id\":\"https:\\\/\\\/lamarinabj.com\\\/index.php\\\/2025\\\/03\\\/10\\\/benin-nicephore-soglo-relance-le-debat-sur-les-prisonniers-politiques-et-les-exiles\\\/#primaryimage\"},\"thumbnailUrl\":\"https:\\\/\\\/lamarinabj.com\\\/wp-content\\\/uploads\\\/2025\\\/03\\\/IMG-20250310-WA0036.jpg\",\"keywords\":[\"B\u00e9nin\",\"Nicephore soglo\",\"Patrice Talon\"],\"articleSection\":[\"L'\u00c9V\u00c9NEMENT\",\"OPINIONS\"],\"inLanguage\":\"fr-FR\",\"potentialAction\":[{\"@type\":\"CommentAction\",\"name\":\"Comment\",\"target\":[\"https:\\\/\\\/lamarinabj.com\\\/index.php\\\/2025\\\/03\\\/10\\\/benin-nicephore-soglo-relance-le-debat-sur-les-prisonniers-politiques-et-les-exiles\\\/#respond\"]}]},{\"@type\":[\"WebPage\",\"SearchResultsPage\"],\"@id\":\"https:\\\/\\\/lamarinabj.com\\\/index.php\\\/2025\\\/03\\\/10\\\/benin-nicephore-soglo-relance-le-debat-sur-les-prisonniers-politiques-et-les-exiles\\\/\",\"url\":\"https:\\\/\\\/lamarinabj.com\\\/index.php\\\/2025\\\/03\\\/10\\\/benin-nicephore-soglo-relance-le-debat-sur-les-prisonniers-politiques-et-les-exiles\\\/\",\"name\":\"B\u00e9nin : Nic\u00e9phore Soglo relance le d\u00e9bat sur les prisonniers politiques et les exil\u00e9s - LA MARINA BJ\",\"isPartOf\":{\"@id\":\"https:\\\/\\\/lamarinabj.com\\\/#website\"},\"primaryImageOfPage\":{\"@id\":\"https:\\\/\\\/lamarinabj.com\\\/index.php\\\/2025\\\/03\\\/10\\\/benin-nicephore-soglo-relance-le-debat-sur-les-prisonniers-politiques-et-les-exiles\\\/#primaryimage\"},\"image\":{\"@id\":\"https:\\\/\\\/lamarinabj.com\\\/index.php\\\/2025\\\/03\\\/10\\\/benin-nicephore-soglo-relance-le-debat-sur-les-prisonniers-politiques-et-les-exiles\\\/#primaryimage\"},\"thumbnailUrl\":\"https:\\\/\\\/lamarinabj.com\\\/wp-content\\\/uploads\\\/2025\\\/03\\\/IMG-20250310-WA0036.jpg\",\"datePublished\":\"2025-03-10T10:52:11+00:00\",\"dateModified\":\"2025-03-10T10:55:01+00:00\",\"author\":{\"@id\":\"https:\\\/\\\/lamarinabj.com\\\/#\\\/schema\\\/person\\\/70c372a4c3c86bd4844a0382357a0f2d\"},\"description\":\"L\u2019ancien pr\u00e9sident a insist\u00e9 sur la n\u00e9cessit\u00e9 de lib\u00e9rer \u00ab tous les prisonniers politiques \u00bb et de permettre le retour des exil\u00e9s, dont son propre fils, L\u00e9hady.\",\"breadcrumb\":{\"@id\":\"https:\\\/\\\/lamarinabj.com\\\/index.php\\\/2025\\\/03\\\/10\\\/benin-nicephore-soglo-relance-le-debat-sur-les-prisonniers-politiques-et-les-exiles\\\/#breadcrumb\"},\"inLanguage\":\"fr-FR\",\"potentialAction\":[{\"@type\":\"ReadAction\",\"target\":[\"https:\\\/\\\/lamarinabj.com\\\/index.php\\\/2025\\\/03\\\/10\\\/benin-nicephore-soglo-relance-le-debat-sur-les-prisonniers-politiques-et-les-exiles\\\/\"]}]},{\"@type\":\"ImageObject\",\"inLanguage\":\"fr-FR\",\"@id\":\"https:\\\/\\\/lamarinabj.com\\\/index.php\\\/2025\\\/03\\\/10\\\/benin-nicephore-soglo-relance-le-debat-sur-les-prisonniers-politiques-et-les-exiles\\\/#primaryimage\",\"url\":\"https:\\\/\\\/lamarinabj.com\\\/wp-content\\\/uploads\\\/2025\\\/03\\\/IMG-20250310-WA0036.jpg\",\"contentUrl\":\"https:\\\/\\\/lamarinabj.com\\\/wp-content\\\/uploads\\\/2025\\\/03\\\/IMG-20250310-WA0036.jpg\",\"width\":1080,\"height\":1080},{\"@type\":\"BreadcrumbList\",\"@id\":\"https:\\\/\\\/lamarinabj.com\\\/index.php\\\/2025\\\/03\\\/10\\\/benin-nicephore-soglo-relance-le-debat-sur-les-prisonniers-politiques-et-les-exiles\\\/#breadcrumb\",\"itemListElement\":[{\"@type\":\"ListItem\",\"position\":1,\"name\":\"Accueil\",\"item\":\"https:\\\/\\\/lamarinabj.com\\\/\"},{\"@type\":\"ListItem\",\"position\":2,\"name\":\"B\u00e9nin : Nic\u00e9phore Soglo relance le d\u00e9bat sur les prisonniers politiques et les exil\u00e9s\"}]},{\"@type\":\"WebSite\",\"@id\":\"https:\\\/\\\/lamarinabj.com\\\/#website\",\"url\":\"https:\\\/\\\/lamarinabj.com\\\/\",\"name\":\"LA MARINA BJ\",\"description\":\"Votre portail vers l&#039;information strat\u00e9gique au B\u00e9nin, en Afrique et au-del\u00e0\",\"potentialAction\":[{\"@type\":\"SearchAction\",\"target\":{\"@type\":\"EntryPoint\",\"urlTemplate\":\"https:\\\/\\\/lamarinabj.com\\\/?s={search_term_string}\"},\"query-input\":{\"@type\":\"PropertyValueSpecification\",\"valueRequired\":true,\"valueName\":\"search_term_string\"}}],\"inLanguage\":\"fr-FR\"},{\"@type\":\"Person\",\"@id\":\"https:\\\/\\\/lamarinabj.com\\\/#\\\/schema\\\/person\\\/70c372a4c3c86bd4844a0382357a0f2d\",\"name\":\"La Marina BJ - Team Veille &amp; Projets publics\",\"image\":{\"@type\":\"ImageObject\",\"inLanguage\":\"fr-FR\",\"@id\":\"https:\\\/\\\/secure.gravatar.com\\\/avatar\\\/b56740eda81210101c8acebdd7c5c7db1bd0ab57f63df607996683fa153ff0d0?s=96&d=mm&r=g\",\"url\":\"https:\\\/\\\/secure.gravatar.com\\\/avatar\\\/b56740eda81210101c8acebdd7c5c7db1bd0ab57f63df607996683fa153ff0d0?s=96&d=mm&r=g\",\"contentUrl\":\"https:\\\/\\\/secure.gravatar.com\\\/avatar\\\/b56740eda81210101c8acebdd7c5c7db1bd0ab57f63df607996683fa153ff0d0?s=96&d=mm&r=g\",\"caption\":\"La Marina BJ - Team Veille &amp; Projets publics\"},\"description\":\"La Team Veille &amp; Projets publics de La Marina BJ est d\u00e9di\u00e9e \u00e0 la surveillance proactive des dynamiques institutionnelles impuls\u00e9es par l\u2019\u00c9tat, les agences publiques, les collectivit\u00e9s territoriales ainsi que les partenaires techniques et financiers. Gr\u00e2ce \u00e0 une veille strat\u00e9gique permanente, cette \u00e9quipe identifie et suit les projets de d\u00e9veloppement, les \u00e9tudes pr\u00e9alables et les investissements publics majeurs. Elle documente les politiques sectorielles, analyse les enjeux techniques, \u00e9conomiques, sociaux et environnementaux, et produit des contenus exclusifs pour \u00e9clairer les mutations structurelles.\",\"url\":\"https:\\\/\\\/lamarinabj.com\\\/index.php\\\/author\\\/simahou\\\/\"}]}<\/script>\n<!-- \/ Yoast SEO plugin. -->","yoast_head_json":{"title":"B\u00e9nin : Nic\u00e9phore Soglo relance le d\u00e9bat sur les prisonniers politiques et les exil\u00e9s - LA MARINA BJ","description":"L\u2019ancien pr\u00e9sident a insist\u00e9 sur la n\u00e9cessit\u00e9 de lib\u00e9rer \u00ab tous les prisonniers politiques \u00bb et de permettre le retour des exil\u00e9s, dont son propre fils, L\u00e9hady.","robots":{"index":"index","follow":"follow","max-snippet":"max-snippet:-1","max-image-preview":"max-image-preview:large","max-video-preview":"max-video-preview:-1"},"canonical":"https:\/\/lamarinabj.com\/index.php\/2025\/03\/10\/benin-nicephore-soglo-relance-le-debat-sur-les-prisonniers-politiques-et-les-exiles\/","og_locale":"fr_FR","og_type":"article","og_title":"B\u00e9nin : Nic\u00e9phore Soglo relance le d\u00e9bat sur les prisonniers politiques et les exil\u00e9s - LA MARINA BJ","og_description":"L\u2019ancien pr\u00e9sident a insist\u00e9 sur la n\u00e9cessit\u00e9 de lib\u00e9rer \u00ab tous les prisonniers politiques \u00bb et de permettre le retour des exil\u00e9s, dont son propre fils, L\u00e9hady.","og_url":"https:\/\/lamarinabj.com\/index.php\/2025\/03\/10\/benin-nicephore-soglo-relance-le-debat-sur-les-prisonniers-politiques-et-les-exiles\/","og_site_name":"LA MARINA BJ","article_published_time":"2025-03-10T10:52:11+00:00","article_modified_time":"2025-03-10T10:55:01+00:00","og_image":[{"width":1080,"height":1080,"url":"https:\/\/lamarinabj.com\/wp-content\/uploads\/2025\/03\/IMG-20250310-WA0036.jpg","type":"image\/jpeg"}],"author":"La Marina BJ - Team Veille &amp; Projets publics","twitter_card":"summary_large_image","twitter_misc":{"\u00c9crit par":"La Marina BJ - Team Veille &amp; Projets publics","Dur\u00e9e de lecture estim\u00e9e":"3 minutes"},"schema":{"@context":"https:\/\/schema.org","@graph":[{"@type":"NewsArticle","@id":"https:\/\/lamarinabj.com\/index.php\/2025\/03\/10\/benin-nicephore-soglo-relance-le-debat-sur-les-prisonniers-politiques-et-les-exiles\/#article","isPartOf":{"@id":"https:\/\/lamarinabj.com\/index.php\/2025\/03\/10\/benin-nicephore-soglo-relance-le-debat-sur-les-prisonniers-politiques-et-les-exiles\/"},"author":{"name":"La Marina BJ - Team Veille &amp; Projets publics","@id":"https:\/\/lamarinabj.com\/#\/schema\/person\/70c372a4c3c86bd4844a0382357a0f2d"},"headline":"B\u00e9nin : Nic\u00e9phore Soglo relance le d\u00e9bat sur les prisonniers politiques et les exil\u00e9s","datePublished":"2025-03-10T10:52:11+00:00","dateModified":"2025-03-10T10:55:01+00:00","mainEntityOfPage":{"@id":"https:\/\/lamarinabj.com\/index.php\/2025\/03\/10\/benin-nicephore-soglo-relance-le-debat-sur-les-prisonniers-politiques-et-les-exiles\/"},"wordCount":455,"commentCount":0,"image":{"@id":"https:\/\/lamarinabj.com\/index.php\/2025\/03\/10\/benin-nicephore-soglo-relance-le-debat-sur-les-prisonniers-politiques-et-les-exiles\/#primaryimage"},"thumbnailUrl":"https:\/\/lamarinabj.com\/wp-content\/uploads\/2025\/03\/IMG-20250310-WA0036.jpg","keywords":["B\u00e9nin","Nicephore soglo","Patrice Talon"],"articleSection":["L'\u00c9V\u00c9NEMENT","OPINIONS"],"inLanguage":"fr-FR","potentialAction":[{"@type":"CommentAction","name":"Comment","target":["https:\/\/lamarinabj.com\/index.php\/2025\/03\/10\/benin-nicephore-soglo-relance-le-debat-sur-les-prisonniers-politiques-et-les-exiles\/#respond"]}]},{"@type":["WebPage","SearchResultsPage"],"@id":"https:\/\/lamarinabj.com\/index.php\/2025\/03\/10\/benin-nicephore-soglo-relance-le-debat-sur-les-prisonniers-politiques-et-les-exiles\/","url":"https:\/\/lamarinabj.com\/index.php\/2025\/03\/10\/benin-nicephore-soglo-relance-le-debat-sur-les-prisonniers-politiques-et-les-exiles\/","name":"B\u00e9nin : Nic\u00e9phore Soglo relance le d\u00e9bat sur les prisonniers politiques et les exil\u00e9s - LA MARINA BJ","isPartOf":{"@id":"https:\/\/lamarinabj.com\/#website"},"primaryImageOfPage":{"@id":"https:\/\/lamarinabj.com\/index.php\/2025\/03\/10\/benin-nicephore-soglo-relance-le-debat-sur-les-prisonniers-politiques-et-les-exiles\/#primaryimage"},"image":{"@id":"https:\/\/lamarinabj.com\/index.php\/2025\/03\/10\/benin-nicephore-soglo-relance-le-debat-sur-les-prisonniers-politiques-et-les-exiles\/#primaryimage"},"thumbnailUrl":"https:\/\/lamarinabj.com\/wp-content\/uploads\/2025\/03\/IMG-20250310-WA0036.jpg","datePublished":"2025-03-10T10:52:11+00:00","dateModified":"2025-03-10T10:55:01+00:00","author":{"@id":"https:\/\/lamarinabj.com\/#\/schema\/person\/70c372a4c3c86bd4844a0382357a0f2d"},"description":"L\u2019ancien pr\u00e9sident a insist\u00e9 sur la n\u00e9cessit\u00e9 de lib\u00e9rer \u00ab tous les prisonniers politiques \u00bb et de permettre le retour des exil\u00e9s, dont son propre fils, L\u00e9hady.","breadcrumb":{"@id":"https:\/\/lamarinabj.com\/index.php\/2025\/03\/10\/benin-nicephore-soglo-relance-le-debat-sur-les-prisonniers-politiques-et-les-exiles\/#breadcrumb"},"inLanguage":"fr-FR","potentialAction":[{"@type":"ReadAction","target":["https:\/\/lamarinabj.com\/index.php\/2025\/03\/10\/benin-nicephore-soglo-relance-le-debat-sur-les-prisonniers-politiques-et-les-exiles\/"]}]},{"@type":"ImageObject","inLanguage":"fr-FR","@id":"https:\/\/lamarinabj.com\/index.php\/2025\/03\/10\/benin-nicephore-soglo-relance-le-debat-sur-les-prisonniers-politiques-et-les-exiles\/#primaryimage","url":"https:\/\/lamarinabj.com\/wp-content\/uploads\/2025\/03\/IMG-20250310-WA0036.jpg","contentUrl":"https:\/\/lamarinabj.com\/wp-content\/uploads\/2025\/03\/IMG-20250310-WA0036.jpg","width":1080,"height":1080},{"@type":"BreadcrumbList","@id":"https:\/\/lamarinabj.com\/index.php\/2025\/03\/10\/benin-nicephore-soglo-relance-le-debat-sur-les-prisonniers-politiques-et-les-exiles\/#breadcrumb","itemListElement":[{"@type":"ListItem","position":1,"name":"Accueil","item":"https:\/\/lamarinabj.com\/"},{"@type":"ListItem","position":2,"name":"B\u00e9nin : Nic\u00e9phore Soglo relance le d\u00e9bat sur les prisonniers politiques et les exil\u00e9s"}]},{"@type":"WebSite","@id":"https:\/\/lamarinabj.com\/#website","url":"https:\/\/lamarinabj.com\/","name":"LA MARINA BJ","description":"Votre portail vers l&#039;information strat\u00e9gique au B\u00e9nin, en Afrique et au-del\u00e0","potentialAction":[{"@type":"SearchAction","target":{"@type":"EntryPoint","urlTemplate":"https:\/\/lamarinabj.com\/?s={search_term_string}"},"query-input":{"@type":"PropertyValueSpecification","valueRequired":true,"valueName":"search_term_string"}}],"inLanguage":"fr-FR"},{"@type":"Person","@id":"https:\/\/lamarinabj.com\/#\/schema\/person\/70c372a4c3c86bd4844a0382357a0f2d","name":"La Marina BJ - Team Veille &amp; Projets publics","image":{"@type":"ImageObject","inLanguage":"fr-FR","@id":"https:\/\/secure.gravatar.com\/avatar\/b56740eda81210101c8acebdd7c5c7db1bd0ab57f63df607996683fa153ff0d0?s=96&d=mm&r=g","url":"https:\/\/secure.gravatar.com\/avatar\/b56740eda81210101c8acebdd7c5c7db1bd0ab57f63df607996683fa153ff0d0?s=96&d=mm&r=g","contentUrl":"https:\/\/secure.gravatar.com\/avatar\/b56740eda81210101c8acebdd7c5c7db1bd0ab57f63df607996683fa153ff0d0?s=96&d=mm&r=g","caption":"La Marina BJ - Team Veille &amp; Projets publics"},"description":"La Team Veille &amp; Projets publics de La Marina BJ est d\u00e9di\u00e9e \u00e0 la surveillance proactive des dynamiques institutionnelles impuls\u00e9es par l\u2019\u00c9tat, les agences publiques, les collectivit\u00e9s territoriales ainsi que les partenaires techniques et financiers. Gr\u00e2ce \u00e0 une veille strat\u00e9gique permanente, cette \u00e9quipe identifie et suit les projets de d\u00e9veloppement, les \u00e9tudes pr\u00e9alables et les investissements publics majeurs. Elle documente les politiques sectorielles, analyse les enjeux techniques, \u00e9conomiques, sociaux et environnementaux, et produit des contenus exclusifs pour \u00e9clairer les mutations structurelles.","url":"https:\/\/lamarinabj.com\/index.php\/author\/simahou\/"}]}},"_links":{"self":[{"href":"https:\/\/lamarinabj.com\/index.php\/wp-json\/wp\/v2\/posts\/10538","targetHints":{"allow":["GET"]}}],"collection":[{"href":"https:\/\/lamarinabj.com\/index.php\/wp-json\/wp\/v2\/posts"}],"about":[{"href":"https:\/\/lamarinabj.com\/index.php\/wp-json\/wp\/v2\/types\/post"}],"author":[{"embeddable":true,"href":"https:\/\/lamarinabj.com\/index.php\/wp-json\/wp\/v2\/users\/3"}],"replies":[{"embeddable":true,"href":"https:\/\/lamarinabj.com\/index.php\/wp-json\/wp\/v2\/comments?post=10538"}],"version-history":[{"count":2,"href":"https:\/\/lamarinabj.com\/index.php\/wp-json\/wp\/v2\/posts\/10538\/revisions"}],"predecessor-version":[{"id":10541,"href":"https:\/\/lamarinabj.com\/index.php\/wp-json\/wp\/v2\/posts\/10538\/revisions\/10541"}],"wp:featuredmedia":[{"embeddable":true,"href":"https:\/\/lamarinabj.com\/index.php\/wp-json\/wp\/v2\/media\/10539"}],"wp:attachment":[{"href":"https:\/\/lamarinabj.com\/index.php\/wp-json\/wp\/v2\/media?parent=10538"}],"wp:term":[{"taxonomy":"category","embeddable":true,"href":"https:\/\/lamarinabj.com\/index.php\/wp-json\/wp\/v2\/categories?post=10538"},{"taxonomy":"post_tag","embeddable":true,"href":"https:\/\/lamarinabj.com\/index.php\/wp-json\/wp\/v2\/tags?post=10538"}],"curies":[{"name":"wp","href":"https:\/\/api.w.org\/{rel}","templated":true}]}}