{"id":10632,"date":"2025-03-17T14:21:50","date_gmt":"2025-03-17T13:21:50","guid":{"rendered":"https:\/\/lamarinabj.com\/?p=10632"},"modified":"2025-03-17T14:21:51","modified_gmt":"2025-03-17T13:21:51","slug":"est-de-la-rdc-lue-sanctionne-des-responsables-rwandais-et-du-m23","status":"publish","type":"post","link":"https:\/\/lamarinabj.com\/index.php\/2025\/03\/17\/est-de-la-rdc-lue-sanctionne-des-responsables-rwandais-et-du-m23\/","title":{"rendered":"Est de la RDC : l\u2019UE sanctionne des responsables rwandais et du M23"},"content":{"rendered":"\n<p><strong><mark style=\"background-color:rgba(0, 0, 0, 0)\" class=\"has-inline-color has-red-color\">International, RDC<\/mark><\/strong> &#8211; <strong><em>L\u2019Union europ\u00e9enne (UE) a annonc\u00e9, ce lundi 17 mars 2025, des sanctions individuelles contre plusieurs hauts responsables rwandais et dirigeants du groupe rebelle M23, accus\u00e9s de contribuer \u00e0 l\u2019instabilit\u00e9 persistante dans l\u2019est de la R\u00e9publique d\u00e9mocratique du Congo (RDC). <\/em><\/strong><\/p>\n\n\n\n<p>Ces mesures visent \u00e0 la fois des officiers des Forces de d\u00e9fense du Rwanda (RDF) et des figures cl\u00e9s du M23, soulignant la fermet\u00e9 de Bruxelles face \u00e0 la situation s\u00e9curitaire pr\u00e9occupante dans la r\u00e9gion.<\/p>\n\n\n\n<h2 id=\"huit-responsables-sanctionnes\" class=\"wp-block-heading\"><mark style=\"background-color:rgba(0, 0, 0, 0)\" class=\"has-inline-color has-red-color\">Huit responsables sanctionn\u00e9s <\/mark><\/h2>\n\n\n\n<p>L\u2019Union europ\u00e9enne a cibl\u00e9 huit responsables rwandais et du M23 accus\u00e9s d\u2019aggraver la crise s\u00e9curitaire dans l\u2019est de la RDC. Trois hauts grad\u00e9s de l\u2019arm\u00e9e rwandaise figurent sur cette liste, dont Ruki Karusisi, commandant des forces sp\u00e9ciales de la RDF, Eug\u00e8ne Nkubito, chef de la 3\u1d49 division de la RDF au Nord-Kivu depuis ao\u00fbt 2022, et Pascal Muhizi, brigadier g\u00e9n\u00e9ral \u00e0 la t\u00eate de la 2\u1d49 division de la RDF active depuis ao\u00fbt 2023.<\/p>\n\n\n\n<p>Cinq dirigeants du M23 sont \u00e9galement vis\u00e9s par ces sanctions. Bertrand Bisimwa, pr\u00e9sident du mouvement, D\u00e9sir\u00e9 Rukomera, responsable du recrutement et de la propagande, John Imani Nzenze, colonel influent, Jean-Bosco Nzabonimpa Mupenzi, chef adjoint des finances, ainsi que Jean Bahati Musanga, ancien responsable des finances et actuel gouverneur de l\u2019administration mise en place par la r\u00e9bellion \u00e0 Goma, font partie des personnes sanctionn\u00e9es. L\u2019Union europ\u00e9enne les accuse d\u2019\u00eatre impliqu\u00e9s dans les exactions et les combats qui d\u00e9stabilisent le Nord et le Sud-Kivu, entra\u00eenant des d\u00e9placements massifs de populations.<\/p>\n\n\n\n<h2 id=\"un-sommet-de-la-derniere-chance-a-luanda\" class=\"wp-block-heading\"><mark style=\"background-color:rgba(0, 0, 0, 0)\" class=\"has-inline-color has-red-color\">Un sommet de la derni\u00e8re chance \u00e0 Luanda <\/mark><\/h2>\n\n\n\n<p>Alors que les tensions restent vives entre les parties impliqu\u00e9es dans le conflit, des discussions de paix doivent se tenir le 18 mars 2025 \u00e0 Luanda, en Angola. Ce sommet r\u00e9unira les autorit\u00e9s congolaises et les repr\u00e9sentants du M23 afin de tenter de d\u00e9samorcer la crise. La communaut\u00e9 internationale esp\u00e8re que cette rencontre pourra aboutir \u00e0 une solution diplomatique et permettre une r\u00e9duction des violences dans l\u2019est de la RDC.<\/p>\n","protected":false},"excerpt":{"rendered":"International, RDC &#8211; L\u2019Union europ\u00e9enne (UE) a annonc\u00e9, ce lundi 17 mars 2025, des sanctions individuelles contre plusieurs&hellip;\n","protected":false},"author":7,"featured_media":10633,"comment_status":"open","ping_status":"open","sticky":false,"template":"elementor_theme","format":"standard","meta":{"csco_singular_sidebar":"","csco_page_header_type":"standard","csco_appearance_masonry":"","csco_page_load_nextpost":"","csco_post_video_location":[],"csco_post_video_location_hash":"","csco_post_video_url":"","csco_post_video_bg_start_time":0,"csco_post_video_bg_end_time":0,"footnotes":""},"categories":[71],"tags":[260,211,803,422],"class_list":{"0":"post-10632","1":"post","2":"type-post","3":"status-publish","4":"format-standard","5":"has-post-thumbnail","7":"category-international","8":"tag-m23","9":"tag-republique-democratique-du-congo","10":"tag-rwanda","11":"tag-union-europeenne","12":"cs-entry","13":"cs-video-wrap"},"yoast_head":"<!-- This site is optimized with the Yoast SEO plugin v27.4 - https:\/\/yoast.com\/product\/yoast-seo-wordpress\/ -->\n<title>Est de la RDC : l\u2019UE sanctionne des responsables rwandais et du M23 - LA MARINA BJ<\/title>\n<meta name=\"description\" content=\"Ces mesures visent \u00e0 la fois des officiers des Forces de d\u00e9fense du Rwanda (RDF) et des figures cl\u00e9s du M23, soulignant la fermet\u00e9 de Bruxelles face \u00e0 la situation s\u00e9curitaire pr\u00e9occupante dans la r\u00e9gion.\" \/>\n<meta name=\"robots\" content=\"index, follow, max-snippet:-1, max-image-preview:large, max-video-preview:-1\" \/>\n<link rel=\"canonical\" href=\"https:\/\/lamarinabj.com\/index.php\/2025\/03\/17\/est-de-la-rdc-lue-sanctionne-des-responsables-rwandais-et-du-m23\/\" \/>\n<meta property=\"og:locale\" content=\"fr_FR\" \/>\n<meta property=\"og:type\" content=\"article\" \/>\n<meta property=\"og:title\" content=\"Est de la RDC : l\u2019UE sanctionne des responsables rwandais et du M23 - LA MARINA BJ\" \/>\n<meta property=\"og:description\" content=\"Ces mesures visent \u00e0 la fois des officiers des Forces de d\u00e9fense du Rwanda (RDF) et des figures cl\u00e9s du M23, soulignant la fermet\u00e9 de Bruxelles face \u00e0 la situation s\u00e9curitaire pr\u00e9occupante dans la r\u00e9gion.\" \/>\n<meta property=\"og:url\" content=\"https:\/\/lamarinabj.com\/index.php\/2025\/03\/17\/est-de-la-rdc-lue-sanctionne-des-responsables-rwandais-et-du-m23\/\" \/>\n<meta property=\"og:site_name\" content=\"LA MARINA BJ\" \/>\n<meta property=\"article:published_time\" content=\"2025-03-17T13:21:50+00:00\" \/>\n<meta property=\"article:modified_time\" content=\"2025-03-17T13:21:51+00:00\" \/>\n<meta property=\"og:image\" content=\"https:\/\/lamarinabj.com\/wp-content\/uploads\/2025\/03\/20250317_142032_0000.jpg\" \/>\n\t<meta property=\"og:image:width\" content=\"1200\" \/>\n\t<meta property=\"og:image:height\" content=\"800\" \/>\n\t<meta property=\"og:image:type\" content=\"image\/jpeg\" \/>\n<meta name=\"author\" content=\"La Marina Bj\" \/>\n<meta name=\"twitter:card\" content=\"summary_large_image\" \/>\n<meta name=\"twitter:label1\" content=\"\u00c9crit par\" \/>\n\t<meta name=\"twitter:data1\" content=\"La Marina Bj\" \/>\n\t<meta name=\"twitter:label2\" content=\"Dur\u00e9e de lecture estim\u00e9e\" \/>\n\t<meta name=\"twitter:data2\" content=\"2 minutes\" \/>\n<script type=\"application\/ld+json\" class=\"yoast-schema-graph\">{\"@context\":\"https:\\\/\\\/schema.org\",\"@graph\":[{\"@type\":\"NewsArticle\",\"@id\":\"https:\\\/\\\/lamarinabj.com\\\/index.php\\\/2025\\\/03\\\/17\\\/est-de-la-rdc-lue-sanctionne-des-responsables-rwandais-et-du-m23\\\/#article\",\"isPartOf\":{\"@id\":\"https:\\\/\\\/lamarinabj.com\\\/index.php\\\/2025\\\/03\\\/17\\\/est-de-la-rdc-lue-sanctionne-des-responsables-rwandais-et-du-m23\\\/\"},\"author\":{\"name\":\"La Marina Bj\",\"@id\":\"https:\\\/\\\/lamarinabj.com\\\/#\\\/schema\\\/person\\\/89dc3df245cc348449b2502e2d5c016b\"},\"headline\":\"Est de la RDC : l\u2019UE sanctionne des responsables rwandais et du M23\",\"datePublished\":\"2025-03-17T13:21:50+00:00\",\"dateModified\":\"2025-03-17T13:21:51+00:00\",\"mainEntityOfPage\":{\"@id\":\"https:\\\/\\\/lamarinabj.com\\\/index.php\\\/2025\\\/03\\\/17\\\/est-de-la-rdc-lue-sanctionne-des-responsables-rwandais-et-du-m23\\\/\"},\"wordCount\":368,\"commentCount\":0,\"image\":{\"@id\":\"https:\\\/\\\/lamarinabj.com\\\/index.php\\\/2025\\\/03\\\/17\\\/est-de-la-rdc-lue-sanctionne-des-responsables-rwandais-et-du-m23\\\/#primaryimage\"},\"thumbnailUrl\":\"https:\\\/\\\/lamarinabj.com\\\/wp-content\\\/uploads\\\/2025\\\/03\\\/20250317_142032_0000.jpg\",\"keywords\":[\"M23\",\"R\u00e9publique d\u00e9mocratique du Congo\",\"Rwanda\",\"Union Europ\u00e9enne\"],\"articleSection\":[\"INTERNATIONAL\"],\"inLanguage\":\"fr-FR\",\"potentialAction\":[{\"@type\":\"CommentAction\",\"name\":\"Comment\",\"target\":[\"https:\\\/\\\/lamarinabj.com\\\/index.php\\\/2025\\\/03\\\/17\\\/est-de-la-rdc-lue-sanctionne-des-responsables-rwandais-et-du-m23\\\/#respond\"]}]},{\"@type\":[\"WebPage\",\"SearchResultsPage\"],\"@id\":\"https:\\\/\\\/lamarinabj.com\\\/index.php\\\/2025\\\/03\\\/17\\\/est-de-la-rdc-lue-sanctionne-des-responsables-rwandais-et-du-m23\\\/\",\"url\":\"https:\\\/\\\/lamarinabj.com\\\/index.php\\\/2025\\\/03\\\/17\\\/est-de-la-rdc-lue-sanctionne-des-responsables-rwandais-et-du-m23\\\/\",\"name\":\"Est de la RDC : l\u2019UE sanctionne des responsables rwandais et du M23 - LA MARINA BJ\",\"isPartOf\":{\"@id\":\"https:\\\/\\\/lamarinabj.com\\\/#website\"},\"primaryImageOfPage\":{\"@id\":\"https:\\\/\\\/lamarinabj.com\\\/index.php\\\/2025\\\/03\\\/17\\\/est-de-la-rdc-lue-sanctionne-des-responsables-rwandais-et-du-m23\\\/#primaryimage\"},\"image\":{\"@id\":\"https:\\\/\\\/lamarinabj.com\\\/index.php\\\/2025\\\/03\\\/17\\\/est-de-la-rdc-lue-sanctionne-des-responsables-rwandais-et-du-m23\\\/#primaryimage\"},\"thumbnailUrl\":\"https:\\\/\\\/lamarinabj.com\\\/wp-content\\\/uploads\\\/2025\\\/03\\\/20250317_142032_0000.jpg\",\"datePublished\":\"2025-03-17T13:21:50+00:00\",\"dateModified\":\"2025-03-17T13:21:51+00:00\",\"author\":{\"@id\":\"https:\\\/\\\/lamarinabj.com\\\/#\\\/schema\\\/person\\\/89dc3df245cc348449b2502e2d5c016b\"},\"description\":\"Ces mesures visent \u00e0 la fois des officiers des Forces de d\u00e9fense du Rwanda (RDF) et des figures cl\u00e9s du M23, soulignant la fermet\u00e9 de Bruxelles face \u00e0 la situation s\u00e9curitaire pr\u00e9occupante dans la r\u00e9gion.\",\"breadcrumb\":{\"@id\":\"https:\\\/\\\/lamarinabj.com\\\/index.php\\\/2025\\\/03\\\/17\\\/est-de-la-rdc-lue-sanctionne-des-responsables-rwandais-et-du-m23\\\/#breadcrumb\"},\"inLanguage\":\"fr-FR\",\"potentialAction\":[{\"@type\":\"ReadAction\",\"target\":[\"https:\\\/\\\/lamarinabj.com\\\/index.php\\\/2025\\\/03\\\/17\\\/est-de-la-rdc-lue-sanctionne-des-responsables-rwandais-et-du-m23\\\/\"]}]},{\"@type\":\"ImageObject\",\"inLanguage\":\"fr-FR\",\"@id\":\"https:\\\/\\\/lamarinabj.com\\\/index.php\\\/2025\\\/03\\\/17\\\/est-de-la-rdc-lue-sanctionne-des-responsables-rwandais-et-du-m23\\\/#primaryimage\",\"url\":\"https:\\\/\\\/lamarinabj.com\\\/wp-content\\\/uploads\\\/2025\\\/03\\\/20250317_142032_0000.jpg\",\"contentUrl\":\"https:\\\/\\\/lamarinabj.com\\\/wp-content\\\/uploads\\\/2025\\\/03\\\/20250317_142032_0000.jpg\",\"width\":1200,\"height\":800},{\"@type\":\"BreadcrumbList\",\"@id\":\"https:\\\/\\\/lamarinabj.com\\\/index.php\\\/2025\\\/03\\\/17\\\/est-de-la-rdc-lue-sanctionne-des-responsables-rwandais-et-du-m23\\\/#breadcrumb\",\"itemListElement\":[{\"@type\":\"ListItem\",\"position\":1,\"name\":\"Accueil\",\"item\":\"https:\\\/\\\/lamarinabj.com\\\/\"},{\"@type\":\"ListItem\",\"position\":2,\"name\":\"Est de la RDC : l\u2019UE sanctionne des responsables rwandais et du M23\"}]},{\"@type\":\"WebSite\",\"@id\":\"https:\\\/\\\/lamarinabj.com\\\/#website\",\"url\":\"https:\\\/\\\/lamarinabj.com\\\/\",\"name\":\"LA MARINA BJ\",\"description\":\"Votre portail vers l&#039;information strat\u00e9gique au B\u00e9nin, en Afrique et au-del\u00e0\",\"potentialAction\":[{\"@type\":\"SearchAction\",\"target\":{\"@type\":\"EntryPoint\",\"urlTemplate\":\"https:\\\/\\\/lamarinabj.com\\\/?s={search_term_string}\"},\"query-input\":{\"@type\":\"PropertyValueSpecification\",\"valueRequired\":true,\"valueName\":\"search_term_string\"}}],\"inLanguage\":\"fr-FR\"},{\"@type\":\"Person\",\"@id\":\"https:\\\/\\\/lamarinabj.com\\\/#\\\/schema\\\/person\\\/89dc3df245cc348449b2502e2d5c016b\",\"name\":\"La Marina Bj\",\"image\":{\"@type\":\"ImageObject\",\"inLanguage\":\"fr-FR\",\"@id\":\"https:\\\/\\\/secure.gravatar.com\\\/avatar\\\/6ef884b7fb1dab6e8672f19e68299568fe069dc761d88506e39bee8464c70e4a?s=96&d=mm&r=g\",\"url\":\"https:\\\/\\\/secure.gravatar.com\\\/avatar\\\/6ef884b7fb1dab6e8672f19e68299568fe069dc761d88506e39bee8464c70e4a?s=96&d=mm&r=g\",\"contentUrl\":\"https:\\\/\\\/secure.gravatar.com\\\/avatar\\\/6ef884b7fb1dab6e8672f19e68299568fe069dc761d88506e39bee8464c70e4a?s=96&d=mm&r=g\",\"caption\":\"La Marina Bj\"},\"url\":\"https:\\\/\\\/lamarinabj.com\\\/index.php\\\/author\\\/la-marina-bj\\\/\"}]}<\/script>\n<!-- \/ Yoast SEO plugin. -->","yoast_head_json":{"title":"Est de la RDC : l\u2019UE sanctionne des responsables rwandais et du M23 - LA MARINA BJ","description":"Ces mesures visent \u00e0 la fois des officiers des Forces de d\u00e9fense du Rwanda (RDF) et des figures cl\u00e9s du M23, soulignant la fermet\u00e9 de Bruxelles face \u00e0 la situation s\u00e9curitaire pr\u00e9occupante dans la r\u00e9gion.","robots":{"index":"index","follow":"follow","max-snippet":"max-snippet:-1","max-image-preview":"max-image-preview:large","max-video-preview":"max-video-preview:-1"},"canonical":"https:\/\/lamarinabj.com\/index.php\/2025\/03\/17\/est-de-la-rdc-lue-sanctionne-des-responsables-rwandais-et-du-m23\/","og_locale":"fr_FR","og_type":"article","og_title":"Est de la RDC : l\u2019UE sanctionne des responsables rwandais et du M23 - LA MARINA BJ","og_description":"Ces mesures visent \u00e0 la fois des officiers des Forces de d\u00e9fense du Rwanda (RDF) et des figures cl\u00e9s du M23, soulignant la fermet\u00e9 de Bruxelles face \u00e0 la situation s\u00e9curitaire pr\u00e9occupante dans la r\u00e9gion.","og_url":"https:\/\/lamarinabj.com\/index.php\/2025\/03\/17\/est-de-la-rdc-lue-sanctionne-des-responsables-rwandais-et-du-m23\/","og_site_name":"LA MARINA BJ","article_published_time":"2025-03-17T13:21:50+00:00","article_modified_time":"2025-03-17T13:21:51+00:00","og_image":[{"width":1200,"height":800,"url":"https:\/\/lamarinabj.com\/wp-content\/uploads\/2025\/03\/20250317_142032_0000.jpg","type":"image\/jpeg"}],"author":"La Marina Bj","twitter_card":"summary_large_image","twitter_misc":{"\u00c9crit par":"La Marina Bj","Dur\u00e9e de lecture estim\u00e9e":"2 minutes"},"schema":{"@context":"https:\/\/schema.org","@graph":[{"@type":"NewsArticle","@id":"https:\/\/lamarinabj.com\/index.php\/2025\/03\/17\/est-de-la-rdc-lue-sanctionne-des-responsables-rwandais-et-du-m23\/#article","isPartOf":{"@id":"https:\/\/lamarinabj.com\/index.php\/2025\/03\/17\/est-de-la-rdc-lue-sanctionne-des-responsables-rwandais-et-du-m23\/"},"author":{"name":"La Marina Bj","@id":"https:\/\/lamarinabj.com\/#\/schema\/person\/89dc3df245cc348449b2502e2d5c016b"},"headline":"Est de la RDC : l\u2019UE sanctionne des responsables rwandais et du M23","datePublished":"2025-03-17T13:21:50+00:00","dateModified":"2025-03-17T13:21:51+00:00","mainEntityOfPage":{"@id":"https:\/\/lamarinabj.com\/index.php\/2025\/03\/17\/est-de-la-rdc-lue-sanctionne-des-responsables-rwandais-et-du-m23\/"},"wordCount":368,"commentCount":0,"image":{"@id":"https:\/\/lamarinabj.com\/index.php\/2025\/03\/17\/est-de-la-rdc-lue-sanctionne-des-responsables-rwandais-et-du-m23\/#primaryimage"},"thumbnailUrl":"https:\/\/lamarinabj.com\/wp-content\/uploads\/2025\/03\/20250317_142032_0000.jpg","keywords":["M23","R\u00e9publique d\u00e9mocratique du Congo","Rwanda","Union Europ\u00e9enne"],"articleSection":["INTERNATIONAL"],"inLanguage":"fr-FR","potentialAction":[{"@type":"CommentAction","name":"Comment","target":["https:\/\/lamarinabj.com\/index.php\/2025\/03\/17\/est-de-la-rdc-lue-sanctionne-des-responsables-rwandais-et-du-m23\/#respond"]}]},{"@type":["WebPage","SearchResultsPage"],"@id":"https:\/\/lamarinabj.com\/index.php\/2025\/03\/17\/est-de-la-rdc-lue-sanctionne-des-responsables-rwandais-et-du-m23\/","url":"https:\/\/lamarinabj.com\/index.php\/2025\/03\/17\/est-de-la-rdc-lue-sanctionne-des-responsables-rwandais-et-du-m23\/","name":"Est de la RDC : l\u2019UE sanctionne des responsables rwandais et du M23 - LA MARINA BJ","isPartOf":{"@id":"https:\/\/lamarinabj.com\/#website"},"primaryImageOfPage":{"@id":"https:\/\/lamarinabj.com\/index.php\/2025\/03\/17\/est-de-la-rdc-lue-sanctionne-des-responsables-rwandais-et-du-m23\/#primaryimage"},"image":{"@id":"https:\/\/lamarinabj.com\/index.php\/2025\/03\/17\/est-de-la-rdc-lue-sanctionne-des-responsables-rwandais-et-du-m23\/#primaryimage"},"thumbnailUrl":"https:\/\/lamarinabj.com\/wp-content\/uploads\/2025\/03\/20250317_142032_0000.jpg","datePublished":"2025-03-17T13:21:50+00:00","dateModified":"2025-03-17T13:21:51+00:00","author":{"@id":"https:\/\/lamarinabj.com\/#\/schema\/person\/89dc3df245cc348449b2502e2d5c016b"},"description":"Ces mesures visent \u00e0 la fois des officiers des Forces de d\u00e9fense du Rwanda (RDF) et des figures cl\u00e9s du M23, soulignant la fermet\u00e9 de Bruxelles face \u00e0 la situation s\u00e9curitaire pr\u00e9occupante dans la r\u00e9gion.","breadcrumb":{"@id":"https:\/\/lamarinabj.com\/index.php\/2025\/03\/17\/est-de-la-rdc-lue-sanctionne-des-responsables-rwandais-et-du-m23\/#breadcrumb"},"inLanguage":"fr-FR","potentialAction":[{"@type":"ReadAction","target":["https:\/\/lamarinabj.com\/index.php\/2025\/03\/17\/est-de-la-rdc-lue-sanctionne-des-responsables-rwandais-et-du-m23\/"]}]},{"@type":"ImageObject","inLanguage":"fr-FR","@id":"https:\/\/lamarinabj.com\/index.php\/2025\/03\/17\/est-de-la-rdc-lue-sanctionne-des-responsables-rwandais-et-du-m23\/#primaryimage","url":"https:\/\/lamarinabj.com\/wp-content\/uploads\/2025\/03\/20250317_142032_0000.jpg","contentUrl":"https:\/\/lamarinabj.com\/wp-content\/uploads\/2025\/03\/20250317_142032_0000.jpg","width":1200,"height":800},{"@type":"BreadcrumbList","@id":"https:\/\/lamarinabj.com\/index.php\/2025\/03\/17\/est-de-la-rdc-lue-sanctionne-des-responsables-rwandais-et-du-m23\/#breadcrumb","itemListElement":[{"@type":"ListItem","position":1,"name":"Accueil","item":"https:\/\/lamarinabj.com\/"},{"@type":"ListItem","position":2,"name":"Est de la RDC : l\u2019UE sanctionne des responsables rwandais et du M23"}]},{"@type":"WebSite","@id":"https:\/\/lamarinabj.com\/#website","url":"https:\/\/lamarinabj.com\/","name":"LA MARINA BJ","description":"Votre portail vers l&#039;information strat\u00e9gique au B\u00e9nin, en Afrique et au-del\u00e0","potentialAction":[{"@type":"SearchAction","target":{"@type":"EntryPoint","urlTemplate":"https:\/\/lamarinabj.com\/?s={search_term_string}"},"query-input":{"@type":"PropertyValueSpecification","valueRequired":true,"valueName":"search_term_string"}}],"inLanguage":"fr-FR"},{"@type":"Person","@id":"https:\/\/lamarinabj.com\/#\/schema\/person\/89dc3df245cc348449b2502e2d5c016b","name":"La Marina Bj","image":{"@type":"ImageObject","inLanguage":"fr-FR","@id":"https:\/\/secure.gravatar.com\/avatar\/6ef884b7fb1dab6e8672f19e68299568fe069dc761d88506e39bee8464c70e4a?s=96&d=mm&r=g","url":"https:\/\/secure.gravatar.com\/avatar\/6ef884b7fb1dab6e8672f19e68299568fe069dc761d88506e39bee8464c70e4a?s=96&d=mm&r=g","contentUrl":"https:\/\/secure.gravatar.com\/avatar\/6ef884b7fb1dab6e8672f19e68299568fe069dc761d88506e39bee8464c70e4a?s=96&d=mm&r=g","caption":"La Marina Bj"},"url":"https:\/\/lamarinabj.com\/index.php\/author\/la-marina-bj\/"}]}},"_links":{"self":[{"href":"https:\/\/lamarinabj.com\/index.php\/wp-json\/wp\/v2\/posts\/10632","targetHints":{"allow":["GET"]}}],"collection":[{"href":"https:\/\/lamarinabj.com\/index.php\/wp-json\/wp\/v2\/posts"}],"about":[{"href":"https:\/\/lamarinabj.com\/index.php\/wp-json\/wp\/v2\/types\/post"}],"author":[{"embeddable":true,"href":"https:\/\/lamarinabj.com\/index.php\/wp-json\/wp\/v2\/users\/7"}],"replies":[{"embeddable":true,"href":"https:\/\/lamarinabj.com\/index.php\/wp-json\/wp\/v2\/comments?post=10632"}],"version-history":[{"count":1,"href":"https:\/\/lamarinabj.com\/index.php\/wp-json\/wp\/v2\/posts\/10632\/revisions"}],"predecessor-version":[{"id":10634,"href":"https:\/\/lamarinabj.com\/index.php\/wp-json\/wp\/v2\/posts\/10632\/revisions\/10634"}],"wp:featuredmedia":[{"embeddable":true,"href":"https:\/\/lamarinabj.com\/index.php\/wp-json\/wp\/v2\/media\/10633"}],"wp:attachment":[{"href":"https:\/\/lamarinabj.com\/index.php\/wp-json\/wp\/v2\/media?parent=10632"}],"wp:term":[{"taxonomy":"category","embeddable":true,"href":"https:\/\/lamarinabj.com\/index.php\/wp-json\/wp\/v2\/categories?post=10632"},{"taxonomy":"post_tag","embeddable":true,"href":"https:\/\/lamarinabj.com\/index.php\/wp-json\/wp\/v2\/tags?post=10632"}],"curies":[{"name":"wp","href":"https:\/\/api.w.org\/{rel}","templated":true}]}}