{"id":10693,"date":"2025-03-21T15:49:48","date_gmt":"2025-03-21T14:49:48","guid":{"rendered":"https:\/\/lamarinabj.com\/?p=10693"},"modified":"2025-03-21T15:49:50","modified_gmt":"2025-03-21T14:49:50","slug":"benin-ce-quil-faut-retenir-de-levolution-des-prix-du-mais-en-fevrier-2025","status":"publish","type":"post","link":"https:\/\/lamarinabj.com\/index.php\/2025\/03\/21\/benin-ce-quil-faut-retenir-de-levolution-des-prix-du-mais-en-fevrier-2025\/","title":{"rendered":"B\u00e9nin : Ce qu\u2019il faut retenir de l\u2019\u00e9volution des prix du ma\u00efs en f\u00e9vrier 2025"},"content":{"rendered":"\n<p><strong><mark style=\"background-color:rgba(0, 0, 0, 0)\" class=\"has-inline-color has-red-color\">Tendance, B\u00e9nin<\/mark><\/strong> &#8211; <strong><em>Le march\u00e9 du ma\u00efs au B\u00e9nin a connu en f\u00e9vrier 2025 une l\u00e9g\u00e8re augmentation du prix moyen, atteignant 224 F CFA par kilogramme. Cette hausse de 1 % par rapport \u00e0 janvier 2025 et de 6 % par rapport \u00e0 la moyenne des cinq derni\u00e8res ann\u00e9es s\u2019explique notamment par l\u2019augmentation des co\u00fbts de transport et des facteurs de production. Toutefois, sur un an, les prix affichent une baisse de 10 %, refl\u00e9tant des \u00e9volutions contrast\u00e9es selon les r\u00e9gions et les circuits de commercialisation. C\u2019est ce qui ressort des donn\u00e9es publi\u00e9es r\u00e9cemment par le Minist\u00e8re de l\u2019Agriculture, de l\u2019\u00c9levage et de la P\u00eache.<\/em><\/strong><\/p>\n\n\n\n<p>Les march\u00e9s de producteurs ont enregistr\u00e9 une l\u00e9g\u00e8re hausse de 1 % en f\u00e9vrier, traduisant un maintien de la demande malgr\u00e9 des co\u00fbts de production plus \u00e9lev\u00e9s. Sur les march\u00e9s de regroupement, o\u00f9 les commer\u00e7ants ach\u00e8tent en grande quantit\u00e9 avant de redistribuer vers d\u2019autres localit\u00e9s, une baisse de 1 % a \u00e9t\u00e9 observ\u00e9e. Quant aux march\u00e9s frontaliers, les prix ont recul\u00e9 de 2 %, probablement sous l\u2019effet d\u2019un afflux de ma\u00efs en provenance des pays voisins.<\/p>\n\n\n\n<h2 id=\"les-prix-du-mais-different-selon-les-regions-du-pays\" class=\"wp-block-heading\"><mark style=\"background-color:rgba(0, 0, 0, 0)\" class=\"has-inline-color has-red-color\">Les prix du ma\u00efs diff\u00e8rent selon les r\u00e9gions du pays<\/mark><\/h2>\n\n\n\n<p>D\u2019importantes disparit\u00e9s g\u00e9ographiques ont marqu\u00e9 le mois de f\u00e9vrier 2025. Les prix les plus bas, inf\u00e9rieurs \u00e0 150 F CFA par kilogramme, ont \u00e9t\u00e9 enregistr\u00e9s \u00e0 Bemb\u00e9r\u00e9k\u00e9 et Sinend\u00e9, deux communes o\u00f9 l\u2019offre a \u00e9t\u00e9 particuli\u00e8rement abondante. <\/p>\n\n\n\n<p>Un niveau de prix mod\u00e9r\u00e9, compris entre 150 et 200 F CFA par kilogramme, a \u00e9t\u00e9 relev\u00e9 dans des localit\u00e9s comme Aplahou\u00e9, Bassila, Pob\u00e8, Dassa-Zoum\u00e9, K\u00e9tou et K\u00e9rou. Les prix moyens, oscillant entre 200 et 250 F CFA par kilogramme, ont concern\u00e9 des communes comme Savalou, Dogbo, Djougou, Glazou\u00e9, Natitingou et Malanville. Enfin, les prix les plus \u00e9lev\u00e9s, allant de 250 \u00e0 300 F CFA par kilogramme, ont \u00e9t\u00e9 observ\u00e9s dans des villes telles que Allada, Abomey, Z\u00e8, Zagnanado, Cotonou et Parakou, o\u00f9 la demande reste soutenue et les co\u00fbts logistiques plus importants.<\/p>\n\n\n\n<h2 id=\"trois-grandes-tendances\" class=\"wp-block-heading\"><mark style=\"background-color:rgba(0, 0, 0, 0)\" class=\"has-inline-color has-red-color\">Trois grandes tendances<\/mark><\/h2>\n\n\n\n<p>Dans la majorit\u00e9 des communes, les prix ont connu une baisse comprise entre 1 % et 15 %, en raison d\u2019un meilleur approvisionnement du march\u00e9 apr\u00e8s les r\u00e9coltes. <\/p>\n\n\n\n<p>\u00c0 l\u2019inverse, une l\u00e9g\u00e8re augmentation, situ\u00e9e entre 1 % et 15 %, a \u00e9t\u00e9 relev\u00e9e dans des zones du Sud comme Cotonou, Bohicon, Klou\u00e9kanmey, Com\u00e8 et Pob\u00e8, o\u00f9 la pression de la demande a influenc\u00e9 les prix. Une hausse plus marqu\u00e9e, allant de 15 % \u00e0 30 %, a \u00e9t\u00e9 constat\u00e9e dans Cobly, Kalal\u00e9, Ou\u00e8ss\u00e8 et Abomey-Calavi.<\/p>\n","protected":false},"excerpt":{"rendered":"Tendance, B\u00e9nin &#8211; Le march\u00e9 du ma\u00efs au B\u00e9nin a connu en f\u00e9vrier 2025 une l\u00e9g\u00e8re augmentation du&hellip;\n","protected":false},"author":7,"featured_media":10694,"comment_status":"open","ping_status":"open","sticky":false,"template":"elementor_theme","format":"standard","meta":{"csco_singular_sidebar":"","csco_page_header_type":"standard","csco_appearance_masonry":"","csco_page_load_nextpost":"","csco_post_video_location":[],"csco_post_video_location_hash":"","csco_post_video_url":"","csco_post_video_bg_start_time":0,"csco_post_video_bg_end_time":0,"footnotes":""},"categories":[191],"tags":[41,1507],"class_list":{"0":"post-10693","1":"post","2":"type-post","3":"status-publish","4":"format-standard","5":"has-post-thumbnail","7":"category-en-savoir-plus-2","8":"tag-benin","9":"tag-prix-du-marche","10":"cs-entry","11":"cs-video-wrap"},"yoast_head":"<!-- This site is optimized with the Yoast SEO plugin v27.4 - https:\/\/yoast.com\/product\/yoast-seo-wordpress\/ -->\n<title>B\u00e9nin : Ce qu\u2019il faut retenir de l\u2019\u00e9volution des prix du ma\u00efs en f\u00e9vrier 2025 - LA MARINA BJ<\/title>\n<meta name=\"description\" content=\"Le march\u00e9 du ma\u00efs au B\u00e9nin a connu en f\u00e9vrier 2025 une l\u00e9g\u00e8re augmentation du prix moyen, atteignant 224 F CFA par kilogramme. Cette hausse de 1 % par rapport \u00e0 janvier 2025 et de 6 % par rapport \u00e0 la moyenne des cinq derni\u00e8res ann\u00e9es s\u2019explique notamment par l\u2019augmentation des co\u00fbts de transport et des facteurs de production\" \/>\n<meta name=\"robots\" content=\"index, follow, max-snippet:-1, max-image-preview:large, max-video-preview:-1\" \/>\n<link rel=\"canonical\" href=\"https:\/\/lamarinabj.com\/index.php\/2025\/03\/21\/benin-ce-quil-faut-retenir-de-levolution-des-prix-du-mais-en-fevrier-2025\/\" \/>\n<meta property=\"og:locale\" content=\"fr_FR\" \/>\n<meta property=\"og:type\" content=\"article\" \/>\n<meta property=\"og:title\" content=\"B\u00e9nin : Ce qu\u2019il faut retenir de l\u2019\u00e9volution des prix du ma\u00efs en f\u00e9vrier 2025 - LA MARINA BJ\" \/>\n<meta property=\"og:description\" content=\"Le march\u00e9 du ma\u00efs au B\u00e9nin a connu en f\u00e9vrier 2025 une l\u00e9g\u00e8re augmentation du prix moyen, atteignant 224 F CFA par kilogramme. Cette hausse de 1 % par rapport \u00e0 janvier 2025 et de 6 % par rapport \u00e0 la moyenne des cinq derni\u00e8res ann\u00e9es s\u2019explique notamment par l\u2019augmentation des co\u00fbts de transport et des facteurs de production\" \/>\n<meta property=\"og:url\" content=\"https:\/\/lamarinabj.com\/index.php\/2025\/03\/21\/benin-ce-quil-faut-retenir-de-levolution-des-prix-du-mais-en-fevrier-2025\/\" \/>\n<meta property=\"og:site_name\" content=\"LA MARINA BJ\" \/>\n<meta property=\"article:published_time\" content=\"2025-03-21T14:49:48+00:00\" \/>\n<meta property=\"article:modified_time\" content=\"2025-03-21T14:49:50+00:00\" \/>\n<meta property=\"og:image\" content=\"https:\/\/lamarinabj.com\/wp-content\/uploads\/2025\/03\/20250321_153756_0000.jpg\" \/>\n\t<meta property=\"og:image:width\" content=\"800\" \/>\n\t<meta property=\"og:image:height\" content=\"600\" \/>\n\t<meta property=\"og:image:type\" content=\"image\/jpeg\" \/>\n<meta name=\"author\" content=\"La Marina Bj\" \/>\n<meta name=\"twitter:card\" content=\"summary_large_image\" \/>\n<meta name=\"twitter:label1\" content=\"\u00c9crit par\" \/>\n\t<meta name=\"twitter:data1\" content=\"La Marina Bj\" \/>\n\t<meta name=\"twitter:label2\" content=\"Dur\u00e9e de lecture estim\u00e9e\" \/>\n\t<meta name=\"twitter:data2\" content=\"3 minutes\" \/>\n<script type=\"application\/ld+json\" class=\"yoast-schema-graph\">{\"@context\":\"https:\\\/\\\/schema.org\",\"@graph\":[{\"@type\":\"NewsArticle\",\"@id\":\"https:\\\/\\\/lamarinabj.com\\\/index.php\\\/2025\\\/03\\\/21\\\/benin-ce-quil-faut-retenir-de-levolution-des-prix-du-mais-en-fevrier-2025\\\/#article\",\"isPartOf\":{\"@id\":\"https:\\\/\\\/lamarinabj.com\\\/index.php\\\/2025\\\/03\\\/21\\\/benin-ce-quil-faut-retenir-de-levolution-des-prix-du-mais-en-fevrier-2025\\\/\"},\"author\":{\"name\":\"La Marina Bj\",\"@id\":\"https:\\\/\\\/lamarinabj.com\\\/#\\\/schema\\\/person\\\/89dc3df245cc348449b2502e2d5c016b\"},\"headline\":\"B\u00e9nin : Ce qu\u2019il faut retenir de l\u2019\u00e9volution des prix du ma\u00efs en f\u00e9vrier 2025\",\"datePublished\":\"2025-03-21T14:49:48+00:00\",\"dateModified\":\"2025-03-21T14:49:50+00:00\",\"mainEntityOfPage\":{\"@id\":\"https:\\\/\\\/lamarinabj.com\\\/index.php\\\/2025\\\/03\\\/21\\\/benin-ce-quil-faut-retenir-de-levolution-des-prix-du-mais-en-fevrier-2025\\\/\"},\"wordCount\":455,\"commentCount\":0,\"image\":{\"@id\":\"https:\\\/\\\/lamarinabj.com\\\/index.php\\\/2025\\\/03\\\/21\\\/benin-ce-quil-faut-retenir-de-levolution-des-prix-du-mais-en-fevrier-2025\\\/#primaryimage\"},\"thumbnailUrl\":\"https:\\\/\\\/lamarinabj.com\\\/wp-content\\\/uploads\\\/2025\\\/03\\\/20250321_153756_0000.jpg\",\"keywords\":[\"B\u00e9nin\",\"Prix du march\u00e9\"],\"articleSection\":[\"EN SAVOIR PLUS\"],\"inLanguage\":\"fr-FR\",\"potentialAction\":[{\"@type\":\"CommentAction\",\"name\":\"Comment\",\"target\":[\"https:\\\/\\\/lamarinabj.com\\\/index.php\\\/2025\\\/03\\\/21\\\/benin-ce-quil-faut-retenir-de-levolution-des-prix-du-mais-en-fevrier-2025\\\/#respond\"]}]},{\"@type\":[\"WebPage\",\"SearchResultsPage\"],\"@id\":\"https:\\\/\\\/lamarinabj.com\\\/index.php\\\/2025\\\/03\\\/21\\\/benin-ce-quil-faut-retenir-de-levolution-des-prix-du-mais-en-fevrier-2025\\\/\",\"url\":\"https:\\\/\\\/lamarinabj.com\\\/index.php\\\/2025\\\/03\\\/21\\\/benin-ce-quil-faut-retenir-de-levolution-des-prix-du-mais-en-fevrier-2025\\\/\",\"name\":\"B\u00e9nin : Ce qu\u2019il faut retenir de l\u2019\u00e9volution des prix du ma\u00efs en f\u00e9vrier 2025 - LA MARINA BJ\",\"isPartOf\":{\"@id\":\"https:\\\/\\\/lamarinabj.com\\\/#website\"},\"primaryImageOfPage\":{\"@id\":\"https:\\\/\\\/lamarinabj.com\\\/index.php\\\/2025\\\/03\\\/21\\\/benin-ce-quil-faut-retenir-de-levolution-des-prix-du-mais-en-fevrier-2025\\\/#primaryimage\"},\"image\":{\"@id\":\"https:\\\/\\\/lamarinabj.com\\\/index.php\\\/2025\\\/03\\\/21\\\/benin-ce-quil-faut-retenir-de-levolution-des-prix-du-mais-en-fevrier-2025\\\/#primaryimage\"},\"thumbnailUrl\":\"https:\\\/\\\/lamarinabj.com\\\/wp-content\\\/uploads\\\/2025\\\/03\\\/20250321_153756_0000.jpg\",\"datePublished\":\"2025-03-21T14:49:48+00:00\",\"dateModified\":\"2025-03-21T14:49:50+00:00\",\"author\":{\"@id\":\"https:\\\/\\\/lamarinabj.com\\\/#\\\/schema\\\/person\\\/89dc3df245cc348449b2502e2d5c016b\"},\"description\":\"Le march\u00e9 du ma\u00efs au B\u00e9nin a connu en f\u00e9vrier 2025 une l\u00e9g\u00e8re augmentation du prix moyen, atteignant 224 F CFA par kilogramme. Cette hausse de 1 % par rapport \u00e0 janvier 2025 et de 6 % par rapport \u00e0 la moyenne des cinq derni\u00e8res ann\u00e9es s\u2019explique notamment par l\u2019augmentation des co\u00fbts de transport et des facteurs de production\",\"breadcrumb\":{\"@id\":\"https:\\\/\\\/lamarinabj.com\\\/index.php\\\/2025\\\/03\\\/21\\\/benin-ce-quil-faut-retenir-de-levolution-des-prix-du-mais-en-fevrier-2025\\\/#breadcrumb\"},\"inLanguage\":\"fr-FR\",\"potentialAction\":[{\"@type\":\"ReadAction\",\"target\":[\"https:\\\/\\\/lamarinabj.com\\\/index.php\\\/2025\\\/03\\\/21\\\/benin-ce-quil-faut-retenir-de-levolution-des-prix-du-mais-en-fevrier-2025\\\/\"]}]},{\"@type\":\"ImageObject\",\"inLanguage\":\"fr-FR\",\"@id\":\"https:\\\/\\\/lamarinabj.com\\\/index.php\\\/2025\\\/03\\\/21\\\/benin-ce-quil-faut-retenir-de-levolution-des-prix-du-mais-en-fevrier-2025\\\/#primaryimage\",\"url\":\"https:\\\/\\\/lamarinabj.com\\\/wp-content\\\/uploads\\\/2025\\\/03\\\/20250321_153756_0000.jpg\",\"contentUrl\":\"https:\\\/\\\/lamarinabj.com\\\/wp-content\\\/uploads\\\/2025\\\/03\\\/20250321_153756_0000.jpg\",\"width\":800,\"height\":600},{\"@type\":\"BreadcrumbList\",\"@id\":\"https:\\\/\\\/lamarinabj.com\\\/index.php\\\/2025\\\/03\\\/21\\\/benin-ce-quil-faut-retenir-de-levolution-des-prix-du-mais-en-fevrier-2025\\\/#breadcrumb\",\"itemListElement\":[{\"@type\":\"ListItem\",\"position\":1,\"name\":\"Accueil\",\"item\":\"https:\\\/\\\/lamarinabj.com\\\/\"},{\"@type\":\"ListItem\",\"position\":2,\"name\":\"B\u00e9nin : Ce qu\u2019il faut retenir de l\u2019\u00e9volution des prix du ma\u00efs en f\u00e9vrier 2025\"}]},{\"@type\":\"WebSite\",\"@id\":\"https:\\\/\\\/lamarinabj.com\\\/#website\",\"url\":\"https:\\\/\\\/lamarinabj.com\\\/\",\"name\":\"LA MARINA BJ\",\"description\":\"Votre portail vers l&#039;information strat\u00e9gique au B\u00e9nin, en Afrique et au-del\u00e0\",\"potentialAction\":[{\"@type\":\"SearchAction\",\"target\":{\"@type\":\"EntryPoint\",\"urlTemplate\":\"https:\\\/\\\/lamarinabj.com\\\/?s={search_term_string}\"},\"query-input\":{\"@type\":\"PropertyValueSpecification\",\"valueRequired\":true,\"valueName\":\"search_term_string\"}}],\"inLanguage\":\"fr-FR\"},{\"@type\":\"Person\",\"@id\":\"https:\\\/\\\/lamarinabj.com\\\/#\\\/schema\\\/person\\\/89dc3df245cc348449b2502e2d5c016b\",\"name\":\"La Marina Bj\",\"image\":{\"@type\":\"ImageObject\",\"inLanguage\":\"fr-FR\",\"@id\":\"https:\\\/\\\/secure.gravatar.com\\\/avatar\\\/6ef884b7fb1dab6e8672f19e68299568fe069dc761d88506e39bee8464c70e4a?s=96&d=mm&r=g\",\"url\":\"https:\\\/\\\/secure.gravatar.com\\\/avatar\\\/6ef884b7fb1dab6e8672f19e68299568fe069dc761d88506e39bee8464c70e4a?s=96&d=mm&r=g\",\"contentUrl\":\"https:\\\/\\\/secure.gravatar.com\\\/avatar\\\/6ef884b7fb1dab6e8672f19e68299568fe069dc761d88506e39bee8464c70e4a?s=96&d=mm&r=g\",\"caption\":\"La Marina Bj\"},\"url\":\"https:\\\/\\\/lamarinabj.com\\\/index.php\\\/author\\\/la-marina-bj\\\/\"}]}<\/script>\n<!-- \/ Yoast SEO plugin. -->","yoast_head_json":{"title":"B\u00e9nin : Ce qu\u2019il faut retenir de l\u2019\u00e9volution des prix du ma\u00efs en f\u00e9vrier 2025 - LA MARINA BJ","description":"Le march\u00e9 du ma\u00efs au B\u00e9nin a connu en f\u00e9vrier 2025 une l\u00e9g\u00e8re augmentation du prix moyen, atteignant 224 F CFA par kilogramme. Cette hausse de 1 % par rapport \u00e0 janvier 2025 et de 6 % par rapport \u00e0 la moyenne des cinq derni\u00e8res ann\u00e9es s\u2019explique notamment par l\u2019augmentation des co\u00fbts de transport et des facteurs de production","robots":{"index":"index","follow":"follow","max-snippet":"max-snippet:-1","max-image-preview":"max-image-preview:large","max-video-preview":"max-video-preview:-1"},"canonical":"https:\/\/lamarinabj.com\/index.php\/2025\/03\/21\/benin-ce-quil-faut-retenir-de-levolution-des-prix-du-mais-en-fevrier-2025\/","og_locale":"fr_FR","og_type":"article","og_title":"B\u00e9nin : Ce qu\u2019il faut retenir de l\u2019\u00e9volution des prix du ma\u00efs en f\u00e9vrier 2025 - LA MARINA BJ","og_description":"Le march\u00e9 du ma\u00efs au B\u00e9nin a connu en f\u00e9vrier 2025 une l\u00e9g\u00e8re augmentation du prix moyen, atteignant 224 F CFA par kilogramme. Cette hausse de 1 % par rapport \u00e0 janvier 2025 et de 6 % par rapport \u00e0 la moyenne des cinq derni\u00e8res ann\u00e9es s\u2019explique notamment par l\u2019augmentation des co\u00fbts de transport et des facteurs de production","og_url":"https:\/\/lamarinabj.com\/index.php\/2025\/03\/21\/benin-ce-quil-faut-retenir-de-levolution-des-prix-du-mais-en-fevrier-2025\/","og_site_name":"LA MARINA BJ","article_published_time":"2025-03-21T14:49:48+00:00","article_modified_time":"2025-03-21T14:49:50+00:00","og_image":[{"width":800,"height":600,"url":"https:\/\/lamarinabj.com\/wp-content\/uploads\/2025\/03\/20250321_153756_0000.jpg","type":"image\/jpeg"}],"author":"La Marina Bj","twitter_card":"summary_large_image","twitter_misc":{"\u00c9crit par":"La Marina Bj","Dur\u00e9e de lecture estim\u00e9e":"3 minutes"},"schema":{"@context":"https:\/\/schema.org","@graph":[{"@type":"NewsArticle","@id":"https:\/\/lamarinabj.com\/index.php\/2025\/03\/21\/benin-ce-quil-faut-retenir-de-levolution-des-prix-du-mais-en-fevrier-2025\/#article","isPartOf":{"@id":"https:\/\/lamarinabj.com\/index.php\/2025\/03\/21\/benin-ce-quil-faut-retenir-de-levolution-des-prix-du-mais-en-fevrier-2025\/"},"author":{"name":"La Marina Bj","@id":"https:\/\/lamarinabj.com\/#\/schema\/person\/89dc3df245cc348449b2502e2d5c016b"},"headline":"B\u00e9nin : Ce qu\u2019il faut retenir de l\u2019\u00e9volution des prix du ma\u00efs en f\u00e9vrier 2025","datePublished":"2025-03-21T14:49:48+00:00","dateModified":"2025-03-21T14:49:50+00:00","mainEntityOfPage":{"@id":"https:\/\/lamarinabj.com\/index.php\/2025\/03\/21\/benin-ce-quil-faut-retenir-de-levolution-des-prix-du-mais-en-fevrier-2025\/"},"wordCount":455,"commentCount":0,"image":{"@id":"https:\/\/lamarinabj.com\/index.php\/2025\/03\/21\/benin-ce-quil-faut-retenir-de-levolution-des-prix-du-mais-en-fevrier-2025\/#primaryimage"},"thumbnailUrl":"https:\/\/lamarinabj.com\/wp-content\/uploads\/2025\/03\/20250321_153756_0000.jpg","keywords":["B\u00e9nin","Prix du march\u00e9"],"articleSection":["EN SAVOIR PLUS"],"inLanguage":"fr-FR","potentialAction":[{"@type":"CommentAction","name":"Comment","target":["https:\/\/lamarinabj.com\/index.php\/2025\/03\/21\/benin-ce-quil-faut-retenir-de-levolution-des-prix-du-mais-en-fevrier-2025\/#respond"]}]},{"@type":["WebPage","SearchResultsPage"],"@id":"https:\/\/lamarinabj.com\/index.php\/2025\/03\/21\/benin-ce-quil-faut-retenir-de-levolution-des-prix-du-mais-en-fevrier-2025\/","url":"https:\/\/lamarinabj.com\/index.php\/2025\/03\/21\/benin-ce-quil-faut-retenir-de-levolution-des-prix-du-mais-en-fevrier-2025\/","name":"B\u00e9nin : Ce qu\u2019il faut retenir de l\u2019\u00e9volution des prix du ma\u00efs en f\u00e9vrier 2025 - LA MARINA BJ","isPartOf":{"@id":"https:\/\/lamarinabj.com\/#website"},"primaryImageOfPage":{"@id":"https:\/\/lamarinabj.com\/index.php\/2025\/03\/21\/benin-ce-quil-faut-retenir-de-levolution-des-prix-du-mais-en-fevrier-2025\/#primaryimage"},"image":{"@id":"https:\/\/lamarinabj.com\/index.php\/2025\/03\/21\/benin-ce-quil-faut-retenir-de-levolution-des-prix-du-mais-en-fevrier-2025\/#primaryimage"},"thumbnailUrl":"https:\/\/lamarinabj.com\/wp-content\/uploads\/2025\/03\/20250321_153756_0000.jpg","datePublished":"2025-03-21T14:49:48+00:00","dateModified":"2025-03-21T14:49:50+00:00","author":{"@id":"https:\/\/lamarinabj.com\/#\/schema\/person\/89dc3df245cc348449b2502e2d5c016b"},"description":"Le march\u00e9 du ma\u00efs au B\u00e9nin a connu en f\u00e9vrier 2025 une l\u00e9g\u00e8re augmentation du prix moyen, atteignant 224 F CFA par kilogramme. Cette hausse de 1 % par rapport \u00e0 janvier 2025 et de 6 % par rapport \u00e0 la moyenne des cinq derni\u00e8res ann\u00e9es s\u2019explique notamment par l\u2019augmentation des co\u00fbts de transport et des facteurs de production","breadcrumb":{"@id":"https:\/\/lamarinabj.com\/index.php\/2025\/03\/21\/benin-ce-quil-faut-retenir-de-levolution-des-prix-du-mais-en-fevrier-2025\/#breadcrumb"},"inLanguage":"fr-FR","potentialAction":[{"@type":"ReadAction","target":["https:\/\/lamarinabj.com\/index.php\/2025\/03\/21\/benin-ce-quil-faut-retenir-de-levolution-des-prix-du-mais-en-fevrier-2025\/"]}]},{"@type":"ImageObject","inLanguage":"fr-FR","@id":"https:\/\/lamarinabj.com\/index.php\/2025\/03\/21\/benin-ce-quil-faut-retenir-de-levolution-des-prix-du-mais-en-fevrier-2025\/#primaryimage","url":"https:\/\/lamarinabj.com\/wp-content\/uploads\/2025\/03\/20250321_153756_0000.jpg","contentUrl":"https:\/\/lamarinabj.com\/wp-content\/uploads\/2025\/03\/20250321_153756_0000.jpg","width":800,"height":600},{"@type":"BreadcrumbList","@id":"https:\/\/lamarinabj.com\/index.php\/2025\/03\/21\/benin-ce-quil-faut-retenir-de-levolution-des-prix-du-mais-en-fevrier-2025\/#breadcrumb","itemListElement":[{"@type":"ListItem","position":1,"name":"Accueil","item":"https:\/\/lamarinabj.com\/"},{"@type":"ListItem","position":2,"name":"B\u00e9nin : Ce qu\u2019il faut retenir de l\u2019\u00e9volution des prix du ma\u00efs en f\u00e9vrier 2025"}]},{"@type":"WebSite","@id":"https:\/\/lamarinabj.com\/#website","url":"https:\/\/lamarinabj.com\/","name":"LA MARINA BJ","description":"Votre portail vers l&#039;information strat\u00e9gique au B\u00e9nin, en Afrique et au-del\u00e0","potentialAction":[{"@type":"SearchAction","target":{"@type":"EntryPoint","urlTemplate":"https:\/\/lamarinabj.com\/?s={search_term_string}"},"query-input":{"@type":"PropertyValueSpecification","valueRequired":true,"valueName":"search_term_string"}}],"inLanguage":"fr-FR"},{"@type":"Person","@id":"https:\/\/lamarinabj.com\/#\/schema\/person\/89dc3df245cc348449b2502e2d5c016b","name":"La Marina Bj","image":{"@type":"ImageObject","inLanguage":"fr-FR","@id":"https:\/\/secure.gravatar.com\/avatar\/6ef884b7fb1dab6e8672f19e68299568fe069dc761d88506e39bee8464c70e4a?s=96&d=mm&r=g","url":"https:\/\/secure.gravatar.com\/avatar\/6ef884b7fb1dab6e8672f19e68299568fe069dc761d88506e39bee8464c70e4a?s=96&d=mm&r=g","contentUrl":"https:\/\/secure.gravatar.com\/avatar\/6ef884b7fb1dab6e8672f19e68299568fe069dc761d88506e39bee8464c70e4a?s=96&d=mm&r=g","caption":"La Marina Bj"},"url":"https:\/\/lamarinabj.com\/index.php\/author\/la-marina-bj\/"}]}},"_links":{"self":[{"href":"https:\/\/lamarinabj.com\/index.php\/wp-json\/wp\/v2\/posts\/10693","targetHints":{"allow":["GET"]}}],"collection":[{"href":"https:\/\/lamarinabj.com\/index.php\/wp-json\/wp\/v2\/posts"}],"about":[{"href":"https:\/\/lamarinabj.com\/index.php\/wp-json\/wp\/v2\/types\/post"}],"author":[{"embeddable":true,"href":"https:\/\/lamarinabj.com\/index.php\/wp-json\/wp\/v2\/users\/7"}],"replies":[{"embeddable":true,"href":"https:\/\/lamarinabj.com\/index.php\/wp-json\/wp\/v2\/comments?post=10693"}],"version-history":[{"count":1,"href":"https:\/\/lamarinabj.com\/index.php\/wp-json\/wp\/v2\/posts\/10693\/revisions"}],"predecessor-version":[{"id":10695,"href":"https:\/\/lamarinabj.com\/index.php\/wp-json\/wp\/v2\/posts\/10693\/revisions\/10695"}],"wp:featuredmedia":[{"embeddable":true,"href":"https:\/\/lamarinabj.com\/index.php\/wp-json\/wp\/v2\/media\/10694"}],"wp:attachment":[{"href":"https:\/\/lamarinabj.com\/index.php\/wp-json\/wp\/v2\/media?parent=10693"}],"wp:term":[{"taxonomy":"category","embeddable":true,"href":"https:\/\/lamarinabj.com\/index.php\/wp-json\/wp\/v2\/categories?post=10693"},{"taxonomy":"post_tag","embeddable":true,"href":"https:\/\/lamarinabj.com\/index.php\/wp-json\/wp\/v2\/tags?post=10693"}],"curies":[{"name":"wp","href":"https:\/\/api.w.org\/{rel}","templated":true}]}}