{"id":10699,"date":"2025-03-24T09:00:00","date_gmt":"2025-03-24T08:00:00","guid":{"rendered":"https:\/\/lamarinabj.com\/?p=10699"},"modified":"2025-03-24T06:29:18","modified_gmt":"2025-03-24T05:29:18","slug":"finances-publiques-en-afrique-un-dialogue-regional-de-haut-niveau-souvre-demain-a-cotonou","status":"publish","type":"post","link":"https:\/\/lamarinabj.com\/index.php\/2025\/03\/24\/finances-publiques-en-afrique-un-dialogue-regional-de-haut-niveau-souvre-demain-a-cotonou\/","title":{"rendered":"Finances publiques en Afrique : un dialogue r\u00e9gional de haut niveau s\u2019ouvre demain \u00e0 Cotonou"},"content":{"rendered":"\n<p><strong><mark style=\"background-color:rgba(0, 0, 0, 0)\" class=\"has-inline-color has-red-color\">Gouvernance, Afrique<\/mark><\/strong> &#8211; <strong><em>\u00c0 l\u2019heure o\u00f9 la gestion des finances publiques reste un d\u00e9fi majeur pour de nombreux pays africains, la Banque africaine de d\u00e9veloppement (BAD), en partenariat avec le gouvernement b\u00e9ninois, le Centre de services r\u00e9gional pour l\u2019Afrique du Programme des Nations unies pour le d\u00e9veloppement (PNUD) et la Commission \u00e9conomique pour l\u2019Afrique (CEA), organise, les 25 et 26 mars 2025, un Dialogue r\u00e9gional de haut niveau \u00e0 Cotonou. Plac\u00e9 sous le th\u00e8me \u00ab Moderniser la responsabilit\u00e9 et la transparence dans les syst\u00e8mes de finances publiques en Afrique \u00bb, cet \u00e9v\u00e9nement vise \u00e0 renforcer la gouvernance financi\u00e8re sur le continent en explorant des approches innovantes et des r\u00e9formes adapt\u00e9es.<\/em><\/strong><\/p>\n\n\n\n<p>Durant deux jours, les discussions porteront sur plusieurs th\u00e9matiques cl\u00e9s, notamment l\u2019am\u00e9lioration de la gestion des d\u00e9penses publiques et de la dette, la mobilisation des ressources nationales gr\u00e2ce \u00e0 des r\u00e9formes fiscales et la lutte contre les flux financiers illicites. La participation citoyenne \u00e0 la budg\u00e9tisation et l\u2019usage des technologies pour optimiser la transparence financi\u00e8re seront \u00e9galement au c\u0153ur des \u00e9changes.<\/p>\n\n\n\n<h2 id=\"des-experts-et-decideurs-reunis-pour-des-solutions-concretes\" class=\"wp-block-heading\"><mark style=\"background-color:rgba(0, 0, 0, 0)\" class=\"has-inline-color has-red-color\">Des experts et d\u00e9cideurs r\u00e9unis pour des solutions concr\u00e8tes<\/mark><\/h2>\n\n\n\n<p>Cette rencontre r\u00e9unira de hauts responsables gouvernementaux, des experts en finances publiques, des partenaires au d\u00e9veloppement ainsi que des repr\u00e9sentants de la soci\u00e9t\u00e9 civile et du monde acad\u00e9mique. Parmi les intervenants attendus figurent Romuald Wadagni, ministre b\u00e9ninois de l\u2019\u00c9conomie et des Finances, Adam Soul\u00e9 Zoumarou, ministre b\u00e9ninoise de l\u2019\u00c9conomie num\u00e9rique et de l\u2019Innovation, ainsi que les anciens ministres des Finances du Maroc, Mohamed Boussaid, et du Ghana, Seth Tekper.<\/p>\n\n\n\n<p>Seront \u00e9galement pr\u00e9sents Titus Osundina, repr\u00e9sentant-r\u00e9sident du PNUD au B\u00e9nin, Patrick Ndzana Olomo, cadre de l\u2019Union africaine, et Eric Kehinde Ogunleye, directeur de l\u2019Institut africain de d\u00e9veloppement de la BAD. \u00c0 travers leurs interventions, ces personnalit\u00e9s apporteront des perspectives \u00e9clair\u00e9es sur les meilleures pratiques en mati\u00e8re de transparence et de gouvernance financi\u00e8re.<\/p>\n\n\n\n<h2 id=\"un-cadre-de-reflexion-pour-impulser-des-reformes-durables\" class=\"wp-block-heading\"><mark style=\"background-color:rgba(0, 0, 0, 0)\" class=\"has-inline-color has-red-color\">Un cadre de r\u00e9flexion pour impulser des r\u00e9formes durables<\/mark><\/h2>\n\n\n\n<p>En favorisant le partage d\u2019exp\u00e9riences et l\u2019\u00e9change de solutions, ce Dialogue r\u00e9gional vise \u00e0 inspirer des r\u00e9formes concr\u00e8tes en Afrique. La modernisation des finances publiques est essentielle pour garantir une gestion efficiente des ressources, attirer les investissements et renforcer la confiance des citoyens envers les institutions \u00e9tatiques.<\/p>\n\n\n\n<p>Avec cet \u00e9v\u00e9nement, Cotonou confirme son r\u00f4le de hub r\u00e9gional des discussions strat\u00e9giques sur les enjeux \u00e9conomiques et financiers du continent.<\/p>\n","protected":false},"excerpt":{"rendered":"Gouvernance, Afrique &#8211; \u00c0 l\u2019heure o\u00f9 la gestion des finances publiques reste un d\u00e9fi majeur pour de nombreux&hellip;\n","protected":false},"author":8,"featured_media":10700,"comment_status":"open","ping_status":"open","sticky":false,"template":"elementor_theme","format":"standard","meta":{"csco_singular_sidebar":"","csco_page_header_type":"standard","csco_appearance_masonry":"","csco_page_load_nextpost":"","csco_post_video_location":[],"csco_post_video_location_hash":"","csco_post_video_url":"","csco_post_video_bg_start_time":0,"csco_post_video_bg_end_time":0,"footnotes":""},"categories":[57,191],"tags":[363,41,647],"class_list":{"0":"post-10699","1":"post","2":"type-post","3":"status-publish","4":"format-standard","5":"has-post-thumbnail","7":"category-a-suivre","8":"category-en-savoir-plus-2","9":"tag-bad","10":"tag-benin","11":"tag-pnud","12":"cs-entry","13":"cs-video-wrap"},"yoast_head":"<!-- This site is optimized with the Yoast SEO plugin v27.4 - https:\/\/yoast.com\/product\/yoast-seo-wordpress\/ -->\n<title>Finances publiques en Afrique : un dialogue r\u00e9gional de haut niveau s\u2019ouvre demain \u00e0 Cotonou - LA MARINA BJ<\/title>\n<meta name=\"description\" content=\"Plac\u00e9 sous le th\u00e8me \u00ab Moderniser la responsabilit\u00e9 et la transparence dans les syst\u00e8mes de finances publiques en Afrique \u00bb, cet \u00e9v\u00e9nement vise \u00e0 renforcer la gouvernance financi\u00e8re sur le continent en explorant des approches innovantes et des r\u00e9formes adapt\u00e9es.\" \/>\n<meta name=\"robots\" content=\"index, follow, max-snippet:-1, max-image-preview:large, max-video-preview:-1\" \/>\n<link rel=\"canonical\" href=\"https:\/\/lamarinabj.com\/index.php\/2025\/03\/24\/finances-publiques-en-afrique-un-dialogue-regional-de-haut-niveau-souvre-demain-a-cotonou\/\" \/>\n<meta property=\"og:locale\" content=\"fr_FR\" \/>\n<meta property=\"og:type\" content=\"article\" \/>\n<meta property=\"og:title\" content=\"Finances publiques en Afrique : un dialogue r\u00e9gional de haut niveau s\u2019ouvre demain \u00e0 Cotonou - LA MARINA BJ\" \/>\n<meta property=\"og:description\" content=\"Plac\u00e9 sous le th\u00e8me \u00ab Moderniser la responsabilit\u00e9 et la transparence dans les syst\u00e8mes de finances publiques en Afrique \u00bb, cet \u00e9v\u00e9nement vise \u00e0 renforcer la gouvernance financi\u00e8re sur le continent en explorant des approches innovantes et des r\u00e9formes adapt\u00e9es.\" \/>\n<meta property=\"og:url\" content=\"https:\/\/lamarinabj.com\/index.php\/2025\/03\/24\/finances-publiques-en-afrique-un-dialogue-regional-de-haut-niveau-souvre-demain-a-cotonou\/\" \/>\n<meta property=\"og:site_name\" content=\"LA MARINA BJ\" \/>\n<meta property=\"article:published_time\" content=\"2025-03-24T08:00:00+00:00\" \/>\n<meta property=\"og:image\" content=\"https:\/\/lamarinabj.com\/wp-content\/uploads\/2025\/03\/20250324_061613_0000.jpg\" \/>\n\t<meta property=\"og:image:width\" content=\"1140\" \/>\n\t<meta property=\"og:image:height\" content=\"570\" \/>\n\t<meta property=\"og:image:type\" content=\"image\/jpeg\" \/>\n<meta name=\"author\" content=\"La Marina BJ - Team Business &amp; \u00c9conomie &amp; Finances\" \/>\n<meta name=\"twitter:card\" content=\"summary_large_image\" \/>\n<meta name=\"twitter:label1\" content=\"\u00c9crit par\" \/>\n\t<meta name=\"twitter:data1\" content=\"La Marina BJ - Team Business &amp; \u00c9conomie &amp; Finances\" \/>\n\t<meta name=\"twitter:label2\" content=\"Dur\u00e9e de lecture estim\u00e9e\" \/>\n\t<meta name=\"twitter:data2\" content=\"3 minutes\" \/>\n<script type=\"application\/ld+json\" class=\"yoast-schema-graph\">{\"@context\":\"https:\\\/\\\/schema.org\",\"@graph\":[{\"@type\":\"NewsArticle\",\"@id\":\"https:\\\/\\\/lamarinabj.com\\\/index.php\\\/2025\\\/03\\\/24\\\/finances-publiques-en-afrique-un-dialogue-regional-de-haut-niveau-souvre-demain-a-cotonou\\\/#article\",\"isPartOf\":{\"@id\":\"https:\\\/\\\/lamarinabj.com\\\/index.php\\\/2025\\\/03\\\/24\\\/finances-publiques-en-afrique-un-dialogue-regional-de-haut-niveau-souvre-demain-a-cotonou\\\/\"},\"author\":{\"name\":\"La Marina BJ - Team Business &amp; \u00c9conomie &amp; Finances\",\"@id\":\"https:\\\/\\\/lamarinabj.com\\\/#\\\/schema\\\/person\\\/daecc7fb1eea21418f92763d06a3f4b4\"},\"headline\":\"Finances publiques en Afrique : un dialogue r\u00e9gional de haut niveau s\u2019ouvre demain \u00e0 Cotonou\",\"datePublished\":\"2025-03-24T08:00:00+00:00\",\"mainEntityOfPage\":{\"@id\":\"https:\\\/\\\/lamarinabj.com\\\/index.php\\\/2025\\\/03\\\/24\\\/finances-publiques-en-afrique-un-dialogue-regional-de-haut-niveau-souvre-demain-a-cotonou\\\/\"},\"wordCount\":444,\"commentCount\":0,\"image\":{\"@id\":\"https:\\\/\\\/lamarinabj.com\\\/index.php\\\/2025\\\/03\\\/24\\\/finances-publiques-en-afrique-un-dialogue-regional-de-haut-niveau-souvre-demain-a-cotonou\\\/#primaryimage\"},\"thumbnailUrl\":\"https:\\\/\\\/lamarinabj.com\\\/wp-content\\\/uploads\\\/2025\\\/03\\\/20250324_061613_0000.jpg\",\"keywords\":[\"BAD\",\"B\u00e9nin\",\"PNUD\"],\"articleSection\":[\"\u00c0 SUIVRE\",\"EN SAVOIR PLUS\"],\"inLanguage\":\"fr-FR\",\"potentialAction\":[{\"@type\":\"CommentAction\",\"name\":\"Comment\",\"target\":[\"https:\\\/\\\/lamarinabj.com\\\/index.php\\\/2025\\\/03\\\/24\\\/finances-publiques-en-afrique-un-dialogue-regional-de-haut-niveau-souvre-demain-a-cotonou\\\/#respond\"]}]},{\"@type\":[\"WebPage\",\"SearchResultsPage\"],\"@id\":\"https:\\\/\\\/lamarinabj.com\\\/index.php\\\/2025\\\/03\\\/24\\\/finances-publiques-en-afrique-un-dialogue-regional-de-haut-niveau-souvre-demain-a-cotonou\\\/\",\"url\":\"https:\\\/\\\/lamarinabj.com\\\/index.php\\\/2025\\\/03\\\/24\\\/finances-publiques-en-afrique-un-dialogue-regional-de-haut-niveau-souvre-demain-a-cotonou\\\/\",\"name\":\"Finances publiques en Afrique : un dialogue r\u00e9gional de haut niveau s\u2019ouvre demain \u00e0 Cotonou - LA MARINA BJ\",\"isPartOf\":{\"@id\":\"https:\\\/\\\/lamarinabj.com\\\/#website\"},\"primaryImageOfPage\":{\"@id\":\"https:\\\/\\\/lamarinabj.com\\\/index.php\\\/2025\\\/03\\\/24\\\/finances-publiques-en-afrique-un-dialogue-regional-de-haut-niveau-souvre-demain-a-cotonou\\\/#primaryimage\"},\"image\":{\"@id\":\"https:\\\/\\\/lamarinabj.com\\\/index.php\\\/2025\\\/03\\\/24\\\/finances-publiques-en-afrique-un-dialogue-regional-de-haut-niveau-souvre-demain-a-cotonou\\\/#primaryimage\"},\"thumbnailUrl\":\"https:\\\/\\\/lamarinabj.com\\\/wp-content\\\/uploads\\\/2025\\\/03\\\/20250324_061613_0000.jpg\",\"datePublished\":\"2025-03-24T08:00:00+00:00\",\"author\":{\"@id\":\"https:\\\/\\\/lamarinabj.com\\\/#\\\/schema\\\/person\\\/daecc7fb1eea21418f92763d06a3f4b4\"},\"description\":\"Plac\u00e9 sous le th\u00e8me \u00ab Moderniser la responsabilit\u00e9 et la transparence dans les syst\u00e8mes de finances publiques en Afrique \u00bb, cet \u00e9v\u00e9nement vise \u00e0 renforcer la gouvernance financi\u00e8re sur le continent en explorant des approches innovantes et des r\u00e9formes adapt\u00e9es.\",\"breadcrumb\":{\"@id\":\"https:\\\/\\\/lamarinabj.com\\\/index.php\\\/2025\\\/03\\\/24\\\/finances-publiques-en-afrique-un-dialogue-regional-de-haut-niveau-souvre-demain-a-cotonou\\\/#breadcrumb\"},\"inLanguage\":\"fr-FR\",\"potentialAction\":[{\"@type\":\"ReadAction\",\"target\":[\"https:\\\/\\\/lamarinabj.com\\\/index.php\\\/2025\\\/03\\\/24\\\/finances-publiques-en-afrique-un-dialogue-regional-de-haut-niveau-souvre-demain-a-cotonou\\\/\"]}]},{\"@type\":\"ImageObject\",\"inLanguage\":\"fr-FR\",\"@id\":\"https:\\\/\\\/lamarinabj.com\\\/index.php\\\/2025\\\/03\\\/24\\\/finances-publiques-en-afrique-un-dialogue-regional-de-haut-niveau-souvre-demain-a-cotonou\\\/#primaryimage\",\"url\":\"https:\\\/\\\/lamarinabj.com\\\/wp-content\\\/uploads\\\/2025\\\/03\\\/20250324_061613_0000.jpg\",\"contentUrl\":\"https:\\\/\\\/lamarinabj.com\\\/wp-content\\\/uploads\\\/2025\\\/03\\\/20250324_061613_0000.jpg\",\"width\":1140,\"height\":570},{\"@type\":\"BreadcrumbList\",\"@id\":\"https:\\\/\\\/lamarinabj.com\\\/index.php\\\/2025\\\/03\\\/24\\\/finances-publiques-en-afrique-un-dialogue-regional-de-haut-niveau-souvre-demain-a-cotonou\\\/#breadcrumb\",\"itemListElement\":[{\"@type\":\"ListItem\",\"position\":1,\"name\":\"Accueil\",\"item\":\"https:\\\/\\\/lamarinabj.com\\\/\"},{\"@type\":\"ListItem\",\"position\":2,\"name\":\"Finances publiques en Afrique : un dialogue r\u00e9gional de haut niveau s\u2019ouvre demain \u00e0 Cotonou\"}]},{\"@type\":\"WebSite\",\"@id\":\"https:\\\/\\\/lamarinabj.com\\\/#website\",\"url\":\"https:\\\/\\\/lamarinabj.com\\\/\",\"name\":\"LA MARINA BJ\",\"description\":\"Votre portail vers l&#039;information strat\u00e9gique au B\u00e9nin, en Afrique et au-del\u00e0\",\"potentialAction\":[{\"@type\":\"SearchAction\",\"target\":{\"@type\":\"EntryPoint\",\"urlTemplate\":\"https:\\\/\\\/lamarinabj.com\\\/?s={search_term_string}\"},\"query-input\":{\"@type\":\"PropertyValueSpecification\",\"valueRequired\":true,\"valueName\":\"search_term_string\"}}],\"inLanguage\":\"fr-FR\"},{\"@type\":\"Person\",\"@id\":\"https:\\\/\\\/lamarinabj.com\\\/#\\\/schema\\\/person\\\/daecc7fb1eea21418f92763d06a3f4b4\",\"name\":\"La Marina BJ - Team Business &amp; \u00c9conomie &amp; Finances\",\"image\":{\"@type\":\"ImageObject\",\"inLanguage\":\"fr-FR\",\"@id\":\"https:\\\/\\\/secure.gravatar.com\\\/avatar\\\/007be62133093bb48d247a392503beff272bc6a9503872d32895035e0e72b4f7?s=96&d=mm&r=g\",\"url\":\"https:\\\/\\\/secure.gravatar.com\\\/avatar\\\/007be62133093bb48d247a392503beff272bc6a9503872d32895035e0e72b4f7?s=96&d=mm&r=g\",\"contentUrl\":\"https:\\\/\\\/secure.gravatar.com\\\/avatar\\\/007be62133093bb48d247a392503beff272bc6a9503872d32895035e0e72b4f7?s=96&d=mm&r=g\",\"caption\":\"La Marina BJ - Team Business &amp; \u00c9conomie &amp; Finances\"},\"description\":\"La Team \u00c9conomie &amp; Finances de La Marina BJ d\u00e9crypte les dynamiques \u00e9conomiques qui fa\u00e7onnent le B\u00e9nin, l\u2019Afrique et le monde. Compos\u00e9e de journalistes \u00e9conomiques, d\u2019analystes sectoriels et de veilleurs sp\u00e9cialis\u00e9s, elle s\u2019attache \u00e0 rendre lisibles les m\u00e9canismes financiers, les politiques budg\u00e9taires, les r\u00e9formes fiscales et les grandes orientations macro\u00e9conomiques. Son ambition : \u00e9clairer les choix, anticiper les tendances et outiller les d\u00e9cideurs \u2014 publics comme priv\u00e9s \u2014 dans un environnement \u00e9conomique en constante mutation.\",\"url\":\"https:\\\/\\\/lamarinabj.com\\\/index.php\\\/author\\\/ernestine\\\/\"}]}<\/script>\n<!-- \/ Yoast SEO plugin. -->","yoast_head_json":{"title":"Finances publiques en Afrique : un dialogue r\u00e9gional de haut niveau s\u2019ouvre demain \u00e0 Cotonou - LA MARINA BJ","description":"Plac\u00e9 sous le th\u00e8me \u00ab Moderniser la responsabilit\u00e9 et la transparence dans les syst\u00e8mes de finances publiques en Afrique \u00bb, cet \u00e9v\u00e9nement vise \u00e0 renforcer la gouvernance financi\u00e8re sur le continent en explorant des approches innovantes et des r\u00e9formes adapt\u00e9es.","robots":{"index":"index","follow":"follow","max-snippet":"max-snippet:-1","max-image-preview":"max-image-preview:large","max-video-preview":"max-video-preview:-1"},"canonical":"https:\/\/lamarinabj.com\/index.php\/2025\/03\/24\/finances-publiques-en-afrique-un-dialogue-regional-de-haut-niveau-souvre-demain-a-cotonou\/","og_locale":"fr_FR","og_type":"article","og_title":"Finances publiques en Afrique : un dialogue r\u00e9gional de haut niveau s\u2019ouvre demain \u00e0 Cotonou - LA MARINA BJ","og_description":"Plac\u00e9 sous le th\u00e8me \u00ab Moderniser la responsabilit\u00e9 et la transparence dans les syst\u00e8mes de finances publiques en Afrique \u00bb, cet \u00e9v\u00e9nement vise \u00e0 renforcer la gouvernance financi\u00e8re sur le continent en explorant des approches innovantes et des r\u00e9formes adapt\u00e9es.","og_url":"https:\/\/lamarinabj.com\/index.php\/2025\/03\/24\/finances-publiques-en-afrique-un-dialogue-regional-de-haut-niveau-souvre-demain-a-cotonou\/","og_site_name":"LA MARINA BJ","article_published_time":"2025-03-24T08:00:00+00:00","og_image":[{"width":1140,"height":570,"url":"https:\/\/lamarinabj.com\/wp-content\/uploads\/2025\/03\/20250324_061613_0000.jpg","type":"image\/jpeg"}],"author":"La Marina BJ - Team Business &amp; \u00c9conomie &amp; Finances","twitter_card":"summary_large_image","twitter_misc":{"\u00c9crit par":"La Marina BJ - Team Business &amp; \u00c9conomie &amp; Finances","Dur\u00e9e de lecture estim\u00e9e":"3 minutes"},"schema":{"@context":"https:\/\/schema.org","@graph":[{"@type":"NewsArticle","@id":"https:\/\/lamarinabj.com\/index.php\/2025\/03\/24\/finances-publiques-en-afrique-un-dialogue-regional-de-haut-niveau-souvre-demain-a-cotonou\/#article","isPartOf":{"@id":"https:\/\/lamarinabj.com\/index.php\/2025\/03\/24\/finances-publiques-en-afrique-un-dialogue-regional-de-haut-niveau-souvre-demain-a-cotonou\/"},"author":{"name":"La Marina BJ - Team Business &amp; \u00c9conomie &amp; Finances","@id":"https:\/\/lamarinabj.com\/#\/schema\/person\/daecc7fb1eea21418f92763d06a3f4b4"},"headline":"Finances publiques en Afrique : un dialogue r\u00e9gional de haut niveau s\u2019ouvre demain \u00e0 Cotonou","datePublished":"2025-03-24T08:00:00+00:00","mainEntityOfPage":{"@id":"https:\/\/lamarinabj.com\/index.php\/2025\/03\/24\/finances-publiques-en-afrique-un-dialogue-regional-de-haut-niveau-souvre-demain-a-cotonou\/"},"wordCount":444,"commentCount":0,"image":{"@id":"https:\/\/lamarinabj.com\/index.php\/2025\/03\/24\/finances-publiques-en-afrique-un-dialogue-regional-de-haut-niveau-souvre-demain-a-cotonou\/#primaryimage"},"thumbnailUrl":"https:\/\/lamarinabj.com\/wp-content\/uploads\/2025\/03\/20250324_061613_0000.jpg","keywords":["BAD","B\u00e9nin","PNUD"],"articleSection":["\u00c0 SUIVRE","EN SAVOIR PLUS"],"inLanguage":"fr-FR","potentialAction":[{"@type":"CommentAction","name":"Comment","target":["https:\/\/lamarinabj.com\/index.php\/2025\/03\/24\/finances-publiques-en-afrique-un-dialogue-regional-de-haut-niveau-souvre-demain-a-cotonou\/#respond"]}]},{"@type":["WebPage","SearchResultsPage"],"@id":"https:\/\/lamarinabj.com\/index.php\/2025\/03\/24\/finances-publiques-en-afrique-un-dialogue-regional-de-haut-niveau-souvre-demain-a-cotonou\/","url":"https:\/\/lamarinabj.com\/index.php\/2025\/03\/24\/finances-publiques-en-afrique-un-dialogue-regional-de-haut-niveau-souvre-demain-a-cotonou\/","name":"Finances publiques en Afrique : un dialogue r\u00e9gional de haut niveau s\u2019ouvre demain \u00e0 Cotonou - LA MARINA BJ","isPartOf":{"@id":"https:\/\/lamarinabj.com\/#website"},"primaryImageOfPage":{"@id":"https:\/\/lamarinabj.com\/index.php\/2025\/03\/24\/finances-publiques-en-afrique-un-dialogue-regional-de-haut-niveau-souvre-demain-a-cotonou\/#primaryimage"},"image":{"@id":"https:\/\/lamarinabj.com\/index.php\/2025\/03\/24\/finances-publiques-en-afrique-un-dialogue-regional-de-haut-niveau-souvre-demain-a-cotonou\/#primaryimage"},"thumbnailUrl":"https:\/\/lamarinabj.com\/wp-content\/uploads\/2025\/03\/20250324_061613_0000.jpg","datePublished":"2025-03-24T08:00:00+00:00","author":{"@id":"https:\/\/lamarinabj.com\/#\/schema\/person\/daecc7fb1eea21418f92763d06a3f4b4"},"description":"Plac\u00e9 sous le th\u00e8me \u00ab Moderniser la responsabilit\u00e9 et la transparence dans les syst\u00e8mes de finances publiques en Afrique \u00bb, cet \u00e9v\u00e9nement vise \u00e0 renforcer la gouvernance financi\u00e8re sur le continent en explorant des approches innovantes et des r\u00e9formes adapt\u00e9es.","breadcrumb":{"@id":"https:\/\/lamarinabj.com\/index.php\/2025\/03\/24\/finances-publiques-en-afrique-un-dialogue-regional-de-haut-niveau-souvre-demain-a-cotonou\/#breadcrumb"},"inLanguage":"fr-FR","potentialAction":[{"@type":"ReadAction","target":["https:\/\/lamarinabj.com\/index.php\/2025\/03\/24\/finances-publiques-en-afrique-un-dialogue-regional-de-haut-niveau-souvre-demain-a-cotonou\/"]}]},{"@type":"ImageObject","inLanguage":"fr-FR","@id":"https:\/\/lamarinabj.com\/index.php\/2025\/03\/24\/finances-publiques-en-afrique-un-dialogue-regional-de-haut-niveau-souvre-demain-a-cotonou\/#primaryimage","url":"https:\/\/lamarinabj.com\/wp-content\/uploads\/2025\/03\/20250324_061613_0000.jpg","contentUrl":"https:\/\/lamarinabj.com\/wp-content\/uploads\/2025\/03\/20250324_061613_0000.jpg","width":1140,"height":570},{"@type":"BreadcrumbList","@id":"https:\/\/lamarinabj.com\/index.php\/2025\/03\/24\/finances-publiques-en-afrique-un-dialogue-regional-de-haut-niveau-souvre-demain-a-cotonou\/#breadcrumb","itemListElement":[{"@type":"ListItem","position":1,"name":"Accueil","item":"https:\/\/lamarinabj.com\/"},{"@type":"ListItem","position":2,"name":"Finances publiques en Afrique : un dialogue r\u00e9gional de haut niveau s\u2019ouvre demain \u00e0 Cotonou"}]},{"@type":"WebSite","@id":"https:\/\/lamarinabj.com\/#website","url":"https:\/\/lamarinabj.com\/","name":"LA MARINA BJ","description":"Votre portail vers l&#039;information strat\u00e9gique au B\u00e9nin, en Afrique et au-del\u00e0","potentialAction":[{"@type":"SearchAction","target":{"@type":"EntryPoint","urlTemplate":"https:\/\/lamarinabj.com\/?s={search_term_string}"},"query-input":{"@type":"PropertyValueSpecification","valueRequired":true,"valueName":"search_term_string"}}],"inLanguage":"fr-FR"},{"@type":"Person","@id":"https:\/\/lamarinabj.com\/#\/schema\/person\/daecc7fb1eea21418f92763d06a3f4b4","name":"La Marina BJ - Team Business &amp; \u00c9conomie &amp; Finances","image":{"@type":"ImageObject","inLanguage":"fr-FR","@id":"https:\/\/secure.gravatar.com\/avatar\/007be62133093bb48d247a392503beff272bc6a9503872d32895035e0e72b4f7?s=96&d=mm&r=g","url":"https:\/\/secure.gravatar.com\/avatar\/007be62133093bb48d247a392503beff272bc6a9503872d32895035e0e72b4f7?s=96&d=mm&r=g","contentUrl":"https:\/\/secure.gravatar.com\/avatar\/007be62133093bb48d247a392503beff272bc6a9503872d32895035e0e72b4f7?s=96&d=mm&r=g","caption":"La Marina BJ - Team Business &amp; \u00c9conomie &amp; Finances"},"description":"La Team \u00c9conomie &amp; Finances de La Marina BJ d\u00e9crypte les dynamiques \u00e9conomiques qui fa\u00e7onnent le B\u00e9nin, l\u2019Afrique et le monde. Compos\u00e9e de journalistes \u00e9conomiques, d\u2019analystes sectoriels et de veilleurs sp\u00e9cialis\u00e9s, elle s\u2019attache \u00e0 rendre lisibles les m\u00e9canismes financiers, les politiques budg\u00e9taires, les r\u00e9formes fiscales et les grandes orientations macro\u00e9conomiques. Son ambition : \u00e9clairer les choix, anticiper les tendances et outiller les d\u00e9cideurs \u2014 publics comme priv\u00e9s \u2014 dans un environnement \u00e9conomique en constante mutation.","url":"https:\/\/lamarinabj.com\/index.php\/author\/ernestine\/"}]}},"_links":{"self":[{"href":"https:\/\/lamarinabj.com\/index.php\/wp-json\/wp\/v2\/posts\/10699","targetHints":{"allow":["GET"]}}],"collection":[{"href":"https:\/\/lamarinabj.com\/index.php\/wp-json\/wp\/v2\/posts"}],"about":[{"href":"https:\/\/lamarinabj.com\/index.php\/wp-json\/wp\/v2\/types\/post"}],"author":[{"embeddable":true,"href":"https:\/\/lamarinabj.com\/index.php\/wp-json\/wp\/v2\/users\/8"}],"replies":[{"embeddable":true,"href":"https:\/\/lamarinabj.com\/index.php\/wp-json\/wp\/v2\/comments?post=10699"}],"version-history":[{"count":1,"href":"https:\/\/lamarinabj.com\/index.php\/wp-json\/wp\/v2\/posts\/10699\/revisions"}],"predecessor-version":[{"id":10701,"href":"https:\/\/lamarinabj.com\/index.php\/wp-json\/wp\/v2\/posts\/10699\/revisions\/10701"}],"wp:featuredmedia":[{"embeddable":true,"href":"https:\/\/lamarinabj.com\/index.php\/wp-json\/wp\/v2\/media\/10700"}],"wp:attachment":[{"href":"https:\/\/lamarinabj.com\/index.php\/wp-json\/wp\/v2\/media?parent=10699"}],"wp:term":[{"taxonomy":"category","embeddable":true,"href":"https:\/\/lamarinabj.com\/index.php\/wp-json\/wp\/v2\/categories?post=10699"},{"taxonomy":"post_tag","embeddable":true,"href":"https:\/\/lamarinabj.com\/index.php\/wp-json\/wp\/v2\/tags?post=10699"}],"curies":[{"name":"wp","href":"https:\/\/api.w.org\/{rel}","templated":true}]}}