{"id":10814,"date":"2025-04-03T11:00:00","date_gmt":"2025-04-03T10:00:00","guid":{"rendered":"https:\/\/lamarinabj.com\/?p=10814"},"modified":"2025-04-03T08:30:35","modified_gmt":"2025-04-03T07:30:35","slug":"palais-de-singbomey-de-ouidah-pourquoi-la-cour-refuse-t-elle-de-se-prononcer-sur-la-reouverture","status":"publish","type":"post","link":"https:\/\/lamarinabj.com\/index.php\/2025\/04\/03\/palais-de-singbomey-de-ouidah-pourquoi-la-cour-refuse-t-elle-de-se-prononcer-sur-la-reouverture\/","title":{"rendered":"Palais de Singbomey de Ouidah : Pourquoi la Cour refuse-t-elle de se prononcer sur la r\u00e9ouverture ?"},"content":{"rendered":"\n<p><strong><mark style=\"background-color:rgba(0, 0, 0, 0)\" class=\"has-inline-color has-red-color\">Justice, B\u00e9nin<\/mark><\/strong> &#8211; <strong><em>La Cour constitutionnelle du B\u00e9nin a rendu, le 27 mars 2025, la d\u00e9cision DC 25-099, dans laquelle elle se d\u00e9clare incomp\u00e9tente pour statuer sur le recours introduit par Mito Mo\u00efse Roger de Souza, chef de la collectivit\u00e9 familiale de Souza Chacha IX. Ce dernier contestait la mise sous scell\u00e9 du palais de Singbomey \u00e0 Ouidah et la nomination d\u2019un r\u00e9gent par le pr\u00e9fet du d\u00e9partement de l\u2019Atlantique.<\/em><\/strong><\/p>\n\n\n\n<p>\u00c0 l\u2019origine de cette affaire, un contentieux relatif \u00e0 la succession du tr\u00f4ne de Chacha IX, auquel Mito Mo\u00efse Roger de Souza a \u00e9t\u00e9 d\u00e9sign\u00e9 en 2017. Dans sa requ\u00eate \u00e0 la Cour constitutionnelle, il rappelle que sa nomination a \u00e9t\u00e9 contest\u00e9e par certains membres de sa famille, entra\u00eenant une s\u00e9rie de proc\u00e9dures judiciaires successives devant le tribunal de premi\u00e8re instance de deuxi\u00e8me classe de Ouidah, la Cour d\u2019appel de Cotonou et la Cour supr\u00eame.<\/p>\n\n\n\n<p>En novembre 2019, la Cour d\u2019appel de Cotonou a confirm\u00e9 son accession au tr\u00f4ne \u00e0 travers l\u2019arr\u00eat n\u00b0049\/EP-CA-COT-19. Un pourvoi en cassation a ensuite \u00e9t\u00e9 introduit, mais a \u00e9t\u00e9 rejet\u00e9 par la Cour supr\u00eame, qui a ent\u00e9rin\u00e9 la d\u00e9cision de la Cour d\u2019appel en mars 2021. Malgr\u00e9 ces jugements d\u00e9finitifs, Mito Mo\u00efse Roger de Souza a constat\u00e9 que le palais de Singbomey restait inaccessible, scell\u00e9 par les autorit\u00e9s pr\u00e9fectorales.<\/p>\n\n\n\n<h2 id=\"la-cour-saisie-pour-violation-des-droits-fondamentaux\" class=\"wp-block-heading\"><mark style=\"background-color:rgba(0, 0, 0, 0)\" class=\"has-inline-color has-red-color\">La Cour saisie pour violation des droits fondamentaux<\/mark><\/h2>\n\n\n\n<p>Face \u00e0 cette situation, le plaignant dans sa requ\u00eate en date du 31 mai 2024, d\u00e9non\u00e7ait une violation de ses droits fondamentaux et une atteinte aux d\u00e9cisions de justice rendues en sa faveur. Il estimait que la nomination d\u2019un r\u00e9gent par le pr\u00e9fet de l\u2019Atlantique constituait une ing\u00e9rence dans la l\u00e9gitimit\u00e9 du tr\u00f4ne de Chacha IX et que la fermeture du palais \u00e9tait une entrave \u00e0 l\u2019exercice de ses fonctions.<\/p>\n\n\n\n<p>Toutefois, le pr\u00e9fet, repr\u00e9sent\u00e9 par l\u2019Agent judiciaire du Tr\u00e9sor, a soulev\u00e9, sur le fondement des articles 114 et 117 de la Constitution, l\u2019incomp\u00e9tence de la Cour constitutionnelle, arguant que le recours ne portait pas sur une disposition l\u00e9gislative ou r\u00e9glementaire contraire \u00e0 la Constitution, mais plut\u00f4t sur l\u2019ex\u00e9cution de d\u00e9cisions de justice, relevant du pouvoir judiciaire.<\/p>\n\n\n\n<p>De son c\u00f4t\u00e9, la pr\u00e9sidente du tribunal de premi\u00e8re instance de Ouidah a rappel\u00e9 devant les sages de la Cour constitutionnelle que le tribunal avait d\u00e9j\u00e0 accompli ses missions en d\u00e9signant un huissier pour ex\u00e9cuter les d\u00e9cisions rendues. Elle a soulign\u00e9 qu\u2019aucune difficult\u00e9 d\u2019ex\u00e9cution n\u2019avait \u00e9t\u00e9 formellement signal\u00e9e devant sa juridiction.<\/p>\n\n\n\n<h2 id=\"une-declaration-dincompetence-de-la-cour\" class=\"wp-block-heading\"><mark style=\"background-color:rgba(0, 0, 0, 0)\" class=\"has-inline-color has-red-color\">Une d\u00e9claration d\u2019incomp\u00e9tence de la Cour <\/mark><\/h2>\n\n\n\n<p>Apr\u00e8s analyse des arguments des diff\u00e9rentes parties, la Cour constitutionnelle s\u2019est fond\u00e9e sur les articles 114 et 117 de la Constitution, qui d\u00e9finissent son r\u00f4le comme juge de la constitutionnalit\u00e9 des lois et garante des droits fondamentaux.<\/p>\n\n\n\n<p>Elle a estim\u00e9 que les demandes du requ\u00e9rant ne relevaient pas de son champ de comp\u00e9tence, car elles concernaient l\u2019ex\u00e9cution de d\u00e9cisions de justice et l\u2019administration des collectivit\u00e9s locales. Une intervention de la Cour aurait constitu\u00e9 une immixtion dans les pr\u00e9rogatives des autres institutions, en contradiction avec le principe de s\u00e9paration des pouvoirs. Par cons\u00e9quent, la Cour constitutionnelle s\u2019est d\u00e9clar\u00e9e incomp\u00e9tente et a ordonn\u00e9, comme d\u2019habitude, la notification de sa d\u00e9cision \u00e0 toutes les parties concern\u00e9es.<\/p>\n","protected":false},"excerpt":{"rendered":"Justice, B\u00e9nin &#8211; La Cour constitutionnelle du B\u00e9nin a rendu, le 27 mars 2025, la d\u00e9cision DC 25-099,&hellip;\n","protected":false},"author":4,"featured_media":10090,"comment_status":"open","ping_status":"open","sticky":false,"template":"elementor_theme","format":"standard","meta":{"csco_singular_sidebar":"","csco_page_header_type":"standard","csco_appearance_masonry":"","csco_page_load_nextpost":"","csco_post_video_location":[],"csco_post_video_location_hash":"","csco_post_video_url":"","csco_post_video_bg_start_time":0,"csco_post_video_bg_end_time":0,"footnotes":""},"categories":[191],"tags":[221,120],"class_list":{"0":"post-10814","1":"post","2":"type-post","3":"status-publish","4":"format-standard","5":"has-post-thumbnail","7":"category-en-savoir-plus-2","8":"tag-cour-constitutionnelle","9":"tag-ouidah","10":"cs-entry","11":"cs-video-wrap"},"yoast_head":"<!-- This site is optimized with the Yoast SEO plugin v27.4 - https:\/\/yoast.com\/product\/yoast-seo-wordpress\/ -->\n<title>Palais de Singbomey de Ouidah : Pourquoi la Cour refuse-t-elle de se prononcer sur la r\u00e9ouverture ? - LA MARINA BJ<\/title>\n<meta name=\"description\" content=\"Dans sa requ\u00eate \u00e0 la Cour constitutionnelle, il rappelle que sa nomination a \u00e9t\u00e9 contest\u00e9e par certains membres de sa famille, entra\u00eenant une s\u00e9rie de proc\u00e9dures judiciaires successives devant le tribunal de premi\u00e8re instance de deuxi\u00e8me classe de Ouidah, la Cour d\u2019appel de Cotonou et la Cour supr\u00eame.\" \/>\n<meta name=\"robots\" content=\"index, follow, max-snippet:-1, max-image-preview:large, max-video-preview:-1\" \/>\n<link rel=\"canonical\" href=\"https:\/\/lamarinabj.com\/index.php\/2025\/04\/03\/palais-de-singbomey-de-ouidah-pourquoi-la-cour-refuse-t-elle-de-se-prononcer-sur-la-reouverture\/\" \/>\n<meta property=\"og:locale\" content=\"fr_FR\" \/>\n<meta property=\"og:type\" content=\"article\" \/>\n<meta property=\"og:title\" content=\"Palais de Singbomey de Ouidah : Pourquoi la Cour refuse-t-elle de se prononcer sur la r\u00e9ouverture ? - LA MARINA BJ\" \/>\n<meta property=\"og:description\" content=\"Dans sa requ\u00eate \u00e0 la Cour constitutionnelle, il rappelle que sa nomination a \u00e9t\u00e9 contest\u00e9e par certains membres de sa famille, entra\u00eenant une s\u00e9rie de proc\u00e9dures judiciaires successives devant le tribunal de premi\u00e8re instance de deuxi\u00e8me classe de Ouidah, la Cour d\u2019appel de Cotonou et la Cour supr\u00eame.\" \/>\n<meta property=\"og:url\" content=\"https:\/\/lamarinabj.com\/index.php\/2025\/04\/03\/palais-de-singbomey-de-ouidah-pourquoi-la-cour-refuse-t-elle-de-se-prononcer-sur-la-reouverture\/\" \/>\n<meta property=\"og:site_name\" content=\"LA MARINA BJ\" \/>\n<meta property=\"article:published_time\" content=\"2025-04-03T10:00:00+00:00\" \/>\n<meta property=\"og:image\" content=\"https:\/\/lamarinabj.com\/wp-content\/uploads\/2025\/01\/20250130_084353_0000.jpg\" \/>\n\t<meta property=\"og:image:width\" content=\"400\" \/>\n\t<meta property=\"og:image:height\" content=\"287\" \/>\n\t<meta property=\"og:image:type\" content=\"image\/jpeg\" \/>\n<meta name=\"author\" content=\"La Marina BJ - Team Affaires Judiciaires\" \/>\n<meta name=\"twitter:card\" content=\"summary_large_image\" \/>\n<meta name=\"twitter:label1\" content=\"\u00c9crit par\" \/>\n\t<meta name=\"twitter:data1\" content=\"La Marina BJ - Team Affaires Judiciaires\" \/>\n\t<meta name=\"twitter:label2\" content=\"Dur\u00e9e de lecture estim\u00e9e\" \/>\n\t<meta name=\"twitter:data2\" content=\"3 minutes\" \/>\n<script type=\"application\/ld+json\" class=\"yoast-schema-graph\">{\"@context\":\"https:\\\/\\\/schema.org\",\"@graph\":[{\"@type\":\"NewsArticle\",\"@id\":\"https:\\\/\\\/lamarinabj.com\\\/index.php\\\/2025\\\/04\\\/03\\\/palais-de-singbomey-de-ouidah-pourquoi-la-cour-refuse-t-elle-de-se-prononcer-sur-la-reouverture\\\/#article\",\"isPartOf\":{\"@id\":\"https:\\\/\\\/lamarinabj.com\\\/index.php\\\/2025\\\/04\\\/03\\\/palais-de-singbomey-de-ouidah-pourquoi-la-cour-refuse-t-elle-de-se-prononcer-sur-la-reouverture\\\/\"},\"author\":{\"name\":\"La Marina BJ - Team Affaires Judiciaires\",\"@id\":\"https:\\\/\\\/lamarinabj.com\\\/#\\\/schema\\\/person\\\/e64c6145b3fb25d98218ef3bafce37de\"},\"headline\":\"Palais de Singbomey de Ouidah : Pourquoi la Cour refuse-t-elle de se prononcer sur la r\u00e9ouverture ?\",\"datePublished\":\"2025-04-03T10:00:00+00:00\",\"mainEntityOfPage\":{\"@id\":\"https:\\\/\\\/lamarinabj.com\\\/index.php\\\/2025\\\/04\\\/03\\\/palais-de-singbomey-de-ouidah-pourquoi-la-cour-refuse-t-elle-de-se-prononcer-sur-la-reouverture\\\/\"},\"wordCount\":613,\"commentCount\":0,\"image\":{\"@id\":\"https:\\\/\\\/lamarinabj.com\\\/index.php\\\/2025\\\/04\\\/03\\\/palais-de-singbomey-de-ouidah-pourquoi-la-cour-refuse-t-elle-de-se-prononcer-sur-la-reouverture\\\/#primaryimage\"},\"thumbnailUrl\":\"https:\\\/\\\/lamarinabj.com\\\/wp-content\\\/uploads\\\/2025\\\/01\\\/20250130_084353_0000.jpg\",\"keywords\":[\"Cour constitutionnelle\",\"Ouidah\"],\"articleSection\":[\"EN SAVOIR PLUS\"],\"inLanguage\":\"fr-FR\",\"potentialAction\":[{\"@type\":\"CommentAction\",\"name\":\"Comment\",\"target\":[\"https:\\\/\\\/lamarinabj.com\\\/index.php\\\/2025\\\/04\\\/03\\\/palais-de-singbomey-de-ouidah-pourquoi-la-cour-refuse-t-elle-de-se-prononcer-sur-la-reouverture\\\/#respond\"]}]},{\"@type\":[\"WebPage\",\"SearchResultsPage\"],\"@id\":\"https:\\\/\\\/lamarinabj.com\\\/index.php\\\/2025\\\/04\\\/03\\\/palais-de-singbomey-de-ouidah-pourquoi-la-cour-refuse-t-elle-de-se-prononcer-sur-la-reouverture\\\/\",\"url\":\"https:\\\/\\\/lamarinabj.com\\\/index.php\\\/2025\\\/04\\\/03\\\/palais-de-singbomey-de-ouidah-pourquoi-la-cour-refuse-t-elle-de-se-prononcer-sur-la-reouverture\\\/\",\"name\":\"Palais de Singbomey de Ouidah : Pourquoi la Cour refuse-t-elle de se prononcer sur la r\u00e9ouverture ? - LA MARINA BJ\",\"isPartOf\":{\"@id\":\"https:\\\/\\\/lamarinabj.com\\\/#website\"},\"primaryImageOfPage\":{\"@id\":\"https:\\\/\\\/lamarinabj.com\\\/index.php\\\/2025\\\/04\\\/03\\\/palais-de-singbomey-de-ouidah-pourquoi-la-cour-refuse-t-elle-de-se-prononcer-sur-la-reouverture\\\/#primaryimage\"},\"image\":{\"@id\":\"https:\\\/\\\/lamarinabj.com\\\/index.php\\\/2025\\\/04\\\/03\\\/palais-de-singbomey-de-ouidah-pourquoi-la-cour-refuse-t-elle-de-se-prononcer-sur-la-reouverture\\\/#primaryimage\"},\"thumbnailUrl\":\"https:\\\/\\\/lamarinabj.com\\\/wp-content\\\/uploads\\\/2025\\\/01\\\/20250130_084353_0000.jpg\",\"datePublished\":\"2025-04-03T10:00:00+00:00\",\"author\":{\"@id\":\"https:\\\/\\\/lamarinabj.com\\\/#\\\/schema\\\/person\\\/e64c6145b3fb25d98218ef3bafce37de\"},\"description\":\"Dans sa requ\u00eate \u00e0 la Cour constitutionnelle, il rappelle que sa nomination a \u00e9t\u00e9 contest\u00e9e par certains membres de sa famille, entra\u00eenant une s\u00e9rie de proc\u00e9dures judiciaires successives devant le tribunal de premi\u00e8re instance de deuxi\u00e8me classe de Ouidah, la Cour d\u2019appel de Cotonou et la Cour supr\u00eame.\",\"breadcrumb\":{\"@id\":\"https:\\\/\\\/lamarinabj.com\\\/index.php\\\/2025\\\/04\\\/03\\\/palais-de-singbomey-de-ouidah-pourquoi-la-cour-refuse-t-elle-de-se-prononcer-sur-la-reouverture\\\/#breadcrumb\"},\"inLanguage\":\"fr-FR\",\"potentialAction\":[{\"@type\":\"ReadAction\",\"target\":[\"https:\\\/\\\/lamarinabj.com\\\/index.php\\\/2025\\\/04\\\/03\\\/palais-de-singbomey-de-ouidah-pourquoi-la-cour-refuse-t-elle-de-se-prononcer-sur-la-reouverture\\\/\"]}]},{\"@type\":\"ImageObject\",\"inLanguage\":\"fr-FR\",\"@id\":\"https:\\\/\\\/lamarinabj.com\\\/index.php\\\/2025\\\/04\\\/03\\\/palais-de-singbomey-de-ouidah-pourquoi-la-cour-refuse-t-elle-de-se-prononcer-sur-la-reouverture\\\/#primaryimage\",\"url\":\"https:\\\/\\\/lamarinabj.com\\\/wp-content\\\/uploads\\\/2025\\\/01\\\/20250130_084353_0000.jpg\",\"contentUrl\":\"https:\\\/\\\/lamarinabj.com\\\/wp-content\\\/uploads\\\/2025\\\/01\\\/20250130_084353_0000.jpg\",\"width\":400,\"height\":287},{\"@type\":\"BreadcrumbList\",\"@id\":\"https:\\\/\\\/lamarinabj.com\\\/index.php\\\/2025\\\/04\\\/03\\\/palais-de-singbomey-de-ouidah-pourquoi-la-cour-refuse-t-elle-de-se-prononcer-sur-la-reouverture\\\/#breadcrumb\",\"itemListElement\":[{\"@type\":\"ListItem\",\"position\":1,\"name\":\"Accueil\",\"item\":\"https:\\\/\\\/lamarinabj.com\\\/\"},{\"@type\":\"ListItem\",\"position\":2,\"name\":\"Palais de Singbomey de Ouidah : Pourquoi la Cour refuse-t-elle de se prononcer sur la r\u00e9ouverture ?\"}]},{\"@type\":\"WebSite\",\"@id\":\"https:\\\/\\\/lamarinabj.com\\\/#website\",\"url\":\"https:\\\/\\\/lamarinabj.com\\\/\",\"name\":\"LA MARINA BJ\",\"description\":\"Votre portail vers l&#039;information strat\u00e9gique au B\u00e9nin, en Afrique et au-del\u00e0\",\"potentialAction\":[{\"@type\":\"SearchAction\",\"target\":{\"@type\":\"EntryPoint\",\"urlTemplate\":\"https:\\\/\\\/lamarinabj.com\\\/?s={search_term_string}\"},\"query-input\":{\"@type\":\"PropertyValueSpecification\",\"valueRequired\":true,\"valueName\":\"search_term_string\"}}],\"inLanguage\":\"fr-FR\"},{\"@type\":\"Person\",\"@id\":\"https:\\\/\\\/lamarinabj.com\\\/#\\\/schema\\\/person\\\/e64c6145b3fb25d98218ef3bafce37de\",\"name\":\"La Marina BJ - Team Affaires Judiciaires\",\"image\":{\"@type\":\"ImageObject\",\"inLanguage\":\"fr-FR\",\"@id\":\"https:\\\/\\\/secure.gravatar.com\\\/avatar\\\/dcd47faa85727203c51c1a84009b684b305ba179e4848c26009abb855df90961?s=96&d=mm&r=g\",\"url\":\"https:\\\/\\\/secure.gravatar.com\\\/avatar\\\/dcd47faa85727203c51c1a84009b684b305ba179e4848c26009abb855df90961?s=96&d=mm&r=g\",\"contentUrl\":\"https:\\\/\\\/secure.gravatar.com\\\/avatar\\\/dcd47faa85727203c51c1a84009b684b305ba179e4848c26009abb855df90961?s=96&d=mm&r=g\",\"caption\":\"La Marina BJ - Team Affaires Judiciaires\"},\"description\":\"Au c\u0153ur de l\u2019actualit\u00e9 juridico-\u00e9conomique, la Team Justice &amp; Affaires judiciaires de La Marina BJ s'affirme comme un p\u00f4le de r\u00e9f\u00e9rence dans la couverture des proc\u00e9dures judiciaires, des contentieux commerciaux et des d\u00e9cisions de justice \u00e0 fort impact strat\u00e9gique.\",\"url\":\"https:\\\/\\\/lamarinabj.com\\\/index.php\\\/author\\\/marc\\\/\"}]}<\/script>\n<!-- \/ Yoast SEO plugin. -->","yoast_head_json":{"title":"Palais de Singbomey de Ouidah : Pourquoi la Cour refuse-t-elle de se prononcer sur la r\u00e9ouverture ? - LA MARINA BJ","description":"Dans sa requ\u00eate \u00e0 la Cour constitutionnelle, il rappelle que sa nomination a \u00e9t\u00e9 contest\u00e9e par certains membres de sa famille, entra\u00eenant une s\u00e9rie de proc\u00e9dures judiciaires successives devant le tribunal de premi\u00e8re instance de deuxi\u00e8me classe de Ouidah, la Cour d\u2019appel de Cotonou et la Cour supr\u00eame.","robots":{"index":"index","follow":"follow","max-snippet":"max-snippet:-1","max-image-preview":"max-image-preview:large","max-video-preview":"max-video-preview:-1"},"canonical":"https:\/\/lamarinabj.com\/index.php\/2025\/04\/03\/palais-de-singbomey-de-ouidah-pourquoi-la-cour-refuse-t-elle-de-se-prononcer-sur-la-reouverture\/","og_locale":"fr_FR","og_type":"article","og_title":"Palais de Singbomey de Ouidah : Pourquoi la Cour refuse-t-elle de se prononcer sur la r\u00e9ouverture ? - LA MARINA BJ","og_description":"Dans sa requ\u00eate \u00e0 la Cour constitutionnelle, il rappelle que sa nomination a \u00e9t\u00e9 contest\u00e9e par certains membres de sa famille, entra\u00eenant une s\u00e9rie de proc\u00e9dures judiciaires successives devant le tribunal de premi\u00e8re instance de deuxi\u00e8me classe de Ouidah, la Cour d\u2019appel de Cotonou et la Cour supr\u00eame.","og_url":"https:\/\/lamarinabj.com\/index.php\/2025\/04\/03\/palais-de-singbomey-de-ouidah-pourquoi-la-cour-refuse-t-elle-de-se-prononcer-sur-la-reouverture\/","og_site_name":"LA MARINA BJ","article_published_time":"2025-04-03T10:00:00+00:00","og_image":[{"width":400,"height":287,"url":"https:\/\/lamarinabj.com\/wp-content\/uploads\/2025\/01\/20250130_084353_0000.jpg","type":"image\/jpeg"}],"author":"La Marina BJ - Team Affaires Judiciaires","twitter_card":"summary_large_image","twitter_misc":{"\u00c9crit par":"La Marina BJ - Team Affaires Judiciaires","Dur\u00e9e de lecture estim\u00e9e":"3 minutes"},"schema":{"@context":"https:\/\/schema.org","@graph":[{"@type":"NewsArticle","@id":"https:\/\/lamarinabj.com\/index.php\/2025\/04\/03\/palais-de-singbomey-de-ouidah-pourquoi-la-cour-refuse-t-elle-de-se-prononcer-sur-la-reouverture\/#article","isPartOf":{"@id":"https:\/\/lamarinabj.com\/index.php\/2025\/04\/03\/palais-de-singbomey-de-ouidah-pourquoi-la-cour-refuse-t-elle-de-se-prononcer-sur-la-reouverture\/"},"author":{"name":"La Marina BJ - Team Affaires Judiciaires","@id":"https:\/\/lamarinabj.com\/#\/schema\/person\/e64c6145b3fb25d98218ef3bafce37de"},"headline":"Palais de Singbomey de Ouidah : Pourquoi la Cour refuse-t-elle de se prononcer sur la r\u00e9ouverture ?","datePublished":"2025-04-03T10:00:00+00:00","mainEntityOfPage":{"@id":"https:\/\/lamarinabj.com\/index.php\/2025\/04\/03\/palais-de-singbomey-de-ouidah-pourquoi-la-cour-refuse-t-elle-de-se-prononcer-sur-la-reouverture\/"},"wordCount":613,"commentCount":0,"image":{"@id":"https:\/\/lamarinabj.com\/index.php\/2025\/04\/03\/palais-de-singbomey-de-ouidah-pourquoi-la-cour-refuse-t-elle-de-se-prononcer-sur-la-reouverture\/#primaryimage"},"thumbnailUrl":"https:\/\/lamarinabj.com\/wp-content\/uploads\/2025\/01\/20250130_084353_0000.jpg","keywords":["Cour constitutionnelle","Ouidah"],"articleSection":["EN SAVOIR PLUS"],"inLanguage":"fr-FR","potentialAction":[{"@type":"CommentAction","name":"Comment","target":["https:\/\/lamarinabj.com\/index.php\/2025\/04\/03\/palais-de-singbomey-de-ouidah-pourquoi-la-cour-refuse-t-elle-de-se-prononcer-sur-la-reouverture\/#respond"]}]},{"@type":["WebPage","SearchResultsPage"],"@id":"https:\/\/lamarinabj.com\/index.php\/2025\/04\/03\/palais-de-singbomey-de-ouidah-pourquoi-la-cour-refuse-t-elle-de-se-prononcer-sur-la-reouverture\/","url":"https:\/\/lamarinabj.com\/index.php\/2025\/04\/03\/palais-de-singbomey-de-ouidah-pourquoi-la-cour-refuse-t-elle-de-se-prononcer-sur-la-reouverture\/","name":"Palais de Singbomey de Ouidah : Pourquoi la Cour refuse-t-elle de se prononcer sur la r\u00e9ouverture ? - LA MARINA BJ","isPartOf":{"@id":"https:\/\/lamarinabj.com\/#website"},"primaryImageOfPage":{"@id":"https:\/\/lamarinabj.com\/index.php\/2025\/04\/03\/palais-de-singbomey-de-ouidah-pourquoi-la-cour-refuse-t-elle-de-se-prononcer-sur-la-reouverture\/#primaryimage"},"image":{"@id":"https:\/\/lamarinabj.com\/index.php\/2025\/04\/03\/palais-de-singbomey-de-ouidah-pourquoi-la-cour-refuse-t-elle-de-se-prononcer-sur-la-reouverture\/#primaryimage"},"thumbnailUrl":"https:\/\/lamarinabj.com\/wp-content\/uploads\/2025\/01\/20250130_084353_0000.jpg","datePublished":"2025-04-03T10:00:00+00:00","author":{"@id":"https:\/\/lamarinabj.com\/#\/schema\/person\/e64c6145b3fb25d98218ef3bafce37de"},"description":"Dans sa requ\u00eate \u00e0 la Cour constitutionnelle, il rappelle que sa nomination a \u00e9t\u00e9 contest\u00e9e par certains membres de sa famille, entra\u00eenant une s\u00e9rie de proc\u00e9dures judiciaires successives devant le tribunal de premi\u00e8re instance de deuxi\u00e8me classe de Ouidah, la Cour d\u2019appel de Cotonou et la Cour supr\u00eame.","breadcrumb":{"@id":"https:\/\/lamarinabj.com\/index.php\/2025\/04\/03\/palais-de-singbomey-de-ouidah-pourquoi-la-cour-refuse-t-elle-de-se-prononcer-sur-la-reouverture\/#breadcrumb"},"inLanguage":"fr-FR","potentialAction":[{"@type":"ReadAction","target":["https:\/\/lamarinabj.com\/index.php\/2025\/04\/03\/palais-de-singbomey-de-ouidah-pourquoi-la-cour-refuse-t-elle-de-se-prononcer-sur-la-reouverture\/"]}]},{"@type":"ImageObject","inLanguage":"fr-FR","@id":"https:\/\/lamarinabj.com\/index.php\/2025\/04\/03\/palais-de-singbomey-de-ouidah-pourquoi-la-cour-refuse-t-elle-de-se-prononcer-sur-la-reouverture\/#primaryimage","url":"https:\/\/lamarinabj.com\/wp-content\/uploads\/2025\/01\/20250130_084353_0000.jpg","contentUrl":"https:\/\/lamarinabj.com\/wp-content\/uploads\/2025\/01\/20250130_084353_0000.jpg","width":400,"height":287},{"@type":"BreadcrumbList","@id":"https:\/\/lamarinabj.com\/index.php\/2025\/04\/03\/palais-de-singbomey-de-ouidah-pourquoi-la-cour-refuse-t-elle-de-se-prononcer-sur-la-reouverture\/#breadcrumb","itemListElement":[{"@type":"ListItem","position":1,"name":"Accueil","item":"https:\/\/lamarinabj.com\/"},{"@type":"ListItem","position":2,"name":"Palais de Singbomey de Ouidah : Pourquoi la Cour refuse-t-elle de se prononcer sur la r\u00e9ouverture ?"}]},{"@type":"WebSite","@id":"https:\/\/lamarinabj.com\/#website","url":"https:\/\/lamarinabj.com\/","name":"LA MARINA BJ","description":"Votre portail vers l&#039;information strat\u00e9gique au B\u00e9nin, en Afrique et au-del\u00e0","potentialAction":[{"@type":"SearchAction","target":{"@type":"EntryPoint","urlTemplate":"https:\/\/lamarinabj.com\/?s={search_term_string}"},"query-input":{"@type":"PropertyValueSpecification","valueRequired":true,"valueName":"search_term_string"}}],"inLanguage":"fr-FR"},{"@type":"Person","@id":"https:\/\/lamarinabj.com\/#\/schema\/person\/e64c6145b3fb25d98218ef3bafce37de","name":"La Marina BJ - Team Affaires Judiciaires","image":{"@type":"ImageObject","inLanguage":"fr-FR","@id":"https:\/\/secure.gravatar.com\/avatar\/dcd47faa85727203c51c1a84009b684b305ba179e4848c26009abb855df90961?s=96&d=mm&r=g","url":"https:\/\/secure.gravatar.com\/avatar\/dcd47faa85727203c51c1a84009b684b305ba179e4848c26009abb855df90961?s=96&d=mm&r=g","contentUrl":"https:\/\/secure.gravatar.com\/avatar\/dcd47faa85727203c51c1a84009b684b305ba179e4848c26009abb855df90961?s=96&d=mm&r=g","caption":"La Marina BJ - Team Affaires Judiciaires"},"description":"Au c\u0153ur de l\u2019actualit\u00e9 juridico-\u00e9conomique, la Team Justice &amp; Affaires judiciaires de La Marina BJ s'affirme comme un p\u00f4le de r\u00e9f\u00e9rence dans la couverture des proc\u00e9dures judiciaires, des contentieux commerciaux et des d\u00e9cisions de justice \u00e0 fort impact strat\u00e9gique.","url":"https:\/\/lamarinabj.com\/index.php\/author\/marc\/"}]}},"_links":{"self":[{"href":"https:\/\/lamarinabj.com\/index.php\/wp-json\/wp\/v2\/posts\/10814","targetHints":{"allow":["GET"]}}],"collection":[{"href":"https:\/\/lamarinabj.com\/index.php\/wp-json\/wp\/v2\/posts"}],"about":[{"href":"https:\/\/lamarinabj.com\/index.php\/wp-json\/wp\/v2\/types\/post"}],"author":[{"embeddable":true,"href":"https:\/\/lamarinabj.com\/index.php\/wp-json\/wp\/v2\/users\/4"}],"replies":[{"embeddable":true,"href":"https:\/\/lamarinabj.com\/index.php\/wp-json\/wp\/v2\/comments?post=10814"}],"version-history":[{"count":1,"href":"https:\/\/lamarinabj.com\/index.php\/wp-json\/wp\/v2\/posts\/10814\/revisions"}],"predecessor-version":[{"id":10815,"href":"https:\/\/lamarinabj.com\/index.php\/wp-json\/wp\/v2\/posts\/10814\/revisions\/10815"}],"wp:featuredmedia":[{"embeddable":true,"href":"https:\/\/lamarinabj.com\/index.php\/wp-json\/wp\/v2\/media\/10090"}],"wp:attachment":[{"href":"https:\/\/lamarinabj.com\/index.php\/wp-json\/wp\/v2\/media?parent=10814"}],"wp:term":[{"taxonomy":"category","embeddable":true,"href":"https:\/\/lamarinabj.com\/index.php\/wp-json\/wp\/v2\/categories?post=10814"},{"taxonomy":"post_tag","embeddable":true,"href":"https:\/\/lamarinabj.com\/index.php\/wp-json\/wp\/v2\/tags?post=10814"}],"curies":[{"name":"wp","href":"https:\/\/api.w.org\/{rel}","templated":true}]}}