{"id":10847,"date":"2025-05-08T10:18:00","date_gmt":"2025-05-08T09:18:00","guid":{"rendered":"https:\/\/lamarinabj.com\/?p=10847"},"modified":"2025-05-08T08:45:04","modified_gmt":"2025-05-08T07:45:04","slug":"benin-gouvernance-locale-komi-biaou-evince-de-la-tete-du-secretariat-executif-de-tanguieta","status":"publish","type":"post","link":"https:\/\/lamarinabj.com\/index.php\/2025\/05\/08\/benin-gouvernance-locale-komi-biaou-evince-de-la-tete-du-secretariat-executif-de-tanguieta\/","title":{"rendered":"B\u00e9nin \u2013 Gouvernance locale : Komi Biaou \u00e9vinc\u00e9 de la t\u00eate du Secr\u00e9tariat ex\u00e9cutif de Tangui\u00e9ta"},"content":{"rendered":"\n<p><strong><mark style=\"background-color:rgba(0, 0, 0, 0)\" class=\"has-inline-color has-red-color\">Gouvernance, B\u00e9nin <\/mark><\/strong>&#8211; <strong><em>Trois ans apr\u00e8s son entr\u00e9e en fonction, Komi Biaou a \u00e9t\u00e9 d\u00e9mis de ses fonctions de Secr\u00e9taire ex\u00e9cutif de la mairie de Tangui\u00e9ta. R\u00e9uni le 6 mai 2025, le Conseil de supervision communal a vot\u00e9 \u00e0 l\u2019unanimit\u00e9 sa r\u00e9vocation, ent\u00e9rin\u00e9e le lendemain par un arr\u00eat\u00e9 pr\u00e9fectoral sign\u00e9 par D\u00e9r\u00e9 Lydie Chabi Nah, pr\u00e9f\u00e8te du d\u00e9partement de l\u2019Atacora.<\/em><\/strong><\/p>\n\n\n\n<p>En cause, selon des informations rapport\u00e9es par le quotidien Le Matinal,une accumulation de contre-performances qui ont progressivement \u00e9rod\u00e9 la confiance des autorit\u00e9s locales. Faible mobilisation des ressources fiscales, absence de r\u00e9sultats concrets et pilotage jug\u00e9 en d\u00e9calage avec les objectifs de d\u00e9part : les griefs formul\u00e9s par le Conseil de supervision ont pes\u00e9 lourd. Install\u00e9 en avril 2022 avec pour ambition de hisser Tangui\u00e9ta parmi les communes interm\u00e9diaires, Komi Biaou n\u2019a pas su concr\u00e9tiser les promesses formul\u00e9es \u00e0 son arriv\u00e9e.<\/p>\n\n\n\n<h2 id=\"fonction-a-fort-enjeu\" class=\"wp-block-heading\"><mark style=\"background-color:rgba(0, 0, 0, 0)\" class=\"has-inline-color has-red-color\">Fonction \u00e0 fort enjeu<br><\/mark><\/h2>\n\n\n\n<p>Cette d\u00e9cision intervient dans un contexte o\u00f9 les exigences de performance et de redevabilit\u00e9 deviennent de plus en plus centrales dans la gouvernance locale au B\u00e9nin. Le poste de Secr\u00e9taire Ex\u00e9cutif, introduit dans le cadre de la r\u00e9forme structurelle des communes, est cens\u00e9 incarner une administration apolitique, techniquement comp\u00e9tente et orient\u00e9e r\u00e9sultats. L\u2019\u00e9viction de Komi Biaou illustre ainsi une volont\u00e9 croissante de faire de ces fonctions un levier de transformation plut\u00f4t qu\u2019un simple rouage administratif.<\/p>\n\n\n\n<p>En attendant la d\u00e9signation de son successeur \u2014 un processus qui passera par un tirage au sort supervis\u00e9 par la Cellule de suivi et de contr\u00f4le de la gestion des communes \u2014, c\u2019est toute la strat\u00e9gie de d\u00e9veloppement local de Tangui\u00e9ta qui semble aujourd\u2019hui en suspens. Reste \u00e0 savoir si le prochain titulaire du poste parviendra \u00e0 concilier attentes politiques, pression de r\u00e9sultats et besoins urgents de la population dans cette commune situ\u00e9e aux portes du parc de la Pendjari.<\/p>\n","protected":false},"excerpt":{"rendered":"Gouvernance, B\u00e9nin &#8211; Trois ans apr\u00e8s son entr\u00e9e en fonction, Komi Biaou a \u00e9t\u00e9 d\u00e9mis de ses fonctions&hellip;\n","protected":false},"author":9,"featured_media":10848,"comment_status":"open","ping_status":"open","sticky":false,"template":"elementor_theme","format":"standard","meta":{"csco_singular_sidebar":"","csco_page_header_type":"standard","csco_appearance_masonry":"","csco_page_load_nextpost":"","csco_post_video_location":[],"csco_post_video_location_hash":"","csco_post_video_url":"","csco_post_video_bg_start_time":0,"csco_post_video_bg_end_time":0,"footnotes":""},"categories":[45,239],"tags":[41,1541],"class_list":{"0":"post-10847","1":"post","2":"type-post","3":"status-publish","4":"format-standard","5":"has-post-thumbnail","7":"category-gouvernance","8":"category-levenement-2","9":"tag-benin","10":"tag-tanguieta","11":"cs-entry","12":"cs-video-wrap"},"yoast_head":"<!-- This site is optimized with the Yoast SEO plugin v27.4 - https:\/\/yoast.com\/product\/yoast-seo-wordpress\/ -->\n<title>B\u00e9nin \u2013 Gouvernance locale : Komi Biaou \u00e9vinc\u00e9 de la t\u00eate du Secr\u00e9tariat ex\u00e9cutif de Tangui\u00e9ta - LA MARINA BJ<\/title>\n<meta name=\"description\" content=\"Trois ans apr\u00e8s son entr\u00e9e en fonction, Komi Biaou a \u00e9t\u00e9 d\u00e9mis de ses fonctions de Secr\u00e9taire ex\u00e9cutif de la mairie de Tangui\u00e9ta. R\u00e9uni le 6 mai 2025, le Conseil de supervision communal a vot\u00e9 \u00e0 l\u2019unanimit\u00e9 sa r\u00e9vocation, ent\u00e9rin\u00e9e le lendemain par un arr\u00eat\u00e9 pr\u00e9fectoral sign\u00e9 par D\u00e9r\u00e9 Lydie Chabi Nah, pr\u00e9f\u00e8te du d\u00e9partement de l\u2019Atacora.\" \/>\n<meta name=\"robots\" content=\"index, follow, max-snippet:-1, max-image-preview:large, max-video-preview:-1\" \/>\n<link rel=\"canonical\" href=\"https:\/\/lamarinabj.com\/index.php\/2025\/05\/08\/benin-gouvernance-locale-komi-biaou-evince-de-la-tete-du-secretariat-executif-de-tanguieta\/\" \/>\n<meta property=\"og:locale\" content=\"fr_FR\" \/>\n<meta property=\"og:type\" content=\"article\" \/>\n<meta property=\"og:title\" content=\"B\u00e9nin \u2013 Gouvernance locale : Komi Biaou \u00e9vinc\u00e9 de la t\u00eate du Secr\u00e9tariat ex\u00e9cutif de Tangui\u00e9ta - LA MARINA BJ\" \/>\n<meta property=\"og:description\" content=\"Trois ans apr\u00e8s son entr\u00e9e en fonction, Komi Biaou a \u00e9t\u00e9 d\u00e9mis de ses fonctions de Secr\u00e9taire ex\u00e9cutif de la mairie de Tangui\u00e9ta. R\u00e9uni le 6 mai 2025, le Conseil de supervision communal a vot\u00e9 \u00e0 l\u2019unanimit\u00e9 sa r\u00e9vocation, ent\u00e9rin\u00e9e le lendemain par un arr\u00eat\u00e9 pr\u00e9fectoral sign\u00e9 par D\u00e9r\u00e9 Lydie Chabi Nah, pr\u00e9f\u00e8te du d\u00e9partement de l\u2019Atacora.\" \/>\n<meta property=\"og:url\" content=\"https:\/\/lamarinabj.com\/index.php\/2025\/05\/08\/benin-gouvernance-locale-komi-biaou-evince-de-la-tete-du-secretariat-executif-de-tanguieta\/\" \/>\n<meta property=\"og:site_name\" content=\"LA MARINA BJ\" \/>\n<meta property=\"article:published_time\" content=\"2025-05-08T09:18:00+00:00\" \/>\n<meta property=\"og:image\" content=\"https:\/\/lamarinabj.com\/wp-content\/uploads\/2025\/05\/20250508_084435_0000.jpg\" \/>\n\t<meta property=\"og:image:width\" content=\"960\" \/>\n\t<meta property=\"og:image:height\" content=\"480\" \/>\n\t<meta property=\"og:image:type\" content=\"image\/jpeg\" \/>\n<meta name=\"author\" content=\"La Marina BJ - Team Politique &amp; Gouvernance\" \/>\n<meta name=\"twitter:card\" content=\"summary_large_image\" \/>\n<meta name=\"twitter:label1\" content=\"\u00c9crit par\" \/>\n\t<meta name=\"twitter:data1\" content=\"La Marina BJ - Team Politique &amp; Gouvernance\" \/>\n\t<meta name=\"twitter:label2\" content=\"Dur\u00e9e de lecture estim\u00e9e\" \/>\n\t<meta name=\"twitter:data2\" content=\"2 minutes\" \/>\n<script type=\"application\/ld+json\" class=\"yoast-schema-graph\">{\"@context\":\"https:\\\/\\\/schema.org\",\"@graph\":[{\"@type\":\"NewsArticle\",\"@id\":\"https:\\\/\\\/lamarinabj.com\\\/index.php\\\/2025\\\/05\\\/08\\\/benin-gouvernance-locale-komi-biaou-evince-de-la-tete-du-secretariat-executif-de-tanguieta\\\/#article\",\"isPartOf\":{\"@id\":\"https:\\\/\\\/lamarinabj.com\\\/index.php\\\/2025\\\/05\\\/08\\\/benin-gouvernance-locale-komi-biaou-evince-de-la-tete-du-secretariat-executif-de-tanguieta\\\/\"},\"author\":{\"name\":\"La Marina BJ - Team Politique &amp; Gouvernance\",\"@id\":\"https:\\\/\\\/lamarinabj.com\\\/#\\\/schema\\\/person\\\/402e6a9448a09031724da97f9dae67e8\"},\"headline\":\"B\u00e9nin \u2013 Gouvernance locale : Komi Biaou \u00e9vinc\u00e9 de la t\u00eate du Secr\u00e9tariat ex\u00e9cutif de Tangui\u00e9ta\",\"datePublished\":\"2025-05-08T09:18:00+00:00\",\"mainEntityOfPage\":{\"@id\":\"https:\\\/\\\/lamarinabj.com\\\/index.php\\\/2025\\\/05\\\/08\\\/benin-gouvernance-locale-komi-biaou-evince-de-la-tete-du-secretariat-executif-de-tanguieta\\\/\"},\"wordCount\":359,\"commentCount\":0,\"image\":{\"@id\":\"https:\\\/\\\/lamarinabj.com\\\/index.php\\\/2025\\\/05\\\/08\\\/benin-gouvernance-locale-komi-biaou-evince-de-la-tete-du-secretariat-executif-de-tanguieta\\\/#primaryimage\"},\"thumbnailUrl\":\"https:\\\/\\\/lamarinabj.com\\\/wp-content\\\/uploads\\\/2025\\\/05\\\/20250508_084435_0000.jpg\",\"keywords\":[\"B\u00e9nin\",\"Tangui\u00e9ta\"],\"articleSection\":[\"GOUVERNANCE\",\"L'\u00c9V\u00c9NEMENT\"],\"inLanguage\":\"fr-FR\",\"potentialAction\":[{\"@type\":\"CommentAction\",\"name\":\"Comment\",\"target\":[\"https:\\\/\\\/lamarinabj.com\\\/index.php\\\/2025\\\/05\\\/08\\\/benin-gouvernance-locale-komi-biaou-evince-de-la-tete-du-secretariat-executif-de-tanguieta\\\/#respond\"]}]},{\"@type\":[\"WebPage\",\"SearchResultsPage\"],\"@id\":\"https:\\\/\\\/lamarinabj.com\\\/index.php\\\/2025\\\/05\\\/08\\\/benin-gouvernance-locale-komi-biaou-evince-de-la-tete-du-secretariat-executif-de-tanguieta\\\/\",\"url\":\"https:\\\/\\\/lamarinabj.com\\\/index.php\\\/2025\\\/05\\\/08\\\/benin-gouvernance-locale-komi-biaou-evince-de-la-tete-du-secretariat-executif-de-tanguieta\\\/\",\"name\":\"B\u00e9nin \u2013 Gouvernance locale : Komi Biaou \u00e9vinc\u00e9 de la t\u00eate du Secr\u00e9tariat ex\u00e9cutif de Tangui\u00e9ta - LA MARINA BJ\",\"isPartOf\":{\"@id\":\"https:\\\/\\\/lamarinabj.com\\\/#website\"},\"primaryImageOfPage\":{\"@id\":\"https:\\\/\\\/lamarinabj.com\\\/index.php\\\/2025\\\/05\\\/08\\\/benin-gouvernance-locale-komi-biaou-evince-de-la-tete-du-secretariat-executif-de-tanguieta\\\/#primaryimage\"},\"image\":{\"@id\":\"https:\\\/\\\/lamarinabj.com\\\/index.php\\\/2025\\\/05\\\/08\\\/benin-gouvernance-locale-komi-biaou-evince-de-la-tete-du-secretariat-executif-de-tanguieta\\\/#primaryimage\"},\"thumbnailUrl\":\"https:\\\/\\\/lamarinabj.com\\\/wp-content\\\/uploads\\\/2025\\\/05\\\/20250508_084435_0000.jpg\",\"datePublished\":\"2025-05-08T09:18:00+00:00\",\"author\":{\"@id\":\"https:\\\/\\\/lamarinabj.com\\\/#\\\/schema\\\/person\\\/402e6a9448a09031724da97f9dae67e8\"},\"description\":\"Trois ans apr\u00e8s son entr\u00e9e en fonction, Komi Biaou a \u00e9t\u00e9 d\u00e9mis de ses fonctions de Secr\u00e9taire ex\u00e9cutif de la mairie de Tangui\u00e9ta. R\u00e9uni le 6 mai 2025, le Conseil de supervision communal a vot\u00e9 \u00e0 l\u2019unanimit\u00e9 sa r\u00e9vocation, ent\u00e9rin\u00e9e le lendemain par un arr\u00eat\u00e9 pr\u00e9fectoral sign\u00e9 par D\u00e9r\u00e9 Lydie Chabi Nah, pr\u00e9f\u00e8te du d\u00e9partement de l\u2019Atacora.\",\"breadcrumb\":{\"@id\":\"https:\\\/\\\/lamarinabj.com\\\/index.php\\\/2025\\\/05\\\/08\\\/benin-gouvernance-locale-komi-biaou-evince-de-la-tete-du-secretariat-executif-de-tanguieta\\\/#breadcrumb\"},\"inLanguage\":\"fr-FR\",\"potentialAction\":[{\"@type\":\"ReadAction\",\"target\":[\"https:\\\/\\\/lamarinabj.com\\\/index.php\\\/2025\\\/05\\\/08\\\/benin-gouvernance-locale-komi-biaou-evince-de-la-tete-du-secretariat-executif-de-tanguieta\\\/\"]}]},{\"@type\":\"ImageObject\",\"inLanguage\":\"fr-FR\",\"@id\":\"https:\\\/\\\/lamarinabj.com\\\/index.php\\\/2025\\\/05\\\/08\\\/benin-gouvernance-locale-komi-biaou-evince-de-la-tete-du-secretariat-executif-de-tanguieta\\\/#primaryimage\",\"url\":\"https:\\\/\\\/lamarinabj.com\\\/wp-content\\\/uploads\\\/2025\\\/05\\\/20250508_084435_0000.jpg\",\"contentUrl\":\"https:\\\/\\\/lamarinabj.com\\\/wp-content\\\/uploads\\\/2025\\\/05\\\/20250508_084435_0000.jpg\",\"width\":960,\"height\":480},{\"@type\":\"BreadcrumbList\",\"@id\":\"https:\\\/\\\/lamarinabj.com\\\/index.php\\\/2025\\\/05\\\/08\\\/benin-gouvernance-locale-komi-biaou-evince-de-la-tete-du-secretariat-executif-de-tanguieta\\\/#breadcrumb\",\"itemListElement\":[{\"@type\":\"ListItem\",\"position\":1,\"name\":\"Accueil\",\"item\":\"https:\\\/\\\/lamarinabj.com\\\/\"},{\"@type\":\"ListItem\",\"position\":2,\"name\":\"B\u00e9nin \u2013 Gouvernance locale : Komi Biaou \u00e9vinc\u00e9 de la t\u00eate du Secr\u00e9tariat ex\u00e9cutif de Tangui\u00e9ta\"}]},{\"@type\":\"WebSite\",\"@id\":\"https:\\\/\\\/lamarinabj.com\\\/#website\",\"url\":\"https:\\\/\\\/lamarinabj.com\\\/\",\"name\":\"LA MARINA BJ\",\"description\":\"Votre portail vers l&#039;information strat\u00e9gique au B\u00e9nin, en Afrique et au-del\u00e0\",\"potentialAction\":[{\"@type\":\"SearchAction\",\"target\":{\"@type\":\"EntryPoint\",\"urlTemplate\":\"https:\\\/\\\/lamarinabj.com\\\/?s={search_term_string}\"},\"query-input\":{\"@type\":\"PropertyValueSpecification\",\"valueRequired\":true,\"valueName\":\"search_term_string\"}}],\"inLanguage\":\"fr-FR\"},{\"@type\":\"Person\",\"@id\":\"https:\\\/\\\/lamarinabj.com\\\/#\\\/schema\\\/person\\\/402e6a9448a09031724da97f9dae67e8\",\"name\":\"La Marina BJ - Team Politique &amp; Gouvernance\",\"image\":{\"@type\":\"ImageObject\",\"inLanguage\":\"fr-FR\",\"@id\":\"https:\\\/\\\/secure.gravatar.com\\\/avatar\\\/fd9545dd7863c2f40d7696b9bb5d085e4615baa276d5cd3e6a5a3bbc53bfae6e?s=96&d=mm&r=g\",\"url\":\"https:\\\/\\\/secure.gravatar.com\\\/avatar\\\/fd9545dd7863c2f40d7696b9bb5d085e4615baa276d5cd3e6a5a3bbc53bfae6e?s=96&d=mm&r=g\",\"contentUrl\":\"https:\\\/\\\/secure.gravatar.com\\\/avatar\\\/fd9545dd7863c2f40d7696b9bb5d085e4615baa276d5cd3e6a5a3bbc53bfae6e?s=96&d=mm&r=g\",\"caption\":\"La Marina BJ - Team Politique &amp; Gouvernance\"},\"description\":\"La Team Politique &amp; Gouvernance de La Marina BJ est au c\u0153ur de l\u2019analyse des enjeux politiques, institutionnels et de gouvernance au B\u00e9nin et en Afrique. Compos\u00e9e de journalistes sp\u00e9cialis\u00e9s en affaires publiques et en politique, cette \u00e9quipe s\u2019attache \u00e0 d\u00e9crypter les d\u00e9cisions politiques, \u00e0 suivre l\u2019\u00e9volution des r\u00e9formes institutionnelles, et \u00e0 analyser les dynamiques de pouvoir au sein des institutions nationales et internationales.\",\"url\":\"https:\\\/\\\/lamarinabj.com\\\/index.php\\\/author\\\/adimi\\\/\"}]}<\/script>\n<!-- \/ Yoast SEO plugin. -->","yoast_head_json":{"title":"B\u00e9nin \u2013 Gouvernance locale : Komi Biaou \u00e9vinc\u00e9 de la t\u00eate du Secr\u00e9tariat ex\u00e9cutif de Tangui\u00e9ta - LA MARINA BJ","description":"Trois ans apr\u00e8s son entr\u00e9e en fonction, Komi Biaou a \u00e9t\u00e9 d\u00e9mis de ses fonctions de Secr\u00e9taire ex\u00e9cutif de la mairie de Tangui\u00e9ta. R\u00e9uni le 6 mai 2025, le Conseil de supervision communal a vot\u00e9 \u00e0 l\u2019unanimit\u00e9 sa r\u00e9vocation, ent\u00e9rin\u00e9e le lendemain par un arr\u00eat\u00e9 pr\u00e9fectoral sign\u00e9 par D\u00e9r\u00e9 Lydie Chabi Nah, pr\u00e9f\u00e8te du d\u00e9partement de l\u2019Atacora.","robots":{"index":"index","follow":"follow","max-snippet":"max-snippet:-1","max-image-preview":"max-image-preview:large","max-video-preview":"max-video-preview:-1"},"canonical":"https:\/\/lamarinabj.com\/index.php\/2025\/05\/08\/benin-gouvernance-locale-komi-biaou-evince-de-la-tete-du-secretariat-executif-de-tanguieta\/","og_locale":"fr_FR","og_type":"article","og_title":"B\u00e9nin \u2013 Gouvernance locale : Komi Biaou \u00e9vinc\u00e9 de la t\u00eate du Secr\u00e9tariat ex\u00e9cutif de Tangui\u00e9ta - LA MARINA BJ","og_description":"Trois ans apr\u00e8s son entr\u00e9e en fonction, Komi Biaou a \u00e9t\u00e9 d\u00e9mis de ses fonctions de Secr\u00e9taire ex\u00e9cutif de la mairie de Tangui\u00e9ta. R\u00e9uni le 6 mai 2025, le Conseil de supervision communal a vot\u00e9 \u00e0 l\u2019unanimit\u00e9 sa r\u00e9vocation, ent\u00e9rin\u00e9e le lendemain par un arr\u00eat\u00e9 pr\u00e9fectoral sign\u00e9 par D\u00e9r\u00e9 Lydie Chabi Nah, pr\u00e9f\u00e8te du d\u00e9partement de l\u2019Atacora.","og_url":"https:\/\/lamarinabj.com\/index.php\/2025\/05\/08\/benin-gouvernance-locale-komi-biaou-evince-de-la-tete-du-secretariat-executif-de-tanguieta\/","og_site_name":"LA MARINA BJ","article_published_time":"2025-05-08T09:18:00+00:00","og_image":[{"width":960,"height":480,"url":"https:\/\/lamarinabj.com\/wp-content\/uploads\/2025\/05\/20250508_084435_0000.jpg","type":"image\/jpeg"}],"author":"La Marina BJ - Team Politique &amp; Gouvernance","twitter_card":"summary_large_image","twitter_misc":{"\u00c9crit par":"La Marina BJ - Team Politique &amp; Gouvernance","Dur\u00e9e de lecture estim\u00e9e":"2 minutes"},"schema":{"@context":"https:\/\/schema.org","@graph":[{"@type":"NewsArticle","@id":"https:\/\/lamarinabj.com\/index.php\/2025\/05\/08\/benin-gouvernance-locale-komi-biaou-evince-de-la-tete-du-secretariat-executif-de-tanguieta\/#article","isPartOf":{"@id":"https:\/\/lamarinabj.com\/index.php\/2025\/05\/08\/benin-gouvernance-locale-komi-biaou-evince-de-la-tete-du-secretariat-executif-de-tanguieta\/"},"author":{"name":"La Marina BJ - Team Politique &amp; Gouvernance","@id":"https:\/\/lamarinabj.com\/#\/schema\/person\/402e6a9448a09031724da97f9dae67e8"},"headline":"B\u00e9nin \u2013 Gouvernance locale : Komi Biaou \u00e9vinc\u00e9 de la t\u00eate du Secr\u00e9tariat ex\u00e9cutif de Tangui\u00e9ta","datePublished":"2025-05-08T09:18:00+00:00","mainEntityOfPage":{"@id":"https:\/\/lamarinabj.com\/index.php\/2025\/05\/08\/benin-gouvernance-locale-komi-biaou-evince-de-la-tete-du-secretariat-executif-de-tanguieta\/"},"wordCount":359,"commentCount":0,"image":{"@id":"https:\/\/lamarinabj.com\/index.php\/2025\/05\/08\/benin-gouvernance-locale-komi-biaou-evince-de-la-tete-du-secretariat-executif-de-tanguieta\/#primaryimage"},"thumbnailUrl":"https:\/\/lamarinabj.com\/wp-content\/uploads\/2025\/05\/20250508_084435_0000.jpg","keywords":["B\u00e9nin","Tangui\u00e9ta"],"articleSection":["GOUVERNANCE","L'\u00c9V\u00c9NEMENT"],"inLanguage":"fr-FR","potentialAction":[{"@type":"CommentAction","name":"Comment","target":["https:\/\/lamarinabj.com\/index.php\/2025\/05\/08\/benin-gouvernance-locale-komi-biaou-evince-de-la-tete-du-secretariat-executif-de-tanguieta\/#respond"]}]},{"@type":["WebPage","SearchResultsPage"],"@id":"https:\/\/lamarinabj.com\/index.php\/2025\/05\/08\/benin-gouvernance-locale-komi-biaou-evince-de-la-tete-du-secretariat-executif-de-tanguieta\/","url":"https:\/\/lamarinabj.com\/index.php\/2025\/05\/08\/benin-gouvernance-locale-komi-biaou-evince-de-la-tete-du-secretariat-executif-de-tanguieta\/","name":"B\u00e9nin \u2013 Gouvernance locale : Komi Biaou \u00e9vinc\u00e9 de la t\u00eate du Secr\u00e9tariat ex\u00e9cutif de Tangui\u00e9ta - LA MARINA BJ","isPartOf":{"@id":"https:\/\/lamarinabj.com\/#website"},"primaryImageOfPage":{"@id":"https:\/\/lamarinabj.com\/index.php\/2025\/05\/08\/benin-gouvernance-locale-komi-biaou-evince-de-la-tete-du-secretariat-executif-de-tanguieta\/#primaryimage"},"image":{"@id":"https:\/\/lamarinabj.com\/index.php\/2025\/05\/08\/benin-gouvernance-locale-komi-biaou-evince-de-la-tete-du-secretariat-executif-de-tanguieta\/#primaryimage"},"thumbnailUrl":"https:\/\/lamarinabj.com\/wp-content\/uploads\/2025\/05\/20250508_084435_0000.jpg","datePublished":"2025-05-08T09:18:00+00:00","author":{"@id":"https:\/\/lamarinabj.com\/#\/schema\/person\/402e6a9448a09031724da97f9dae67e8"},"description":"Trois ans apr\u00e8s son entr\u00e9e en fonction, Komi Biaou a \u00e9t\u00e9 d\u00e9mis de ses fonctions de Secr\u00e9taire ex\u00e9cutif de la mairie de Tangui\u00e9ta. R\u00e9uni le 6 mai 2025, le Conseil de supervision communal a vot\u00e9 \u00e0 l\u2019unanimit\u00e9 sa r\u00e9vocation, ent\u00e9rin\u00e9e le lendemain par un arr\u00eat\u00e9 pr\u00e9fectoral sign\u00e9 par D\u00e9r\u00e9 Lydie Chabi Nah, pr\u00e9f\u00e8te du d\u00e9partement de l\u2019Atacora.","breadcrumb":{"@id":"https:\/\/lamarinabj.com\/index.php\/2025\/05\/08\/benin-gouvernance-locale-komi-biaou-evince-de-la-tete-du-secretariat-executif-de-tanguieta\/#breadcrumb"},"inLanguage":"fr-FR","potentialAction":[{"@type":"ReadAction","target":["https:\/\/lamarinabj.com\/index.php\/2025\/05\/08\/benin-gouvernance-locale-komi-biaou-evince-de-la-tete-du-secretariat-executif-de-tanguieta\/"]}]},{"@type":"ImageObject","inLanguage":"fr-FR","@id":"https:\/\/lamarinabj.com\/index.php\/2025\/05\/08\/benin-gouvernance-locale-komi-biaou-evince-de-la-tete-du-secretariat-executif-de-tanguieta\/#primaryimage","url":"https:\/\/lamarinabj.com\/wp-content\/uploads\/2025\/05\/20250508_084435_0000.jpg","contentUrl":"https:\/\/lamarinabj.com\/wp-content\/uploads\/2025\/05\/20250508_084435_0000.jpg","width":960,"height":480},{"@type":"BreadcrumbList","@id":"https:\/\/lamarinabj.com\/index.php\/2025\/05\/08\/benin-gouvernance-locale-komi-biaou-evince-de-la-tete-du-secretariat-executif-de-tanguieta\/#breadcrumb","itemListElement":[{"@type":"ListItem","position":1,"name":"Accueil","item":"https:\/\/lamarinabj.com\/"},{"@type":"ListItem","position":2,"name":"B\u00e9nin \u2013 Gouvernance locale : Komi Biaou \u00e9vinc\u00e9 de la t\u00eate du Secr\u00e9tariat ex\u00e9cutif de Tangui\u00e9ta"}]},{"@type":"WebSite","@id":"https:\/\/lamarinabj.com\/#website","url":"https:\/\/lamarinabj.com\/","name":"LA MARINA BJ","description":"Votre portail vers l&#039;information strat\u00e9gique au B\u00e9nin, en Afrique et au-del\u00e0","potentialAction":[{"@type":"SearchAction","target":{"@type":"EntryPoint","urlTemplate":"https:\/\/lamarinabj.com\/?s={search_term_string}"},"query-input":{"@type":"PropertyValueSpecification","valueRequired":true,"valueName":"search_term_string"}}],"inLanguage":"fr-FR"},{"@type":"Person","@id":"https:\/\/lamarinabj.com\/#\/schema\/person\/402e6a9448a09031724da97f9dae67e8","name":"La Marina BJ - Team Politique &amp; Gouvernance","image":{"@type":"ImageObject","inLanguage":"fr-FR","@id":"https:\/\/secure.gravatar.com\/avatar\/fd9545dd7863c2f40d7696b9bb5d085e4615baa276d5cd3e6a5a3bbc53bfae6e?s=96&d=mm&r=g","url":"https:\/\/secure.gravatar.com\/avatar\/fd9545dd7863c2f40d7696b9bb5d085e4615baa276d5cd3e6a5a3bbc53bfae6e?s=96&d=mm&r=g","contentUrl":"https:\/\/secure.gravatar.com\/avatar\/fd9545dd7863c2f40d7696b9bb5d085e4615baa276d5cd3e6a5a3bbc53bfae6e?s=96&d=mm&r=g","caption":"La Marina BJ - Team Politique &amp; Gouvernance"},"description":"La Team Politique &amp; Gouvernance de La Marina BJ est au c\u0153ur de l\u2019analyse des enjeux politiques, institutionnels et de gouvernance au B\u00e9nin et en Afrique. Compos\u00e9e de journalistes sp\u00e9cialis\u00e9s en affaires publiques et en politique, cette \u00e9quipe s\u2019attache \u00e0 d\u00e9crypter les d\u00e9cisions politiques, \u00e0 suivre l\u2019\u00e9volution des r\u00e9formes institutionnelles, et \u00e0 analyser les dynamiques de pouvoir au sein des institutions nationales et internationales.","url":"https:\/\/lamarinabj.com\/index.php\/author\/adimi\/"}]}},"_links":{"self":[{"href":"https:\/\/lamarinabj.com\/index.php\/wp-json\/wp\/v2\/posts\/10847","targetHints":{"allow":["GET"]}}],"collection":[{"href":"https:\/\/lamarinabj.com\/index.php\/wp-json\/wp\/v2\/posts"}],"about":[{"href":"https:\/\/lamarinabj.com\/index.php\/wp-json\/wp\/v2\/types\/post"}],"author":[{"embeddable":true,"href":"https:\/\/lamarinabj.com\/index.php\/wp-json\/wp\/v2\/users\/9"}],"replies":[{"embeddable":true,"href":"https:\/\/lamarinabj.com\/index.php\/wp-json\/wp\/v2\/comments?post=10847"}],"version-history":[{"count":1,"href":"https:\/\/lamarinabj.com\/index.php\/wp-json\/wp\/v2\/posts\/10847\/revisions"}],"predecessor-version":[{"id":10849,"href":"https:\/\/lamarinabj.com\/index.php\/wp-json\/wp\/v2\/posts\/10847\/revisions\/10849"}],"wp:featuredmedia":[{"embeddable":true,"href":"https:\/\/lamarinabj.com\/index.php\/wp-json\/wp\/v2\/media\/10848"}],"wp:attachment":[{"href":"https:\/\/lamarinabj.com\/index.php\/wp-json\/wp\/v2\/media?parent=10847"}],"wp:term":[{"taxonomy":"category","embeddable":true,"href":"https:\/\/lamarinabj.com\/index.php\/wp-json\/wp\/v2\/categories?post=10847"},{"taxonomy":"post_tag","embeddable":true,"href":"https:\/\/lamarinabj.com\/index.php\/wp-json\/wp\/v2\/tags?post=10847"}],"curies":[{"name":"wp","href":"https:\/\/api.w.org\/{rel}","templated":true}]}}