{"id":10851,"date":"2025-05-09T09:04:00","date_gmt":"2025-05-09T08:04:00","guid":{"rendered":"https:\/\/lamarinabj.com\/?p=10851"},"modified":"2025-05-09T09:19:38","modified_gmt":"2025-05-09T08:19:38","slug":"audit-du-fichier-electoral-quand-larmp-ecartait-le-comite-de-pilotage-du-statut-dautorite-contractante","status":"publish","type":"post","link":"https:\/\/lamarinabj.com\/index.php\/2025\/05\/09\/audit-du-fichier-electoral-quand-larmp-ecartait-le-comite-de-pilotage-du-statut-dautorite-contractante\/","title":{"rendered":"Audit du fichier \u00e9lectoral : Quand l\u2019ARMP \u00e9cartait le Comit\u00e9 de pilotage du statut d\u2019autorit\u00e9 contractante"},"content":{"rendered":"\n<p><strong><mark style=\"background-color:rgba(0, 0, 0, 0)\" class=\"has-inline-color has-red-color\">Politique, B\u00e9nin<\/mark><\/strong> <strong><em>&#8211; C&rsquo;\u00e9tait un coup d\u2019arr\u00eat administratif pour le Comit\u00e9 de pilotage (COPIL) de l&rsquo;audit du fichier \u00e9lectoral, dirig\u00e9 par Jean-Baptiste Elias, bien avant les r\u00e9v\u00e9lations de divergences internes du rapporteur du comit\u00e9, Michel Alokpo. Dans une d\u00e9cision r\u00e9cente, l\u2019Autorit\u00e9 de r\u00e9gulation des march\u00e9s publics (ARMP) a tranch\u00e9 : le Comit\u00e9 de pilotage de l\u2019audit du fichier \u00e9lectoral ne peut \u00eatre consid\u00e9r\u00e9 comme une autorit\u00e9 contractante.<\/em><\/strong><\/p>\n\n\n\n<p>Le 14 avril 2025, Jean-Baptiste Elias, pr\u00e9sident du Comit\u00e9 de pilotage (COPIL) de l\u2019audit du fichier \u00e9lectoral, sollicitait formellement l\u2019avis de l\u2019ARMP. En cause, les obstacles rencontr\u00e9s pour g\u00e9rer les fonds publics destin\u00e9s \u00e0 la mission d\u2019audit, dot\u00e9e d\u2019un budget de 159,4 millions de francs CFA, annonc\u00e9 en Conseil des ministres le 19 f\u00e9vrier.<\/p>\n\n\n\n<p>Sans organe de gestion propre \u2013 pas de PRMP, ni de comptable, ni de contr\u00f4leur financier \u2013 et apr\u00e8s avoir essuy\u00e9 deux refus d\u2019appui, d\u2019abord de la part du minist\u00e8re de la Justice (une s\u00e9ance de travail le 25 mars 2025), puis de celui de l\u2019\u00c9conomie et des Finances (une lettre en date du 27 mars 2025), le COPIL esp\u00e9rait faire reconna\u00eetre sa capacit\u00e9 \u00e0 contracter directement. En d\u2019autres termes, pouvoir l\u00e9galement passer des march\u00e9s publics pour l\u2019ex\u00e9cution de sa mission.<\/p>\n\n\n\n<p>Mais l\u2019avis sign\u00e9 par S\u00e9raphin Agbahoungbata, pr\u00e9sident du Conseil de r\u00e9gulation de l\u2019ARMP, notifi\u00e9 selon nos informations le 23 avril 2025 au COPIL, est cat\u00e9gorique. Le Comit\u00e9 de pilotage, organe ad hoc sans personnalit\u00e9 juridique propre, ne peut \u00eatre assimil\u00e9 \u00e0 une autorit\u00e9 contractante au sens de la loi n\u00b02020-26 du 29 septembre 2020. Seules les entit\u00e9s dot\u00e9es de la personnalit\u00e9 morale comme les administrations, agences, \u00e9tablissements publics ou assimil\u00e9s  peuvent pr\u00e9tendre \u00e0 ce statut. Le COPIL, cr\u00e9\u00e9 sp\u00e9cifiquement pour superviser un audit \u00e9lectoral, n\u2019entre dans aucune de ces cat\u00e9gories, d&rsquo;apr\u00e8s l\u2019avis de l\u2019ARMP.<\/p>\n\n\n\n<h2 id=\"une-exigence-de-transparence-renforcee\" class=\"wp-block-heading\"><mark style=\"background-color:rgba(0, 0, 0, 0)\" class=\"has-inline-color has-red-color\">Une exigence de transparence renforc\u00e9e<\/mark><\/h2>\n\n\n\n<p>Consciente de la sensibilit\u00e9 de la mission confi\u00e9e au COPIL, l&rsquo;ARMP recommande n\u00e9anmoins des mesures sp\u00e9cifiques. Elle invite le comit\u00e9 \u00e0 s\u2019attacher les services de personnel qualifi\u00e9, notamment un sp\u00e9cialiste de la passation des march\u00e9s publics, afin d&rsquo;assurer une gestion rigoureuse, ind\u00e9pendante et conforme \u00e0 la r\u00e9glementation en vigueur.<\/p>\n\n\n\n<p>L&rsquo;organe de r\u00e9gulation rappelle \u00e9galement que, malgr\u00e9 son absence de qualit\u00e9 d\u2019autorit\u00e9 contractante, le COPIL reste tenu de respecter scrupuleusement les r\u00e8gles relatives \u00e0 la commande publique, conform\u00e9ment au principe de bonne gouvernance et d\u2019orthodoxie financi\u00e8re.<\/p>\n\n\n\n<p>En r\u00e9sum\u00e9, si le COPIL ne peut directement engager des march\u00e9s publics en son nom, il lui appartient de s\u00e9curiser l\u2019ex\u00e9cution de ses d\u00e9penses dans le cadre l\u00e9gal, en s&rsquo;entourant des comp\u00e9tences requises.<\/p>\n","protected":false},"excerpt":{"rendered":"Politique, B\u00e9nin &#8211; C&rsquo;\u00e9tait un coup d\u2019arr\u00eat administratif pour le Comit\u00e9 de pilotage (COPIL) de l&rsquo;audit du fichier&hellip;\n","protected":false},"author":9,"featured_media":10852,"comment_status":"open","ping_status":"open","sticky":false,"template":"elementor_theme","format":"standard","meta":{"csco_singular_sidebar":"","csco_page_header_type":"standard","csco_appearance_masonry":"","csco_page_load_nextpost":"","csco_post_video_location":[],"csco_post_video_location_hash":"","csco_post_video_url":"","csco_post_video_bg_start_time":0,"csco_post_video_bg_end_time":0,"footnotes":""},"categories":[191,239],"tags":[1184,1542],"class_list":{"0":"post-10851","1":"post","2":"type-post","3":"status-publish","4":"format-standard","5":"has-post-thumbnail","7":"category-en-savoir-plus-2","8":"category-levenement-2","9":"tag-audit-du-fichier-electoral","10":"tag-copil","11":"cs-entry","12":"cs-video-wrap"},"yoast_head":"<!-- This site is optimized with the Yoast SEO plugin v27.4 - https:\/\/yoast.com\/product\/yoast-seo-wordpress\/ -->\n<title>Audit du fichier \u00e9lectoral : Quand l\u2019ARMP \u00e9cartait le Comit\u00e9 de pilotage du statut d\u2019autorit\u00e9 contractante - LA MARINA BJ<\/title>\n<meta name=\"description\" content=\"C&#039;\u00e9tait un coup d\u2019arr\u00eat administratif pour le Comit\u00e9 de pilotage (COPIL) de l&#039;audit du fichier \u00e9lectoral, dirig\u00e9 par Jean-Baptiste Elias, bien avant les r\u00e9v\u00e9lations de divergences internes du rapporteur du comit\u00e9, Michel Alokpo.\" \/>\n<meta name=\"robots\" content=\"index, follow, max-snippet:-1, max-image-preview:large, max-video-preview:-1\" \/>\n<link rel=\"canonical\" href=\"https:\/\/lamarinabj.com\/index.php\/2025\/05\/09\/audit-du-fichier-electoral-quand-larmp-ecartait-le-comite-de-pilotage-du-statut-dautorite-contractante\/\" \/>\n<meta property=\"og:locale\" content=\"fr_FR\" \/>\n<meta property=\"og:type\" content=\"article\" \/>\n<meta property=\"og:title\" content=\"Audit du fichier \u00e9lectoral : Quand l\u2019ARMP \u00e9cartait le Comit\u00e9 de pilotage du statut d\u2019autorit\u00e9 contractante - LA MARINA BJ\" \/>\n<meta property=\"og:description\" content=\"C&#039;\u00e9tait un coup d\u2019arr\u00eat administratif pour le Comit\u00e9 de pilotage (COPIL) de l&#039;audit du fichier \u00e9lectoral, dirig\u00e9 par Jean-Baptiste Elias, bien avant les r\u00e9v\u00e9lations de divergences internes du rapporteur du comit\u00e9, Michel Alokpo.\" \/>\n<meta property=\"og:url\" content=\"https:\/\/lamarinabj.com\/index.php\/2025\/05\/09\/audit-du-fichier-electoral-quand-larmp-ecartait-le-comite-de-pilotage-du-statut-dautorite-contractante\/\" \/>\n<meta property=\"og:site_name\" content=\"LA MARINA BJ\" \/>\n<meta property=\"article:published_time\" content=\"2025-05-09T08:04:00+00:00\" \/>\n<meta property=\"article:modified_time\" content=\"2025-05-09T08:19:38+00:00\" \/>\n<meta property=\"og:image\" content=\"https:\/\/lamarinabj.com\/wp-content\/uploads\/2025\/05\/Yellow-and-Blue-Web-Development-Facebook-Post_20250508_062542_0000.jpg\" \/>\n\t<meta property=\"og:image:width\" content=\"1080\" \/>\n\t<meta property=\"og:image:height\" content=\"1080\" \/>\n\t<meta property=\"og:image:type\" content=\"image\/jpeg\" \/>\n<meta name=\"author\" content=\"La Marina BJ - Team Politique &amp; Gouvernance\" \/>\n<meta name=\"twitter:card\" content=\"summary_large_image\" \/>\n<meta name=\"twitter:label1\" content=\"\u00c9crit par\" \/>\n\t<meta name=\"twitter:data1\" content=\"La Marina BJ - Team Politique &amp; Gouvernance\" \/>\n\t<meta name=\"twitter:label2\" content=\"Dur\u00e9e de lecture estim\u00e9e\" \/>\n\t<meta name=\"twitter:data2\" content=\"3 minutes\" \/>\n<script type=\"application\/ld+json\" class=\"yoast-schema-graph\">{\"@context\":\"https:\\\/\\\/schema.org\",\"@graph\":[{\"@type\":\"NewsArticle\",\"@id\":\"https:\\\/\\\/lamarinabj.com\\\/index.php\\\/2025\\\/05\\\/09\\\/audit-du-fichier-electoral-quand-larmp-ecartait-le-comite-de-pilotage-du-statut-dautorite-contractante\\\/#article\",\"isPartOf\":{\"@id\":\"https:\\\/\\\/lamarinabj.com\\\/index.php\\\/2025\\\/05\\\/09\\\/audit-du-fichier-electoral-quand-larmp-ecartait-le-comite-de-pilotage-du-statut-dautorite-contractante\\\/\"},\"author\":{\"name\":\"La Marina BJ - Team Politique &amp; Gouvernance\",\"@id\":\"https:\\\/\\\/lamarinabj.com\\\/#\\\/schema\\\/person\\\/402e6a9448a09031724da97f9dae67e8\"},\"headline\":\"Audit du fichier \u00e9lectoral : Quand l\u2019ARMP \u00e9cartait le Comit\u00e9 de pilotage du statut d\u2019autorit\u00e9 contractante\",\"datePublished\":\"2025-05-09T08:04:00+00:00\",\"dateModified\":\"2025-05-09T08:19:38+00:00\",\"mainEntityOfPage\":{\"@id\":\"https:\\\/\\\/lamarinabj.com\\\/index.php\\\/2025\\\/05\\\/09\\\/audit-du-fichier-electoral-quand-larmp-ecartait-le-comite-de-pilotage-du-statut-dautorite-contractante\\\/\"},\"wordCount\":498,\"commentCount\":0,\"image\":{\"@id\":\"https:\\\/\\\/lamarinabj.com\\\/index.php\\\/2025\\\/05\\\/09\\\/audit-du-fichier-electoral-quand-larmp-ecartait-le-comite-de-pilotage-du-statut-dautorite-contractante\\\/#primaryimage\"},\"thumbnailUrl\":\"https:\\\/\\\/lamarinabj.com\\\/wp-content\\\/uploads\\\/2025\\\/05\\\/Yellow-and-Blue-Web-Development-Facebook-Post_20250508_062542_0000.jpg\",\"keywords\":[\"Audit du fichier \u00e9lectoral\",\"copil\"],\"articleSection\":[\"EN SAVOIR PLUS\",\"L'\u00c9V\u00c9NEMENT\"],\"inLanguage\":\"fr-FR\",\"potentialAction\":[{\"@type\":\"CommentAction\",\"name\":\"Comment\",\"target\":[\"https:\\\/\\\/lamarinabj.com\\\/index.php\\\/2025\\\/05\\\/09\\\/audit-du-fichier-electoral-quand-larmp-ecartait-le-comite-de-pilotage-du-statut-dautorite-contractante\\\/#respond\"]}]},{\"@type\":[\"WebPage\",\"SearchResultsPage\"],\"@id\":\"https:\\\/\\\/lamarinabj.com\\\/index.php\\\/2025\\\/05\\\/09\\\/audit-du-fichier-electoral-quand-larmp-ecartait-le-comite-de-pilotage-du-statut-dautorite-contractante\\\/\",\"url\":\"https:\\\/\\\/lamarinabj.com\\\/index.php\\\/2025\\\/05\\\/09\\\/audit-du-fichier-electoral-quand-larmp-ecartait-le-comite-de-pilotage-du-statut-dautorite-contractante\\\/\",\"name\":\"Audit du fichier \u00e9lectoral : Quand l\u2019ARMP \u00e9cartait le Comit\u00e9 de pilotage du statut d\u2019autorit\u00e9 contractante - LA MARINA BJ\",\"isPartOf\":{\"@id\":\"https:\\\/\\\/lamarinabj.com\\\/#website\"},\"primaryImageOfPage\":{\"@id\":\"https:\\\/\\\/lamarinabj.com\\\/index.php\\\/2025\\\/05\\\/09\\\/audit-du-fichier-electoral-quand-larmp-ecartait-le-comite-de-pilotage-du-statut-dautorite-contractante\\\/#primaryimage\"},\"image\":{\"@id\":\"https:\\\/\\\/lamarinabj.com\\\/index.php\\\/2025\\\/05\\\/09\\\/audit-du-fichier-electoral-quand-larmp-ecartait-le-comite-de-pilotage-du-statut-dautorite-contractante\\\/#primaryimage\"},\"thumbnailUrl\":\"https:\\\/\\\/lamarinabj.com\\\/wp-content\\\/uploads\\\/2025\\\/05\\\/Yellow-and-Blue-Web-Development-Facebook-Post_20250508_062542_0000.jpg\",\"datePublished\":\"2025-05-09T08:04:00+00:00\",\"dateModified\":\"2025-05-09T08:19:38+00:00\",\"author\":{\"@id\":\"https:\\\/\\\/lamarinabj.com\\\/#\\\/schema\\\/person\\\/402e6a9448a09031724da97f9dae67e8\"},\"description\":\"C'\u00e9tait un coup d\u2019arr\u00eat administratif pour le Comit\u00e9 de pilotage (COPIL) de l'audit du fichier \u00e9lectoral, dirig\u00e9 par Jean-Baptiste Elias, bien avant les r\u00e9v\u00e9lations de divergences internes du rapporteur du comit\u00e9, Michel Alokpo.\",\"breadcrumb\":{\"@id\":\"https:\\\/\\\/lamarinabj.com\\\/index.php\\\/2025\\\/05\\\/09\\\/audit-du-fichier-electoral-quand-larmp-ecartait-le-comite-de-pilotage-du-statut-dautorite-contractante\\\/#breadcrumb\"},\"inLanguage\":\"fr-FR\",\"potentialAction\":[{\"@type\":\"ReadAction\",\"target\":[\"https:\\\/\\\/lamarinabj.com\\\/index.php\\\/2025\\\/05\\\/09\\\/audit-du-fichier-electoral-quand-larmp-ecartait-le-comite-de-pilotage-du-statut-dautorite-contractante\\\/\"]}]},{\"@type\":\"ImageObject\",\"inLanguage\":\"fr-FR\",\"@id\":\"https:\\\/\\\/lamarinabj.com\\\/index.php\\\/2025\\\/05\\\/09\\\/audit-du-fichier-electoral-quand-larmp-ecartait-le-comite-de-pilotage-du-statut-dautorite-contractante\\\/#primaryimage\",\"url\":\"https:\\\/\\\/lamarinabj.com\\\/wp-content\\\/uploads\\\/2025\\\/05\\\/Yellow-and-Blue-Web-Development-Facebook-Post_20250508_062542_0000.jpg\",\"contentUrl\":\"https:\\\/\\\/lamarinabj.com\\\/wp-content\\\/uploads\\\/2025\\\/05\\\/Yellow-and-Blue-Web-Development-Facebook-Post_20250508_062542_0000.jpg\",\"width\":1080,\"height\":1080},{\"@type\":\"BreadcrumbList\",\"@id\":\"https:\\\/\\\/lamarinabj.com\\\/index.php\\\/2025\\\/05\\\/09\\\/audit-du-fichier-electoral-quand-larmp-ecartait-le-comite-de-pilotage-du-statut-dautorite-contractante\\\/#breadcrumb\",\"itemListElement\":[{\"@type\":\"ListItem\",\"position\":1,\"name\":\"Accueil\",\"item\":\"https:\\\/\\\/lamarinabj.com\\\/\"},{\"@type\":\"ListItem\",\"position\":2,\"name\":\"Audit du fichier \u00e9lectoral : Quand l\u2019ARMP \u00e9cartait le Comit\u00e9 de pilotage du statut d\u2019autorit\u00e9 contractante\"}]},{\"@type\":\"WebSite\",\"@id\":\"https:\\\/\\\/lamarinabj.com\\\/#website\",\"url\":\"https:\\\/\\\/lamarinabj.com\\\/\",\"name\":\"LA MARINA BJ\",\"description\":\"Votre portail vers l&#039;information strat\u00e9gique au B\u00e9nin, en Afrique et au-del\u00e0\",\"potentialAction\":[{\"@type\":\"SearchAction\",\"target\":{\"@type\":\"EntryPoint\",\"urlTemplate\":\"https:\\\/\\\/lamarinabj.com\\\/?s={search_term_string}\"},\"query-input\":{\"@type\":\"PropertyValueSpecification\",\"valueRequired\":true,\"valueName\":\"search_term_string\"}}],\"inLanguage\":\"fr-FR\"},{\"@type\":\"Person\",\"@id\":\"https:\\\/\\\/lamarinabj.com\\\/#\\\/schema\\\/person\\\/402e6a9448a09031724da97f9dae67e8\",\"name\":\"La Marina BJ - Team Politique &amp; Gouvernance\",\"image\":{\"@type\":\"ImageObject\",\"inLanguage\":\"fr-FR\",\"@id\":\"https:\\\/\\\/secure.gravatar.com\\\/avatar\\\/fd9545dd7863c2f40d7696b9bb5d085e4615baa276d5cd3e6a5a3bbc53bfae6e?s=96&d=mm&r=g\",\"url\":\"https:\\\/\\\/secure.gravatar.com\\\/avatar\\\/fd9545dd7863c2f40d7696b9bb5d085e4615baa276d5cd3e6a5a3bbc53bfae6e?s=96&d=mm&r=g\",\"contentUrl\":\"https:\\\/\\\/secure.gravatar.com\\\/avatar\\\/fd9545dd7863c2f40d7696b9bb5d085e4615baa276d5cd3e6a5a3bbc53bfae6e?s=96&d=mm&r=g\",\"caption\":\"La Marina BJ - Team Politique &amp; Gouvernance\"},\"description\":\"La Team Politique &amp; Gouvernance de La Marina BJ est au c\u0153ur de l\u2019analyse des enjeux politiques, institutionnels et de gouvernance au B\u00e9nin et en Afrique. Compos\u00e9e de journalistes sp\u00e9cialis\u00e9s en affaires publiques et en politique, cette \u00e9quipe s\u2019attache \u00e0 d\u00e9crypter les d\u00e9cisions politiques, \u00e0 suivre l\u2019\u00e9volution des r\u00e9formes institutionnelles, et \u00e0 analyser les dynamiques de pouvoir au sein des institutions nationales et internationales.\",\"url\":\"https:\\\/\\\/lamarinabj.com\\\/index.php\\\/author\\\/adimi\\\/\"}]}<\/script>\n<!-- \/ Yoast SEO plugin. -->","yoast_head_json":{"title":"Audit du fichier \u00e9lectoral : Quand l\u2019ARMP \u00e9cartait le Comit\u00e9 de pilotage du statut d\u2019autorit\u00e9 contractante - LA MARINA BJ","description":"C'\u00e9tait un coup d\u2019arr\u00eat administratif pour le Comit\u00e9 de pilotage (COPIL) de l'audit du fichier \u00e9lectoral, dirig\u00e9 par Jean-Baptiste Elias, bien avant les r\u00e9v\u00e9lations de divergences internes du rapporteur du comit\u00e9, Michel Alokpo.","robots":{"index":"index","follow":"follow","max-snippet":"max-snippet:-1","max-image-preview":"max-image-preview:large","max-video-preview":"max-video-preview:-1"},"canonical":"https:\/\/lamarinabj.com\/index.php\/2025\/05\/09\/audit-du-fichier-electoral-quand-larmp-ecartait-le-comite-de-pilotage-du-statut-dautorite-contractante\/","og_locale":"fr_FR","og_type":"article","og_title":"Audit du fichier \u00e9lectoral : Quand l\u2019ARMP \u00e9cartait le Comit\u00e9 de pilotage du statut d\u2019autorit\u00e9 contractante - LA MARINA BJ","og_description":"C'\u00e9tait un coup d\u2019arr\u00eat administratif pour le Comit\u00e9 de pilotage (COPIL) de l'audit du fichier \u00e9lectoral, dirig\u00e9 par Jean-Baptiste Elias, bien avant les r\u00e9v\u00e9lations de divergences internes du rapporteur du comit\u00e9, Michel Alokpo.","og_url":"https:\/\/lamarinabj.com\/index.php\/2025\/05\/09\/audit-du-fichier-electoral-quand-larmp-ecartait-le-comite-de-pilotage-du-statut-dautorite-contractante\/","og_site_name":"LA MARINA BJ","article_published_time":"2025-05-09T08:04:00+00:00","article_modified_time":"2025-05-09T08:19:38+00:00","og_image":[{"width":1080,"height":1080,"url":"https:\/\/lamarinabj.com\/wp-content\/uploads\/2025\/05\/Yellow-and-Blue-Web-Development-Facebook-Post_20250508_062542_0000.jpg","type":"image\/jpeg"}],"author":"La Marina BJ - Team Politique &amp; Gouvernance","twitter_card":"summary_large_image","twitter_misc":{"\u00c9crit par":"La Marina BJ - Team Politique &amp; Gouvernance","Dur\u00e9e de lecture estim\u00e9e":"3 minutes"},"schema":{"@context":"https:\/\/schema.org","@graph":[{"@type":"NewsArticle","@id":"https:\/\/lamarinabj.com\/index.php\/2025\/05\/09\/audit-du-fichier-electoral-quand-larmp-ecartait-le-comite-de-pilotage-du-statut-dautorite-contractante\/#article","isPartOf":{"@id":"https:\/\/lamarinabj.com\/index.php\/2025\/05\/09\/audit-du-fichier-electoral-quand-larmp-ecartait-le-comite-de-pilotage-du-statut-dautorite-contractante\/"},"author":{"name":"La Marina BJ - Team Politique &amp; Gouvernance","@id":"https:\/\/lamarinabj.com\/#\/schema\/person\/402e6a9448a09031724da97f9dae67e8"},"headline":"Audit du fichier \u00e9lectoral : Quand l\u2019ARMP \u00e9cartait le Comit\u00e9 de pilotage du statut d\u2019autorit\u00e9 contractante","datePublished":"2025-05-09T08:04:00+00:00","dateModified":"2025-05-09T08:19:38+00:00","mainEntityOfPage":{"@id":"https:\/\/lamarinabj.com\/index.php\/2025\/05\/09\/audit-du-fichier-electoral-quand-larmp-ecartait-le-comite-de-pilotage-du-statut-dautorite-contractante\/"},"wordCount":498,"commentCount":0,"image":{"@id":"https:\/\/lamarinabj.com\/index.php\/2025\/05\/09\/audit-du-fichier-electoral-quand-larmp-ecartait-le-comite-de-pilotage-du-statut-dautorite-contractante\/#primaryimage"},"thumbnailUrl":"https:\/\/lamarinabj.com\/wp-content\/uploads\/2025\/05\/Yellow-and-Blue-Web-Development-Facebook-Post_20250508_062542_0000.jpg","keywords":["Audit du fichier \u00e9lectoral","copil"],"articleSection":["EN SAVOIR PLUS","L'\u00c9V\u00c9NEMENT"],"inLanguage":"fr-FR","potentialAction":[{"@type":"CommentAction","name":"Comment","target":["https:\/\/lamarinabj.com\/index.php\/2025\/05\/09\/audit-du-fichier-electoral-quand-larmp-ecartait-le-comite-de-pilotage-du-statut-dautorite-contractante\/#respond"]}]},{"@type":["WebPage","SearchResultsPage"],"@id":"https:\/\/lamarinabj.com\/index.php\/2025\/05\/09\/audit-du-fichier-electoral-quand-larmp-ecartait-le-comite-de-pilotage-du-statut-dautorite-contractante\/","url":"https:\/\/lamarinabj.com\/index.php\/2025\/05\/09\/audit-du-fichier-electoral-quand-larmp-ecartait-le-comite-de-pilotage-du-statut-dautorite-contractante\/","name":"Audit du fichier \u00e9lectoral : Quand l\u2019ARMP \u00e9cartait le Comit\u00e9 de pilotage du statut d\u2019autorit\u00e9 contractante - LA MARINA BJ","isPartOf":{"@id":"https:\/\/lamarinabj.com\/#website"},"primaryImageOfPage":{"@id":"https:\/\/lamarinabj.com\/index.php\/2025\/05\/09\/audit-du-fichier-electoral-quand-larmp-ecartait-le-comite-de-pilotage-du-statut-dautorite-contractante\/#primaryimage"},"image":{"@id":"https:\/\/lamarinabj.com\/index.php\/2025\/05\/09\/audit-du-fichier-electoral-quand-larmp-ecartait-le-comite-de-pilotage-du-statut-dautorite-contractante\/#primaryimage"},"thumbnailUrl":"https:\/\/lamarinabj.com\/wp-content\/uploads\/2025\/05\/Yellow-and-Blue-Web-Development-Facebook-Post_20250508_062542_0000.jpg","datePublished":"2025-05-09T08:04:00+00:00","dateModified":"2025-05-09T08:19:38+00:00","author":{"@id":"https:\/\/lamarinabj.com\/#\/schema\/person\/402e6a9448a09031724da97f9dae67e8"},"description":"C'\u00e9tait un coup d\u2019arr\u00eat administratif pour le Comit\u00e9 de pilotage (COPIL) de l'audit du fichier \u00e9lectoral, dirig\u00e9 par Jean-Baptiste Elias, bien avant les r\u00e9v\u00e9lations de divergences internes du rapporteur du comit\u00e9, Michel Alokpo.","breadcrumb":{"@id":"https:\/\/lamarinabj.com\/index.php\/2025\/05\/09\/audit-du-fichier-electoral-quand-larmp-ecartait-le-comite-de-pilotage-du-statut-dautorite-contractante\/#breadcrumb"},"inLanguage":"fr-FR","potentialAction":[{"@type":"ReadAction","target":["https:\/\/lamarinabj.com\/index.php\/2025\/05\/09\/audit-du-fichier-electoral-quand-larmp-ecartait-le-comite-de-pilotage-du-statut-dautorite-contractante\/"]}]},{"@type":"ImageObject","inLanguage":"fr-FR","@id":"https:\/\/lamarinabj.com\/index.php\/2025\/05\/09\/audit-du-fichier-electoral-quand-larmp-ecartait-le-comite-de-pilotage-du-statut-dautorite-contractante\/#primaryimage","url":"https:\/\/lamarinabj.com\/wp-content\/uploads\/2025\/05\/Yellow-and-Blue-Web-Development-Facebook-Post_20250508_062542_0000.jpg","contentUrl":"https:\/\/lamarinabj.com\/wp-content\/uploads\/2025\/05\/Yellow-and-Blue-Web-Development-Facebook-Post_20250508_062542_0000.jpg","width":1080,"height":1080},{"@type":"BreadcrumbList","@id":"https:\/\/lamarinabj.com\/index.php\/2025\/05\/09\/audit-du-fichier-electoral-quand-larmp-ecartait-le-comite-de-pilotage-du-statut-dautorite-contractante\/#breadcrumb","itemListElement":[{"@type":"ListItem","position":1,"name":"Accueil","item":"https:\/\/lamarinabj.com\/"},{"@type":"ListItem","position":2,"name":"Audit du fichier \u00e9lectoral : Quand l\u2019ARMP \u00e9cartait le Comit\u00e9 de pilotage du statut d\u2019autorit\u00e9 contractante"}]},{"@type":"WebSite","@id":"https:\/\/lamarinabj.com\/#website","url":"https:\/\/lamarinabj.com\/","name":"LA MARINA BJ","description":"Votre portail vers l&#039;information strat\u00e9gique au B\u00e9nin, en Afrique et au-del\u00e0","potentialAction":[{"@type":"SearchAction","target":{"@type":"EntryPoint","urlTemplate":"https:\/\/lamarinabj.com\/?s={search_term_string}"},"query-input":{"@type":"PropertyValueSpecification","valueRequired":true,"valueName":"search_term_string"}}],"inLanguage":"fr-FR"},{"@type":"Person","@id":"https:\/\/lamarinabj.com\/#\/schema\/person\/402e6a9448a09031724da97f9dae67e8","name":"La Marina BJ - Team Politique &amp; Gouvernance","image":{"@type":"ImageObject","inLanguage":"fr-FR","@id":"https:\/\/secure.gravatar.com\/avatar\/fd9545dd7863c2f40d7696b9bb5d085e4615baa276d5cd3e6a5a3bbc53bfae6e?s=96&d=mm&r=g","url":"https:\/\/secure.gravatar.com\/avatar\/fd9545dd7863c2f40d7696b9bb5d085e4615baa276d5cd3e6a5a3bbc53bfae6e?s=96&d=mm&r=g","contentUrl":"https:\/\/secure.gravatar.com\/avatar\/fd9545dd7863c2f40d7696b9bb5d085e4615baa276d5cd3e6a5a3bbc53bfae6e?s=96&d=mm&r=g","caption":"La Marina BJ - Team Politique &amp; Gouvernance"},"description":"La Team Politique &amp; Gouvernance de La Marina BJ est au c\u0153ur de l\u2019analyse des enjeux politiques, institutionnels et de gouvernance au B\u00e9nin et en Afrique. Compos\u00e9e de journalistes sp\u00e9cialis\u00e9s en affaires publiques et en politique, cette \u00e9quipe s\u2019attache \u00e0 d\u00e9crypter les d\u00e9cisions politiques, \u00e0 suivre l\u2019\u00e9volution des r\u00e9formes institutionnelles, et \u00e0 analyser les dynamiques de pouvoir au sein des institutions nationales et internationales.","url":"https:\/\/lamarinabj.com\/index.php\/author\/adimi\/"}]}},"_links":{"self":[{"href":"https:\/\/lamarinabj.com\/index.php\/wp-json\/wp\/v2\/posts\/10851","targetHints":{"allow":["GET"]}}],"collection":[{"href":"https:\/\/lamarinabj.com\/index.php\/wp-json\/wp\/v2\/posts"}],"about":[{"href":"https:\/\/lamarinabj.com\/index.php\/wp-json\/wp\/v2\/types\/post"}],"author":[{"embeddable":true,"href":"https:\/\/lamarinabj.com\/index.php\/wp-json\/wp\/v2\/users\/9"}],"replies":[{"embeddable":true,"href":"https:\/\/lamarinabj.com\/index.php\/wp-json\/wp\/v2\/comments?post=10851"}],"version-history":[{"count":2,"href":"https:\/\/lamarinabj.com\/index.php\/wp-json\/wp\/v2\/posts\/10851\/revisions"}],"predecessor-version":[{"id":10865,"href":"https:\/\/lamarinabj.com\/index.php\/wp-json\/wp\/v2\/posts\/10851\/revisions\/10865"}],"wp:featuredmedia":[{"embeddable":true,"href":"https:\/\/lamarinabj.com\/index.php\/wp-json\/wp\/v2\/media\/10852"}],"wp:attachment":[{"href":"https:\/\/lamarinabj.com\/index.php\/wp-json\/wp\/v2\/media?parent=10851"}],"wp:term":[{"taxonomy":"category","embeddable":true,"href":"https:\/\/lamarinabj.com\/index.php\/wp-json\/wp\/v2\/categories?post=10851"},{"taxonomy":"post_tag","embeddable":true,"href":"https:\/\/lamarinabj.com\/index.php\/wp-json\/wp\/v2\/tags?post=10851"}],"curies":[{"name":"wp","href":"https:\/\/api.w.org\/{rel}","templated":true}]}}