{"id":10931,"date":"2025-05-15T15:50:46","date_gmt":"2025-05-15T14:50:46","guid":{"rendered":"https:\/\/lamarinabj.com\/?p=10931"},"modified":"2025-05-15T15:50:48","modified_gmt":"2025-05-15T14:50:48","slug":"emploi-dans-les-grandes-entreprises-du-benin-une-hausse-de-21-en-mars-2025","status":"publish","type":"post","link":"https:\/\/lamarinabj.com\/index.php\/2025\/05\/15\/emploi-dans-les-grandes-entreprises-du-benin-une-hausse-de-21-en-mars-2025\/","title":{"rendered":"Emploi dans les grandes entreprises du B\u00e9nin : une hausse de 2,1 % en mars 2025"},"content":{"rendered":"\n<p><strong><mark style=\"background-color:rgba(0, 0, 0, 0)\" class=\"has-inline-color has-red-color\">Emploi formel, B\u00e9nin<\/mark><\/strong> &#8211; <strong><em>L\u2019indice de l\u2019emploi dans les grandes entreprises b\u00e9ninoises poursuit sa courbe ascendante. D\u2019apr\u00e8s les derni\u00e8res donn\u00e9es de la Direction de la Pr\u00e9vision et de la Conjoncture du minist\u00e8re de l\u2019\u00c9conomie et des Finances, consult\u00e9es par La Marina BJ, une hausse de 2,1 % a \u00e9t\u00e9 enregistr\u00e9e en mars 2025 par rapport au mois pr\u00e9c\u00e9dent.<\/em><\/strong><\/p>\n\n\n\n<p>En trois mois, l\u2019indicateur est pass\u00e9 de 112,1 en janvier \u00e0 120,2 en f\u00e9vrier, avant d\u2019atteindre 122,7 en mars.<\/p>\n\n\n\n<h2 id=\"les-piliers-de-la-croissance\" class=\"wp-block-heading\"><mark style=\"background-color:rgba(0, 0, 0, 0)\" class=\"has-inline-color has-red-color\">Les piliers de la croissance<\/mark><\/h2>\n\n\n\n<p>Cette dynamique mensuelle positive est port\u00e9e par des secteurs cl\u00e9s de l\u2019\u00e9conomie nationale. Les autres industries manufacturi\u00e8res arrivent en t\u00eate, avec une flamb\u00e9e de 11,5 %, suivies du commerce (+10 %), des travaux de construction (+9,9 %), ainsi que des postes et t\u00e9l\u00e9communications (+8,4 %). D\u2019autres secteurs enregistrent \u00e9galement une progression : les produits des industries extractives (+8,2 %), le transport (+4 %), les industries agroalimentaires (+3,5 %), les banques et SFD (+2,8 %) et les autres activit\u00e9s financi\u00e8res (+2,5 %).<\/p>\n\n\n\n<p>Sur une base annuelle, le tableau reste encourageant. L\u2019indice global de l\u2019emploi affiche une croissance de 6,9 % par rapport \u00e0 mars 2024, traduisant une consolidation progressive du march\u00e9 du travail formel au sein des grandes entreprises du B\u00e9nin.<\/p>\n\n\n\n<h2 id=\"des-disparites-sectorielles\" class=\"wp-block-heading\"><mark style=\"background-color:rgba(0, 0, 0, 0)\" class=\"has-inline-color has-red-color\">Des disparit\u00e9s sectorielles<\/mark><\/h2>\n\n\n\n<p>Si la tendance globale est au redressement, l\u2019analyse par secteur r\u00e9v\u00e8le toutefois des disparit\u00e9s. Les industries extractives confirment leur dynamisme avec un indice en forte hausse (de 554,1 \u00e0 599,4), tout comme les industries agroalimentaires (de 108,2 \u00e0 112). Les t\u00e9l\u00e9communications poursuivent leur envol\u00e9e (de 112,6 \u00e0 122).<\/p>\n\n\n\n<p>Mais certains segments accusent un repli. Le secteur de l\u2019h\u00e9bergement et de la restauration chute de 122,5 \u00e0 103,4 points, vraisemblablement en raison d\u2019un essoufflement post-saisonnier. M\u00eame constat pour l\u2019\u00e9lectricit\u00e9, le gaz et l\u2019eau (de 91,7 \u00e0 90,2), ainsi que pour le secteur des assurances (de 134,3 \u00e0 133,1), en l\u00e9g\u00e8re baisse.<\/p>\n\n\n\n<p>Cette \u00e9volution globale, bien que mod\u00e9r\u00e9e, envoie, selon notre sp\u00e9cialiste \u00e0 la r\u00e9daction, un signal positif quant \u00e0 la r\u00e9silience du tissu \u00e9conomique b\u00e9ninois. D\u2019apr\u00e8s lui, elle met \u00e9galement en lumi\u00e8re l\u2019importance d\u2019un soutien constant aux secteurs porteurs, tout en identifiant ceux qui n\u00e9cessitent des r\u00e9ajustements structurels.<\/p>\n","protected":false},"excerpt":{"rendered":"Emploi formel, B\u00e9nin &#8211; L\u2019indice de l\u2019emploi dans les grandes entreprises b\u00e9ninoises poursuit sa courbe ascendante. D\u2019apr\u00e8s les&hellip;\n","protected":false},"author":10,"featured_media":7300,"comment_status":"open","ping_status":"open","sticky":false,"template":"elementor_theme","format":"standard","meta":{"csco_singular_sidebar":"","csco_page_header_type":"standard","csco_appearance_masonry":"","csco_page_load_nextpost":"","csco_post_video_location":[],"csco_post_video_location_hash":"","csco_post_video_url":"","csco_post_video_bg_start_time":0,"csco_post_video_bg_end_time":0,"footnotes":""},"categories":[191],"tags":[41,1554],"class_list":{"0":"post-10931","1":"post","2":"type-post","3":"status-publish","4":"format-standard","5":"has-post-thumbnail","7":"category-en-savoir-plus-2","8":"tag-benin","9":"tag-indice-de-lemploi","10":"cs-entry","11":"cs-video-wrap"},"yoast_head":"<!-- This site is optimized with the Yoast SEO plugin v27.4 - https:\/\/yoast.com\/product\/yoast-seo-wordpress\/ -->\n<title>Emploi dans les grandes entreprises du B\u00e9nin : une hausse de 2,1 % en mars 2025 - LA MARINA BJ<\/title>\n<meta name=\"description\" content=\"En trois mois, l\u2019indicateur est pass\u00e9 de 112,1 en janvier \u00e0 120,2 en f\u00e9vrier, avant d\u2019atteindre 122,7 en mars.\" \/>\n<meta name=\"robots\" content=\"index, follow, max-snippet:-1, max-image-preview:large, max-video-preview:-1\" \/>\n<link rel=\"canonical\" href=\"https:\/\/lamarinabj.com\/index.php\/2025\/05\/15\/emploi-dans-les-grandes-entreprises-du-benin-une-hausse-de-21-en-mars-2025\/\" \/>\n<meta property=\"og:locale\" content=\"fr_FR\" \/>\n<meta property=\"og:type\" content=\"article\" \/>\n<meta property=\"og:title\" content=\"Emploi dans les grandes entreprises du B\u00e9nin : une hausse de 2,1 % en mars 2025 - LA MARINA BJ\" \/>\n<meta property=\"og:description\" content=\"En trois mois, l\u2019indicateur est pass\u00e9 de 112,1 en janvier \u00e0 120,2 en f\u00e9vrier, avant d\u2019atteindre 122,7 en mars.\" \/>\n<meta property=\"og:url\" content=\"https:\/\/lamarinabj.com\/index.php\/2025\/05\/15\/emploi-dans-les-grandes-entreprises-du-benin-une-hausse-de-21-en-mars-2025\/\" \/>\n<meta property=\"og:site_name\" content=\"LA MARINA BJ\" \/>\n<meta property=\"article:published_time\" content=\"2025-05-15T14:50:46+00:00\" \/>\n<meta property=\"article:modified_time\" content=\"2025-05-15T14:50:48+00:00\" \/>\n<meta property=\"og:image\" content=\"https:\/\/lamarinabj.com\/wp-content\/uploads\/2024\/08\/SAVE_20240731_103927-scaled.jpg\" \/>\n\t<meta property=\"og:image:width\" content=\"2560\" \/>\n\t<meta property=\"og:image:height\" content=\"1344\" \/>\n\t<meta property=\"og:image:type\" content=\"image\/jpeg\" \/>\n<meta name=\"author\" content=\"La Marina BJ - Team Rapports &amp; Insights\" \/>\n<meta name=\"twitter:card\" content=\"summary_large_image\" \/>\n<meta name=\"twitter:label1\" content=\"\u00c9crit par\" \/>\n\t<meta name=\"twitter:data1\" content=\"La Marina BJ - Team Rapports &amp; Insights\" \/>\n\t<meta name=\"twitter:label2\" content=\"Dur\u00e9e de lecture estim\u00e9e\" \/>\n\t<meta name=\"twitter:data2\" content=\"2 minutes\" \/>\n<script type=\"application\/ld+json\" class=\"yoast-schema-graph\">{\"@context\":\"https:\\\/\\\/schema.org\",\"@graph\":[{\"@type\":\"NewsArticle\",\"@id\":\"https:\\\/\\\/lamarinabj.com\\\/index.php\\\/2025\\\/05\\\/15\\\/emploi-dans-les-grandes-entreprises-du-benin-une-hausse-de-21-en-mars-2025\\\/#article\",\"isPartOf\":{\"@id\":\"https:\\\/\\\/lamarinabj.com\\\/index.php\\\/2025\\\/05\\\/15\\\/emploi-dans-les-grandes-entreprises-du-benin-une-hausse-de-21-en-mars-2025\\\/\"},\"author\":{\"name\":\"La Marina BJ - Team Rapports &amp; Insights\",\"@id\":\"https:\\\/\\\/lamarinabj.com\\\/#\\\/schema\\\/person\\\/57a2768eedff6f88c693baf7a8200a4b\"},\"headline\":\"Emploi dans les grandes entreprises du B\u00e9nin : une hausse de 2,1 % en mars 2025\",\"datePublished\":\"2025-05-15T14:50:46+00:00\",\"dateModified\":\"2025-05-15T14:50:48+00:00\",\"mainEntityOfPage\":{\"@id\":\"https:\\\/\\\/lamarinabj.com\\\/index.php\\\/2025\\\/05\\\/15\\\/emploi-dans-les-grandes-entreprises-du-benin-une-hausse-de-21-en-mars-2025\\\/\"},\"wordCount\":376,\"commentCount\":0,\"image\":{\"@id\":\"https:\\\/\\\/lamarinabj.com\\\/index.php\\\/2025\\\/05\\\/15\\\/emploi-dans-les-grandes-entreprises-du-benin-une-hausse-de-21-en-mars-2025\\\/#primaryimage\"},\"thumbnailUrl\":\"https:\\\/\\\/lamarinabj.com\\\/wp-content\\\/uploads\\\/2024\\\/08\\\/SAVE_20240731_103927-scaled.jpg\",\"keywords\":[\"B\u00e9nin\",\"Indice de l'emploi\"],\"articleSection\":[\"EN SAVOIR PLUS\"],\"inLanguage\":\"fr-FR\",\"potentialAction\":[{\"@type\":\"CommentAction\",\"name\":\"Comment\",\"target\":[\"https:\\\/\\\/lamarinabj.com\\\/index.php\\\/2025\\\/05\\\/15\\\/emploi-dans-les-grandes-entreprises-du-benin-une-hausse-de-21-en-mars-2025\\\/#respond\"]}]},{\"@type\":[\"WebPage\",\"SearchResultsPage\"],\"@id\":\"https:\\\/\\\/lamarinabj.com\\\/index.php\\\/2025\\\/05\\\/15\\\/emploi-dans-les-grandes-entreprises-du-benin-une-hausse-de-21-en-mars-2025\\\/\",\"url\":\"https:\\\/\\\/lamarinabj.com\\\/index.php\\\/2025\\\/05\\\/15\\\/emploi-dans-les-grandes-entreprises-du-benin-une-hausse-de-21-en-mars-2025\\\/\",\"name\":\"Emploi dans les grandes entreprises du B\u00e9nin : une hausse de 2,1 % en mars 2025 - LA MARINA BJ\",\"isPartOf\":{\"@id\":\"https:\\\/\\\/lamarinabj.com\\\/#website\"},\"primaryImageOfPage\":{\"@id\":\"https:\\\/\\\/lamarinabj.com\\\/index.php\\\/2025\\\/05\\\/15\\\/emploi-dans-les-grandes-entreprises-du-benin-une-hausse-de-21-en-mars-2025\\\/#primaryimage\"},\"image\":{\"@id\":\"https:\\\/\\\/lamarinabj.com\\\/index.php\\\/2025\\\/05\\\/15\\\/emploi-dans-les-grandes-entreprises-du-benin-une-hausse-de-21-en-mars-2025\\\/#primaryimage\"},\"thumbnailUrl\":\"https:\\\/\\\/lamarinabj.com\\\/wp-content\\\/uploads\\\/2024\\\/08\\\/SAVE_20240731_103927-scaled.jpg\",\"datePublished\":\"2025-05-15T14:50:46+00:00\",\"dateModified\":\"2025-05-15T14:50:48+00:00\",\"author\":{\"@id\":\"https:\\\/\\\/lamarinabj.com\\\/#\\\/schema\\\/person\\\/57a2768eedff6f88c693baf7a8200a4b\"},\"description\":\"En trois mois, l\u2019indicateur est pass\u00e9 de 112,1 en janvier \u00e0 120,2 en f\u00e9vrier, avant d\u2019atteindre 122,7 en mars.\",\"breadcrumb\":{\"@id\":\"https:\\\/\\\/lamarinabj.com\\\/index.php\\\/2025\\\/05\\\/15\\\/emploi-dans-les-grandes-entreprises-du-benin-une-hausse-de-21-en-mars-2025\\\/#breadcrumb\"},\"inLanguage\":\"fr-FR\",\"potentialAction\":[{\"@type\":\"ReadAction\",\"target\":[\"https:\\\/\\\/lamarinabj.com\\\/index.php\\\/2025\\\/05\\\/15\\\/emploi-dans-les-grandes-entreprises-du-benin-une-hausse-de-21-en-mars-2025\\\/\"]}]},{\"@type\":\"ImageObject\",\"inLanguage\":\"fr-FR\",\"@id\":\"https:\\\/\\\/lamarinabj.com\\\/index.php\\\/2025\\\/05\\\/15\\\/emploi-dans-les-grandes-entreprises-du-benin-une-hausse-de-21-en-mars-2025\\\/#primaryimage\",\"url\":\"https:\\\/\\\/lamarinabj.com\\\/wp-content\\\/uploads\\\/2024\\\/08\\\/SAVE_20240731_103927-scaled.jpg\",\"contentUrl\":\"https:\\\/\\\/lamarinabj.com\\\/wp-content\\\/uploads\\\/2024\\\/08\\\/SAVE_20240731_103927-scaled.jpg\",\"width\":2560,\"height\":1344},{\"@type\":\"BreadcrumbList\",\"@id\":\"https:\\\/\\\/lamarinabj.com\\\/index.php\\\/2025\\\/05\\\/15\\\/emploi-dans-les-grandes-entreprises-du-benin-une-hausse-de-21-en-mars-2025\\\/#breadcrumb\",\"itemListElement\":[{\"@type\":\"ListItem\",\"position\":1,\"name\":\"Accueil\",\"item\":\"https:\\\/\\\/lamarinabj.com\\\/\"},{\"@type\":\"ListItem\",\"position\":2,\"name\":\"Emploi dans les grandes entreprises du B\u00e9nin : une hausse de 2,1 % en mars 2025\"}]},{\"@type\":\"WebSite\",\"@id\":\"https:\\\/\\\/lamarinabj.com\\\/#website\",\"url\":\"https:\\\/\\\/lamarinabj.com\\\/\",\"name\":\"LA MARINA BJ\",\"description\":\"Votre portail vers l&#039;information strat\u00e9gique au B\u00e9nin, en Afrique et au-del\u00e0\",\"potentialAction\":[{\"@type\":\"SearchAction\",\"target\":{\"@type\":\"EntryPoint\",\"urlTemplate\":\"https:\\\/\\\/lamarinabj.com\\\/?s={search_term_string}\"},\"query-input\":{\"@type\":\"PropertyValueSpecification\",\"valueRequired\":true,\"valueName\":\"search_term_string\"}}],\"inLanguage\":\"fr-FR\"},{\"@type\":\"Person\",\"@id\":\"https:\\\/\\\/lamarinabj.com\\\/#\\\/schema\\\/person\\\/57a2768eedff6f88c693baf7a8200a4b\",\"name\":\"La Marina BJ - Team Rapports &amp; Insights\",\"image\":{\"@type\":\"ImageObject\",\"inLanguage\":\"fr-FR\",\"@id\":\"https:\\\/\\\/secure.gravatar.com\\\/avatar\\\/7f629cae83d766ca42b18d3caba2afb53eb3427171bdefc6894ad966f50d8340?s=96&d=mm&r=g\",\"url\":\"https:\\\/\\\/secure.gravatar.com\\\/avatar\\\/7f629cae83d766ca42b18d3caba2afb53eb3427171bdefc6894ad966f50d8340?s=96&d=mm&r=g\",\"contentUrl\":\"https:\\\/\\\/secure.gravatar.com\\\/avatar\\\/7f629cae83d766ca42b18d3caba2afb53eb3427171bdefc6894ad966f50d8340?s=96&d=mm&r=g\",\"caption\":\"La Marina BJ - Team Rapports &amp; Insights\"},\"description\":\"La Team Rapports &amp; Insights de La Marina BJ est d\u00e9di\u00e9e \u00e0 la production, \u00e0 l\u2019analyse et \u00e0 la diffusion des \u00e9tudes, rapports, statistiques et autres qui fa\u00e7onnent la compr\u00e9hension des enjeux \u00e9conomiques, sociaux, politiques etc.\",\"url\":\"https:\\\/\\\/lamarinabj.com\\\/index.php\\\/author\\\/collaboration\\\/\"}]}<\/script>\n<!-- \/ Yoast SEO plugin. -->","yoast_head_json":{"title":"Emploi dans les grandes entreprises du B\u00e9nin : une hausse de 2,1 % en mars 2025 - LA MARINA BJ","description":"En trois mois, l\u2019indicateur est pass\u00e9 de 112,1 en janvier \u00e0 120,2 en f\u00e9vrier, avant d\u2019atteindre 122,7 en mars.","robots":{"index":"index","follow":"follow","max-snippet":"max-snippet:-1","max-image-preview":"max-image-preview:large","max-video-preview":"max-video-preview:-1"},"canonical":"https:\/\/lamarinabj.com\/index.php\/2025\/05\/15\/emploi-dans-les-grandes-entreprises-du-benin-une-hausse-de-21-en-mars-2025\/","og_locale":"fr_FR","og_type":"article","og_title":"Emploi dans les grandes entreprises du B\u00e9nin : une hausse de 2,1 % en mars 2025 - LA MARINA BJ","og_description":"En trois mois, l\u2019indicateur est pass\u00e9 de 112,1 en janvier \u00e0 120,2 en f\u00e9vrier, avant d\u2019atteindre 122,7 en mars.","og_url":"https:\/\/lamarinabj.com\/index.php\/2025\/05\/15\/emploi-dans-les-grandes-entreprises-du-benin-une-hausse-de-21-en-mars-2025\/","og_site_name":"LA MARINA BJ","article_published_time":"2025-05-15T14:50:46+00:00","article_modified_time":"2025-05-15T14:50:48+00:00","og_image":[{"width":2560,"height":1344,"url":"https:\/\/lamarinabj.com\/wp-content\/uploads\/2024\/08\/SAVE_20240731_103927-scaled.jpg","type":"image\/jpeg"}],"author":"La Marina BJ - Team Rapports &amp; Insights","twitter_card":"summary_large_image","twitter_misc":{"\u00c9crit par":"La Marina BJ - Team Rapports &amp; Insights","Dur\u00e9e de lecture estim\u00e9e":"2 minutes"},"schema":{"@context":"https:\/\/schema.org","@graph":[{"@type":"NewsArticle","@id":"https:\/\/lamarinabj.com\/index.php\/2025\/05\/15\/emploi-dans-les-grandes-entreprises-du-benin-une-hausse-de-21-en-mars-2025\/#article","isPartOf":{"@id":"https:\/\/lamarinabj.com\/index.php\/2025\/05\/15\/emploi-dans-les-grandes-entreprises-du-benin-une-hausse-de-21-en-mars-2025\/"},"author":{"name":"La Marina BJ - Team Rapports &amp; Insights","@id":"https:\/\/lamarinabj.com\/#\/schema\/person\/57a2768eedff6f88c693baf7a8200a4b"},"headline":"Emploi dans les grandes entreprises du B\u00e9nin : une hausse de 2,1 % en mars 2025","datePublished":"2025-05-15T14:50:46+00:00","dateModified":"2025-05-15T14:50:48+00:00","mainEntityOfPage":{"@id":"https:\/\/lamarinabj.com\/index.php\/2025\/05\/15\/emploi-dans-les-grandes-entreprises-du-benin-une-hausse-de-21-en-mars-2025\/"},"wordCount":376,"commentCount":0,"image":{"@id":"https:\/\/lamarinabj.com\/index.php\/2025\/05\/15\/emploi-dans-les-grandes-entreprises-du-benin-une-hausse-de-21-en-mars-2025\/#primaryimage"},"thumbnailUrl":"https:\/\/lamarinabj.com\/wp-content\/uploads\/2024\/08\/SAVE_20240731_103927-scaled.jpg","keywords":["B\u00e9nin","Indice de l'emploi"],"articleSection":["EN SAVOIR PLUS"],"inLanguage":"fr-FR","potentialAction":[{"@type":"CommentAction","name":"Comment","target":["https:\/\/lamarinabj.com\/index.php\/2025\/05\/15\/emploi-dans-les-grandes-entreprises-du-benin-une-hausse-de-21-en-mars-2025\/#respond"]}]},{"@type":["WebPage","SearchResultsPage"],"@id":"https:\/\/lamarinabj.com\/index.php\/2025\/05\/15\/emploi-dans-les-grandes-entreprises-du-benin-une-hausse-de-21-en-mars-2025\/","url":"https:\/\/lamarinabj.com\/index.php\/2025\/05\/15\/emploi-dans-les-grandes-entreprises-du-benin-une-hausse-de-21-en-mars-2025\/","name":"Emploi dans les grandes entreprises du B\u00e9nin : une hausse de 2,1 % en mars 2025 - LA MARINA BJ","isPartOf":{"@id":"https:\/\/lamarinabj.com\/#website"},"primaryImageOfPage":{"@id":"https:\/\/lamarinabj.com\/index.php\/2025\/05\/15\/emploi-dans-les-grandes-entreprises-du-benin-une-hausse-de-21-en-mars-2025\/#primaryimage"},"image":{"@id":"https:\/\/lamarinabj.com\/index.php\/2025\/05\/15\/emploi-dans-les-grandes-entreprises-du-benin-une-hausse-de-21-en-mars-2025\/#primaryimage"},"thumbnailUrl":"https:\/\/lamarinabj.com\/wp-content\/uploads\/2024\/08\/SAVE_20240731_103927-scaled.jpg","datePublished":"2025-05-15T14:50:46+00:00","dateModified":"2025-05-15T14:50:48+00:00","author":{"@id":"https:\/\/lamarinabj.com\/#\/schema\/person\/57a2768eedff6f88c693baf7a8200a4b"},"description":"En trois mois, l\u2019indicateur est pass\u00e9 de 112,1 en janvier \u00e0 120,2 en f\u00e9vrier, avant d\u2019atteindre 122,7 en mars.","breadcrumb":{"@id":"https:\/\/lamarinabj.com\/index.php\/2025\/05\/15\/emploi-dans-les-grandes-entreprises-du-benin-une-hausse-de-21-en-mars-2025\/#breadcrumb"},"inLanguage":"fr-FR","potentialAction":[{"@type":"ReadAction","target":["https:\/\/lamarinabj.com\/index.php\/2025\/05\/15\/emploi-dans-les-grandes-entreprises-du-benin-une-hausse-de-21-en-mars-2025\/"]}]},{"@type":"ImageObject","inLanguage":"fr-FR","@id":"https:\/\/lamarinabj.com\/index.php\/2025\/05\/15\/emploi-dans-les-grandes-entreprises-du-benin-une-hausse-de-21-en-mars-2025\/#primaryimage","url":"https:\/\/lamarinabj.com\/wp-content\/uploads\/2024\/08\/SAVE_20240731_103927-scaled.jpg","contentUrl":"https:\/\/lamarinabj.com\/wp-content\/uploads\/2024\/08\/SAVE_20240731_103927-scaled.jpg","width":2560,"height":1344},{"@type":"BreadcrumbList","@id":"https:\/\/lamarinabj.com\/index.php\/2025\/05\/15\/emploi-dans-les-grandes-entreprises-du-benin-une-hausse-de-21-en-mars-2025\/#breadcrumb","itemListElement":[{"@type":"ListItem","position":1,"name":"Accueil","item":"https:\/\/lamarinabj.com\/"},{"@type":"ListItem","position":2,"name":"Emploi dans les grandes entreprises du B\u00e9nin : une hausse de 2,1 % en mars 2025"}]},{"@type":"WebSite","@id":"https:\/\/lamarinabj.com\/#website","url":"https:\/\/lamarinabj.com\/","name":"LA MARINA BJ","description":"Votre portail vers l&#039;information strat\u00e9gique au B\u00e9nin, en Afrique et au-del\u00e0","potentialAction":[{"@type":"SearchAction","target":{"@type":"EntryPoint","urlTemplate":"https:\/\/lamarinabj.com\/?s={search_term_string}"},"query-input":{"@type":"PropertyValueSpecification","valueRequired":true,"valueName":"search_term_string"}}],"inLanguage":"fr-FR"},{"@type":"Person","@id":"https:\/\/lamarinabj.com\/#\/schema\/person\/57a2768eedff6f88c693baf7a8200a4b","name":"La Marina BJ - Team Rapports &amp; Insights","image":{"@type":"ImageObject","inLanguage":"fr-FR","@id":"https:\/\/secure.gravatar.com\/avatar\/7f629cae83d766ca42b18d3caba2afb53eb3427171bdefc6894ad966f50d8340?s=96&d=mm&r=g","url":"https:\/\/secure.gravatar.com\/avatar\/7f629cae83d766ca42b18d3caba2afb53eb3427171bdefc6894ad966f50d8340?s=96&d=mm&r=g","contentUrl":"https:\/\/secure.gravatar.com\/avatar\/7f629cae83d766ca42b18d3caba2afb53eb3427171bdefc6894ad966f50d8340?s=96&d=mm&r=g","caption":"La Marina BJ - Team Rapports &amp; Insights"},"description":"La Team Rapports &amp; Insights de La Marina BJ est d\u00e9di\u00e9e \u00e0 la production, \u00e0 l\u2019analyse et \u00e0 la diffusion des \u00e9tudes, rapports, statistiques et autres qui fa\u00e7onnent la compr\u00e9hension des enjeux \u00e9conomiques, sociaux, politiques etc.","url":"https:\/\/lamarinabj.com\/index.php\/author\/collaboration\/"}]}},"_links":{"self":[{"href":"https:\/\/lamarinabj.com\/index.php\/wp-json\/wp\/v2\/posts\/10931","targetHints":{"allow":["GET"]}}],"collection":[{"href":"https:\/\/lamarinabj.com\/index.php\/wp-json\/wp\/v2\/posts"}],"about":[{"href":"https:\/\/lamarinabj.com\/index.php\/wp-json\/wp\/v2\/types\/post"}],"author":[{"embeddable":true,"href":"https:\/\/lamarinabj.com\/index.php\/wp-json\/wp\/v2\/users\/10"}],"replies":[{"embeddable":true,"href":"https:\/\/lamarinabj.com\/index.php\/wp-json\/wp\/v2\/comments?post=10931"}],"version-history":[{"count":1,"href":"https:\/\/lamarinabj.com\/index.php\/wp-json\/wp\/v2\/posts\/10931\/revisions"}],"predecessor-version":[{"id":10932,"href":"https:\/\/lamarinabj.com\/index.php\/wp-json\/wp\/v2\/posts\/10931\/revisions\/10932"}],"wp:featuredmedia":[{"embeddable":true,"href":"https:\/\/lamarinabj.com\/index.php\/wp-json\/wp\/v2\/media\/7300"}],"wp:attachment":[{"href":"https:\/\/lamarinabj.com\/index.php\/wp-json\/wp\/v2\/media?parent=10931"}],"wp:term":[{"taxonomy":"category","embeddable":true,"href":"https:\/\/lamarinabj.com\/index.php\/wp-json\/wp\/v2\/categories?post=10931"},{"taxonomy":"post_tag","embeddable":true,"href":"https:\/\/lamarinabj.com\/index.php\/wp-json\/wp\/v2\/tags?post=10931"}],"curies":[{"name":"wp","href":"https:\/\/api.w.org\/{rel}","templated":true}]}}