{"id":10991,"date":"2025-05-21T13:37:54","date_gmt":"2025-05-21T12:37:54","guid":{"rendered":"https:\/\/lamarinabj.com\/?p=10991"},"modified":"2025-05-21T13:47:12","modified_gmt":"2025-05-21T12:47:12","slug":"port-de-cotonou-fin-des-demandes-de-titres-dacces-permanents-2025-fixee-au-18-juin","status":"publish","type":"post","link":"https:\/\/lamarinabj.com\/index.php\/2025\/05\/21\/port-de-cotonou-fin-des-demandes-de-titres-dacces-permanents-2025-fixee-au-18-juin\/","title":{"rendered":"Port de Cotonou : fin des demandes de titres d\u2019acc\u00e8s permanents 2025 fix\u00e9e au 18 juin"},"content":{"rendered":"\n<p><strong><mark style=\"background-color:rgba(0, 0, 0, 0)\" class=\"has-inline-color has-red-color\">S\u00e9curit\u00e9 Maritime, B\u00e9nin<\/mark><\/strong> &#8211; <strong><em>La Direction g\u00e9n\u00e9rale du Port autonome de Cotonou (PAC) met la pression sur les structures op\u00e9rant dans l\u2019enceinte portuaire. Dans une note d&rsquo;information dat\u00e9e du 20 mai 2025, l\u2019autorit\u00e9 portuaire annonce que les formalit\u00e9s relatives \u00e0 l\u2019obtention des titres d\u2019acc\u00e8s permanents pour l\u2019exercice 2025 prennent fin de mani\u00e8re d\u00e9finitive le 18 juin prochain.<\/em><\/strong><\/p>\n\n\n\n<p>Cette \u00e9ch\u00e9ance concerne l\u2019ensemble des acteurs \u00e9conomiques pr\u00e9sents sur la plateforme portuaire, avec une attention particuli\u00e8re port\u00e9e aux op\u00e9rateurs mobilis\u00e9s sur les chantiers d\u2019envergure actuellement en cours. Le PAC les invite \u00e0 se conformer sans d\u00e9lai \u00e0 cette obligation administrative, indispensable \u00e0 la r\u00e9gulation des acc\u00e8s dans une zone strat\u00e9gique r\u00e9gie par des r\u00e8gles de s\u00fbret\u00e9 strictes, en lien avec le Code ISPS (International Ship and Port Facility Security Code).<\/p>\n\n\n\n<h2 id=\"pas-de-prolongation-prevue\" class=\"wp-block-heading\"><mark style=\"background-color:rgba(0, 0, 0, 0)\" class=\"has-inline-color has-red-color\">Pas de prolongation pr\u00e9vue<\/mark><\/h2>\n\n\n\n<p>Selon les termes du communiqu\u00e9, la date du 18 juin marque une cl\u00f4ture ferme des proc\u00e9dures, ce qui exclut toute forme de prorogation. Les structures retardataires risquent donc de se voir restreindre l\u2019acc\u00e8s aux installations, avec pour cons\u00e9quence possible un blocage temporaire de leurs activit\u00e9s op\u00e9rationnelles sur le port.<\/p>\n\n\n\n<p>Dans la perspective de l\u2019exercice suivant, la Direction g\u00e9n\u00e9rale recommande aux usagers de se rapprocher des services comp\u00e9tents, en particulier de la Direction des Op\u00e9rations Portuaires et de la S\u00e9curit\u00e9 (DOPS), d\u00e8s la publication du communiqu\u00e9 portant sur la campagne 2026.<\/p>\n\n\n\n<h2 id=\"securisation-accrue\" class=\"wp-block-heading\"><mark style=\"background-color:rgba(0, 0, 0, 0)\" class=\"has-inline-color has-red-color\">S\u00e9curisation accrue<\/mark><\/h2>\n\n\n\n<p>Pour rappel, le Port autonome de Cotonou, en conformit\u00e9 avec les standards internationaux, a engag\u00e9 depuis quelques ann\u00e9es une r\u00e9organisation de son dispositif d\u2019acc\u00e8s. L\u2019objectif est de renforcer le contr\u00f4le des flux, d\u2019optimiser la s\u00e9curit\u00e9 des zones d\u2019activit\u00e9 portuaire et de garantir une meilleure tra\u00e7abilit\u00e9 des op\u00e9rateurs autoris\u00e9s \u00e0 circuler dans l\u2019enceinte.<\/p>\n\n\n\n<p>\u00c0 la crois\u00e9e des enjeux logistiques de la r\u00e9gion, le principal port b\u00e9ninois entend ainsi maintenir son attractivit\u00e9 et sa conformit\u00e9 aux exigences internationales. Une ambition qui passe aussi par une<strong><mark style=\"background-color:rgba(0, 0, 0, 0)\" class=\"has-inline-color has-green-color\"> <\/mark><a href=\"https:\/\/lamarinabj.com\/index.php\/2024\/09\/17\/demandes-de-titres-dacces-au-port-de-cotonou-en-2025-procedures-simplifiees-mais-vigilance-accrue\/\"><mark style=\"background-color:rgba(0, 0, 0, 0)\" class=\"has-inline-color has-green-color\">discipline administrative<\/mark><\/a><\/strong><a href=\"https:\/\/lamarinabj.com\/index.php\/2024\/09\/17\/demandes-de-titres-dacces-au-port-de-cotonou-en-2025-procedures-simplifiees-mais-vigilance-accrue\/\"> <\/a>stricte, \u00e0 laquelle les acteurs du secteur sont une nouvelle fois appel\u00e9s \u00e0 se plier.<\/p>\n","protected":false},"excerpt":{"rendered":"S\u00e9curit\u00e9 Maritime, B\u00e9nin &#8211; La Direction g\u00e9n\u00e9rale du Port autonome de Cotonou (PAC) met la pression sur les&hellip;\n","protected":false},"author":8,"featured_media":10992,"comment_status":"open","ping_status":"open","sticky":false,"template":"elementor_theme","format":"standard","meta":{"csco_singular_sidebar":"","csco_page_header_type":"standard","csco_appearance_masonry":"","csco_page_load_nextpost":"","csco_post_video_location":[],"csco_post_video_location_hash":"","csco_post_video_url":"","csco_post_video_bg_start_time":0,"csco_post_video_bg_end_time":0,"footnotes":""},"categories":[191],"tags":[41,341],"class_list":{"0":"post-10991","1":"post","2":"type-post","3":"status-publish","4":"format-standard","5":"has-post-thumbnail","7":"category-en-savoir-plus-2","8":"tag-benin","9":"tag-port-autonome-de-cotonou","10":"cs-entry","11":"cs-video-wrap"},"yoast_head":"<!-- This site is optimized with the Yoast SEO plugin v27.4 - https:\/\/yoast.com\/product\/yoast-seo-wordpress\/ -->\n<title>Port de Cotonou : fin des demandes de titres d\u2019acc\u00e8s permanents 2025 fix\u00e9e au 18 juin - LA MARINA BJ<\/title>\n<meta name=\"description\" content=\"La Direction g\u00e9n\u00e9rale du Port autonome de Cotonou (PAC) met la pression sur les structures op\u00e9rant dans l\u2019enceinte portuaire\" \/>\n<meta name=\"robots\" content=\"index, follow, max-snippet:-1, max-image-preview:large, max-video-preview:-1\" \/>\n<link rel=\"canonical\" href=\"https:\/\/lamarinabj.com\/index.php\/2025\/05\/21\/port-de-cotonou-fin-des-demandes-de-titres-dacces-permanents-2025-fixee-au-18-juin\/\" \/>\n<meta property=\"og:locale\" content=\"fr_FR\" \/>\n<meta property=\"og:type\" content=\"article\" \/>\n<meta property=\"og:title\" content=\"Port de Cotonou : fin des demandes de titres d\u2019acc\u00e8s permanents 2025 fix\u00e9e au 18 juin - LA MARINA BJ\" \/>\n<meta property=\"og:description\" content=\"La Direction g\u00e9n\u00e9rale du Port autonome de Cotonou (PAC) met la pression sur les structures op\u00e9rant dans l\u2019enceinte portuaire\" \/>\n<meta property=\"og:url\" content=\"https:\/\/lamarinabj.com\/index.php\/2025\/05\/21\/port-de-cotonou-fin-des-demandes-de-titres-dacces-permanents-2025-fixee-au-18-juin\/\" \/>\n<meta property=\"og:site_name\" content=\"LA MARINA BJ\" \/>\n<meta property=\"article:published_time\" content=\"2025-05-21T12:37:54+00:00\" \/>\n<meta property=\"article:modified_time\" content=\"2025-05-21T12:47:12+00:00\" \/>\n<meta property=\"og:image\" content=\"https:\/\/lamarinabj.com\/wp-content\/uploads\/2025\/05\/Yellow-and-Blue-Web-Development-Facebook-Post_20250521_133151_0000.jpg\" \/>\n\t<meta property=\"og:image:width\" content=\"1080\" \/>\n\t<meta property=\"og:image:height\" content=\"1080\" \/>\n\t<meta property=\"og:image:type\" content=\"image\/jpeg\" \/>\n<meta name=\"author\" content=\"La Marina BJ - Team Business &amp; \u00c9conomie &amp; Finances\" \/>\n<meta name=\"twitter:card\" content=\"summary_large_image\" \/>\n<meta name=\"twitter:label1\" content=\"\u00c9crit par\" \/>\n\t<meta name=\"twitter:data1\" content=\"La Marina BJ - Team Business &amp; \u00c9conomie &amp; Finances\" \/>\n\t<meta name=\"twitter:label2\" content=\"Dur\u00e9e de lecture estim\u00e9e\" \/>\n\t<meta name=\"twitter:data2\" content=\"2 minutes\" \/>\n<script type=\"application\/ld+json\" class=\"yoast-schema-graph\">{\"@context\":\"https:\\\/\\\/schema.org\",\"@graph\":[{\"@type\":\"NewsArticle\",\"@id\":\"https:\\\/\\\/lamarinabj.com\\\/index.php\\\/2025\\\/05\\\/21\\\/port-de-cotonou-fin-des-demandes-de-titres-dacces-permanents-2025-fixee-au-18-juin\\\/#article\",\"isPartOf\":{\"@id\":\"https:\\\/\\\/lamarinabj.com\\\/index.php\\\/2025\\\/05\\\/21\\\/port-de-cotonou-fin-des-demandes-de-titres-dacces-permanents-2025-fixee-au-18-juin\\\/\"},\"author\":{\"name\":\"La Marina BJ - Team Business &amp; \u00c9conomie &amp; Finances\",\"@id\":\"https:\\\/\\\/lamarinabj.com\\\/#\\\/schema\\\/person\\\/daecc7fb1eea21418f92763d06a3f4b4\"},\"headline\":\"Port de Cotonou : fin des demandes de titres d\u2019acc\u00e8s permanents 2025 fix\u00e9e au 18 juin\",\"datePublished\":\"2025-05-21T12:37:54+00:00\",\"dateModified\":\"2025-05-21T12:47:12+00:00\",\"mainEntityOfPage\":{\"@id\":\"https:\\\/\\\/lamarinabj.com\\\/index.php\\\/2025\\\/05\\\/21\\\/port-de-cotonou-fin-des-demandes-de-titres-dacces-permanents-2025-fixee-au-18-juin\\\/\"},\"wordCount\":389,\"commentCount\":0,\"image\":{\"@id\":\"https:\\\/\\\/lamarinabj.com\\\/index.php\\\/2025\\\/05\\\/21\\\/port-de-cotonou-fin-des-demandes-de-titres-dacces-permanents-2025-fixee-au-18-juin\\\/#primaryimage\"},\"thumbnailUrl\":\"https:\\\/\\\/lamarinabj.com\\\/wp-content\\\/uploads\\\/2025\\\/05\\\/Yellow-and-Blue-Web-Development-Facebook-Post_20250521_133151_0000.jpg\",\"keywords\":[\"B\u00e9nin\",\"Port autonome de Cotonou\"],\"articleSection\":[\"EN SAVOIR PLUS\"],\"inLanguage\":\"fr-FR\",\"potentialAction\":[{\"@type\":\"CommentAction\",\"name\":\"Comment\",\"target\":[\"https:\\\/\\\/lamarinabj.com\\\/index.php\\\/2025\\\/05\\\/21\\\/port-de-cotonou-fin-des-demandes-de-titres-dacces-permanents-2025-fixee-au-18-juin\\\/#respond\"]}]},{\"@type\":[\"WebPage\",\"SearchResultsPage\"],\"@id\":\"https:\\\/\\\/lamarinabj.com\\\/index.php\\\/2025\\\/05\\\/21\\\/port-de-cotonou-fin-des-demandes-de-titres-dacces-permanents-2025-fixee-au-18-juin\\\/\",\"url\":\"https:\\\/\\\/lamarinabj.com\\\/index.php\\\/2025\\\/05\\\/21\\\/port-de-cotonou-fin-des-demandes-de-titres-dacces-permanents-2025-fixee-au-18-juin\\\/\",\"name\":\"Port de Cotonou : fin des demandes de titres d\u2019acc\u00e8s permanents 2025 fix\u00e9e au 18 juin - LA MARINA BJ\",\"isPartOf\":{\"@id\":\"https:\\\/\\\/lamarinabj.com\\\/#website\"},\"primaryImageOfPage\":{\"@id\":\"https:\\\/\\\/lamarinabj.com\\\/index.php\\\/2025\\\/05\\\/21\\\/port-de-cotonou-fin-des-demandes-de-titres-dacces-permanents-2025-fixee-au-18-juin\\\/#primaryimage\"},\"image\":{\"@id\":\"https:\\\/\\\/lamarinabj.com\\\/index.php\\\/2025\\\/05\\\/21\\\/port-de-cotonou-fin-des-demandes-de-titres-dacces-permanents-2025-fixee-au-18-juin\\\/#primaryimage\"},\"thumbnailUrl\":\"https:\\\/\\\/lamarinabj.com\\\/wp-content\\\/uploads\\\/2025\\\/05\\\/Yellow-and-Blue-Web-Development-Facebook-Post_20250521_133151_0000.jpg\",\"datePublished\":\"2025-05-21T12:37:54+00:00\",\"dateModified\":\"2025-05-21T12:47:12+00:00\",\"author\":{\"@id\":\"https:\\\/\\\/lamarinabj.com\\\/#\\\/schema\\\/person\\\/daecc7fb1eea21418f92763d06a3f4b4\"},\"description\":\"La Direction g\u00e9n\u00e9rale du Port autonome de Cotonou (PAC) met la pression sur les structures op\u00e9rant dans l\u2019enceinte portuaire\",\"breadcrumb\":{\"@id\":\"https:\\\/\\\/lamarinabj.com\\\/index.php\\\/2025\\\/05\\\/21\\\/port-de-cotonou-fin-des-demandes-de-titres-dacces-permanents-2025-fixee-au-18-juin\\\/#breadcrumb\"},\"inLanguage\":\"fr-FR\",\"potentialAction\":[{\"@type\":\"ReadAction\",\"target\":[\"https:\\\/\\\/lamarinabj.com\\\/index.php\\\/2025\\\/05\\\/21\\\/port-de-cotonou-fin-des-demandes-de-titres-dacces-permanents-2025-fixee-au-18-juin\\\/\"]}]},{\"@type\":\"ImageObject\",\"inLanguage\":\"fr-FR\",\"@id\":\"https:\\\/\\\/lamarinabj.com\\\/index.php\\\/2025\\\/05\\\/21\\\/port-de-cotonou-fin-des-demandes-de-titres-dacces-permanents-2025-fixee-au-18-juin\\\/#primaryimage\",\"url\":\"https:\\\/\\\/lamarinabj.com\\\/wp-content\\\/uploads\\\/2025\\\/05\\\/Yellow-and-Blue-Web-Development-Facebook-Post_20250521_133151_0000.jpg\",\"contentUrl\":\"https:\\\/\\\/lamarinabj.com\\\/wp-content\\\/uploads\\\/2025\\\/05\\\/Yellow-and-Blue-Web-Development-Facebook-Post_20250521_133151_0000.jpg\",\"width\":1080,\"height\":1080},{\"@type\":\"BreadcrumbList\",\"@id\":\"https:\\\/\\\/lamarinabj.com\\\/index.php\\\/2025\\\/05\\\/21\\\/port-de-cotonou-fin-des-demandes-de-titres-dacces-permanents-2025-fixee-au-18-juin\\\/#breadcrumb\",\"itemListElement\":[{\"@type\":\"ListItem\",\"position\":1,\"name\":\"Accueil\",\"item\":\"https:\\\/\\\/lamarinabj.com\\\/\"},{\"@type\":\"ListItem\",\"position\":2,\"name\":\"Port de Cotonou : fin des demandes de titres d\u2019acc\u00e8s permanents 2025 fix\u00e9e au 18 juin\"}]},{\"@type\":\"WebSite\",\"@id\":\"https:\\\/\\\/lamarinabj.com\\\/#website\",\"url\":\"https:\\\/\\\/lamarinabj.com\\\/\",\"name\":\"LA MARINA BJ\",\"description\":\"Votre portail vers l&#039;information strat\u00e9gique au B\u00e9nin, en Afrique et au-del\u00e0\",\"potentialAction\":[{\"@type\":\"SearchAction\",\"target\":{\"@type\":\"EntryPoint\",\"urlTemplate\":\"https:\\\/\\\/lamarinabj.com\\\/?s={search_term_string}\"},\"query-input\":{\"@type\":\"PropertyValueSpecification\",\"valueRequired\":true,\"valueName\":\"search_term_string\"}}],\"inLanguage\":\"fr-FR\"},{\"@type\":\"Person\",\"@id\":\"https:\\\/\\\/lamarinabj.com\\\/#\\\/schema\\\/person\\\/daecc7fb1eea21418f92763d06a3f4b4\",\"name\":\"La Marina BJ - Team Business &amp; \u00c9conomie &amp; Finances\",\"image\":{\"@type\":\"ImageObject\",\"inLanguage\":\"fr-FR\",\"@id\":\"https:\\\/\\\/secure.gravatar.com\\\/avatar\\\/007be62133093bb48d247a392503beff272bc6a9503872d32895035e0e72b4f7?s=96&d=mm&r=g\",\"url\":\"https:\\\/\\\/secure.gravatar.com\\\/avatar\\\/007be62133093bb48d247a392503beff272bc6a9503872d32895035e0e72b4f7?s=96&d=mm&r=g\",\"contentUrl\":\"https:\\\/\\\/secure.gravatar.com\\\/avatar\\\/007be62133093bb48d247a392503beff272bc6a9503872d32895035e0e72b4f7?s=96&d=mm&r=g\",\"caption\":\"La Marina BJ - Team Business &amp; \u00c9conomie &amp; Finances\"},\"description\":\"La Team \u00c9conomie &amp; Finances de La Marina BJ d\u00e9crypte les dynamiques \u00e9conomiques qui fa\u00e7onnent le B\u00e9nin, l\u2019Afrique et le monde. Compos\u00e9e de journalistes \u00e9conomiques, d\u2019analystes sectoriels et de veilleurs sp\u00e9cialis\u00e9s, elle s\u2019attache \u00e0 rendre lisibles les m\u00e9canismes financiers, les politiques budg\u00e9taires, les r\u00e9formes fiscales et les grandes orientations macro\u00e9conomiques. Son ambition : \u00e9clairer les choix, anticiper les tendances et outiller les d\u00e9cideurs \u2014 publics comme priv\u00e9s \u2014 dans un environnement \u00e9conomique en constante mutation.\",\"url\":\"https:\\\/\\\/lamarinabj.com\\\/index.php\\\/author\\\/ernestine\\\/\"}]}<\/script>\n<!-- \/ Yoast SEO plugin. -->","yoast_head_json":{"title":"Port de Cotonou : fin des demandes de titres d\u2019acc\u00e8s permanents 2025 fix\u00e9e au 18 juin - LA MARINA BJ","description":"La Direction g\u00e9n\u00e9rale du Port autonome de Cotonou (PAC) met la pression sur les structures op\u00e9rant dans l\u2019enceinte portuaire","robots":{"index":"index","follow":"follow","max-snippet":"max-snippet:-1","max-image-preview":"max-image-preview:large","max-video-preview":"max-video-preview:-1"},"canonical":"https:\/\/lamarinabj.com\/index.php\/2025\/05\/21\/port-de-cotonou-fin-des-demandes-de-titres-dacces-permanents-2025-fixee-au-18-juin\/","og_locale":"fr_FR","og_type":"article","og_title":"Port de Cotonou : fin des demandes de titres d\u2019acc\u00e8s permanents 2025 fix\u00e9e au 18 juin - LA MARINA BJ","og_description":"La Direction g\u00e9n\u00e9rale du Port autonome de Cotonou (PAC) met la pression sur les structures op\u00e9rant dans l\u2019enceinte portuaire","og_url":"https:\/\/lamarinabj.com\/index.php\/2025\/05\/21\/port-de-cotonou-fin-des-demandes-de-titres-dacces-permanents-2025-fixee-au-18-juin\/","og_site_name":"LA MARINA BJ","article_published_time":"2025-05-21T12:37:54+00:00","article_modified_time":"2025-05-21T12:47:12+00:00","og_image":[{"width":1080,"height":1080,"url":"https:\/\/lamarinabj.com\/wp-content\/uploads\/2025\/05\/Yellow-and-Blue-Web-Development-Facebook-Post_20250521_133151_0000.jpg","type":"image\/jpeg"}],"author":"La Marina BJ - Team Business &amp; \u00c9conomie &amp; Finances","twitter_card":"summary_large_image","twitter_misc":{"\u00c9crit par":"La Marina BJ - Team Business &amp; \u00c9conomie &amp; Finances","Dur\u00e9e de lecture estim\u00e9e":"2 minutes"},"schema":{"@context":"https:\/\/schema.org","@graph":[{"@type":"NewsArticle","@id":"https:\/\/lamarinabj.com\/index.php\/2025\/05\/21\/port-de-cotonou-fin-des-demandes-de-titres-dacces-permanents-2025-fixee-au-18-juin\/#article","isPartOf":{"@id":"https:\/\/lamarinabj.com\/index.php\/2025\/05\/21\/port-de-cotonou-fin-des-demandes-de-titres-dacces-permanents-2025-fixee-au-18-juin\/"},"author":{"name":"La Marina BJ - Team Business &amp; \u00c9conomie &amp; Finances","@id":"https:\/\/lamarinabj.com\/#\/schema\/person\/daecc7fb1eea21418f92763d06a3f4b4"},"headline":"Port de Cotonou : fin des demandes de titres d\u2019acc\u00e8s permanents 2025 fix\u00e9e au 18 juin","datePublished":"2025-05-21T12:37:54+00:00","dateModified":"2025-05-21T12:47:12+00:00","mainEntityOfPage":{"@id":"https:\/\/lamarinabj.com\/index.php\/2025\/05\/21\/port-de-cotonou-fin-des-demandes-de-titres-dacces-permanents-2025-fixee-au-18-juin\/"},"wordCount":389,"commentCount":0,"image":{"@id":"https:\/\/lamarinabj.com\/index.php\/2025\/05\/21\/port-de-cotonou-fin-des-demandes-de-titres-dacces-permanents-2025-fixee-au-18-juin\/#primaryimage"},"thumbnailUrl":"https:\/\/lamarinabj.com\/wp-content\/uploads\/2025\/05\/Yellow-and-Blue-Web-Development-Facebook-Post_20250521_133151_0000.jpg","keywords":["B\u00e9nin","Port autonome de Cotonou"],"articleSection":["EN SAVOIR PLUS"],"inLanguage":"fr-FR","potentialAction":[{"@type":"CommentAction","name":"Comment","target":["https:\/\/lamarinabj.com\/index.php\/2025\/05\/21\/port-de-cotonou-fin-des-demandes-de-titres-dacces-permanents-2025-fixee-au-18-juin\/#respond"]}]},{"@type":["WebPage","SearchResultsPage"],"@id":"https:\/\/lamarinabj.com\/index.php\/2025\/05\/21\/port-de-cotonou-fin-des-demandes-de-titres-dacces-permanents-2025-fixee-au-18-juin\/","url":"https:\/\/lamarinabj.com\/index.php\/2025\/05\/21\/port-de-cotonou-fin-des-demandes-de-titres-dacces-permanents-2025-fixee-au-18-juin\/","name":"Port de Cotonou : fin des demandes de titres d\u2019acc\u00e8s permanents 2025 fix\u00e9e au 18 juin - LA MARINA BJ","isPartOf":{"@id":"https:\/\/lamarinabj.com\/#website"},"primaryImageOfPage":{"@id":"https:\/\/lamarinabj.com\/index.php\/2025\/05\/21\/port-de-cotonou-fin-des-demandes-de-titres-dacces-permanents-2025-fixee-au-18-juin\/#primaryimage"},"image":{"@id":"https:\/\/lamarinabj.com\/index.php\/2025\/05\/21\/port-de-cotonou-fin-des-demandes-de-titres-dacces-permanents-2025-fixee-au-18-juin\/#primaryimage"},"thumbnailUrl":"https:\/\/lamarinabj.com\/wp-content\/uploads\/2025\/05\/Yellow-and-Blue-Web-Development-Facebook-Post_20250521_133151_0000.jpg","datePublished":"2025-05-21T12:37:54+00:00","dateModified":"2025-05-21T12:47:12+00:00","author":{"@id":"https:\/\/lamarinabj.com\/#\/schema\/person\/daecc7fb1eea21418f92763d06a3f4b4"},"description":"La Direction g\u00e9n\u00e9rale du Port autonome de Cotonou (PAC) met la pression sur les structures op\u00e9rant dans l\u2019enceinte portuaire","breadcrumb":{"@id":"https:\/\/lamarinabj.com\/index.php\/2025\/05\/21\/port-de-cotonou-fin-des-demandes-de-titres-dacces-permanents-2025-fixee-au-18-juin\/#breadcrumb"},"inLanguage":"fr-FR","potentialAction":[{"@type":"ReadAction","target":["https:\/\/lamarinabj.com\/index.php\/2025\/05\/21\/port-de-cotonou-fin-des-demandes-de-titres-dacces-permanents-2025-fixee-au-18-juin\/"]}]},{"@type":"ImageObject","inLanguage":"fr-FR","@id":"https:\/\/lamarinabj.com\/index.php\/2025\/05\/21\/port-de-cotonou-fin-des-demandes-de-titres-dacces-permanents-2025-fixee-au-18-juin\/#primaryimage","url":"https:\/\/lamarinabj.com\/wp-content\/uploads\/2025\/05\/Yellow-and-Blue-Web-Development-Facebook-Post_20250521_133151_0000.jpg","contentUrl":"https:\/\/lamarinabj.com\/wp-content\/uploads\/2025\/05\/Yellow-and-Blue-Web-Development-Facebook-Post_20250521_133151_0000.jpg","width":1080,"height":1080},{"@type":"BreadcrumbList","@id":"https:\/\/lamarinabj.com\/index.php\/2025\/05\/21\/port-de-cotonou-fin-des-demandes-de-titres-dacces-permanents-2025-fixee-au-18-juin\/#breadcrumb","itemListElement":[{"@type":"ListItem","position":1,"name":"Accueil","item":"https:\/\/lamarinabj.com\/"},{"@type":"ListItem","position":2,"name":"Port de Cotonou : fin des demandes de titres d\u2019acc\u00e8s permanents 2025 fix\u00e9e au 18 juin"}]},{"@type":"WebSite","@id":"https:\/\/lamarinabj.com\/#website","url":"https:\/\/lamarinabj.com\/","name":"LA MARINA BJ","description":"Votre portail vers l&#039;information strat\u00e9gique au B\u00e9nin, en Afrique et au-del\u00e0","potentialAction":[{"@type":"SearchAction","target":{"@type":"EntryPoint","urlTemplate":"https:\/\/lamarinabj.com\/?s={search_term_string}"},"query-input":{"@type":"PropertyValueSpecification","valueRequired":true,"valueName":"search_term_string"}}],"inLanguage":"fr-FR"},{"@type":"Person","@id":"https:\/\/lamarinabj.com\/#\/schema\/person\/daecc7fb1eea21418f92763d06a3f4b4","name":"La Marina BJ - Team Business &amp; \u00c9conomie &amp; Finances","image":{"@type":"ImageObject","inLanguage":"fr-FR","@id":"https:\/\/secure.gravatar.com\/avatar\/007be62133093bb48d247a392503beff272bc6a9503872d32895035e0e72b4f7?s=96&d=mm&r=g","url":"https:\/\/secure.gravatar.com\/avatar\/007be62133093bb48d247a392503beff272bc6a9503872d32895035e0e72b4f7?s=96&d=mm&r=g","contentUrl":"https:\/\/secure.gravatar.com\/avatar\/007be62133093bb48d247a392503beff272bc6a9503872d32895035e0e72b4f7?s=96&d=mm&r=g","caption":"La Marina BJ - Team Business &amp; \u00c9conomie &amp; Finances"},"description":"La Team \u00c9conomie &amp; Finances de La Marina BJ d\u00e9crypte les dynamiques \u00e9conomiques qui fa\u00e7onnent le B\u00e9nin, l\u2019Afrique et le monde. Compos\u00e9e de journalistes \u00e9conomiques, d\u2019analystes sectoriels et de veilleurs sp\u00e9cialis\u00e9s, elle s\u2019attache \u00e0 rendre lisibles les m\u00e9canismes financiers, les politiques budg\u00e9taires, les r\u00e9formes fiscales et les grandes orientations macro\u00e9conomiques. Son ambition : \u00e9clairer les choix, anticiper les tendances et outiller les d\u00e9cideurs \u2014 publics comme priv\u00e9s \u2014 dans un environnement \u00e9conomique en constante mutation.","url":"https:\/\/lamarinabj.com\/index.php\/author\/ernestine\/"}]}},"_links":{"self":[{"href":"https:\/\/lamarinabj.com\/index.php\/wp-json\/wp\/v2\/posts\/10991","targetHints":{"allow":["GET"]}}],"collection":[{"href":"https:\/\/lamarinabj.com\/index.php\/wp-json\/wp\/v2\/posts"}],"about":[{"href":"https:\/\/lamarinabj.com\/index.php\/wp-json\/wp\/v2\/types\/post"}],"author":[{"embeddable":true,"href":"https:\/\/lamarinabj.com\/index.php\/wp-json\/wp\/v2\/users\/8"}],"replies":[{"embeddable":true,"href":"https:\/\/lamarinabj.com\/index.php\/wp-json\/wp\/v2\/comments?post=10991"}],"version-history":[{"count":2,"href":"https:\/\/lamarinabj.com\/index.php\/wp-json\/wp\/v2\/posts\/10991\/revisions"}],"predecessor-version":[{"id":10995,"href":"https:\/\/lamarinabj.com\/index.php\/wp-json\/wp\/v2\/posts\/10991\/revisions\/10995"}],"wp:featuredmedia":[{"embeddable":true,"href":"https:\/\/lamarinabj.com\/index.php\/wp-json\/wp\/v2\/media\/10992"}],"wp:attachment":[{"href":"https:\/\/lamarinabj.com\/index.php\/wp-json\/wp\/v2\/media?parent=10991"}],"wp:term":[{"taxonomy":"category","embeddable":true,"href":"https:\/\/lamarinabj.com\/index.php\/wp-json\/wp\/v2\/categories?post=10991"},{"taxonomy":"post_tag","embeddable":true,"href":"https:\/\/lamarinabj.com\/index.php\/wp-json\/wp\/v2\/tags?post=10991"}],"curies":[{"name":"wp","href":"https:\/\/api.w.org\/{rel}","templated":true}]}}