{"id":11077,"date":"2025-05-28T08:54:00","date_gmt":"2025-05-28T07:54:00","guid":{"rendered":"https:\/\/lamarinabj.com\/?p=11077"},"modified":"2025-05-28T08:08:04","modified_gmt":"2025-05-28T07:08:04","slug":"benin-elections-la-solution-du-depute-orden-alladatin-pour-clore-la-polemique-sur-le-quitus-fiscal","status":"publish","type":"post","link":"https:\/\/lamarinabj.com\/index.php\/2025\/05\/28\/benin-elections-la-solution-du-depute-orden-alladatin-pour-clore-la-polemique-sur-le-quitus-fiscal\/","title":{"rendered":"B\u00e9nin-\u00c9lections : la solution du d\u00e9put\u00e9 Orden Alladatin pour clore la pol\u00e9mique sur le quitus fiscal"},"content":{"rendered":"\n<p><strong><mark style=\"background-color:rgba(0, 0, 0, 0)\" class=\"has-inline-color has-red-color\">Politique, B\u00e9nin<\/mark><\/strong> &#8211; <strong><em>\u00c0 l\u2019approche des prochaines \u00e9lections g\u00e9n\u00e9rales, la question du quitus fiscal \u2014 ce s\u00e9same administratif indispensable \u00e0 toute candidature \u2014 revient au centre du d\u00e9bat politique b\u00e9ninois. Invit\u00e9 sur le plateau de Free Speech sur Speed Line TV, le 27 mai 2025, l\u2019honorable Orden Alladatin, d\u00e9put\u00e9 de la majorit\u00e9 pr\u00e9sidentielle et membre influent de l\u2019Union Progressiste Le Renouveau, a formul\u00e9 une proposition pour le moins inattendue mais strat\u00e9gique : autoriser soi-m\u00eame la publication de sa situation fiscale pour clore les pol\u00e9miques r\u00e9currentes.<\/em><\/strong><\/p>\n\n\n\n<p>Soucieux de r\u00e9tablir la confiance dans l&rsquo;administration fiscale, l\u2019\u00e9lu de la 16\u1d49 circonscription \u00e9lectorale s\u2019est adress\u00e9 directement aux organes de presse. \u00ab Si quelqu&rsquo;un vient sur vos plateaux et vient discuter parce que l\u2019administration l\u2019aurait emp\u00each\u00e9 d\u2019avoir le quitus qu\u2019il m\u00e9riterait, dites-lui d\u2019\u00e9crire \u00e0 l\u2019administration fiscale pour demander la publication de sa situation fiscale \u00bb, a-t-il sugg\u00e9r\u00e9.<\/p>\n\n\n\n<h2 id=\"une-transparence-volontaire-pour-desamorcer-les-soupcons\" class=\"wp-block-heading\"><mark style=\"background-color:rgba(0, 0, 0, 0)\" class=\"has-inline-color has-red-color\">Une transparence volontaire pour d\u00e9samorcer les soup\u00e7ons<\/mark><\/h2>\n\n\n\n<p>L\u2019argument du d\u00e9put\u00e9 est de faire appel \u00e0 la transparence volontaire pour \u00e9viter que des accusations, souvent sans fondement, ne parasitent le d\u00e9bat d\u00e9mocratique. Car, pour l&rsquo;honorable Orden Alladatin, les tentatives de manipulation de l\u2019opinion ne sont pas nouvelles. \u00ab Les gens qui sont tapis dans l\u2019ombre, ils sont dans des affaires que moi, je ne ma\u00eetrise pas. Ils n\u2019ont pas le quitus fiscal, mais ils viennent embrouiller, embastiller l\u2019opinion par rapport \u00e0 des d\u00e9rives qui n\u2019existent pas \u00bb, a-t-il lanc\u00e9 sur un ton accusateur.<\/p>\n\n\n\n<p>\u00c0 ses yeux, l\u2019unique voie pour mettre fin \u00e0 ces controverses serait que chaque candidat donne son consentement \u00e9crit \u00e0 l\u2019administration fiscale pour rendre publique sa situation. Il se base d\u2019ailleurs sur une contrainte juridique selon laquelle \u00ab l\u2019administration fiscale n\u2019a pas le droit de publier la situation fiscale de quelqu\u2019un sans son autorisation \u00bb, insiste-t-il.<\/p>\n\n\n\n<p>Depuis le dialogue politique de 2019, des garde-fous ont \u00e9t\u00e9 int\u00e9gr\u00e9s dans le syst\u00e8me, rappelle-t-il, o\u00f9 le l\u00e9gislateur a \u00e9t\u00e9 clair : \u00ab si vous ne donnez pas le quitus fiscal \u00e0 quelqu\u2019un, il faut \u00e9crire et dire pourquoi. \u00bb<\/p>\n\n\n\n<h2 id=\"pas-de-manoeuvre-politique\" class=\"wp-block-heading\"><mark style=\"background-color:rgba(0, 0, 0, 0)\" class=\"has-inline-color has-red-color\">Pas de man\u0153uvre politique<\/mark><\/h2>\n\n\n\n<p>\u00c0 ceux qui soup\u00e7onnent des manipulations \u00e0 caract\u00e8re politique dans la d\u00e9livrance du quitus, le d\u00e9put\u00e9 oppose un d\u00e9menti cat\u00e9gorique. \u00ab Il n\u2019y en a pas eu. C\u2019est sans \u00e9quivoque : il n\u2019y en a pas eu \u00bb, mart\u00e8le-t-il.<\/p>\n\n\n\n<p>Mieux, il d\u00e9nonce une lecture biais\u00e9e du probl\u00e8me, o\u00f9 seuls les cas de l\u2019opposition semblent m\u00e9diatis\u00e9s, tandis que certains candidats de la mouvance pr\u00e9sidentielle sont eux aussi confront\u00e9s \u00e0 des refus. \u00ab Il y a plein de personnes de la mouvance qui n\u2019ont pas eu le quitus fiscal. La diff\u00e9rence, c\u2019est que quand quelqu\u2019un ne l\u2019a pas, s\u2019il est de la mouvance, il ne vient pas crier sur les plateaux. \u00bb<\/p>\n\n\n\n<p>Par cette initiative, Orden Alladatin veut introduire un pr\u00e9c\u00e9dent, celui faire de la transparence fiscale un outil volontaire de l\u00e9gitimation d\u00e9mocratique. Une id\u00e9e qui, si elle venait \u00e0 \u00eatre adopt\u00e9e par les candidats, pourrait bien transformer les rapports entre l\u2019administration et les acteurs politiques dans la comp\u00e9tition \u00e9lectorale au B\u00e9nin.<\/p>\n\n\n\n<p><strong>Restez connect\u00e9s \u00e0 l\u2019information strat\u00e9gique en rejoignant notre cha\u00eene WhatsApp : actus exclusives, alertes, et bien plus encore. Abonnez-vous ici <\/strong>\ud83d\udc49\ud83c\udfff<a href=\"https:\/\/whatsapp.com\/channel\/0029VasgqxY89inpdjGUSg1A\"><mark style=\"background-color:rgba(0, 0, 0, 0)\" class=\"has-inline-color has-red-color\"><strong> Cha\u00eene WhatsApp La Marina BJ<\/strong><\/mark><\/a><\/p>\n","protected":false},"excerpt":{"rendered":"Politique, B\u00e9nin &#8211; \u00c0 l\u2019approche des prochaines \u00e9lections g\u00e9n\u00e9rales, la question du quitus fiscal \u2014 ce s\u00e9same administratif&hellip;\n","protected":false},"author":9,"featured_media":11078,"comment_status":"open","ping_status":"open","sticky":false,"template":"elementor_theme","format":"standard","meta":{"csco_singular_sidebar":"","csco_page_header_type":"standard","csco_appearance_masonry":"","csco_page_load_nextpost":"","csco_post_video_location":[],"csco_post_video_location_hash":"","csco_post_video_url":"","csco_post_video_bg_start_time":0,"csco_post_video_bg_end_time":0,"footnotes":""},"categories":[239],"tags":[41,1265,1576],"class_list":{"0":"post-11077","1":"post","2":"type-post","3":"status-publish","4":"format-standard","5":"has-post-thumbnail","7":"category-levenement-2","8":"tag-benin","9":"tag-elections-generales-2026","10":"tag-orden-alladatin","11":"cs-entry","12":"cs-video-wrap"},"yoast_head":"<!-- This site is optimized with the Yoast SEO plugin v27.4 - https:\/\/yoast.com\/product\/yoast-seo-wordpress\/ -->\n<title>B\u00e9nin-\u00c9lections : la solution du d\u00e9put\u00e9 Orden Alladatin pour clore la pol\u00e9mique sur le quitus fiscal - LA MARINA BJ<\/title>\n<meta name=\"description\" content=\"Invit\u00e9 sur le plateau de Free Speech sur Speed Line TV, le 27 mai 2025, l\u2019honorable Orden Alladatin, d\u00e9put\u00e9 de la majorit\u00e9 pr\u00e9sidentielle et membre influent de l\u2019Union Progressiste Le Renouveau, a formul\u00e9 une proposition pour le moins inattendue mais strat\u00e9gique : autoriser soi-m\u00eame la publication de sa situation fiscale pour clore les pol\u00e9miques r\u00e9currentes.\" \/>\n<meta name=\"robots\" content=\"index, follow, max-snippet:-1, max-image-preview:large, max-video-preview:-1\" \/>\n<link rel=\"canonical\" href=\"https:\/\/lamarinabj.com\/index.php\/2025\/05\/28\/benin-elections-la-solution-du-depute-orden-alladatin-pour-clore-la-polemique-sur-le-quitus-fiscal\/\" \/>\n<meta property=\"og:locale\" content=\"fr_FR\" \/>\n<meta property=\"og:type\" content=\"article\" \/>\n<meta property=\"og:title\" content=\"B\u00e9nin-\u00c9lections : la solution du d\u00e9put\u00e9 Orden Alladatin pour clore la pol\u00e9mique sur le quitus fiscal - LA MARINA BJ\" \/>\n<meta property=\"og:description\" content=\"Invit\u00e9 sur le plateau de Free Speech sur Speed Line TV, le 27 mai 2025, l\u2019honorable Orden Alladatin, d\u00e9put\u00e9 de la majorit\u00e9 pr\u00e9sidentielle et membre influent de l\u2019Union Progressiste Le Renouveau, a formul\u00e9 une proposition pour le moins inattendue mais strat\u00e9gique : autoriser soi-m\u00eame la publication de sa situation fiscale pour clore les pol\u00e9miques r\u00e9currentes.\" \/>\n<meta property=\"og:url\" content=\"https:\/\/lamarinabj.com\/index.php\/2025\/05\/28\/benin-elections-la-solution-du-depute-orden-alladatin-pour-clore-la-polemique-sur-le-quitus-fiscal\/\" \/>\n<meta property=\"og:site_name\" content=\"LA MARINA BJ\" \/>\n<meta property=\"article:published_time\" content=\"2025-05-28T07:54:00+00:00\" \/>\n<meta property=\"og:image\" content=\"https:\/\/lamarinabj.com\/wp-content\/uploads\/2025\/05\/20250528_075322_0000.jpg\" \/>\n\t<meta property=\"og:image:width\" content=\"400\" \/>\n\t<meta property=\"og:image:height\" content=\"287\" \/>\n\t<meta property=\"og:image:type\" content=\"image\/jpeg\" \/>\n<meta name=\"author\" content=\"La Marina BJ - Team Politique &amp; Gouvernance\" \/>\n<meta name=\"twitter:card\" content=\"summary_large_image\" \/>\n<meta name=\"twitter:label1\" content=\"\u00c9crit par\" \/>\n\t<meta name=\"twitter:data1\" content=\"La Marina BJ - Team Politique &amp; Gouvernance\" \/>\n\t<meta name=\"twitter:label2\" content=\"Dur\u00e9e de lecture estim\u00e9e\" \/>\n\t<meta name=\"twitter:data2\" content=\"3 minutes\" \/>\n<script type=\"application\/ld+json\" class=\"yoast-schema-graph\">{\"@context\":\"https:\\\/\\\/schema.org\",\"@graph\":[{\"@type\":\"NewsArticle\",\"@id\":\"https:\\\/\\\/lamarinabj.com\\\/index.php\\\/2025\\\/05\\\/28\\\/benin-elections-la-solution-du-depute-orden-alladatin-pour-clore-la-polemique-sur-le-quitus-fiscal\\\/#article\",\"isPartOf\":{\"@id\":\"https:\\\/\\\/lamarinabj.com\\\/index.php\\\/2025\\\/05\\\/28\\\/benin-elections-la-solution-du-depute-orden-alladatin-pour-clore-la-polemique-sur-le-quitus-fiscal\\\/\"},\"author\":{\"name\":\"La Marina BJ - Team Politique &amp; Gouvernance\",\"@id\":\"https:\\\/\\\/lamarinabj.com\\\/#\\\/schema\\\/person\\\/402e6a9448a09031724da97f9dae67e8\"},\"headline\":\"B\u00e9nin-\u00c9lections : la solution du d\u00e9put\u00e9 Orden Alladatin pour clore la pol\u00e9mique sur le quitus fiscal\",\"datePublished\":\"2025-05-28T07:54:00+00:00\",\"mainEntityOfPage\":{\"@id\":\"https:\\\/\\\/lamarinabj.com\\\/index.php\\\/2025\\\/05\\\/28\\\/benin-elections-la-solution-du-depute-orden-alladatin-pour-clore-la-polemique-sur-le-quitus-fiscal\\\/\"},\"wordCount\":595,\"commentCount\":0,\"image\":{\"@id\":\"https:\\\/\\\/lamarinabj.com\\\/index.php\\\/2025\\\/05\\\/28\\\/benin-elections-la-solution-du-depute-orden-alladatin-pour-clore-la-polemique-sur-le-quitus-fiscal\\\/#primaryimage\"},\"thumbnailUrl\":\"https:\\\/\\\/lamarinabj.com\\\/wp-content\\\/uploads\\\/2025\\\/05\\\/20250528_075322_0000.jpg\",\"keywords\":[\"B\u00e9nin\",\"\u00c9lections g\u00e9n\u00e9rales 2026\",\"Orden Alladatin\"],\"articleSection\":[\"L'\u00c9V\u00c9NEMENT\"],\"inLanguage\":\"fr-FR\",\"potentialAction\":[{\"@type\":\"CommentAction\",\"name\":\"Comment\",\"target\":[\"https:\\\/\\\/lamarinabj.com\\\/index.php\\\/2025\\\/05\\\/28\\\/benin-elections-la-solution-du-depute-orden-alladatin-pour-clore-la-polemique-sur-le-quitus-fiscal\\\/#respond\"]}]},{\"@type\":[\"WebPage\",\"SearchResultsPage\"],\"@id\":\"https:\\\/\\\/lamarinabj.com\\\/index.php\\\/2025\\\/05\\\/28\\\/benin-elections-la-solution-du-depute-orden-alladatin-pour-clore-la-polemique-sur-le-quitus-fiscal\\\/\",\"url\":\"https:\\\/\\\/lamarinabj.com\\\/index.php\\\/2025\\\/05\\\/28\\\/benin-elections-la-solution-du-depute-orden-alladatin-pour-clore-la-polemique-sur-le-quitus-fiscal\\\/\",\"name\":\"B\u00e9nin-\u00c9lections : la solution du d\u00e9put\u00e9 Orden Alladatin pour clore la pol\u00e9mique sur le quitus fiscal - LA MARINA BJ\",\"isPartOf\":{\"@id\":\"https:\\\/\\\/lamarinabj.com\\\/#website\"},\"primaryImageOfPage\":{\"@id\":\"https:\\\/\\\/lamarinabj.com\\\/index.php\\\/2025\\\/05\\\/28\\\/benin-elections-la-solution-du-depute-orden-alladatin-pour-clore-la-polemique-sur-le-quitus-fiscal\\\/#primaryimage\"},\"image\":{\"@id\":\"https:\\\/\\\/lamarinabj.com\\\/index.php\\\/2025\\\/05\\\/28\\\/benin-elections-la-solution-du-depute-orden-alladatin-pour-clore-la-polemique-sur-le-quitus-fiscal\\\/#primaryimage\"},\"thumbnailUrl\":\"https:\\\/\\\/lamarinabj.com\\\/wp-content\\\/uploads\\\/2025\\\/05\\\/20250528_075322_0000.jpg\",\"datePublished\":\"2025-05-28T07:54:00+00:00\",\"author\":{\"@id\":\"https:\\\/\\\/lamarinabj.com\\\/#\\\/schema\\\/person\\\/402e6a9448a09031724da97f9dae67e8\"},\"description\":\"Invit\u00e9 sur le plateau de Free Speech sur Speed Line TV, le 27 mai 2025, l\u2019honorable Orden Alladatin, d\u00e9put\u00e9 de la majorit\u00e9 pr\u00e9sidentielle et membre influent de l\u2019Union Progressiste Le Renouveau, a formul\u00e9 une proposition pour le moins inattendue mais strat\u00e9gique : autoriser soi-m\u00eame la publication de sa situation fiscale pour clore les pol\u00e9miques r\u00e9currentes.\",\"breadcrumb\":{\"@id\":\"https:\\\/\\\/lamarinabj.com\\\/index.php\\\/2025\\\/05\\\/28\\\/benin-elections-la-solution-du-depute-orden-alladatin-pour-clore-la-polemique-sur-le-quitus-fiscal\\\/#breadcrumb\"},\"inLanguage\":\"fr-FR\",\"potentialAction\":[{\"@type\":\"ReadAction\",\"target\":[\"https:\\\/\\\/lamarinabj.com\\\/index.php\\\/2025\\\/05\\\/28\\\/benin-elections-la-solution-du-depute-orden-alladatin-pour-clore-la-polemique-sur-le-quitus-fiscal\\\/\"]}]},{\"@type\":\"ImageObject\",\"inLanguage\":\"fr-FR\",\"@id\":\"https:\\\/\\\/lamarinabj.com\\\/index.php\\\/2025\\\/05\\\/28\\\/benin-elections-la-solution-du-depute-orden-alladatin-pour-clore-la-polemique-sur-le-quitus-fiscal\\\/#primaryimage\",\"url\":\"https:\\\/\\\/lamarinabj.com\\\/wp-content\\\/uploads\\\/2025\\\/05\\\/20250528_075322_0000.jpg\",\"contentUrl\":\"https:\\\/\\\/lamarinabj.com\\\/wp-content\\\/uploads\\\/2025\\\/05\\\/20250528_075322_0000.jpg\",\"width\":400,\"height\":287},{\"@type\":\"BreadcrumbList\",\"@id\":\"https:\\\/\\\/lamarinabj.com\\\/index.php\\\/2025\\\/05\\\/28\\\/benin-elections-la-solution-du-depute-orden-alladatin-pour-clore-la-polemique-sur-le-quitus-fiscal\\\/#breadcrumb\",\"itemListElement\":[{\"@type\":\"ListItem\",\"position\":1,\"name\":\"Accueil\",\"item\":\"https:\\\/\\\/lamarinabj.com\\\/\"},{\"@type\":\"ListItem\",\"position\":2,\"name\":\"B\u00e9nin-\u00c9lections : la solution du d\u00e9put\u00e9 Orden Alladatin pour clore la pol\u00e9mique sur le quitus fiscal\"}]},{\"@type\":\"WebSite\",\"@id\":\"https:\\\/\\\/lamarinabj.com\\\/#website\",\"url\":\"https:\\\/\\\/lamarinabj.com\\\/\",\"name\":\"LA MARINA BJ\",\"description\":\"Votre portail vers l&#039;information strat\u00e9gique au B\u00e9nin, en Afrique et au-del\u00e0\",\"potentialAction\":[{\"@type\":\"SearchAction\",\"target\":{\"@type\":\"EntryPoint\",\"urlTemplate\":\"https:\\\/\\\/lamarinabj.com\\\/?s={search_term_string}\"},\"query-input\":{\"@type\":\"PropertyValueSpecification\",\"valueRequired\":true,\"valueName\":\"search_term_string\"}}],\"inLanguage\":\"fr-FR\"},{\"@type\":\"Person\",\"@id\":\"https:\\\/\\\/lamarinabj.com\\\/#\\\/schema\\\/person\\\/402e6a9448a09031724da97f9dae67e8\",\"name\":\"La Marina BJ - Team Politique &amp; Gouvernance\",\"image\":{\"@type\":\"ImageObject\",\"inLanguage\":\"fr-FR\",\"@id\":\"https:\\\/\\\/secure.gravatar.com\\\/avatar\\\/fd9545dd7863c2f40d7696b9bb5d085e4615baa276d5cd3e6a5a3bbc53bfae6e?s=96&d=mm&r=g\",\"url\":\"https:\\\/\\\/secure.gravatar.com\\\/avatar\\\/fd9545dd7863c2f40d7696b9bb5d085e4615baa276d5cd3e6a5a3bbc53bfae6e?s=96&d=mm&r=g\",\"contentUrl\":\"https:\\\/\\\/secure.gravatar.com\\\/avatar\\\/fd9545dd7863c2f40d7696b9bb5d085e4615baa276d5cd3e6a5a3bbc53bfae6e?s=96&d=mm&r=g\",\"caption\":\"La Marina BJ - Team Politique &amp; Gouvernance\"},\"description\":\"La Team Politique &amp; Gouvernance de La Marina BJ est au c\u0153ur de l\u2019analyse des enjeux politiques, institutionnels et de gouvernance au B\u00e9nin et en Afrique. Compos\u00e9e de journalistes sp\u00e9cialis\u00e9s en affaires publiques et en politique, cette \u00e9quipe s\u2019attache \u00e0 d\u00e9crypter les d\u00e9cisions politiques, \u00e0 suivre l\u2019\u00e9volution des r\u00e9formes institutionnelles, et \u00e0 analyser les dynamiques de pouvoir au sein des institutions nationales et internationales.\",\"url\":\"https:\\\/\\\/lamarinabj.com\\\/index.php\\\/author\\\/adimi\\\/\"}]}<\/script>\n<!-- \/ Yoast SEO plugin. -->","yoast_head_json":{"title":"B\u00e9nin-\u00c9lections : la solution du d\u00e9put\u00e9 Orden Alladatin pour clore la pol\u00e9mique sur le quitus fiscal - LA MARINA BJ","description":"Invit\u00e9 sur le plateau de Free Speech sur Speed Line TV, le 27 mai 2025, l\u2019honorable Orden Alladatin, d\u00e9put\u00e9 de la majorit\u00e9 pr\u00e9sidentielle et membre influent de l\u2019Union Progressiste Le Renouveau, a formul\u00e9 une proposition pour le moins inattendue mais strat\u00e9gique : autoriser soi-m\u00eame la publication de sa situation fiscale pour clore les pol\u00e9miques r\u00e9currentes.","robots":{"index":"index","follow":"follow","max-snippet":"max-snippet:-1","max-image-preview":"max-image-preview:large","max-video-preview":"max-video-preview:-1"},"canonical":"https:\/\/lamarinabj.com\/index.php\/2025\/05\/28\/benin-elections-la-solution-du-depute-orden-alladatin-pour-clore-la-polemique-sur-le-quitus-fiscal\/","og_locale":"fr_FR","og_type":"article","og_title":"B\u00e9nin-\u00c9lections : la solution du d\u00e9put\u00e9 Orden Alladatin pour clore la pol\u00e9mique sur le quitus fiscal - LA MARINA BJ","og_description":"Invit\u00e9 sur le plateau de Free Speech sur Speed Line TV, le 27 mai 2025, l\u2019honorable Orden Alladatin, d\u00e9put\u00e9 de la majorit\u00e9 pr\u00e9sidentielle et membre influent de l\u2019Union Progressiste Le Renouveau, a formul\u00e9 une proposition pour le moins inattendue mais strat\u00e9gique : autoriser soi-m\u00eame la publication de sa situation fiscale pour clore les pol\u00e9miques r\u00e9currentes.","og_url":"https:\/\/lamarinabj.com\/index.php\/2025\/05\/28\/benin-elections-la-solution-du-depute-orden-alladatin-pour-clore-la-polemique-sur-le-quitus-fiscal\/","og_site_name":"LA MARINA BJ","article_published_time":"2025-05-28T07:54:00+00:00","og_image":[{"width":400,"height":287,"url":"https:\/\/lamarinabj.com\/wp-content\/uploads\/2025\/05\/20250528_075322_0000.jpg","type":"image\/jpeg"}],"author":"La Marina BJ - Team Politique &amp; Gouvernance","twitter_card":"summary_large_image","twitter_misc":{"\u00c9crit par":"La Marina BJ - Team Politique &amp; Gouvernance","Dur\u00e9e de lecture estim\u00e9e":"3 minutes"},"schema":{"@context":"https:\/\/schema.org","@graph":[{"@type":"NewsArticle","@id":"https:\/\/lamarinabj.com\/index.php\/2025\/05\/28\/benin-elections-la-solution-du-depute-orden-alladatin-pour-clore-la-polemique-sur-le-quitus-fiscal\/#article","isPartOf":{"@id":"https:\/\/lamarinabj.com\/index.php\/2025\/05\/28\/benin-elections-la-solution-du-depute-orden-alladatin-pour-clore-la-polemique-sur-le-quitus-fiscal\/"},"author":{"name":"La Marina BJ - Team Politique &amp; Gouvernance","@id":"https:\/\/lamarinabj.com\/#\/schema\/person\/402e6a9448a09031724da97f9dae67e8"},"headline":"B\u00e9nin-\u00c9lections : la solution du d\u00e9put\u00e9 Orden Alladatin pour clore la pol\u00e9mique sur le quitus fiscal","datePublished":"2025-05-28T07:54:00+00:00","mainEntityOfPage":{"@id":"https:\/\/lamarinabj.com\/index.php\/2025\/05\/28\/benin-elections-la-solution-du-depute-orden-alladatin-pour-clore-la-polemique-sur-le-quitus-fiscal\/"},"wordCount":595,"commentCount":0,"image":{"@id":"https:\/\/lamarinabj.com\/index.php\/2025\/05\/28\/benin-elections-la-solution-du-depute-orden-alladatin-pour-clore-la-polemique-sur-le-quitus-fiscal\/#primaryimage"},"thumbnailUrl":"https:\/\/lamarinabj.com\/wp-content\/uploads\/2025\/05\/20250528_075322_0000.jpg","keywords":["B\u00e9nin","\u00c9lections g\u00e9n\u00e9rales 2026","Orden Alladatin"],"articleSection":["L'\u00c9V\u00c9NEMENT"],"inLanguage":"fr-FR","potentialAction":[{"@type":"CommentAction","name":"Comment","target":["https:\/\/lamarinabj.com\/index.php\/2025\/05\/28\/benin-elections-la-solution-du-depute-orden-alladatin-pour-clore-la-polemique-sur-le-quitus-fiscal\/#respond"]}]},{"@type":["WebPage","SearchResultsPage"],"@id":"https:\/\/lamarinabj.com\/index.php\/2025\/05\/28\/benin-elections-la-solution-du-depute-orden-alladatin-pour-clore-la-polemique-sur-le-quitus-fiscal\/","url":"https:\/\/lamarinabj.com\/index.php\/2025\/05\/28\/benin-elections-la-solution-du-depute-orden-alladatin-pour-clore-la-polemique-sur-le-quitus-fiscal\/","name":"B\u00e9nin-\u00c9lections : la solution du d\u00e9put\u00e9 Orden Alladatin pour clore la pol\u00e9mique sur le quitus fiscal - LA MARINA BJ","isPartOf":{"@id":"https:\/\/lamarinabj.com\/#website"},"primaryImageOfPage":{"@id":"https:\/\/lamarinabj.com\/index.php\/2025\/05\/28\/benin-elections-la-solution-du-depute-orden-alladatin-pour-clore-la-polemique-sur-le-quitus-fiscal\/#primaryimage"},"image":{"@id":"https:\/\/lamarinabj.com\/index.php\/2025\/05\/28\/benin-elections-la-solution-du-depute-orden-alladatin-pour-clore-la-polemique-sur-le-quitus-fiscal\/#primaryimage"},"thumbnailUrl":"https:\/\/lamarinabj.com\/wp-content\/uploads\/2025\/05\/20250528_075322_0000.jpg","datePublished":"2025-05-28T07:54:00+00:00","author":{"@id":"https:\/\/lamarinabj.com\/#\/schema\/person\/402e6a9448a09031724da97f9dae67e8"},"description":"Invit\u00e9 sur le plateau de Free Speech sur Speed Line TV, le 27 mai 2025, l\u2019honorable Orden Alladatin, d\u00e9put\u00e9 de la majorit\u00e9 pr\u00e9sidentielle et membre influent de l\u2019Union Progressiste Le Renouveau, a formul\u00e9 une proposition pour le moins inattendue mais strat\u00e9gique : autoriser soi-m\u00eame la publication de sa situation fiscale pour clore les pol\u00e9miques r\u00e9currentes.","breadcrumb":{"@id":"https:\/\/lamarinabj.com\/index.php\/2025\/05\/28\/benin-elections-la-solution-du-depute-orden-alladatin-pour-clore-la-polemique-sur-le-quitus-fiscal\/#breadcrumb"},"inLanguage":"fr-FR","potentialAction":[{"@type":"ReadAction","target":["https:\/\/lamarinabj.com\/index.php\/2025\/05\/28\/benin-elections-la-solution-du-depute-orden-alladatin-pour-clore-la-polemique-sur-le-quitus-fiscal\/"]}]},{"@type":"ImageObject","inLanguage":"fr-FR","@id":"https:\/\/lamarinabj.com\/index.php\/2025\/05\/28\/benin-elections-la-solution-du-depute-orden-alladatin-pour-clore-la-polemique-sur-le-quitus-fiscal\/#primaryimage","url":"https:\/\/lamarinabj.com\/wp-content\/uploads\/2025\/05\/20250528_075322_0000.jpg","contentUrl":"https:\/\/lamarinabj.com\/wp-content\/uploads\/2025\/05\/20250528_075322_0000.jpg","width":400,"height":287},{"@type":"BreadcrumbList","@id":"https:\/\/lamarinabj.com\/index.php\/2025\/05\/28\/benin-elections-la-solution-du-depute-orden-alladatin-pour-clore-la-polemique-sur-le-quitus-fiscal\/#breadcrumb","itemListElement":[{"@type":"ListItem","position":1,"name":"Accueil","item":"https:\/\/lamarinabj.com\/"},{"@type":"ListItem","position":2,"name":"B\u00e9nin-\u00c9lections : la solution du d\u00e9put\u00e9 Orden Alladatin pour clore la pol\u00e9mique sur le quitus fiscal"}]},{"@type":"WebSite","@id":"https:\/\/lamarinabj.com\/#website","url":"https:\/\/lamarinabj.com\/","name":"LA MARINA BJ","description":"Votre portail vers l&#039;information strat\u00e9gique au B\u00e9nin, en Afrique et au-del\u00e0","potentialAction":[{"@type":"SearchAction","target":{"@type":"EntryPoint","urlTemplate":"https:\/\/lamarinabj.com\/?s={search_term_string}"},"query-input":{"@type":"PropertyValueSpecification","valueRequired":true,"valueName":"search_term_string"}}],"inLanguage":"fr-FR"},{"@type":"Person","@id":"https:\/\/lamarinabj.com\/#\/schema\/person\/402e6a9448a09031724da97f9dae67e8","name":"La Marina BJ - Team Politique &amp; Gouvernance","image":{"@type":"ImageObject","inLanguage":"fr-FR","@id":"https:\/\/secure.gravatar.com\/avatar\/fd9545dd7863c2f40d7696b9bb5d085e4615baa276d5cd3e6a5a3bbc53bfae6e?s=96&d=mm&r=g","url":"https:\/\/secure.gravatar.com\/avatar\/fd9545dd7863c2f40d7696b9bb5d085e4615baa276d5cd3e6a5a3bbc53bfae6e?s=96&d=mm&r=g","contentUrl":"https:\/\/secure.gravatar.com\/avatar\/fd9545dd7863c2f40d7696b9bb5d085e4615baa276d5cd3e6a5a3bbc53bfae6e?s=96&d=mm&r=g","caption":"La Marina BJ - Team Politique &amp; Gouvernance"},"description":"La Team Politique &amp; Gouvernance de La Marina BJ est au c\u0153ur de l\u2019analyse des enjeux politiques, institutionnels et de gouvernance au B\u00e9nin et en Afrique. Compos\u00e9e de journalistes sp\u00e9cialis\u00e9s en affaires publiques et en politique, cette \u00e9quipe s\u2019attache \u00e0 d\u00e9crypter les d\u00e9cisions politiques, \u00e0 suivre l\u2019\u00e9volution des r\u00e9formes institutionnelles, et \u00e0 analyser les dynamiques de pouvoir au sein des institutions nationales et internationales.","url":"https:\/\/lamarinabj.com\/index.php\/author\/adimi\/"}]}},"_links":{"self":[{"href":"https:\/\/lamarinabj.com\/index.php\/wp-json\/wp\/v2\/posts\/11077","targetHints":{"allow":["GET"]}}],"collection":[{"href":"https:\/\/lamarinabj.com\/index.php\/wp-json\/wp\/v2\/posts"}],"about":[{"href":"https:\/\/lamarinabj.com\/index.php\/wp-json\/wp\/v2\/types\/post"}],"author":[{"embeddable":true,"href":"https:\/\/lamarinabj.com\/index.php\/wp-json\/wp\/v2\/users\/9"}],"replies":[{"embeddable":true,"href":"https:\/\/lamarinabj.com\/index.php\/wp-json\/wp\/v2\/comments?post=11077"}],"version-history":[{"count":2,"href":"https:\/\/lamarinabj.com\/index.php\/wp-json\/wp\/v2\/posts\/11077\/revisions"}],"predecessor-version":[{"id":11081,"href":"https:\/\/lamarinabj.com\/index.php\/wp-json\/wp\/v2\/posts\/11077\/revisions\/11081"}],"wp:featuredmedia":[{"embeddable":true,"href":"https:\/\/lamarinabj.com\/index.php\/wp-json\/wp\/v2\/media\/11078"}],"wp:attachment":[{"href":"https:\/\/lamarinabj.com\/index.php\/wp-json\/wp\/v2\/media?parent=11077"}],"wp:term":[{"taxonomy":"category","embeddable":true,"href":"https:\/\/lamarinabj.com\/index.php\/wp-json\/wp\/v2\/categories?post=11077"},{"taxonomy":"post_tag","embeddable":true,"href":"https:\/\/lamarinabj.com\/index.php\/wp-json\/wp\/v2\/tags?post=11077"}],"curies":[{"name":"wp","href":"https:\/\/api.w.org\/{rel}","templated":true}]}}