{"id":11165,"date":"2025-07-05T11:03:37","date_gmt":"2025-07-05T10:03:37","guid":{"rendered":"https:\/\/lamarinabj.com\/?p=11165"},"modified":"2025-07-05T11:32:25","modified_gmt":"2025-07-05T10:32:25","slug":"affaire-akponna-le-parlement-sen-mele-avec-une-commission-denquete","status":"publish","type":"post","link":"https:\/\/lamarinabj.com\/index.php\/2025\/07\/05\/affaire-akponna-le-parlement-sen-mele-avec-une-commission-denquete\/","title":{"rendered":"Affaire Akponna : le Parlement s\u2019en m\u00eale avec une commission d\u2019enqu\u00eate"},"content":{"rendered":"\n<p><strong><mark style=\"background-color:rgba(0, 0, 0, 0)\" class=\"has-inline-color has-red-color\">Politique, B\u00e9nin<\/mark><\/strong> &#8211;<strong><em>Trois jours apr\u00e8s l\u2019auto-saisine du HCPC, l\u2019Assembl\u00e9e nationale du B\u00e9nin a adopt\u00e9, ce vendredi 4 juillet, une r\u00e9solution instituant une commission d\u2019enqu\u00eate parlementaire comme le r\u00e9clament les d\u00e9put\u00e9s du parti d&rsquo;opposition Les D\u00e9mocrates. Objectif : passer au crible la gestion des ressources publiques affect\u00e9es aux secteurs de l\u2019eau et de l\u2019\u00e9lectricit\u00e9 \u00e0 Parakou entre 2016 et 2025. Une r\u00e9ponse directe aux accusations de d\u00e9tournement lanc\u00e9es \u2013 puis r\u00e9tract\u00e9es \u2013 par l\u2019ex-ministre Paulin Akponna.<\/em><\/strong><\/p>\n\n\n\n<hr class=\"wp-block-separator has-alpha-channel-opacity\"\/>\n\n\n\n<p>Le message est limpide : la R\u00e9publique ne se satisfait plus des volte-face. En initiant une commission d\u2019enqu\u00eate, le Parlement b\u00e9ninois traduit en acte la gravit\u00e9 per\u00e7ue des propos tenus par Paulin Akponna, ex-titulaire du portefeuille de l\u2019\u00c9nergie, de l\u2019Eau et des Mines, sur de pr\u00e9sum\u00e9s d\u00e9tournements massifs dans les grands projets d\u2019infrastructures \u00e0 Parakou. Une semaine plus t\u00f4t, l\u2019int\u00e9ress\u00e9 s\u2019\u00e9tait publiquement ravis\u00e9. Mais trop tard.<\/p>\n\n\n\n<h2 id=\"un-mandat-aux-contours-clairs\" class=\"wp-block-heading\"><mark style=\"background-color:rgba(0, 0, 0, 0)\" class=\"has-inline-color has-red-color\">Un mandat aux contours clairs<\/mark><\/h2>\n\n\n\n<p>La r\u00e9solution n\u00b02025-01, adopt\u00e9e \u00e0 l\u2019unanimit\u00e9, confie \u00e0 la commission le soin de faire la lumi\u00e8re sur la d\u00e9cennie de gestion des fonds destin\u00e9s \u00e0 la fourniture d\u2019eau potable et d\u2019\u00e9lectricit\u00e9 dans la ville consid\u00e9r\u00e9e comme la capitale du d\u00e9partement du Borgou. Sont pr\u00e9vus : la v\u00e9rification des proc\u00e9dures de passation de march\u00e9s, l\u2019examen des avenants contractuels, l\u2019\u00e9valuation technique et financi\u00e8re des ouvrages r\u00e9alis\u00e9s ou en cours, ainsi que l\u2019audition de tout acteur jug\u00e9 pertinent.<\/p>\n\n\n\n<p>Contrairement \u00e0 la commission technique mise sur pied par le Haut Commissariat \u00e0 la Pr\u00e9vention de la Corruption (HCPC)(<a href=\"https:\/\/lamarinabj.com\/index.php\/2025\/07\/04\/affaire-akponna-le-hcpc-nexclut-pas-une-saisine-de-la-criet\/\"><mark style=\"background-color:rgba(0, 0, 0, 0)\" class=\"has-inline-color has-red-color\"><strong>LMBJ 04\/07\/2025<\/strong><\/mark><\/a>), celle du Parlement dispose d\u2019un champ d\u2019action plus politique. Elle pourra convoquer aussi bien les anciens ministres que les entreprises adjudicataires ou les responsables techniques.<\/p>\n\n\n\n<h2 id=\"trois-mois-pour-faire-la-lumiere\" class=\"wp-block-heading\"><mark style=\"background-color:rgba(0, 0, 0, 0)\" class=\"has-inline-color has-red-color\">Trois mois pour faire la lumi\u00e8re<\/mark><\/h2>\n\n\n\n<p>Compos\u00e9e de dix d\u00e9put\u00e9s repr\u00e9sentant \u00e9quitablement les trois groupes parlementaires (UP-R, BR, LD), la commission disposera de trois mois pour remettre son rapport, avec une possible prorogation d\u2019un mois maximum. Son bureau \u2013 cinq membres \u00e9lus en son sein \u2013 refl\u00e9tera lui aussi la configuration politique de l\u2019h\u00e9micycle. Les co\u00fbts li\u00e9s \u00e0 son fonctionnement seront support\u00e9s par le budget de l\u2019Assembl\u00e9e.<\/p>\n\n\n\n<p>Avec cette initiative, le Parlement b\u00e9ninois confirme sa posture d\u2019organe de contr\u00f4le r\u00e9publicain. En poursuivant son action malgr\u00e9 celle du HCPC, il envoie un signal institutionnel fort : plus aucune d\u00e9nonciation de corruption, m\u00eame r\u00e9tract\u00e9e, ne restera sans suite. Reste \u00e0 savoir si cette volont\u00e9 d\u2019enqu\u00eate d\u00e9bouchera sur des recommandations suivies d\u2019effets \u2014 ou sur de v\u00e9ritables poursuites.<\/p>\n","protected":false},"excerpt":{"rendered":"Politique, B\u00e9nin &#8211;Trois jours apr\u00e8s l\u2019auto-saisine du HCPC, l\u2019Assembl\u00e9e nationale du B\u00e9nin a adopt\u00e9, ce vendredi 4 juillet,&hellip;\n","protected":false},"author":7,"featured_media":11166,"comment_status":"open","ping_status":"open","sticky":false,"template":"elementor_theme","format":"standard","meta":{"csco_singular_sidebar":"","csco_page_header_type":"standard","csco_appearance_masonry":"","csco_page_load_nextpost":"","csco_post_video_location":[],"csco_post_video_location_hash":"","csco_post_video_url":"","csco_post_video_bg_start_time":0,"csco_post_video_bg_end_time":0,"footnotes":""},"categories":[45,239],"tags":[1581,41,1585],"class_list":{"0":"post-11165","1":"post","2":"type-post","3":"status-publish","4":"format-standard","5":"has-post-thumbnail","7":"category-gouvernance","8":"category-levenement-2","9":"tag-affaire-akponnan","10":"tag-benin","11":"tag-commission-denquete-parlementaire","12":"cs-entry","13":"cs-video-wrap"},"yoast_head":"<!-- This site is optimized with the Yoast SEO plugin v27.4 - https:\/\/yoast.com\/product\/yoast-seo-wordpress\/ -->\n<title>Affaire Akponna : le Parlement s\u2019en m\u00eale avec une commission d\u2019enqu\u00eate - LA MARINA BJ<\/title>\n<meta name=\"description\" content=\"Trois jours apr\u00e8s l\u2019auto-saisine du HCPC, l\u2019Assembl\u00e9e nationale du B\u00e9nin a adopt\u00e9, ce vendredi 4 juillet, une r\u00e9solution instituant une commission d\u2019enqu\u00eate parlementaire comme le r\u00e9clame les d\u00e9put\u00e9s du parti d&#039;opposition Les D\u00e9mocrates.\" \/>\n<meta name=\"robots\" content=\"index, follow, max-snippet:-1, max-image-preview:large, max-video-preview:-1\" \/>\n<link rel=\"canonical\" href=\"https:\/\/lamarinabj.com\/index.php\/2025\/07\/05\/affaire-akponna-le-parlement-sen-mele-avec-une-commission-denquete\/\" \/>\n<meta property=\"og:locale\" content=\"fr_FR\" \/>\n<meta property=\"og:type\" content=\"article\" \/>\n<meta property=\"og:title\" content=\"Affaire Akponna : le Parlement s\u2019en m\u00eale avec une commission d\u2019enqu\u00eate - LA MARINA BJ\" \/>\n<meta property=\"og:description\" content=\"Trois jours apr\u00e8s l\u2019auto-saisine du HCPC, l\u2019Assembl\u00e9e nationale du B\u00e9nin a adopt\u00e9, ce vendredi 4 juillet, une r\u00e9solution instituant une commission d\u2019enqu\u00eate parlementaire comme le r\u00e9clame les d\u00e9put\u00e9s du parti d&#039;opposition Les D\u00e9mocrates.\" \/>\n<meta property=\"og:url\" content=\"https:\/\/lamarinabj.com\/index.php\/2025\/07\/05\/affaire-akponna-le-parlement-sen-mele-avec-une-commission-denquete\/\" \/>\n<meta property=\"og:site_name\" content=\"LA MARINA BJ\" \/>\n<meta property=\"article:published_time\" content=\"2025-07-05T10:03:37+00:00\" \/>\n<meta property=\"article:modified_time\" content=\"2025-07-05T10:32:25+00:00\" \/>\n<meta property=\"og:image\" content=\"https:\/\/lamarinabj.com\/wp-content\/uploads\/2025\/07\/20250705_110131_0000.png\" \/>\n\t<meta property=\"og:image:width\" content=\"1032\" \/>\n\t<meta property=\"og:image:height\" content=\"688\" \/>\n\t<meta property=\"og:image:type\" content=\"image\/png\" \/>\n<meta name=\"author\" content=\"La Marina Bj\" \/>\n<meta name=\"twitter:card\" content=\"summary_large_image\" \/>\n<meta name=\"twitter:label1\" content=\"\u00c9crit par\" \/>\n\t<meta name=\"twitter:data1\" content=\"La Marina Bj\" \/>\n\t<meta name=\"twitter:label2\" content=\"Dur\u00e9e de lecture estim\u00e9e\" \/>\n\t<meta name=\"twitter:data2\" content=\"3 minutes\" \/>\n<script type=\"application\/ld+json\" class=\"yoast-schema-graph\">{\"@context\":\"https:\\\/\\\/schema.org\",\"@graph\":[{\"@type\":\"NewsArticle\",\"@id\":\"https:\\\/\\\/lamarinabj.com\\\/index.php\\\/2025\\\/07\\\/05\\\/affaire-akponna-le-parlement-sen-mele-avec-une-commission-denquete\\\/#article\",\"isPartOf\":{\"@id\":\"https:\\\/\\\/lamarinabj.com\\\/index.php\\\/2025\\\/07\\\/05\\\/affaire-akponna-le-parlement-sen-mele-avec-une-commission-denquete\\\/\"},\"author\":{\"name\":\"La Marina Bj\",\"@id\":\"https:\\\/\\\/lamarinabj.com\\\/#\\\/schema\\\/person\\\/89dc3df245cc348449b2502e2d5c016b\"},\"headline\":\"Affaire Akponna : le Parlement s\u2019en m\u00eale avec une commission d\u2019enqu\u00eate\",\"datePublished\":\"2025-07-05T10:03:37+00:00\",\"dateModified\":\"2025-07-05T10:32:25+00:00\",\"mainEntityOfPage\":{\"@id\":\"https:\\\/\\\/lamarinabj.com\\\/index.php\\\/2025\\\/07\\\/05\\\/affaire-akponna-le-parlement-sen-mele-avec-une-commission-denquete\\\/\"},\"wordCount\":475,\"commentCount\":0,\"image\":{\"@id\":\"https:\\\/\\\/lamarinabj.com\\\/index.php\\\/2025\\\/07\\\/05\\\/affaire-akponna-le-parlement-sen-mele-avec-une-commission-denquete\\\/#primaryimage\"},\"thumbnailUrl\":\"https:\\\/\\\/lamarinabj.com\\\/wp-content\\\/uploads\\\/2025\\\/07\\\/20250705_110131_0000.png\",\"keywords\":[\"affaire Akponnan\",\"B\u00e9nin\",\"Commission d'enqu\u00eate parlementaire\"],\"articleSection\":[\"GOUVERNANCE\",\"L'\u00c9V\u00c9NEMENT\"],\"inLanguage\":\"fr-FR\",\"potentialAction\":[{\"@type\":\"CommentAction\",\"name\":\"Comment\",\"target\":[\"https:\\\/\\\/lamarinabj.com\\\/index.php\\\/2025\\\/07\\\/05\\\/affaire-akponna-le-parlement-sen-mele-avec-une-commission-denquete\\\/#respond\"]}]},{\"@type\":[\"WebPage\",\"SearchResultsPage\"],\"@id\":\"https:\\\/\\\/lamarinabj.com\\\/index.php\\\/2025\\\/07\\\/05\\\/affaire-akponna-le-parlement-sen-mele-avec-une-commission-denquete\\\/\",\"url\":\"https:\\\/\\\/lamarinabj.com\\\/index.php\\\/2025\\\/07\\\/05\\\/affaire-akponna-le-parlement-sen-mele-avec-une-commission-denquete\\\/\",\"name\":\"Affaire Akponna : le Parlement s\u2019en m\u00eale avec une commission d\u2019enqu\u00eate - LA MARINA BJ\",\"isPartOf\":{\"@id\":\"https:\\\/\\\/lamarinabj.com\\\/#website\"},\"primaryImageOfPage\":{\"@id\":\"https:\\\/\\\/lamarinabj.com\\\/index.php\\\/2025\\\/07\\\/05\\\/affaire-akponna-le-parlement-sen-mele-avec-une-commission-denquete\\\/#primaryimage\"},\"image\":{\"@id\":\"https:\\\/\\\/lamarinabj.com\\\/index.php\\\/2025\\\/07\\\/05\\\/affaire-akponna-le-parlement-sen-mele-avec-une-commission-denquete\\\/#primaryimage\"},\"thumbnailUrl\":\"https:\\\/\\\/lamarinabj.com\\\/wp-content\\\/uploads\\\/2025\\\/07\\\/20250705_110131_0000.png\",\"datePublished\":\"2025-07-05T10:03:37+00:00\",\"dateModified\":\"2025-07-05T10:32:25+00:00\",\"author\":{\"@id\":\"https:\\\/\\\/lamarinabj.com\\\/#\\\/schema\\\/person\\\/89dc3df245cc348449b2502e2d5c016b\"},\"description\":\"Trois jours apr\u00e8s l\u2019auto-saisine du HCPC, l\u2019Assembl\u00e9e nationale du B\u00e9nin a adopt\u00e9, ce vendredi 4 juillet, une r\u00e9solution instituant une commission d\u2019enqu\u00eate parlementaire comme le r\u00e9clame les d\u00e9put\u00e9s du parti d'opposition Les D\u00e9mocrates.\",\"breadcrumb\":{\"@id\":\"https:\\\/\\\/lamarinabj.com\\\/index.php\\\/2025\\\/07\\\/05\\\/affaire-akponna-le-parlement-sen-mele-avec-une-commission-denquete\\\/#breadcrumb\"},\"inLanguage\":\"fr-FR\",\"potentialAction\":[{\"@type\":\"ReadAction\",\"target\":[\"https:\\\/\\\/lamarinabj.com\\\/index.php\\\/2025\\\/07\\\/05\\\/affaire-akponna-le-parlement-sen-mele-avec-une-commission-denquete\\\/\"]}]},{\"@type\":\"ImageObject\",\"inLanguage\":\"fr-FR\",\"@id\":\"https:\\\/\\\/lamarinabj.com\\\/index.php\\\/2025\\\/07\\\/05\\\/affaire-akponna-le-parlement-sen-mele-avec-une-commission-denquete\\\/#primaryimage\",\"url\":\"https:\\\/\\\/lamarinabj.com\\\/wp-content\\\/uploads\\\/2025\\\/07\\\/20250705_110131_0000.png\",\"contentUrl\":\"https:\\\/\\\/lamarinabj.com\\\/wp-content\\\/uploads\\\/2025\\\/07\\\/20250705_110131_0000.png\",\"width\":1032,\"height\":688},{\"@type\":\"BreadcrumbList\",\"@id\":\"https:\\\/\\\/lamarinabj.com\\\/index.php\\\/2025\\\/07\\\/05\\\/affaire-akponna-le-parlement-sen-mele-avec-une-commission-denquete\\\/#breadcrumb\",\"itemListElement\":[{\"@type\":\"ListItem\",\"position\":1,\"name\":\"Accueil\",\"item\":\"https:\\\/\\\/lamarinabj.com\\\/\"},{\"@type\":\"ListItem\",\"position\":2,\"name\":\"Affaire Akponna : le Parlement s\u2019en m\u00eale avec une commission d\u2019enqu\u00eate\"}]},{\"@type\":\"WebSite\",\"@id\":\"https:\\\/\\\/lamarinabj.com\\\/#website\",\"url\":\"https:\\\/\\\/lamarinabj.com\\\/\",\"name\":\"LA MARINA BJ\",\"description\":\"Votre portail vers l&#039;information strat\u00e9gique au B\u00e9nin, en Afrique et au-del\u00e0\",\"potentialAction\":[{\"@type\":\"SearchAction\",\"target\":{\"@type\":\"EntryPoint\",\"urlTemplate\":\"https:\\\/\\\/lamarinabj.com\\\/?s={search_term_string}\"},\"query-input\":{\"@type\":\"PropertyValueSpecification\",\"valueRequired\":true,\"valueName\":\"search_term_string\"}}],\"inLanguage\":\"fr-FR\"},{\"@type\":\"Person\",\"@id\":\"https:\\\/\\\/lamarinabj.com\\\/#\\\/schema\\\/person\\\/89dc3df245cc348449b2502e2d5c016b\",\"name\":\"La Marina Bj\",\"image\":{\"@type\":\"ImageObject\",\"inLanguage\":\"fr-FR\",\"@id\":\"https:\\\/\\\/secure.gravatar.com\\\/avatar\\\/6ef884b7fb1dab6e8672f19e68299568fe069dc761d88506e39bee8464c70e4a?s=96&d=mm&r=g\",\"url\":\"https:\\\/\\\/secure.gravatar.com\\\/avatar\\\/6ef884b7fb1dab6e8672f19e68299568fe069dc761d88506e39bee8464c70e4a?s=96&d=mm&r=g\",\"contentUrl\":\"https:\\\/\\\/secure.gravatar.com\\\/avatar\\\/6ef884b7fb1dab6e8672f19e68299568fe069dc761d88506e39bee8464c70e4a?s=96&d=mm&r=g\",\"caption\":\"La Marina Bj\"},\"url\":\"https:\\\/\\\/lamarinabj.com\\\/index.php\\\/author\\\/la-marina-bj\\\/\"}]}<\/script>\n<!-- \/ Yoast SEO plugin. -->","yoast_head_json":{"title":"Affaire Akponna : le Parlement s\u2019en m\u00eale avec une commission d\u2019enqu\u00eate - LA MARINA BJ","description":"Trois jours apr\u00e8s l\u2019auto-saisine du HCPC, l\u2019Assembl\u00e9e nationale du B\u00e9nin a adopt\u00e9, ce vendredi 4 juillet, une r\u00e9solution instituant une commission d\u2019enqu\u00eate parlementaire comme le r\u00e9clame les d\u00e9put\u00e9s du parti d'opposition Les D\u00e9mocrates.","robots":{"index":"index","follow":"follow","max-snippet":"max-snippet:-1","max-image-preview":"max-image-preview:large","max-video-preview":"max-video-preview:-1"},"canonical":"https:\/\/lamarinabj.com\/index.php\/2025\/07\/05\/affaire-akponna-le-parlement-sen-mele-avec-une-commission-denquete\/","og_locale":"fr_FR","og_type":"article","og_title":"Affaire Akponna : le Parlement s\u2019en m\u00eale avec une commission d\u2019enqu\u00eate - LA MARINA BJ","og_description":"Trois jours apr\u00e8s l\u2019auto-saisine du HCPC, l\u2019Assembl\u00e9e nationale du B\u00e9nin a adopt\u00e9, ce vendredi 4 juillet, une r\u00e9solution instituant une commission d\u2019enqu\u00eate parlementaire comme le r\u00e9clame les d\u00e9put\u00e9s du parti d'opposition Les D\u00e9mocrates.","og_url":"https:\/\/lamarinabj.com\/index.php\/2025\/07\/05\/affaire-akponna-le-parlement-sen-mele-avec-une-commission-denquete\/","og_site_name":"LA MARINA BJ","article_published_time":"2025-07-05T10:03:37+00:00","article_modified_time":"2025-07-05T10:32:25+00:00","og_image":[{"width":1032,"height":688,"url":"https:\/\/lamarinabj.com\/wp-content\/uploads\/2025\/07\/20250705_110131_0000.png","type":"image\/png"}],"author":"La Marina Bj","twitter_card":"summary_large_image","twitter_misc":{"\u00c9crit par":"La Marina Bj","Dur\u00e9e de lecture estim\u00e9e":"3 minutes"},"schema":{"@context":"https:\/\/schema.org","@graph":[{"@type":"NewsArticle","@id":"https:\/\/lamarinabj.com\/index.php\/2025\/07\/05\/affaire-akponna-le-parlement-sen-mele-avec-une-commission-denquete\/#article","isPartOf":{"@id":"https:\/\/lamarinabj.com\/index.php\/2025\/07\/05\/affaire-akponna-le-parlement-sen-mele-avec-une-commission-denquete\/"},"author":{"name":"La Marina Bj","@id":"https:\/\/lamarinabj.com\/#\/schema\/person\/89dc3df245cc348449b2502e2d5c016b"},"headline":"Affaire Akponna : le Parlement s\u2019en m\u00eale avec une commission d\u2019enqu\u00eate","datePublished":"2025-07-05T10:03:37+00:00","dateModified":"2025-07-05T10:32:25+00:00","mainEntityOfPage":{"@id":"https:\/\/lamarinabj.com\/index.php\/2025\/07\/05\/affaire-akponna-le-parlement-sen-mele-avec-une-commission-denquete\/"},"wordCount":475,"commentCount":0,"image":{"@id":"https:\/\/lamarinabj.com\/index.php\/2025\/07\/05\/affaire-akponna-le-parlement-sen-mele-avec-une-commission-denquete\/#primaryimage"},"thumbnailUrl":"https:\/\/lamarinabj.com\/wp-content\/uploads\/2025\/07\/20250705_110131_0000.png","keywords":["affaire Akponnan","B\u00e9nin","Commission d'enqu\u00eate parlementaire"],"articleSection":["GOUVERNANCE","L'\u00c9V\u00c9NEMENT"],"inLanguage":"fr-FR","potentialAction":[{"@type":"CommentAction","name":"Comment","target":["https:\/\/lamarinabj.com\/index.php\/2025\/07\/05\/affaire-akponna-le-parlement-sen-mele-avec-une-commission-denquete\/#respond"]}]},{"@type":["WebPage","SearchResultsPage"],"@id":"https:\/\/lamarinabj.com\/index.php\/2025\/07\/05\/affaire-akponna-le-parlement-sen-mele-avec-une-commission-denquete\/","url":"https:\/\/lamarinabj.com\/index.php\/2025\/07\/05\/affaire-akponna-le-parlement-sen-mele-avec-une-commission-denquete\/","name":"Affaire Akponna : le Parlement s\u2019en m\u00eale avec une commission d\u2019enqu\u00eate - LA MARINA BJ","isPartOf":{"@id":"https:\/\/lamarinabj.com\/#website"},"primaryImageOfPage":{"@id":"https:\/\/lamarinabj.com\/index.php\/2025\/07\/05\/affaire-akponna-le-parlement-sen-mele-avec-une-commission-denquete\/#primaryimage"},"image":{"@id":"https:\/\/lamarinabj.com\/index.php\/2025\/07\/05\/affaire-akponna-le-parlement-sen-mele-avec-une-commission-denquete\/#primaryimage"},"thumbnailUrl":"https:\/\/lamarinabj.com\/wp-content\/uploads\/2025\/07\/20250705_110131_0000.png","datePublished":"2025-07-05T10:03:37+00:00","dateModified":"2025-07-05T10:32:25+00:00","author":{"@id":"https:\/\/lamarinabj.com\/#\/schema\/person\/89dc3df245cc348449b2502e2d5c016b"},"description":"Trois jours apr\u00e8s l\u2019auto-saisine du HCPC, l\u2019Assembl\u00e9e nationale du B\u00e9nin a adopt\u00e9, ce vendredi 4 juillet, une r\u00e9solution instituant une commission d\u2019enqu\u00eate parlementaire comme le r\u00e9clame les d\u00e9put\u00e9s du parti d'opposition Les D\u00e9mocrates.","breadcrumb":{"@id":"https:\/\/lamarinabj.com\/index.php\/2025\/07\/05\/affaire-akponna-le-parlement-sen-mele-avec-une-commission-denquete\/#breadcrumb"},"inLanguage":"fr-FR","potentialAction":[{"@type":"ReadAction","target":["https:\/\/lamarinabj.com\/index.php\/2025\/07\/05\/affaire-akponna-le-parlement-sen-mele-avec-une-commission-denquete\/"]}]},{"@type":"ImageObject","inLanguage":"fr-FR","@id":"https:\/\/lamarinabj.com\/index.php\/2025\/07\/05\/affaire-akponna-le-parlement-sen-mele-avec-une-commission-denquete\/#primaryimage","url":"https:\/\/lamarinabj.com\/wp-content\/uploads\/2025\/07\/20250705_110131_0000.png","contentUrl":"https:\/\/lamarinabj.com\/wp-content\/uploads\/2025\/07\/20250705_110131_0000.png","width":1032,"height":688},{"@type":"BreadcrumbList","@id":"https:\/\/lamarinabj.com\/index.php\/2025\/07\/05\/affaire-akponna-le-parlement-sen-mele-avec-une-commission-denquete\/#breadcrumb","itemListElement":[{"@type":"ListItem","position":1,"name":"Accueil","item":"https:\/\/lamarinabj.com\/"},{"@type":"ListItem","position":2,"name":"Affaire Akponna : le Parlement s\u2019en m\u00eale avec une commission d\u2019enqu\u00eate"}]},{"@type":"WebSite","@id":"https:\/\/lamarinabj.com\/#website","url":"https:\/\/lamarinabj.com\/","name":"LA MARINA BJ","description":"Votre portail vers l&#039;information strat\u00e9gique au B\u00e9nin, en Afrique et au-del\u00e0","potentialAction":[{"@type":"SearchAction","target":{"@type":"EntryPoint","urlTemplate":"https:\/\/lamarinabj.com\/?s={search_term_string}"},"query-input":{"@type":"PropertyValueSpecification","valueRequired":true,"valueName":"search_term_string"}}],"inLanguage":"fr-FR"},{"@type":"Person","@id":"https:\/\/lamarinabj.com\/#\/schema\/person\/89dc3df245cc348449b2502e2d5c016b","name":"La Marina Bj","image":{"@type":"ImageObject","inLanguage":"fr-FR","@id":"https:\/\/secure.gravatar.com\/avatar\/6ef884b7fb1dab6e8672f19e68299568fe069dc761d88506e39bee8464c70e4a?s=96&d=mm&r=g","url":"https:\/\/secure.gravatar.com\/avatar\/6ef884b7fb1dab6e8672f19e68299568fe069dc761d88506e39bee8464c70e4a?s=96&d=mm&r=g","contentUrl":"https:\/\/secure.gravatar.com\/avatar\/6ef884b7fb1dab6e8672f19e68299568fe069dc761d88506e39bee8464c70e4a?s=96&d=mm&r=g","caption":"La Marina Bj"},"url":"https:\/\/lamarinabj.com\/index.php\/author\/la-marina-bj\/"}]}},"_links":{"self":[{"href":"https:\/\/lamarinabj.com\/index.php\/wp-json\/wp\/v2\/posts\/11165","targetHints":{"allow":["GET"]}}],"collection":[{"href":"https:\/\/lamarinabj.com\/index.php\/wp-json\/wp\/v2\/posts"}],"about":[{"href":"https:\/\/lamarinabj.com\/index.php\/wp-json\/wp\/v2\/types\/post"}],"author":[{"embeddable":true,"href":"https:\/\/lamarinabj.com\/index.php\/wp-json\/wp\/v2\/users\/7"}],"replies":[{"embeddable":true,"href":"https:\/\/lamarinabj.com\/index.php\/wp-json\/wp\/v2\/comments?post=11165"}],"version-history":[{"count":6,"href":"https:\/\/lamarinabj.com\/index.php\/wp-json\/wp\/v2\/posts\/11165\/revisions"}],"predecessor-version":[{"id":11173,"href":"https:\/\/lamarinabj.com\/index.php\/wp-json\/wp\/v2\/posts\/11165\/revisions\/11173"}],"wp:featuredmedia":[{"embeddable":true,"href":"https:\/\/lamarinabj.com\/index.php\/wp-json\/wp\/v2\/media\/11166"}],"wp:attachment":[{"href":"https:\/\/lamarinabj.com\/index.php\/wp-json\/wp\/v2\/media?parent=11165"}],"wp:term":[{"taxonomy":"category","embeddable":true,"href":"https:\/\/lamarinabj.com\/index.php\/wp-json\/wp\/v2\/categories?post=11165"},{"taxonomy":"post_tag","embeddable":true,"href":"https:\/\/lamarinabj.com\/index.php\/wp-json\/wp\/v2\/tags?post=11165"}],"curies":[{"name":"wp","href":"https:\/\/api.w.org\/{rel}","templated":true}]}}