{"id":11802,"date":"2025-09-05T07:25:34","date_gmt":"2025-09-05T06:25:34","guid":{"rendered":"https:\/\/lamarinabj.com\/?p=11802"},"modified":"2025-09-05T07:26:29","modified_gmt":"2025-09-05T06:26:29","slug":"presidentielle-2026-au-benin-les-democrates-denoncent-un-conflit-dinterets-autour-de-la-candidature-de-romuald-wadagni","status":"publish","type":"post","link":"https:\/\/lamarinabj.com\/index.php\/2025\/09\/05\/presidentielle-2026-au-benin-les-democrates-denoncent-un-conflit-dinterets-autour-de-la-candidature-de-romuald-wadagni\/","title":{"rendered":"Pr\u00e9sidentielle 2026 au B\u00e9nin : Les D\u00e9mocrates d\u00e9noncent un \u00ab conflit d\u2019int\u00e9r\u00eats \u00bb autour de la candidature de Romuald Wadagni"},"content":{"rendered":"\n<p><mark style=\"background-color:rgba(0, 0, 0, 0)\" class=\"has-inline-color has-red-color\"><strong>Politique, La Marina BJ <\/strong><\/mark>\u2013 <strong><em>La candidature du ministre d\u2019\u00c9tat Romuald Wadagni \u00e0 la pr\u00e9sidentielle de 2026 n\u2019a pas tard\u00e9 \u00e0 faire r\u00e9agir l\u2019opposition. Dans un communiqu\u00e9 officiel dat\u00e9 du jeudi 4 septembre, le parti Les D\u00e9mocrates d\u00e9nonce un probable d\u00e9lit d\u2019initi\u00e9, estimant que le maintien du ministre d\u2019\u00c9tat charg\u00e9 de l\u2019\u00c9conomie et des Finances \u00e0 son poste au gouvernement pourrait compromettre l\u2019\u00e9quit\u00e9 du processus \u00e9lectoral.<\/em><\/strong><\/p>\n\n\n\n<p>Au c\u0153ur de la pol\u00e9mique se trouve la Direction g\u00e9n\u00e9rale des imp\u00f4ts (DGI), structure rattach\u00e9e au minist\u00e8re du candidat de la mouvance et charg\u00e9e de d\u00e9livrer les quitus fiscaux, document indispensable pour tout postulant. Pour l\u2019opposition, cette situation cr\u00e9e un conflit d\u2019int\u00e9r\u00eats flagrant. D\u2019apr\u00e8s le communiqu\u00e9, Romuald Wadagni contr\u00f4lerait indirectement l\u2019instance qui doit autoriser ses adversaires \u00e0 entrer en lice. \u00ab Dans un \u00c9tat d\u00e9mocratique bien \u00e9tabli, la logique recommande que le ministre d\u2019\u00c9tat renonce \u00e0 ses fonctions actuelles \u00bb, insiste le texte.<\/p>\n\n\n\n<h2 id=\"une-sortie-en-echo-a-la-dgi\" class=\"wp-block-heading\"><mark style=\"background-color:rgba(0, 0, 0, 0)\" class=\"has-inline-color has-red-color\">Une sortie en \u00e9cho \u00e0 la DGI<\/mark><\/h2>\n\n\n\n<p>Cette prise de position intervient au lendemain d\u2019un autre communiqu\u00e9, cette fois sign\u00e9 par la Direction g\u00e9n\u00e9rale des imp\u00f4ts, qui annon\u00e7ait l\u2019ouverture prochaine de sa plateforme en ligne pour le d\u00e9p\u00f4t des demandes de quitus fiscaux. L\u2019administration a assur\u00e9 avoir renforc\u00e9 son syst\u00e8me informatique afin de garantir la fluidit\u00e9 du processus et de pr\u00e9venir tout dysfonctionnement \u00e0 l\u2019approche des \u00e9ch\u00e9ances \u00e9lectorales. Pour Les D\u00e9mocrates, ces assurances techniques ne suffisent donc pas \u00e0 lever les doutes politiques.<\/p>\n\n\n\n<p>En pla\u00e7ant la question de l\u2019impartialit\u00e9 au centre du d\u00e9bat, le parti d\u2019opposition exige de Romuald Wadagni qu\u2019il d\u00e9missionne de son poste minist\u00e9riel pour que la comp\u00e9tition \u00e9lectorale se d\u00e9roule sans suspicion. Pour l\u2019opposition, un tel geste rel\u00e8verait non seulement du respect de l\u2019\u00e9thique d\u00e9mocratique, mais aussi d\u2019une \u00ab culture administrative \u00bb qui garantirait \u00e0 tous les citoyens l\u2019\u00e9galit\u00e9 devant la loi et les institutions.<\/p>\n\n\n\n<h2 id=\"une-inquietude-fondee-ou-instrumentalisee\" class=\"wp-block-heading\"><mark style=\"background-color:rgba(0, 0, 0, 0)\" class=\"has-inline-color has-red-color\">Une inqui\u00e9tude fond\u00e9e\u2026 ou instrumentalis\u00e9e ?<\/mark><\/h2>\n\n\n\n<p>La simultan\u00e9it\u00e9 des deux communications, celle de la DGI et celle de l\u2019opposition , donne \u00e0 cette pol\u00e9mique une r\u00e9sonance particuli\u00e8re. La question demeure toutefois de savoir si l\u2019inqui\u00e9tude du parti Les D\u00e9mocrates est-elle r\u00e9ellement justifi\u00e9e ? Le quitus fiscal reste un document encadr\u00e9 par des proc\u00e9dures strictes, et la DGI en a r\u00e9cemment donn\u00e9 des garanties. Pourtant, dans un contexte o\u00f9 la confiance dans les institutions est scrut\u00e9e, la perception d\u2019un conflit d\u2019int\u00e9r\u00eats peut peser autant que les faits eux-m\u00eames. D\u00e8s lors, plus qu\u2019un obstacle, \u00ab l\u2019offensive de l\u2019opposition pourrait relever d\u2019un calcul politique visant \u00e0 installer dans l\u2019opinion l\u2019id\u00e9e d\u2019un candidat d\u00e9j\u00e0 juge et partie \u00bb selon notre sp\u00e9cialiste \u00e0 la r\u00e9daction.<\/p>\n\n\n\n<p>Le communiqu\u00e9 du parti d&rsquo;opposition Les D\u00e9mocrates affirme d\u2019ailleurs que d\u00e8s l\u2019annonce de cette candidature, les populations, selon eux, \u00ab ont exprim\u00e9 leurs vives inqui\u00e9tudes face \u00e0 un probable d\u00e9lit d\u2019initi\u00e9 entre sa responsabilit\u00e9 de ministre de l\u2019\u00c9conomie, des Finances et de la Coop\u00e9ration, minist\u00e8re sous lequel se trouve la Direction g\u00e9n\u00e9rale des imp\u00f4ts (instance charg\u00e9e de la d\u00e9livrance des quitus fiscaux) et l\u2019impartialit\u00e9 qui doit s\u2019observer dans la d\u00e9livrance de ce pr\u00e9cieux document \u00e0 ses potentiels adversaires, m\u00eame si ces derniers remplissent les conditions \u00bb.<\/p>\n","protected":false},"excerpt":{"rendered":"Politique, La Marina BJ \u2013 La candidature du ministre d\u2019\u00c9tat Romuald Wadagni \u00e0 la pr\u00e9sidentielle de 2026 n\u2019a&hellip;\n","protected":false},"author":9,"featured_media":11803,"comment_status":"open","ping_status":"open","sticky":false,"template":"elementor_theme","format":"standard","meta":{"csco_singular_sidebar":"","csco_page_header_type":"standard","csco_appearance_masonry":"","csco_page_load_nextpost":"","csco_post_video_location":[],"csco_post_video_location_hash":"","csco_post_video_url":"","csco_post_video_bg_start_time":0,"csco_post_video_bg_end_time":0,"footnotes":""},"categories":[239,1001],"tags":[41,250,1325,511],"class_list":{"0":"post-11802","1":"post","2":"type-post","3":"status-publish","4":"format-standard","5":"has-post-thumbnail","7":"category-levenement-2","8":"category-opinions","9":"tag-benin","10":"tag-parti-les-democrates","11":"tag-presidentielle-2026","12":"tag-romuald-wadagni","13":"cs-entry","14":"cs-video-wrap"},"yoast_head":"<!-- This site is optimized with the Yoast SEO plugin v27.4 - https:\/\/yoast.com\/product\/yoast-seo-wordpress\/ -->\n<title>Pr\u00e9sidentielle 2026 au B\u00e9nin : Les D\u00e9mocrates d\u00e9noncent un \u00ab conflit d\u2019int\u00e9r\u00eats \u00bb autour de la candidature de Romuald Wadagni - LA MARINA BJ<\/title>\n<meta name=\"description\" content=\"Dans un communiqu\u00e9 officiel dat\u00e9 du jeudi 4 septembre, le parti Les D\u00e9mocrates d\u00e9nonce un probable d\u00e9lit d\u2019initi\u00e9, estimant que le maintien du ministre d\u2019\u00c9tat charg\u00e9 de l\u2019\u00c9conomie et des Finances \u00e0 son poste pourrait compromettre l\u2019\u00e9quit\u00e9 du processus \u00e9lectoral.\" \/>\n<meta name=\"robots\" content=\"index, follow, max-snippet:-1, max-image-preview:large, max-video-preview:-1\" \/>\n<link rel=\"canonical\" href=\"https:\/\/lamarinabj.com\/index.php\/2025\/09\/05\/presidentielle-2026-au-benin-les-democrates-denoncent-un-conflit-dinterets-autour-de-la-candidature-de-romuald-wadagni\/\" \/>\n<meta property=\"og:locale\" content=\"fr_FR\" \/>\n<meta property=\"og:type\" content=\"article\" \/>\n<meta property=\"og:title\" content=\"Pr\u00e9sidentielle 2026 au B\u00e9nin : Les D\u00e9mocrates d\u00e9noncent un \u00ab conflit d\u2019int\u00e9r\u00eats \u00bb autour de la candidature de Romuald Wadagni - LA MARINA BJ\" \/>\n<meta property=\"og:description\" content=\"Dans un communiqu\u00e9 officiel dat\u00e9 du jeudi 4 septembre, le parti Les D\u00e9mocrates d\u00e9nonce un probable d\u00e9lit d\u2019initi\u00e9, estimant que le maintien du ministre d\u2019\u00c9tat charg\u00e9 de l\u2019\u00c9conomie et des Finances \u00e0 son poste pourrait compromettre l\u2019\u00e9quit\u00e9 du processus \u00e9lectoral.\" \/>\n<meta property=\"og:url\" content=\"https:\/\/lamarinabj.com\/index.php\/2025\/09\/05\/presidentielle-2026-au-benin-les-democrates-denoncent-un-conflit-dinterets-autour-de-la-candidature-de-romuald-wadagni\/\" \/>\n<meta property=\"og:site_name\" content=\"LA MARINA BJ\" \/>\n<meta property=\"article:published_time\" content=\"2025-09-05T06:25:34+00:00\" \/>\n<meta property=\"article:modified_time\" content=\"2025-09-05T06:26:29+00:00\" \/>\n<meta property=\"og:image\" content=\"https:\/\/lamarinabj.com\/wp-content\/uploads\/2025\/09\/20250905_071814_0000.jpg\" \/>\n\t<meta property=\"og:image:width\" content=\"720\" \/>\n\t<meta property=\"og:image:height\" content=\"986\" \/>\n\t<meta property=\"og:image:type\" content=\"image\/jpeg\" \/>\n<meta name=\"author\" content=\"La Marina BJ - Team Politique &amp; Gouvernance\" \/>\n<meta name=\"twitter:card\" content=\"summary_large_image\" \/>\n<meta name=\"twitter:label1\" content=\"\u00c9crit par\" \/>\n\t<meta name=\"twitter:data1\" content=\"La Marina BJ - Team Politique &amp; Gouvernance\" \/>\n\t<meta name=\"twitter:label2\" content=\"Dur\u00e9e de lecture estim\u00e9e\" \/>\n\t<meta name=\"twitter:data2\" content=\"3 minutes\" \/>\n<script type=\"application\/ld+json\" class=\"yoast-schema-graph\">{\"@context\":\"https:\\\/\\\/schema.org\",\"@graph\":[{\"@type\":\"NewsArticle\",\"@id\":\"https:\\\/\\\/lamarinabj.com\\\/index.php\\\/2025\\\/09\\\/05\\\/presidentielle-2026-au-benin-les-democrates-denoncent-un-conflit-dinterets-autour-de-la-candidature-de-romuald-wadagni\\\/#article\",\"isPartOf\":{\"@id\":\"https:\\\/\\\/lamarinabj.com\\\/index.php\\\/2025\\\/09\\\/05\\\/presidentielle-2026-au-benin-les-democrates-denoncent-un-conflit-dinterets-autour-de-la-candidature-de-romuald-wadagni\\\/\"},\"author\":{\"name\":\"La Marina BJ - Team Politique &amp; Gouvernance\",\"@id\":\"https:\\\/\\\/lamarinabj.com\\\/#\\\/schema\\\/person\\\/402e6a9448a09031724da97f9dae67e8\"},\"headline\":\"Pr\u00e9sidentielle 2026 au B\u00e9nin : Les D\u00e9mocrates d\u00e9noncent un \u00ab conflit d\u2019int\u00e9r\u00eats \u00bb autour de la candidature de Romuald Wadagni\",\"datePublished\":\"2025-09-05T06:25:34+00:00\",\"dateModified\":\"2025-09-05T06:26:29+00:00\",\"mainEntityOfPage\":{\"@id\":\"https:\\\/\\\/lamarinabj.com\\\/index.php\\\/2025\\\/09\\\/05\\\/presidentielle-2026-au-benin-les-democrates-denoncent-un-conflit-dinterets-autour-de-la-candidature-de-romuald-wadagni\\\/\"},\"wordCount\":613,\"commentCount\":0,\"image\":{\"@id\":\"https:\\\/\\\/lamarinabj.com\\\/index.php\\\/2025\\\/09\\\/05\\\/presidentielle-2026-au-benin-les-democrates-denoncent-un-conflit-dinterets-autour-de-la-candidature-de-romuald-wadagni\\\/#primaryimage\"},\"thumbnailUrl\":\"https:\\\/\\\/lamarinabj.com\\\/wp-content\\\/uploads\\\/2025\\\/09\\\/20250905_071814_0000.jpg\",\"keywords\":[\"B\u00e9nin\",\"Parti Les D\u00e9mocrates\",\"Pr\u00e9sidentielle 2026\",\"Romuald wadagni\"],\"articleSection\":[\"L'\u00c9V\u00c9NEMENT\",\"OPINIONS\"],\"inLanguage\":\"fr-FR\",\"potentialAction\":[{\"@type\":\"CommentAction\",\"name\":\"Comment\",\"target\":[\"https:\\\/\\\/lamarinabj.com\\\/index.php\\\/2025\\\/09\\\/05\\\/presidentielle-2026-au-benin-les-democrates-denoncent-un-conflit-dinterets-autour-de-la-candidature-de-romuald-wadagni\\\/#respond\"]}]},{\"@type\":[\"WebPage\",\"SearchResultsPage\"],\"@id\":\"https:\\\/\\\/lamarinabj.com\\\/index.php\\\/2025\\\/09\\\/05\\\/presidentielle-2026-au-benin-les-democrates-denoncent-un-conflit-dinterets-autour-de-la-candidature-de-romuald-wadagni\\\/\",\"url\":\"https:\\\/\\\/lamarinabj.com\\\/index.php\\\/2025\\\/09\\\/05\\\/presidentielle-2026-au-benin-les-democrates-denoncent-un-conflit-dinterets-autour-de-la-candidature-de-romuald-wadagni\\\/\",\"name\":\"Pr\u00e9sidentielle 2026 au B\u00e9nin : Les D\u00e9mocrates d\u00e9noncent un \u00ab conflit d\u2019int\u00e9r\u00eats \u00bb autour de la candidature de Romuald Wadagni - LA MARINA BJ\",\"isPartOf\":{\"@id\":\"https:\\\/\\\/lamarinabj.com\\\/#website\"},\"primaryImageOfPage\":{\"@id\":\"https:\\\/\\\/lamarinabj.com\\\/index.php\\\/2025\\\/09\\\/05\\\/presidentielle-2026-au-benin-les-democrates-denoncent-un-conflit-dinterets-autour-de-la-candidature-de-romuald-wadagni\\\/#primaryimage\"},\"image\":{\"@id\":\"https:\\\/\\\/lamarinabj.com\\\/index.php\\\/2025\\\/09\\\/05\\\/presidentielle-2026-au-benin-les-democrates-denoncent-un-conflit-dinterets-autour-de-la-candidature-de-romuald-wadagni\\\/#primaryimage\"},\"thumbnailUrl\":\"https:\\\/\\\/lamarinabj.com\\\/wp-content\\\/uploads\\\/2025\\\/09\\\/20250905_071814_0000.jpg\",\"datePublished\":\"2025-09-05T06:25:34+00:00\",\"dateModified\":\"2025-09-05T06:26:29+00:00\",\"author\":{\"@id\":\"https:\\\/\\\/lamarinabj.com\\\/#\\\/schema\\\/person\\\/402e6a9448a09031724da97f9dae67e8\"},\"description\":\"Dans un communiqu\u00e9 officiel dat\u00e9 du jeudi 4 septembre, le parti Les D\u00e9mocrates d\u00e9nonce un probable d\u00e9lit d\u2019initi\u00e9, estimant que le maintien du ministre d\u2019\u00c9tat charg\u00e9 de l\u2019\u00c9conomie et des Finances \u00e0 son poste pourrait compromettre l\u2019\u00e9quit\u00e9 du processus \u00e9lectoral.\",\"breadcrumb\":{\"@id\":\"https:\\\/\\\/lamarinabj.com\\\/index.php\\\/2025\\\/09\\\/05\\\/presidentielle-2026-au-benin-les-democrates-denoncent-un-conflit-dinterets-autour-de-la-candidature-de-romuald-wadagni\\\/#breadcrumb\"},\"inLanguage\":\"fr-FR\",\"potentialAction\":[{\"@type\":\"ReadAction\",\"target\":[\"https:\\\/\\\/lamarinabj.com\\\/index.php\\\/2025\\\/09\\\/05\\\/presidentielle-2026-au-benin-les-democrates-denoncent-un-conflit-dinterets-autour-de-la-candidature-de-romuald-wadagni\\\/\"]}]},{\"@type\":\"ImageObject\",\"inLanguage\":\"fr-FR\",\"@id\":\"https:\\\/\\\/lamarinabj.com\\\/index.php\\\/2025\\\/09\\\/05\\\/presidentielle-2026-au-benin-les-democrates-denoncent-un-conflit-dinterets-autour-de-la-candidature-de-romuald-wadagni\\\/#primaryimage\",\"url\":\"https:\\\/\\\/lamarinabj.com\\\/wp-content\\\/uploads\\\/2025\\\/09\\\/20250905_071814_0000.jpg\",\"contentUrl\":\"https:\\\/\\\/lamarinabj.com\\\/wp-content\\\/uploads\\\/2025\\\/09\\\/20250905_071814_0000.jpg\",\"width\":720,\"height\":986},{\"@type\":\"BreadcrumbList\",\"@id\":\"https:\\\/\\\/lamarinabj.com\\\/index.php\\\/2025\\\/09\\\/05\\\/presidentielle-2026-au-benin-les-democrates-denoncent-un-conflit-dinterets-autour-de-la-candidature-de-romuald-wadagni\\\/#breadcrumb\",\"itemListElement\":[{\"@type\":\"ListItem\",\"position\":1,\"name\":\"Accueil\",\"item\":\"https:\\\/\\\/lamarinabj.com\\\/\"},{\"@type\":\"ListItem\",\"position\":2,\"name\":\"Pr\u00e9sidentielle 2026 au B\u00e9nin : Les D\u00e9mocrates d\u00e9noncent un \u00ab conflit d\u2019int\u00e9r\u00eats \u00bb autour de la candidature de Romuald Wadagni\"}]},{\"@type\":\"WebSite\",\"@id\":\"https:\\\/\\\/lamarinabj.com\\\/#website\",\"url\":\"https:\\\/\\\/lamarinabj.com\\\/\",\"name\":\"LA MARINA BJ\",\"description\":\"Votre portail vers l&#039;information strat\u00e9gique au B\u00e9nin, en Afrique et au-del\u00e0\",\"potentialAction\":[{\"@type\":\"SearchAction\",\"target\":{\"@type\":\"EntryPoint\",\"urlTemplate\":\"https:\\\/\\\/lamarinabj.com\\\/?s={search_term_string}\"},\"query-input\":{\"@type\":\"PropertyValueSpecification\",\"valueRequired\":true,\"valueName\":\"search_term_string\"}}],\"inLanguage\":\"fr-FR\"},{\"@type\":\"Person\",\"@id\":\"https:\\\/\\\/lamarinabj.com\\\/#\\\/schema\\\/person\\\/402e6a9448a09031724da97f9dae67e8\",\"name\":\"La Marina BJ - Team Politique &amp; Gouvernance\",\"image\":{\"@type\":\"ImageObject\",\"inLanguage\":\"fr-FR\",\"@id\":\"https:\\\/\\\/secure.gravatar.com\\\/avatar\\\/fd9545dd7863c2f40d7696b9bb5d085e4615baa276d5cd3e6a5a3bbc53bfae6e?s=96&d=mm&r=g\",\"url\":\"https:\\\/\\\/secure.gravatar.com\\\/avatar\\\/fd9545dd7863c2f40d7696b9bb5d085e4615baa276d5cd3e6a5a3bbc53bfae6e?s=96&d=mm&r=g\",\"contentUrl\":\"https:\\\/\\\/secure.gravatar.com\\\/avatar\\\/fd9545dd7863c2f40d7696b9bb5d085e4615baa276d5cd3e6a5a3bbc53bfae6e?s=96&d=mm&r=g\",\"caption\":\"La Marina BJ - Team Politique &amp; Gouvernance\"},\"description\":\"La Team Politique &amp; Gouvernance de La Marina BJ est au c\u0153ur de l\u2019analyse des enjeux politiques, institutionnels et de gouvernance au B\u00e9nin et en Afrique. Compos\u00e9e de journalistes sp\u00e9cialis\u00e9s en affaires publiques et en politique, cette \u00e9quipe s\u2019attache \u00e0 d\u00e9crypter les d\u00e9cisions politiques, \u00e0 suivre l\u2019\u00e9volution des r\u00e9formes institutionnelles, et \u00e0 analyser les dynamiques de pouvoir au sein des institutions nationales et internationales.\",\"url\":\"https:\\\/\\\/lamarinabj.com\\\/index.php\\\/author\\\/adimi\\\/\"}]}<\/script>\n<!-- \/ Yoast SEO plugin. -->","yoast_head_json":{"title":"Pr\u00e9sidentielle 2026 au B\u00e9nin : Les D\u00e9mocrates d\u00e9noncent un \u00ab conflit d\u2019int\u00e9r\u00eats \u00bb autour de la candidature de Romuald Wadagni - LA MARINA BJ","description":"Dans un communiqu\u00e9 officiel dat\u00e9 du jeudi 4 septembre, le parti Les D\u00e9mocrates d\u00e9nonce un probable d\u00e9lit d\u2019initi\u00e9, estimant que le maintien du ministre d\u2019\u00c9tat charg\u00e9 de l\u2019\u00c9conomie et des Finances \u00e0 son poste pourrait compromettre l\u2019\u00e9quit\u00e9 du processus \u00e9lectoral.","robots":{"index":"index","follow":"follow","max-snippet":"max-snippet:-1","max-image-preview":"max-image-preview:large","max-video-preview":"max-video-preview:-1"},"canonical":"https:\/\/lamarinabj.com\/index.php\/2025\/09\/05\/presidentielle-2026-au-benin-les-democrates-denoncent-un-conflit-dinterets-autour-de-la-candidature-de-romuald-wadagni\/","og_locale":"fr_FR","og_type":"article","og_title":"Pr\u00e9sidentielle 2026 au B\u00e9nin : Les D\u00e9mocrates d\u00e9noncent un \u00ab conflit d\u2019int\u00e9r\u00eats \u00bb autour de la candidature de Romuald Wadagni - LA MARINA BJ","og_description":"Dans un communiqu\u00e9 officiel dat\u00e9 du jeudi 4 septembre, le parti Les D\u00e9mocrates d\u00e9nonce un probable d\u00e9lit d\u2019initi\u00e9, estimant que le maintien du ministre d\u2019\u00c9tat charg\u00e9 de l\u2019\u00c9conomie et des Finances \u00e0 son poste pourrait compromettre l\u2019\u00e9quit\u00e9 du processus \u00e9lectoral.","og_url":"https:\/\/lamarinabj.com\/index.php\/2025\/09\/05\/presidentielle-2026-au-benin-les-democrates-denoncent-un-conflit-dinterets-autour-de-la-candidature-de-romuald-wadagni\/","og_site_name":"LA MARINA BJ","article_published_time":"2025-09-05T06:25:34+00:00","article_modified_time":"2025-09-05T06:26:29+00:00","og_image":[{"width":720,"height":986,"url":"https:\/\/lamarinabj.com\/wp-content\/uploads\/2025\/09\/20250905_071814_0000.jpg","type":"image\/jpeg"}],"author":"La Marina BJ - Team Politique &amp; Gouvernance","twitter_card":"summary_large_image","twitter_misc":{"\u00c9crit par":"La Marina BJ - Team Politique &amp; Gouvernance","Dur\u00e9e de lecture estim\u00e9e":"3 minutes"},"schema":{"@context":"https:\/\/schema.org","@graph":[{"@type":"NewsArticle","@id":"https:\/\/lamarinabj.com\/index.php\/2025\/09\/05\/presidentielle-2026-au-benin-les-democrates-denoncent-un-conflit-dinterets-autour-de-la-candidature-de-romuald-wadagni\/#article","isPartOf":{"@id":"https:\/\/lamarinabj.com\/index.php\/2025\/09\/05\/presidentielle-2026-au-benin-les-democrates-denoncent-un-conflit-dinterets-autour-de-la-candidature-de-romuald-wadagni\/"},"author":{"name":"La Marina BJ - Team Politique &amp; Gouvernance","@id":"https:\/\/lamarinabj.com\/#\/schema\/person\/402e6a9448a09031724da97f9dae67e8"},"headline":"Pr\u00e9sidentielle 2026 au B\u00e9nin : Les D\u00e9mocrates d\u00e9noncent un \u00ab conflit d\u2019int\u00e9r\u00eats \u00bb autour de la candidature de Romuald Wadagni","datePublished":"2025-09-05T06:25:34+00:00","dateModified":"2025-09-05T06:26:29+00:00","mainEntityOfPage":{"@id":"https:\/\/lamarinabj.com\/index.php\/2025\/09\/05\/presidentielle-2026-au-benin-les-democrates-denoncent-un-conflit-dinterets-autour-de-la-candidature-de-romuald-wadagni\/"},"wordCount":613,"commentCount":0,"image":{"@id":"https:\/\/lamarinabj.com\/index.php\/2025\/09\/05\/presidentielle-2026-au-benin-les-democrates-denoncent-un-conflit-dinterets-autour-de-la-candidature-de-romuald-wadagni\/#primaryimage"},"thumbnailUrl":"https:\/\/lamarinabj.com\/wp-content\/uploads\/2025\/09\/20250905_071814_0000.jpg","keywords":["B\u00e9nin","Parti Les D\u00e9mocrates","Pr\u00e9sidentielle 2026","Romuald wadagni"],"articleSection":["L'\u00c9V\u00c9NEMENT","OPINIONS"],"inLanguage":"fr-FR","potentialAction":[{"@type":"CommentAction","name":"Comment","target":["https:\/\/lamarinabj.com\/index.php\/2025\/09\/05\/presidentielle-2026-au-benin-les-democrates-denoncent-un-conflit-dinterets-autour-de-la-candidature-de-romuald-wadagni\/#respond"]}]},{"@type":["WebPage","SearchResultsPage"],"@id":"https:\/\/lamarinabj.com\/index.php\/2025\/09\/05\/presidentielle-2026-au-benin-les-democrates-denoncent-un-conflit-dinterets-autour-de-la-candidature-de-romuald-wadagni\/","url":"https:\/\/lamarinabj.com\/index.php\/2025\/09\/05\/presidentielle-2026-au-benin-les-democrates-denoncent-un-conflit-dinterets-autour-de-la-candidature-de-romuald-wadagni\/","name":"Pr\u00e9sidentielle 2026 au B\u00e9nin : Les D\u00e9mocrates d\u00e9noncent un \u00ab conflit d\u2019int\u00e9r\u00eats \u00bb autour de la candidature de Romuald Wadagni - LA MARINA BJ","isPartOf":{"@id":"https:\/\/lamarinabj.com\/#website"},"primaryImageOfPage":{"@id":"https:\/\/lamarinabj.com\/index.php\/2025\/09\/05\/presidentielle-2026-au-benin-les-democrates-denoncent-un-conflit-dinterets-autour-de-la-candidature-de-romuald-wadagni\/#primaryimage"},"image":{"@id":"https:\/\/lamarinabj.com\/index.php\/2025\/09\/05\/presidentielle-2026-au-benin-les-democrates-denoncent-un-conflit-dinterets-autour-de-la-candidature-de-romuald-wadagni\/#primaryimage"},"thumbnailUrl":"https:\/\/lamarinabj.com\/wp-content\/uploads\/2025\/09\/20250905_071814_0000.jpg","datePublished":"2025-09-05T06:25:34+00:00","dateModified":"2025-09-05T06:26:29+00:00","author":{"@id":"https:\/\/lamarinabj.com\/#\/schema\/person\/402e6a9448a09031724da97f9dae67e8"},"description":"Dans un communiqu\u00e9 officiel dat\u00e9 du jeudi 4 septembre, le parti Les D\u00e9mocrates d\u00e9nonce un probable d\u00e9lit d\u2019initi\u00e9, estimant que le maintien du ministre d\u2019\u00c9tat charg\u00e9 de l\u2019\u00c9conomie et des Finances \u00e0 son poste pourrait compromettre l\u2019\u00e9quit\u00e9 du processus \u00e9lectoral.","breadcrumb":{"@id":"https:\/\/lamarinabj.com\/index.php\/2025\/09\/05\/presidentielle-2026-au-benin-les-democrates-denoncent-un-conflit-dinterets-autour-de-la-candidature-de-romuald-wadagni\/#breadcrumb"},"inLanguage":"fr-FR","potentialAction":[{"@type":"ReadAction","target":["https:\/\/lamarinabj.com\/index.php\/2025\/09\/05\/presidentielle-2026-au-benin-les-democrates-denoncent-un-conflit-dinterets-autour-de-la-candidature-de-romuald-wadagni\/"]}]},{"@type":"ImageObject","inLanguage":"fr-FR","@id":"https:\/\/lamarinabj.com\/index.php\/2025\/09\/05\/presidentielle-2026-au-benin-les-democrates-denoncent-un-conflit-dinterets-autour-de-la-candidature-de-romuald-wadagni\/#primaryimage","url":"https:\/\/lamarinabj.com\/wp-content\/uploads\/2025\/09\/20250905_071814_0000.jpg","contentUrl":"https:\/\/lamarinabj.com\/wp-content\/uploads\/2025\/09\/20250905_071814_0000.jpg","width":720,"height":986},{"@type":"BreadcrumbList","@id":"https:\/\/lamarinabj.com\/index.php\/2025\/09\/05\/presidentielle-2026-au-benin-les-democrates-denoncent-un-conflit-dinterets-autour-de-la-candidature-de-romuald-wadagni\/#breadcrumb","itemListElement":[{"@type":"ListItem","position":1,"name":"Accueil","item":"https:\/\/lamarinabj.com\/"},{"@type":"ListItem","position":2,"name":"Pr\u00e9sidentielle 2026 au B\u00e9nin : Les D\u00e9mocrates d\u00e9noncent un \u00ab conflit d\u2019int\u00e9r\u00eats \u00bb autour de la candidature de Romuald Wadagni"}]},{"@type":"WebSite","@id":"https:\/\/lamarinabj.com\/#website","url":"https:\/\/lamarinabj.com\/","name":"LA MARINA BJ","description":"Votre portail vers l&#039;information strat\u00e9gique au B\u00e9nin, en Afrique et au-del\u00e0","potentialAction":[{"@type":"SearchAction","target":{"@type":"EntryPoint","urlTemplate":"https:\/\/lamarinabj.com\/?s={search_term_string}"},"query-input":{"@type":"PropertyValueSpecification","valueRequired":true,"valueName":"search_term_string"}}],"inLanguage":"fr-FR"},{"@type":"Person","@id":"https:\/\/lamarinabj.com\/#\/schema\/person\/402e6a9448a09031724da97f9dae67e8","name":"La Marina BJ - Team Politique &amp; Gouvernance","image":{"@type":"ImageObject","inLanguage":"fr-FR","@id":"https:\/\/secure.gravatar.com\/avatar\/fd9545dd7863c2f40d7696b9bb5d085e4615baa276d5cd3e6a5a3bbc53bfae6e?s=96&d=mm&r=g","url":"https:\/\/secure.gravatar.com\/avatar\/fd9545dd7863c2f40d7696b9bb5d085e4615baa276d5cd3e6a5a3bbc53bfae6e?s=96&d=mm&r=g","contentUrl":"https:\/\/secure.gravatar.com\/avatar\/fd9545dd7863c2f40d7696b9bb5d085e4615baa276d5cd3e6a5a3bbc53bfae6e?s=96&d=mm&r=g","caption":"La Marina BJ - Team Politique &amp; Gouvernance"},"description":"La Team Politique &amp; Gouvernance de La Marina BJ est au c\u0153ur de l\u2019analyse des enjeux politiques, institutionnels et de gouvernance au B\u00e9nin et en Afrique. Compos\u00e9e de journalistes sp\u00e9cialis\u00e9s en affaires publiques et en politique, cette \u00e9quipe s\u2019attache \u00e0 d\u00e9crypter les d\u00e9cisions politiques, \u00e0 suivre l\u2019\u00e9volution des r\u00e9formes institutionnelles, et \u00e0 analyser les dynamiques de pouvoir au sein des institutions nationales et internationales.","url":"https:\/\/lamarinabj.com\/index.php\/author\/adimi\/"}]}},"_links":{"self":[{"href":"https:\/\/lamarinabj.com\/index.php\/wp-json\/wp\/v2\/posts\/11802","targetHints":{"allow":["GET"]}}],"collection":[{"href":"https:\/\/lamarinabj.com\/index.php\/wp-json\/wp\/v2\/posts"}],"about":[{"href":"https:\/\/lamarinabj.com\/index.php\/wp-json\/wp\/v2\/types\/post"}],"author":[{"embeddable":true,"href":"https:\/\/lamarinabj.com\/index.php\/wp-json\/wp\/v2\/users\/9"}],"replies":[{"embeddable":true,"href":"https:\/\/lamarinabj.com\/index.php\/wp-json\/wp\/v2\/comments?post=11802"}],"version-history":[{"count":2,"href":"https:\/\/lamarinabj.com\/index.php\/wp-json\/wp\/v2\/posts\/11802\/revisions"}],"predecessor-version":[{"id":11805,"href":"https:\/\/lamarinabj.com\/index.php\/wp-json\/wp\/v2\/posts\/11802\/revisions\/11805"}],"wp:featuredmedia":[{"embeddable":true,"href":"https:\/\/lamarinabj.com\/index.php\/wp-json\/wp\/v2\/media\/11803"}],"wp:attachment":[{"href":"https:\/\/lamarinabj.com\/index.php\/wp-json\/wp\/v2\/media?parent=11802"}],"wp:term":[{"taxonomy":"category","embeddable":true,"href":"https:\/\/lamarinabj.com\/index.php\/wp-json\/wp\/v2\/categories?post=11802"},{"taxonomy":"post_tag","embeddable":true,"href":"https:\/\/lamarinabj.com\/index.php\/wp-json\/wp\/v2\/tags?post=11802"}],"curies":[{"name":"wp","href":"https:\/\/api.w.org\/{rel}","templated":true}]}}