{"id":11919,"date":"2025-09-18T14:30:00","date_gmt":"2025-09-18T13:30:00","guid":{"rendered":"https:\/\/lamarinabj.com\/?p=11919"},"modified":"2025-09-18T08:43:59","modified_gmt":"2025-09-18T07:43:59","slug":"transition-energetique-au-benin-une-filiale-du-groupe-francais-edf-chargee-de-redessiner-le-reseau-electrique","status":"publish","type":"post","link":"https:\/\/lamarinabj.com\/index.php\/2025\/09\/18\/transition-energetique-au-benin-une-filiale-du-groupe-francais-edf-chargee-de-redessiner-le-reseau-electrique\/","title":{"rendered":"Transition \u00e9nerg\u00e9tique au B\u00e9nin : une filiale du groupe fran\u00e7ais EDF charg\u00e9e de redessiner le r\u00e9seau \u00e9lectrique"},"content":{"rendered":"\n<p><strong><mark style=\"background-color:rgba(0, 0, 0, 0)\" class=\"has-inline-color has-red-color\">\u00c9nergie, La Marina BJ <\/mark><\/strong>&#8211; <strong><em>Autoris\u00e9 lors du Conseil des ministres du 21 mai 2025, La Marina BJ est en mesure de confirmer que c\u2019est avec la soci\u00e9t\u00e9 EDF International Networks, filiale du groupe fran\u00e7ais EDF, que l\u2019ex\u00e9cutif b\u00e9ninois a finalement d\u00e9cid\u00e9 de contractualiser la r\u00e9alisation du sch\u00e9ma directeur des postes sources haute et moyenne tension (HT\/MT) ainsi que des r\u00e9seaux moyenne tension (MT) \u00e0 l\u2019horizon 2040. Un choix strat\u00e9gique qui illustre les ambitions d\u2019un pays en qu\u00eate de modernisation et de s\u00e9curit\u00e9 \u00e9nerg\u00e9tique.<\/em><\/strong><\/p>\n\n\n\n<p>Selon la communication officielle du Conseil des ministres, il s\u2019agit de planifier le d\u00e9veloppement du r\u00e9seau \u00e9lectrique sur les quinze prochaines ann\u00e9es. Dans un contexte marqu\u00e9 par une forte croissance d\u00e9mographique et une dynamique industrielle croissante, l\u2019enjeu est d\u2019anticiper plut\u00f4t que de subir. \u00ab Ce sch\u00e9ma directeur en vue servira de boussole pour nos futurs investissements \u00bb, nous souligne notre sp\u00e9cialiste \u00e0 la r\u00e9daction \u00e9voquant le poids politique d\u2019une telle d\u00e9cision dans la strat\u00e9gie de rupture \u00e9nerg\u00e9tique pr\u00f4n\u00e9e par le gouvernement du pr\u00e9sident Patrice Talon.<\/p>\n\n\n\n<h2 id=\"un-contrat-de-plus-de-300-millions-de-fcfa\" class=\"wp-block-heading\"><mark style=\"background-color:rgba(0, 0, 0, 0)\" class=\"has-inline-color has-red-color\">Un contrat de plus de 300 millions de FCFA<\/mark><\/h2>\n\n\n\n<p>Selon nos informations, la contractualisation entre la SBEE, repr\u00e9sentant l\u2019\u00c9tat b\u00e9ninois, et EDF International Networks est intervenue d\u00e9but septembre. Le montant de la prestation s\u2019\u00e9l\u00e8ve \u00e0 387,58 millions de FCFA. Dirig\u00e9e actuellement par S\u00e9bastien Ruiz, la filiale fran\u00e7aise s\u2019engage \u00e0 livrer une feuille de route int\u00e9grant l\u2019optimisation des investissements, la r\u00e9duction des pertes techniques \u2013 \u00e9valu\u00e9es depuis des ann\u00e9es \u00e0 des niveaux pr\u00e9occupants \u2013 et la mise en conformit\u00e9 du r\u00e9seau avec des standards internationaux.<\/p>\n\n\n\n<p>La mission ne se limite pas \u00e0 un exercice th\u00e9orique. EDF International Networks devra proposer des solutions concr\u00e8tes, notamment standardiser la tension \u00e0 20 kV pour fiabiliser la distribution et r\u00e9duire les co\u00fbts, corriger les d\u00e9ficiences structurelles \u00e0 l\u2019origine des surcharges et coupures r\u00e9currentes, anticiper les besoins futurs, en particulier pour l\u2019\u00e9lectrification rurale et le soutien aux zones \u00e9conomiques sp\u00e9ciales comme Glo-Djigb\u00e9, initier l\u2019enfouissement progressif des r\u00e9seaux \u00e0 Cotonou, vitrine de la modernisation urbaine.<\/p>\n\n\n\n<h2 id=\"transfert-de-savoir-faire-et-autonomie-nationale\" class=\"wp-block-heading\"><mark style=\"background-color:rgba(0, 0, 0, 0)\" class=\"has-inline-color has-red-color\">Transfert de savoir-faire et autonomie nationale<\/mark><\/h2>\n\n\n\n<p>Comme l\u2019a pr\u00e9cis\u00e9 le relev\u00e9 du Conseil des ministres du 21 mai 2025, le contrat int\u00e8gre \u00e9galement une dimension moins visible mais tout aussi strat\u00e9gique : le renforcement des capacit\u00e9s nationales. Des ing\u00e9nieurs b\u00e9ninois seront form\u00e9s \u00e0 la planification et \u00e0 l\u2019utilisation d\u2019outils num\u00e9riques, condition essentielle pour r\u00e9duire la d\u00e9pendance du pays \u00e0 l\u2019expertise \u00e9trang\u00e8re.<\/p>\n\n\n\n<p>La premi\u00e8re phase, pr\u00e9vue entre 2025 et 2028, portera sur des travaux d\u2019urgence destin\u00e9s \u00e0 s\u00e9curiser les zones les plus fragiles du r\u00e9seau. C\u2019est sur cette p\u00e9riode que se jouera la cr\u00e9dibilit\u00e9 de l\u2019op\u00e9ration, un premier test grandeur nature de la capacit\u00e9 du B\u00e9nin \u00e0 mettre en \u0153uvre une vision \u00e9nerg\u00e9tique de long terme.<\/p>\n","protected":false},"excerpt":{"rendered":"\u00c9nergie, La Marina BJ &#8211; Autoris\u00e9 lors du Conseil des ministres du 21 mai 2025, La Marina BJ&hellip;\n","protected":false},"author":3,"featured_media":11296,"comment_status":"open","ping_status":"open","sticky":false,"template":"elementor_theme","format":"standard","meta":{"csco_singular_sidebar":"","csco_page_header_type":"standard","csco_appearance_masonry":"","csco_page_load_nextpost":"","csco_post_video_location":[],"csco_post_video_location_hash":"","csco_post_video_url":"","csco_post_video_bg_start_time":0,"csco_post_video_bg_end_time":0,"footnotes":""},"categories":[110,191,71],"tags":[41,1694,1465],"class_list":{"0":"post-11919","1":"post","2":"type-post","3":"status-publish","4":"format-standard","5":"has-post-thumbnail","7":"category-business","8":"category-en-savoir-plus-2","9":"category-international","10":"tag-benin","11":"tag-edf","12":"tag-sbee","13":"cs-entry","14":"cs-video-wrap"},"yoast_head":"<!-- This site is optimized with the Yoast SEO plugin v27.4 - https:\/\/yoast.com\/product\/yoast-seo-wordpress\/ -->\n<title>Transition \u00e9nerg\u00e9tique au B\u00e9nin : une filiale du groupe fran\u00e7ais EDF charg\u00e9e de redessiner le r\u00e9seau \u00e9lectrique - LA MARINA BJ<\/title>\n<meta name=\"description\" content=\"Un choix strat\u00e9gique qui illustre les ambitions d\u2019un pays en qu\u00eate de modernisation et de s\u00e9curit\u00e9 \u00e9nerg\u00e9tique.\" \/>\n<meta name=\"robots\" content=\"index, follow, max-snippet:-1, max-image-preview:large, max-video-preview:-1\" \/>\n<link rel=\"canonical\" href=\"https:\/\/lamarinabj.com\/index.php\/2025\/09\/18\/transition-energetique-au-benin-une-filiale-du-groupe-francais-edf-chargee-de-redessiner-le-reseau-electrique\/\" \/>\n<meta property=\"og:locale\" content=\"fr_FR\" \/>\n<meta property=\"og:type\" content=\"article\" \/>\n<meta property=\"og:title\" content=\"Transition \u00e9nerg\u00e9tique au B\u00e9nin : une filiale du groupe fran\u00e7ais EDF charg\u00e9e de redessiner le r\u00e9seau \u00e9lectrique - LA MARINA BJ\" \/>\n<meta property=\"og:description\" content=\"Un choix strat\u00e9gique qui illustre les ambitions d\u2019un pays en qu\u00eate de modernisation et de s\u00e9curit\u00e9 \u00e9nerg\u00e9tique.\" \/>\n<meta property=\"og:url\" content=\"https:\/\/lamarinabj.com\/index.php\/2025\/09\/18\/transition-energetique-au-benin-une-filiale-du-groupe-francais-edf-chargee-de-redessiner-le-reseau-electrique\/\" \/>\n<meta property=\"og:site_name\" content=\"LA MARINA BJ\" \/>\n<meta property=\"article:published_time\" content=\"2025-09-18T13:30:00+00:00\" \/>\n<meta property=\"og:image\" content=\"https:\/\/lamarinabj.com\/wp-content\/uploads\/2025\/07\/IMG-20250716-WA0068.jpg\" \/>\n\t<meta property=\"og:image:width\" content=\"1080\" \/>\n\t<meta property=\"og:image:height\" content=\"567\" \/>\n\t<meta property=\"og:image:type\" content=\"image\/jpeg\" \/>\n<meta name=\"author\" content=\"La Marina BJ - Team Veille &amp; Projets publics\" \/>\n<meta name=\"twitter:card\" content=\"summary_large_image\" \/>\n<meta name=\"twitter:label1\" content=\"\u00c9crit par\" \/>\n\t<meta name=\"twitter:data1\" content=\"La Marina BJ - Team Veille &amp; Projets publics\" \/>\n\t<meta name=\"twitter:label2\" content=\"Dur\u00e9e de lecture estim\u00e9e\" \/>\n\t<meta name=\"twitter:data2\" content=\"3 minutes\" \/>\n<script type=\"application\/ld+json\" class=\"yoast-schema-graph\">{\"@context\":\"https:\\\/\\\/schema.org\",\"@graph\":[{\"@type\":\"NewsArticle\",\"@id\":\"https:\\\/\\\/lamarinabj.com\\\/index.php\\\/2025\\\/09\\\/18\\\/transition-energetique-au-benin-une-filiale-du-groupe-francais-edf-chargee-de-redessiner-le-reseau-electrique\\\/#article\",\"isPartOf\":{\"@id\":\"https:\\\/\\\/lamarinabj.com\\\/index.php\\\/2025\\\/09\\\/18\\\/transition-energetique-au-benin-une-filiale-du-groupe-francais-edf-chargee-de-redessiner-le-reseau-electrique\\\/\"},\"author\":{\"name\":\"La Marina BJ - Team Veille &amp; Projets publics\",\"@id\":\"https:\\\/\\\/lamarinabj.com\\\/#\\\/schema\\\/person\\\/70c372a4c3c86bd4844a0382357a0f2d\"},\"headline\":\"Transition \u00e9nerg\u00e9tique au B\u00e9nin : une filiale du groupe fran\u00e7ais EDF charg\u00e9e de redessiner le r\u00e9seau \u00e9lectrique\",\"datePublished\":\"2025-09-18T13:30:00+00:00\",\"mainEntityOfPage\":{\"@id\":\"https:\\\/\\\/lamarinabj.com\\\/index.php\\\/2025\\\/09\\\/18\\\/transition-energetique-au-benin-une-filiale-du-groupe-francais-edf-chargee-de-redessiner-le-reseau-electrique\\\/\"},\"wordCount\":525,\"commentCount\":0,\"image\":{\"@id\":\"https:\\\/\\\/lamarinabj.com\\\/index.php\\\/2025\\\/09\\\/18\\\/transition-energetique-au-benin-une-filiale-du-groupe-francais-edf-chargee-de-redessiner-le-reseau-electrique\\\/#primaryimage\"},\"thumbnailUrl\":\"https:\\\/\\\/lamarinabj.com\\\/wp-content\\\/uploads\\\/2025\\\/07\\\/IMG-20250716-WA0068.jpg\",\"keywords\":[\"B\u00e9nin\",\"EDF\",\"SBEE\"],\"articleSection\":[\"BUSINESS\",\"EN SAVOIR PLUS\",\"INTERNATIONAL\"],\"inLanguage\":\"fr-FR\",\"potentialAction\":[{\"@type\":\"CommentAction\",\"name\":\"Comment\",\"target\":[\"https:\\\/\\\/lamarinabj.com\\\/index.php\\\/2025\\\/09\\\/18\\\/transition-energetique-au-benin-une-filiale-du-groupe-francais-edf-chargee-de-redessiner-le-reseau-electrique\\\/#respond\"]}]},{\"@type\":[\"WebPage\",\"SearchResultsPage\"],\"@id\":\"https:\\\/\\\/lamarinabj.com\\\/index.php\\\/2025\\\/09\\\/18\\\/transition-energetique-au-benin-une-filiale-du-groupe-francais-edf-chargee-de-redessiner-le-reseau-electrique\\\/\",\"url\":\"https:\\\/\\\/lamarinabj.com\\\/index.php\\\/2025\\\/09\\\/18\\\/transition-energetique-au-benin-une-filiale-du-groupe-francais-edf-chargee-de-redessiner-le-reseau-electrique\\\/\",\"name\":\"Transition \u00e9nerg\u00e9tique au B\u00e9nin : une filiale du groupe fran\u00e7ais EDF charg\u00e9e de redessiner le r\u00e9seau \u00e9lectrique - LA MARINA BJ\",\"isPartOf\":{\"@id\":\"https:\\\/\\\/lamarinabj.com\\\/#website\"},\"primaryImageOfPage\":{\"@id\":\"https:\\\/\\\/lamarinabj.com\\\/index.php\\\/2025\\\/09\\\/18\\\/transition-energetique-au-benin-une-filiale-du-groupe-francais-edf-chargee-de-redessiner-le-reseau-electrique\\\/#primaryimage\"},\"image\":{\"@id\":\"https:\\\/\\\/lamarinabj.com\\\/index.php\\\/2025\\\/09\\\/18\\\/transition-energetique-au-benin-une-filiale-du-groupe-francais-edf-chargee-de-redessiner-le-reseau-electrique\\\/#primaryimage\"},\"thumbnailUrl\":\"https:\\\/\\\/lamarinabj.com\\\/wp-content\\\/uploads\\\/2025\\\/07\\\/IMG-20250716-WA0068.jpg\",\"datePublished\":\"2025-09-18T13:30:00+00:00\",\"author\":{\"@id\":\"https:\\\/\\\/lamarinabj.com\\\/#\\\/schema\\\/person\\\/70c372a4c3c86bd4844a0382357a0f2d\"},\"description\":\"Un choix strat\u00e9gique qui illustre les ambitions d\u2019un pays en qu\u00eate de modernisation et de s\u00e9curit\u00e9 \u00e9nerg\u00e9tique.\",\"breadcrumb\":{\"@id\":\"https:\\\/\\\/lamarinabj.com\\\/index.php\\\/2025\\\/09\\\/18\\\/transition-energetique-au-benin-une-filiale-du-groupe-francais-edf-chargee-de-redessiner-le-reseau-electrique\\\/#breadcrumb\"},\"inLanguage\":\"fr-FR\",\"potentialAction\":[{\"@type\":\"ReadAction\",\"target\":[\"https:\\\/\\\/lamarinabj.com\\\/index.php\\\/2025\\\/09\\\/18\\\/transition-energetique-au-benin-une-filiale-du-groupe-francais-edf-chargee-de-redessiner-le-reseau-electrique\\\/\"]}]},{\"@type\":\"ImageObject\",\"inLanguage\":\"fr-FR\",\"@id\":\"https:\\\/\\\/lamarinabj.com\\\/index.php\\\/2025\\\/09\\\/18\\\/transition-energetique-au-benin-une-filiale-du-groupe-francais-edf-chargee-de-redessiner-le-reseau-electrique\\\/#primaryimage\",\"url\":\"https:\\\/\\\/lamarinabj.com\\\/wp-content\\\/uploads\\\/2025\\\/07\\\/IMG-20250716-WA0068.jpg\",\"contentUrl\":\"https:\\\/\\\/lamarinabj.com\\\/wp-content\\\/uploads\\\/2025\\\/07\\\/IMG-20250716-WA0068.jpg\",\"width\":1080,\"height\":567},{\"@type\":\"BreadcrumbList\",\"@id\":\"https:\\\/\\\/lamarinabj.com\\\/index.php\\\/2025\\\/09\\\/18\\\/transition-energetique-au-benin-une-filiale-du-groupe-francais-edf-chargee-de-redessiner-le-reseau-electrique\\\/#breadcrumb\",\"itemListElement\":[{\"@type\":\"ListItem\",\"position\":1,\"name\":\"Accueil\",\"item\":\"https:\\\/\\\/lamarinabj.com\\\/\"},{\"@type\":\"ListItem\",\"position\":2,\"name\":\"Transition \u00e9nerg\u00e9tique au B\u00e9nin : une filiale du groupe fran\u00e7ais EDF charg\u00e9e de redessiner le r\u00e9seau \u00e9lectrique\"}]},{\"@type\":\"WebSite\",\"@id\":\"https:\\\/\\\/lamarinabj.com\\\/#website\",\"url\":\"https:\\\/\\\/lamarinabj.com\\\/\",\"name\":\"LA MARINA BJ\",\"description\":\"Votre portail vers l&#039;information strat\u00e9gique au B\u00e9nin, en Afrique et au-del\u00e0\",\"potentialAction\":[{\"@type\":\"SearchAction\",\"target\":{\"@type\":\"EntryPoint\",\"urlTemplate\":\"https:\\\/\\\/lamarinabj.com\\\/?s={search_term_string}\"},\"query-input\":{\"@type\":\"PropertyValueSpecification\",\"valueRequired\":true,\"valueName\":\"search_term_string\"}}],\"inLanguage\":\"fr-FR\"},{\"@type\":\"Person\",\"@id\":\"https:\\\/\\\/lamarinabj.com\\\/#\\\/schema\\\/person\\\/70c372a4c3c86bd4844a0382357a0f2d\",\"name\":\"La Marina BJ - Team Veille &amp; Projets publics\",\"image\":{\"@type\":\"ImageObject\",\"inLanguage\":\"fr-FR\",\"@id\":\"https:\\\/\\\/secure.gravatar.com\\\/avatar\\\/b56740eda81210101c8acebdd7c5c7db1bd0ab57f63df607996683fa153ff0d0?s=96&d=mm&r=g\",\"url\":\"https:\\\/\\\/secure.gravatar.com\\\/avatar\\\/b56740eda81210101c8acebdd7c5c7db1bd0ab57f63df607996683fa153ff0d0?s=96&d=mm&r=g\",\"contentUrl\":\"https:\\\/\\\/secure.gravatar.com\\\/avatar\\\/b56740eda81210101c8acebdd7c5c7db1bd0ab57f63df607996683fa153ff0d0?s=96&d=mm&r=g\",\"caption\":\"La Marina BJ - Team Veille &amp; Projets publics\"},\"description\":\"La Team Veille &amp; Projets publics de La Marina BJ est d\u00e9di\u00e9e \u00e0 la surveillance proactive des dynamiques institutionnelles impuls\u00e9es par l\u2019\u00c9tat, les agences publiques, les collectivit\u00e9s territoriales ainsi que les partenaires techniques et financiers. Gr\u00e2ce \u00e0 une veille strat\u00e9gique permanente, cette \u00e9quipe identifie et suit les projets de d\u00e9veloppement, les \u00e9tudes pr\u00e9alables et les investissements publics majeurs. Elle documente les politiques sectorielles, analyse les enjeux techniques, \u00e9conomiques, sociaux et environnementaux, et produit des contenus exclusifs pour \u00e9clairer les mutations structurelles.\",\"url\":\"https:\\\/\\\/lamarinabj.com\\\/index.php\\\/author\\\/simahou\\\/\"}]}<\/script>\n<!-- \/ Yoast SEO plugin. -->","yoast_head_json":{"title":"Transition \u00e9nerg\u00e9tique au B\u00e9nin : une filiale du groupe fran\u00e7ais EDF charg\u00e9e de redessiner le r\u00e9seau \u00e9lectrique - LA MARINA BJ","description":"Un choix strat\u00e9gique qui illustre les ambitions d\u2019un pays en qu\u00eate de modernisation et de s\u00e9curit\u00e9 \u00e9nerg\u00e9tique.","robots":{"index":"index","follow":"follow","max-snippet":"max-snippet:-1","max-image-preview":"max-image-preview:large","max-video-preview":"max-video-preview:-1"},"canonical":"https:\/\/lamarinabj.com\/index.php\/2025\/09\/18\/transition-energetique-au-benin-une-filiale-du-groupe-francais-edf-chargee-de-redessiner-le-reseau-electrique\/","og_locale":"fr_FR","og_type":"article","og_title":"Transition \u00e9nerg\u00e9tique au B\u00e9nin : une filiale du groupe fran\u00e7ais EDF charg\u00e9e de redessiner le r\u00e9seau \u00e9lectrique - LA MARINA BJ","og_description":"Un choix strat\u00e9gique qui illustre les ambitions d\u2019un pays en qu\u00eate de modernisation et de s\u00e9curit\u00e9 \u00e9nerg\u00e9tique.","og_url":"https:\/\/lamarinabj.com\/index.php\/2025\/09\/18\/transition-energetique-au-benin-une-filiale-du-groupe-francais-edf-chargee-de-redessiner-le-reseau-electrique\/","og_site_name":"LA MARINA BJ","article_published_time":"2025-09-18T13:30:00+00:00","og_image":[{"width":1080,"height":567,"url":"https:\/\/lamarinabj.com\/wp-content\/uploads\/2025\/07\/IMG-20250716-WA0068.jpg","type":"image\/jpeg"}],"author":"La Marina BJ - Team Veille &amp; Projets publics","twitter_card":"summary_large_image","twitter_misc":{"\u00c9crit par":"La Marina BJ - Team Veille &amp; Projets publics","Dur\u00e9e de lecture estim\u00e9e":"3 minutes"},"schema":{"@context":"https:\/\/schema.org","@graph":[{"@type":"NewsArticle","@id":"https:\/\/lamarinabj.com\/index.php\/2025\/09\/18\/transition-energetique-au-benin-une-filiale-du-groupe-francais-edf-chargee-de-redessiner-le-reseau-electrique\/#article","isPartOf":{"@id":"https:\/\/lamarinabj.com\/index.php\/2025\/09\/18\/transition-energetique-au-benin-une-filiale-du-groupe-francais-edf-chargee-de-redessiner-le-reseau-electrique\/"},"author":{"name":"La Marina BJ - Team Veille &amp; Projets publics","@id":"https:\/\/lamarinabj.com\/#\/schema\/person\/70c372a4c3c86bd4844a0382357a0f2d"},"headline":"Transition \u00e9nerg\u00e9tique au B\u00e9nin : une filiale du groupe fran\u00e7ais EDF charg\u00e9e de redessiner le r\u00e9seau \u00e9lectrique","datePublished":"2025-09-18T13:30:00+00:00","mainEntityOfPage":{"@id":"https:\/\/lamarinabj.com\/index.php\/2025\/09\/18\/transition-energetique-au-benin-une-filiale-du-groupe-francais-edf-chargee-de-redessiner-le-reseau-electrique\/"},"wordCount":525,"commentCount":0,"image":{"@id":"https:\/\/lamarinabj.com\/index.php\/2025\/09\/18\/transition-energetique-au-benin-une-filiale-du-groupe-francais-edf-chargee-de-redessiner-le-reseau-electrique\/#primaryimage"},"thumbnailUrl":"https:\/\/lamarinabj.com\/wp-content\/uploads\/2025\/07\/IMG-20250716-WA0068.jpg","keywords":["B\u00e9nin","EDF","SBEE"],"articleSection":["BUSINESS","EN SAVOIR PLUS","INTERNATIONAL"],"inLanguage":"fr-FR","potentialAction":[{"@type":"CommentAction","name":"Comment","target":["https:\/\/lamarinabj.com\/index.php\/2025\/09\/18\/transition-energetique-au-benin-une-filiale-du-groupe-francais-edf-chargee-de-redessiner-le-reseau-electrique\/#respond"]}]},{"@type":["WebPage","SearchResultsPage"],"@id":"https:\/\/lamarinabj.com\/index.php\/2025\/09\/18\/transition-energetique-au-benin-une-filiale-du-groupe-francais-edf-chargee-de-redessiner-le-reseau-electrique\/","url":"https:\/\/lamarinabj.com\/index.php\/2025\/09\/18\/transition-energetique-au-benin-une-filiale-du-groupe-francais-edf-chargee-de-redessiner-le-reseau-electrique\/","name":"Transition \u00e9nerg\u00e9tique au B\u00e9nin : une filiale du groupe fran\u00e7ais EDF charg\u00e9e de redessiner le r\u00e9seau \u00e9lectrique - LA MARINA BJ","isPartOf":{"@id":"https:\/\/lamarinabj.com\/#website"},"primaryImageOfPage":{"@id":"https:\/\/lamarinabj.com\/index.php\/2025\/09\/18\/transition-energetique-au-benin-une-filiale-du-groupe-francais-edf-chargee-de-redessiner-le-reseau-electrique\/#primaryimage"},"image":{"@id":"https:\/\/lamarinabj.com\/index.php\/2025\/09\/18\/transition-energetique-au-benin-une-filiale-du-groupe-francais-edf-chargee-de-redessiner-le-reseau-electrique\/#primaryimage"},"thumbnailUrl":"https:\/\/lamarinabj.com\/wp-content\/uploads\/2025\/07\/IMG-20250716-WA0068.jpg","datePublished":"2025-09-18T13:30:00+00:00","author":{"@id":"https:\/\/lamarinabj.com\/#\/schema\/person\/70c372a4c3c86bd4844a0382357a0f2d"},"description":"Un choix strat\u00e9gique qui illustre les ambitions d\u2019un pays en qu\u00eate de modernisation et de s\u00e9curit\u00e9 \u00e9nerg\u00e9tique.","breadcrumb":{"@id":"https:\/\/lamarinabj.com\/index.php\/2025\/09\/18\/transition-energetique-au-benin-une-filiale-du-groupe-francais-edf-chargee-de-redessiner-le-reseau-electrique\/#breadcrumb"},"inLanguage":"fr-FR","potentialAction":[{"@type":"ReadAction","target":["https:\/\/lamarinabj.com\/index.php\/2025\/09\/18\/transition-energetique-au-benin-une-filiale-du-groupe-francais-edf-chargee-de-redessiner-le-reseau-electrique\/"]}]},{"@type":"ImageObject","inLanguage":"fr-FR","@id":"https:\/\/lamarinabj.com\/index.php\/2025\/09\/18\/transition-energetique-au-benin-une-filiale-du-groupe-francais-edf-chargee-de-redessiner-le-reseau-electrique\/#primaryimage","url":"https:\/\/lamarinabj.com\/wp-content\/uploads\/2025\/07\/IMG-20250716-WA0068.jpg","contentUrl":"https:\/\/lamarinabj.com\/wp-content\/uploads\/2025\/07\/IMG-20250716-WA0068.jpg","width":1080,"height":567},{"@type":"BreadcrumbList","@id":"https:\/\/lamarinabj.com\/index.php\/2025\/09\/18\/transition-energetique-au-benin-une-filiale-du-groupe-francais-edf-chargee-de-redessiner-le-reseau-electrique\/#breadcrumb","itemListElement":[{"@type":"ListItem","position":1,"name":"Accueil","item":"https:\/\/lamarinabj.com\/"},{"@type":"ListItem","position":2,"name":"Transition \u00e9nerg\u00e9tique au B\u00e9nin : une filiale du groupe fran\u00e7ais EDF charg\u00e9e de redessiner le r\u00e9seau \u00e9lectrique"}]},{"@type":"WebSite","@id":"https:\/\/lamarinabj.com\/#website","url":"https:\/\/lamarinabj.com\/","name":"LA MARINA BJ","description":"Votre portail vers l&#039;information strat\u00e9gique au B\u00e9nin, en Afrique et au-del\u00e0","potentialAction":[{"@type":"SearchAction","target":{"@type":"EntryPoint","urlTemplate":"https:\/\/lamarinabj.com\/?s={search_term_string}"},"query-input":{"@type":"PropertyValueSpecification","valueRequired":true,"valueName":"search_term_string"}}],"inLanguage":"fr-FR"},{"@type":"Person","@id":"https:\/\/lamarinabj.com\/#\/schema\/person\/70c372a4c3c86bd4844a0382357a0f2d","name":"La Marina BJ - Team Veille &amp; Projets publics","image":{"@type":"ImageObject","inLanguage":"fr-FR","@id":"https:\/\/secure.gravatar.com\/avatar\/b56740eda81210101c8acebdd7c5c7db1bd0ab57f63df607996683fa153ff0d0?s=96&d=mm&r=g","url":"https:\/\/secure.gravatar.com\/avatar\/b56740eda81210101c8acebdd7c5c7db1bd0ab57f63df607996683fa153ff0d0?s=96&d=mm&r=g","contentUrl":"https:\/\/secure.gravatar.com\/avatar\/b56740eda81210101c8acebdd7c5c7db1bd0ab57f63df607996683fa153ff0d0?s=96&d=mm&r=g","caption":"La Marina BJ - Team Veille &amp; Projets publics"},"description":"La Team Veille &amp; Projets publics de La Marina BJ est d\u00e9di\u00e9e \u00e0 la surveillance proactive des dynamiques institutionnelles impuls\u00e9es par l\u2019\u00c9tat, les agences publiques, les collectivit\u00e9s territoriales ainsi que les partenaires techniques et financiers. Gr\u00e2ce \u00e0 une veille strat\u00e9gique permanente, cette \u00e9quipe identifie et suit les projets de d\u00e9veloppement, les \u00e9tudes pr\u00e9alables et les investissements publics majeurs. Elle documente les politiques sectorielles, analyse les enjeux techniques, \u00e9conomiques, sociaux et environnementaux, et produit des contenus exclusifs pour \u00e9clairer les mutations structurelles.","url":"https:\/\/lamarinabj.com\/index.php\/author\/simahou\/"}]}},"_links":{"self":[{"href":"https:\/\/lamarinabj.com\/index.php\/wp-json\/wp\/v2\/posts\/11919","targetHints":{"allow":["GET"]}}],"collection":[{"href":"https:\/\/lamarinabj.com\/index.php\/wp-json\/wp\/v2\/posts"}],"about":[{"href":"https:\/\/lamarinabj.com\/index.php\/wp-json\/wp\/v2\/types\/post"}],"author":[{"embeddable":true,"href":"https:\/\/lamarinabj.com\/index.php\/wp-json\/wp\/v2\/users\/3"}],"replies":[{"embeddable":true,"href":"https:\/\/lamarinabj.com\/index.php\/wp-json\/wp\/v2\/comments?post=11919"}],"version-history":[{"count":3,"href":"https:\/\/lamarinabj.com\/index.php\/wp-json\/wp\/v2\/posts\/11919\/revisions"}],"predecessor-version":[{"id":11922,"href":"https:\/\/lamarinabj.com\/index.php\/wp-json\/wp\/v2\/posts\/11919\/revisions\/11922"}],"wp:featuredmedia":[{"embeddable":true,"href":"https:\/\/lamarinabj.com\/index.php\/wp-json\/wp\/v2\/media\/11296"}],"wp:attachment":[{"href":"https:\/\/lamarinabj.com\/index.php\/wp-json\/wp\/v2\/media?parent=11919"}],"wp:term":[{"taxonomy":"category","embeddable":true,"href":"https:\/\/lamarinabj.com\/index.php\/wp-json\/wp\/v2\/categories?post=11919"},{"taxonomy":"post_tag","embeddable":true,"href":"https:\/\/lamarinabj.com\/index.php\/wp-json\/wp\/v2\/tags?post=11919"}],"curies":[{"name":"wp","href":"https:\/\/api.w.org\/{rel}","templated":true}]}}