{"id":11927,"date":"2025-09-17T13:10:48","date_gmt":"2025-09-17T12:10:48","guid":{"rendered":"https:\/\/lamarinabj.com\/?p=11927"},"modified":"2025-09-17T13:16:49","modified_gmt":"2025-09-17T12:16:49","slug":"benin-enseignement-superieur-charlemagne-igue-nomme-recteur-de-luac","status":"publish","type":"post","link":"https:\/\/lamarinabj.com\/index.php\/2025\/09\/17\/benin-enseignement-superieur-charlemagne-igue-nomme-recteur-de-luac\/","title":{"rendered":"B\u00e9nin \u2013 Enseignement sup\u00e9rieur : Charlemagne Igu\u00e9 nomm\u00e9 recteur de l\u2019UAC"},"content":{"rendered":"\n<p><strong><mark style=\"background-color:rgba(0, 0, 0, 0)\" class=\"has-inline-color has-red-color\">\u00c9ducation sup\u00e9rieure, La Marina BJ<\/mark><\/strong> \u2013<br><strong><em>R\u00e9uni en Conseil des ministres le mercredi 17 septembre 2025, le gouvernement b\u00e9ninois a officialis\u00e9 la nomination des recteurs et vice-recteurs des universit\u00e9s publiques. \u00c0 l\u2019Universit\u00e9 d\u2019Abomey-Calavi (UAC), la plus grande institution acad\u00e9mique du pays, le rectorat est d\u00e9sormais confi\u00e9 au professeur Charlemagne Igu\u00e9, \u00e9conomiste reconnu<\/em><\/strong><\/p>\n\n\n\n<p>Cette d\u00e9signation fait suite au processus de s\u00e9lection lanc\u00e9 en mars dernier par le minist\u00e8re de l\u2019Enseignement sup\u00e9rieur, marqu\u00e9 par l\u2019examen de dossiers, des entretiens et l\u2019avis conforme du Conseil national de l\u2019\u00c9ducation.<\/p>\n\n\n\n<hr class=\"wp-block-separator has-alpha-channel-opacity\"\/>\n\n\n\n<h2 id=\"un-economiste-au-profil-affirme\" class=\"wp-block-heading\"><mark style=\"background-color:rgba(0, 0, 0, 0)\" class=\"has-inline-color has-red-color\">Un \u00e9conomiste au profil affirm\u00e9<\/mark><\/h2>\n\n\n\n<p>Professeur titulaire en sciences \u00e9conomiques, Charlemagne Igu\u00e9 est une figure centrale du paysage acad\u00e9mique b\u00e9ninois. Ancien doyen de la Facult\u00e9 des sciences \u00e9conomiques et de gestion (FASEG), il a pilot\u00e9 plusieurs programmes de recherche sur la productivit\u00e9, la croissance et l\u2019impact des technologies num\u00e9riques sur l\u2019emploi.<\/p>\n\n\n\n<p>Responsable de la Chaire OMC-CIDI, il s\u2019est \u00e9galement illustr\u00e9 par ses travaux sur les politiques \u00e9conomiques et les transformations structurelles en Afrique de l\u2019Ouest. Son arriv\u00e9e \u00e0 la t\u00eate de l\u2019UAC intervient dans un contexte de forte massification des effectifs, de qu\u00eate de qualit\u00e9 p\u00e9dagogique et de n\u00e9cessit\u00e9 d\u2019adapter la formation aux besoins d\u2019un march\u00e9 de l\u2019emploi en pleine mutation.<\/p>\n\n\n\n<hr class=\"wp-block-separator has-alpha-channel-opacity\"\/>\n\n\n\n<h2 id=\"une-equipe-rectorale-renouvelee\" class=\"wp-block-heading\"><mark style=\"background-color:rgba(0, 0, 0, 0)\" class=\"has-inline-color has-red-color\">Une \u00e9quipe rectorale renouvel\u00e9e<\/mark><\/h2>\n\n\n\n<p>Aux c\u00f4t\u00e9s du recteur Charlemagne Igu\u00e9, l\u2019\u00e9quipe rectorale de l\u2019UAC est compos\u00e9e de Tahirou Djara, nomm\u00e9 vice-recteur charg\u00e9 des affaires acad\u00e9miques, d\u2019Aliou Sa\u00efdou, d\u00e9sign\u00e9 vice-recteur charg\u00e9 de la recherche universitaire, de Nelly C. K\u00e9lom\u00e9, confirm\u00e9e \u00e0 nouveau vice-rectrice charg\u00e9e de la coop\u00e9ration et de l\u2019insertion professionnelle, ainsi que de V\u00e9ronique Gb\u00e8gnito, promue au poste de secr\u00e9taire g\u00e9n\u00e9rale.<\/p>\n\n\n\n<p>Avec pr\u00e8s de la moiti\u00e9 des \u00e9tudiants b\u00e9ninois concentr\u00e9s \u00e0 Abomey-Calavi, cette \u00e9quipe est investie d\u2019une mission consid\u00e9rable : moderniser la gouvernance, renforcer la recherche et am\u00e9liorer l\u2019insertion professionnelle des dipl\u00f4m\u00e9s.<\/p>\n\n\n\n<hr class=\"wp-block-separator has-alpha-channel-opacity\"\/>\n\n\n\n<h2 id=\"un-mouvement-densemble-dans-les-universites-publiques\" class=\"wp-block-heading\"><mark style=\"background-color:rgba(0, 0, 0, 0)\" class=\"has-inline-color has-red-color\">Un mouvement d\u2019ensemble dans les universit\u00e9s publiques<\/mark><\/h2>\n\n\n\n<p>La r\u00e9forme de gouvernance ne s\u2019arr\u00eate pas \u00e0 Abomey-Calavi. \u00c0 l\u2019Universit\u00e9 de Parakou, l\u2019ancien ministre Bertrand Sogbossi Bocco est confirm\u00e9 pour un nouveau mandat en tant que recteur, \u00e9paul\u00e9 par une \u00e9quipe rectorale renouvel\u00e9e. \u00c0 l\u2019Universit\u00e9 nationale des Sciences, Technologies, Ing\u00e9nierie et Math\u00e9matiques (UNSTIM), Codjo Edmond Adjovi est maintenu \u00e0 son poste de recteur, tandis qu\u2019\u00e0 l\u2019Universit\u00e9 nationale d\u2019Agriculture (UNA), Bruno Djossa est reconduit \u00e0 la t\u00eate de l\u2019institution.<\/p>\n\n\n\n<p>Ces nominations, qui s\u2019inscrivent dans le cadre du d\u00e9cret de juillet 2024 fixant les statuts-types des universit\u00e9s publiques, traduisent la volont\u00e9 du gouvernement de renforcer la gouvernance acad\u00e9mique et de moderniser le pilotage de l\u2019enseignement sup\u00e9rieur au B\u00e9nin.<\/p>\n","protected":false},"excerpt":{"rendered":"\u00c9ducation sup\u00e9rieure, La Marina BJ \u2013R\u00e9uni en Conseil des ministres le mercredi 17 septembre 2025, le gouvernement b\u00e9ninois&hellip;\n","protected":false},"author":7,"featured_media":11928,"comment_status":"open","ping_status":"open","sticky":false,"template":"elementor_theme","format":"standard","meta":{"csco_singular_sidebar":"","csco_page_header_type":"standard","csco_appearance_masonry":"","csco_page_load_nextpost":"","csco_post_video_location":[],"csco_post_video_location_hash":"","csco_post_video_url":"","csco_post_video_bg_start_time":0,"csco_post_video_bg_end_time":0,"footnotes":""},"categories":[191,239],"tags":[41,235],"class_list":{"0":"post-11927","1":"post","2":"type-post","3":"status-publish","4":"format-standard","5":"has-post-thumbnail","7":"category-en-savoir-plus-2","8":"category-levenement-2","9":"tag-benin","10":"tag-universite-dabomey-calavi","11":"cs-entry","12":"cs-video-wrap"},"yoast_head":"<!-- This site is optimized with the Yoast SEO plugin v27.4 - https:\/\/yoast.com\/product\/yoast-seo-wordpress\/ -->\n<title>B\u00e9nin \u2013 Enseignement sup\u00e9rieur : Charlemagne Igu\u00e9 nomm\u00e9 recteur de l\u2019UAC - LA MARINA BJ<\/title>\n<meta name=\"description\" content=\"Cette d\u00e9signation fait suite au processus de s\u00e9lection lanc\u00e9 en mars dernier par le minist\u00e8re de l\u2019Enseignement sup\u00e9rieur, marqu\u00e9 par l\u2019examen de dossiers, des entretiens et l\u2019avis conforme du Conseil national de l\u2019\u00c9ducation.\" \/>\n<meta name=\"robots\" content=\"index, follow, max-snippet:-1, max-image-preview:large, max-video-preview:-1\" \/>\n<link rel=\"canonical\" href=\"https:\/\/lamarinabj.com\/index.php\/2025\/09\/17\/benin-enseignement-superieur-charlemagne-igue-nomme-recteur-de-luac\/\" \/>\n<meta property=\"og:locale\" content=\"fr_FR\" \/>\n<meta property=\"og:type\" content=\"article\" \/>\n<meta property=\"og:title\" content=\"B\u00e9nin \u2013 Enseignement sup\u00e9rieur : Charlemagne Igu\u00e9 nomm\u00e9 recteur de l\u2019UAC - LA MARINA BJ\" \/>\n<meta property=\"og:description\" content=\"Cette d\u00e9signation fait suite au processus de s\u00e9lection lanc\u00e9 en mars dernier par le minist\u00e8re de l\u2019Enseignement sup\u00e9rieur, marqu\u00e9 par l\u2019examen de dossiers, des entretiens et l\u2019avis conforme du Conseil national de l\u2019\u00c9ducation.\" \/>\n<meta property=\"og:url\" content=\"https:\/\/lamarinabj.com\/index.php\/2025\/09\/17\/benin-enseignement-superieur-charlemagne-igue-nomme-recteur-de-luac\/\" \/>\n<meta property=\"og:site_name\" content=\"LA MARINA BJ\" \/>\n<meta property=\"article:published_time\" content=\"2025-09-17T12:10:48+00:00\" \/>\n<meta property=\"article:modified_time\" content=\"2025-09-17T12:16:49+00:00\" \/>\n<meta property=\"og:image\" content=\"https:\/\/lamarinabj.com\/wp-content\/uploads\/2025\/09\/IMG-20250917-WA0248.jpg\" \/>\n\t<meta property=\"og:image:width\" content=\"720\" \/>\n\t<meta property=\"og:image:height\" content=\"303\" \/>\n\t<meta property=\"og:image:type\" content=\"image\/jpeg\" \/>\n<meta name=\"author\" content=\"La Marina Bj\" \/>\n<meta name=\"twitter:card\" content=\"summary_large_image\" \/>\n<meta name=\"twitter:label1\" content=\"\u00c9crit par\" \/>\n\t<meta name=\"twitter:data1\" content=\"La Marina Bj\" \/>\n\t<meta name=\"twitter:label2\" content=\"Dur\u00e9e de lecture estim\u00e9e\" \/>\n\t<meta name=\"twitter:data2\" content=\"3 minutes\" \/>\n<script type=\"application\/ld+json\" class=\"yoast-schema-graph\">{\"@context\":\"https:\\\/\\\/schema.org\",\"@graph\":[{\"@type\":\"NewsArticle\",\"@id\":\"https:\\\/\\\/lamarinabj.com\\\/index.php\\\/2025\\\/09\\\/17\\\/benin-enseignement-superieur-charlemagne-igue-nomme-recteur-de-luac\\\/#article\",\"isPartOf\":{\"@id\":\"https:\\\/\\\/lamarinabj.com\\\/index.php\\\/2025\\\/09\\\/17\\\/benin-enseignement-superieur-charlemagne-igue-nomme-recteur-de-luac\\\/\"},\"author\":{\"name\":\"La Marina Bj\",\"@id\":\"https:\\\/\\\/lamarinabj.com\\\/#\\\/schema\\\/person\\\/89dc3df245cc348449b2502e2d5c016b\"},\"headline\":\"B\u00e9nin \u2013 Enseignement sup\u00e9rieur : Charlemagne Igu\u00e9 nomm\u00e9 recteur de l\u2019UAC\",\"datePublished\":\"2025-09-17T12:10:48+00:00\",\"dateModified\":\"2025-09-17T12:16:49+00:00\",\"mainEntityOfPage\":{\"@id\":\"https:\\\/\\\/lamarinabj.com\\\/index.php\\\/2025\\\/09\\\/17\\\/benin-enseignement-superieur-charlemagne-igue-nomme-recteur-de-luac\\\/\"},\"wordCount\":483,\"commentCount\":0,\"image\":{\"@id\":\"https:\\\/\\\/lamarinabj.com\\\/index.php\\\/2025\\\/09\\\/17\\\/benin-enseignement-superieur-charlemagne-igue-nomme-recteur-de-luac\\\/#primaryimage\"},\"thumbnailUrl\":\"https:\\\/\\\/lamarinabj.com\\\/wp-content\\\/uploads\\\/2025\\\/09\\\/IMG-20250917-WA0248.jpg\",\"keywords\":[\"B\u00e9nin\",\"Universit\u00e9 d'Abomey Calavi\"],\"articleSection\":[\"EN SAVOIR PLUS\",\"L'\u00c9V\u00c9NEMENT\"],\"inLanguage\":\"fr-FR\",\"potentialAction\":[{\"@type\":\"CommentAction\",\"name\":\"Comment\",\"target\":[\"https:\\\/\\\/lamarinabj.com\\\/index.php\\\/2025\\\/09\\\/17\\\/benin-enseignement-superieur-charlemagne-igue-nomme-recteur-de-luac\\\/#respond\"]}]},{\"@type\":[\"WebPage\",\"SearchResultsPage\"],\"@id\":\"https:\\\/\\\/lamarinabj.com\\\/index.php\\\/2025\\\/09\\\/17\\\/benin-enseignement-superieur-charlemagne-igue-nomme-recteur-de-luac\\\/\",\"url\":\"https:\\\/\\\/lamarinabj.com\\\/index.php\\\/2025\\\/09\\\/17\\\/benin-enseignement-superieur-charlemagne-igue-nomme-recteur-de-luac\\\/\",\"name\":\"B\u00e9nin \u2013 Enseignement sup\u00e9rieur : Charlemagne Igu\u00e9 nomm\u00e9 recteur de l\u2019UAC - LA MARINA BJ\",\"isPartOf\":{\"@id\":\"https:\\\/\\\/lamarinabj.com\\\/#website\"},\"primaryImageOfPage\":{\"@id\":\"https:\\\/\\\/lamarinabj.com\\\/index.php\\\/2025\\\/09\\\/17\\\/benin-enseignement-superieur-charlemagne-igue-nomme-recteur-de-luac\\\/#primaryimage\"},\"image\":{\"@id\":\"https:\\\/\\\/lamarinabj.com\\\/index.php\\\/2025\\\/09\\\/17\\\/benin-enseignement-superieur-charlemagne-igue-nomme-recteur-de-luac\\\/#primaryimage\"},\"thumbnailUrl\":\"https:\\\/\\\/lamarinabj.com\\\/wp-content\\\/uploads\\\/2025\\\/09\\\/IMG-20250917-WA0248.jpg\",\"datePublished\":\"2025-09-17T12:10:48+00:00\",\"dateModified\":\"2025-09-17T12:16:49+00:00\",\"author\":{\"@id\":\"https:\\\/\\\/lamarinabj.com\\\/#\\\/schema\\\/person\\\/89dc3df245cc348449b2502e2d5c016b\"},\"description\":\"Cette d\u00e9signation fait suite au processus de s\u00e9lection lanc\u00e9 en mars dernier par le minist\u00e8re de l\u2019Enseignement sup\u00e9rieur, marqu\u00e9 par l\u2019examen de dossiers, des entretiens et l\u2019avis conforme du Conseil national de l\u2019\u00c9ducation.\",\"breadcrumb\":{\"@id\":\"https:\\\/\\\/lamarinabj.com\\\/index.php\\\/2025\\\/09\\\/17\\\/benin-enseignement-superieur-charlemagne-igue-nomme-recteur-de-luac\\\/#breadcrumb\"},\"inLanguage\":\"fr-FR\",\"potentialAction\":[{\"@type\":\"ReadAction\",\"target\":[\"https:\\\/\\\/lamarinabj.com\\\/index.php\\\/2025\\\/09\\\/17\\\/benin-enseignement-superieur-charlemagne-igue-nomme-recteur-de-luac\\\/\"]}]},{\"@type\":\"ImageObject\",\"inLanguage\":\"fr-FR\",\"@id\":\"https:\\\/\\\/lamarinabj.com\\\/index.php\\\/2025\\\/09\\\/17\\\/benin-enseignement-superieur-charlemagne-igue-nomme-recteur-de-luac\\\/#primaryimage\",\"url\":\"https:\\\/\\\/lamarinabj.com\\\/wp-content\\\/uploads\\\/2025\\\/09\\\/IMG-20250917-WA0248.jpg\",\"contentUrl\":\"https:\\\/\\\/lamarinabj.com\\\/wp-content\\\/uploads\\\/2025\\\/09\\\/IMG-20250917-WA0248.jpg\",\"width\":720,\"height\":303},{\"@type\":\"BreadcrumbList\",\"@id\":\"https:\\\/\\\/lamarinabj.com\\\/index.php\\\/2025\\\/09\\\/17\\\/benin-enseignement-superieur-charlemagne-igue-nomme-recteur-de-luac\\\/#breadcrumb\",\"itemListElement\":[{\"@type\":\"ListItem\",\"position\":1,\"name\":\"Accueil\",\"item\":\"https:\\\/\\\/lamarinabj.com\\\/\"},{\"@type\":\"ListItem\",\"position\":2,\"name\":\"B\u00e9nin \u2013 Enseignement sup\u00e9rieur : Charlemagne Igu\u00e9 nomm\u00e9 recteur de l\u2019UAC\"}]},{\"@type\":\"WebSite\",\"@id\":\"https:\\\/\\\/lamarinabj.com\\\/#website\",\"url\":\"https:\\\/\\\/lamarinabj.com\\\/\",\"name\":\"LA MARINA BJ\",\"description\":\"Votre portail vers l&#039;information strat\u00e9gique au B\u00e9nin, en Afrique et au-del\u00e0\",\"potentialAction\":[{\"@type\":\"SearchAction\",\"target\":{\"@type\":\"EntryPoint\",\"urlTemplate\":\"https:\\\/\\\/lamarinabj.com\\\/?s={search_term_string}\"},\"query-input\":{\"@type\":\"PropertyValueSpecification\",\"valueRequired\":true,\"valueName\":\"search_term_string\"}}],\"inLanguage\":\"fr-FR\"},{\"@type\":\"Person\",\"@id\":\"https:\\\/\\\/lamarinabj.com\\\/#\\\/schema\\\/person\\\/89dc3df245cc348449b2502e2d5c016b\",\"name\":\"La Marina Bj\",\"image\":{\"@type\":\"ImageObject\",\"inLanguage\":\"fr-FR\",\"@id\":\"https:\\\/\\\/secure.gravatar.com\\\/avatar\\\/6ef884b7fb1dab6e8672f19e68299568fe069dc761d88506e39bee8464c70e4a?s=96&d=mm&r=g\",\"url\":\"https:\\\/\\\/secure.gravatar.com\\\/avatar\\\/6ef884b7fb1dab6e8672f19e68299568fe069dc761d88506e39bee8464c70e4a?s=96&d=mm&r=g\",\"contentUrl\":\"https:\\\/\\\/secure.gravatar.com\\\/avatar\\\/6ef884b7fb1dab6e8672f19e68299568fe069dc761d88506e39bee8464c70e4a?s=96&d=mm&r=g\",\"caption\":\"La Marina Bj\"},\"url\":\"https:\\\/\\\/lamarinabj.com\\\/index.php\\\/author\\\/la-marina-bj\\\/\"}]}<\/script>\n<!-- \/ Yoast SEO plugin. -->","yoast_head_json":{"title":"B\u00e9nin \u2013 Enseignement sup\u00e9rieur : Charlemagne Igu\u00e9 nomm\u00e9 recteur de l\u2019UAC - LA MARINA BJ","description":"Cette d\u00e9signation fait suite au processus de s\u00e9lection lanc\u00e9 en mars dernier par le minist\u00e8re de l\u2019Enseignement sup\u00e9rieur, marqu\u00e9 par l\u2019examen de dossiers, des entretiens et l\u2019avis conforme du Conseil national de l\u2019\u00c9ducation.","robots":{"index":"index","follow":"follow","max-snippet":"max-snippet:-1","max-image-preview":"max-image-preview:large","max-video-preview":"max-video-preview:-1"},"canonical":"https:\/\/lamarinabj.com\/index.php\/2025\/09\/17\/benin-enseignement-superieur-charlemagne-igue-nomme-recteur-de-luac\/","og_locale":"fr_FR","og_type":"article","og_title":"B\u00e9nin \u2013 Enseignement sup\u00e9rieur : Charlemagne Igu\u00e9 nomm\u00e9 recteur de l\u2019UAC - LA MARINA BJ","og_description":"Cette d\u00e9signation fait suite au processus de s\u00e9lection lanc\u00e9 en mars dernier par le minist\u00e8re de l\u2019Enseignement sup\u00e9rieur, marqu\u00e9 par l\u2019examen de dossiers, des entretiens et l\u2019avis conforme du Conseil national de l\u2019\u00c9ducation.","og_url":"https:\/\/lamarinabj.com\/index.php\/2025\/09\/17\/benin-enseignement-superieur-charlemagne-igue-nomme-recteur-de-luac\/","og_site_name":"LA MARINA BJ","article_published_time":"2025-09-17T12:10:48+00:00","article_modified_time":"2025-09-17T12:16:49+00:00","og_image":[{"width":720,"height":303,"url":"https:\/\/lamarinabj.com\/wp-content\/uploads\/2025\/09\/IMG-20250917-WA0248.jpg","type":"image\/jpeg"}],"author":"La Marina Bj","twitter_card":"summary_large_image","twitter_misc":{"\u00c9crit par":"La Marina Bj","Dur\u00e9e de lecture estim\u00e9e":"3 minutes"},"schema":{"@context":"https:\/\/schema.org","@graph":[{"@type":"NewsArticle","@id":"https:\/\/lamarinabj.com\/index.php\/2025\/09\/17\/benin-enseignement-superieur-charlemagne-igue-nomme-recteur-de-luac\/#article","isPartOf":{"@id":"https:\/\/lamarinabj.com\/index.php\/2025\/09\/17\/benin-enseignement-superieur-charlemagne-igue-nomme-recteur-de-luac\/"},"author":{"name":"La Marina Bj","@id":"https:\/\/lamarinabj.com\/#\/schema\/person\/89dc3df245cc348449b2502e2d5c016b"},"headline":"B\u00e9nin \u2013 Enseignement sup\u00e9rieur : Charlemagne Igu\u00e9 nomm\u00e9 recteur de l\u2019UAC","datePublished":"2025-09-17T12:10:48+00:00","dateModified":"2025-09-17T12:16:49+00:00","mainEntityOfPage":{"@id":"https:\/\/lamarinabj.com\/index.php\/2025\/09\/17\/benin-enseignement-superieur-charlemagne-igue-nomme-recteur-de-luac\/"},"wordCount":483,"commentCount":0,"image":{"@id":"https:\/\/lamarinabj.com\/index.php\/2025\/09\/17\/benin-enseignement-superieur-charlemagne-igue-nomme-recteur-de-luac\/#primaryimage"},"thumbnailUrl":"https:\/\/lamarinabj.com\/wp-content\/uploads\/2025\/09\/IMG-20250917-WA0248.jpg","keywords":["B\u00e9nin","Universit\u00e9 d'Abomey Calavi"],"articleSection":["EN SAVOIR PLUS","L'\u00c9V\u00c9NEMENT"],"inLanguage":"fr-FR","potentialAction":[{"@type":"CommentAction","name":"Comment","target":["https:\/\/lamarinabj.com\/index.php\/2025\/09\/17\/benin-enseignement-superieur-charlemagne-igue-nomme-recteur-de-luac\/#respond"]}]},{"@type":["WebPage","SearchResultsPage"],"@id":"https:\/\/lamarinabj.com\/index.php\/2025\/09\/17\/benin-enseignement-superieur-charlemagne-igue-nomme-recteur-de-luac\/","url":"https:\/\/lamarinabj.com\/index.php\/2025\/09\/17\/benin-enseignement-superieur-charlemagne-igue-nomme-recteur-de-luac\/","name":"B\u00e9nin \u2013 Enseignement sup\u00e9rieur : Charlemagne Igu\u00e9 nomm\u00e9 recteur de l\u2019UAC - LA MARINA BJ","isPartOf":{"@id":"https:\/\/lamarinabj.com\/#website"},"primaryImageOfPage":{"@id":"https:\/\/lamarinabj.com\/index.php\/2025\/09\/17\/benin-enseignement-superieur-charlemagne-igue-nomme-recteur-de-luac\/#primaryimage"},"image":{"@id":"https:\/\/lamarinabj.com\/index.php\/2025\/09\/17\/benin-enseignement-superieur-charlemagne-igue-nomme-recteur-de-luac\/#primaryimage"},"thumbnailUrl":"https:\/\/lamarinabj.com\/wp-content\/uploads\/2025\/09\/IMG-20250917-WA0248.jpg","datePublished":"2025-09-17T12:10:48+00:00","dateModified":"2025-09-17T12:16:49+00:00","author":{"@id":"https:\/\/lamarinabj.com\/#\/schema\/person\/89dc3df245cc348449b2502e2d5c016b"},"description":"Cette d\u00e9signation fait suite au processus de s\u00e9lection lanc\u00e9 en mars dernier par le minist\u00e8re de l\u2019Enseignement sup\u00e9rieur, marqu\u00e9 par l\u2019examen de dossiers, des entretiens et l\u2019avis conforme du Conseil national de l\u2019\u00c9ducation.","breadcrumb":{"@id":"https:\/\/lamarinabj.com\/index.php\/2025\/09\/17\/benin-enseignement-superieur-charlemagne-igue-nomme-recteur-de-luac\/#breadcrumb"},"inLanguage":"fr-FR","potentialAction":[{"@type":"ReadAction","target":["https:\/\/lamarinabj.com\/index.php\/2025\/09\/17\/benin-enseignement-superieur-charlemagne-igue-nomme-recteur-de-luac\/"]}]},{"@type":"ImageObject","inLanguage":"fr-FR","@id":"https:\/\/lamarinabj.com\/index.php\/2025\/09\/17\/benin-enseignement-superieur-charlemagne-igue-nomme-recteur-de-luac\/#primaryimage","url":"https:\/\/lamarinabj.com\/wp-content\/uploads\/2025\/09\/IMG-20250917-WA0248.jpg","contentUrl":"https:\/\/lamarinabj.com\/wp-content\/uploads\/2025\/09\/IMG-20250917-WA0248.jpg","width":720,"height":303},{"@type":"BreadcrumbList","@id":"https:\/\/lamarinabj.com\/index.php\/2025\/09\/17\/benin-enseignement-superieur-charlemagne-igue-nomme-recteur-de-luac\/#breadcrumb","itemListElement":[{"@type":"ListItem","position":1,"name":"Accueil","item":"https:\/\/lamarinabj.com\/"},{"@type":"ListItem","position":2,"name":"B\u00e9nin \u2013 Enseignement sup\u00e9rieur : Charlemagne Igu\u00e9 nomm\u00e9 recteur de l\u2019UAC"}]},{"@type":"WebSite","@id":"https:\/\/lamarinabj.com\/#website","url":"https:\/\/lamarinabj.com\/","name":"LA MARINA BJ","description":"Votre portail vers l&#039;information strat\u00e9gique au B\u00e9nin, en Afrique et au-del\u00e0","potentialAction":[{"@type":"SearchAction","target":{"@type":"EntryPoint","urlTemplate":"https:\/\/lamarinabj.com\/?s={search_term_string}"},"query-input":{"@type":"PropertyValueSpecification","valueRequired":true,"valueName":"search_term_string"}}],"inLanguage":"fr-FR"},{"@type":"Person","@id":"https:\/\/lamarinabj.com\/#\/schema\/person\/89dc3df245cc348449b2502e2d5c016b","name":"La Marina Bj","image":{"@type":"ImageObject","inLanguage":"fr-FR","@id":"https:\/\/secure.gravatar.com\/avatar\/6ef884b7fb1dab6e8672f19e68299568fe069dc761d88506e39bee8464c70e4a?s=96&d=mm&r=g","url":"https:\/\/secure.gravatar.com\/avatar\/6ef884b7fb1dab6e8672f19e68299568fe069dc761d88506e39bee8464c70e4a?s=96&d=mm&r=g","contentUrl":"https:\/\/secure.gravatar.com\/avatar\/6ef884b7fb1dab6e8672f19e68299568fe069dc761d88506e39bee8464c70e4a?s=96&d=mm&r=g","caption":"La Marina Bj"},"url":"https:\/\/lamarinabj.com\/index.php\/author\/la-marina-bj\/"}]}},"_links":{"self":[{"href":"https:\/\/lamarinabj.com\/index.php\/wp-json\/wp\/v2\/posts\/11927","targetHints":{"allow":["GET"]}}],"collection":[{"href":"https:\/\/lamarinabj.com\/index.php\/wp-json\/wp\/v2\/posts"}],"about":[{"href":"https:\/\/lamarinabj.com\/index.php\/wp-json\/wp\/v2\/types\/post"}],"author":[{"embeddable":true,"href":"https:\/\/lamarinabj.com\/index.php\/wp-json\/wp\/v2\/users\/7"}],"replies":[{"embeddable":true,"href":"https:\/\/lamarinabj.com\/index.php\/wp-json\/wp\/v2\/comments?post=11927"}],"version-history":[{"count":3,"href":"https:\/\/lamarinabj.com\/index.php\/wp-json\/wp\/v2\/posts\/11927\/revisions"}],"predecessor-version":[{"id":11933,"href":"https:\/\/lamarinabj.com\/index.php\/wp-json\/wp\/v2\/posts\/11927\/revisions\/11933"}],"wp:featuredmedia":[{"embeddable":true,"href":"https:\/\/lamarinabj.com\/index.php\/wp-json\/wp\/v2\/media\/11928"}],"wp:attachment":[{"href":"https:\/\/lamarinabj.com\/index.php\/wp-json\/wp\/v2\/media?parent=11927"}],"wp:term":[{"taxonomy":"category","embeddable":true,"href":"https:\/\/lamarinabj.com\/index.php\/wp-json\/wp\/v2\/categories?post=11927"},{"taxonomy":"post_tag","embeddable":true,"href":"https:\/\/lamarinabj.com\/index.php\/wp-json\/wp\/v2\/tags?post=11927"}],"curies":[{"name":"wp","href":"https:\/\/api.w.org\/{rel}","templated":true}]}}