{"id":12257,"date":"2025-10-16T10:50:00","date_gmt":"2025-10-16T09:50:00","guid":{"rendered":"https:\/\/lamarinabj.com\/?p=12257"},"modified":"2025-10-16T07:04:02","modified_gmt":"2025-10-16T06:04:02","slug":"commune-de-copargo-deux-chantiers-routiers-pour-desenclaver-les-localites-rurales","status":"publish","type":"post","link":"https:\/\/lamarinabj.com\/index.php\/2025\/10\/16\/commune-de-copargo-deux-chantiers-routiers-pour-desenclaver-les-localites-rurales\/","title":{"rendered":"Commune de Copargo : deux chantiers routiers pour d\u00e9senclaver les localit\u00e9s rurales"},"content":{"rendered":"\n<p><mark style=\"background-color:rgba(0, 0, 0, 0)\" class=\"has-inline-color has-red-color\"><strong>D\u00e9veloppement local, La Marina BJ <\/strong><\/mark>\u2014 <strong><em>Dans le cadre de la mise en \u0153uvre de son Plan de D\u00e9veloppement Communal (PDC) 2024\u20132028, la commune de Copargo engage deux projets routiers majeurs destin\u00e9s \u00e0 am\u00e9liorer la circulation et l\u2019acc\u00e8s aux zones enclav\u00e9es. Selon les informations recueillies aupr\u00e8s de notre source locale bien inform\u00e9e, il s\u2019agit de la r\u00e9habilitation de la piste Tan\u00e9ka Koko\u2013Karhum\u2013Sema et de la construction d\u2019un dalot en b\u00e9ton arm\u00e9 \u00e0 T\u00e9vali.<\/em><\/strong><\/p>\n\n\n\n<p>Ces interventions s\u2019inscrivent dans le Programme 3 du PDC, consacr\u00e9 au \u00ab Renforcement des infrastructures et \u00e9quipements r\u00e9silients et \u00e0 l\u2019acc\u00e8s \u00e9quitable aux services sociaux de base de qualit\u00e9 \u00bb. Financ\u00e9 sur ressources du Fonds d\u2019Aide au D\u00e9veloppement des Communes (FADeC) au titre de l\u2019exercice 2025, le programme vise \u00e0 consolider le r\u00e9seau routier rural, cl\u00e9 de la mobilit\u00e9 \u00e9conomique et sociale dans la commune.<\/p>\n\n\n\n<h2 id=\"un-cout-global-estime-a-plus-de-50-millions-de-f-cfa\" class=\"wp-block-heading\"><mark style=\"background-color:rgba(0, 0, 0, 0)\" class=\"has-inline-color has-red-color\">Un co\u00fbt global estim\u00e9 \u00e0 plus de 50 millions de F CFA<\/mark><\/h2>\n\n\n\n<p>Selon nos informations, l\u2019ensemble des op\u00e9rations est \u00e9valu\u00e9 \u00e0 58,51 millions de francs CFA, r\u00e9partis en deux volets. Le premier concerne l\u2019am\u00e9nagement et l\u2019entretien p\u00e9riodique de la piste Tan\u00e9ka Koko\u2013Karhum\u2013Sema, incluant le d\u00e9broussaillage, le curage des foss\u00e9s, la r\u00e9fection des ouvrages existants ainsi que la construction de deux dalots de 1 m\u00e8tre sur 1 m\u00e8tre pour le drainage des eaux pluviales.<\/p>\n\n\n\n<p>Le second chantier porte sur la construction d\u2019un dalot de 3 m\u00e8tres sur 2 m\u00e8tres \u00e0 T\u00e9vali, sur l\u2019axe Copargo\u2013T\u00e9vali. Selon le plan, il sera r\u00e9alis\u00e9 en b\u00e9ton arm\u00e9, dans le but d\u2019am\u00e9liorer la travers\u00e9e des zones sujettes aux inondations et de s\u00e9curiser le trafic, notamment pendant la saison des pluies.<\/p>\n\n\n\n<p>La dur\u00e9e d\u2019ex\u00e9cution des travaux est th\u00e9oriquement fix\u00e9e \u00e0 trois mois. Et si la contractualisation aboutit rapidement, les travaux pourraient \u00eatre lanc\u00e9s en pleine campagne \u00e9lectorale pour les \u00e9lections communales du 11 janvier 2026.<\/p>\n","protected":false},"excerpt":{"rendered":"D\u00e9veloppement local, La Marina BJ \u2014 Dans le cadre de la mise en \u0153uvre de son Plan de&hellip;\n","protected":false},"author":3,"featured_media":11101,"comment_status":"open","ping_status":"open","sticky":false,"template":"elementor_theme","format":"standard","meta":{"csco_singular_sidebar":"","csco_page_header_type":"standard","csco_appearance_masonry":"","csco_page_load_nextpost":"","csco_post_video_location":[],"csco_post_video_location_hash":"","csco_post_video_url":"","csco_post_video_bg_start_time":0,"csco_post_video_bg_end_time":0,"footnotes":""},"categories":[57,191],"tags":[233,100],"class_list":{"0":"post-12257","1":"post","2":"type-post","3":"status-publish","4":"format-standard","5":"has-post-thumbnail","7":"category-a-suivre","8":"category-en-savoir-plus-2","9":"tag-copargo","10":"tag-fadec","11":"cs-entry","12":"cs-video-wrap"},"yoast_head":"<!-- This site is optimized with the Yoast SEO plugin v27.4 - https:\/\/yoast.com\/product\/yoast-seo-wordpress\/ -->\n<title>Commune de Copargo : deux chantiers routiers pour d\u00e9senclaver les localit\u00e9s rurales - LA MARINA BJ<\/title>\n<meta name=\"description\" content=\"Dans le cadre de la mise en \u0153uvre de son Plan de D\u00e9veloppement Communal (PDC) 2024\u20132028, la commune de Copargo engage deux projets routiers majeurs destin\u00e9s \u00e0 am\u00e9liorer la circulation et l\u2019acc\u00e8s aux zones enclav\u00e9es. Selon les informations recueillies aupr\u00e8s de notre source locale bien inform\u00e9e, il s\u2019agit de la r\u00e9habilitation de la piste Tan\u00e9ka Koko\u2013Karhum\u2013Sema et de la construction d\u2019un dalot en b\u00e9ton arm\u00e9 \u00e0 T\u00e9vali.\" \/>\n<meta name=\"robots\" content=\"index, follow, max-snippet:-1, max-image-preview:large, max-video-preview:-1\" \/>\n<link rel=\"canonical\" href=\"https:\/\/lamarinabj.com\/index.php\/2025\/10\/16\/commune-de-copargo-deux-chantiers-routiers-pour-desenclaver-les-localites-rurales\/\" \/>\n<meta property=\"og:locale\" content=\"fr_FR\" \/>\n<meta property=\"og:type\" content=\"article\" \/>\n<meta property=\"og:title\" content=\"Commune de Copargo : deux chantiers routiers pour d\u00e9senclaver les localit\u00e9s rurales - LA MARINA BJ\" \/>\n<meta property=\"og:description\" content=\"Dans le cadre de la mise en \u0153uvre de son Plan de D\u00e9veloppement Communal (PDC) 2024\u20132028, la commune de Copargo engage deux projets routiers majeurs destin\u00e9s \u00e0 am\u00e9liorer la circulation et l\u2019acc\u00e8s aux zones enclav\u00e9es. Selon les informations recueillies aupr\u00e8s de notre source locale bien inform\u00e9e, il s\u2019agit de la r\u00e9habilitation de la piste Tan\u00e9ka Koko\u2013Karhum\u2013Sema et de la construction d\u2019un dalot en b\u00e9ton arm\u00e9 \u00e0 T\u00e9vali.\" \/>\n<meta property=\"og:url\" content=\"https:\/\/lamarinabj.com\/index.php\/2025\/10\/16\/commune-de-copargo-deux-chantiers-routiers-pour-desenclaver-les-localites-rurales\/\" \/>\n<meta property=\"og:site_name\" content=\"LA MARINA BJ\" \/>\n<meta property=\"article:published_time\" content=\"2025-10-16T09:50:00+00:00\" \/>\n<meta property=\"og:image\" content=\"https:\/\/lamarinabj.com\/wp-content\/uploads\/2025\/05\/IMG-20250530-WA0049.jpg\" \/>\n\t<meta property=\"og:image:width\" content=\"1080\" \/>\n\t<meta property=\"og:image:height\" content=\"567\" \/>\n\t<meta property=\"og:image:type\" content=\"image\/jpeg\" \/>\n<meta name=\"author\" content=\"La Marina BJ - Team Veille &amp; Projets publics\" \/>\n<meta name=\"twitter:card\" content=\"summary_large_image\" \/>\n<meta name=\"twitter:label1\" content=\"\u00c9crit par\" \/>\n\t<meta name=\"twitter:data1\" content=\"La Marina BJ - Team Veille &amp; Projets publics\" \/>\n\t<meta name=\"twitter:label2\" content=\"Dur\u00e9e de lecture estim\u00e9e\" \/>\n\t<meta name=\"twitter:data2\" content=\"2 minutes\" \/>\n<script type=\"application\/ld+json\" class=\"yoast-schema-graph\">{\"@context\":\"https:\\\/\\\/schema.org\",\"@graph\":[{\"@type\":\"NewsArticle\",\"@id\":\"https:\\\/\\\/lamarinabj.com\\\/index.php\\\/2025\\\/10\\\/16\\\/commune-de-copargo-deux-chantiers-routiers-pour-desenclaver-les-localites-rurales\\\/#article\",\"isPartOf\":{\"@id\":\"https:\\\/\\\/lamarinabj.com\\\/index.php\\\/2025\\\/10\\\/16\\\/commune-de-copargo-deux-chantiers-routiers-pour-desenclaver-les-localites-rurales\\\/\"},\"author\":{\"name\":\"La Marina BJ - Team Veille &amp; Projets publics\",\"@id\":\"https:\\\/\\\/lamarinabj.com\\\/#\\\/schema\\\/person\\\/70c372a4c3c86bd4844a0382357a0f2d\"},\"headline\":\"Commune de Copargo : deux chantiers routiers pour d\u00e9senclaver les localit\u00e9s rurales\",\"datePublished\":\"2025-10-16T09:50:00+00:00\",\"mainEntityOfPage\":{\"@id\":\"https:\\\/\\\/lamarinabj.com\\\/index.php\\\/2025\\\/10\\\/16\\\/commune-de-copargo-deux-chantiers-routiers-pour-desenclaver-les-localites-rurales\\\/\"},\"wordCount\":347,\"commentCount\":0,\"image\":{\"@id\":\"https:\\\/\\\/lamarinabj.com\\\/index.php\\\/2025\\\/10\\\/16\\\/commune-de-copargo-deux-chantiers-routiers-pour-desenclaver-les-localites-rurales\\\/#primaryimage\"},\"thumbnailUrl\":\"https:\\\/\\\/lamarinabj.com\\\/wp-content\\\/uploads\\\/2025\\\/05\\\/IMG-20250530-WA0049.jpg\",\"keywords\":[\"Copargo\",\"Fadec\"],\"articleSection\":[\"\u00c0 SUIVRE\",\"EN SAVOIR PLUS\"],\"inLanguage\":\"fr-FR\",\"potentialAction\":[{\"@type\":\"CommentAction\",\"name\":\"Comment\",\"target\":[\"https:\\\/\\\/lamarinabj.com\\\/index.php\\\/2025\\\/10\\\/16\\\/commune-de-copargo-deux-chantiers-routiers-pour-desenclaver-les-localites-rurales\\\/#respond\"]}]},{\"@type\":[\"WebPage\",\"SearchResultsPage\"],\"@id\":\"https:\\\/\\\/lamarinabj.com\\\/index.php\\\/2025\\\/10\\\/16\\\/commune-de-copargo-deux-chantiers-routiers-pour-desenclaver-les-localites-rurales\\\/\",\"url\":\"https:\\\/\\\/lamarinabj.com\\\/index.php\\\/2025\\\/10\\\/16\\\/commune-de-copargo-deux-chantiers-routiers-pour-desenclaver-les-localites-rurales\\\/\",\"name\":\"Commune de Copargo : deux chantiers routiers pour d\u00e9senclaver les localit\u00e9s rurales - LA MARINA BJ\",\"isPartOf\":{\"@id\":\"https:\\\/\\\/lamarinabj.com\\\/#website\"},\"primaryImageOfPage\":{\"@id\":\"https:\\\/\\\/lamarinabj.com\\\/index.php\\\/2025\\\/10\\\/16\\\/commune-de-copargo-deux-chantiers-routiers-pour-desenclaver-les-localites-rurales\\\/#primaryimage\"},\"image\":{\"@id\":\"https:\\\/\\\/lamarinabj.com\\\/index.php\\\/2025\\\/10\\\/16\\\/commune-de-copargo-deux-chantiers-routiers-pour-desenclaver-les-localites-rurales\\\/#primaryimage\"},\"thumbnailUrl\":\"https:\\\/\\\/lamarinabj.com\\\/wp-content\\\/uploads\\\/2025\\\/05\\\/IMG-20250530-WA0049.jpg\",\"datePublished\":\"2025-10-16T09:50:00+00:00\",\"author\":{\"@id\":\"https:\\\/\\\/lamarinabj.com\\\/#\\\/schema\\\/person\\\/70c372a4c3c86bd4844a0382357a0f2d\"},\"description\":\"Dans le cadre de la mise en \u0153uvre de son Plan de D\u00e9veloppement Communal (PDC) 2024\u20132028, la commune de Copargo engage deux projets routiers majeurs destin\u00e9s \u00e0 am\u00e9liorer la circulation et l\u2019acc\u00e8s aux zones enclav\u00e9es. Selon les informations recueillies aupr\u00e8s de notre source locale bien inform\u00e9e, il s\u2019agit de la r\u00e9habilitation de la piste Tan\u00e9ka Koko\u2013Karhum\u2013Sema et de la construction d\u2019un dalot en b\u00e9ton arm\u00e9 \u00e0 T\u00e9vali.\",\"breadcrumb\":{\"@id\":\"https:\\\/\\\/lamarinabj.com\\\/index.php\\\/2025\\\/10\\\/16\\\/commune-de-copargo-deux-chantiers-routiers-pour-desenclaver-les-localites-rurales\\\/#breadcrumb\"},\"inLanguage\":\"fr-FR\",\"potentialAction\":[{\"@type\":\"ReadAction\",\"target\":[\"https:\\\/\\\/lamarinabj.com\\\/index.php\\\/2025\\\/10\\\/16\\\/commune-de-copargo-deux-chantiers-routiers-pour-desenclaver-les-localites-rurales\\\/\"]}]},{\"@type\":\"ImageObject\",\"inLanguage\":\"fr-FR\",\"@id\":\"https:\\\/\\\/lamarinabj.com\\\/index.php\\\/2025\\\/10\\\/16\\\/commune-de-copargo-deux-chantiers-routiers-pour-desenclaver-les-localites-rurales\\\/#primaryimage\",\"url\":\"https:\\\/\\\/lamarinabj.com\\\/wp-content\\\/uploads\\\/2025\\\/05\\\/IMG-20250530-WA0049.jpg\",\"contentUrl\":\"https:\\\/\\\/lamarinabj.com\\\/wp-content\\\/uploads\\\/2025\\\/05\\\/IMG-20250530-WA0049.jpg\",\"width\":1080,\"height\":567},{\"@type\":\"BreadcrumbList\",\"@id\":\"https:\\\/\\\/lamarinabj.com\\\/index.php\\\/2025\\\/10\\\/16\\\/commune-de-copargo-deux-chantiers-routiers-pour-desenclaver-les-localites-rurales\\\/#breadcrumb\",\"itemListElement\":[{\"@type\":\"ListItem\",\"position\":1,\"name\":\"Accueil\",\"item\":\"https:\\\/\\\/lamarinabj.com\\\/\"},{\"@type\":\"ListItem\",\"position\":2,\"name\":\"Commune de Copargo : deux chantiers routiers pour d\u00e9senclaver les localit\u00e9s rurales\"}]},{\"@type\":\"WebSite\",\"@id\":\"https:\\\/\\\/lamarinabj.com\\\/#website\",\"url\":\"https:\\\/\\\/lamarinabj.com\\\/\",\"name\":\"LA MARINA BJ\",\"description\":\"Votre portail vers l&#039;information strat\u00e9gique au B\u00e9nin, en Afrique et au-del\u00e0\",\"potentialAction\":[{\"@type\":\"SearchAction\",\"target\":{\"@type\":\"EntryPoint\",\"urlTemplate\":\"https:\\\/\\\/lamarinabj.com\\\/?s={search_term_string}\"},\"query-input\":{\"@type\":\"PropertyValueSpecification\",\"valueRequired\":true,\"valueName\":\"search_term_string\"}}],\"inLanguage\":\"fr-FR\"},{\"@type\":\"Person\",\"@id\":\"https:\\\/\\\/lamarinabj.com\\\/#\\\/schema\\\/person\\\/70c372a4c3c86bd4844a0382357a0f2d\",\"name\":\"La Marina BJ - Team Veille &amp; Projets publics\",\"image\":{\"@type\":\"ImageObject\",\"inLanguage\":\"fr-FR\",\"@id\":\"https:\\\/\\\/secure.gravatar.com\\\/avatar\\\/b56740eda81210101c8acebdd7c5c7db1bd0ab57f63df607996683fa153ff0d0?s=96&d=mm&r=g\",\"url\":\"https:\\\/\\\/secure.gravatar.com\\\/avatar\\\/b56740eda81210101c8acebdd7c5c7db1bd0ab57f63df607996683fa153ff0d0?s=96&d=mm&r=g\",\"contentUrl\":\"https:\\\/\\\/secure.gravatar.com\\\/avatar\\\/b56740eda81210101c8acebdd7c5c7db1bd0ab57f63df607996683fa153ff0d0?s=96&d=mm&r=g\",\"caption\":\"La Marina BJ - Team Veille &amp; Projets publics\"},\"description\":\"La Team Veille &amp; Projets publics de La Marina BJ est d\u00e9di\u00e9e \u00e0 la surveillance proactive des dynamiques institutionnelles impuls\u00e9es par l\u2019\u00c9tat, les agences publiques, les collectivit\u00e9s territoriales ainsi que les partenaires techniques et financiers. Gr\u00e2ce \u00e0 une veille strat\u00e9gique permanente, cette \u00e9quipe identifie et suit les projets de d\u00e9veloppement, les \u00e9tudes pr\u00e9alables et les investissements publics majeurs. Elle documente les politiques sectorielles, analyse les enjeux techniques, \u00e9conomiques, sociaux et environnementaux, et produit des contenus exclusifs pour \u00e9clairer les mutations structurelles.\",\"url\":\"https:\\\/\\\/lamarinabj.com\\\/index.php\\\/author\\\/simahou\\\/\"}]}<\/script>\n<!-- \/ Yoast SEO plugin. -->","yoast_head_json":{"title":"Commune de Copargo : deux chantiers routiers pour d\u00e9senclaver les localit\u00e9s rurales - LA MARINA BJ","description":"Dans le cadre de la mise en \u0153uvre de son Plan de D\u00e9veloppement Communal (PDC) 2024\u20132028, la commune de Copargo engage deux projets routiers majeurs destin\u00e9s \u00e0 am\u00e9liorer la circulation et l\u2019acc\u00e8s aux zones enclav\u00e9es. Selon les informations recueillies aupr\u00e8s de notre source locale bien inform\u00e9e, il s\u2019agit de la r\u00e9habilitation de la piste Tan\u00e9ka Koko\u2013Karhum\u2013Sema et de la construction d\u2019un dalot en b\u00e9ton arm\u00e9 \u00e0 T\u00e9vali.","robots":{"index":"index","follow":"follow","max-snippet":"max-snippet:-1","max-image-preview":"max-image-preview:large","max-video-preview":"max-video-preview:-1"},"canonical":"https:\/\/lamarinabj.com\/index.php\/2025\/10\/16\/commune-de-copargo-deux-chantiers-routiers-pour-desenclaver-les-localites-rurales\/","og_locale":"fr_FR","og_type":"article","og_title":"Commune de Copargo : deux chantiers routiers pour d\u00e9senclaver les localit\u00e9s rurales - LA MARINA BJ","og_description":"Dans le cadre de la mise en \u0153uvre de son Plan de D\u00e9veloppement Communal (PDC) 2024\u20132028, la commune de Copargo engage deux projets routiers majeurs destin\u00e9s \u00e0 am\u00e9liorer la circulation et l\u2019acc\u00e8s aux zones enclav\u00e9es. Selon les informations recueillies aupr\u00e8s de notre source locale bien inform\u00e9e, il s\u2019agit de la r\u00e9habilitation de la piste Tan\u00e9ka Koko\u2013Karhum\u2013Sema et de la construction d\u2019un dalot en b\u00e9ton arm\u00e9 \u00e0 T\u00e9vali.","og_url":"https:\/\/lamarinabj.com\/index.php\/2025\/10\/16\/commune-de-copargo-deux-chantiers-routiers-pour-desenclaver-les-localites-rurales\/","og_site_name":"LA MARINA BJ","article_published_time":"2025-10-16T09:50:00+00:00","og_image":[{"width":1080,"height":567,"url":"https:\/\/lamarinabj.com\/wp-content\/uploads\/2025\/05\/IMG-20250530-WA0049.jpg","type":"image\/jpeg"}],"author":"La Marina BJ - Team Veille &amp; Projets publics","twitter_card":"summary_large_image","twitter_misc":{"\u00c9crit par":"La Marina BJ - Team Veille &amp; Projets publics","Dur\u00e9e de lecture estim\u00e9e":"2 minutes"},"schema":{"@context":"https:\/\/schema.org","@graph":[{"@type":"NewsArticle","@id":"https:\/\/lamarinabj.com\/index.php\/2025\/10\/16\/commune-de-copargo-deux-chantiers-routiers-pour-desenclaver-les-localites-rurales\/#article","isPartOf":{"@id":"https:\/\/lamarinabj.com\/index.php\/2025\/10\/16\/commune-de-copargo-deux-chantiers-routiers-pour-desenclaver-les-localites-rurales\/"},"author":{"name":"La Marina BJ - Team Veille &amp; Projets publics","@id":"https:\/\/lamarinabj.com\/#\/schema\/person\/70c372a4c3c86bd4844a0382357a0f2d"},"headline":"Commune de Copargo : deux chantiers routiers pour d\u00e9senclaver les localit\u00e9s rurales","datePublished":"2025-10-16T09:50:00+00:00","mainEntityOfPage":{"@id":"https:\/\/lamarinabj.com\/index.php\/2025\/10\/16\/commune-de-copargo-deux-chantiers-routiers-pour-desenclaver-les-localites-rurales\/"},"wordCount":347,"commentCount":0,"image":{"@id":"https:\/\/lamarinabj.com\/index.php\/2025\/10\/16\/commune-de-copargo-deux-chantiers-routiers-pour-desenclaver-les-localites-rurales\/#primaryimage"},"thumbnailUrl":"https:\/\/lamarinabj.com\/wp-content\/uploads\/2025\/05\/IMG-20250530-WA0049.jpg","keywords":["Copargo","Fadec"],"articleSection":["\u00c0 SUIVRE","EN SAVOIR PLUS"],"inLanguage":"fr-FR","potentialAction":[{"@type":"CommentAction","name":"Comment","target":["https:\/\/lamarinabj.com\/index.php\/2025\/10\/16\/commune-de-copargo-deux-chantiers-routiers-pour-desenclaver-les-localites-rurales\/#respond"]}]},{"@type":["WebPage","SearchResultsPage"],"@id":"https:\/\/lamarinabj.com\/index.php\/2025\/10\/16\/commune-de-copargo-deux-chantiers-routiers-pour-desenclaver-les-localites-rurales\/","url":"https:\/\/lamarinabj.com\/index.php\/2025\/10\/16\/commune-de-copargo-deux-chantiers-routiers-pour-desenclaver-les-localites-rurales\/","name":"Commune de Copargo : deux chantiers routiers pour d\u00e9senclaver les localit\u00e9s rurales - LA MARINA BJ","isPartOf":{"@id":"https:\/\/lamarinabj.com\/#website"},"primaryImageOfPage":{"@id":"https:\/\/lamarinabj.com\/index.php\/2025\/10\/16\/commune-de-copargo-deux-chantiers-routiers-pour-desenclaver-les-localites-rurales\/#primaryimage"},"image":{"@id":"https:\/\/lamarinabj.com\/index.php\/2025\/10\/16\/commune-de-copargo-deux-chantiers-routiers-pour-desenclaver-les-localites-rurales\/#primaryimage"},"thumbnailUrl":"https:\/\/lamarinabj.com\/wp-content\/uploads\/2025\/05\/IMG-20250530-WA0049.jpg","datePublished":"2025-10-16T09:50:00+00:00","author":{"@id":"https:\/\/lamarinabj.com\/#\/schema\/person\/70c372a4c3c86bd4844a0382357a0f2d"},"description":"Dans le cadre de la mise en \u0153uvre de son Plan de D\u00e9veloppement Communal (PDC) 2024\u20132028, la commune de Copargo engage deux projets routiers majeurs destin\u00e9s \u00e0 am\u00e9liorer la circulation et l\u2019acc\u00e8s aux zones enclav\u00e9es. Selon les informations recueillies aupr\u00e8s de notre source locale bien inform\u00e9e, il s\u2019agit de la r\u00e9habilitation de la piste Tan\u00e9ka Koko\u2013Karhum\u2013Sema et de la construction d\u2019un dalot en b\u00e9ton arm\u00e9 \u00e0 T\u00e9vali.","breadcrumb":{"@id":"https:\/\/lamarinabj.com\/index.php\/2025\/10\/16\/commune-de-copargo-deux-chantiers-routiers-pour-desenclaver-les-localites-rurales\/#breadcrumb"},"inLanguage":"fr-FR","potentialAction":[{"@type":"ReadAction","target":["https:\/\/lamarinabj.com\/index.php\/2025\/10\/16\/commune-de-copargo-deux-chantiers-routiers-pour-desenclaver-les-localites-rurales\/"]}]},{"@type":"ImageObject","inLanguage":"fr-FR","@id":"https:\/\/lamarinabj.com\/index.php\/2025\/10\/16\/commune-de-copargo-deux-chantiers-routiers-pour-desenclaver-les-localites-rurales\/#primaryimage","url":"https:\/\/lamarinabj.com\/wp-content\/uploads\/2025\/05\/IMG-20250530-WA0049.jpg","contentUrl":"https:\/\/lamarinabj.com\/wp-content\/uploads\/2025\/05\/IMG-20250530-WA0049.jpg","width":1080,"height":567},{"@type":"BreadcrumbList","@id":"https:\/\/lamarinabj.com\/index.php\/2025\/10\/16\/commune-de-copargo-deux-chantiers-routiers-pour-desenclaver-les-localites-rurales\/#breadcrumb","itemListElement":[{"@type":"ListItem","position":1,"name":"Accueil","item":"https:\/\/lamarinabj.com\/"},{"@type":"ListItem","position":2,"name":"Commune de Copargo : deux chantiers routiers pour d\u00e9senclaver les localit\u00e9s rurales"}]},{"@type":"WebSite","@id":"https:\/\/lamarinabj.com\/#website","url":"https:\/\/lamarinabj.com\/","name":"LA MARINA BJ","description":"Votre portail vers l&#039;information strat\u00e9gique au B\u00e9nin, en Afrique et au-del\u00e0","potentialAction":[{"@type":"SearchAction","target":{"@type":"EntryPoint","urlTemplate":"https:\/\/lamarinabj.com\/?s={search_term_string}"},"query-input":{"@type":"PropertyValueSpecification","valueRequired":true,"valueName":"search_term_string"}}],"inLanguage":"fr-FR"},{"@type":"Person","@id":"https:\/\/lamarinabj.com\/#\/schema\/person\/70c372a4c3c86bd4844a0382357a0f2d","name":"La Marina BJ - Team Veille &amp; Projets publics","image":{"@type":"ImageObject","inLanguage":"fr-FR","@id":"https:\/\/secure.gravatar.com\/avatar\/b56740eda81210101c8acebdd7c5c7db1bd0ab57f63df607996683fa153ff0d0?s=96&d=mm&r=g","url":"https:\/\/secure.gravatar.com\/avatar\/b56740eda81210101c8acebdd7c5c7db1bd0ab57f63df607996683fa153ff0d0?s=96&d=mm&r=g","contentUrl":"https:\/\/secure.gravatar.com\/avatar\/b56740eda81210101c8acebdd7c5c7db1bd0ab57f63df607996683fa153ff0d0?s=96&d=mm&r=g","caption":"La Marina BJ - Team Veille &amp; Projets publics"},"description":"La Team Veille &amp; Projets publics de La Marina BJ est d\u00e9di\u00e9e \u00e0 la surveillance proactive des dynamiques institutionnelles impuls\u00e9es par l\u2019\u00c9tat, les agences publiques, les collectivit\u00e9s territoriales ainsi que les partenaires techniques et financiers. Gr\u00e2ce \u00e0 une veille strat\u00e9gique permanente, cette \u00e9quipe identifie et suit les projets de d\u00e9veloppement, les \u00e9tudes pr\u00e9alables et les investissements publics majeurs. Elle documente les politiques sectorielles, analyse les enjeux techniques, \u00e9conomiques, sociaux et environnementaux, et produit des contenus exclusifs pour \u00e9clairer les mutations structurelles.","url":"https:\/\/lamarinabj.com\/index.php\/author\/simahou\/"}]}},"_links":{"self":[{"href":"https:\/\/lamarinabj.com\/index.php\/wp-json\/wp\/v2\/posts\/12257","targetHints":{"allow":["GET"]}}],"collection":[{"href":"https:\/\/lamarinabj.com\/index.php\/wp-json\/wp\/v2\/posts"}],"about":[{"href":"https:\/\/lamarinabj.com\/index.php\/wp-json\/wp\/v2\/types\/post"}],"author":[{"embeddable":true,"href":"https:\/\/lamarinabj.com\/index.php\/wp-json\/wp\/v2\/users\/3"}],"replies":[{"embeddable":true,"href":"https:\/\/lamarinabj.com\/index.php\/wp-json\/wp\/v2\/comments?post=12257"}],"version-history":[{"count":1,"href":"https:\/\/lamarinabj.com\/index.php\/wp-json\/wp\/v2\/posts\/12257\/revisions"}],"predecessor-version":[{"id":12258,"href":"https:\/\/lamarinabj.com\/index.php\/wp-json\/wp\/v2\/posts\/12257\/revisions\/12258"}],"wp:featuredmedia":[{"embeddable":true,"href":"https:\/\/lamarinabj.com\/index.php\/wp-json\/wp\/v2\/media\/11101"}],"wp:attachment":[{"href":"https:\/\/lamarinabj.com\/index.php\/wp-json\/wp\/v2\/media?parent=12257"}],"wp:term":[{"taxonomy":"category","embeddable":true,"href":"https:\/\/lamarinabj.com\/index.php\/wp-json\/wp\/v2\/categories?post=12257"},{"taxonomy":"post_tag","embeddable":true,"href":"https:\/\/lamarinabj.com\/index.php\/wp-json\/wp\/v2\/tags?post=12257"}],"curies":[{"name":"wp","href":"https:\/\/api.w.org\/{rel}","templated":true}]}}