{"id":12806,"date":"2025-11-22T08:18:07","date_gmt":"2025-11-22T07:18:07","guid":{"rendered":"https:\/\/lamarinabj.com\/?p=12806"},"modified":"2025-11-22T08:24:11","modified_gmt":"2025-11-22T07:24:11","slug":"benin-la-cour-supreme-recadre-les-commentaires-tendancieux-autour-de-laudience-du-parti-les-democrates","status":"publish","type":"post","link":"https:\/\/lamarinabj.com\/index.php\/2025\/11\/22\/benin-la-cour-supreme-recadre-les-commentaires-tendancieux-autour-de-laudience-du-parti-les-democrates\/","title":{"rendered":"B\u00e9nin : La Cour Supr\u00eame recadre les \u00ab commentaires tendancieux \u00bb autour de l\u2019audience du parti Les D\u00e9mocrates"},"content":{"rendered":"\n<p><strong><mark style=\"background-color:rgba(0, 0, 0, 0)\" class=\"has-inline-color has-red-color\">Gouvernance, La Marina BJ<\/mark><\/strong> <strong><em>&#8211; L\u2019audience \u00e9lectorale tenue le 14 novembre 2025 devant la Cour supr\u00eame, \u00e0 laquelle a notamment pris part Alassane Tigri, 4\u1d49 vice-pr\u00e9sident du parti Les D\u00e9mocrates, continue de susciter un vif d\u00e9bat sur les r\u00e9seaux sociaux. Entre accusations de partialit\u00e9 et critiques sur la tenue des \u00e9changes, de nombreuses informations approximatives ont circul\u00e9 en ligne. Face \u00e0 ces d\u00e9rives, le Cabinet du Pr\u00e9sident de la Cour supr\u00eame a publi\u00e9 un communiqu\u00e9 pour clarifier les circonstances de la s\u00e9ance et r\u00e9tablir les faits.<\/em><\/strong><\/p>\n\n\n\n<p>Dans ce communiqu\u00e9, la juridiction supr\u00eame rappelle que l\u2019audience du 14 novembre s\u2019est d\u00e9roul\u00e9e dans les m\u00eames conditions que toutes les autres. Depuis 2023, gr\u00e2ce \u00e0 un appui technique de la coop\u00e9ration chinoise et au financement de l\u2019\u00c9tat b\u00e9ninois, la Cour s\u2019est dot\u00e9e d\u2019un syst\u00e8me de retransmission en direct destin\u00e9 \u00e0 renforcer la transparence de la justice.<\/p>\n\n\n\n<p>Ce dispositif couvre l\u2019ensemble des audiences des chambres judiciaire et administrative, conform\u00e9ment au caract\u00e8re public des s\u00e9ances. La Cour souligne, par ailleurs, avoir largement inform\u00e9 le public sur cette innovation, notamment lors de ses c\u00e9r\u00e9monies solennelles de rentr\u00e9e. Elle pr\u00e9cise \u00e9galement qu\u2019aucun traitement particulier n\u2019est r\u00e9serv\u00e9 \u00e0 une affaire plut\u00f4t qu\u2019\u00e0 une autre : les \u00e9quipes techniques appliquent des proc\u00e9dures uniformes, ce qui exclut toute manipulation ou intention cibl\u00e9e lors de l\u2019audience litigieuse.<\/p>\n\n\n\n<h2 id=\"des-accusations-dhumiliation-jugees-infondees\" class=\"wp-block-heading\"><mark style=\"background-color:rgba(0, 0, 0, 0)\" class=\"has-inline-color has-red-color\">Des accusations d\u2019humiliation jug\u00e9es infond\u00e9es<\/mark><\/h2>\n\n\n\n<p>L\u2019audience du 14 novembre, au cours de laquelle intervenaient \u00e9galement un \u00e9missaire de la CENA et le directeur g\u00e9n\u00e9ral des imp\u00f4ts, a donn\u00e9 lieu \u00e0 une vague de commentaires viraux. Le Cabinet du Pr\u00e9sident de la Cour rappelle que ces prises de position, souvent partisanes, ne refl\u00e8tent ni l\u2019ambiance r\u00e9elle des d\u00e9bats ni l\u2019attitude de la juridiction.<\/p>\n\n\n\n<p>Le communiqu\u00e9 insiste sur le respect scrupuleux des r\u00e8gles de courtoisie envers tous les intervenants. Aucun propos ni aucun comportement n\u2019avait pour objectif de d\u00e9nigrer ou d\u2019humilier un repr\u00e9sentant politique. L\u2019int\u00e9ress\u00e9 lui-m\u00eame, souligne le document, a salu\u00e9 la rigueur et la hauteur d\u2019esprit du Pr\u00e9sident de la Cour, qu\u2019il conna\u00eet depuis longtemps au plan professionnel.<\/p>\n\n\n\n<p>Toujours selon le communiqu\u00e9, \u00e0 l\u2019issue de la s\u00e9ance, Alassane Tigri s\u2019est d\u2019ailleurs rendu au Cabinet du Pr\u00e9sident de la Cour supr\u00eame, en compagnie de Me Victorien Fade, avocat du parti Les D\u00e9mocrates. Les deux hommes ont pr\u00e9sent\u00e9 leurs civilit\u00e9s et remerci\u00e9 la juridiction pour la qualit\u00e9 du d\u00e9roulement des d\u00e9bats.<br>Le cabinet du pr\u00e9sident de la Cour qualifie cette d\u00e9marche de \u00ab geste de d\u00e9cence r\u00e9publicaine \u00bb, en contraste avec l\u2019animosit\u00e9 qui s\u2019est exprim\u00e9e sur les r\u00e9seaux sociaux.<\/p>\n\n\n\n<h2 id=\"le-rappel-ferme-des-principes-qui-fondent-la-justice\" class=\"wp-block-heading\"><mark style=\"background-color:rgba(0, 0, 0, 0)\" class=\"has-inline-color has-red-color\">Le rappel ferme des principes qui fondent la justice<\/mark><\/h2>\n\n\n\n<p>En cl\u00f4ture de son communiqu\u00e9, la Cour supr\u00eame r\u00e9affirme qu\u2019elle demeure totalement ind\u00e9pendante des joutes partisanes. La justice, insiste-t-elle, n\u2019est ni un instrument politique ni un terrain de confrontation id\u00e9ologique, mais un service public soumis \u00e0 l\u2019autorit\u00e9 exclusive de la loi : \u00ab La loi peut para\u00eetre s\u00e9v\u00e8re, mais elle demeure la r\u00e9f\u00e9rence. Le juge n\u2019a pour mission que de l\u2019appliquer, dans son esprit comme dans sa lettre. \u00bb pr\u00e9cise la note. Ce message, sign\u00e9 par Isaac Fayomi, Directeur de Cabinet du Pr\u00e9sident de l\u2019institution, vise \u00e0 apaiser les tensions et \u00e0 rappeler le cadre institutionnel dans lequel s\u2019exerce la justice.<\/p>\n\n\n\n<p>Pour rappel, cette audience, finalement tr\u00e8s m\u00e9diatis\u00e9e, est aussi celle \u00e0 la suite de laquelle le parti Les D\u00e9mocrates a \u00e9t\u00e9 d\u00e9finitivement \u00e9cart\u00e9 des \u00e9lections communales et municipales pr\u00e9vues le 11 janvier 2026. Un contexte qui explique, en partie, la sensibilit\u00e9 des r\u00e9actions observ\u00e9es en ligne.<\/p>\n\n\n\n<p>Par <strong><mark style=\"background-color:rgba(0, 0, 0, 0)\" class=\"has-inline-color has-red-color\">William No\u00e9 HOUNKANRIN <\/mark><\/strong>(Collaborateur ext\u00e9rieur)<\/p>\n","protected":false},"excerpt":{"rendered":"Gouvernance, La Marina BJ &#8211; L\u2019audience \u00e9lectorale tenue le 14 novembre 2025 devant la Cour supr\u00eame, \u00e0 laquelle&hellip;\n","protected":false},"author":7,"featured_media":12808,"comment_status":"open","ping_status":"open","sticky":false,"template":"elementor_theme","format":"standard","meta":{"csco_singular_sidebar":"","csco_page_header_type":"standard","csco_appearance_masonry":"","csco_page_load_nextpost":"","csco_post_video_location":[],"csco_post_video_location_hash":"","csco_post_video_url":"","csco_post_video_bg_start_time":0,"csco_post_video_bg_end_time":0,"footnotes":""},"categories":[239],"tags":[41,1055,450],"class_list":{"0":"post-12806","1":"post","2":"type-post","3":"status-publish","4":"format-standard","5":"has-post-thumbnail","7":"category-levenement-2","8":"tag-benin","9":"tag-cour-supreme","10":"tag-les-democrates","11":"cs-entry","12":"cs-video-wrap"},"yoast_head":"<!-- This site is optimized with the Yoast SEO plugin v27.4 - https:\/\/yoast.com\/product\/yoast-seo-wordpress\/ -->\n<title>B\u00e9nin : La Cour Supr\u00eame recadre les \u00ab commentaires tendancieux \u00bb autour de l\u2019audience du parti Les D\u00e9mocrates - LA MARINA BJ<\/title>\n<meta name=\"description\" content=\"L\u2019audience \u00e9lectorale tenue le 14 novembre 2025 devant la Cour supr\u00eame, \u00e0 laquelle a notamment pris part Alassane Tigri, 4\u1d49 vice-pr\u00e9sident du parti Les D\u00e9mocrates, continue de susciter un vif d\u00e9bat sur les r\u00e9seaux sociaux. Entre accusations de partialit\u00e9 et critiques sur la tenue des \u00e9changes, de nombreuses informations approximatives ont circul\u00e9 en ligne. Face \u00e0 ces d\u00e9rives, le Cabinet du Pr\u00e9sident de la Cour supr\u00eame a publi\u00e9 un communiqu\u00e9 pour clarifier les circonstances de la s\u00e9ance et r\u00e9tablir les faits.\" \/>\n<meta name=\"robots\" content=\"index, follow, max-snippet:-1, max-image-preview:large, max-video-preview:-1\" \/>\n<link rel=\"canonical\" href=\"https:\/\/lamarinabj.com\/index.php\/2025\/11\/22\/benin-la-cour-supreme-recadre-les-commentaires-tendancieux-autour-de-laudience-du-parti-les-democrates\/\" \/>\n<meta property=\"og:locale\" content=\"fr_FR\" \/>\n<meta property=\"og:type\" content=\"article\" \/>\n<meta property=\"og:title\" content=\"B\u00e9nin : La Cour Supr\u00eame recadre les \u00ab commentaires tendancieux \u00bb autour de l\u2019audience du parti Les D\u00e9mocrates - LA MARINA BJ\" \/>\n<meta property=\"og:description\" content=\"L\u2019audience \u00e9lectorale tenue le 14 novembre 2025 devant la Cour supr\u00eame, \u00e0 laquelle a notamment pris part Alassane Tigri, 4\u1d49 vice-pr\u00e9sident du parti Les D\u00e9mocrates, continue de susciter un vif d\u00e9bat sur les r\u00e9seaux sociaux. Entre accusations de partialit\u00e9 et critiques sur la tenue des \u00e9changes, de nombreuses informations approximatives ont circul\u00e9 en ligne. Face \u00e0 ces d\u00e9rives, le Cabinet du Pr\u00e9sident de la Cour supr\u00eame a publi\u00e9 un communiqu\u00e9 pour clarifier les circonstances de la s\u00e9ance et r\u00e9tablir les faits.\" \/>\n<meta property=\"og:url\" content=\"https:\/\/lamarinabj.com\/index.php\/2025\/11\/22\/benin-la-cour-supreme-recadre-les-commentaires-tendancieux-autour-de-laudience-du-parti-les-democrates\/\" \/>\n<meta property=\"og:site_name\" content=\"LA MARINA BJ\" \/>\n<meta property=\"article:published_time\" content=\"2025-11-22T07:18:07+00:00\" \/>\n<meta property=\"article:modified_time\" content=\"2025-11-22T07:24:11+00:00\" \/>\n<meta property=\"og:image\" content=\"https:\/\/lamarinabj.com\/wp-content\/uploads\/2025\/11\/20251122_081627_0000.jpg\" \/>\n\t<meta property=\"og:image:width\" content=\"1280\" \/>\n\t<meta property=\"og:image:height\" content=\"857\" \/>\n\t<meta property=\"og:image:type\" content=\"image\/jpeg\" \/>\n<meta name=\"author\" content=\"La Marina Bj\" \/>\n<meta name=\"twitter:card\" content=\"summary_large_image\" \/>\n<meta name=\"twitter:label1\" content=\"\u00c9crit par\" \/>\n\t<meta name=\"twitter:data1\" content=\"La Marina Bj\" \/>\n\t<meta name=\"twitter:label2\" content=\"Dur\u00e9e de lecture estim\u00e9e\" \/>\n\t<meta name=\"twitter:data2\" content=\"4 minutes\" \/>\n<script type=\"application\/ld+json\" class=\"yoast-schema-graph\">{\"@context\":\"https:\\\/\\\/schema.org\",\"@graph\":[{\"@type\":\"NewsArticle\",\"@id\":\"https:\\\/\\\/lamarinabj.com\\\/index.php\\\/2025\\\/11\\\/22\\\/benin-la-cour-supreme-recadre-les-commentaires-tendancieux-autour-de-laudience-du-parti-les-democrates\\\/#article\",\"isPartOf\":{\"@id\":\"https:\\\/\\\/lamarinabj.com\\\/index.php\\\/2025\\\/11\\\/22\\\/benin-la-cour-supreme-recadre-les-commentaires-tendancieux-autour-de-laudience-du-parti-les-democrates\\\/\"},\"author\":{\"name\":\"La Marina Bj\",\"@id\":\"https:\\\/\\\/lamarinabj.com\\\/#\\\/schema\\\/person\\\/89dc3df245cc348449b2502e2d5c016b\"},\"headline\":\"B\u00e9nin : La Cour Supr\u00eame recadre les \u00ab commentaires tendancieux \u00bb autour de l\u2019audience du parti Les D\u00e9mocrates\",\"datePublished\":\"2025-11-22T07:18:07+00:00\",\"dateModified\":\"2025-11-22T07:24:11+00:00\",\"mainEntityOfPage\":{\"@id\":\"https:\\\/\\\/lamarinabj.com\\\/index.php\\\/2025\\\/11\\\/22\\\/benin-la-cour-supreme-recadre-les-commentaires-tendancieux-autour-de-laudience-du-parti-les-democrates\\\/\"},\"wordCount\":680,\"commentCount\":0,\"image\":{\"@id\":\"https:\\\/\\\/lamarinabj.com\\\/index.php\\\/2025\\\/11\\\/22\\\/benin-la-cour-supreme-recadre-les-commentaires-tendancieux-autour-de-laudience-du-parti-les-democrates\\\/#primaryimage\"},\"thumbnailUrl\":\"https:\\\/\\\/lamarinabj.com\\\/wp-content\\\/uploads\\\/2025\\\/11\\\/20251122_081627_0000.jpg\",\"keywords\":[\"B\u00e9nin\",\"Cour supr\u00eame\",\"Les D\u00e9mocrates\"],\"articleSection\":[\"L'\u00c9V\u00c9NEMENT\"],\"inLanguage\":\"fr-FR\",\"potentialAction\":[{\"@type\":\"CommentAction\",\"name\":\"Comment\",\"target\":[\"https:\\\/\\\/lamarinabj.com\\\/index.php\\\/2025\\\/11\\\/22\\\/benin-la-cour-supreme-recadre-les-commentaires-tendancieux-autour-de-laudience-du-parti-les-democrates\\\/#respond\"]}]},{\"@type\":[\"WebPage\",\"SearchResultsPage\"],\"@id\":\"https:\\\/\\\/lamarinabj.com\\\/index.php\\\/2025\\\/11\\\/22\\\/benin-la-cour-supreme-recadre-les-commentaires-tendancieux-autour-de-laudience-du-parti-les-democrates\\\/\",\"url\":\"https:\\\/\\\/lamarinabj.com\\\/index.php\\\/2025\\\/11\\\/22\\\/benin-la-cour-supreme-recadre-les-commentaires-tendancieux-autour-de-laudience-du-parti-les-democrates\\\/\",\"name\":\"B\u00e9nin : La Cour Supr\u00eame recadre les \u00ab commentaires tendancieux \u00bb autour de l\u2019audience du parti Les D\u00e9mocrates - LA MARINA BJ\",\"isPartOf\":{\"@id\":\"https:\\\/\\\/lamarinabj.com\\\/#website\"},\"primaryImageOfPage\":{\"@id\":\"https:\\\/\\\/lamarinabj.com\\\/index.php\\\/2025\\\/11\\\/22\\\/benin-la-cour-supreme-recadre-les-commentaires-tendancieux-autour-de-laudience-du-parti-les-democrates\\\/#primaryimage\"},\"image\":{\"@id\":\"https:\\\/\\\/lamarinabj.com\\\/index.php\\\/2025\\\/11\\\/22\\\/benin-la-cour-supreme-recadre-les-commentaires-tendancieux-autour-de-laudience-du-parti-les-democrates\\\/#primaryimage\"},\"thumbnailUrl\":\"https:\\\/\\\/lamarinabj.com\\\/wp-content\\\/uploads\\\/2025\\\/11\\\/20251122_081627_0000.jpg\",\"datePublished\":\"2025-11-22T07:18:07+00:00\",\"dateModified\":\"2025-11-22T07:24:11+00:00\",\"author\":{\"@id\":\"https:\\\/\\\/lamarinabj.com\\\/#\\\/schema\\\/person\\\/89dc3df245cc348449b2502e2d5c016b\"},\"description\":\"L\u2019audience \u00e9lectorale tenue le 14 novembre 2025 devant la Cour supr\u00eame, \u00e0 laquelle a notamment pris part Alassane Tigri, 4\u1d49 vice-pr\u00e9sident du parti Les D\u00e9mocrates, continue de susciter un vif d\u00e9bat sur les r\u00e9seaux sociaux. Entre accusations de partialit\u00e9 et critiques sur la tenue des \u00e9changes, de nombreuses informations approximatives ont circul\u00e9 en ligne. Face \u00e0 ces d\u00e9rives, le Cabinet du Pr\u00e9sident de la Cour supr\u00eame a publi\u00e9 un communiqu\u00e9 pour clarifier les circonstances de la s\u00e9ance et r\u00e9tablir les faits.\",\"breadcrumb\":{\"@id\":\"https:\\\/\\\/lamarinabj.com\\\/index.php\\\/2025\\\/11\\\/22\\\/benin-la-cour-supreme-recadre-les-commentaires-tendancieux-autour-de-laudience-du-parti-les-democrates\\\/#breadcrumb\"},\"inLanguage\":\"fr-FR\",\"potentialAction\":[{\"@type\":\"ReadAction\",\"target\":[\"https:\\\/\\\/lamarinabj.com\\\/index.php\\\/2025\\\/11\\\/22\\\/benin-la-cour-supreme-recadre-les-commentaires-tendancieux-autour-de-laudience-du-parti-les-democrates\\\/\"]}]},{\"@type\":\"ImageObject\",\"inLanguage\":\"fr-FR\",\"@id\":\"https:\\\/\\\/lamarinabj.com\\\/index.php\\\/2025\\\/11\\\/22\\\/benin-la-cour-supreme-recadre-les-commentaires-tendancieux-autour-de-laudience-du-parti-les-democrates\\\/#primaryimage\",\"url\":\"https:\\\/\\\/lamarinabj.com\\\/wp-content\\\/uploads\\\/2025\\\/11\\\/20251122_081627_0000.jpg\",\"contentUrl\":\"https:\\\/\\\/lamarinabj.com\\\/wp-content\\\/uploads\\\/2025\\\/11\\\/20251122_081627_0000.jpg\",\"width\":1280,\"height\":857},{\"@type\":\"BreadcrumbList\",\"@id\":\"https:\\\/\\\/lamarinabj.com\\\/index.php\\\/2025\\\/11\\\/22\\\/benin-la-cour-supreme-recadre-les-commentaires-tendancieux-autour-de-laudience-du-parti-les-democrates\\\/#breadcrumb\",\"itemListElement\":[{\"@type\":\"ListItem\",\"position\":1,\"name\":\"Accueil\",\"item\":\"https:\\\/\\\/lamarinabj.com\\\/\"},{\"@type\":\"ListItem\",\"position\":2,\"name\":\"B\u00e9nin : La Cour Supr\u00eame recadre les \u00ab commentaires tendancieux \u00bb autour de l\u2019audience du parti Les D\u00e9mocrates\"}]},{\"@type\":\"WebSite\",\"@id\":\"https:\\\/\\\/lamarinabj.com\\\/#website\",\"url\":\"https:\\\/\\\/lamarinabj.com\\\/\",\"name\":\"LA MARINA BJ\",\"description\":\"Votre portail vers l&#039;information strat\u00e9gique au B\u00e9nin, en Afrique et au-del\u00e0\",\"potentialAction\":[{\"@type\":\"SearchAction\",\"target\":{\"@type\":\"EntryPoint\",\"urlTemplate\":\"https:\\\/\\\/lamarinabj.com\\\/?s={search_term_string}\"},\"query-input\":{\"@type\":\"PropertyValueSpecification\",\"valueRequired\":true,\"valueName\":\"search_term_string\"}}],\"inLanguage\":\"fr-FR\"},{\"@type\":\"Person\",\"@id\":\"https:\\\/\\\/lamarinabj.com\\\/#\\\/schema\\\/person\\\/89dc3df245cc348449b2502e2d5c016b\",\"name\":\"La Marina Bj\",\"image\":{\"@type\":\"ImageObject\",\"inLanguage\":\"fr-FR\",\"@id\":\"https:\\\/\\\/secure.gravatar.com\\\/avatar\\\/6ef884b7fb1dab6e8672f19e68299568fe069dc761d88506e39bee8464c70e4a?s=96&d=mm&r=g\",\"url\":\"https:\\\/\\\/secure.gravatar.com\\\/avatar\\\/6ef884b7fb1dab6e8672f19e68299568fe069dc761d88506e39bee8464c70e4a?s=96&d=mm&r=g\",\"contentUrl\":\"https:\\\/\\\/secure.gravatar.com\\\/avatar\\\/6ef884b7fb1dab6e8672f19e68299568fe069dc761d88506e39bee8464c70e4a?s=96&d=mm&r=g\",\"caption\":\"La Marina Bj\"},\"url\":\"https:\\\/\\\/lamarinabj.com\\\/index.php\\\/author\\\/la-marina-bj\\\/\"}]}<\/script>\n<!-- \/ Yoast SEO plugin. -->","yoast_head_json":{"title":"B\u00e9nin : La Cour Supr\u00eame recadre les \u00ab commentaires tendancieux \u00bb autour de l\u2019audience du parti Les D\u00e9mocrates - LA MARINA BJ","description":"L\u2019audience \u00e9lectorale tenue le 14 novembre 2025 devant la Cour supr\u00eame, \u00e0 laquelle a notamment pris part Alassane Tigri, 4\u1d49 vice-pr\u00e9sident du parti Les D\u00e9mocrates, continue de susciter un vif d\u00e9bat sur les r\u00e9seaux sociaux. Entre accusations de partialit\u00e9 et critiques sur la tenue des \u00e9changes, de nombreuses informations approximatives ont circul\u00e9 en ligne. Face \u00e0 ces d\u00e9rives, le Cabinet du Pr\u00e9sident de la Cour supr\u00eame a publi\u00e9 un communiqu\u00e9 pour clarifier les circonstances de la s\u00e9ance et r\u00e9tablir les faits.","robots":{"index":"index","follow":"follow","max-snippet":"max-snippet:-1","max-image-preview":"max-image-preview:large","max-video-preview":"max-video-preview:-1"},"canonical":"https:\/\/lamarinabj.com\/index.php\/2025\/11\/22\/benin-la-cour-supreme-recadre-les-commentaires-tendancieux-autour-de-laudience-du-parti-les-democrates\/","og_locale":"fr_FR","og_type":"article","og_title":"B\u00e9nin : La Cour Supr\u00eame recadre les \u00ab commentaires tendancieux \u00bb autour de l\u2019audience du parti Les D\u00e9mocrates - LA MARINA BJ","og_description":"L\u2019audience \u00e9lectorale tenue le 14 novembre 2025 devant la Cour supr\u00eame, \u00e0 laquelle a notamment pris part Alassane Tigri, 4\u1d49 vice-pr\u00e9sident du parti Les D\u00e9mocrates, continue de susciter un vif d\u00e9bat sur les r\u00e9seaux sociaux. Entre accusations de partialit\u00e9 et critiques sur la tenue des \u00e9changes, de nombreuses informations approximatives ont circul\u00e9 en ligne. Face \u00e0 ces d\u00e9rives, le Cabinet du Pr\u00e9sident de la Cour supr\u00eame a publi\u00e9 un communiqu\u00e9 pour clarifier les circonstances de la s\u00e9ance et r\u00e9tablir les faits.","og_url":"https:\/\/lamarinabj.com\/index.php\/2025\/11\/22\/benin-la-cour-supreme-recadre-les-commentaires-tendancieux-autour-de-laudience-du-parti-les-democrates\/","og_site_name":"LA MARINA BJ","article_published_time":"2025-11-22T07:18:07+00:00","article_modified_time":"2025-11-22T07:24:11+00:00","og_image":[{"width":1280,"height":857,"url":"https:\/\/lamarinabj.com\/wp-content\/uploads\/2025\/11\/20251122_081627_0000.jpg","type":"image\/jpeg"}],"author":"La Marina Bj","twitter_card":"summary_large_image","twitter_misc":{"\u00c9crit par":"La Marina Bj","Dur\u00e9e de lecture estim\u00e9e":"4 minutes"},"schema":{"@context":"https:\/\/schema.org","@graph":[{"@type":"NewsArticle","@id":"https:\/\/lamarinabj.com\/index.php\/2025\/11\/22\/benin-la-cour-supreme-recadre-les-commentaires-tendancieux-autour-de-laudience-du-parti-les-democrates\/#article","isPartOf":{"@id":"https:\/\/lamarinabj.com\/index.php\/2025\/11\/22\/benin-la-cour-supreme-recadre-les-commentaires-tendancieux-autour-de-laudience-du-parti-les-democrates\/"},"author":{"name":"La Marina Bj","@id":"https:\/\/lamarinabj.com\/#\/schema\/person\/89dc3df245cc348449b2502e2d5c016b"},"headline":"B\u00e9nin : La Cour Supr\u00eame recadre les \u00ab commentaires tendancieux \u00bb autour de l\u2019audience du parti Les D\u00e9mocrates","datePublished":"2025-11-22T07:18:07+00:00","dateModified":"2025-11-22T07:24:11+00:00","mainEntityOfPage":{"@id":"https:\/\/lamarinabj.com\/index.php\/2025\/11\/22\/benin-la-cour-supreme-recadre-les-commentaires-tendancieux-autour-de-laudience-du-parti-les-democrates\/"},"wordCount":680,"commentCount":0,"image":{"@id":"https:\/\/lamarinabj.com\/index.php\/2025\/11\/22\/benin-la-cour-supreme-recadre-les-commentaires-tendancieux-autour-de-laudience-du-parti-les-democrates\/#primaryimage"},"thumbnailUrl":"https:\/\/lamarinabj.com\/wp-content\/uploads\/2025\/11\/20251122_081627_0000.jpg","keywords":["B\u00e9nin","Cour supr\u00eame","Les D\u00e9mocrates"],"articleSection":["L'\u00c9V\u00c9NEMENT"],"inLanguage":"fr-FR","potentialAction":[{"@type":"CommentAction","name":"Comment","target":["https:\/\/lamarinabj.com\/index.php\/2025\/11\/22\/benin-la-cour-supreme-recadre-les-commentaires-tendancieux-autour-de-laudience-du-parti-les-democrates\/#respond"]}]},{"@type":["WebPage","SearchResultsPage"],"@id":"https:\/\/lamarinabj.com\/index.php\/2025\/11\/22\/benin-la-cour-supreme-recadre-les-commentaires-tendancieux-autour-de-laudience-du-parti-les-democrates\/","url":"https:\/\/lamarinabj.com\/index.php\/2025\/11\/22\/benin-la-cour-supreme-recadre-les-commentaires-tendancieux-autour-de-laudience-du-parti-les-democrates\/","name":"B\u00e9nin : La Cour Supr\u00eame recadre les \u00ab commentaires tendancieux \u00bb autour de l\u2019audience du parti Les D\u00e9mocrates - LA MARINA BJ","isPartOf":{"@id":"https:\/\/lamarinabj.com\/#website"},"primaryImageOfPage":{"@id":"https:\/\/lamarinabj.com\/index.php\/2025\/11\/22\/benin-la-cour-supreme-recadre-les-commentaires-tendancieux-autour-de-laudience-du-parti-les-democrates\/#primaryimage"},"image":{"@id":"https:\/\/lamarinabj.com\/index.php\/2025\/11\/22\/benin-la-cour-supreme-recadre-les-commentaires-tendancieux-autour-de-laudience-du-parti-les-democrates\/#primaryimage"},"thumbnailUrl":"https:\/\/lamarinabj.com\/wp-content\/uploads\/2025\/11\/20251122_081627_0000.jpg","datePublished":"2025-11-22T07:18:07+00:00","dateModified":"2025-11-22T07:24:11+00:00","author":{"@id":"https:\/\/lamarinabj.com\/#\/schema\/person\/89dc3df245cc348449b2502e2d5c016b"},"description":"L\u2019audience \u00e9lectorale tenue le 14 novembre 2025 devant la Cour supr\u00eame, \u00e0 laquelle a notamment pris part Alassane Tigri, 4\u1d49 vice-pr\u00e9sident du parti Les D\u00e9mocrates, continue de susciter un vif d\u00e9bat sur les r\u00e9seaux sociaux. Entre accusations de partialit\u00e9 et critiques sur la tenue des \u00e9changes, de nombreuses informations approximatives ont circul\u00e9 en ligne. Face \u00e0 ces d\u00e9rives, le Cabinet du Pr\u00e9sident de la Cour supr\u00eame a publi\u00e9 un communiqu\u00e9 pour clarifier les circonstances de la s\u00e9ance et r\u00e9tablir les faits.","breadcrumb":{"@id":"https:\/\/lamarinabj.com\/index.php\/2025\/11\/22\/benin-la-cour-supreme-recadre-les-commentaires-tendancieux-autour-de-laudience-du-parti-les-democrates\/#breadcrumb"},"inLanguage":"fr-FR","potentialAction":[{"@type":"ReadAction","target":["https:\/\/lamarinabj.com\/index.php\/2025\/11\/22\/benin-la-cour-supreme-recadre-les-commentaires-tendancieux-autour-de-laudience-du-parti-les-democrates\/"]}]},{"@type":"ImageObject","inLanguage":"fr-FR","@id":"https:\/\/lamarinabj.com\/index.php\/2025\/11\/22\/benin-la-cour-supreme-recadre-les-commentaires-tendancieux-autour-de-laudience-du-parti-les-democrates\/#primaryimage","url":"https:\/\/lamarinabj.com\/wp-content\/uploads\/2025\/11\/20251122_081627_0000.jpg","contentUrl":"https:\/\/lamarinabj.com\/wp-content\/uploads\/2025\/11\/20251122_081627_0000.jpg","width":1280,"height":857},{"@type":"BreadcrumbList","@id":"https:\/\/lamarinabj.com\/index.php\/2025\/11\/22\/benin-la-cour-supreme-recadre-les-commentaires-tendancieux-autour-de-laudience-du-parti-les-democrates\/#breadcrumb","itemListElement":[{"@type":"ListItem","position":1,"name":"Accueil","item":"https:\/\/lamarinabj.com\/"},{"@type":"ListItem","position":2,"name":"B\u00e9nin : La Cour Supr\u00eame recadre les \u00ab commentaires tendancieux \u00bb autour de l\u2019audience du parti Les D\u00e9mocrates"}]},{"@type":"WebSite","@id":"https:\/\/lamarinabj.com\/#website","url":"https:\/\/lamarinabj.com\/","name":"LA MARINA BJ","description":"Votre portail vers l&#039;information strat\u00e9gique au B\u00e9nin, en Afrique et au-del\u00e0","potentialAction":[{"@type":"SearchAction","target":{"@type":"EntryPoint","urlTemplate":"https:\/\/lamarinabj.com\/?s={search_term_string}"},"query-input":{"@type":"PropertyValueSpecification","valueRequired":true,"valueName":"search_term_string"}}],"inLanguage":"fr-FR"},{"@type":"Person","@id":"https:\/\/lamarinabj.com\/#\/schema\/person\/89dc3df245cc348449b2502e2d5c016b","name":"La Marina Bj","image":{"@type":"ImageObject","inLanguage":"fr-FR","@id":"https:\/\/secure.gravatar.com\/avatar\/6ef884b7fb1dab6e8672f19e68299568fe069dc761d88506e39bee8464c70e4a?s=96&d=mm&r=g","url":"https:\/\/secure.gravatar.com\/avatar\/6ef884b7fb1dab6e8672f19e68299568fe069dc761d88506e39bee8464c70e4a?s=96&d=mm&r=g","contentUrl":"https:\/\/secure.gravatar.com\/avatar\/6ef884b7fb1dab6e8672f19e68299568fe069dc761d88506e39bee8464c70e4a?s=96&d=mm&r=g","caption":"La Marina Bj"},"url":"https:\/\/lamarinabj.com\/index.php\/author\/la-marina-bj\/"}]}},"_links":{"self":[{"href":"https:\/\/lamarinabj.com\/index.php\/wp-json\/wp\/v2\/posts\/12806","targetHints":{"allow":["GET"]}}],"collection":[{"href":"https:\/\/lamarinabj.com\/index.php\/wp-json\/wp\/v2\/posts"}],"about":[{"href":"https:\/\/lamarinabj.com\/index.php\/wp-json\/wp\/v2\/types\/post"}],"author":[{"embeddable":true,"href":"https:\/\/lamarinabj.com\/index.php\/wp-json\/wp\/v2\/users\/7"}],"replies":[{"embeddable":true,"href":"https:\/\/lamarinabj.com\/index.php\/wp-json\/wp\/v2\/comments?post=12806"}],"version-history":[{"count":3,"href":"https:\/\/lamarinabj.com\/index.php\/wp-json\/wp\/v2\/posts\/12806\/revisions"}],"predecessor-version":[{"id":12811,"href":"https:\/\/lamarinabj.com\/index.php\/wp-json\/wp\/v2\/posts\/12806\/revisions\/12811"}],"wp:featuredmedia":[{"embeddable":true,"href":"https:\/\/lamarinabj.com\/index.php\/wp-json\/wp\/v2\/media\/12808"}],"wp:attachment":[{"href":"https:\/\/lamarinabj.com\/index.php\/wp-json\/wp\/v2\/media?parent=12806"}],"wp:term":[{"taxonomy":"category","embeddable":true,"href":"https:\/\/lamarinabj.com\/index.php\/wp-json\/wp\/v2\/categories?post=12806"},{"taxonomy":"post_tag","embeddable":true,"href":"https:\/\/lamarinabj.com\/index.php\/wp-json\/wp\/v2\/tags?post=12806"}],"curies":[{"name":"wp","href":"https:\/\/api.w.org\/{rel}","templated":true}]}}