{"id":12932,"date":"2025-12-01T15:33:00","date_gmt":"2025-12-01T14:33:00","guid":{"rendered":"https:\/\/lamarinabj.com\/?p=12932"},"modified":"2025-12-01T14:14:30","modified_gmt":"2025-12-01T13:14:30","slug":"cession-de-bail-et-dettes-locatives-au-benin-ce-que-la-justice-accorde-et-refuse-aux-nouveaux-proprietaires","status":"publish","type":"post","link":"https:\/\/lamarinabj.com\/index.php\/2025\/12\/01\/cession-de-bail-et-dettes-locatives-au-benin-ce-que-la-justice-accorde-et-refuse-aux-nouveaux-proprietaires\/","title":{"rendered":"Cession de bail et dettes locatives au B\u00e9nin : ce que la justice accorde (et refuse) aux nouveaux propri\u00e9taires"},"content":{"rendered":"\n<p><strong><mark style=\"background-color:rgba(0, 0, 0, 0)\" class=\"has-inline-color has-red-color\">Immobilier, La Marina BJ<\/mark><\/strong> &#8211; <strong><em>Dans un r\u00e9cent jugement rendu public, le Tribunal de commerce de Cotonou a marqu\u00e9 une fronti\u00e8re nette dans l\u2019application du droit locatif commercial b\u00e9ninois. L\u2019affaire opposant S. T. \u00e0 Moov Africa B\u00e9nin S. A. n\u2019\u00e9tait pas un simple contentieux de loyers impay\u00e9s, elle soulevait une question de fond, presque doctrinale. Une question dont la r\u00e9ponse int\u00e9resse banquiers, promoteurs immobiliers, op\u00e9rateurs \u00e9conomiques et gestionnaires d\u2019actifs : lorsqu\u2019un droit au bail change de main, les impay\u00e9s accumul\u00e9s par le locataire suivent-ils automatiquement le bien ou restent-ils attach\u00e9s \u00e0 l\u2019ancien propri\u00e9taire ? Le tribunal y r\u00e9pond sans la moindre ambigu\u00eft\u00e9.<\/em><\/strong><\/p>\n\n\n\n<p>Le feuilleton commence bien avant la confrontation judiciaire : un bail qui circule, des loyers qui s\u2019accumulent et s\u2019enlisent. D\u2019apr\u00e8s les faits expos\u00e9s au proc\u00e8s, un local commercial \u00e0 Cotonou est initialement lou\u00e9 \u00e0 Moov Africa B\u00e9nin sous contrat avec une soci\u00e9t\u00e9 d\u00e9nomm\u00e9e World Link. Apr\u00e8s des difficult\u00e9s financi\u00e8res, ce droit au bail est adjug\u00e9 \u00e0 la Soci\u00e9t\u00e9 G\u00e9n\u00e9rale du B\u00e9nin. Rien d\u2019anormal, jusqu\u2019\u00e0 ce que la banque le c\u00e8de en septembre 2024 \u00e0 Mme S. T., qui devient alors la nouvelle bailleresse. \u00c0 son arriv\u00e9e, les comptes affichent d\u00e9j\u00e0 pr\u00e8s de 23,4 millions FCFA d\u2019impay\u00e9s correspondant \u00e0 deux ann\u00e9es de loyers dus par Moov Africa.<\/p>\n\n\n\n<p>Estimant que ce montant lui revient de plein droit, Mme S. T. engage une action en justice, r\u00e9clame l\u2019expulsion de Moov Africa B\u00e9nin et sollicite des dommages-int\u00e9r\u00eats. \u00c0 la barre, l\u2019op\u00e9rateur GSM reconna\u00eet un retard de paiement mais conteste frontalement la cr\u00e9ance r\u00e9clam\u00e9e : seuls les loyers post\u00e9rieurs au transfert, dit-il, peuvent relever de la nouvelle propri\u00e9taire. Le d\u00e9cor est pos\u00e9 : deux lectures du droit, deux logiques \u00e9conomiques, et un arbitrage d\u00e9terminant du juge.<\/p>\n\n\n\n<h2 id=\"succession-dobligations-mais-pas-succession-de-creances\" class=\"wp-block-heading\"><mark style=\"background-color:rgba(0, 0, 0, 0)\" class=\"has-inline-color has-red-color\">Succession d\u2019obligations, mais pas succession de cr\u00e9ances<\/mark><\/h2>\n\n\n\n<p>Le tribunal tranche avec une rigueur qui ne laisse place \u00e0 aucune interpr\u00e9tation extensive. Si le bail peut changer de titulaire, les arri\u00e9r\u00e9s de loyers demeurent la propri\u00e9t\u00e9 du bailleur pr\u00e9c\u00e9dent \u2014 sauf clause contractuelle contraire, inexistante dans le cas en esp\u00e8ce. Le Tribunal de commerce de Cotonou, sous la pr\u00e9sidence du juge Aim\u00e9 Mozart ElisHA, consid\u00e8re donc que la p\u00e9riode ant\u00e9rieure \u00e0 la cession (oct. 2022 \u2013 sept. 2024) ne peut \u00eatre revendiqu\u00e9e par la nouvelle propri\u00e9taire.<\/p>\n\n\n\n<p>Sur la p\u00e9riode suivant la cession, Moov Africa prouve avoir r\u00e9gl\u00e9 plus de 6,3 millions FCFA, paiement jug\u00e9 lib\u00e9ratoire. R\u00e9sultat : aucune expulsion, aucune r\u00e9siliation, aucun dommage-int\u00e9r\u00eat. La proc\u00e9dure engag\u00e9e par la nouvelle bailleresse s\u2019effondre juridiquement, et elle est condamn\u00e9e aux d\u00e9pens.<\/p>\n\n\n\n<h2 id=\"lacquereur-nherite-pas-du-passe\" class=\"wp-block-heading\"><mark style=\"background-color:rgba(0, 0, 0, 0)\" class=\"has-inline-color has-red-color\">L\u2019acqu\u00e9reur n\u2019h\u00e9rite pas du pass\u00e9<\/mark><\/h2>\n\n\n\n<p>Cette d\u00e9cision porte une le\u00e7on majeure pour les investisseurs engag\u00e9s dans l\u2019acquisition de baux commerciaux. Une cr\u00e9ance locative n\u2019est pas automatiquement transmise avec le bail : l\u2019on peut devenir propri\u00e9taire des droits sans r\u00e9cup\u00e9rer les dettes locatives associ\u00e9es. Les arri\u00e9r\u00e9s ne se transf\u00e8rent pas plus que les murs ne suivent le locataire. La justice b\u00e9ninoise, sauf d\u00e9cision contraire en appel, rappelle ainsi que la transmission d\u2019un bail ne vaut continuit\u00e9 que pour l\u2019avenir, jamais r\u00e9troactivement sur les dettes d\u00e9j\u00e0 constitu\u00e9es.<\/p>\n\n\n\n<p>Comme l\u2019explique l\u2019un de nos sp\u00e9cialistes \u00e0 la r\u00e9daction, gestionnaire locatif \u00e0 B\u00e9nin Immo Connect \u00ab Si la nouvelle propri\u00e9taire avait n\u00e9goci\u00e9 et inclus une clause de reprise des cr\u00e9ances dans l\u2019acte de cession, elle aurait pu l\u00e9gitimement les r\u00e9clamer et peut-\u00eatre obtenir gain de cause. \u00bb<\/p>\n\n\n\n<p>Pour les acteurs du march\u00e9, le message est que, acqu\u00e9rir un bail ne permet pas de r\u00e9clamer des loyers ant\u00e9rieurs. Et pour esp\u00e9rer recouvrer un passif ancien, il faudra n\u00e9gocier directement avec l\u2019ancien bailleur ou int\u00e9grer explicitement la cr\u00e9ance dans la cession \u2014 faute de quoi, l\u2019histoire financi\u00e8re reste l\u00e0 o\u00f9 elle a d\u00e9but\u00e9.<\/p>\n","protected":false},"excerpt":{"rendered":"Immobilier, La Marina BJ &#8211; Dans un r\u00e9cent jugement rendu public, le Tribunal de commerce de Cotonou a&hellip;\n","protected":false},"author":4,"featured_media":12735,"comment_status":"open","ping_status":"open","sticky":false,"template":"elementor_theme","format":"standard","meta":{"csco_singular_sidebar":"","csco_page_header_type":"standard","csco_appearance_masonry":"","csco_page_load_nextpost":"","csco_post_video_location":[],"csco_post_video_location_hash":"","csco_post_video_url":"","csco_post_video_bg_start_time":0,"csco_post_video_bg_end_time":0,"footnotes":""},"categories":[110,191],"tags":[1311,548],"class_list":{"0":"post-12932","1":"post","2":"type-post","3":"status-publish","4":"format-standard","5":"has-post-thumbnail","7":"category-business","8":"category-en-savoir-plus-2","9":"tag-immobilier","10":"tag-tribunal-de-commerce-de-cotonou","11":"cs-entry","12":"cs-video-wrap"},"yoast_head":"<!-- This site is optimized with the Yoast SEO plugin v27.4 - https:\/\/yoast.com\/product\/yoast-seo-wordpress\/ -->\n<title>Cession de bail et dettes locatives au B\u00e9nin : ce que la justice accorde (et refuse) aux nouveaux propri\u00e9taires - LA MARINA BJ<\/title>\n<meta name=\"description\" content=\"Une question dont la r\u00e9ponse int\u00e9resse banquiers, promoteurs immobiliers, op\u00e9rateurs \u00e9conomiques et gestionnaires d\u2019actifs : lorsqu\u2019un droit au bail change de main, les impay\u00e9s accumul\u00e9s par le locataire suivent-ils automatiquement le bien ou restent-ils attach\u00e9s \u00e0 l\u2019ancien propri\u00e9taire ? Le tribunal y r\u00e9pond sans la moindre ambigu\u00eft\u00e9.\" \/>\n<meta name=\"robots\" content=\"index, follow, max-snippet:-1, max-image-preview:large, max-video-preview:-1\" \/>\n<link rel=\"canonical\" href=\"https:\/\/lamarinabj.com\/index.php\/2025\/12\/01\/cession-de-bail-et-dettes-locatives-au-benin-ce-que-la-justice-accorde-et-refuse-aux-nouveaux-proprietaires\/\" \/>\n<meta property=\"og:locale\" content=\"fr_FR\" \/>\n<meta property=\"og:type\" content=\"article\" \/>\n<meta property=\"og:title\" content=\"Cession de bail et dettes locatives au B\u00e9nin : ce que la justice accorde (et refuse) aux nouveaux propri\u00e9taires - LA MARINA BJ\" \/>\n<meta property=\"og:description\" content=\"Une question dont la r\u00e9ponse int\u00e9resse banquiers, promoteurs immobiliers, op\u00e9rateurs \u00e9conomiques et gestionnaires d\u2019actifs : lorsqu\u2019un droit au bail change de main, les impay\u00e9s accumul\u00e9s par le locataire suivent-ils automatiquement le bien ou restent-ils attach\u00e9s \u00e0 l\u2019ancien propri\u00e9taire ? Le tribunal y r\u00e9pond sans la moindre ambigu\u00eft\u00e9.\" \/>\n<meta property=\"og:url\" content=\"https:\/\/lamarinabj.com\/index.php\/2025\/12\/01\/cession-de-bail-et-dettes-locatives-au-benin-ce-que-la-justice-accorde-et-refuse-aux-nouveaux-proprietaires\/\" \/>\n<meta property=\"og:site_name\" content=\"LA MARINA BJ\" \/>\n<meta property=\"article:published_time\" content=\"2025-12-01T14:33:00+00:00\" \/>\n<meta property=\"og:image\" content=\"https:\/\/lamarinabj.com\/wp-content\/uploads\/2025\/11\/LA-MARINA-RUBRIQUES-19-11-1.jpg\" \/>\n\t<meta property=\"og:image:width\" content=\"1200\" \/>\n\t<meta property=\"og:image:height\" content=\"630\" \/>\n\t<meta property=\"og:image:type\" content=\"image\/jpeg\" \/>\n<meta name=\"author\" content=\"La Marina BJ - Team Affaires Judiciaires\" \/>\n<meta name=\"twitter:card\" content=\"summary_large_image\" \/>\n<meta name=\"twitter:label1\" content=\"\u00c9crit par\" \/>\n\t<meta name=\"twitter:data1\" content=\"La Marina BJ - Team Affaires Judiciaires\" \/>\n\t<meta name=\"twitter:label2\" content=\"Dur\u00e9e de lecture estim\u00e9e\" \/>\n\t<meta name=\"twitter:data2\" content=\"4 minutes\" \/>\n<script type=\"application\/ld+json\" class=\"yoast-schema-graph\">{\"@context\":\"https:\\\/\\\/schema.org\",\"@graph\":[{\"@type\":\"NewsArticle\",\"@id\":\"https:\\\/\\\/lamarinabj.com\\\/index.php\\\/2025\\\/12\\\/01\\\/cession-de-bail-et-dettes-locatives-au-benin-ce-que-la-justice-accorde-et-refuse-aux-nouveaux-proprietaires\\\/#article\",\"isPartOf\":{\"@id\":\"https:\\\/\\\/lamarinabj.com\\\/index.php\\\/2025\\\/12\\\/01\\\/cession-de-bail-et-dettes-locatives-au-benin-ce-que-la-justice-accorde-et-refuse-aux-nouveaux-proprietaires\\\/\"},\"author\":{\"name\":\"La Marina BJ - Team Affaires Judiciaires\",\"@id\":\"https:\\\/\\\/lamarinabj.com\\\/#\\\/schema\\\/person\\\/e64c6145b3fb25d98218ef3bafce37de\"},\"headline\":\"Cession de bail et dettes locatives au B\u00e9nin : ce que la justice accorde (et refuse) aux nouveaux propri\u00e9taires\",\"datePublished\":\"2025-12-01T14:33:00+00:00\",\"mainEntityOfPage\":{\"@id\":\"https:\\\/\\\/lamarinabj.com\\\/index.php\\\/2025\\\/12\\\/01\\\/cession-de-bail-et-dettes-locatives-au-benin-ce-que-la-justice-accorde-et-refuse-aux-nouveaux-proprietaires\\\/\"},\"wordCount\":721,\"commentCount\":0,\"image\":{\"@id\":\"https:\\\/\\\/lamarinabj.com\\\/index.php\\\/2025\\\/12\\\/01\\\/cession-de-bail-et-dettes-locatives-au-benin-ce-que-la-justice-accorde-et-refuse-aux-nouveaux-proprietaires\\\/#primaryimage\"},\"thumbnailUrl\":\"https:\\\/\\\/lamarinabj.com\\\/wp-content\\\/uploads\\\/2025\\\/11\\\/LA-MARINA-RUBRIQUES-19-11-1.jpg\",\"keywords\":[\"Immobilier\",\"Tribunal de commerce de Cotonou\"],\"articleSection\":[\"BUSINESS\",\"EN SAVOIR PLUS\"],\"inLanguage\":\"fr-FR\",\"potentialAction\":[{\"@type\":\"CommentAction\",\"name\":\"Comment\",\"target\":[\"https:\\\/\\\/lamarinabj.com\\\/index.php\\\/2025\\\/12\\\/01\\\/cession-de-bail-et-dettes-locatives-au-benin-ce-que-la-justice-accorde-et-refuse-aux-nouveaux-proprietaires\\\/#respond\"]}]},{\"@type\":[\"WebPage\",\"SearchResultsPage\"],\"@id\":\"https:\\\/\\\/lamarinabj.com\\\/index.php\\\/2025\\\/12\\\/01\\\/cession-de-bail-et-dettes-locatives-au-benin-ce-que-la-justice-accorde-et-refuse-aux-nouveaux-proprietaires\\\/\",\"url\":\"https:\\\/\\\/lamarinabj.com\\\/index.php\\\/2025\\\/12\\\/01\\\/cession-de-bail-et-dettes-locatives-au-benin-ce-que-la-justice-accorde-et-refuse-aux-nouveaux-proprietaires\\\/\",\"name\":\"Cession de bail et dettes locatives au B\u00e9nin : ce que la justice accorde (et refuse) aux nouveaux propri\u00e9taires - LA MARINA BJ\",\"isPartOf\":{\"@id\":\"https:\\\/\\\/lamarinabj.com\\\/#website\"},\"primaryImageOfPage\":{\"@id\":\"https:\\\/\\\/lamarinabj.com\\\/index.php\\\/2025\\\/12\\\/01\\\/cession-de-bail-et-dettes-locatives-au-benin-ce-que-la-justice-accorde-et-refuse-aux-nouveaux-proprietaires\\\/#primaryimage\"},\"image\":{\"@id\":\"https:\\\/\\\/lamarinabj.com\\\/index.php\\\/2025\\\/12\\\/01\\\/cession-de-bail-et-dettes-locatives-au-benin-ce-que-la-justice-accorde-et-refuse-aux-nouveaux-proprietaires\\\/#primaryimage\"},\"thumbnailUrl\":\"https:\\\/\\\/lamarinabj.com\\\/wp-content\\\/uploads\\\/2025\\\/11\\\/LA-MARINA-RUBRIQUES-19-11-1.jpg\",\"datePublished\":\"2025-12-01T14:33:00+00:00\",\"author\":{\"@id\":\"https:\\\/\\\/lamarinabj.com\\\/#\\\/schema\\\/person\\\/e64c6145b3fb25d98218ef3bafce37de\"},\"description\":\"Une question dont la r\u00e9ponse int\u00e9resse banquiers, promoteurs immobiliers, op\u00e9rateurs \u00e9conomiques et gestionnaires d\u2019actifs : lorsqu\u2019un droit au bail change de main, les impay\u00e9s accumul\u00e9s par le locataire suivent-ils automatiquement le bien ou restent-ils attach\u00e9s \u00e0 l\u2019ancien propri\u00e9taire ? Le tribunal y r\u00e9pond sans la moindre ambigu\u00eft\u00e9.\",\"breadcrumb\":{\"@id\":\"https:\\\/\\\/lamarinabj.com\\\/index.php\\\/2025\\\/12\\\/01\\\/cession-de-bail-et-dettes-locatives-au-benin-ce-que-la-justice-accorde-et-refuse-aux-nouveaux-proprietaires\\\/#breadcrumb\"},\"inLanguage\":\"fr-FR\",\"potentialAction\":[{\"@type\":\"ReadAction\",\"target\":[\"https:\\\/\\\/lamarinabj.com\\\/index.php\\\/2025\\\/12\\\/01\\\/cession-de-bail-et-dettes-locatives-au-benin-ce-que-la-justice-accorde-et-refuse-aux-nouveaux-proprietaires\\\/\"]}]},{\"@type\":\"ImageObject\",\"inLanguage\":\"fr-FR\",\"@id\":\"https:\\\/\\\/lamarinabj.com\\\/index.php\\\/2025\\\/12\\\/01\\\/cession-de-bail-et-dettes-locatives-au-benin-ce-que-la-justice-accorde-et-refuse-aux-nouveaux-proprietaires\\\/#primaryimage\",\"url\":\"https:\\\/\\\/lamarinabj.com\\\/wp-content\\\/uploads\\\/2025\\\/11\\\/LA-MARINA-RUBRIQUES-19-11-1.jpg\",\"contentUrl\":\"https:\\\/\\\/lamarinabj.com\\\/wp-content\\\/uploads\\\/2025\\\/11\\\/LA-MARINA-RUBRIQUES-19-11-1.jpg\",\"width\":1200,\"height\":630},{\"@type\":\"BreadcrumbList\",\"@id\":\"https:\\\/\\\/lamarinabj.com\\\/index.php\\\/2025\\\/12\\\/01\\\/cession-de-bail-et-dettes-locatives-au-benin-ce-que-la-justice-accorde-et-refuse-aux-nouveaux-proprietaires\\\/#breadcrumb\",\"itemListElement\":[{\"@type\":\"ListItem\",\"position\":1,\"name\":\"Accueil\",\"item\":\"https:\\\/\\\/lamarinabj.com\\\/\"},{\"@type\":\"ListItem\",\"position\":2,\"name\":\"Cession de bail et dettes locatives au B\u00e9nin : ce que la justice accorde (et refuse) aux nouveaux propri\u00e9taires\"}]},{\"@type\":\"WebSite\",\"@id\":\"https:\\\/\\\/lamarinabj.com\\\/#website\",\"url\":\"https:\\\/\\\/lamarinabj.com\\\/\",\"name\":\"LA MARINA BJ\",\"description\":\"Votre portail vers l&#039;information strat\u00e9gique au B\u00e9nin, en Afrique et au-del\u00e0\",\"potentialAction\":[{\"@type\":\"SearchAction\",\"target\":{\"@type\":\"EntryPoint\",\"urlTemplate\":\"https:\\\/\\\/lamarinabj.com\\\/?s={search_term_string}\"},\"query-input\":{\"@type\":\"PropertyValueSpecification\",\"valueRequired\":true,\"valueName\":\"search_term_string\"}}],\"inLanguage\":\"fr-FR\"},{\"@type\":\"Person\",\"@id\":\"https:\\\/\\\/lamarinabj.com\\\/#\\\/schema\\\/person\\\/e64c6145b3fb25d98218ef3bafce37de\",\"name\":\"La Marina BJ - Team Affaires Judiciaires\",\"image\":{\"@type\":\"ImageObject\",\"inLanguage\":\"fr-FR\",\"@id\":\"https:\\\/\\\/secure.gravatar.com\\\/avatar\\\/dcd47faa85727203c51c1a84009b684b305ba179e4848c26009abb855df90961?s=96&d=mm&r=g\",\"url\":\"https:\\\/\\\/secure.gravatar.com\\\/avatar\\\/dcd47faa85727203c51c1a84009b684b305ba179e4848c26009abb855df90961?s=96&d=mm&r=g\",\"contentUrl\":\"https:\\\/\\\/secure.gravatar.com\\\/avatar\\\/dcd47faa85727203c51c1a84009b684b305ba179e4848c26009abb855df90961?s=96&d=mm&r=g\",\"caption\":\"La Marina BJ - Team Affaires Judiciaires\"},\"description\":\"Au c\u0153ur de l\u2019actualit\u00e9 juridico-\u00e9conomique, la Team Justice &amp; Affaires judiciaires de La Marina BJ s'affirme comme un p\u00f4le de r\u00e9f\u00e9rence dans la couverture des proc\u00e9dures judiciaires, des contentieux commerciaux et des d\u00e9cisions de justice \u00e0 fort impact strat\u00e9gique.\",\"url\":\"https:\\\/\\\/lamarinabj.com\\\/index.php\\\/author\\\/marc\\\/\"}]}<\/script>\n<!-- \/ Yoast SEO plugin. -->","yoast_head_json":{"title":"Cession de bail et dettes locatives au B\u00e9nin : ce que la justice accorde (et refuse) aux nouveaux propri\u00e9taires - LA MARINA BJ","description":"Une question dont la r\u00e9ponse int\u00e9resse banquiers, promoteurs immobiliers, op\u00e9rateurs \u00e9conomiques et gestionnaires d\u2019actifs : lorsqu\u2019un droit au bail change de main, les impay\u00e9s accumul\u00e9s par le locataire suivent-ils automatiquement le bien ou restent-ils attach\u00e9s \u00e0 l\u2019ancien propri\u00e9taire ? Le tribunal y r\u00e9pond sans la moindre ambigu\u00eft\u00e9.","robots":{"index":"index","follow":"follow","max-snippet":"max-snippet:-1","max-image-preview":"max-image-preview:large","max-video-preview":"max-video-preview:-1"},"canonical":"https:\/\/lamarinabj.com\/index.php\/2025\/12\/01\/cession-de-bail-et-dettes-locatives-au-benin-ce-que-la-justice-accorde-et-refuse-aux-nouveaux-proprietaires\/","og_locale":"fr_FR","og_type":"article","og_title":"Cession de bail et dettes locatives au B\u00e9nin : ce que la justice accorde (et refuse) aux nouveaux propri\u00e9taires - LA MARINA BJ","og_description":"Une question dont la r\u00e9ponse int\u00e9resse banquiers, promoteurs immobiliers, op\u00e9rateurs \u00e9conomiques et gestionnaires d\u2019actifs : lorsqu\u2019un droit au bail change de main, les impay\u00e9s accumul\u00e9s par le locataire suivent-ils automatiquement le bien ou restent-ils attach\u00e9s \u00e0 l\u2019ancien propri\u00e9taire ? Le tribunal y r\u00e9pond sans la moindre ambigu\u00eft\u00e9.","og_url":"https:\/\/lamarinabj.com\/index.php\/2025\/12\/01\/cession-de-bail-et-dettes-locatives-au-benin-ce-que-la-justice-accorde-et-refuse-aux-nouveaux-proprietaires\/","og_site_name":"LA MARINA BJ","article_published_time":"2025-12-01T14:33:00+00:00","og_image":[{"width":1200,"height":630,"url":"https:\/\/lamarinabj.com\/wp-content\/uploads\/2025\/11\/LA-MARINA-RUBRIQUES-19-11-1.jpg","type":"image\/jpeg"}],"author":"La Marina BJ - Team Affaires Judiciaires","twitter_card":"summary_large_image","twitter_misc":{"\u00c9crit par":"La Marina BJ - Team Affaires Judiciaires","Dur\u00e9e de lecture estim\u00e9e":"4 minutes"},"schema":{"@context":"https:\/\/schema.org","@graph":[{"@type":"NewsArticle","@id":"https:\/\/lamarinabj.com\/index.php\/2025\/12\/01\/cession-de-bail-et-dettes-locatives-au-benin-ce-que-la-justice-accorde-et-refuse-aux-nouveaux-proprietaires\/#article","isPartOf":{"@id":"https:\/\/lamarinabj.com\/index.php\/2025\/12\/01\/cession-de-bail-et-dettes-locatives-au-benin-ce-que-la-justice-accorde-et-refuse-aux-nouveaux-proprietaires\/"},"author":{"name":"La Marina BJ - Team Affaires Judiciaires","@id":"https:\/\/lamarinabj.com\/#\/schema\/person\/e64c6145b3fb25d98218ef3bafce37de"},"headline":"Cession de bail et dettes locatives au B\u00e9nin : ce que la justice accorde (et refuse) aux nouveaux propri\u00e9taires","datePublished":"2025-12-01T14:33:00+00:00","mainEntityOfPage":{"@id":"https:\/\/lamarinabj.com\/index.php\/2025\/12\/01\/cession-de-bail-et-dettes-locatives-au-benin-ce-que-la-justice-accorde-et-refuse-aux-nouveaux-proprietaires\/"},"wordCount":721,"commentCount":0,"image":{"@id":"https:\/\/lamarinabj.com\/index.php\/2025\/12\/01\/cession-de-bail-et-dettes-locatives-au-benin-ce-que-la-justice-accorde-et-refuse-aux-nouveaux-proprietaires\/#primaryimage"},"thumbnailUrl":"https:\/\/lamarinabj.com\/wp-content\/uploads\/2025\/11\/LA-MARINA-RUBRIQUES-19-11-1.jpg","keywords":["Immobilier","Tribunal de commerce de Cotonou"],"articleSection":["BUSINESS","EN SAVOIR PLUS"],"inLanguage":"fr-FR","potentialAction":[{"@type":"CommentAction","name":"Comment","target":["https:\/\/lamarinabj.com\/index.php\/2025\/12\/01\/cession-de-bail-et-dettes-locatives-au-benin-ce-que-la-justice-accorde-et-refuse-aux-nouveaux-proprietaires\/#respond"]}]},{"@type":["WebPage","SearchResultsPage"],"@id":"https:\/\/lamarinabj.com\/index.php\/2025\/12\/01\/cession-de-bail-et-dettes-locatives-au-benin-ce-que-la-justice-accorde-et-refuse-aux-nouveaux-proprietaires\/","url":"https:\/\/lamarinabj.com\/index.php\/2025\/12\/01\/cession-de-bail-et-dettes-locatives-au-benin-ce-que-la-justice-accorde-et-refuse-aux-nouveaux-proprietaires\/","name":"Cession de bail et dettes locatives au B\u00e9nin : ce que la justice accorde (et refuse) aux nouveaux propri\u00e9taires - LA MARINA BJ","isPartOf":{"@id":"https:\/\/lamarinabj.com\/#website"},"primaryImageOfPage":{"@id":"https:\/\/lamarinabj.com\/index.php\/2025\/12\/01\/cession-de-bail-et-dettes-locatives-au-benin-ce-que-la-justice-accorde-et-refuse-aux-nouveaux-proprietaires\/#primaryimage"},"image":{"@id":"https:\/\/lamarinabj.com\/index.php\/2025\/12\/01\/cession-de-bail-et-dettes-locatives-au-benin-ce-que-la-justice-accorde-et-refuse-aux-nouveaux-proprietaires\/#primaryimage"},"thumbnailUrl":"https:\/\/lamarinabj.com\/wp-content\/uploads\/2025\/11\/LA-MARINA-RUBRIQUES-19-11-1.jpg","datePublished":"2025-12-01T14:33:00+00:00","author":{"@id":"https:\/\/lamarinabj.com\/#\/schema\/person\/e64c6145b3fb25d98218ef3bafce37de"},"description":"Une question dont la r\u00e9ponse int\u00e9resse banquiers, promoteurs immobiliers, op\u00e9rateurs \u00e9conomiques et gestionnaires d\u2019actifs : lorsqu\u2019un droit au bail change de main, les impay\u00e9s accumul\u00e9s par le locataire suivent-ils automatiquement le bien ou restent-ils attach\u00e9s \u00e0 l\u2019ancien propri\u00e9taire ? Le tribunal y r\u00e9pond sans la moindre ambigu\u00eft\u00e9.","breadcrumb":{"@id":"https:\/\/lamarinabj.com\/index.php\/2025\/12\/01\/cession-de-bail-et-dettes-locatives-au-benin-ce-que-la-justice-accorde-et-refuse-aux-nouveaux-proprietaires\/#breadcrumb"},"inLanguage":"fr-FR","potentialAction":[{"@type":"ReadAction","target":["https:\/\/lamarinabj.com\/index.php\/2025\/12\/01\/cession-de-bail-et-dettes-locatives-au-benin-ce-que-la-justice-accorde-et-refuse-aux-nouveaux-proprietaires\/"]}]},{"@type":"ImageObject","inLanguage":"fr-FR","@id":"https:\/\/lamarinabj.com\/index.php\/2025\/12\/01\/cession-de-bail-et-dettes-locatives-au-benin-ce-que-la-justice-accorde-et-refuse-aux-nouveaux-proprietaires\/#primaryimage","url":"https:\/\/lamarinabj.com\/wp-content\/uploads\/2025\/11\/LA-MARINA-RUBRIQUES-19-11-1.jpg","contentUrl":"https:\/\/lamarinabj.com\/wp-content\/uploads\/2025\/11\/LA-MARINA-RUBRIQUES-19-11-1.jpg","width":1200,"height":630},{"@type":"BreadcrumbList","@id":"https:\/\/lamarinabj.com\/index.php\/2025\/12\/01\/cession-de-bail-et-dettes-locatives-au-benin-ce-que-la-justice-accorde-et-refuse-aux-nouveaux-proprietaires\/#breadcrumb","itemListElement":[{"@type":"ListItem","position":1,"name":"Accueil","item":"https:\/\/lamarinabj.com\/"},{"@type":"ListItem","position":2,"name":"Cession de bail et dettes locatives au B\u00e9nin : ce que la justice accorde (et refuse) aux nouveaux propri\u00e9taires"}]},{"@type":"WebSite","@id":"https:\/\/lamarinabj.com\/#website","url":"https:\/\/lamarinabj.com\/","name":"LA MARINA BJ","description":"Votre portail vers l&#039;information strat\u00e9gique au B\u00e9nin, en Afrique et au-del\u00e0","potentialAction":[{"@type":"SearchAction","target":{"@type":"EntryPoint","urlTemplate":"https:\/\/lamarinabj.com\/?s={search_term_string}"},"query-input":{"@type":"PropertyValueSpecification","valueRequired":true,"valueName":"search_term_string"}}],"inLanguage":"fr-FR"},{"@type":"Person","@id":"https:\/\/lamarinabj.com\/#\/schema\/person\/e64c6145b3fb25d98218ef3bafce37de","name":"La Marina BJ - Team Affaires Judiciaires","image":{"@type":"ImageObject","inLanguage":"fr-FR","@id":"https:\/\/secure.gravatar.com\/avatar\/dcd47faa85727203c51c1a84009b684b305ba179e4848c26009abb855df90961?s=96&d=mm&r=g","url":"https:\/\/secure.gravatar.com\/avatar\/dcd47faa85727203c51c1a84009b684b305ba179e4848c26009abb855df90961?s=96&d=mm&r=g","contentUrl":"https:\/\/secure.gravatar.com\/avatar\/dcd47faa85727203c51c1a84009b684b305ba179e4848c26009abb855df90961?s=96&d=mm&r=g","caption":"La Marina BJ - Team Affaires Judiciaires"},"description":"Au c\u0153ur de l\u2019actualit\u00e9 juridico-\u00e9conomique, la Team Justice &amp; Affaires judiciaires de La Marina BJ s'affirme comme un p\u00f4le de r\u00e9f\u00e9rence dans la couverture des proc\u00e9dures judiciaires, des contentieux commerciaux et des d\u00e9cisions de justice \u00e0 fort impact strat\u00e9gique.","url":"https:\/\/lamarinabj.com\/index.php\/author\/marc\/"}]}},"_links":{"self":[{"href":"https:\/\/lamarinabj.com\/index.php\/wp-json\/wp\/v2\/posts\/12932","targetHints":{"allow":["GET"]}}],"collection":[{"href":"https:\/\/lamarinabj.com\/index.php\/wp-json\/wp\/v2\/posts"}],"about":[{"href":"https:\/\/lamarinabj.com\/index.php\/wp-json\/wp\/v2\/types\/post"}],"author":[{"embeddable":true,"href":"https:\/\/lamarinabj.com\/index.php\/wp-json\/wp\/v2\/users\/4"}],"replies":[{"embeddable":true,"href":"https:\/\/lamarinabj.com\/index.php\/wp-json\/wp\/v2\/comments?post=12932"}],"version-history":[{"count":2,"href":"https:\/\/lamarinabj.com\/index.php\/wp-json\/wp\/v2\/posts\/12932\/revisions"}],"predecessor-version":[{"id":12934,"href":"https:\/\/lamarinabj.com\/index.php\/wp-json\/wp\/v2\/posts\/12932\/revisions\/12934"}],"wp:featuredmedia":[{"embeddable":true,"href":"https:\/\/lamarinabj.com\/index.php\/wp-json\/wp\/v2\/media\/12735"}],"wp:attachment":[{"href":"https:\/\/lamarinabj.com\/index.php\/wp-json\/wp\/v2\/media?parent=12932"}],"wp:term":[{"taxonomy":"category","embeddable":true,"href":"https:\/\/lamarinabj.com\/index.php\/wp-json\/wp\/v2\/categories?post=12932"},{"taxonomy":"post_tag","embeddable":true,"href":"https:\/\/lamarinabj.com\/index.php\/wp-json\/wp\/v2\/tags?post=12932"}],"curies":[{"name":"wp","href":"https:\/\/api.w.org\/{rel}","templated":true}]}}