{"id":13123,"date":"2025-12-12T12:47:00","date_gmt":"2025-12-12T11:47:00","guid":{"rendered":"https:\/\/lamarinabj.com\/?p=13123"},"modified":"2025-12-12T07:58:34","modified_gmt":"2025-12-12T06:58:34","slug":"creation-de-senat-au-benin-lexemple-ghaneen-qui-demontre-limportance-dun-garde-fou-politique","status":"publish","type":"post","link":"https:\/\/lamarinabj.com\/index.php\/2025\/12\/12\/creation-de-senat-au-benin-lexemple-ghaneen-qui-demontre-limportance-dun-garde-fou-politique\/","title":{"rendered":"Cr\u00e9ation de S\u00e9nat au B\u00e9nin : l\u2019exemple ghan\u00e9en qui d\u00e9montre l\u2019importance d\u2019un garde-fou politique"},"content":{"rendered":"\n<p><strong><mark style=\"background-color:rgba(0, 0, 0, 0)\" class=\"has-inline-color has-red-color\">R\u00e9forme constitutionnelle, La Marina BJ<\/mark><\/strong> <strong><em>&#8211; Lorsque le Parlement b\u00e9ninois a adopt\u00e9, en novembre 2025, la cr\u00e9ation d\u2019un S\u00e9nat charg\u00e9 principalement de r\u00e9guler les exc\u00e8s de la vie politique, le d\u00e9bat s\u2019est imm\u00e9diatement enflamm\u00e9 : avanc\u00e9e institutionnelle ou verrouillage d\u00e9mocratique ? Derri\u00e8re les controverses internes, un \u00e9v\u00e9nement survenu au Ghana quelques jours plus tard apporte un \u00e9clairage inattendu sur les motivations profondes de la majorit\u00e9 pr\u00e9sidentielle \u00e0 doter le pays d\u2019un m\u00e9canisme de stabilisation. Une tribune adress\u00e9e \u00e0 La Marina BJ par Gens\u00e9ric Aguidissou, B\u00e9ninois r\u00e9sidant au Ghana, analyse ce parall\u00e8le et en r\u00e9v\u00e8le les enjeux.<\/em><\/strong><\/p>\n\n\n\n<p>Le 15 novembre 2025, l\u2019Assembl\u00e9e nationale b\u00e9ninoise approuvait une r\u00e9vision constitutionnelle majeure : cr\u00e9ation d\u2019un S\u00e9nat et instauration d\u2019une \u00ab tr\u00eave politique \u00bb durant la majeure partie du mandat pr\u00e9sidentiel. Selon la majorit\u00e9 parlementaire, l\u2019objectif est de r\u00e9duire les crises institutionnelles r\u00e9currentes et favoriser \u00ab la convergence des forces vives vers l\u2019action publique\u00bb.<\/p>\n\n\n\n<p>Dans sa tribune, Gens\u00e9ric Aguidissou souligne que cette innovation r\u00e9pond \u00e0 une vuln\u00e9rabilit\u00e9 bien connue dans la sous-r\u00e9gion : \u00ab Le B\u00e9nin tente de pr\u00e9venir ce que j\u2019appelle le sabotage politique, c\u2019est-\u00e0-dire le moment o\u00f9 la confrontation d\u00e9mocratique bascule dans des menaces contre l\u2019int\u00e9r\u00eat g\u00e9n\u00e9ral \u00bb, \u00e9crit-il.<\/p>\n\n\n\n<p>Il rappelle que la future chambre haute, compos\u00e9e d\u2019anciens pr\u00e9sidents d\u2019institutions et de hauts responsables s\u00e9curitaires, aura notamment pour t\u00e2che de veiller \u00e0 ce que l\u2019opposition syst\u00e9matique ne supplante jamais la coh\u00e9sion nationale.<\/p>\n\n\n\n<h2 id=\"laffaire-des-poules-empoisonnees-au-ghana-une-alerte-qui-resonne-au-benin\" class=\"wp-block-heading\"><mark style=\"background-color:rgba(0, 0, 0, 0)\" class=\"has-inline-color has-red-color\">L\u2019affaire des \u201cpoules empoisonn\u00e9es\u201d au Ghana : une alerte qui r\u00e9sonne au B\u00e9nin <\/mark><\/h2>\n\n\n\n<p>Deux semaines apr\u00e8s la r\u00e9forme b\u00e9ninoise, une pol\u00e9mique \u00e9clatait au Ghana, o\u00f9 r\u00e9side l\u2019auteur de la tribune. Un communicant du New Patriotic Party (NPP), principal parti d\u2019opposition, mena\u00e7ait publiquement d\u2019introduire des maladies aviaires pour saboter Nkoko Nketenkete, programme phare de relance de l\u2019aviculture lanc\u00e9 par le pr\u00e9sident John Dramani Mahama. Dans une vid\u00e9o devenue virale le 24 novembre 2025, il d\u00e9clarait, \u00ab Si le NDC lance son initiative Nkoko Nketenkete, nous la contrerons en apportant des maladies qui pourraient ruiner tout le projet. \u00bb<\/p>\n\n\n\n<p>Pour Gens\u00e9ric Aguidissou, cet \u00e9pisode illustre parfaitement la d\u00e9rive redout\u00e9e par les promoteurs du S\u00e9nat b\u00e9ninois. \u00ab Ce qui s\u2019est pass\u00e9 au Ghana est exactement le type de d\u00e9rapage que le S\u00e9nat entend emp\u00eacher \u00bb, observe-t-il. Il rappelle que l\u2019initiative agricole, qui aurait d\u00e9j\u00e0 distribu\u00e9 720 000 poussins \u00e0 13 000 \u00e9leveurs, est soudain devenue une cible partisane plut\u00f4t qu\u2019un bien public.<\/p>\n\n\n\n<p>L\u2019analyste regrette \u00e9galement l\u2019absence de m\u00e9canisme institutionnel ghan\u00e9en capable d\u2019exiger un recadrage imm\u00e9diat : \u00ab Une menace aussi grave n\u2019a suscit\u00e9 qu\u2019une indignation digitale. Aucun organe de sagesse n\u2019a pu exiger des excuses ou pr\u00e9venir l\u2019escalade. \u00bb<\/p>\n\n\n\n<h2 id=\"le-senat-beninois-un-garde-fou-necessaire-ou-un-risque-politique\" class=\"wp-block-heading\"><mark style=\"background-color:rgba(0, 0, 0, 0)\" class=\"has-inline-color has-red-color\">Le S\u00e9nat b\u00e9ninois : un garde-fou n\u00e9cessaire ou un risque politique ?<\/mark><\/h2>\n\n\n\n<p>Selon l\u2019auteur de la tribune, un S\u00e9nat dot\u00e9 de pouvoirs de m\u00e9diation aurait pu jouer ce r\u00f4le : \u00ab Une instance respect\u00e9e par tous aurait pu contraindre le NPP \u00e0 d\u00e9savouer imm\u00e9diatement ces propos. \u00bb Il reconna\u00eet toutefois les inqui\u00e9tudes exprim\u00e9es au B\u00e9nin : absence d\u2019\u00e9lection des s\u00e9nateurs, risque de perception partisane, critiques virulentes de l\u2019opposition qui d\u00e9nonce un \u00ab verrouillage d\u00e9mocratique \u00bb.<\/p>\n\n\n\n<p>\u00ab Le d\u00e9fi est que pour \u00eatre efficace, ce S\u00e9nat doit \u00eatre per\u00e7u comme impartial. Sinon, il ne sera qu\u2019un outil suppl\u00e9mentaire de consolidation du pouvoir \u00bb, pr\u00e9vient Gens\u00e9ric Aguidissou. Pour ce dernier, la r\u00e9forme introduite au B\u00e9nin s\u2019inscrit dans une r\u00e9flexion plus large sur la qualit\u00e9 du jeu politique en Afrique francophone : \u00ab Instituer une chambre de sagesse n\u2019est pas anodin. C\u2019est un pari sur la maturit\u00e9 politique et sur la capacit\u00e9 des \u00e9lites \u00e0 accepter un arbitrage au-dessus d\u2019elles. \u00bb<\/p>\n\n\n\n<p>\u00c0 ses yeux, l\u2019affaire ghan\u00e9enne constitue un signal d\u2019alarme pour toutes les d\u00e9mocraties du continent : \u00ab M\u00eame les syst\u00e8mes les plus respect\u00e9s ne sont pas \u00e0 l\u2019abri de d\u00e9rapages lorsque la rivalit\u00e9 politique devient une logique de destruction mutuelle. \u00bb<\/p>\n\n\n\n<p>L\u2019avenir dira si le futur S\u00e9nat b\u00e9ninois, qui doit encore passer le contr\u00f4le de constitutionnalit\u00e9, s\u2019imposera comme un v\u00e9ritable arbitre ou s\u2019il restera une institution contest\u00e9e. Mais pour Gens\u00e9ric Aguidissou, un enseignement s\u2019impose d\u00e9j\u00e0, \u00ab L\u2019affaire des poules empoisonn\u00e9es au Ghana est une d\u00e9monstration brutale de l\u2019utilit\u00e9 potentielle d\u2019un m\u00e9canisme de r\u00e9gulation politique. \u00bb<\/p>\n","protected":false},"excerpt":{"rendered":"R\u00e9forme constitutionnelle, La Marina BJ &#8211; Lorsque le Parlement b\u00e9ninois a adopt\u00e9, en novembre 2025, la cr\u00e9ation d\u2019un&hellip;\n","protected":false},"author":9,"featured_media":13129,"comment_status":"open","ping_status":"open","sticky":false,"template":"elementor_theme","format":"standard","meta":{"csco_singular_sidebar":"","csco_page_header_type":"standard","csco_appearance_masonry":"","csco_page_load_nextpost":"","csco_post_video_location":[],"csco_post_video_location_hash":"","csco_post_video_url":"","csco_post_video_bg_start_time":0,"csco_post_video_bg_end_time":0,"footnotes":""},"categories":[1001],"tags":[208,41,1809],"class_list":{"0":"post-13123","1":"post","2":"type-post","3":"status-publish","4":"format-standard","5":"has-post-thumbnail","7":"category-opinions","8":"tag-assemblee-nationale","9":"tag-benin","10":"tag-senat","11":"cs-entry","12":"cs-video-wrap"},"yoast_head":"<!-- This site is optimized with the Yoast SEO plugin v27.4 - https:\/\/yoast.com\/product\/yoast-seo-wordpress\/ -->\n<title>Cr\u00e9ation de S\u00e9nat au B\u00e9nin : l\u2019exemple ghan\u00e9en qui d\u00e9montre l\u2019importance d\u2019un garde-fou politique - LA MARINA BJ<\/title>\n<meta name=\"robots\" content=\"index, follow, max-snippet:-1, max-image-preview:large, max-video-preview:-1\" \/>\n<link rel=\"canonical\" href=\"https:\/\/lamarinabj.com\/index.php\/2025\/12\/12\/creation-de-senat-au-benin-lexemple-ghaneen-qui-demontre-limportance-dun-garde-fou-politique\/\" \/>\n<meta property=\"og:locale\" content=\"fr_FR\" \/>\n<meta property=\"og:type\" content=\"article\" \/>\n<meta property=\"og:title\" content=\"Cr\u00e9ation de S\u00e9nat au B\u00e9nin : l\u2019exemple ghan\u00e9en qui d\u00e9montre l\u2019importance d\u2019un garde-fou politique - LA MARINA BJ\" \/>\n<meta property=\"og:description\" content=\"R\u00e9forme constitutionnelle, La Marina BJ &#8211; Lorsque le Parlement b\u00e9ninois a adopt\u00e9, en novembre 2025, la cr\u00e9ation d\u2019un&hellip;\" \/>\n<meta property=\"og:url\" content=\"https:\/\/lamarinabj.com\/index.php\/2025\/12\/12\/creation-de-senat-au-benin-lexemple-ghaneen-qui-demontre-limportance-dun-garde-fou-politique\/\" \/>\n<meta property=\"og:site_name\" content=\"LA MARINA BJ\" \/>\n<meta property=\"article:published_time\" content=\"2025-12-12T11:47:00+00:00\" \/>\n<meta property=\"og:image\" content=\"https:\/\/lamarinabj.com\/wp-content\/uploads\/2025\/12\/sbee-are_20251212_060249_0000.jpg\" \/>\n\t<meta property=\"og:image:width\" content=\"1080\" \/>\n\t<meta property=\"og:image:height\" content=\"1080\" \/>\n\t<meta property=\"og:image:type\" content=\"image\/jpeg\" \/>\n<meta name=\"author\" content=\"La Marina BJ - Team Politique &amp; Gouvernance\" \/>\n<meta name=\"twitter:card\" content=\"summary_large_image\" \/>\n<meta name=\"twitter:label1\" content=\"\u00c9crit par\" \/>\n\t<meta name=\"twitter:data1\" content=\"La Marina BJ - Team Politique &amp; Gouvernance\" \/>\n\t<meta name=\"twitter:label2\" content=\"Dur\u00e9e de lecture estim\u00e9e\" \/>\n\t<meta name=\"twitter:data2\" content=\"4 minutes\" \/>\n<script type=\"application\/ld+json\" class=\"yoast-schema-graph\">{\"@context\":\"https:\\\/\\\/schema.org\",\"@graph\":[{\"@type\":\"NewsArticle\",\"@id\":\"https:\\\/\\\/lamarinabj.com\\\/index.php\\\/2025\\\/12\\\/12\\\/creation-de-senat-au-benin-lexemple-ghaneen-qui-demontre-limportance-dun-garde-fou-politique\\\/#article\",\"isPartOf\":{\"@id\":\"https:\\\/\\\/lamarinabj.com\\\/index.php\\\/2025\\\/12\\\/12\\\/creation-de-senat-au-benin-lexemple-ghaneen-qui-demontre-limportance-dun-garde-fou-politique\\\/\"},\"author\":{\"name\":\"La Marina BJ - Team Politique &amp; Gouvernance\",\"@id\":\"https:\\\/\\\/lamarinabj.com\\\/#\\\/schema\\\/person\\\/402e6a9448a09031724da97f9dae67e8\"},\"headline\":\"Cr\u00e9ation de S\u00e9nat au B\u00e9nin : l\u2019exemple ghan\u00e9en qui d\u00e9montre l\u2019importance d\u2019un garde-fou politique\",\"datePublished\":\"2025-12-12T11:47:00+00:00\",\"mainEntityOfPage\":{\"@id\":\"https:\\\/\\\/lamarinabj.com\\\/index.php\\\/2025\\\/12\\\/12\\\/creation-de-senat-au-benin-lexemple-ghaneen-qui-demontre-limportance-dun-garde-fou-politique\\\/\"},\"wordCount\":809,\"commentCount\":0,\"image\":{\"@id\":\"https:\\\/\\\/lamarinabj.com\\\/index.php\\\/2025\\\/12\\\/12\\\/creation-de-senat-au-benin-lexemple-ghaneen-qui-demontre-limportance-dun-garde-fou-politique\\\/#primaryimage\"},\"thumbnailUrl\":\"https:\\\/\\\/lamarinabj.com\\\/wp-content\\\/uploads\\\/2025\\\/12\\\/sbee-are_20251212_060249_0000.jpg\",\"keywords\":[\"Assembl\u00e9e nationale\",\"B\u00e9nin\",\"S\u00e9nat\"],\"articleSection\":[\"OPINIONS\"],\"inLanguage\":\"fr-FR\",\"potentialAction\":[{\"@type\":\"CommentAction\",\"name\":\"Comment\",\"target\":[\"https:\\\/\\\/lamarinabj.com\\\/index.php\\\/2025\\\/12\\\/12\\\/creation-de-senat-au-benin-lexemple-ghaneen-qui-demontre-limportance-dun-garde-fou-politique\\\/#respond\"]}]},{\"@type\":[\"WebPage\",\"SearchResultsPage\"],\"@id\":\"https:\\\/\\\/lamarinabj.com\\\/index.php\\\/2025\\\/12\\\/12\\\/creation-de-senat-au-benin-lexemple-ghaneen-qui-demontre-limportance-dun-garde-fou-politique\\\/\",\"url\":\"https:\\\/\\\/lamarinabj.com\\\/index.php\\\/2025\\\/12\\\/12\\\/creation-de-senat-au-benin-lexemple-ghaneen-qui-demontre-limportance-dun-garde-fou-politique\\\/\",\"name\":\"Cr\u00e9ation de S\u00e9nat au B\u00e9nin : l\u2019exemple ghan\u00e9en qui d\u00e9montre l\u2019importance d\u2019un garde-fou politique - LA MARINA BJ\",\"isPartOf\":{\"@id\":\"https:\\\/\\\/lamarinabj.com\\\/#website\"},\"primaryImageOfPage\":{\"@id\":\"https:\\\/\\\/lamarinabj.com\\\/index.php\\\/2025\\\/12\\\/12\\\/creation-de-senat-au-benin-lexemple-ghaneen-qui-demontre-limportance-dun-garde-fou-politique\\\/#primaryimage\"},\"image\":{\"@id\":\"https:\\\/\\\/lamarinabj.com\\\/index.php\\\/2025\\\/12\\\/12\\\/creation-de-senat-au-benin-lexemple-ghaneen-qui-demontre-limportance-dun-garde-fou-politique\\\/#primaryimage\"},\"thumbnailUrl\":\"https:\\\/\\\/lamarinabj.com\\\/wp-content\\\/uploads\\\/2025\\\/12\\\/sbee-are_20251212_060249_0000.jpg\",\"datePublished\":\"2025-12-12T11:47:00+00:00\",\"author\":{\"@id\":\"https:\\\/\\\/lamarinabj.com\\\/#\\\/schema\\\/person\\\/402e6a9448a09031724da97f9dae67e8\"},\"breadcrumb\":{\"@id\":\"https:\\\/\\\/lamarinabj.com\\\/index.php\\\/2025\\\/12\\\/12\\\/creation-de-senat-au-benin-lexemple-ghaneen-qui-demontre-limportance-dun-garde-fou-politique\\\/#breadcrumb\"},\"inLanguage\":\"fr-FR\",\"potentialAction\":[{\"@type\":\"ReadAction\",\"target\":[\"https:\\\/\\\/lamarinabj.com\\\/index.php\\\/2025\\\/12\\\/12\\\/creation-de-senat-au-benin-lexemple-ghaneen-qui-demontre-limportance-dun-garde-fou-politique\\\/\"]}]},{\"@type\":\"ImageObject\",\"inLanguage\":\"fr-FR\",\"@id\":\"https:\\\/\\\/lamarinabj.com\\\/index.php\\\/2025\\\/12\\\/12\\\/creation-de-senat-au-benin-lexemple-ghaneen-qui-demontre-limportance-dun-garde-fou-politique\\\/#primaryimage\",\"url\":\"https:\\\/\\\/lamarinabj.com\\\/wp-content\\\/uploads\\\/2025\\\/12\\\/sbee-are_20251212_060249_0000.jpg\",\"contentUrl\":\"https:\\\/\\\/lamarinabj.com\\\/wp-content\\\/uploads\\\/2025\\\/12\\\/sbee-are_20251212_060249_0000.jpg\",\"width\":1080,\"height\":1080},{\"@type\":\"BreadcrumbList\",\"@id\":\"https:\\\/\\\/lamarinabj.com\\\/index.php\\\/2025\\\/12\\\/12\\\/creation-de-senat-au-benin-lexemple-ghaneen-qui-demontre-limportance-dun-garde-fou-politique\\\/#breadcrumb\",\"itemListElement\":[{\"@type\":\"ListItem\",\"position\":1,\"name\":\"Accueil\",\"item\":\"https:\\\/\\\/lamarinabj.com\\\/\"},{\"@type\":\"ListItem\",\"position\":2,\"name\":\"Cr\u00e9ation de S\u00e9nat au B\u00e9nin : l\u2019exemple ghan\u00e9en qui d\u00e9montre l\u2019importance d\u2019un garde-fou politique\"}]},{\"@type\":\"WebSite\",\"@id\":\"https:\\\/\\\/lamarinabj.com\\\/#website\",\"url\":\"https:\\\/\\\/lamarinabj.com\\\/\",\"name\":\"LA MARINA BJ\",\"description\":\"Votre portail vers l&#039;information strat\u00e9gique au B\u00e9nin, en Afrique et au-del\u00e0\",\"potentialAction\":[{\"@type\":\"SearchAction\",\"target\":{\"@type\":\"EntryPoint\",\"urlTemplate\":\"https:\\\/\\\/lamarinabj.com\\\/?s={search_term_string}\"},\"query-input\":{\"@type\":\"PropertyValueSpecification\",\"valueRequired\":true,\"valueName\":\"search_term_string\"}}],\"inLanguage\":\"fr-FR\"},{\"@type\":\"Person\",\"@id\":\"https:\\\/\\\/lamarinabj.com\\\/#\\\/schema\\\/person\\\/402e6a9448a09031724da97f9dae67e8\",\"name\":\"La Marina BJ - Team Politique &amp; Gouvernance\",\"image\":{\"@type\":\"ImageObject\",\"inLanguage\":\"fr-FR\",\"@id\":\"https:\\\/\\\/secure.gravatar.com\\\/avatar\\\/fd9545dd7863c2f40d7696b9bb5d085e4615baa276d5cd3e6a5a3bbc53bfae6e?s=96&d=mm&r=g\",\"url\":\"https:\\\/\\\/secure.gravatar.com\\\/avatar\\\/fd9545dd7863c2f40d7696b9bb5d085e4615baa276d5cd3e6a5a3bbc53bfae6e?s=96&d=mm&r=g\",\"contentUrl\":\"https:\\\/\\\/secure.gravatar.com\\\/avatar\\\/fd9545dd7863c2f40d7696b9bb5d085e4615baa276d5cd3e6a5a3bbc53bfae6e?s=96&d=mm&r=g\",\"caption\":\"La Marina BJ - Team Politique &amp; Gouvernance\"},\"description\":\"La Team Politique &amp; Gouvernance de La Marina BJ est au c\u0153ur de l\u2019analyse des enjeux politiques, institutionnels et de gouvernance au B\u00e9nin et en Afrique. Compos\u00e9e de journalistes sp\u00e9cialis\u00e9s en affaires publiques et en politique, cette \u00e9quipe s\u2019attache \u00e0 d\u00e9crypter les d\u00e9cisions politiques, \u00e0 suivre l\u2019\u00e9volution des r\u00e9formes institutionnelles, et \u00e0 analyser les dynamiques de pouvoir au sein des institutions nationales et internationales.\",\"url\":\"https:\\\/\\\/lamarinabj.com\\\/index.php\\\/author\\\/adimi\\\/\"}]}<\/script>\n<!-- \/ Yoast SEO plugin. -->","yoast_head_json":{"title":"Cr\u00e9ation de S\u00e9nat au B\u00e9nin : l\u2019exemple ghan\u00e9en qui d\u00e9montre l\u2019importance d\u2019un garde-fou politique - LA MARINA BJ","robots":{"index":"index","follow":"follow","max-snippet":"max-snippet:-1","max-image-preview":"max-image-preview:large","max-video-preview":"max-video-preview:-1"},"canonical":"https:\/\/lamarinabj.com\/index.php\/2025\/12\/12\/creation-de-senat-au-benin-lexemple-ghaneen-qui-demontre-limportance-dun-garde-fou-politique\/","og_locale":"fr_FR","og_type":"article","og_title":"Cr\u00e9ation de S\u00e9nat au B\u00e9nin : l\u2019exemple ghan\u00e9en qui d\u00e9montre l\u2019importance d\u2019un garde-fou politique - LA MARINA BJ","og_description":"R\u00e9forme constitutionnelle, La Marina BJ &#8211; Lorsque le Parlement b\u00e9ninois a adopt\u00e9, en novembre 2025, la cr\u00e9ation d\u2019un&hellip;","og_url":"https:\/\/lamarinabj.com\/index.php\/2025\/12\/12\/creation-de-senat-au-benin-lexemple-ghaneen-qui-demontre-limportance-dun-garde-fou-politique\/","og_site_name":"LA MARINA BJ","article_published_time":"2025-12-12T11:47:00+00:00","og_image":[{"width":1080,"height":1080,"url":"https:\/\/lamarinabj.com\/wp-content\/uploads\/2025\/12\/sbee-are_20251212_060249_0000.jpg","type":"image\/jpeg"}],"author":"La Marina BJ - Team Politique &amp; Gouvernance","twitter_card":"summary_large_image","twitter_misc":{"\u00c9crit par":"La Marina BJ - Team Politique &amp; Gouvernance","Dur\u00e9e de lecture estim\u00e9e":"4 minutes"},"schema":{"@context":"https:\/\/schema.org","@graph":[{"@type":"NewsArticle","@id":"https:\/\/lamarinabj.com\/index.php\/2025\/12\/12\/creation-de-senat-au-benin-lexemple-ghaneen-qui-demontre-limportance-dun-garde-fou-politique\/#article","isPartOf":{"@id":"https:\/\/lamarinabj.com\/index.php\/2025\/12\/12\/creation-de-senat-au-benin-lexemple-ghaneen-qui-demontre-limportance-dun-garde-fou-politique\/"},"author":{"name":"La Marina BJ - Team Politique &amp; Gouvernance","@id":"https:\/\/lamarinabj.com\/#\/schema\/person\/402e6a9448a09031724da97f9dae67e8"},"headline":"Cr\u00e9ation de S\u00e9nat au B\u00e9nin : l\u2019exemple ghan\u00e9en qui d\u00e9montre l\u2019importance d\u2019un garde-fou politique","datePublished":"2025-12-12T11:47:00+00:00","mainEntityOfPage":{"@id":"https:\/\/lamarinabj.com\/index.php\/2025\/12\/12\/creation-de-senat-au-benin-lexemple-ghaneen-qui-demontre-limportance-dun-garde-fou-politique\/"},"wordCount":809,"commentCount":0,"image":{"@id":"https:\/\/lamarinabj.com\/index.php\/2025\/12\/12\/creation-de-senat-au-benin-lexemple-ghaneen-qui-demontre-limportance-dun-garde-fou-politique\/#primaryimage"},"thumbnailUrl":"https:\/\/lamarinabj.com\/wp-content\/uploads\/2025\/12\/sbee-are_20251212_060249_0000.jpg","keywords":["Assembl\u00e9e nationale","B\u00e9nin","S\u00e9nat"],"articleSection":["OPINIONS"],"inLanguage":"fr-FR","potentialAction":[{"@type":"CommentAction","name":"Comment","target":["https:\/\/lamarinabj.com\/index.php\/2025\/12\/12\/creation-de-senat-au-benin-lexemple-ghaneen-qui-demontre-limportance-dun-garde-fou-politique\/#respond"]}]},{"@type":["WebPage","SearchResultsPage"],"@id":"https:\/\/lamarinabj.com\/index.php\/2025\/12\/12\/creation-de-senat-au-benin-lexemple-ghaneen-qui-demontre-limportance-dun-garde-fou-politique\/","url":"https:\/\/lamarinabj.com\/index.php\/2025\/12\/12\/creation-de-senat-au-benin-lexemple-ghaneen-qui-demontre-limportance-dun-garde-fou-politique\/","name":"Cr\u00e9ation de S\u00e9nat au B\u00e9nin : l\u2019exemple ghan\u00e9en qui d\u00e9montre l\u2019importance d\u2019un garde-fou politique - LA MARINA BJ","isPartOf":{"@id":"https:\/\/lamarinabj.com\/#website"},"primaryImageOfPage":{"@id":"https:\/\/lamarinabj.com\/index.php\/2025\/12\/12\/creation-de-senat-au-benin-lexemple-ghaneen-qui-demontre-limportance-dun-garde-fou-politique\/#primaryimage"},"image":{"@id":"https:\/\/lamarinabj.com\/index.php\/2025\/12\/12\/creation-de-senat-au-benin-lexemple-ghaneen-qui-demontre-limportance-dun-garde-fou-politique\/#primaryimage"},"thumbnailUrl":"https:\/\/lamarinabj.com\/wp-content\/uploads\/2025\/12\/sbee-are_20251212_060249_0000.jpg","datePublished":"2025-12-12T11:47:00+00:00","author":{"@id":"https:\/\/lamarinabj.com\/#\/schema\/person\/402e6a9448a09031724da97f9dae67e8"},"breadcrumb":{"@id":"https:\/\/lamarinabj.com\/index.php\/2025\/12\/12\/creation-de-senat-au-benin-lexemple-ghaneen-qui-demontre-limportance-dun-garde-fou-politique\/#breadcrumb"},"inLanguage":"fr-FR","potentialAction":[{"@type":"ReadAction","target":["https:\/\/lamarinabj.com\/index.php\/2025\/12\/12\/creation-de-senat-au-benin-lexemple-ghaneen-qui-demontre-limportance-dun-garde-fou-politique\/"]}]},{"@type":"ImageObject","inLanguage":"fr-FR","@id":"https:\/\/lamarinabj.com\/index.php\/2025\/12\/12\/creation-de-senat-au-benin-lexemple-ghaneen-qui-demontre-limportance-dun-garde-fou-politique\/#primaryimage","url":"https:\/\/lamarinabj.com\/wp-content\/uploads\/2025\/12\/sbee-are_20251212_060249_0000.jpg","contentUrl":"https:\/\/lamarinabj.com\/wp-content\/uploads\/2025\/12\/sbee-are_20251212_060249_0000.jpg","width":1080,"height":1080},{"@type":"BreadcrumbList","@id":"https:\/\/lamarinabj.com\/index.php\/2025\/12\/12\/creation-de-senat-au-benin-lexemple-ghaneen-qui-demontre-limportance-dun-garde-fou-politique\/#breadcrumb","itemListElement":[{"@type":"ListItem","position":1,"name":"Accueil","item":"https:\/\/lamarinabj.com\/"},{"@type":"ListItem","position":2,"name":"Cr\u00e9ation de S\u00e9nat au B\u00e9nin : l\u2019exemple ghan\u00e9en qui d\u00e9montre l\u2019importance d\u2019un garde-fou politique"}]},{"@type":"WebSite","@id":"https:\/\/lamarinabj.com\/#website","url":"https:\/\/lamarinabj.com\/","name":"LA MARINA BJ","description":"Votre portail vers l&#039;information strat\u00e9gique au B\u00e9nin, en Afrique et au-del\u00e0","potentialAction":[{"@type":"SearchAction","target":{"@type":"EntryPoint","urlTemplate":"https:\/\/lamarinabj.com\/?s={search_term_string}"},"query-input":{"@type":"PropertyValueSpecification","valueRequired":true,"valueName":"search_term_string"}}],"inLanguage":"fr-FR"},{"@type":"Person","@id":"https:\/\/lamarinabj.com\/#\/schema\/person\/402e6a9448a09031724da97f9dae67e8","name":"La Marina BJ - Team Politique &amp; Gouvernance","image":{"@type":"ImageObject","inLanguage":"fr-FR","@id":"https:\/\/secure.gravatar.com\/avatar\/fd9545dd7863c2f40d7696b9bb5d085e4615baa276d5cd3e6a5a3bbc53bfae6e?s=96&d=mm&r=g","url":"https:\/\/secure.gravatar.com\/avatar\/fd9545dd7863c2f40d7696b9bb5d085e4615baa276d5cd3e6a5a3bbc53bfae6e?s=96&d=mm&r=g","contentUrl":"https:\/\/secure.gravatar.com\/avatar\/fd9545dd7863c2f40d7696b9bb5d085e4615baa276d5cd3e6a5a3bbc53bfae6e?s=96&d=mm&r=g","caption":"La Marina BJ - Team Politique &amp; Gouvernance"},"description":"La Team Politique &amp; Gouvernance de La Marina BJ est au c\u0153ur de l\u2019analyse des enjeux politiques, institutionnels et de gouvernance au B\u00e9nin et en Afrique. Compos\u00e9e de journalistes sp\u00e9cialis\u00e9s en affaires publiques et en politique, cette \u00e9quipe s\u2019attache \u00e0 d\u00e9crypter les d\u00e9cisions politiques, \u00e0 suivre l\u2019\u00e9volution des r\u00e9formes institutionnelles, et \u00e0 analyser les dynamiques de pouvoir au sein des institutions nationales et internationales.","url":"https:\/\/lamarinabj.com\/index.php\/author\/adimi\/"}]}},"_links":{"self":[{"href":"https:\/\/lamarinabj.com\/index.php\/wp-json\/wp\/v2\/posts\/13123","targetHints":{"allow":["GET"]}}],"collection":[{"href":"https:\/\/lamarinabj.com\/index.php\/wp-json\/wp\/v2\/posts"}],"about":[{"href":"https:\/\/lamarinabj.com\/index.php\/wp-json\/wp\/v2\/types\/post"}],"author":[{"embeddable":true,"href":"https:\/\/lamarinabj.com\/index.php\/wp-json\/wp\/v2\/users\/9"}],"replies":[{"embeddable":true,"href":"https:\/\/lamarinabj.com\/index.php\/wp-json\/wp\/v2\/comments?post=13123"}],"version-history":[{"count":7,"href":"https:\/\/lamarinabj.com\/index.php\/wp-json\/wp\/v2\/posts\/13123\/revisions"}],"predecessor-version":[{"id":13131,"href":"https:\/\/lamarinabj.com\/index.php\/wp-json\/wp\/v2\/posts\/13123\/revisions\/13131"}],"wp:featuredmedia":[{"embeddable":true,"href":"https:\/\/lamarinabj.com\/index.php\/wp-json\/wp\/v2\/media\/13129"}],"wp:attachment":[{"href":"https:\/\/lamarinabj.com\/index.php\/wp-json\/wp\/v2\/media?parent=13123"}],"wp:term":[{"taxonomy":"category","embeddable":true,"href":"https:\/\/lamarinabj.com\/index.php\/wp-json\/wp\/v2\/categories?post=13123"},{"taxonomy":"post_tag","embeddable":true,"href":"https:\/\/lamarinabj.com\/index.php\/wp-json\/wp\/v2\/tags?post=13123"}],"curies":[{"name":"wp","href":"https:\/\/api.w.org\/{rel}","templated":true}]}}