{"id":13473,"date":"2026-01-08T14:36:00","date_gmt":"2026-01-08T13:36:00","guid":{"rendered":"https:\/\/lamarinabj.com\/?p=13473"},"modified":"2026-01-08T10:23:22","modified_gmt":"2026-01-08T09:23:22","slug":"interconnexion-electrique-guinee-mali-pourquoi-la-bad-a-mis-au-ban-le-malien-iya-sarl","status":"publish","type":"post","link":"https:\/\/lamarinabj.com\/index.php\/2026\/01\/08\/interconnexion-electrique-guinee-mali-pourquoi-la-bad-a-mis-au-ban-le-malien-iya-sarl\/","title":{"rendered":"Interconnexion \u00e9lectrique Guin\u00e9e-Mali : pourquoi la BAD a mis au ban le malien IYA SARL"},"content":{"rendered":"\n<p><mark style=\"background-color:rgba(0, 0, 0, 0)\" class=\"has-inline-color has-red-color\"><strong>Transparence, La Marina BJ <\/strong><\/mark>\u2014 <strong><em>Le Groupe de la Banque africaine de d\u00e9veloppement (BAD) a annonc\u00e9 l&rsquo;exclusion de la soci\u00e9t\u00e9 de construction IYA S.A.R.L. de tout projet financ\u00e9 par l&rsquo;institution pour une dur\u00e9e de 20 mois. Cette sanction fait suite \u00e0 la d\u00e9couverte de man\u0153uvres frauduleuses lors d&rsquo;un appel d&rsquo;offres strat\u00e9gique pour l&rsquo;int\u00e9gration \u00e9nerg\u00e9tique r\u00e9gionale.<\/em><\/strong><\/p>\n\n\n\n<p>Le couperet est tomb\u00e9 le 7 janvier 2026. Le Groupe de la Banque africaine de d\u00e9veloppement a officiellement banni l&rsquo;entreprise malienne IYA S.A.R.L. de ses processus de passation de march\u00e9s. Cette d\u00e9cision, qui court sur une p\u00e9riode de pr\u00e8s de deux ans, marque une nouvelle \u00e9tape dans la politique de \u00ab tol\u00e9rance z\u00e9ro \u00bb pr\u00f4n\u00e9e par l\u2019institution panafricaine contre les atteintes \u00e0 l\u2019int\u00e9grit\u00e9.<\/p>\n\n\n\n<h2 id=\"un-appel-doffres-entache-dirregularites\" class=\"wp-block-heading\"><mark style=\"background-color:rgba(0, 0, 0, 0)\" class=\"has-inline-color has-red-color\">Un appel d\u2019offres entach\u00e9 d&rsquo;irr\u00e9gularit\u00e9s<\/mark><\/h2>\n\n\n\n<p>Selon nos informations, l\u2019affaire prend sa source dans le cadre du Projet d&rsquo;interconnexion \u00e9lectrique Guin\u00e9e-Mali (PIEGM). Ce projet d&rsquo;envergure vise \u00e0 construire des infrastructures essentielles pour faciliter les \u00e9changes d\u2019\u00e9nergie entre les deux voisins et, par extension, au sein de la sous-r\u00e9gion ouest-africaine. Une enqu\u00eate minutieuse, diligent\u00e9e par le Bureau de l&rsquo;int\u00e9grit\u00e9 et de la lutte contre la corruption (PIAC) de la BAD, a mis en lumi\u00e8re des \u00ab pratiques frauduleuses \u00bb commises par IYA S.A.R.L. lors de la soumission pour des travaux d&rsquo;infrastructures \u00e9lectriques.<\/p>\n\n\n\n<p>Bien que les d\u00e9tails pr\u00e9cis de la man\u0153uvre n&rsquo;aient pas \u00e9t\u00e9 divulgu\u00e9s, la qualification de \u00ab pratique frauduleuse \u00bb renvoie g\u00e9n\u00e9ralement \u00e0 la pr\u00e9sentation de faux documents ou \u00e0 la dissimulation d&rsquo;informations cruciales afin d&rsquo;influencer l&rsquo;attribution du contrat.<\/p>\n\n\n\n<h2 id=\"une-rehabilitation-sous-conditions\" class=\"wp-block-heading\"><mark style=\"background-color:rgba(0, 0, 0, 0)\" class=\"has-inline-color has-red-color\">Une r\u00e9habilitation sous conditions<\/mark><\/h2>\n\n\n\n<p>Au terme de la p\u00e9riode d\u2019exclusion, pr\u00e9cise la note de l&rsquo;institution, \u00ab IYA S.A.R.L. ne sera autoris\u00e9e \u00e0 reprendre sa participation aux activit\u00e9s financ\u00e9es par le Groupe de la Banque que sur pr\u00e9sentation de preuves attestant de la mise en \u0153uvre satisfaisante d\u2019un programme de conformit\u00e9 en mati\u00e8re d\u2019int\u00e9grit\u00e9, align\u00e9 sur les directives de la Banque \u00bb.<\/p>\n\n\n\n<p>En attendant, pendant les 20 prochains mois, IYA S.A.R.L., ainsi que l\u2019ensemble de ses filiales, se voient interdire toute participation aux projets financ\u00e9s par le Groupe de la Banque.<\/p>\n","protected":false},"excerpt":{"rendered":"Transparence, La Marina BJ \u2014 Le Groupe de la Banque africaine de d\u00e9veloppement (BAD) a annonc\u00e9 l&rsquo;exclusion de&hellip;\n","protected":false},"author":3,"featured_media":13474,"comment_status":"open","ping_status":"open","sticky":false,"template":"elementor_theme","format":"standard","meta":{"csco_singular_sidebar":"","csco_page_header_type":"standard","csco_appearance_masonry":"","csco_page_load_nextpost":"","csco_post_video_location":[],"csco_post_video_location_hash":"","csco_post_video_url":"","csco_post_video_bg_start_time":0,"csco_post_video_bg_end_time":0,"footnotes":""},"categories":[71],"tags":[363,1423,1923,183],"class_list":{"0":"post-13473","1":"post","2":"type-post","3":"status-publish","4":"format-standard","5":"has-post-thumbnail","7":"category-international","8":"tag-bad","9":"tag-guinee","10":"tag-iya-s-a-r-l","11":"tag-mali","12":"cs-entry","13":"cs-video-wrap"},"yoast_head":"<!-- This site is optimized with the Yoast SEO plugin v27.4 - https:\/\/yoast.com\/product\/yoast-seo-wordpress\/ -->\n<title>Interconnexion \u00e9lectrique Guin\u00e9e-Mali : pourquoi la BAD a mis au ban le malien IYA SARL - LA MARINA BJ<\/title>\n<meta name=\"description\" content=\"Le Groupe de la Banque africaine de d\u00e9veloppement (BAD) a annonc\u00e9 l&#039;exclusion de la soci\u00e9t\u00e9 de construction IYA S.A.R.L. de tout projet financ\u00e9 par l&#039;institution pour une dur\u00e9e de 20 mois.\" \/>\n<meta name=\"robots\" content=\"index, follow, max-snippet:-1, max-image-preview:large, max-video-preview:-1\" \/>\n<link rel=\"canonical\" href=\"https:\/\/lamarinabj.com\/index.php\/2026\/01\/08\/interconnexion-electrique-guinee-mali-pourquoi-la-bad-a-mis-au-ban-le-malien-iya-sarl\/\" \/>\n<meta property=\"og:locale\" content=\"fr_FR\" \/>\n<meta property=\"og:type\" content=\"article\" \/>\n<meta property=\"og:title\" content=\"Interconnexion \u00e9lectrique Guin\u00e9e-Mali : pourquoi la BAD a mis au ban le malien IYA SARL - LA MARINA BJ\" \/>\n<meta property=\"og:description\" content=\"Le Groupe de la Banque africaine de d\u00e9veloppement (BAD) a annonc\u00e9 l&#039;exclusion de la soci\u00e9t\u00e9 de construction IYA S.A.R.L. de tout projet financ\u00e9 par l&#039;institution pour une dur\u00e9e de 20 mois.\" \/>\n<meta property=\"og:url\" content=\"https:\/\/lamarinabj.com\/index.php\/2026\/01\/08\/interconnexion-electrique-guinee-mali-pourquoi-la-bad-a-mis-au-ban-le-malien-iya-sarl\/\" \/>\n<meta property=\"og:site_name\" content=\"LA MARINA BJ\" \/>\n<meta property=\"article:published_time\" content=\"2026-01-08T13:36:00+00:00\" \/>\n<meta property=\"og:image\" content=\"https:\/\/lamarinabj.com\/wp-content\/uploads\/2026\/01\/20260108_101548_0000.jpg\" \/>\n\t<meta property=\"og:image:width\" content=\"1300\" \/>\n\t<meta property=\"og:image:height\" content=\"535\" \/>\n\t<meta property=\"og:image:type\" content=\"image\/jpeg\" \/>\n<meta name=\"author\" content=\"La Marina BJ - Team Veille &amp; Projets publics\" \/>\n<meta name=\"twitter:card\" content=\"summary_large_image\" \/>\n<meta name=\"twitter:label1\" content=\"\u00c9crit par\" \/>\n\t<meta name=\"twitter:data1\" content=\"La Marina BJ - Team Veille &amp; Projets publics\" \/>\n\t<meta name=\"twitter:label2\" content=\"Dur\u00e9e de lecture estim\u00e9e\" \/>\n\t<meta name=\"twitter:data2\" content=\"2 minutes\" \/>\n<script type=\"application\/ld+json\" class=\"yoast-schema-graph\">{\"@context\":\"https:\\\/\\\/schema.org\",\"@graph\":[{\"@type\":\"NewsArticle\",\"@id\":\"https:\\\/\\\/lamarinabj.com\\\/index.php\\\/2026\\\/01\\\/08\\\/interconnexion-electrique-guinee-mali-pourquoi-la-bad-a-mis-au-ban-le-malien-iya-sarl\\\/#article\",\"isPartOf\":{\"@id\":\"https:\\\/\\\/lamarinabj.com\\\/index.php\\\/2026\\\/01\\\/08\\\/interconnexion-electrique-guinee-mali-pourquoi-la-bad-a-mis-au-ban-le-malien-iya-sarl\\\/\"},\"author\":{\"name\":\"La Marina BJ - Team Veille &amp; Projets publics\",\"@id\":\"https:\\\/\\\/lamarinabj.com\\\/#\\\/schema\\\/person\\\/70c372a4c3c86bd4844a0382357a0f2d\"},\"headline\":\"Interconnexion \u00e9lectrique Guin\u00e9e-Mali : pourquoi la BAD a mis au ban le malien IYA SARL\",\"datePublished\":\"2026-01-08T13:36:00+00:00\",\"mainEntityOfPage\":{\"@id\":\"https:\\\/\\\/lamarinabj.com\\\/index.php\\\/2026\\\/01\\\/08\\\/interconnexion-electrique-guinee-mali-pourquoi-la-bad-a-mis-au-ban-le-malien-iya-sarl\\\/\"},\"wordCount\":416,\"commentCount\":0,\"image\":{\"@id\":\"https:\\\/\\\/lamarinabj.com\\\/index.php\\\/2026\\\/01\\\/08\\\/interconnexion-electrique-guinee-mali-pourquoi-la-bad-a-mis-au-ban-le-malien-iya-sarl\\\/#primaryimage\"},\"thumbnailUrl\":\"https:\\\/\\\/lamarinabj.com\\\/wp-content\\\/uploads\\\/2026\\\/01\\\/20260108_101548_0000.jpg\",\"keywords\":[\"BAD\",\"Guin\u00e9e\",\"IYA S.A.R.L.\",\"Mali\"],\"articleSection\":[\"INTERNATIONAL\"],\"inLanguage\":\"fr-FR\",\"potentialAction\":[{\"@type\":\"CommentAction\",\"name\":\"Comment\",\"target\":[\"https:\\\/\\\/lamarinabj.com\\\/index.php\\\/2026\\\/01\\\/08\\\/interconnexion-electrique-guinee-mali-pourquoi-la-bad-a-mis-au-ban-le-malien-iya-sarl\\\/#respond\"]}]},{\"@type\":[\"WebPage\",\"SearchResultsPage\"],\"@id\":\"https:\\\/\\\/lamarinabj.com\\\/index.php\\\/2026\\\/01\\\/08\\\/interconnexion-electrique-guinee-mali-pourquoi-la-bad-a-mis-au-ban-le-malien-iya-sarl\\\/\",\"url\":\"https:\\\/\\\/lamarinabj.com\\\/index.php\\\/2026\\\/01\\\/08\\\/interconnexion-electrique-guinee-mali-pourquoi-la-bad-a-mis-au-ban-le-malien-iya-sarl\\\/\",\"name\":\"Interconnexion \u00e9lectrique Guin\u00e9e-Mali : pourquoi la BAD a mis au ban le malien IYA SARL - LA MARINA BJ\",\"isPartOf\":{\"@id\":\"https:\\\/\\\/lamarinabj.com\\\/#website\"},\"primaryImageOfPage\":{\"@id\":\"https:\\\/\\\/lamarinabj.com\\\/index.php\\\/2026\\\/01\\\/08\\\/interconnexion-electrique-guinee-mali-pourquoi-la-bad-a-mis-au-ban-le-malien-iya-sarl\\\/#primaryimage\"},\"image\":{\"@id\":\"https:\\\/\\\/lamarinabj.com\\\/index.php\\\/2026\\\/01\\\/08\\\/interconnexion-electrique-guinee-mali-pourquoi-la-bad-a-mis-au-ban-le-malien-iya-sarl\\\/#primaryimage\"},\"thumbnailUrl\":\"https:\\\/\\\/lamarinabj.com\\\/wp-content\\\/uploads\\\/2026\\\/01\\\/20260108_101548_0000.jpg\",\"datePublished\":\"2026-01-08T13:36:00+00:00\",\"author\":{\"@id\":\"https:\\\/\\\/lamarinabj.com\\\/#\\\/schema\\\/person\\\/70c372a4c3c86bd4844a0382357a0f2d\"},\"description\":\"Le Groupe de la Banque africaine de d\u00e9veloppement (BAD) a annonc\u00e9 l'exclusion de la soci\u00e9t\u00e9 de construction IYA S.A.R.L. de tout projet financ\u00e9 par l'institution pour une dur\u00e9e de 20 mois.\",\"breadcrumb\":{\"@id\":\"https:\\\/\\\/lamarinabj.com\\\/index.php\\\/2026\\\/01\\\/08\\\/interconnexion-electrique-guinee-mali-pourquoi-la-bad-a-mis-au-ban-le-malien-iya-sarl\\\/#breadcrumb\"},\"inLanguage\":\"fr-FR\",\"potentialAction\":[{\"@type\":\"ReadAction\",\"target\":[\"https:\\\/\\\/lamarinabj.com\\\/index.php\\\/2026\\\/01\\\/08\\\/interconnexion-electrique-guinee-mali-pourquoi-la-bad-a-mis-au-ban-le-malien-iya-sarl\\\/\"]}]},{\"@type\":\"ImageObject\",\"inLanguage\":\"fr-FR\",\"@id\":\"https:\\\/\\\/lamarinabj.com\\\/index.php\\\/2026\\\/01\\\/08\\\/interconnexion-electrique-guinee-mali-pourquoi-la-bad-a-mis-au-ban-le-malien-iya-sarl\\\/#primaryimage\",\"url\":\"https:\\\/\\\/lamarinabj.com\\\/wp-content\\\/uploads\\\/2026\\\/01\\\/20260108_101548_0000.jpg\",\"contentUrl\":\"https:\\\/\\\/lamarinabj.com\\\/wp-content\\\/uploads\\\/2026\\\/01\\\/20260108_101548_0000.jpg\",\"width\":1300,\"height\":535},{\"@type\":\"BreadcrumbList\",\"@id\":\"https:\\\/\\\/lamarinabj.com\\\/index.php\\\/2026\\\/01\\\/08\\\/interconnexion-electrique-guinee-mali-pourquoi-la-bad-a-mis-au-ban-le-malien-iya-sarl\\\/#breadcrumb\",\"itemListElement\":[{\"@type\":\"ListItem\",\"position\":1,\"name\":\"Accueil\",\"item\":\"https:\\\/\\\/lamarinabj.com\\\/\"},{\"@type\":\"ListItem\",\"position\":2,\"name\":\"Interconnexion \u00e9lectrique Guin\u00e9e-Mali : pourquoi la BAD a mis au ban le malien IYA SARL\"}]},{\"@type\":\"WebSite\",\"@id\":\"https:\\\/\\\/lamarinabj.com\\\/#website\",\"url\":\"https:\\\/\\\/lamarinabj.com\\\/\",\"name\":\"LA MARINA BJ\",\"description\":\"Votre portail vers l&#039;information strat\u00e9gique au B\u00e9nin, en Afrique et au-del\u00e0\",\"potentialAction\":[{\"@type\":\"SearchAction\",\"target\":{\"@type\":\"EntryPoint\",\"urlTemplate\":\"https:\\\/\\\/lamarinabj.com\\\/?s={search_term_string}\"},\"query-input\":{\"@type\":\"PropertyValueSpecification\",\"valueRequired\":true,\"valueName\":\"search_term_string\"}}],\"inLanguage\":\"fr-FR\"},{\"@type\":\"Person\",\"@id\":\"https:\\\/\\\/lamarinabj.com\\\/#\\\/schema\\\/person\\\/70c372a4c3c86bd4844a0382357a0f2d\",\"name\":\"La Marina BJ - Team Veille &amp; Projets publics\",\"image\":{\"@type\":\"ImageObject\",\"inLanguage\":\"fr-FR\",\"@id\":\"https:\\\/\\\/secure.gravatar.com\\\/avatar\\\/b56740eda81210101c8acebdd7c5c7db1bd0ab57f63df607996683fa153ff0d0?s=96&d=mm&r=g\",\"url\":\"https:\\\/\\\/secure.gravatar.com\\\/avatar\\\/b56740eda81210101c8acebdd7c5c7db1bd0ab57f63df607996683fa153ff0d0?s=96&d=mm&r=g\",\"contentUrl\":\"https:\\\/\\\/secure.gravatar.com\\\/avatar\\\/b56740eda81210101c8acebdd7c5c7db1bd0ab57f63df607996683fa153ff0d0?s=96&d=mm&r=g\",\"caption\":\"La Marina BJ - Team Veille &amp; Projets publics\"},\"description\":\"La Team Veille &amp; Projets publics de La Marina BJ est d\u00e9di\u00e9e \u00e0 la surveillance proactive des dynamiques institutionnelles impuls\u00e9es par l\u2019\u00c9tat, les agences publiques, les collectivit\u00e9s territoriales ainsi que les partenaires techniques et financiers. Gr\u00e2ce \u00e0 une veille strat\u00e9gique permanente, cette \u00e9quipe identifie et suit les projets de d\u00e9veloppement, les \u00e9tudes pr\u00e9alables et les investissements publics majeurs. Elle documente les politiques sectorielles, analyse les enjeux techniques, \u00e9conomiques, sociaux et environnementaux, et produit des contenus exclusifs pour \u00e9clairer les mutations structurelles.\",\"url\":\"https:\\\/\\\/lamarinabj.com\\\/index.php\\\/author\\\/simahou\\\/\"}]}<\/script>\n<!-- \/ Yoast SEO plugin. -->","yoast_head_json":{"title":"Interconnexion \u00e9lectrique Guin\u00e9e-Mali : pourquoi la BAD a mis au ban le malien IYA SARL - LA MARINA BJ","description":"Le Groupe de la Banque africaine de d\u00e9veloppement (BAD) a annonc\u00e9 l'exclusion de la soci\u00e9t\u00e9 de construction IYA S.A.R.L. de tout projet financ\u00e9 par l'institution pour une dur\u00e9e de 20 mois.","robots":{"index":"index","follow":"follow","max-snippet":"max-snippet:-1","max-image-preview":"max-image-preview:large","max-video-preview":"max-video-preview:-1"},"canonical":"https:\/\/lamarinabj.com\/index.php\/2026\/01\/08\/interconnexion-electrique-guinee-mali-pourquoi-la-bad-a-mis-au-ban-le-malien-iya-sarl\/","og_locale":"fr_FR","og_type":"article","og_title":"Interconnexion \u00e9lectrique Guin\u00e9e-Mali : pourquoi la BAD a mis au ban le malien IYA SARL - LA MARINA BJ","og_description":"Le Groupe de la Banque africaine de d\u00e9veloppement (BAD) a annonc\u00e9 l'exclusion de la soci\u00e9t\u00e9 de construction IYA S.A.R.L. de tout projet financ\u00e9 par l'institution pour une dur\u00e9e de 20 mois.","og_url":"https:\/\/lamarinabj.com\/index.php\/2026\/01\/08\/interconnexion-electrique-guinee-mali-pourquoi-la-bad-a-mis-au-ban-le-malien-iya-sarl\/","og_site_name":"LA MARINA BJ","article_published_time":"2026-01-08T13:36:00+00:00","og_image":[{"width":1300,"height":535,"url":"https:\/\/lamarinabj.com\/wp-content\/uploads\/2026\/01\/20260108_101548_0000.jpg","type":"image\/jpeg"}],"author":"La Marina BJ - Team Veille &amp; Projets publics","twitter_card":"summary_large_image","twitter_misc":{"\u00c9crit par":"La Marina BJ - Team Veille &amp; Projets publics","Dur\u00e9e de lecture estim\u00e9e":"2 minutes"},"schema":{"@context":"https:\/\/schema.org","@graph":[{"@type":"NewsArticle","@id":"https:\/\/lamarinabj.com\/index.php\/2026\/01\/08\/interconnexion-electrique-guinee-mali-pourquoi-la-bad-a-mis-au-ban-le-malien-iya-sarl\/#article","isPartOf":{"@id":"https:\/\/lamarinabj.com\/index.php\/2026\/01\/08\/interconnexion-electrique-guinee-mali-pourquoi-la-bad-a-mis-au-ban-le-malien-iya-sarl\/"},"author":{"name":"La Marina BJ - Team Veille &amp; Projets publics","@id":"https:\/\/lamarinabj.com\/#\/schema\/person\/70c372a4c3c86bd4844a0382357a0f2d"},"headline":"Interconnexion \u00e9lectrique Guin\u00e9e-Mali : pourquoi la BAD a mis au ban le malien IYA SARL","datePublished":"2026-01-08T13:36:00+00:00","mainEntityOfPage":{"@id":"https:\/\/lamarinabj.com\/index.php\/2026\/01\/08\/interconnexion-electrique-guinee-mali-pourquoi-la-bad-a-mis-au-ban-le-malien-iya-sarl\/"},"wordCount":416,"commentCount":0,"image":{"@id":"https:\/\/lamarinabj.com\/index.php\/2026\/01\/08\/interconnexion-electrique-guinee-mali-pourquoi-la-bad-a-mis-au-ban-le-malien-iya-sarl\/#primaryimage"},"thumbnailUrl":"https:\/\/lamarinabj.com\/wp-content\/uploads\/2026\/01\/20260108_101548_0000.jpg","keywords":["BAD","Guin\u00e9e","IYA S.A.R.L.","Mali"],"articleSection":["INTERNATIONAL"],"inLanguage":"fr-FR","potentialAction":[{"@type":"CommentAction","name":"Comment","target":["https:\/\/lamarinabj.com\/index.php\/2026\/01\/08\/interconnexion-electrique-guinee-mali-pourquoi-la-bad-a-mis-au-ban-le-malien-iya-sarl\/#respond"]}]},{"@type":["WebPage","SearchResultsPage"],"@id":"https:\/\/lamarinabj.com\/index.php\/2026\/01\/08\/interconnexion-electrique-guinee-mali-pourquoi-la-bad-a-mis-au-ban-le-malien-iya-sarl\/","url":"https:\/\/lamarinabj.com\/index.php\/2026\/01\/08\/interconnexion-electrique-guinee-mali-pourquoi-la-bad-a-mis-au-ban-le-malien-iya-sarl\/","name":"Interconnexion \u00e9lectrique Guin\u00e9e-Mali : pourquoi la BAD a mis au ban le malien IYA SARL - LA MARINA BJ","isPartOf":{"@id":"https:\/\/lamarinabj.com\/#website"},"primaryImageOfPage":{"@id":"https:\/\/lamarinabj.com\/index.php\/2026\/01\/08\/interconnexion-electrique-guinee-mali-pourquoi-la-bad-a-mis-au-ban-le-malien-iya-sarl\/#primaryimage"},"image":{"@id":"https:\/\/lamarinabj.com\/index.php\/2026\/01\/08\/interconnexion-electrique-guinee-mali-pourquoi-la-bad-a-mis-au-ban-le-malien-iya-sarl\/#primaryimage"},"thumbnailUrl":"https:\/\/lamarinabj.com\/wp-content\/uploads\/2026\/01\/20260108_101548_0000.jpg","datePublished":"2026-01-08T13:36:00+00:00","author":{"@id":"https:\/\/lamarinabj.com\/#\/schema\/person\/70c372a4c3c86bd4844a0382357a0f2d"},"description":"Le Groupe de la Banque africaine de d\u00e9veloppement (BAD) a annonc\u00e9 l'exclusion de la soci\u00e9t\u00e9 de construction IYA S.A.R.L. de tout projet financ\u00e9 par l'institution pour une dur\u00e9e de 20 mois.","breadcrumb":{"@id":"https:\/\/lamarinabj.com\/index.php\/2026\/01\/08\/interconnexion-electrique-guinee-mali-pourquoi-la-bad-a-mis-au-ban-le-malien-iya-sarl\/#breadcrumb"},"inLanguage":"fr-FR","potentialAction":[{"@type":"ReadAction","target":["https:\/\/lamarinabj.com\/index.php\/2026\/01\/08\/interconnexion-electrique-guinee-mali-pourquoi-la-bad-a-mis-au-ban-le-malien-iya-sarl\/"]}]},{"@type":"ImageObject","inLanguage":"fr-FR","@id":"https:\/\/lamarinabj.com\/index.php\/2026\/01\/08\/interconnexion-electrique-guinee-mali-pourquoi-la-bad-a-mis-au-ban-le-malien-iya-sarl\/#primaryimage","url":"https:\/\/lamarinabj.com\/wp-content\/uploads\/2026\/01\/20260108_101548_0000.jpg","contentUrl":"https:\/\/lamarinabj.com\/wp-content\/uploads\/2026\/01\/20260108_101548_0000.jpg","width":1300,"height":535},{"@type":"BreadcrumbList","@id":"https:\/\/lamarinabj.com\/index.php\/2026\/01\/08\/interconnexion-electrique-guinee-mali-pourquoi-la-bad-a-mis-au-ban-le-malien-iya-sarl\/#breadcrumb","itemListElement":[{"@type":"ListItem","position":1,"name":"Accueil","item":"https:\/\/lamarinabj.com\/"},{"@type":"ListItem","position":2,"name":"Interconnexion \u00e9lectrique Guin\u00e9e-Mali : pourquoi la BAD a mis au ban le malien IYA SARL"}]},{"@type":"WebSite","@id":"https:\/\/lamarinabj.com\/#website","url":"https:\/\/lamarinabj.com\/","name":"LA MARINA BJ","description":"Votre portail vers l&#039;information strat\u00e9gique au B\u00e9nin, en Afrique et au-del\u00e0","potentialAction":[{"@type":"SearchAction","target":{"@type":"EntryPoint","urlTemplate":"https:\/\/lamarinabj.com\/?s={search_term_string}"},"query-input":{"@type":"PropertyValueSpecification","valueRequired":true,"valueName":"search_term_string"}}],"inLanguage":"fr-FR"},{"@type":"Person","@id":"https:\/\/lamarinabj.com\/#\/schema\/person\/70c372a4c3c86bd4844a0382357a0f2d","name":"La Marina BJ - Team Veille &amp; Projets publics","image":{"@type":"ImageObject","inLanguage":"fr-FR","@id":"https:\/\/secure.gravatar.com\/avatar\/b56740eda81210101c8acebdd7c5c7db1bd0ab57f63df607996683fa153ff0d0?s=96&d=mm&r=g","url":"https:\/\/secure.gravatar.com\/avatar\/b56740eda81210101c8acebdd7c5c7db1bd0ab57f63df607996683fa153ff0d0?s=96&d=mm&r=g","contentUrl":"https:\/\/secure.gravatar.com\/avatar\/b56740eda81210101c8acebdd7c5c7db1bd0ab57f63df607996683fa153ff0d0?s=96&d=mm&r=g","caption":"La Marina BJ - Team Veille &amp; Projets publics"},"description":"La Team Veille &amp; Projets publics de La Marina BJ est d\u00e9di\u00e9e \u00e0 la surveillance proactive des dynamiques institutionnelles impuls\u00e9es par l\u2019\u00c9tat, les agences publiques, les collectivit\u00e9s territoriales ainsi que les partenaires techniques et financiers. Gr\u00e2ce \u00e0 une veille strat\u00e9gique permanente, cette \u00e9quipe identifie et suit les projets de d\u00e9veloppement, les \u00e9tudes pr\u00e9alables et les investissements publics majeurs. Elle documente les politiques sectorielles, analyse les enjeux techniques, \u00e9conomiques, sociaux et environnementaux, et produit des contenus exclusifs pour \u00e9clairer les mutations structurelles.","url":"https:\/\/lamarinabj.com\/index.php\/author\/simahou\/"}]}},"_links":{"self":[{"href":"https:\/\/lamarinabj.com\/index.php\/wp-json\/wp\/v2\/posts\/13473","targetHints":{"allow":["GET"]}}],"collection":[{"href":"https:\/\/lamarinabj.com\/index.php\/wp-json\/wp\/v2\/posts"}],"about":[{"href":"https:\/\/lamarinabj.com\/index.php\/wp-json\/wp\/v2\/types\/post"}],"author":[{"embeddable":true,"href":"https:\/\/lamarinabj.com\/index.php\/wp-json\/wp\/v2\/users\/3"}],"replies":[{"embeddable":true,"href":"https:\/\/lamarinabj.com\/index.php\/wp-json\/wp\/v2\/comments?post=13473"}],"version-history":[{"count":1,"href":"https:\/\/lamarinabj.com\/index.php\/wp-json\/wp\/v2\/posts\/13473\/revisions"}],"predecessor-version":[{"id":13475,"href":"https:\/\/lamarinabj.com\/index.php\/wp-json\/wp\/v2\/posts\/13473\/revisions\/13475"}],"wp:featuredmedia":[{"embeddable":true,"href":"https:\/\/lamarinabj.com\/index.php\/wp-json\/wp\/v2\/media\/13474"}],"wp:attachment":[{"href":"https:\/\/lamarinabj.com\/index.php\/wp-json\/wp\/v2\/media?parent=13473"}],"wp:term":[{"taxonomy":"category","embeddable":true,"href":"https:\/\/lamarinabj.com\/index.php\/wp-json\/wp\/v2\/categories?post=13473"},{"taxonomy":"post_tag","embeddable":true,"href":"https:\/\/lamarinabj.com\/index.php\/wp-json\/wp\/v2\/tags?post=13473"}],"curies":[{"name":"wp","href":"https:\/\/api.w.org\/{rel}","templated":true}]}}