{"id":13875,"date":"2026-02-16T08:35:39","date_gmt":"2026-02-16T07:35:39","guid":{"rendered":"https:\/\/lamarinabj.com\/?p=13875"},"modified":"2026-02-16T08:35:40","modified_gmt":"2026-02-16T07:35:40","slug":"gouvernance-locale-au-benin-83-de-nouveaux-visages-a-la-tete-des-mairies","status":"publish","type":"post","link":"https:\/\/lamarinabj.com\/index.php\/2026\/02\/16\/gouvernance-locale-au-benin-83-de-nouveaux-visages-a-la-tete-des-mairies\/","title":{"rendered":"Gouvernance locale au B\u00e9nin : 83 % de nouveaux visages \u00e0 la t\u00eate des mairies"},"content":{"rendered":"\n<p><strong><mark style=\"background-color:rgba(0, 0, 0, 0)\" class=\"has-inline-color has-red-color\">Politique, La Marina BJ <\/mark><\/strong>\u2013 <strong><em>Le paysage de la d\u00e9centralisation au B\u00e9nin vient de conna\u00eetre une mutation sans pr\u00e9c\u00e9dent. \u00c0 l\u2019issue d\u2019un marathon d\u2019installations achev\u00e9 pour l&rsquo;essentiel ce dimanche 15 f\u00e9vrier 2026, le verdict des urnes du 11 janvier dernier se traduit par un balayage massif de l\u2019ex\u00e9cutif communal. Sur les 72 communes d\u00e9j\u00e0 fix\u00e9es, 60 sont d\u00e9sormais dirig\u00e9es par de nouveaux visages, marquant une rupture radicale avec la mandature pr\u00e9c\u00e9dente.<\/em><\/strong><\/p>\n\n\n\n<p>L&rsquo;effervescence \u00e9tait palpable dans les h\u00f4tels de ville ce week-end, \u00e0 travers tout le pays. Les nouveaux conseils communaux ont officiellement pris leurs fonctions lors de s\u00e9ances solennelles, validant les choix des \u00e9tats-majors politiques pour les diff\u00e9rents ex\u00e9cutifs. Les statistiques compil\u00e9es au soir de ce dimanche r\u00e9v\u00e8lent une tendance historique : le visage de la gouvernance locale a \u00e9t\u00e9 renouvel\u00e9 dans plus de 83 % des communes install\u00e9es, ne laissant que de rares \u00eelots de continuit\u00e9 sur l&rsquo;ensemble du territoire.<\/p>\n\n\n\n<h2 id=\"un-renouvellement-integral-dans-les-villes-a-statut-particulier\" class=\"wp-block-heading\"><mark style=\"background-color:rgba(0, 0, 0, 0)\" class=\"has-inline-color has-red-color\">Un renouvellement int\u00e9gral dans les villes \u00e0 statut particulier<\/mark><\/h2>\n\n\n\n<p>L&rsquo;un des faits saillants de ce scrutin r\u00e9side dans le renouvellement total de l&rsquo;ex\u00e9cutif des p\u00f4les urbains majeurs. \u00c0 Cotonou, Luc GNACADJA succ\u00e8de \u00e0 Luc Atrokpo, tandis qu&rsquo;\u00e0 Porto-Novo, Rachad TOUKOUROU prend les r\u00eanes de la capitale. La dynamique est identique \u00e0 Parakou avec l&rsquo;installation de Zul-Kifly ZAKARIE, et \u00e0 Abomey-Calavi o\u00f9 Nathana\u00ebl KOTY s&rsquo;installe \u00e0 l&rsquo;h\u00f4tel de ville. Ce basculement \u00e0 100 % au sommet des grandes municipalit\u00e9s souligne une volont\u00e9 de redistribution des cartes dans la gestion des centres n\u00e9vralgiques du pays.<\/p>\n\n\n\n<p>Le taux national de renouvellement atteint le niveau record de 83,33 %. Si les \u00ab\u00a0nouvelles t\u00eates\u00a0\u00bb dominent d\u00e9sormais l&rsquo;\u00e9chiquier local, un cercle restreint de douze maires a r\u00e9ussi \u00e0 conserver son fauteuil. Ces figures de continuit\u00e9, qui ont su maintenir la confiance de leurs formations politiques respectives (UPR et BR), se comptent au nombre de douze sur l&rsquo;ensemble du territoire install\u00e9. Parmi ces rares rescap\u00e9s de la vague de 2026, on retrouve Auguste A\u00efhunhin (Cov\u00e8), Christian Hou\u00e9tch\u00e9nou (Ouidah), Tat\u00e9 Ouind\u00e9yama (Natitingou) et Kenam Mensah (Kpomass\u00e8). La liste des reconductions est compl\u00e9t\u00e9e par Zinatou Alazi Oss\u00e9ni Saka (Kandi), Joseph Hounkanrin (Akpro-Miss\u00e9r\u00e9t\u00e9), Idrissou Yaya (Djougou), Andr\u00e9 Todj\u00e8 (S\u00f4-Ava), Ulrich Janvier Sok\u00e9gb\u00e9 (Djakotomey), Gabriel Ganhoutod\u00e9 (Avrankou), Germain Wanvo\u00e8gb\u00e9 (Adjarra) et Robert Kassa (Mat\u00e9ri).<\/p>\n\n\n\n<p>L&rsquo;analyse g\u00e9ographique des installations montre une r\u00e9partition contrast\u00e9e du pouvoir entre anciens et nouveaux \u00e9lus. Outre les d\u00e9partements (Littoral, Couffo et Collines) ayant totalement renouvel\u00e9 leurs t\u00eates de pont, le Mono enregistre un taux de mutation de 83,3 %, avec des renouvellements dans cinq communes, \u00e0 savoir : Lokossa, Com\u00e8, Grand-Popo, Hou\u00e9yogb\u00e9 et Athi\u00e9m\u00e9. Parall\u00e8lement, le Zou et le Borgou franchissent la barre des 75 % de nouveaux maires. Les d\u00e9partements de l&rsquo;Atlantique et de l&rsquo;Ou\u00e9m\u00e9 pr\u00e9sentent une configuration identique, avec deux tiers de nouveaux visages pour un tiers de reconductions. Enfin, l&rsquo;Atacora (66,66 %) et la Donga (75 %) affichent \u00e9galement des majorit\u00e9s de nouvelles figures.<\/p>\n\n\n\n<h2 id=\"cinq-communes-toujours-en-attente\" class=\"wp-block-heading\"><mark style=\"background-color:rgba(0, 0, 0, 0)\" class=\"has-inline-color has-red-color\">Cinq communes toujours en attente<\/mark><\/h2>\n\n\n\n<p>Le processus d&rsquo;installation ne couvre pas encore l&rsquo;int\u00e9gralit\u00e9 du territoire. Cinq communes n&rsquo;ont pas encore sacrifi\u00e9 au rituel de l&rsquo;installation officielle de leurs responsables. Cette situation concerne les localit\u00e9s de Karimama et de Gogounou dans le d\u00e9partement de l&rsquo;Alibori, ainsi que Sak\u00e9t\u00e9, Ifangni et Adja-Ou\u00e9r\u00e9 dans le Plateau. Les autorit\u00e9s comp\u00e9tentes pr\u00e9voient de finaliser ces derni\u00e8res \u00e9tapes dans les prochains jours.<\/p>\n\n\n\n<p>Pr\u00e9cisons, pour finir, que cette nouvelle configuration s&rsquo;inscrit dans un cadre juridique strict. Selon les r\u00e9sultats d\u00e9finitifs de la Commission \u00c9lectorale Nationale Autonome (CENA), seuls les partis Union Progressiste le Renouveau (UPR) et Bloc R\u00e9publicain (BR) ont \u00e9t\u00e9 d\u00e9clar\u00e9s \u00e9ligibles au partage des si\u00e8ges. En application du code \u00e9lectoral, l&rsquo;ensemble des mairies du pays se trouve d\u00e9sormais sous la gestion exclusive de ces deux formations de la mouvance pr\u00e9sidentielle, seules \u00e0 avoir franchi les seuils de repr\u00e9sentativit\u00e9 requis.<\/p>\n\n\n\n<p><\/p>\n\n\n\n<p><\/p>\n\n\n\n<p><\/p>\n\n\n\n<p><\/p>\n\n\n\n<p><\/p>\n\n\n\n<p><\/p>\n","protected":false},"excerpt":{"rendered":"Politique, La Marina BJ \u2013 Le paysage de la d\u00e9centralisation au B\u00e9nin vient de conna\u00eetre une mutation sans&hellip;\n","protected":false},"author":9,"featured_media":13876,"comment_status":"open","ping_status":"open","sticky":false,"template":"elementor_theme","format":"standard","meta":{"csco_singular_sidebar":"","csco_page_header_type":"standard","csco_appearance_masonry":"","csco_page_load_nextpost":"","csco_post_video_location":[],"csco_post_video_location_hash":"","csco_post_video_url":"","csco_post_video_bg_start_time":0,"csco_post_video_bg_end_time":0,"footnotes":""},"categories":[1705,191],"tags":[41,99,1953],"class_list":{"0":"post-13875","1":"post","2":"type-post","3":"status-publish","4":"format-standard","5":"has-post-thumbnail","7":"category-elections-generales-de-2026","8":"category-en-savoir-plus-2","9":"tag-benin","10":"tag-decentralisation","11":"tag-elections-communales-et-municipales","12":"cs-entry","13":"cs-video-wrap"},"yoast_head":"<!-- This site is optimized with the Yoast SEO plugin v27.4 - https:\/\/yoast.com\/product\/yoast-seo-wordpress\/ -->\n<title>Gouvernance locale au B\u00e9nin : 83 % de nouveaux visages \u00e0 la t\u00eate des mairies - LA MARINA BJ<\/title>\n<meta name=\"description\" content=\"\u00c0 l\u2019issue d\u2019un marathon d\u2019installations achev\u00e9 pour l&#039;essentiel ce dimanche 15 f\u00e9vrier 2026, le verdict des urnes du 11 janvier dernier se traduit par un balayage massif de l\u2019ex\u00e9cutif communal. Sur les 72 communes d\u00e9j\u00e0 fix\u00e9es, 60 sont d\u00e9sormais dirig\u00e9es par de nouveaux visages, marquant une rupture radicale avec la mandature pr\u00e9c\u00e9dente.\" \/>\n<meta name=\"robots\" content=\"index, follow, max-snippet:-1, max-image-preview:large, max-video-preview:-1\" \/>\n<link rel=\"canonical\" href=\"https:\/\/lamarinabj.com\/index.php\/2026\/02\/16\/gouvernance-locale-au-benin-83-de-nouveaux-visages-a-la-tete-des-mairies\/\" \/>\n<meta property=\"og:locale\" content=\"fr_FR\" \/>\n<meta property=\"og:type\" content=\"article\" \/>\n<meta property=\"og:title\" content=\"Gouvernance locale au B\u00e9nin : 83 % de nouveaux visages \u00e0 la t\u00eate des mairies - LA MARINA BJ\" \/>\n<meta property=\"og:description\" content=\"\u00c0 l\u2019issue d\u2019un marathon d\u2019installations achev\u00e9 pour l&#039;essentiel ce dimanche 15 f\u00e9vrier 2026, le verdict des urnes du 11 janvier dernier se traduit par un balayage massif de l\u2019ex\u00e9cutif communal. Sur les 72 communes d\u00e9j\u00e0 fix\u00e9es, 60 sont d\u00e9sormais dirig\u00e9es par de nouveaux visages, marquant une rupture radicale avec la mandature pr\u00e9c\u00e9dente.\" \/>\n<meta property=\"og:url\" content=\"https:\/\/lamarinabj.com\/index.php\/2026\/02\/16\/gouvernance-locale-au-benin-83-de-nouveaux-visages-a-la-tete-des-mairies\/\" \/>\n<meta property=\"og:site_name\" content=\"LA MARINA BJ\" \/>\n<meta property=\"article:published_time\" content=\"2026-02-16T07:35:39+00:00\" \/>\n<meta property=\"article:modified_time\" content=\"2026-02-16T07:35:40+00:00\" \/>\n<meta property=\"og:image\" content=\"https:\/\/lamarinabj.com\/wp-content\/uploads\/2026\/02\/sbee-are_20260216_080811_0000.jpg\" \/>\n\t<meta property=\"og:image:width\" content=\"1080\" \/>\n\t<meta property=\"og:image:height\" content=\"1080\" \/>\n\t<meta property=\"og:image:type\" content=\"image\/jpeg\" \/>\n<meta name=\"author\" content=\"La Marina BJ - Team Politique &amp; Gouvernance\" \/>\n<meta name=\"twitter:card\" content=\"summary_large_image\" \/>\n<meta name=\"twitter:label1\" content=\"\u00c9crit par\" \/>\n\t<meta name=\"twitter:data1\" content=\"La Marina BJ - Team Politique &amp; Gouvernance\" \/>\n\t<meta name=\"twitter:label2\" content=\"Dur\u00e9e de lecture estim\u00e9e\" \/>\n\t<meta name=\"twitter:data2\" content=\"4 minutes\" \/>\n<script type=\"application\/ld+json\" class=\"yoast-schema-graph\">{\"@context\":\"https:\\\/\\\/schema.org\",\"@graph\":[{\"@type\":\"NewsArticle\",\"@id\":\"https:\\\/\\\/lamarinabj.com\\\/index.php\\\/2026\\\/02\\\/16\\\/gouvernance-locale-au-benin-83-de-nouveaux-visages-a-la-tete-des-mairies\\\/#article\",\"isPartOf\":{\"@id\":\"https:\\\/\\\/lamarinabj.com\\\/index.php\\\/2026\\\/02\\\/16\\\/gouvernance-locale-au-benin-83-de-nouveaux-visages-a-la-tete-des-mairies\\\/\"},\"author\":{\"name\":\"La Marina BJ - Team Politique &amp; Gouvernance\",\"@id\":\"https:\\\/\\\/lamarinabj.com\\\/#\\\/schema\\\/person\\\/402e6a9448a09031724da97f9dae67e8\"},\"headline\":\"Gouvernance locale au B\u00e9nin : 83 % de nouveaux visages \u00e0 la t\u00eate des mairies\",\"datePublished\":\"2026-02-16T07:35:39+00:00\",\"dateModified\":\"2026-02-16T07:35:40+00:00\",\"mainEntityOfPage\":{\"@id\":\"https:\\\/\\\/lamarinabj.com\\\/index.php\\\/2026\\\/02\\\/16\\\/gouvernance-locale-au-benin-83-de-nouveaux-visages-a-la-tete-des-mairies\\\/\"},\"wordCount\":697,\"commentCount\":0,\"image\":{\"@id\":\"https:\\\/\\\/lamarinabj.com\\\/index.php\\\/2026\\\/02\\\/16\\\/gouvernance-locale-au-benin-83-de-nouveaux-visages-a-la-tete-des-mairies\\\/#primaryimage\"},\"thumbnailUrl\":\"https:\\\/\\\/lamarinabj.com\\\/wp-content\\\/uploads\\\/2026\\\/02\\\/sbee-are_20260216_080811_0000.jpg\",\"keywords\":[\"B\u00e9nin\",\"D\u00e9centralisation\",\"\u00c9lections communales et municipales\"],\"articleSection\":[\"\u00c9LECTIONS G\u00c9N\u00c9RALES DE 2026\",\"EN SAVOIR PLUS\"],\"inLanguage\":\"fr-FR\",\"potentialAction\":[{\"@type\":\"CommentAction\",\"name\":\"Comment\",\"target\":[\"https:\\\/\\\/lamarinabj.com\\\/index.php\\\/2026\\\/02\\\/16\\\/gouvernance-locale-au-benin-83-de-nouveaux-visages-a-la-tete-des-mairies\\\/#respond\"]}]},{\"@type\":[\"WebPage\",\"SearchResultsPage\"],\"@id\":\"https:\\\/\\\/lamarinabj.com\\\/index.php\\\/2026\\\/02\\\/16\\\/gouvernance-locale-au-benin-83-de-nouveaux-visages-a-la-tete-des-mairies\\\/\",\"url\":\"https:\\\/\\\/lamarinabj.com\\\/index.php\\\/2026\\\/02\\\/16\\\/gouvernance-locale-au-benin-83-de-nouveaux-visages-a-la-tete-des-mairies\\\/\",\"name\":\"Gouvernance locale au B\u00e9nin : 83 % de nouveaux visages \u00e0 la t\u00eate des mairies - LA MARINA BJ\",\"isPartOf\":{\"@id\":\"https:\\\/\\\/lamarinabj.com\\\/#website\"},\"primaryImageOfPage\":{\"@id\":\"https:\\\/\\\/lamarinabj.com\\\/index.php\\\/2026\\\/02\\\/16\\\/gouvernance-locale-au-benin-83-de-nouveaux-visages-a-la-tete-des-mairies\\\/#primaryimage\"},\"image\":{\"@id\":\"https:\\\/\\\/lamarinabj.com\\\/index.php\\\/2026\\\/02\\\/16\\\/gouvernance-locale-au-benin-83-de-nouveaux-visages-a-la-tete-des-mairies\\\/#primaryimage\"},\"thumbnailUrl\":\"https:\\\/\\\/lamarinabj.com\\\/wp-content\\\/uploads\\\/2026\\\/02\\\/sbee-are_20260216_080811_0000.jpg\",\"datePublished\":\"2026-02-16T07:35:39+00:00\",\"dateModified\":\"2026-02-16T07:35:40+00:00\",\"author\":{\"@id\":\"https:\\\/\\\/lamarinabj.com\\\/#\\\/schema\\\/person\\\/402e6a9448a09031724da97f9dae67e8\"},\"description\":\"\u00c0 l\u2019issue d\u2019un marathon d\u2019installations achev\u00e9 pour l'essentiel ce dimanche 15 f\u00e9vrier 2026, le verdict des urnes du 11 janvier dernier se traduit par un balayage massif de l\u2019ex\u00e9cutif communal. Sur les 72 communes d\u00e9j\u00e0 fix\u00e9es, 60 sont d\u00e9sormais dirig\u00e9es par de nouveaux visages, marquant une rupture radicale avec la mandature pr\u00e9c\u00e9dente.\",\"breadcrumb\":{\"@id\":\"https:\\\/\\\/lamarinabj.com\\\/index.php\\\/2026\\\/02\\\/16\\\/gouvernance-locale-au-benin-83-de-nouveaux-visages-a-la-tete-des-mairies\\\/#breadcrumb\"},\"inLanguage\":\"fr-FR\",\"potentialAction\":[{\"@type\":\"ReadAction\",\"target\":[\"https:\\\/\\\/lamarinabj.com\\\/index.php\\\/2026\\\/02\\\/16\\\/gouvernance-locale-au-benin-83-de-nouveaux-visages-a-la-tete-des-mairies\\\/\"]}]},{\"@type\":\"ImageObject\",\"inLanguage\":\"fr-FR\",\"@id\":\"https:\\\/\\\/lamarinabj.com\\\/index.php\\\/2026\\\/02\\\/16\\\/gouvernance-locale-au-benin-83-de-nouveaux-visages-a-la-tete-des-mairies\\\/#primaryimage\",\"url\":\"https:\\\/\\\/lamarinabj.com\\\/wp-content\\\/uploads\\\/2026\\\/02\\\/sbee-are_20260216_080811_0000.jpg\",\"contentUrl\":\"https:\\\/\\\/lamarinabj.com\\\/wp-content\\\/uploads\\\/2026\\\/02\\\/sbee-are_20260216_080811_0000.jpg\",\"width\":1080,\"height\":1080},{\"@type\":\"BreadcrumbList\",\"@id\":\"https:\\\/\\\/lamarinabj.com\\\/index.php\\\/2026\\\/02\\\/16\\\/gouvernance-locale-au-benin-83-de-nouveaux-visages-a-la-tete-des-mairies\\\/#breadcrumb\",\"itemListElement\":[{\"@type\":\"ListItem\",\"position\":1,\"name\":\"Accueil\",\"item\":\"https:\\\/\\\/lamarinabj.com\\\/\"},{\"@type\":\"ListItem\",\"position\":2,\"name\":\"Gouvernance locale au B\u00e9nin : 83 % de nouveaux visages \u00e0 la t\u00eate des mairies\"}]},{\"@type\":\"WebSite\",\"@id\":\"https:\\\/\\\/lamarinabj.com\\\/#website\",\"url\":\"https:\\\/\\\/lamarinabj.com\\\/\",\"name\":\"LA MARINA BJ\",\"description\":\"Votre portail vers l&#039;information strat\u00e9gique au B\u00e9nin, en Afrique et au-del\u00e0\",\"potentialAction\":[{\"@type\":\"SearchAction\",\"target\":{\"@type\":\"EntryPoint\",\"urlTemplate\":\"https:\\\/\\\/lamarinabj.com\\\/?s={search_term_string}\"},\"query-input\":{\"@type\":\"PropertyValueSpecification\",\"valueRequired\":true,\"valueName\":\"search_term_string\"}}],\"inLanguage\":\"fr-FR\"},{\"@type\":\"Person\",\"@id\":\"https:\\\/\\\/lamarinabj.com\\\/#\\\/schema\\\/person\\\/402e6a9448a09031724da97f9dae67e8\",\"name\":\"La Marina BJ - Team Politique &amp; Gouvernance\",\"image\":{\"@type\":\"ImageObject\",\"inLanguage\":\"fr-FR\",\"@id\":\"https:\\\/\\\/secure.gravatar.com\\\/avatar\\\/fd9545dd7863c2f40d7696b9bb5d085e4615baa276d5cd3e6a5a3bbc53bfae6e?s=96&d=mm&r=g\",\"url\":\"https:\\\/\\\/secure.gravatar.com\\\/avatar\\\/fd9545dd7863c2f40d7696b9bb5d085e4615baa276d5cd3e6a5a3bbc53bfae6e?s=96&d=mm&r=g\",\"contentUrl\":\"https:\\\/\\\/secure.gravatar.com\\\/avatar\\\/fd9545dd7863c2f40d7696b9bb5d085e4615baa276d5cd3e6a5a3bbc53bfae6e?s=96&d=mm&r=g\",\"caption\":\"La Marina BJ - Team Politique &amp; Gouvernance\"},\"description\":\"La Team Politique &amp; Gouvernance de La Marina BJ est au c\u0153ur de l\u2019analyse des enjeux politiques, institutionnels et de gouvernance au B\u00e9nin et en Afrique. Compos\u00e9e de journalistes sp\u00e9cialis\u00e9s en affaires publiques et en politique, cette \u00e9quipe s\u2019attache \u00e0 d\u00e9crypter les d\u00e9cisions politiques, \u00e0 suivre l\u2019\u00e9volution des r\u00e9formes institutionnelles, et \u00e0 analyser les dynamiques de pouvoir au sein des institutions nationales et internationales.\",\"url\":\"https:\\\/\\\/lamarinabj.com\\\/index.php\\\/author\\\/adimi\\\/\"}]}<\/script>\n<!-- \/ Yoast SEO plugin. -->","yoast_head_json":{"title":"Gouvernance locale au B\u00e9nin : 83 % de nouveaux visages \u00e0 la t\u00eate des mairies - LA MARINA BJ","description":"\u00c0 l\u2019issue d\u2019un marathon d\u2019installations achev\u00e9 pour l'essentiel ce dimanche 15 f\u00e9vrier 2026, le verdict des urnes du 11 janvier dernier se traduit par un balayage massif de l\u2019ex\u00e9cutif communal. Sur les 72 communes d\u00e9j\u00e0 fix\u00e9es, 60 sont d\u00e9sormais dirig\u00e9es par de nouveaux visages, marquant une rupture radicale avec la mandature pr\u00e9c\u00e9dente.","robots":{"index":"index","follow":"follow","max-snippet":"max-snippet:-1","max-image-preview":"max-image-preview:large","max-video-preview":"max-video-preview:-1"},"canonical":"https:\/\/lamarinabj.com\/index.php\/2026\/02\/16\/gouvernance-locale-au-benin-83-de-nouveaux-visages-a-la-tete-des-mairies\/","og_locale":"fr_FR","og_type":"article","og_title":"Gouvernance locale au B\u00e9nin : 83 % de nouveaux visages \u00e0 la t\u00eate des mairies - LA MARINA BJ","og_description":"\u00c0 l\u2019issue d\u2019un marathon d\u2019installations achev\u00e9 pour l'essentiel ce dimanche 15 f\u00e9vrier 2026, le verdict des urnes du 11 janvier dernier se traduit par un balayage massif de l\u2019ex\u00e9cutif communal. Sur les 72 communes d\u00e9j\u00e0 fix\u00e9es, 60 sont d\u00e9sormais dirig\u00e9es par de nouveaux visages, marquant une rupture radicale avec la mandature pr\u00e9c\u00e9dente.","og_url":"https:\/\/lamarinabj.com\/index.php\/2026\/02\/16\/gouvernance-locale-au-benin-83-de-nouveaux-visages-a-la-tete-des-mairies\/","og_site_name":"LA MARINA BJ","article_published_time":"2026-02-16T07:35:39+00:00","article_modified_time":"2026-02-16T07:35:40+00:00","og_image":[{"width":1080,"height":1080,"url":"https:\/\/lamarinabj.com\/wp-content\/uploads\/2026\/02\/sbee-are_20260216_080811_0000.jpg","type":"image\/jpeg"}],"author":"La Marina BJ - Team Politique &amp; Gouvernance","twitter_card":"summary_large_image","twitter_misc":{"\u00c9crit par":"La Marina BJ - Team Politique &amp; Gouvernance","Dur\u00e9e de lecture estim\u00e9e":"4 minutes"},"schema":{"@context":"https:\/\/schema.org","@graph":[{"@type":"NewsArticle","@id":"https:\/\/lamarinabj.com\/index.php\/2026\/02\/16\/gouvernance-locale-au-benin-83-de-nouveaux-visages-a-la-tete-des-mairies\/#article","isPartOf":{"@id":"https:\/\/lamarinabj.com\/index.php\/2026\/02\/16\/gouvernance-locale-au-benin-83-de-nouveaux-visages-a-la-tete-des-mairies\/"},"author":{"name":"La Marina BJ - Team Politique &amp; Gouvernance","@id":"https:\/\/lamarinabj.com\/#\/schema\/person\/402e6a9448a09031724da97f9dae67e8"},"headline":"Gouvernance locale au B\u00e9nin : 83 % de nouveaux visages \u00e0 la t\u00eate des mairies","datePublished":"2026-02-16T07:35:39+00:00","dateModified":"2026-02-16T07:35:40+00:00","mainEntityOfPage":{"@id":"https:\/\/lamarinabj.com\/index.php\/2026\/02\/16\/gouvernance-locale-au-benin-83-de-nouveaux-visages-a-la-tete-des-mairies\/"},"wordCount":697,"commentCount":0,"image":{"@id":"https:\/\/lamarinabj.com\/index.php\/2026\/02\/16\/gouvernance-locale-au-benin-83-de-nouveaux-visages-a-la-tete-des-mairies\/#primaryimage"},"thumbnailUrl":"https:\/\/lamarinabj.com\/wp-content\/uploads\/2026\/02\/sbee-are_20260216_080811_0000.jpg","keywords":["B\u00e9nin","D\u00e9centralisation","\u00c9lections communales et municipales"],"articleSection":["\u00c9LECTIONS G\u00c9N\u00c9RALES DE 2026","EN SAVOIR PLUS"],"inLanguage":"fr-FR","potentialAction":[{"@type":"CommentAction","name":"Comment","target":["https:\/\/lamarinabj.com\/index.php\/2026\/02\/16\/gouvernance-locale-au-benin-83-de-nouveaux-visages-a-la-tete-des-mairies\/#respond"]}]},{"@type":["WebPage","SearchResultsPage"],"@id":"https:\/\/lamarinabj.com\/index.php\/2026\/02\/16\/gouvernance-locale-au-benin-83-de-nouveaux-visages-a-la-tete-des-mairies\/","url":"https:\/\/lamarinabj.com\/index.php\/2026\/02\/16\/gouvernance-locale-au-benin-83-de-nouveaux-visages-a-la-tete-des-mairies\/","name":"Gouvernance locale au B\u00e9nin : 83 % de nouveaux visages \u00e0 la t\u00eate des mairies - LA MARINA BJ","isPartOf":{"@id":"https:\/\/lamarinabj.com\/#website"},"primaryImageOfPage":{"@id":"https:\/\/lamarinabj.com\/index.php\/2026\/02\/16\/gouvernance-locale-au-benin-83-de-nouveaux-visages-a-la-tete-des-mairies\/#primaryimage"},"image":{"@id":"https:\/\/lamarinabj.com\/index.php\/2026\/02\/16\/gouvernance-locale-au-benin-83-de-nouveaux-visages-a-la-tete-des-mairies\/#primaryimage"},"thumbnailUrl":"https:\/\/lamarinabj.com\/wp-content\/uploads\/2026\/02\/sbee-are_20260216_080811_0000.jpg","datePublished":"2026-02-16T07:35:39+00:00","dateModified":"2026-02-16T07:35:40+00:00","author":{"@id":"https:\/\/lamarinabj.com\/#\/schema\/person\/402e6a9448a09031724da97f9dae67e8"},"description":"\u00c0 l\u2019issue d\u2019un marathon d\u2019installations achev\u00e9 pour l'essentiel ce dimanche 15 f\u00e9vrier 2026, le verdict des urnes du 11 janvier dernier se traduit par un balayage massif de l\u2019ex\u00e9cutif communal. Sur les 72 communes d\u00e9j\u00e0 fix\u00e9es, 60 sont d\u00e9sormais dirig\u00e9es par de nouveaux visages, marquant une rupture radicale avec la mandature pr\u00e9c\u00e9dente.","breadcrumb":{"@id":"https:\/\/lamarinabj.com\/index.php\/2026\/02\/16\/gouvernance-locale-au-benin-83-de-nouveaux-visages-a-la-tete-des-mairies\/#breadcrumb"},"inLanguage":"fr-FR","potentialAction":[{"@type":"ReadAction","target":["https:\/\/lamarinabj.com\/index.php\/2026\/02\/16\/gouvernance-locale-au-benin-83-de-nouveaux-visages-a-la-tete-des-mairies\/"]}]},{"@type":"ImageObject","inLanguage":"fr-FR","@id":"https:\/\/lamarinabj.com\/index.php\/2026\/02\/16\/gouvernance-locale-au-benin-83-de-nouveaux-visages-a-la-tete-des-mairies\/#primaryimage","url":"https:\/\/lamarinabj.com\/wp-content\/uploads\/2026\/02\/sbee-are_20260216_080811_0000.jpg","contentUrl":"https:\/\/lamarinabj.com\/wp-content\/uploads\/2026\/02\/sbee-are_20260216_080811_0000.jpg","width":1080,"height":1080},{"@type":"BreadcrumbList","@id":"https:\/\/lamarinabj.com\/index.php\/2026\/02\/16\/gouvernance-locale-au-benin-83-de-nouveaux-visages-a-la-tete-des-mairies\/#breadcrumb","itemListElement":[{"@type":"ListItem","position":1,"name":"Accueil","item":"https:\/\/lamarinabj.com\/"},{"@type":"ListItem","position":2,"name":"Gouvernance locale au B\u00e9nin : 83 % de nouveaux visages \u00e0 la t\u00eate des mairies"}]},{"@type":"WebSite","@id":"https:\/\/lamarinabj.com\/#website","url":"https:\/\/lamarinabj.com\/","name":"LA MARINA BJ","description":"Votre portail vers l&#039;information strat\u00e9gique au B\u00e9nin, en Afrique et au-del\u00e0","potentialAction":[{"@type":"SearchAction","target":{"@type":"EntryPoint","urlTemplate":"https:\/\/lamarinabj.com\/?s={search_term_string}"},"query-input":{"@type":"PropertyValueSpecification","valueRequired":true,"valueName":"search_term_string"}}],"inLanguage":"fr-FR"},{"@type":"Person","@id":"https:\/\/lamarinabj.com\/#\/schema\/person\/402e6a9448a09031724da97f9dae67e8","name":"La Marina BJ - Team Politique &amp; Gouvernance","image":{"@type":"ImageObject","inLanguage":"fr-FR","@id":"https:\/\/secure.gravatar.com\/avatar\/fd9545dd7863c2f40d7696b9bb5d085e4615baa276d5cd3e6a5a3bbc53bfae6e?s=96&d=mm&r=g","url":"https:\/\/secure.gravatar.com\/avatar\/fd9545dd7863c2f40d7696b9bb5d085e4615baa276d5cd3e6a5a3bbc53bfae6e?s=96&d=mm&r=g","contentUrl":"https:\/\/secure.gravatar.com\/avatar\/fd9545dd7863c2f40d7696b9bb5d085e4615baa276d5cd3e6a5a3bbc53bfae6e?s=96&d=mm&r=g","caption":"La Marina BJ - Team Politique &amp; Gouvernance"},"description":"La Team Politique &amp; Gouvernance de La Marina BJ est au c\u0153ur de l\u2019analyse des enjeux politiques, institutionnels et de gouvernance au B\u00e9nin et en Afrique. Compos\u00e9e de journalistes sp\u00e9cialis\u00e9s en affaires publiques et en politique, cette \u00e9quipe s\u2019attache \u00e0 d\u00e9crypter les d\u00e9cisions politiques, \u00e0 suivre l\u2019\u00e9volution des r\u00e9formes institutionnelles, et \u00e0 analyser les dynamiques de pouvoir au sein des institutions nationales et internationales.","url":"https:\/\/lamarinabj.com\/index.php\/author\/adimi\/"}]}},"_links":{"self":[{"href":"https:\/\/lamarinabj.com\/index.php\/wp-json\/wp\/v2\/posts\/13875","targetHints":{"allow":["GET"]}}],"collection":[{"href":"https:\/\/lamarinabj.com\/index.php\/wp-json\/wp\/v2\/posts"}],"about":[{"href":"https:\/\/lamarinabj.com\/index.php\/wp-json\/wp\/v2\/types\/post"}],"author":[{"embeddable":true,"href":"https:\/\/lamarinabj.com\/index.php\/wp-json\/wp\/v2\/users\/9"}],"replies":[{"embeddable":true,"href":"https:\/\/lamarinabj.com\/index.php\/wp-json\/wp\/v2\/comments?post=13875"}],"version-history":[{"count":2,"href":"https:\/\/lamarinabj.com\/index.php\/wp-json\/wp\/v2\/posts\/13875\/revisions"}],"predecessor-version":[{"id":13879,"href":"https:\/\/lamarinabj.com\/index.php\/wp-json\/wp\/v2\/posts\/13875\/revisions\/13879"}],"wp:featuredmedia":[{"embeddable":true,"href":"https:\/\/lamarinabj.com\/index.php\/wp-json\/wp\/v2\/media\/13876"}],"wp:attachment":[{"href":"https:\/\/lamarinabj.com\/index.php\/wp-json\/wp\/v2\/media?parent=13875"}],"wp:term":[{"taxonomy":"category","embeddable":true,"href":"https:\/\/lamarinabj.com\/index.php\/wp-json\/wp\/v2\/categories?post=13875"},{"taxonomy":"post_tag","embeddable":true,"href":"https:\/\/lamarinabj.com\/index.php\/wp-json\/wp\/v2\/tags?post=13875"}],"curies":[{"name":"wp","href":"https:\/\/api.w.org\/{rel}","templated":true}]}}