{"id":5041,"date":"2024-06-13T11:32:25","date_gmt":"2024-06-13T09:32:25","guid":{"rendered":"https:\/\/lamarinabj.com\/?p=5041"},"modified":"2024-07-04T18:50:18","modified_gmt":"2024-07-04T17:50:18","slug":"le-benin-envisage-une-nouvelle-zone-industrielle-dans-le-nord-un-pas-vers-le-developpement-economique-regional","status":"publish","type":"post","link":"https:\/\/lamarinabj.com\/index.php\/2024\/06\/13\/le-benin-envisage-une-nouvelle-zone-industrielle-dans-le-nord-un-pas-vers-le-developpement-economique-regional\/","title":{"rendered":"Benin : Le gouvernement envisage une nouvelle zone industrielle dans le nord"},"content":{"rendered":"\n<p>Le gouvernement b\u00e9ninois, r\u00e9solument tourn\u00e9 vers le d\u00e9veloppement \u00e9conomique et industriel, projette de cr\u00e9er une zone industrielle dans la r\u00e9gion septentrionale du pays. Cette initiative, encore en phase de conceptualisation, a d\u00e9j\u00e0 re\u00e7u un aval prometteur \u00e0 travers l&rsquo;autorisation d&rsquo;une \u00e9tude de faisabilit\u00e9 et d&rsquo;op\u00e9rationnalisation, selon une source fiable. <\/p>\n\n\n\n<p>Si elle se concr\u00e9tise, cette future zone industrielle repr\u00e9sentera une avanc\u00e9e strat\u00e9gique majeure pour le B\u00e9nin, dont l&rsquo;\u00e9conomie aspire \u00e0 une diversification accrue et \u00e0 une distribution plus \u00e9quitable des opportunit\u00e9s de d\u00e9veloppement sur l&rsquo;ensemble du territoire national. La r\u00e9gion septentrionale, souvent per\u00e7ue comme moins d\u00e9velopp\u00e9e par rapport aux r\u00e9gions m\u00e9ridionales, pourrait ainsi b\u00e9n\u00e9ficier d\u2019un v\u00e9ritable levier de croissance.<\/p>\n\n\n\n<p>Selon nos informations, la cr\u00e9ation de cette zone industrielle repose sur une vision ambitieuse : transformer le Nord du B\u00e9nin en un p\u00f4le d&rsquo;attraction pour les investissements industriels, g\u00e9n\u00e9rant des emplois et stimulant l&rsquo;\u00e9conomie locale. Les autorit\u00e9s ont ainsi pris des mesures concr\u00e8tes en autorisant une \u00e9tude de faisabilit\u00e9, premi\u00e8re \u00e9tape indispensable pour \u00e9valuer les potentialit\u00e9s et les d\u00e9fis inh\u00e9rents \u00e0 ce projet.<\/p>\n\n\n\n<p> Cette \u00e9tude, cruciale pour la r\u00e9ussite de l&rsquo;initiative, sera confi\u00e9e \u00e0 un cabinet sp\u00e9cialis\u00e9 dont la s\u00e9lection est imminente, d&rsquo;apr\u00e8s notre source. Le choix de ce cabinet rev\u00eat une importance capitale, car il sera charg\u00e9 de dresser un \u00e9tat des lieux pr\u00e9cis, d&rsquo;identifier les infrastructures n\u00e9cessaires, de proposer des mod\u00e8les de gestion efficients et de d\u00e9finir les conditions optimales pour attirer les investisseurs.<\/p>\n\n\n\n<p>\u00c0 travers cette d\u00e9marche, le gouvernement b\u00e9ninois d\u00e9montre sa volont\u00e9 de planifier rigoureusement chaque \u00e9tape de ce projet ambitieux, en s&rsquo;assurant que toutes les conditions soient r\u00e9unies pour une mise en \u0153uvre r\u00e9ussie. Cette approche pragmatique et m\u00e9thodique vise \u00e0 garantir que la zone industrielle ne reste pas un simple concept sur papier, mais qu&rsquo;elle devienne une r\u00e9alit\u00e9 tangible et b\u00e9n\u00e9fique pour la r\u00e9gion et le pays tout entier.<\/p>\n\n\n\n<p>En conclusion, la proposition de cr\u00e9er une zone industrielle dans le Nord du B\u00e9nin repr\u00e9sente une initiative audacieuse et potentiellement transformative. En visant \u00e0 \u00e9quilibrer le d\u00e9veloppement \u00e9conomique \u00e0 travers le pays, le gouvernement b\u00e9ninois affiche une vision de progr\u00e8s inclusif et \u00e9quitable. Toutefois, la r\u00e9ussite de ce projet d\u00e9pendra de la capacit\u00e9 \u00e0 surmonter les d\u00e9fis financiers, sociaux et environnementaux, et \u00e0 mobiliser efficacement les ressources n\u00e9cessaires.<\/p>\n","protected":false},"excerpt":{"rendered":"Le gouvernement b\u00e9ninois, r\u00e9solument tourn\u00e9 vers le d\u00e9veloppement \u00e9conomique et industriel, projette de cr\u00e9er une zone industrielle dans&hellip;\n","protected":false},"author":4,"featured_media":5042,"comment_status":"open","ping_status":"open","sticky":false,"template":"","format":"standard","meta":{"csco_singular_sidebar":"","csco_page_header_type":"standard","csco_appearance_masonry":"","csco_page_load_nextpost":"","csco_post_video_location":[],"csco_post_video_location_hash":"","csco_post_video_url":"","csco_post_video_bg_start_time":0,"csco_post_video_bg_end_time":0,"footnotes":""},"categories":[45],"tags":[41,46,44],"class_list":{"0":"post-5041","1":"post","2":"type-post","3":"status-publish","4":"format-standard","5":"has-post-thumbnail","7":"category-gouvernance","8":"tag-benin","9":"tag-economie","10":"tag-patrice-talon","11":"cs-entry","12":"cs-video-wrap"},"yoast_head":"<!-- This site is optimized with the Yoast SEO plugin v27.4 - https:\/\/yoast.com\/product\/yoast-seo-wordpress\/ -->\n<title>Benin : Le gouvernement envisage une nouvelle zone industrielle dans le nord - LA MARINA BJ<\/title>\n<meta name=\"robots\" content=\"index, follow, max-snippet:-1, max-image-preview:large, max-video-preview:-1\" \/>\n<link rel=\"canonical\" href=\"https:\/\/lamarinabj.com\/index.php\/2024\/06\/13\/le-benin-envisage-une-nouvelle-zone-industrielle-dans-le-nord-un-pas-vers-le-developpement-economique-regional\/\" \/>\n<meta property=\"og:locale\" content=\"fr_FR\" \/>\n<meta property=\"og:type\" content=\"article\" \/>\n<meta property=\"og:title\" content=\"Benin : Le gouvernement envisage une nouvelle zone industrielle dans le nord - LA MARINA BJ\" \/>\n<meta property=\"og:description\" content=\"Le gouvernement b\u00e9ninois, r\u00e9solument tourn\u00e9 vers le d\u00e9veloppement \u00e9conomique et industriel, projette de cr\u00e9er une zone industrielle dans&hellip;\" \/>\n<meta property=\"og:url\" content=\"https:\/\/lamarinabj.com\/index.php\/2024\/06\/13\/le-benin-envisage-une-nouvelle-zone-industrielle-dans-le-nord-un-pas-vers-le-developpement-economique-regional\/\" \/>\n<meta property=\"og:site_name\" content=\"LA MARINA BJ\" \/>\n<meta property=\"article:published_time\" content=\"2024-06-13T09:32:25+00:00\" \/>\n<meta property=\"article:modified_time\" content=\"2024-07-04T17:50:18+00:00\" \/>\n<meta property=\"og:image\" content=\"https:\/\/lamarinabj.com\/wp-content\/uploads\/2024\/06\/105916086_gettyimages-524504164.jpg\" \/>\n\t<meta property=\"og:image:width\" content=\"800\" \/>\n\t<meta property=\"og:image:height\" content=\"450\" \/>\n\t<meta property=\"og:image:type\" content=\"image\/jpeg\" \/>\n<meta name=\"author\" content=\"La Marina BJ - Team Affaires Judiciaires\" \/>\n<meta name=\"twitter:card\" content=\"summary_large_image\" \/>\n<meta name=\"twitter:label1\" content=\"\u00c9crit par\" \/>\n\t<meta name=\"twitter:data1\" content=\"La Marina BJ - Team Affaires Judiciaires\" \/>\n\t<meta name=\"twitter:label2\" content=\"Dur\u00e9e de lecture estim\u00e9e\" \/>\n\t<meta name=\"twitter:data2\" content=\"2 minutes\" \/>\n<script type=\"application\/ld+json\" class=\"yoast-schema-graph\">{\"@context\":\"https:\\\/\\\/schema.org\",\"@graph\":[{\"@type\":\"NewsArticle\",\"@id\":\"https:\\\/\\\/lamarinabj.com\\\/index.php\\\/2024\\\/06\\\/13\\\/le-benin-envisage-une-nouvelle-zone-industrielle-dans-le-nord-un-pas-vers-le-developpement-economique-regional\\\/#article\",\"isPartOf\":{\"@id\":\"https:\\\/\\\/lamarinabj.com\\\/index.php\\\/2024\\\/06\\\/13\\\/le-benin-envisage-une-nouvelle-zone-industrielle-dans-le-nord-un-pas-vers-le-developpement-economique-regional\\\/\"},\"author\":{\"name\":\"La Marina BJ - Team Affaires Judiciaires\",\"@id\":\"https:\\\/\\\/lamarinabj.com\\\/#\\\/schema\\\/person\\\/e64c6145b3fb25d98218ef3bafce37de\"},\"headline\":\"Benin : Le gouvernement envisage une nouvelle zone industrielle dans le nord\",\"datePublished\":\"2024-06-13T09:32:25+00:00\",\"dateModified\":\"2024-07-04T17:50:18+00:00\",\"mainEntityOfPage\":{\"@id\":\"https:\\\/\\\/lamarinabj.com\\\/index.php\\\/2024\\\/06\\\/13\\\/le-benin-envisage-une-nouvelle-zone-industrielle-dans-le-nord-un-pas-vers-le-developpement-economique-regional\\\/\"},\"wordCount\":448,\"commentCount\":0,\"image\":{\"@id\":\"https:\\\/\\\/lamarinabj.com\\\/index.php\\\/2024\\\/06\\\/13\\\/le-benin-envisage-une-nouvelle-zone-industrielle-dans-le-nord-un-pas-vers-le-developpement-economique-regional\\\/#primaryimage\"},\"thumbnailUrl\":\"https:\\\/\\\/lamarinabj.com\\\/wp-content\\\/uploads\\\/2024\\\/06\\\/105916086_gettyimages-524504164.jpg\",\"keywords\":[\"B\u00e9nin\",\"\u00c9conomie\",\"Patrice Talon\"],\"articleSection\":[\"GOUVERNANCE\"],\"inLanguage\":\"fr-FR\",\"potentialAction\":[{\"@type\":\"CommentAction\",\"name\":\"Comment\",\"target\":[\"https:\\\/\\\/lamarinabj.com\\\/index.php\\\/2024\\\/06\\\/13\\\/le-benin-envisage-une-nouvelle-zone-industrielle-dans-le-nord-un-pas-vers-le-developpement-economique-regional\\\/#respond\"]}]},{\"@type\":[\"WebPage\",\"SearchResultsPage\"],\"@id\":\"https:\\\/\\\/lamarinabj.com\\\/index.php\\\/2024\\\/06\\\/13\\\/le-benin-envisage-une-nouvelle-zone-industrielle-dans-le-nord-un-pas-vers-le-developpement-economique-regional\\\/\",\"url\":\"https:\\\/\\\/lamarinabj.com\\\/index.php\\\/2024\\\/06\\\/13\\\/le-benin-envisage-une-nouvelle-zone-industrielle-dans-le-nord-un-pas-vers-le-developpement-economique-regional\\\/\",\"name\":\"Benin : Le gouvernement envisage une nouvelle zone industrielle dans le nord - LA MARINA BJ\",\"isPartOf\":{\"@id\":\"https:\\\/\\\/lamarinabj.com\\\/#website\"},\"primaryImageOfPage\":{\"@id\":\"https:\\\/\\\/lamarinabj.com\\\/index.php\\\/2024\\\/06\\\/13\\\/le-benin-envisage-une-nouvelle-zone-industrielle-dans-le-nord-un-pas-vers-le-developpement-economique-regional\\\/#primaryimage\"},\"image\":{\"@id\":\"https:\\\/\\\/lamarinabj.com\\\/index.php\\\/2024\\\/06\\\/13\\\/le-benin-envisage-une-nouvelle-zone-industrielle-dans-le-nord-un-pas-vers-le-developpement-economique-regional\\\/#primaryimage\"},\"thumbnailUrl\":\"https:\\\/\\\/lamarinabj.com\\\/wp-content\\\/uploads\\\/2024\\\/06\\\/105916086_gettyimages-524504164.jpg\",\"datePublished\":\"2024-06-13T09:32:25+00:00\",\"dateModified\":\"2024-07-04T17:50:18+00:00\",\"author\":{\"@id\":\"https:\\\/\\\/lamarinabj.com\\\/#\\\/schema\\\/person\\\/e64c6145b3fb25d98218ef3bafce37de\"},\"breadcrumb\":{\"@id\":\"https:\\\/\\\/lamarinabj.com\\\/index.php\\\/2024\\\/06\\\/13\\\/le-benin-envisage-une-nouvelle-zone-industrielle-dans-le-nord-un-pas-vers-le-developpement-economique-regional\\\/#breadcrumb\"},\"inLanguage\":\"fr-FR\",\"potentialAction\":[{\"@type\":\"ReadAction\",\"target\":[\"https:\\\/\\\/lamarinabj.com\\\/index.php\\\/2024\\\/06\\\/13\\\/le-benin-envisage-une-nouvelle-zone-industrielle-dans-le-nord-un-pas-vers-le-developpement-economique-regional\\\/\"]}]},{\"@type\":\"ImageObject\",\"inLanguage\":\"fr-FR\",\"@id\":\"https:\\\/\\\/lamarinabj.com\\\/index.php\\\/2024\\\/06\\\/13\\\/le-benin-envisage-une-nouvelle-zone-industrielle-dans-le-nord-un-pas-vers-le-developpement-economique-regional\\\/#primaryimage\",\"url\":\"https:\\\/\\\/lamarinabj.com\\\/wp-content\\\/uploads\\\/2024\\\/06\\\/105916086_gettyimages-524504164.jpg\",\"contentUrl\":\"https:\\\/\\\/lamarinabj.com\\\/wp-content\\\/uploads\\\/2024\\\/06\\\/105916086_gettyimages-524504164.jpg\",\"width\":800,\"height\":450},{\"@type\":\"BreadcrumbList\",\"@id\":\"https:\\\/\\\/lamarinabj.com\\\/index.php\\\/2024\\\/06\\\/13\\\/le-benin-envisage-une-nouvelle-zone-industrielle-dans-le-nord-un-pas-vers-le-developpement-economique-regional\\\/#breadcrumb\",\"itemListElement\":[{\"@type\":\"ListItem\",\"position\":1,\"name\":\"Accueil\",\"item\":\"https:\\\/\\\/lamarinabj.com\\\/\"},{\"@type\":\"ListItem\",\"position\":2,\"name\":\"Benin : Le gouvernement envisage une nouvelle zone industrielle dans le nord\"}]},{\"@type\":\"WebSite\",\"@id\":\"https:\\\/\\\/lamarinabj.com\\\/#website\",\"url\":\"https:\\\/\\\/lamarinabj.com\\\/\",\"name\":\"LA MARINA BJ\",\"description\":\"Votre portail vers l&#039;information strat\u00e9gique au B\u00e9nin, en Afrique et au-del\u00e0\",\"potentialAction\":[{\"@type\":\"SearchAction\",\"target\":{\"@type\":\"EntryPoint\",\"urlTemplate\":\"https:\\\/\\\/lamarinabj.com\\\/?s={search_term_string}\"},\"query-input\":{\"@type\":\"PropertyValueSpecification\",\"valueRequired\":true,\"valueName\":\"search_term_string\"}}],\"inLanguage\":\"fr-FR\"},{\"@type\":\"Person\",\"@id\":\"https:\\\/\\\/lamarinabj.com\\\/#\\\/schema\\\/person\\\/e64c6145b3fb25d98218ef3bafce37de\",\"name\":\"La Marina BJ - Team Affaires Judiciaires\",\"image\":{\"@type\":\"ImageObject\",\"inLanguage\":\"fr-FR\",\"@id\":\"https:\\\/\\\/secure.gravatar.com\\\/avatar\\\/dcd47faa85727203c51c1a84009b684b305ba179e4848c26009abb855df90961?s=96&d=mm&r=g\",\"url\":\"https:\\\/\\\/secure.gravatar.com\\\/avatar\\\/dcd47faa85727203c51c1a84009b684b305ba179e4848c26009abb855df90961?s=96&d=mm&r=g\",\"contentUrl\":\"https:\\\/\\\/secure.gravatar.com\\\/avatar\\\/dcd47faa85727203c51c1a84009b684b305ba179e4848c26009abb855df90961?s=96&d=mm&r=g\",\"caption\":\"La Marina BJ - Team Affaires Judiciaires\"},\"description\":\"Au c\u0153ur de l\u2019actualit\u00e9 juridico-\u00e9conomique, la Team Justice &amp; Affaires judiciaires de La Marina BJ s'affirme comme un p\u00f4le de r\u00e9f\u00e9rence dans la couverture des proc\u00e9dures judiciaires, des contentieux commerciaux et des d\u00e9cisions de justice \u00e0 fort impact strat\u00e9gique.\",\"url\":\"https:\\\/\\\/lamarinabj.com\\\/index.php\\\/author\\\/marc\\\/\"}]}<\/script>\n<!-- \/ Yoast SEO plugin. -->","yoast_head_json":{"title":"Benin : Le gouvernement envisage une nouvelle zone industrielle dans le nord - LA MARINA BJ","robots":{"index":"index","follow":"follow","max-snippet":"max-snippet:-1","max-image-preview":"max-image-preview:large","max-video-preview":"max-video-preview:-1"},"canonical":"https:\/\/lamarinabj.com\/index.php\/2024\/06\/13\/le-benin-envisage-une-nouvelle-zone-industrielle-dans-le-nord-un-pas-vers-le-developpement-economique-regional\/","og_locale":"fr_FR","og_type":"article","og_title":"Benin : Le gouvernement envisage une nouvelle zone industrielle dans le nord - LA MARINA BJ","og_description":"Le gouvernement b\u00e9ninois, r\u00e9solument tourn\u00e9 vers le d\u00e9veloppement \u00e9conomique et industriel, projette de cr\u00e9er une zone industrielle dans&hellip;","og_url":"https:\/\/lamarinabj.com\/index.php\/2024\/06\/13\/le-benin-envisage-une-nouvelle-zone-industrielle-dans-le-nord-un-pas-vers-le-developpement-economique-regional\/","og_site_name":"LA MARINA BJ","article_published_time":"2024-06-13T09:32:25+00:00","article_modified_time":"2024-07-04T17:50:18+00:00","og_image":[{"width":800,"height":450,"url":"https:\/\/lamarinabj.com\/wp-content\/uploads\/2024\/06\/105916086_gettyimages-524504164.jpg","type":"image\/jpeg"}],"author":"La Marina BJ - Team Affaires Judiciaires","twitter_card":"summary_large_image","twitter_misc":{"\u00c9crit par":"La Marina BJ - Team Affaires Judiciaires","Dur\u00e9e de lecture estim\u00e9e":"2 minutes"},"schema":{"@context":"https:\/\/schema.org","@graph":[{"@type":"NewsArticle","@id":"https:\/\/lamarinabj.com\/index.php\/2024\/06\/13\/le-benin-envisage-une-nouvelle-zone-industrielle-dans-le-nord-un-pas-vers-le-developpement-economique-regional\/#article","isPartOf":{"@id":"https:\/\/lamarinabj.com\/index.php\/2024\/06\/13\/le-benin-envisage-une-nouvelle-zone-industrielle-dans-le-nord-un-pas-vers-le-developpement-economique-regional\/"},"author":{"name":"La Marina BJ - Team Affaires Judiciaires","@id":"https:\/\/lamarinabj.com\/#\/schema\/person\/e64c6145b3fb25d98218ef3bafce37de"},"headline":"Benin : Le gouvernement envisage une nouvelle zone industrielle dans le nord","datePublished":"2024-06-13T09:32:25+00:00","dateModified":"2024-07-04T17:50:18+00:00","mainEntityOfPage":{"@id":"https:\/\/lamarinabj.com\/index.php\/2024\/06\/13\/le-benin-envisage-une-nouvelle-zone-industrielle-dans-le-nord-un-pas-vers-le-developpement-economique-regional\/"},"wordCount":448,"commentCount":0,"image":{"@id":"https:\/\/lamarinabj.com\/index.php\/2024\/06\/13\/le-benin-envisage-une-nouvelle-zone-industrielle-dans-le-nord-un-pas-vers-le-developpement-economique-regional\/#primaryimage"},"thumbnailUrl":"https:\/\/lamarinabj.com\/wp-content\/uploads\/2024\/06\/105916086_gettyimages-524504164.jpg","keywords":["B\u00e9nin","\u00c9conomie","Patrice Talon"],"articleSection":["GOUVERNANCE"],"inLanguage":"fr-FR","potentialAction":[{"@type":"CommentAction","name":"Comment","target":["https:\/\/lamarinabj.com\/index.php\/2024\/06\/13\/le-benin-envisage-une-nouvelle-zone-industrielle-dans-le-nord-un-pas-vers-le-developpement-economique-regional\/#respond"]}]},{"@type":["WebPage","SearchResultsPage"],"@id":"https:\/\/lamarinabj.com\/index.php\/2024\/06\/13\/le-benin-envisage-une-nouvelle-zone-industrielle-dans-le-nord-un-pas-vers-le-developpement-economique-regional\/","url":"https:\/\/lamarinabj.com\/index.php\/2024\/06\/13\/le-benin-envisage-une-nouvelle-zone-industrielle-dans-le-nord-un-pas-vers-le-developpement-economique-regional\/","name":"Benin : Le gouvernement envisage une nouvelle zone industrielle dans le nord - LA MARINA BJ","isPartOf":{"@id":"https:\/\/lamarinabj.com\/#website"},"primaryImageOfPage":{"@id":"https:\/\/lamarinabj.com\/index.php\/2024\/06\/13\/le-benin-envisage-une-nouvelle-zone-industrielle-dans-le-nord-un-pas-vers-le-developpement-economique-regional\/#primaryimage"},"image":{"@id":"https:\/\/lamarinabj.com\/index.php\/2024\/06\/13\/le-benin-envisage-une-nouvelle-zone-industrielle-dans-le-nord-un-pas-vers-le-developpement-economique-regional\/#primaryimage"},"thumbnailUrl":"https:\/\/lamarinabj.com\/wp-content\/uploads\/2024\/06\/105916086_gettyimages-524504164.jpg","datePublished":"2024-06-13T09:32:25+00:00","dateModified":"2024-07-04T17:50:18+00:00","author":{"@id":"https:\/\/lamarinabj.com\/#\/schema\/person\/e64c6145b3fb25d98218ef3bafce37de"},"breadcrumb":{"@id":"https:\/\/lamarinabj.com\/index.php\/2024\/06\/13\/le-benin-envisage-une-nouvelle-zone-industrielle-dans-le-nord-un-pas-vers-le-developpement-economique-regional\/#breadcrumb"},"inLanguage":"fr-FR","potentialAction":[{"@type":"ReadAction","target":["https:\/\/lamarinabj.com\/index.php\/2024\/06\/13\/le-benin-envisage-une-nouvelle-zone-industrielle-dans-le-nord-un-pas-vers-le-developpement-economique-regional\/"]}]},{"@type":"ImageObject","inLanguage":"fr-FR","@id":"https:\/\/lamarinabj.com\/index.php\/2024\/06\/13\/le-benin-envisage-une-nouvelle-zone-industrielle-dans-le-nord-un-pas-vers-le-developpement-economique-regional\/#primaryimage","url":"https:\/\/lamarinabj.com\/wp-content\/uploads\/2024\/06\/105916086_gettyimages-524504164.jpg","contentUrl":"https:\/\/lamarinabj.com\/wp-content\/uploads\/2024\/06\/105916086_gettyimages-524504164.jpg","width":800,"height":450},{"@type":"BreadcrumbList","@id":"https:\/\/lamarinabj.com\/index.php\/2024\/06\/13\/le-benin-envisage-une-nouvelle-zone-industrielle-dans-le-nord-un-pas-vers-le-developpement-economique-regional\/#breadcrumb","itemListElement":[{"@type":"ListItem","position":1,"name":"Accueil","item":"https:\/\/lamarinabj.com\/"},{"@type":"ListItem","position":2,"name":"Benin : Le gouvernement envisage une nouvelle zone industrielle dans le nord"}]},{"@type":"WebSite","@id":"https:\/\/lamarinabj.com\/#website","url":"https:\/\/lamarinabj.com\/","name":"LA MARINA BJ","description":"Votre portail vers l&#039;information strat\u00e9gique au B\u00e9nin, en Afrique et au-del\u00e0","potentialAction":[{"@type":"SearchAction","target":{"@type":"EntryPoint","urlTemplate":"https:\/\/lamarinabj.com\/?s={search_term_string}"},"query-input":{"@type":"PropertyValueSpecification","valueRequired":true,"valueName":"search_term_string"}}],"inLanguage":"fr-FR"},{"@type":"Person","@id":"https:\/\/lamarinabj.com\/#\/schema\/person\/e64c6145b3fb25d98218ef3bafce37de","name":"La Marina BJ - Team Affaires Judiciaires","image":{"@type":"ImageObject","inLanguage":"fr-FR","@id":"https:\/\/secure.gravatar.com\/avatar\/dcd47faa85727203c51c1a84009b684b305ba179e4848c26009abb855df90961?s=96&d=mm&r=g","url":"https:\/\/secure.gravatar.com\/avatar\/dcd47faa85727203c51c1a84009b684b305ba179e4848c26009abb855df90961?s=96&d=mm&r=g","contentUrl":"https:\/\/secure.gravatar.com\/avatar\/dcd47faa85727203c51c1a84009b684b305ba179e4848c26009abb855df90961?s=96&d=mm&r=g","caption":"La Marina BJ - Team Affaires Judiciaires"},"description":"Au c\u0153ur de l\u2019actualit\u00e9 juridico-\u00e9conomique, la Team Justice &amp; Affaires judiciaires de La Marina BJ s'affirme comme un p\u00f4le de r\u00e9f\u00e9rence dans la couverture des proc\u00e9dures judiciaires, des contentieux commerciaux et des d\u00e9cisions de justice \u00e0 fort impact strat\u00e9gique.","url":"https:\/\/lamarinabj.com\/index.php\/author\/marc\/"}]}},"_links":{"self":[{"href":"https:\/\/lamarinabj.com\/index.php\/wp-json\/wp\/v2\/posts\/5041","targetHints":{"allow":["GET"]}}],"collection":[{"href":"https:\/\/lamarinabj.com\/index.php\/wp-json\/wp\/v2\/posts"}],"about":[{"href":"https:\/\/lamarinabj.com\/index.php\/wp-json\/wp\/v2\/types\/post"}],"author":[{"embeddable":true,"href":"https:\/\/lamarinabj.com\/index.php\/wp-json\/wp\/v2\/users\/4"}],"replies":[{"embeddable":true,"href":"https:\/\/lamarinabj.com\/index.php\/wp-json\/wp\/v2\/comments?post=5041"}],"version-history":[{"count":0,"href":"https:\/\/lamarinabj.com\/index.php\/wp-json\/wp\/v2\/posts\/5041\/revisions"}],"wp:featuredmedia":[{"embeddable":true,"href":"https:\/\/lamarinabj.com\/index.php\/wp-json\/wp\/v2\/media\/5042"}],"wp:attachment":[{"href":"https:\/\/lamarinabj.com\/index.php\/wp-json\/wp\/v2\/media?parent=5041"}],"wp:term":[{"taxonomy":"category","embeddable":true,"href":"https:\/\/lamarinabj.com\/index.php\/wp-json\/wp\/v2\/categories?post=5041"},{"taxonomy":"post_tag","embeddable":true,"href":"https:\/\/lamarinabj.com\/index.php\/wp-json\/wp\/v2\/tags?post=5041"}],"curies":[{"name":"wp","href":"https:\/\/api.w.org\/{rel}","templated":true}]}}