{"id":5477,"date":"2024-06-20T09:42:00","date_gmt":"2024-06-20T08:42:00","guid":{"rendered":"https:\/\/lamarinabj.com\/?p=5477"},"modified":"2024-07-06T15:48:21","modified_gmt":"2024-07-06T14:48:21","slug":"au-benin-lassemblee-nationale-autorise-les-nominations-derogatoires-dans-les-juridictions-de-fond","status":"publish","type":"post","link":"https:\/\/lamarinabj.com\/index.php\/2024\/06\/20\/au-benin-lassemblee-nationale-autorise-les-nominations-derogatoires-dans-les-juridictions-de-fond\/","title":{"rendered":"Au B\u00e9nin, l\u2019Assembl\u00e9e nationale autorise les nominations d\u00e9rogatoires dans les juridictions de fond"},"content":{"rendered":"\n<p>L\u2019Assembl\u00e9e nationale du B\u00e9nin a adopt\u00e9 hier, lors d\u2019une s\u00e9ance pl\u00e9ni\u00e8re, la loi N\u00b0 2024-23 portant dispositions transitoires et d\u00e9rogatoires aux dispositions organisant le plan de carri\u00e8re des magistrats pour les nominations dans les juridictions de fond. Une mesure l\u00e9gislative destin\u00e9e \u00e0 r\u00e9pondre \u00e0 l\u2019urgence croissante de ressources humaines qualifi\u00e9es au sein de ses juridictions de fond. <\/p>\n\n\n\n<p>Face \u00e0 un d\u00e9ficit critique de magistrats, cette nouvelle l\u00e9gislation vise \u00e0 combler les postes vacants et \u00e0 maintenir la fonctionnalit\u00e9 des tribunaux dans un contexte o\u00f9 seuls 128 sur 164 postes n\u00e9cessaires sont actuellement pourvus. Selon les donn\u00e9es officielles du minist\u00e8re de la justice, entre 4 et 8 magistrats partiront \u00e0 la retraite d&rsquo;ici 2024-2025, suivis de 49 autres entre 2024 et 2030, accentuant ainsi les besoins urgents en personnel qualifi\u00e9.<\/p>\n\n\n\n<p>La nouvelle loi permettra des nominations d\u00e9rogatoires pour une p\u00e9riode de sept ans, autorisant ainsi les magistrats de grades inf\u00e9rieurs \u00e0 occuper temporairement des fonctions normalement r\u00e9serv\u00e9es \u00e0 des grades sup\u00e9rieurs. Cependant, les postes de haute responsabilit\u00e9 comme pr\u00e9sident de juridiction ou procureur g\u00e9n\u00e9ral pr\u00e8s une cour d\u2019appel resteront exclus de cette mesure exceptionnelle.  De m\u00eame, pour assurer la transparence et la l\u00e9gitimit\u00e9 des nominations, chaque d\u00e9cision d\u00e9rogatoire devra \u00eatre justifi\u00e9e par le minist\u00e8re de la justice et valid\u00e9e par le conseil sup\u00e9rieur de la magistrature. Cette obligation vise \u00e0 garantir que ces nominations r\u00e9pondent strictement aux besoins urgents du syst\u00e8me judiciaire et non \u00e0 des consid\u00e9rations personnelles ou politiques.<\/p>\n\n\n\n<p class=\"cnvs-block-core-paragraph-1718858864379\">Cette contribution l\u00e9gislative repr\u00e9sente une r\u00e9ponse pragmatique et imm\u00e9diate \u00e0 une crise de ressources humaines qui menace l\u2019int\u00e9grit\u00e9 du syst\u00e8me judiciaire b\u00e9ninois. Son succ\u00e8s d\u00e9pendra de sa mise en \u0153uvre rigoureuse et transparente, cruciale pour garantir \u00e0 la fois la continuit\u00e9 op\u00e9rationnelle des juridictions de fond et le respect des principes fondamentaux de justice et d&rsquo;int\u00e9grit\u00e9.<\/p>\n","protected":false},"excerpt":{"rendered":"L\u2019Assembl\u00e9e nationale du B\u00e9nin a adopt\u00e9 hier, lors d\u2019une s\u00e9ance pl\u00e9ni\u00e8re, la loi N\u00b0 2024-23 portant dispositions transitoires&hellip;\n","protected":false},"author":6,"featured_media":5478,"comment_status":"open","ping_status":"open","sticky":true,"template":"","format":"standard","meta":{"csco_singular_sidebar":"","csco_page_header_type":"standard","csco_appearance_masonry":"","csco_page_load_nextpost":"","csco_post_video_location":[],"csco_post_video_location_hash":"","csco_post_video_url":"","csco_post_video_bg_start_time":0,"csco_post_video_bg_end_time":0,"footnotes":""},"categories":[239],"tags":[208,285,286],"class_list":{"0":"post-5477","1":"post","2":"type-post","3":"status-publish","4":"format-standard","5":"has-post-thumbnail","7":"category-levenement-2","8":"tag-assemblee-nationale","9":"tag-nominations-derogatoires-dans-les-juridictions-de-fond","10":"tag-vote","11":"cs-entry","12":"cs-video-wrap"},"yoast_head":"<!-- This site is optimized with the Yoast SEO plugin v27.4 - https:\/\/yoast.com\/product\/yoast-seo-wordpress\/ -->\n<title>Au B\u00e9nin, l\u2019Assembl\u00e9e nationale autorise les nominations d\u00e9rogatoires dans les juridictions de fond - LA MARINA BJ<\/title>\n<meta name=\"robots\" content=\"index, follow, max-snippet:-1, max-image-preview:large, max-video-preview:-1\" \/>\n<link rel=\"canonical\" href=\"https:\/\/lamarinabj.com\/index.php\/2024\/06\/20\/au-benin-lassemblee-nationale-autorise-les-nominations-derogatoires-dans-les-juridictions-de-fond\/\" \/>\n<meta property=\"og:locale\" content=\"fr_FR\" \/>\n<meta property=\"og:type\" content=\"article\" \/>\n<meta property=\"og:title\" content=\"Au B\u00e9nin, l\u2019Assembl\u00e9e nationale autorise les nominations d\u00e9rogatoires dans les juridictions de fond - LA MARINA BJ\" \/>\n<meta property=\"og:description\" content=\"L\u2019Assembl\u00e9e nationale du B\u00e9nin a adopt\u00e9 hier, lors d\u2019une s\u00e9ance pl\u00e9ni\u00e8re, la loi N\u00b0 2024-23 portant dispositions transitoires&hellip;\" \/>\n<meta property=\"og:url\" content=\"https:\/\/lamarinabj.com\/index.php\/2024\/06\/20\/au-benin-lassemblee-nationale-autorise-les-nominations-derogatoires-dans-les-juridictions-de-fond\/\" \/>\n<meta property=\"og:site_name\" content=\"LA MARINA BJ\" \/>\n<meta property=\"article:published_time\" content=\"2024-06-20T08:42:00+00:00\" \/>\n<meta property=\"article:modified_time\" content=\"2024-07-06T14:48:21+00:00\" \/>\n<meta property=\"og:image\" content=\"https:\/\/lamarinabj.com\/wp-content\/uploads\/2024\/06\/inf.jpg\" \/>\n\t<meta property=\"og:image:width\" content=\"600\" \/>\n\t<meta property=\"og:image:height\" content=\"400\" \/>\n\t<meta property=\"og:image:type\" content=\"image\/jpeg\" \/>\n<meta name=\"author\" content=\"LA R\u00c9DACTION\" \/>\n<meta name=\"twitter:card\" content=\"summary_large_image\" \/>\n<meta name=\"twitter:label1\" content=\"\u00c9crit par\" \/>\n\t<meta name=\"twitter:data1\" content=\"LA R\u00c9DACTION\" \/>\n\t<meta name=\"twitter:label2\" content=\"Dur\u00e9e de lecture estim\u00e9e\" \/>\n\t<meta name=\"twitter:data2\" content=\"2 minutes\" \/>\n<script type=\"application\/ld+json\" class=\"yoast-schema-graph\">{\"@context\":\"https:\\\/\\\/schema.org\",\"@graph\":[{\"@type\":\"NewsArticle\",\"@id\":\"https:\\\/\\\/lamarinabj.com\\\/index.php\\\/2024\\\/06\\\/20\\\/au-benin-lassemblee-nationale-autorise-les-nominations-derogatoires-dans-les-juridictions-de-fond\\\/#article\",\"isPartOf\":{\"@id\":\"https:\\\/\\\/lamarinabj.com\\\/index.php\\\/2024\\\/06\\\/20\\\/au-benin-lassemblee-nationale-autorise-les-nominations-derogatoires-dans-les-juridictions-de-fond\\\/\"},\"author\":{\"name\":\"LA R\u00c9DACTION\",\"@id\":\"https:\\\/\\\/lamarinabj.com\\\/#\\\/schema\\\/person\\\/0f38483d6cc1b1237dec7e1e06dc1b4c\"},\"headline\":\"Au B\u00e9nin, l\u2019Assembl\u00e9e nationale autorise les nominations d\u00e9rogatoires dans les juridictions de fond\",\"datePublished\":\"2024-06-20T08:42:00+00:00\",\"dateModified\":\"2024-07-06T14:48:21+00:00\",\"mainEntityOfPage\":{\"@id\":\"https:\\\/\\\/lamarinabj.com\\\/index.php\\\/2024\\\/06\\\/20\\\/au-benin-lassemblee-nationale-autorise-les-nominations-derogatoires-dans-les-juridictions-de-fond\\\/\"},\"wordCount\":348,\"commentCount\":0,\"image\":{\"@id\":\"https:\\\/\\\/lamarinabj.com\\\/index.php\\\/2024\\\/06\\\/20\\\/au-benin-lassemblee-nationale-autorise-les-nominations-derogatoires-dans-les-juridictions-de-fond\\\/#primaryimage\"},\"thumbnailUrl\":\"https:\\\/\\\/lamarinabj.com\\\/wp-content\\\/uploads\\\/2024\\\/06\\\/inf.jpg\",\"keywords\":[\"Assembl\u00e9e nationale\",\"nominations d\u00e9rogatoires dans les juridictions de fond\",\"Vote\"],\"articleSection\":[\"L'\u00c9V\u00c9NEMENT\"],\"inLanguage\":\"fr-FR\",\"potentialAction\":[{\"@type\":\"CommentAction\",\"name\":\"Comment\",\"target\":[\"https:\\\/\\\/lamarinabj.com\\\/index.php\\\/2024\\\/06\\\/20\\\/au-benin-lassemblee-nationale-autorise-les-nominations-derogatoires-dans-les-juridictions-de-fond\\\/#respond\"]}]},{\"@type\":[\"WebPage\",\"SearchResultsPage\"],\"@id\":\"https:\\\/\\\/lamarinabj.com\\\/index.php\\\/2024\\\/06\\\/20\\\/au-benin-lassemblee-nationale-autorise-les-nominations-derogatoires-dans-les-juridictions-de-fond\\\/\",\"url\":\"https:\\\/\\\/lamarinabj.com\\\/index.php\\\/2024\\\/06\\\/20\\\/au-benin-lassemblee-nationale-autorise-les-nominations-derogatoires-dans-les-juridictions-de-fond\\\/\",\"name\":\"Au B\u00e9nin, l\u2019Assembl\u00e9e nationale autorise les nominations d\u00e9rogatoires dans les juridictions de fond - LA MARINA BJ\",\"isPartOf\":{\"@id\":\"https:\\\/\\\/lamarinabj.com\\\/#website\"},\"primaryImageOfPage\":{\"@id\":\"https:\\\/\\\/lamarinabj.com\\\/index.php\\\/2024\\\/06\\\/20\\\/au-benin-lassemblee-nationale-autorise-les-nominations-derogatoires-dans-les-juridictions-de-fond\\\/#primaryimage\"},\"image\":{\"@id\":\"https:\\\/\\\/lamarinabj.com\\\/index.php\\\/2024\\\/06\\\/20\\\/au-benin-lassemblee-nationale-autorise-les-nominations-derogatoires-dans-les-juridictions-de-fond\\\/#primaryimage\"},\"thumbnailUrl\":\"https:\\\/\\\/lamarinabj.com\\\/wp-content\\\/uploads\\\/2024\\\/06\\\/inf.jpg\",\"datePublished\":\"2024-06-20T08:42:00+00:00\",\"dateModified\":\"2024-07-06T14:48:21+00:00\",\"author\":{\"@id\":\"https:\\\/\\\/lamarinabj.com\\\/#\\\/schema\\\/person\\\/0f38483d6cc1b1237dec7e1e06dc1b4c\"},\"breadcrumb\":{\"@id\":\"https:\\\/\\\/lamarinabj.com\\\/index.php\\\/2024\\\/06\\\/20\\\/au-benin-lassemblee-nationale-autorise-les-nominations-derogatoires-dans-les-juridictions-de-fond\\\/#breadcrumb\"},\"inLanguage\":\"fr-FR\",\"potentialAction\":[{\"@type\":\"ReadAction\",\"target\":[\"https:\\\/\\\/lamarinabj.com\\\/index.php\\\/2024\\\/06\\\/20\\\/au-benin-lassemblee-nationale-autorise-les-nominations-derogatoires-dans-les-juridictions-de-fond\\\/\"]}]},{\"@type\":\"ImageObject\",\"inLanguage\":\"fr-FR\",\"@id\":\"https:\\\/\\\/lamarinabj.com\\\/index.php\\\/2024\\\/06\\\/20\\\/au-benin-lassemblee-nationale-autorise-les-nominations-derogatoires-dans-les-juridictions-de-fond\\\/#primaryimage\",\"url\":\"https:\\\/\\\/lamarinabj.com\\\/wp-content\\\/uploads\\\/2024\\\/06\\\/inf.jpg\",\"contentUrl\":\"https:\\\/\\\/lamarinabj.com\\\/wp-content\\\/uploads\\\/2024\\\/06\\\/inf.jpg\",\"width\":600,\"height\":400},{\"@type\":\"BreadcrumbList\",\"@id\":\"https:\\\/\\\/lamarinabj.com\\\/index.php\\\/2024\\\/06\\\/20\\\/au-benin-lassemblee-nationale-autorise-les-nominations-derogatoires-dans-les-juridictions-de-fond\\\/#breadcrumb\",\"itemListElement\":[{\"@type\":\"ListItem\",\"position\":1,\"name\":\"Accueil\",\"item\":\"https:\\\/\\\/lamarinabj.com\\\/\"},{\"@type\":\"ListItem\",\"position\":2,\"name\":\"Au B\u00e9nin, l\u2019Assembl\u00e9e nationale autorise les nominations d\u00e9rogatoires dans les juridictions de fond\"}]},{\"@type\":\"WebSite\",\"@id\":\"https:\\\/\\\/lamarinabj.com\\\/#website\",\"url\":\"https:\\\/\\\/lamarinabj.com\\\/\",\"name\":\"LA MARINA BJ\",\"description\":\"Votre portail vers l&#039;information strat\u00e9gique au B\u00e9nin, en Afrique et au-del\u00e0\",\"potentialAction\":[{\"@type\":\"SearchAction\",\"target\":{\"@type\":\"EntryPoint\",\"urlTemplate\":\"https:\\\/\\\/lamarinabj.com\\\/?s={search_term_string}\"},\"query-input\":{\"@type\":\"PropertyValueSpecification\",\"valueRequired\":true,\"valueName\":\"search_term_string\"}}],\"inLanguage\":\"fr-FR\"},{\"@type\":\"Person\",\"@id\":\"https:\\\/\\\/lamarinabj.com\\\/#\\\/schema\\\/person\\\/0f38483d6cc1b1237dec7e1e06dc1b4c\",\"name\":\"LA R\u00c9DACTION\",\"image\":{\"@type\":\"ImageObject\",\"inLanguage\":\"fr-FR\",\"@id\":\"https:\\\/\\\/secure.gravatar.com\\\/avatar\\\/8967838953cdf6b5c5d35b5df91334ec99a422d61a21b18770b3bec48535c5ef?s=96&d=mm&r=g\",\"url\":\"https:\\\/\\\/secure.gravatar.com\\\/avatar\\\/8967838953cdf6b5c5d35b5df91334ec99a422d61a21b18770b3bec48535c5ef?s=96&d=mm&r=g\",\"contentUrl\":\"https:\\\/\\\/secure.gravatar.com\\\/avatar\\\/8967838953cdf6b5c5d35b5df91334ec99a422d61a21b18770b3bec48535c5ef?s=96&d=mm&r=g\",\"caption\":\"LA R\u00c9DACTION\"},\"url\":\"https:\\\/\\\/lamarinabj.com\\\/index.php\\\/author\\\/la-redaction\\\/\"}]}<\/script>\n<!-- \/ Yoast SEO plugin. -->","yoast_head_json":{"title":"Au B\u00e9nin, l\u2019Assembl\u00e9e nationale autorise les nominations d\u00e9rogatoires dans les juridictions de fond - LA MARINA BJ","robots":{"index":"index","follow":"follow","max-snippet":"max-snippet:-1","max-image-preview":"max-image-preview:large","max-video-preview":"max-video-preview:-1"},"canonical":"https:\/\/lamarinabj.com\/index.php\/2024\/06\/20\/au-benin-lassemblee-nationale-autorise-les-nominations-derogatoires-dans-les-juridictions-de-fond\/","og_locale":"fr_FR","og_type":"article","og_title":"Au B\u00e9nin, l\u2019Assembl\u00e9e nationale autorise les nominations d\u00e9rogatoires dans les juridictions de fond - LA MARINA BJ","og_description":"L\u2019Assembl\u00e9e nationale du B\u00e9nin a adopt\u00e9 hier, lors d\u2019une s\u00e9ance pl\u00e9ni\u00e8re, la loi N\u00b0 2024-23 portant dispositions transitoires&hellip;","og_url":"https:\/\/lamarinabj.com\/index.php\/2024\/06\/20\/au-benin-lassemblee-nationale-autorise-les-nominations-derogatoires-dans-les-juridictions-de-fond\/","og_site_name":"LA MARINA BJ","article_published_time":"2024-06-20T08:42:00+00:00","article_modified_time":"2024-07-06T14:48:21+00:00","og_image":[{"width":600,"height":400,"url":"https:\/\/lamarinabj.com\/wp-content\/uploads\/2024\/06\/inf.jpg","type":"image\/jpeg"}],"author":"LA R\u00c9DACTION","twitter_card":"summary_large_image","twitter_misc":{"\u00c9crit par":"LA R\u00c9DACTION","Dur\u00e9e de lecture estim\u00e9e":"2 minutes"},"schema":{"@context":"https:\/\/schema.org","@graph":[{"@type":"NewsArticle","@id":"https:\/\/lamarinabj.com\/index.php\/2024\/06\/20\/au-benin-lassemblee-nationale-autorise-les-nominations-derogatoires-dans-les-juridictions-de-fond\/#article","isPartOf":{"@id":"https:\/\/lamarinabj.com\/index.php\/2024\/06\/20\/au-benin-lassemblee-nationale-autorise-les-nominations-derogatoires-dans-les-juridictions-de-fond\/"},"author":{"name":"LA R\u00c9DACTION","@id":"https:\/\/lamarinabj.com\/#\/schema\/person\/0f38483d6cc1b1237dec7e1e06dc1b4c"},"headline":"Au B\u00e9nin, l\u2019Assembl\u00e9e nationale autorise les nominations d\u00e9rogatoires dans les juridictions de fond","datePublished":"2024-06-20T08:42:00+00:00","dateModified":"2024-07-06T14:48:21+00:00","mainEntityOfPage":{"@id":"https:\/\/lamarinabj.com\/index.php\/2024\/06\/20\/au-benin-lassemblee-nationale-autorise-les-nominations-derogatoires-dans-les-juridictions-de-fond\/"},"wordCount":348,"commentCount":0,"image":{"@id":"https:\/\/lamarinabj.com\/index.php\/2024\/06\/20\/au-benin-lassemblee-nationale-autorise-les-nominations-derogatoires-dans-les-juridictions-de-fond\/#primaryimage"},"thumbnailUrl":"https:\/\/lamarinabj.com\/wp-content\/uploads\/2024\/06\/inf.jpg","keywords":["Assembl\u00e9e nationale","nominations d\u00e9rogatoires dans les juridictions de fond","Vote"],"articleSection":["L'\u00c9V\u00c9NEMENT"],"inLanguage":"fr-FR","potentialAction":[{"@type":"CommentAction","name":"Comment","target":["https:\/\/lamarinabj.com\/index.php\/2024\/06\/20\/au-benin-lassemblee-nationale-autorise-les-nominations-derogatoires-dans-les-juridictions-de-fond\/#respond"]}]},{"@type":["WebPage","SearchResultsPage"],"@id":"https:\/\/lamarinabj.com\/index.php\/2024\/06\/20\/au-benin-lassemblee-nationale-autorise-les-nominations-derogatoires-dans-les-juridictions-de-fond\/","url":"https:\/\/lamarinabj.com\/index.php\/2024\/06\/20\/au-benin-lassemblee-nationale-autorise-les-nominations-derogatoires-dans-les-juridictions-de-fond\/","name":"Au B\u00e9nin, l\u2019Assembl\u00e9e nationale autorise les nominations d\u00e9rogatoires dans les juridictions de fond - LA MARINA BJ","isPartOf":{"@id":"https:\/\/lamarinabj.com\/#website"},"primaryImageOfPage":{"@id":"https:\/\/lamarinabj.com\/index.php\/2024\/06\/20\/au-benin-lassemblee-nationale-autorise-les-nominations-derogatoires-dans-les-juridictions-de-fond\/#primaryimage"},"image":{"@id":"https:\/\/lamarinabj.com\/index.php\/2024\/06\/20\/au-benin-lassemblee-nationale-autorise-les-nominations-derogatoires-dans-les-juridictions-de-fond\/#primaryimage"},"thumbnailUrl":"https:\/\/lamarinabj.com\/wp-content\/uploads\/2024\/06\/inf.jpg","datePublished":"2024-06-20T08:42:00+00:00","dateModified":"2024-07-06T14:48:21+00:00","author":{"@id":"https:\/\/lamarinabj.com\/#\/schema\/person\/0f38483d6cc1b1237dec7e1e06dc1b4c"},"breadcrumb":{"@id":"https:\/\/lamarinabj.com\/index.php\/2024\/06\/20\/au-benin-lassemblee-nationale-autorise-les-nominations-derogatoires-dans-les-juridictions-de-fond\/#breadcrumb"},"inLanguage":"fr-FR","potentialAction":[{"@type":"ReadAction","target":["https:\/\/lamarinabj.com\/index.php\/2024\/06\/20\/au-benin-lassemblee-nationale-autorise-les-nominations-derogatoires-dans-les-juridictions-de-fond\/"]}]},{"@type":"ImageObject","inLanguage":"fr-FR","@id":"https:\/\/lamarinabj.com\/index.php\/2024\/06\/20\/au-benin-lassemblee-nationale-autorise-les-nominations-derogatoires-dans-les-juridictions-de-fond\/#primaryimage","url":"https:\/\/lamarinabj.com\/wp-content\/uploads\/2024\/06\/inf.jpg","contentUrl":"https:\/\/lamarinabj.com\/wp-content\/uploads\/2024\/06\/inf.jpg","width":600,"height":400},{"@type":"BreadcrumbList","@id":"https:\/\/lamarinabj.com\/index.php\/2024\/06\/20\/au-benin-lassemblee-nationale-autorise-les-nominations-derogatoires-dans-les-juridictions-de-fond\/#breadcrumb","itemListElement":[{"@type":"ListItem","position":1,"name":"Accueil","item":"https:\/\/lamarinabj.com\/"},{"@type":"ListItem","position":2,"name":"Au B\u00e9nin, l\u2019Assembl\u00e9e nationale autorise les nominations d\u00e9rogatoires dans les juridictions de fond"}]},{"@type":"WebSite","@id":"https:\/\/lamarinabj.com\/#website","url":"https:\/\/lamarinabj.com\/","name":"LA MARINA BJ","description":"Votre portail vers l&#039;information strat\u00e9gique au B\u00e9nin, en Afrique et au-del\u00e0","potentialAction":[{"@type":"SearchAction","target":{"@type":"EntryPoint","urlTemplate":"https:\/\/lamarinabj.com\/?s={search_term_string}"},"query-input":{"@type":"PropertyValueSpecification","valueRequired":true,"valueName":"search_term_string"}}],"inLanguage":"fr-FR"},{"@type":"Person","@id":"https:\/\/lamarinabj.com\/#\/schema\/person\/0f38483d6cc1b1237dec7e1e06dc1b4c","name":"LA R\u00c9DACTION","image":{"@type":"ImageObject","inLanguage":"fr-FR","@id":"https:\/\/secure.gravatar.com\/avatar\/8967838953cdf6b5c5d35b5df91334ec99a422d61a21b18770b3bec48535c5ef?s=96&d=mm&r=g","url":"https:\/\/secure.gravatar.com\/avatar\/8967838953cdf6b5c5d35b5df91334ec99a422d61a21b18770b3bec48535c5ef?s=96&d=mm&r=g","contentUrl":"https:\/\/secure.gravatar.com\/avatar\/8967838953cdf6b5c5d35b5df91334ec99a422d61a21b18770b3bec48535c5ef?s=96&d=mm&r=g","caption":"LA R\u00c9DACTION"},"url":"https:\/\/lamarinabj.com\/index.php\/author\/la-redaction\/"}]}},"_links":{"self":[{"href":"https:\/\/lamarinabj.com\/index.php\/wp-json\/wp\/v2\/posts\/5477","targetHints":{"allow":["GET"]}}],"collection":[{"href":"https:\/\/lamarinabj.com\/index.php\/wp-json\/wp\/v2\/posts"}],"about":[{"href":"https:\/\/lamarinabj.com\/index.php\/wp-json\/wp\/v2\/types\/post"}],"author":[{"embeddable":true,"href":"https:\/\/lamarinabj.com\/index.php\/wp-json\/wp\/v2\/users\/6"}],"replies":[{"embeddable":true,"href":"https:\/\/lamarinabj.com\/index.php\/wp-json\/wp\/v2\/comments?post=5477"}],"version-history":[{"count":2,"href":"https:\/\/lamarinabj.com\/index.php\/wp-json\/wp\/v2\/posts\/5477\/revisions"}],"predecessor-version":[{"id":6130,"href":"https:\/\/lamarinabj.com\/index.php\/wp-json\/wp\/v2\/posts\/5477\/revisions\/6130"}],"wp:featuredmedia":[{"embeddable":true,"href":"https:\/\/lamarinabj.com\/index.php\/wp-json\/wp\/v2\/media\/5478"}],"wp:attachment":[{"href":"https:\/\/lamarinabj.com\/index.php\/wp-json\/wp\/v2\/media?parent=5477"}],"wp:term":[{"taxonomy":"category","embeddable":true,"href":"https:\/\/lamarinabj.com\/index.php\/wp-json\/wp\/v2\/categories?post=5477"},{"taxonomy":"post_tag","embeddable":true,"href":"https:\/\/lamarinabj.com\/index.php\/wp-json\/wp\/v2\/tags?post=5477"}],"curies":[{"name":"wp","href":"https:\/\/api.w.org\/{rel}","templated":true}]}}