{"id":5690,"date":"2024-06-26T10:15:00","date_gmt":"2024-06-26T09:15:00","guid":{"rendered":"https:\/\/lamarinabj.com\/?p=5690"},"modified":"2024-07-04T17:57:53","modified_gmt":"2024-07-04T16:57:53","slug":"benin-orana-sa-la-bascule-inattendue-qui-pourrait-retarder-le-demarrage-des-activites-de-lusine-a-zakpota","status":"publish","type":"post","link":"https:\/\/lamarinabj.com\/index.php\/2024\/06\/26\/benin-orana-sa-la-bascule-inattendue-qui-pourrait-retarder-le-demarrage-des-activites-de-lusine-a-zakpota\/","title":{"rendered":"B\u00e9nin\/ORANA SA : La bascule inattendue qui pourrait retarder le d\u00e9marrage des activit\u00e9s de l&rsquo;usine \u00e0 Zakpota"},"content":{"rendered":"\n<p>La mise en concession de l\u2019usine de transformation d\u2019oranges de Zakpota, confi\u00e9e \u00e0 la soci\u00e9t\u00e9 Orana SA par l\u2019\u00c9tat b\u00e9ninois en octobre 2021, devait marquer un tournant d\u00e9cisif dans la fili\u00e8re agrumicole du pays. Cependant, un diff\u00e9rend r\u00e9cent avec les producteurs locaux d&rsquo;oranges sur le prix menace de retarder le d\u00e9marrage des activit\u00e9s de cette infrastructure cruciale.<\/p>\n\n\n\n<p><strong>La hausse surprise des prix <\/strong><\/p>\n\n\n\n<p>Depuis deux mois, selon notre source locale, les producteurs d&rsquo;oranges de Zakpota ont d\u00e9cid\u00e9 de revoir \u00e0 la hausse le prix de vente, passant de 25.000 FCFA \u00e0 100.000 FCFA la tonne. Les producteurs justifient cette augmentation par les investissements significatifs r\u00e9alis\u00e9s par Orana SA pour remettre l\u2019usine en \u00e9tat de marche. Ils estiment que ces efforts doivent se traduire par une meilleure r\u00e9mun\u00e9ration de leur production, leur permettant ainsi de couvrir les co\u00fbts de production en hausse et d&rsquo;am\u00e9liorer leurs conditions de vie. De plus, ils pensent que le succ\u00e8s de l\u2019usine ne doit pas seulement b\u00e9n\u00e9ficier \u00e0 Orana SA, mais aussi rejaillir sur les producteurs locaux \u00e0 travers des prix d\u2019achat plus \u00e9lev\u00e9s.<\/p>\n\n\n\n<p><strong>La position d&rsquo;Orana SA<\/strong><\/p>\n\n\n\n<p>Pas encore de r\u00e9action officielle des responsables d&rsquo;Orana SA. Mais selon des sources bien inform\u00e9es, ils jugent cette hausse excessive et non soutenable pour le mod\u00e8le \u00e9conomique de l\u2019usine au d\u00e9marrage. L&rsquo;entreprise craint que ces co\u00fbts suppl\u00e9mentaires ne compromettent la rentabilit\u00e9 des op\u00e9rations et retardent le d\u00e9marrage des activit\u00e9s. Orana SA esp\u00e8re une intervention de l\u2019\u00c9tat b\u00e9ninois et des autorit\u00e9s communales pour raisonner les producteurs.<\/p>\n\n\n\n<p><strong>L&rsquo;accord historique<\/strong><\/p>\n\n\n\n<p>En 2022, Orana SA avait r\u00e9ussi \u00e0 obtenir un accord avec l&rsquo;Union communale des coop\u00e9ratives et des producteurs d&rsquo;agrumes de Zakpota, pour instaurer le prix annuel pour le kilo d&rsquo;orange au B\u00e9nin. Cet accord incluait l&rsquo;engagement de la soci\u00e9t\u00e9 \u00e0 acheter la totalit\u00e9 de la production chaque saison, tandis que les producteurs s&rsquo;engageaient \u00e0 vendre toute leur production \u00e0 Orana SA. Destin\u00e9 \u00e0 garantir une relation stable et b\u00e9n\u00e9fique pour les deux parties, l&rsquo;accord assurait l&rsquo;approvisionnement de l&rsquo;usine et offrait aux producteurs une assurance de vente pour leurs r\u00e9coltes. Pour la saison 2021-2022 le prix de vente des oranges \u00e9tait fix\u00e9 \u00e0 100 FCFA par kilogramme.<\/p>\n\n\n\n<p><strong>Un enjeu de d\u00e9veloppement local<\/strong><\/p>\n\n\n\n<p>Ce conflit met en lumi\u00e8re des enjeux cruciaux pour le d\u00e9veloppement local. D\u2019une part, il s&rsquo;agit de garantir une juste r\u00e9mun\u00e9ration des producteurs d\u2019oranges, qui ont souvent \u00e9t\u00e9 marginalis\u00e9s dans les cha\u00eenes de valeur agro-industrielles. D\u2019autre part, il est imp\u00e9ratif de garantir la viabilit\u00e9 \u00e9conomique de l\u2019usine pour son d\u00e9marrage imminent, qui repr\u00e9sente une opportunit\u00e9 de transformation \u00e9conomique non seulement pour la commune de Zakpota mais aussi pour les communes du d\u00e9partements du Couffo. La situation actuelle cr\u00e9e une tension entre les besoins imm\u00e9diats des producteurs et les objectifs \u00e0 long terme de d\u00e9veloppement \u00e9conomique et industriel de la zone.<\/p>\n\n\n\n<p>Pour r\u00e9soudre cette impasse dans l&rsquo;imm\u00e9diat, une intervention de l\u2019\u00c9tat, notamment du ministre de l&rsquo;Agriculture et de celui du Commerce, pourrait faciliter un compromis acceptable pour les deux parties. Le d\u00e9marrage des activit\u00e9s de l\u2019usine de transformation d\u2019oranges de Zakpota par Orana SA semble suspendu \u00e0 la r\u00e9solution de ce conflit de prix. Les prochaines semaines seront cruciales pour voir si un terrain d\u2019entente peut \u00eatre trouv\u00e9, permettant ainsi \u00e0 l\u2019usine de devenir un moteur de croissance pour Zakpota et ses environs.<\/p>\n","protected":false},"excerpt":{"rendered":"La mise en concession de l\u2019usine de transformation d\u2019oranges de Zakpota, confi\u00e9e \u00e0 la soci\u00e9t\u00e9 Orana SA par&hellip;\n","protected":false},"author":3,"featured_media":5691,"comment_status":"open","ping_status":"open","sticky":true,"template":"","format":"standard","meta":{"csco_singular_sidebar":"","csco_page_header_type":"standard","csco_appearance_masonry":"","csco_page_load_nextpost":"","csco_post_video_location":[],"csco_post_video_location_hash":"","csco_post_video_url":"","csco_post_video_bg_start_time":0,"csco_post_video_bg_end_time":0,"footnotes":""},"categories":[110],"tags":[41,360,362,361,168],"class_list":{"0":"post-5690","1":"post","2":"type-post","3":"status-publish","4":"format-standard","5":"has-post-thumbnail","7":"category-business","8":"tag-benin","9":"tag-orana-sa","10":"tag-orange","11":"tag-usine","12":"tag-zakpota","13":"cs-entry","14":"cs-video-wrap"},"yoast_head":"<!-- This site is optimized with the Yoast SEO plugin v27.4 - https:\/\/yoast.com\/product\/yoast-seo-wordpress\/ -->\n<title>B\u00e9nin\/ORANA SA : La bascule inattendue qui pourrait retarder le d\u00e9marrage des activit\u00e9s de l&#039;usine \u00e0 Zakpota - LA MARINA BJ<\/title>\n<meta name=\"robots\" content=\"index, follow, max-snippet:-1, max-image-preview:large, max-video-preview:-1\" \/>\n<link rel=\"canonical\" href=\"https:\/\/lamarinabj.com\/index.php\/2024\/06\/26\/benin-orana-sa-la-bascule-inattendue-qui-pourrait-retarder-le-demarrage-des-activites-de-lusine-a-zakpota\/\" \/>\n<meta property=\"og:locale\" content=\"fr_FR\" \/>\n<meta property=\"og:type\" content=\"article\" \/>\n<meta property=\"og:title\" content=\"B\u00e9nin\/ORANA SA : La bascule inattendue qui pourrait retarder le d\u00e9marrage des activit\u00e9s de l&#039;usine \u00e0 Zakpota - LA MARINA BJ\" \/>\n<meta property=\"og:description\" content=\"La mise en concession de l\u2019usine de transformation d\u2019oranges de Zakpota, confi\u00e9e \u00e0 la soci\u00e9t\u00e9 Orana SA par&hellip;\" \/>\n<meta property=\"og:url\" content=\"https:\/\/lamarinabj.com\/index.php\/2024\/06\/26\/benin-orana-sa-la-bascule-inattendue-qui-pourrait-retarder-le-demarrage-des-activites-de-lusine-a-zakpota\/\" \/>\n<meta property=\"og:site_name\" content=\"LA MARINA BJ\" \/>\n<meta property=\"article:published_time\" content=\"2024-06-26T09:15:00+00:00\" \/>\n<meta property=\"article:modified_time\" content=\"2024-07-04T16:57:53+00:00\" \/>\n<meta property=\"og:image\" content=\"https:\/\/lamarinabj.com\/wp-content\/uploads\/2024\/06\/a-propos.webp\" \/>\n\t<meta property=\"og:image:width\" content=\"500\" \/>\n\t<meta property=\"og:image:height\" content=\"460\" \/>\n\t<meta property=\"og:image:type\" content=\"image\/webp\" \/>\n<meta name=\"author\" content=\"La Marina BJ - Team Veille &amp; Projets publics\" \/>\n<meta name=\"twitter:card\" content=\"summary_large_image\" \/>\n<meta name=\"twitter:label1\" content=\"\u00c9crit par\" \/>\n\t<meta name=\"twitter:data1\" content=\"La Marina BJ - Team Veille &amp; Projets publics\" \/>\n\t<meta name=\"twitter:label2\" content=\"Dur\u00e9e de lecture estim\u00e9e\" \/>\n\t<meta name=\"twitter:data2\" content=\"3 minutes\" \/>\n<script type=\"application\/ld+json\" class=\"yoast-schema-graph\">{\"@context\":\"https:\\\/\\\/schema.org\",\"@graph\":[{\"@type\":\"NewsArticle\",\"@id\":\"https:\\\/\\\/lamarinabj.com\\\/index.php\\\/2024\\\/06\\\/26\\\/benin-orana-sa-la-bascule-inattendue-qui-pourrait-retarder-le-demarrage-des-activites-de-lusine-a-zakpota\\\/#article\",\"isPartOf\":{\"@id\":\"https:\\\/\\\/lamarinabj.com\\\/index.php\\\/2024\\\/06\\\/26\\\/benin-orana-sa-la-bascule-inattendue-qui-pourrait-retarder-le-demarrage-des-activites-de-lusine-a-zakpota\\\/\"},\"author\":{\"name\":\"La Marina BJ - Team Veille &amp; Projets publics\",\"@id\":\"https:\\\/\\\/lamarinabj.com\\\/#\\\/schema\\\/person\\\/70c372a4c3c86bd4844a0382357a0f2d\"},\"headline\":\"B\u00e9nin\\\/ORANA SA : La bascule inattendue qui pourrait retarder le d\u00e9marrage des activit\u00e9s de l&rsquo;usine \u00e0 Zakpota\",\"datePublished\":\"2024-06-26T09:15:00+00:00\",\"dateModified\":\"2024-07-04T16:57:53+00:00\",\"mainEntityOfPage\":{\"@id\":\"https:\\\/\\\/lamarinabj.com\\\/index.php\\\/2024\\\/06\\\/26\\\/benin-orana-sa-la-bascule-inattendue-qui-pourrait-retarder-le-demarrage-des-activites-de-lusine-a-zakpota\\\/\"},\"wordCount\":635,\"commentCount\":0,\"image\":{\"@id\":\"https:\\\/\\\/lamarinabj.com\\\/index.php\\\/2024\\\/06\\\/26\\\/benin-orana-sa-la-bascule-inattendue-qui-pourrait-retarder-le-demarrage-des-activites-de-lusine-a-zakpota\\\/#primaryimage\"},\"thumbnailUrl\":\"https:\\\/\\\/lamarinabj.com\\\/wp-content\\\/uploads\\\/2024\\\/06\\\/a-propos.webp\",\"keywords\":[\"B\u00e9nin\",\"ORANA SA\",\"Orange\",\"Usine\",\"Zakpota\"],\"articleSection\":[\"BUSINESS\"],\"inLanguage\":\"fr-FR\",\"potentialAction\":[{\"@type\":\"CommentAction\",\"name\":\"Comment\",\"target\":[\"https:\\\/\\\/lamarinabj.com\\\/index.php\\\/2024\\\/06\\\/26\\\/benin-orana-sa-la-bascule-inattendue-qui-pourrait-retarder-le-demarrage-des-activites-de-lusine-a-zakpota\\\/#respond\"]}]},{\"@type\":[\"WebPage\",\"SearchResultsPage\"],\"@id\":\"https:\\\/\\\/lamarinabj.com\\\/index.php\\\/2024\\\/06\\\/26\\\/benin-orana-sa-la-bascule-inattendue-qui-pourrait-retarder-le-demarrage-des-activites-de-lusine-a-zakpota\\\/\",\"url\":\"https:\\\/\\\/lamarinabj.com\\\/index.php\\\/2024\\\/06\\\/26\\\/benin-orana-sa-la-bascule-inattendue-qui-pourrait-retarder-le-demarrage-des-activites-de-lusine-a-zakpota\\\/\",\"name\":\"B\u00e9nin\\\/ORANA SA : La bascule inattendue qui pourrait retarder le d\u00e9marrage des activit\u00e9s de l'usine \u00e0 Zakpota - LA MARINA BJ\",\"isPartOf\":{\"@id\":\"https:\\\/\\\/lamarinabj.com\\\/#website\"},\"primaryImageOfPage\":{\"@id\":\"https:\\\/\\\/lamarinabj.com\\\/index.php\\\/2024\\\/06\\\/26\\\/benin-orana-sa-la-bascule-inattendue-qui-pourrait-retarder-le-demarrage-des-activites-de-lusine-a-zakpota\\\/#primaryimage\"},\"image\":{\"@id\":\"https:\\\/\\\/lamarinabj.com\\\/index.php\\\/2024\\\/06\\\/26\\\/benin-orana-sa-la-bascule-inattendue-qui-pourrait-retarder-le-demarrage-des-activites-de-lusine-a-zakpota\\\/#primaryimage\"},\"thumbnailUrl\":\"https:\\\/\\\/lamarinabj.com\\\/wp-content\\\/uploads\\\/2024\\\/06\\\/a-propos.webp\",\"datePublished\":\"2024-06-26T09:15:00+00:00\",\"dateModified\":\"2024-07-04T16:57:53+00:00\",\"author\":{\"@id\":\"https:\\\/\\\/lamarinabj.com\\\/#\\\/schema\\\/person\\\/70c372a4c3c86bd4844a0382357a0f2d\"},\"breadcrumb\":{\"@id\":\"https:\\\/\\\/lamarinabj.com\\\/index.php\\\/2024\\\/06\\\/26\\\/benin-orana-sa-la-bascule-inattendue-qui-pourrait-retarder-le-demarrage-des-activites-de-lusine-a-zakpota\\\/#breadcrumb\"},\"inLanguage\":\"fr-FR\",\"potentialAction\":[{\"@type\":\"ReadAction\",\"target\":[\"https:\\\/\\\/lamarinabj.com\\\/index.php\\\/2024\\\/06\\\/26\\\/benin-orana-sa-la-bascule-inattendue-qui-pourrait-retarder-le-demarrage-des-activites-de-lusine-a-zakpota\\\/\"]}]},{\"@type\":\"ImageObject\",\"inLanguage\":\"fr-FR\",\"@id\":\"https:\\\/\\\/lamarinabj.com\\\/index.php\\\/2024\\\/06\\\/26\\\/benin-orana-sa-la-bascule-inattendue-qui-pourrait-retarder-le-demarrage-des-activites-de-lusine-a-zakpota\\\/#primaryimage\",\"url\":\"https:\\\/\\\/lamarinabj.com\\\/wp-content\\\/uploads\\\/2024\\\/06\\\/a-propos.webp\",\"contentUrl\":\"https:\\\/\\\/lamarinabj.com\\\/wp-content\\\/uploads\\\/2024\\\/06\\\/a-propos.webp\",\"width\":500,\"height\":460},{\"@type\":\"BreadcrumbList\",\"@id\":\"https:\\\/\\\/lamarinabj.com\\\/index.php\\\/2024\\\/06\\\/26\\\/benin-orana-sa-la-bascule-inattendue-qui-pourrait-retarder-le-demarrage-des-activites-de-lusine-a-zakpota\\\/#breadcrumb\",\"itemListElement\":[{\"@type\":\"ListItem\",\"position\":1,\"name\":\"Accueil\",\"item\":\"https:\\\/\\\/lamarinabj.com\\\/\"},{\"@type\":\"ListItem\",\"position\":2,\"name\":\"B\u00e9nin\\\/ORANA SA : La bascule inattendue qui pourrait retarder le d\u00e9marrage des activit\u00e9s de l&#8217;usine \u00e0 Zakpota\"}]},{\"@type\":\"WebSite\",\"@id\":\"https:\\\/\\\/lamarinabj.com\\\/#website\",\"url\":\"https:\\\/\\\/lamarinabj.com\\\/\",\"name\":\"LA MARINA BJ\",\"description\":\"Votre portail vers l&#039;information strat\u00e9gique au B\u00e9nin, en Afrique et au-del\u00e0\",\"potentialAction\":[{\"@type\":\"SearchAction\",\"target\":{\"@type\":\"EntryPoint\",\"urlTemplate\":\"https:\\\/\\\/lamarinabj.com\\\/?s={search_term_string}\"},\"query-input\":{\"@type\":\"PropertyValueSpecification\",\"valueRequired\":true,\"valueName\":\"search_term_string\"}}],\"inLanguage\":\"fr-FR\"},{\"@type\":\"Person\",\"@id\":\"https:\\\/\\\/lamarinabj.com\\\/#\\\/schema\\\/person\\\/70c372a4c3c86bd4844a0382357a0f2d\",\"name\":\"La Marina BJ - Team Veille &amp; Projets publics\",\"image\":{\"@type\":\"ImageObject\",\"inLanguage\":\"fr-FR\",\"@id\":\"https:\\\/\\\/secure.gravatar.com\\\/avatar\\\/b56740eda81210101c8acebdd7c5c7db1bd0ab57f63df607996683fa153ff0d0?s=96&d=mm&r=g\",\"url\":\"https:\\\/\\\/secure.gravatar.com\\\/avatar\\\/b56740eda81210101c8acebdd7c5c7db1bd0ab57f63df607996683fa153ff0d0?s=96&d=mm&r=g\",\"contentUrl\":\"https:\\\/\\\/secure.gravatar.com\\\/avatar\\\/b56740eda81210101c8acebdd7c5c7db1bd0ab57f63df607996683fa153ff0d0?s=96&d=mm&r=g\",\"caption\":\"La Marina BJ - Team Veille &amp; Projets publics\"},\"description\":\"La Team Veille &amp; Projets publics de La Marina BJ est d\u00e9di\u00e9e \u00e0 la surveillance proactive des dynamiques institutionnelles impuls\u00e9es par l\u2019\u00c9tat, les agences publiques, les collectivit\u00e9s territoriales ainsi que les partenaires techniques et financiers. Gr\u00e2ce \u00e0 une veille strat\u00e9gique permanente, cette \u00e9quipe identifie et suit les projets de d\u00e9veloppement, les \u00e9tudes pr\u00e9alables et les investissements publics majeurs. Elle documente les politiques sectorielles, analyse les enjeux techniques, \u00e9conomiques, sociaux et environnementaux, et produit des contenus exclusifs pour \u00e9clairer les mutations structurelles.\",\"url\":\"https:\\\/\\\/lamarinabj.com\\\/index.php\\\/author\\\/simahou\\\/\"}]}<\/script>\n<!-- \/ Yoast SEO plugin. -->","yoast_head_json":{"title":"B\u00e9nin\/ORANA SA : La bascule inattendue qui pourrait retarder le d\u00e9marrage des activit\u00e9s de l'usine \u00e0 Zakpota - LA MARINA BJ","robots":{"index":"index","follow":"follow","max-snippet":"max-snippet:-1","max-image-preview":"max-image-preview:large","max-video-preview":"max-video-preview:-1"},"canonical":"https:\/\/lamarinabj.com\/index.php\/2024\/06\/26\/benin-orana-sa-la-bascule-inattendue-qui-pourrait-retarder-le-demarrage-des-activites-de-lusine-a-zakpota\/","og_locale":"fr_FR","og_type":"article","og_title":"B\u00e9nin\/ORANA SA : La bascule inattendue qui pourrait retarder le d\u00e9marrage des activit\u00e9s de l'usine \u00e0 Zakpota - LA MARINA BJ","og_description":"La mise en concession de l\u2019usine de transformation d\u2019oranges de Zakpota, confi\u00e9e \u00e0 la soci\u00e9t\u00e9 Orana SA par&hellip;","og_url":"https:\/\/lamarinabj.com\/index.php\/2024\/06\/26\/benin-orana-sa-la-bascule-inattendue-qui-pourrait-retarder-le-demarrage-des-activites-de-lusine-a-zakpota\/","og_site_name":"LA MARINA BJ","article_published_time":"2024-06-26T09:15:00+00:00","article_modified_time":"2024-07-04T16:57:53+00:00","og_image":[{"width":500,"height":460,"url":"https:\/\/lamarinabj.com\/wp-content\/uploads\/2024\/06\/a-propos.webp","type":"image\/webp"}],"author":"La Marina BJ - Team Veille &amp; Projets publics","twitter_card":"summary_large_image","twitter_misc":{"\u00c9crit par":"La Marina BJ - Team Veille &amp; Projets publics","Dur\u00e9e de lecture estim\u00e9e":"3 minutes"},"schema":{"@context":"https:\/\/schema.org","@graph":[{"@type":"NewsArticle","@id":"https:\/\/lamarinabj.com\/index.php\/2024\/06\/26\/benin-orana-sa-la-bascule-inattendue-qui-pourrait-retarder-le-demarrage-des-activites-de-lusine-a-zakpota\/#article","isPartOf":{"@id":"https:\/\/lamarinabj.com\/index.php\/2024\/06\/26\/benin-orana-sa-la-bascule-inattendue-qui-pourrait-retarder-le-demarrage-des-activites-de-lusine-a-zakpota\/"},"author":{"name":"La Marina BJ - Team Veille &amp; Projets publics","@id":"https:\/\/lamarinabj.com\/#\/schema\/person\/70c372a4c3c86bd4844a0382357a0f2d"},"headline":"B\u00e9nin\/ORANA SA : La bascule inattendue qui pourrait retarder le d\u00e9marrage des activit\u00e9s de l&rsquo;usine \u00e0 Zakpota","datePublished":"2024-06-26T09:15:00+00:00","dateModified":"2024-07-04T16:57:53+00:00","mainEntityOfPage":{"@id":"https:\/\/lamarinabj.com\/index.php\/2024\/06\/26\/benin-orana-sa-la-bascule-inattendue-qui-pourrait-retarder-le-demarrage-des-activites-de-lusine-a-zakpota\/"},"wordCount":635,"commentCount":0,"image":{"@id":"https:\/\/lamarinabj.com\/index.php\/2024\/06\/26\/benin-orana-sa-la-bascule-inattendue-qui-pourrait-retarder-le-demarrage-des-activites-de-lusine-a-zakpota\/#primaryimage"},"thumbnailUrl":"https:\/\/lamarinabj.com\/wp-content\/uploads\/2024\/06\/a-propos.webp","keywords":["B\u00e9nin","ORANA SA","Orange","Usine","Zakpota"],"articleSection":["BUSINESS"],"inLanguage":"fr-FR","potentialAction":[{"@type":"CommentAction","name":"Comment","target":["https:\/\/lamarinabj.com\/index.php\/2024\/06\/26\/benin-orana-sa-la-bascule-inattendue-qui-pourrait-retarder-le-demarrage-des-activites-de-lusine-a-zakpota\/#respond"]}]},{"@type":["WebPage","SearchResultsPage"],"@id":"https:\/\/lamarinabj.com\/index.php\/2024\/06\/26\/benin-orana-sa-la-bascule-inattendue-qui-pourrait-retarder-le-demarrage-des-activites-de-lusine-a-zakpota\/","url":"https:\/\/lamarinabj.com\/index.php\/2024\/06\/26\/benin-orana-sa-la-bascule-inattendue-qui-pourrait-retarder-le-demarrage-des-activites-de-lusine-a-zakpota\/","name":"B\u00e9nin\/ORANA SA : La bascule inattendue qui pourrait retarder le d\u00e9marrage des activit\u00e9s de l'usine \u00e0 Zakpota - LA MARINA BJ","isPartOf":{"@id":"https:\/\/lamarinabj.com\/#website"},"primaryImageOfPage":{"@id":"https:\/\/lamarinabj.com\/index.php\/2024\/06\/26\/benin-orana-sa-la-bascule-inattendue-qui-pourrait-retarder-le-demarrage-des-activites-de-lusine-a-zakpota\/#primaryimage"},"image":{"@id":"https:\/\/lamarinabj.com\/index.php\/2024\/06\/26\/benin-orana-sa-la-bascule-inattendue-qui-pourrait-retarder-le-demarrage-des-activites-de-lusine-a-zakpota\/#primaryimage"},"thumbnailUrl":"https:\/\/lamarinabj.com\/wp-content\/uploads\/2024\/06\/a-propos.webp","datePublished":"2024-06-26T09:15:00+00:00","dateModified":"2024-07-04T16:57:53+00:00","author":{"@id":"https:\/\/lamarinabj.com\/#\/schema\/person\/70c372a4c3c86bd4844a0382357a0f2d"},"breadcrumb":{"@id":"https:\/\/lamarinabj.com\/index.php\/2024\/06\/26\/benin-orana-sa-la-bascule-inattendue-qui-pourrait-retarder-le-demarrage-des-activites-de-lusine-a-zakpota\/#breadcrumb"},"inLanguage":"fr-FR","potentialAction":[{"@type":"ReadAction","target":["https:\/\/lamarinabj.com\/index.php\/2024\/06\/26\/benin-orana-sa-la-bascule-inattendue-qui-pourrait-retarder-le-demarrage-des-activites-de-lusine-a-zakpota\/"]}]},{"@type":"ImageObject","inLanguage":"fr-FR","@id":"https:\/\/lamarinabj.com\/index.php\/2024\/06\/26\/benin-orana-sa-la-bascule-inattendue-qui-pourrait-retarder-le-demarrage-des-activites-de-lusine-a-zakpota\/#primaryimage","url":"https:\/\/lamarinabj.com\/wp-content\/uploads\/2024\/06\/a-propos.webp","contentUrl":"https:\/\/lamarinabj.com\/wp-content\/uploads\/2024\/06\/a-propos.webp","width":500,"height":460},{"@type":"BreadcrumbList","@id":"https:\/\/lamarinabj.com\/index.php\/2024\/06\/26\/benin-orana-sa-la-bascule-inattendue-qui-pourrait-retarder-le-demarrage-des-activites-de-lusine-a-zakpota\/#breadcrumb","itemListElement":[{"@type":"ListItem","position":1,"name":"Accueil","item":"https:\/\/lamarinabj.com\/"},{"@type":"ListItem","position":2,"name":"B\u00e9nin\/ORANA SA : La bascule inattendue qui pourrait retarder le d\u00e9marrage des activit\u00e9s de l&#8217;usine \u00e0 Zakpota"}]},{"@type":"WebSite","@id":"https:\/\/lamarinabj.com\/#website","url":"https:\/\/lamarinabj.com\/","name":"LA MARINA BJ","description":"Votre portail vers l&#039;information strat\u00e9gique au B\u00e9nin, en Afrique et au-del\u00e0","potentialAction":[{"@type":"SearchAction","target":{"@type":"EntryPoint","urlTemplate":"https:\/\/lamarinabj.com\/?s={search_term_string}"},"query-input":{"@type":"PropertyValueSpecification","valueRequired":true,"valueName":"search_term_string"}}],"inLanguage":"fr-FR"},{"@type":"Person","@id":"https:\/\/lamarinabj.com\/#\/schema\/person\/70c372a4c3c86bd4844a0382357a0f2d","name":"La Marina BJ - Team Veille &amp; Projets publics","image":{"@type":"ImageObject","inLanguage":"fr-FR","@id":"https:\/\/secure.gravatar.com\/avatar\/b56740eda81210101c8acebdd7c5c7db1bd0ab57f63df607996683fa153ff0d0?s=96&d=mm&r=g","url":"https:\/\/secure.gravatar.com\/avatar\/b56740eda81210101c8acebdd7c5c7db1bd0ab57f63df607996683fa153ff0d0?s=96&d=mm&r=g","contentUrl":"https:\/\/secure.gravatar.com\/avatar\/b56740eda81210101c8acebdd7c5c7db1bd0ab57f63df607996683fa153ff0d0?s=96&d=mm&r=g","caption":"La Marina BJ - Team Veille &amp; Projets publics"},"description":"La Team Veille &amp; Projets publics de La Marina BJ est d\u00e9di\u00e9e \u00e0 la surveillance proactive des dynamiques institutionnelles impuls\u00e9es par l\u2019\u00c9tat, les agences publiques, les collectivit\u00e9s territoriales ainsi que les partenaires techniques et financiers. Gr\u00e2ce \u00e0 une veille strat\u00e9gique permanente, cette \u00e9quipe identifie et suit les projets de d\u00e9veloppement, les \u00e9tudes pr\u00e9alables et les investissements publics majeurs. Elle documente les politiques sectorielles, analyse les enjeux techniques, \u00e9conomiques, sociaux et environnementaux, et produit des contenus exclusifs pour \u00e9clairer les mutations structurelles.","url":"https:\/\/lamarinabj.com\/index.php\/author\/simahou\/"}]}},"_links":{"self":[{"href":"https:\/\/lamarinabj.com\/index.php\/wp-json\/wp\/v2\/posts\/5690","targetHints":{"allow":["GET"]}}],"collection":[{"href":"https:\/\/lamarinabj.com\/index.php\/wp-json\/wp\/v2\/posts"}],"about":[{"href":"https:\/\/lamarinabj.com\/index.php\/wp-json\/wp\/v2\/types\/post"}],"author":[{"embeddable":true,"href":"https:\/\/lamarinabj.com\/index.php\/wp-json\/wp\/v2\/users\/3"}],"replies":[{"embeddable":true,"href":"https:\/\/lamarinabj.com\/index.php\/wp-json\/wp\/v2\/comments?post=5690"}],"version-history":[{"count":0,"href":"https:\/\/lamarinabj.com\/index.php\/wp-json\/wp\/v2\/posts\/5690\/revisions"}],"wp:featuredmedia":[{"embeddable":true,"href":"https:\/\/lamarinabj.com\/index.php\/wp-json\/wp\/v2\/media\/5691"}],"wp:attachment":[{"href":"https:\/\/lamarinabj.com\/index.php\/wp-json\/wp\/v2\/media?parent=5690"}],"wp:term":[{"taxonomy":"category","embeddable":true,"href":"https:\/\/lamarinabj.com\/index.php\/wp-json\/wp\/v2\/categories?post=5690"},{"taxonomy":"post_tag","embeddable":true,"href":"https:\/\/lamarinabj.com\/index.php\/wp-json\/wp\/v2\/tags?post=5690"}],"curies":[{"name":"wp","href":"https:\/\/api.w.org\/{rel}","templated":true}]}}