{"id":5730,"date":"2024-06-27T08:41:00","date_gmt":"2024-06-27T07:41:00","guid":{"rendered":"https:\/\/lamarinabj.com\/?p=5730"},"modified":"2024-07-04T17:51:21","modified_gmt":"2024-07-04T16:51:21","slug":"benin-pourquoi-la-vice-presidente-mariam-talata-est-convoquee-a-la-cour-constitutionnelle","status":"publish","type":"post","link":"https:\/\/lamarinabj.com\/index.php\/2024\/06\/27\/benin-pourquoi-la-vice-presidente-mariam-talata-est-convoquee-a-la-cour-constitutionnelle\/","title":{"rendered":"B\u00e9nin : Pourquoi la Vice-pr\u00e9sidente Mariam Talata est convoqu\u00e9e \u00e0 la cour constitutionnelle ?"},"content":{"rendered":"\n<p><strong><em>L&rsquo;audience de ce jeudi \u00e0 la cour constitutionnelle sera marqu\u00e9e par la pr\u00e9sence de plusieurs personnalit\u00e9s, parmi lesquelles la Vice-pr\u00e9sidente de la R\u00e9publique, Mariama Chabi Talata. Cette derni\u00e8re est convoqu\u00e9e afin de r\u00e9pondre \u00e0 un recours d\u00e9pos\u00e9 par Guy Mitokp\u00e8, secr\u00e9taire \u00e0 la communication du parti d&rsquo;opposition Les D\u00e9mocrates.<\/em><\/strong><\/p>\n\n\n\n<p>Cette audience met en lumi\u00e8re une controverse n\u00e9e des propos tenus par la Vice-pr\u00e9sidente de la r\u00e9publique lors de la r\u00e9cente tourn\u00e9e gouvernementale de reddition de compte \u00e0 Allada. Selon les all\u00e9gations du requ\u00e9rant Guy Mitokp\u00e8, Mariama Chabi Talata a exprim\u00e9 un soutien implicite \u00e0 l&rsquo;id\u00e9e d&rsquo;un troisi\u00e8me mandat pour le chef de l&rsquo;\u00c9tat Patrice Talon, une position jug\u00e9e anticonstitutionnelle et vivement contest\u00e9e par l&rsquo;opposition.<\/p>\n\n\n\n<p>Cette affaire rev\u00eat une importance cruciale dans le contexte politique actuel du B\u00e9nin, marqu\u00e9 par des d\u00e9bats intenses sur la gouvernance et le respect des institutions d\u00e9mocratiques. La cour constitutionnelle devra statuer sur la l\u00e9galit\u00e9 des propos tenus par la Vice-pr\u00e9sidente de la r\u00e9publique et d\u00e9terminer s&rsquo;ils constituent une violation claire des principes fondamentaux \u00e9tablis par la constitution du pays.<\/p>\n\n\n\n<p>Quelle d\u00e9cision les sages de la cour constitutionnelle prendront-ils ? Selon plusieurs observateurs, compte tenu des pr\u00e9c\u00e9dentes d\u00e9cisions de la cour constitutionnelle, il est fort probable que les juges se d\u00e9clarent incomp\u00e9tents ou estiment que la Vice-pr\u00e9sidente n&rsquo;a pas enfreint la constitution.<\/p>\n\n\n\n<p>\u00c0 suivre.<\/p>\n","protected":false},"excerpt":{"rendered":"L&rsquo;audience de ce jeudi \u00e0 la cour constitutionnelle sera marqu\u00e9e par la pr\u00e9sence de plusieurs personnalit\u00e9s, parmi lesquelles&hellip;\n","protected":false},"author":6,"featured_media":5731,"comment_status":"open","ping_status":"open","sticky":true,"template":"elementor_theme","format":"standard","meta":{"csco_singular_sidebar":"","csco_page_header_type":"standard","csco_appearance_masonry":"","csco_page_load_nextpost":"","csco_post_video_location":[],"csco_post_video_location_hash":"","csco_post_video_url":"","csco_post_video_bg_start_time":0,"csco_post_video_bg_end_time":0,"footnotes":""},"categories":[191],"tags":[41,221,376,375,250],"class_list":{"0":"post-5730","1":"post","2":"type-post","3":"status-publish","4":"format-standard","5":"has-post-thumbnail","7":"category-en-savoir-plus-2","8":"tag-benin","9":"tag-cour-constitutionnelle","10":"tag-guy-mitokpe","11":"tag-mariam-chabi-talata","12":"tag-parti-les-democrates","13":"cs-entry","14":"cs-video-wrap"},"yoast_head":"<!-- This site is optimized with the Yoast SEO plugin v27.4 - https:\/\/yoast.com\/product\/yoast-seo-wordpress\/ -->\n<title>B\u00e9nin : Pourquoi la Vice-pr\u00e9sidente Mariam Talata est convoqu\u00e9e \u00e0 la cour constitutionnelle ? - LA MARINA BJ<\/title>\n<meta name=\"robots\" content=\"index, follow, max-snippet:-1, max-image-preview:large, max-video-preview:-1\" \/>\n<link rel=\"canonical\" href=\"https:\/\/lamarinabj.com\/index.php\/2024\/06\/27\/benin-pourquoi-la-vice-presidente-mariam-talata-est-convoquee-a-la-cour-constitutionnelle\/\" \/>\n<meta property=\"og:locale\" content=\"fr_FR\" \/>\n<meta property=\"og:type\" content=\"article\" \/>\n<meta property=\"og:title\" content=\"B\u00e9nin : Pourquoi la Vice-pr\u00e9sidente Mariam Talata est convoqu\u00e9e \u00e0 la cour constitutionnelle ? - LA MARINA BJ\" \/>\n<meta property=\"og:description\" content=\"L&rsquo;audience de ce jeudi \u00e0 la cour constitutionnelle sera marqu\u00e9e par la pr\u00e9sence de plusieurs personnalit\u00e9s, parmi lesquelles&hellip;\" \/>\n<meta property=\"og:url\" content=\"https:\/\/lamarinabj.com\/index.php\/2024\/06\/27\/benin-pourquoi-la-vice-presidente-mariam-talata-est-convoquee-a-la-cour-constitutionnelle\/\" \/>\n<meta property=\"og:site_name\" content=\"LA MARINA BJ\" \/>\n<meta property=\"article:published_time\" content=\"2024-06-27T07:41:00+00:00\" \/>\n<meta property=\"article:modified_time\" content=\"2024-07-04T16:51:21+00:00\" \/>\n<meta property=\"og:image\" content=\"https:\/\/lamarinabj.com\/wp-content\/uploads\/2024\/06\/51215528034_a1a26e3b48_4k.jpg\" \/>\n\t<meta property=\"og:image:width\" content=\"1068\" \/>\n\t<meta property=\"og:image:height\" content=\"621\" \/>\n\t<meta property=\"og:image:type\" content=\"image\/jpeg\" \/>\n<meta name=\"author\" content=\"LA R\u00c9DACTION\" \/>\n<meta name=\"twitter:card\" content=\"summary_large_image\" \/>\n<meta name=\"twitter:label1\" content=\"\u00c9crit par\" \/>\n\t<meta name=\"twitter:data1\" content=\"LA R\u00c9DACTION\" \/>\n\t<meta name=\"twitter:label2\" content=\"Dur\u00e9e de lecture estim\u00e9e\" \/>\n\t<meta name=\"twitter:data2\" content=\"1 minute\" \/>\n<script type=\"application\/ld+json\" class=\"yoast-schema-graph\">{\"@context\":\"https:\\\/\\\/schema.org\",\"@graph\":[{\"@type\":\"NewsArticle\",\"@id\":\"https:\\\/\\\/lamarinabj.com\\\/index.php\\\/2024\\\/06\\\/27\\\/benin-pourquoi-la-vice-presidente-mariam-talata-est-convoquee-a-la-cour-constitutionnelle\\\/#article\",\"isPartOf\":{\"@id\":\"https:\\\/\\\/lamarinabj.com\\\/index.php\\\/2024\\\/06\\\/27\\\/benin-pourquoi-la-vice-presidente-mariam-talata-est-convoquee-a-la-cour-constitutionnelle\\\/\"},\"author\":{\"name\":\"LA R\u00c9DACTION\",\"@id\":\"https:\\\/\\\/lamarinabj.com\\\/#\\\/schema\\\/person\\\/0f38483d6cc1b1237dec7e1e06dc1b4c\"},\"headline\":\"B\u00e9nin : Pourquoi la Vice-pr\u00e9sidente Mariam Talata est convoqu\u00e9e \u00e0 la cour constitutionnelle ?\",\"datePublished\":\"2024-06-27T07:41:00+00:00\",\"dateModified\":\"2024-07-04T16:51:21+00:00\",\"mainEntityOfPage\":{\"@id\":\"https:\\\/\\\/lamarinabj.com\\\/index.php\\\/2024\\\/06\\\/27\\\/benin-pourquoi-la-vice-presidente-mariam-talata-est-convoquee-a-la-cour-constitutionnelle\\\/\"},\"wordCount\":271,\"commentCount\":0,\"image\":{\"@id\":\"https:\\\/\\\/lamarinabj.com\\\/index.php\\\/2024\\\/06\\\/27\\\/benin-pourquoi-la-vice-presidente-mariam-talata-est-convoquee-a-la-cour-constitutionnelle\\\/#primaryimage\"},\"thumbnailUrl\":\"https:\\\/\\\/lamarinabj.com\\\/wp-content\\\/uploads\\\/2024\\\/06\\\/51215528034_a1a26e3b48_4k.jpg\",\"keywords\":[\"B\u00e9nin\",\"Cour constitutionnelle\",\"Guy Mitokp\u00e8\",\"Mariam Chabi Talata\",\"Parti Les D\u00e9mocrates\"],\"articleSection\":[\"EN SAVOIR PLUS\"],\"inLanguage\":\"fr-FR\",\"potentialAction\":[{\"@type\":\"CommentAction\",\"name\":\"Comment\",\"target\":[\"https:\\\/\\\/lamarinabj.com\\\/index.php\\\/2024\\\/06\\\/27\\\/benin-pourquoi-la-vice-presidente-mariam-talata-est-convoquee-a-la-cour-constitutionnelle\\\/#respond\"]}]},{\"@type\":[\"WebPage\",\"SearchResultsPage\"],\"@id\":\"https:\\\/\\\/lamarinabj.com\\\/index.php\\\/2024\\\/06\\\/27\\\/benin-pourquoi-la-vice-presidente-mariam-talata-est-convoquee-a-la-cour-constitutionnelle\\\/\",\"url\":\"https:\\\/\\\/lamarinabj.com\\\/index.php\\\/2024\\\/06\\\/27\\\/benin-pourquoi-la-vice-presidente-mariam-talata-est-convoquee-a-la-cour-constitutionnelle\\\/\",\"name\":\"B\u00e9nin : Pourquoi la Vice-pr\u00e9sidente Mariam Talata est convoqu\u00e9e \u00e0 la cour constitutionnelle ? - LA MARINA BJ\",\"isPartOf\":{\"@id\":\"https:\\\/\\\/lamarinabj.com\\\/#website\"},\"primaryImageOfPage\":{\"@id\":\"https:\\\/\\\/lamarinabj.com\\\/index.php\\\/2024\\\/06\\\/27\\\/benin-pourquoi-la-vice-presidente-mariam-talata-est-convoquee-a-la-cour-constitutionnelle\\\/#primaryimage\"},\"image\":{\"@id\":\"https:\\\/\\\/lamarinabj.com\\\/index.php\\\/2024\\\/06\\\/27\\\/benin-pourquoi-la-vice-presidente-mariam-talata-est-convoquee-a-la-cour-constitutionnelle\\\/#primaryimage\"},\"thumbnailUrl\":\"https:\\\/\\\/lamarinabj.com\\\/wp-content\\\/uploads\\\/2024\\\/06\\\/51215528034_a1a26e3b48_4k.jpg\",\"datePublished\":\"2024-06-27T07:41:00+00:00\",\"dateModified\":\"2024-07-04T16:51:21+00:00\",\"author\":{\"@id\":\"https:\\\/\\\/lamarinabj.com\\\/#\\\/schema\\\/person\\\/0f38483d6cc1b1237dec7e1e06dc1b4c\"},\"breadcrumb\":{\"@id\":\"https:\\\/\\\/lamarinabj.com\\\/index.php\\\/2024\\\/06\\\/27\\\/benin-pourquoi-la-vice-presidente-mariam-talata-est-convoquee-a-la-cour-constitutionnelle\\\/#breadcrumb\"},\"inLanguage\":\"fr-FR\",\"potentialAction\":[{\"@type\":\"ReadAction\",\"target\":[\"https:\\\/\\\/lamarinabj.com\\\/index.php\\\/2024\\\/06\\\/27\\\/benin-pourquoi-la-vice-presidente-mariam-talata-est-convoquee-a-la-cour-constitutionnelle\\\/\"]}]},{\"@type\":\"ImageObject\",\"inLanguage\":\"fr-FR\",\"@id\":\"https:\\\/\\\/lamarinabj.com\\\/index.php\\\/2024\\\/06\\\/27\\\/benin-pourquoi-la-vice-presidente-mariam-talata-est-convoquee-a-la-cour-constitutionnelle\\\/#primaryimage\",\"url\":\"https:\\\/\\\/lamarinabj.com\\\/wp-content\\\/uploads\\\/2024\\\/06\\\/51215528034_a1a26e3b48_4k.jpg\",\"contentUrl\":\"https:\\\/\\\/lamarinabj.com\\\/wp-content\\\/uploads\\\/2024\\\/06\\\/51215528034_a1a26e3b48_4k.jpg\",\"width\":1068,\"height\":621},{\"@type\":\"BreadcrumbList\",\"@id\":\"https:\\\/\\\/lamarinabj.com\\\/index.php\\\/2024\\\/06\\\/27\\\/benin-pourquoi-la-vice-presidente-mariam-talata-est-convoquee-a-la-cour-constitutionnelle\\\/#breadcrumb\",\"itemListElement\":[{\"@type\":\"ListItem\",\"position\":1,\"name\":\"Accueil\",\"item\":\"https:\\\/\\\/lamarinabj.com\\\/\"},{\"@type\":\"ListItem\",\"position\":2,\"name\":\"B\u00e9nin : Pourquoi la Vice-pr\u00e9sidente Mariam Talata est convoqu\u00e9e \u00e0 la cour constitutionnelle ?\"}]},{\"@type\":\"WebSite\",\"@id\":\"https:\\\/\\\/lamarinabj.com\\\/#website\",\"url\":\"https:\\\/\\\/lamarinabj.com\\\/\",\"name\":\"LA MARINA BJ\",\"description\":\"Votre portail vers l&#039;information strat\u00e9gique au B\u00e9nin, en Afrique et au-del\u00e0\",\"potentialAction\":[{\"@type\":\"SearchAction\",\"target\":{\"@type\":\"EntryPoint\",\"urlTemplate\":\"https:\\\/\\\/lamarinabj.com\\\/?s={search_term_string}\"},\"query-input\":{\"@type\":\"PropertyValueSpecification\",\"valueRequired\":true,\"valueName\":\"search_term_string\"}}],\"inLanguage\":\"fr-FR\"},{\"@type\":\"Person\",\"@id\":\"https:\\\/\\\/lamarinabj.com\\\/#\\\/schema\\\/person\\\/0f38483d6cc1b1237dec7e1e06dc1b4c\",\"name\":\"LA R\u00c9DACTION\",\"image\":{\"@type\":\"ImageObject\",\"inLanguage\":\"fr-FR\",\"@id\":\"https:\\\/\\\/secure.gravatar.com\\\/avatar\\\/8967838953cdf6b5c5d35b5df91334ec99a422d61a21b18770b3bec48535c5ef?s=96&d=mm&r=g\",\"url\":\"https:\\\/\\\/secure.gravatar.com\\\/avatar\\\/8967838953cdf6b5c5d35b5df91334ec99a422d61a21b18770b3bec48535c5ef?s=96&d=mm&r=g\",\"contentUrl\":\"https:\\\/\\\/secure.gravatar.com\\\/avatar\\\/8967838953cdf6b5c5d35b5df91334ec99a422d61a21b18770b3bec48535c5ef?s=96&d=mm&r=g\",\"caption\":\"LA R\u00c9DACTION\"},\"url\":\"https:\\\/\\\/lamarinabj.com\\\/index.php\\\/author\\\/la-redaction\\\/\"}]}<\/script>\n<!-- \/ Yoast SEO plugin. -->","yoast_head_json":{"title":"B\u00e9nin : Pourquoi la Vice-pr\u00e9sidente Mariam Talata est convoqu\u00e9e \u00e0 la cour constitutionnelle ? - LA MARINA BJ","robots":{"index":"index","follow":"follow","max-snippet":"max-snippet:-1","max-image-preview":"max-image-preview:large","max-video-preview":"max-video-preview:-1"},"canonical":"https:\/\/lamarinabj.com\/index.php\/2024\/06\/27\/benin-pourquoi-la-vice-presidente-mariam-talata-est-convoquee-a-la-cour-constitutionnelle\/","og_locale":"fr_FR","og_type":"article","og_title":"B\u00e9nin : Pourquoi la Vice-pr\u00e9sidente Mariam Talata est convoqu\u00e9e \u00e0 la cour constitutionnelle ? - LA MARINA BJ","og_description":"L&rsquo;audience de ce jeudi \u00e0 la cour constitutionnelle sera marqu\u00e9e par la pr\u00e9sence de plusieurs personnalit\u00e9s, parmi lesquelles&hellip;","og_url":"https:\/\/lamarinabj.com\/index.php\/2024\/06\/27\/benin-pourquoi-la-vice-presidente-mariam-talata-est-convoquee-a-la-cour-constitutionnelle\/","og_site_name":"LA MARINA BJ","article_published_time":"2024-06-27T07:41:00+00:00","article_modified_time":"2024-07-04T16:51:21+00:00","og_image":[{"width":1068,"height":621,"url":"https:\/\/lamarinabj.com\/wp-content\/uploads\/2024\/06\/51215528034_a1a26e3b48_4k.jpg","type":"image\/jpeg"}],"author":"LA R\u00c9DACTION","twitter_card":"summary_large_image","twitter_misc":{"\u00c9crit par":"LA R\u00c9DACTION","Dur\u00e9e de lecture estim\u00e9e":"1 minute"},"schema":{"@context":"https:\/\/schema.org","@graph":[{"@type":"NewsArticle","@id":"https:\/\/lamarinabj.com\/index.php\/2024\/06\/27\/benin-pourquoi-la-vice-presidente-mariam-talata-est-convoquee-a-la-cour-constitutionnelle\/#article","isPartOf":{"@id":"https:\/\/lamarinabj.com\/index.php\/2024\/06\/27\/benin-pourquoi-la-vice-presidente-mariam-talata-est-convoquee-a-la-cour-constitutionnelle\/"},"author":{"name":"LA R\u00c9DACTION","@id":"https:\/\/lamarinabj.com\/#\/schema\/person\/0f38483d6cc1b1237dec7e1e06dc1b4c"},"headline":"B\u00e9nin : Pourquoi la Vice-pr\u00e9sidente Mariam Talata est convoqu\u00e9e \u00e0 la cour constitutionnelle ?","datePublished":"2024-06-27T07:41:00+00:00","dateModified":"2024-07-04T16:51:21+00:00","mainEntityOfPage":{"@id":"https:\/\/lamarinabj.com\/index.php\/2024\/06\/27\/benin-pourquoi-la-vice-presidente-mariam-talata-est-convoquee-a-la-cour-constitutionnelle\/"},"wordCount":271,"commentCount":0,"image":{"@id":"https:\/\/lamarinabj.com\/index.php\/2024\/06\/27\/benin-pourquoi-la-vice-presidente-mariam-talata-est-convoquee-a-la-cour-constitutionnelle\/#primaryimage"},"thumbnailUrl":"https:\/\/lamarinabj.com\/wp-content\/uploads\/2024\/06\/51215528034_a1a26e3b48_4k.jpg","keywords":["B\u00e9nin","Cour constitutionnelle","Guy Mitokp\u00e8","Mariam Chabi Talata","Parti Les D\u00e9mocrates"],"articleSection":["EN SAVOIR PLUS"],"inLanguage":"fr-FR","potentialAction":[{"@type":"CommentAction","name":"Comment","target":["https:\/\/lamarinabj.com\/index.php\/2024\/06\/27\/benin-pourquoi-la-vice-presidente-mariam-talata-est-convoquee-a-la-cour-constitutionnelle\/#respond"]}]},{"@type":["WebPage","SearchResultsPage"],"@id":"https:\/\/lamarinabj.com\/index.php\/2024\/06\/27\/benin-pourquoi-la-vice-presidente-mariam-talata-est-convoquee-a-la-cour-constitutionnelle\/","url":"https:\/\/lamarinabj.com\/index.php\/2024\/06\/27\/benin-pourquoi-la-vice-presidente-mariam-talata-est-convoquee-a-la-cour-constitutionnelle\/","name":"B\u00e9nin : Pourquoi la Vice-pr\u00e9sidente Mariam Talata est convoqu\u00e9e \u00e0 la cour constitutionnelle ? - LA MARINA BJ","isPartOf":{"@id":"https:\/\/lamarinabj.com\/#website"},"primaryImageOfPage":{"@id":"https:\/\/lamarinabj.com\/index.php\/2024\/06\/27\/benin-pourquoi-la-vice-presidente-mariam-talata-est-convoquee-a-la-cour-constitutionnelle\/#primaryimage"},"image":{"@id":"https:\/\/lamarinabj.com\/index.php\/2024\/06\/27\/benin-pourquoi-la-vice-presidente-mariam-talata-est-convoquee-a-la-cour-constitutionnelle\/#primaryimage"},"thumbnailUrl":"https:\/\/lamarinabj.com\/wp-content\/uploads\/2024\/06\/51215528034_a1a26e3b48_4k.jpg","datePublished":"2024-06-27T07:41:00+00:00","dateModified":"2024-07-04T16:51:21+00:00","author":{"@id":"https:\/\/lamarinabj.com\/#\/schema\/person\/0f38483d6cc1b1237dec7e1e06dc1b4c"},"breadcrumb":{"@id":"https:\/\/lamarinabj.com\/index.php\/2024\/06\/27\/benin-pourquoi-la-vice-presidente-mariam-talata-est-convoquee-a-la-cour-constitutionnelle\/#breadcrumb"},"inLanguage":"fr-FR","potentialAction":[{"@type":"ReadAction","target":["https:\/\/lamarinabj.com\/index.php\/2024\/06\/27\/benin-pourquoi-la-vice-presidente-mariam-talata-est-convoquee-a-la-cour-constitutionnelle\/"]}]},{"@type":"ImageObject","inLanguage":"fr-FR","@id":"https:\/\/lamarinabj.com\/index.php\/2024\/06\/27\/benin-pourquoi-la-vice-presidente-mariam-talata-est-convoquee-a-la-cour-constitutionnelle\/#primaryimage","url":"https:\/\/lamarinabj.com\/wp-content\/uploads\/2024\/06\/51215528034_a1a26e3b48_4k.jpg","contentUrl":"https:\/\/lamarinabj.com\/wp-content\/uploads\/2024\/06\/51215528034_a1a26e3b48_4k.jpg","width":1068,"height":621},{"@type":"BreadcrumbList","@id":"https:\/\/lamarinabj.com\/index.php\/2024\/06\/27\/benin-pourquoi-la-vice-presidente-mariam-talata-est-convoquee-a-la-cour-constitutionnelle\/#breadcrumb","itemListElement":[{"@type":"ListItem","position":1,"name":"Accueil","item":"https:\/\/lamarinabj.com\/"},{"@type":"ListItem","position":2,"name":"B\u00e9nin : Pourquoi la Vice-pr\u00e9sidente Mariam Talata est convoqu\u00e9e \u00e0 la cour constitutionnelle ?"}]},{"@type":"WebSite","@id":"https:\/\/lamarinabj.com\/#website","url":"https:\/\/lamarinabj.com\/","name":"LA MARINA BJ","description":"Votre portail vers l&#039;information strat\u00e9gique au B\u00e9nin, en Afrique et au-del\u00e0","potentialAction":[{"@type":"SearchAction","target":{"@type":"EntryPoint","urlTemplate":"https:\/\/lamarinabj.com\/?s={search_term_string}"},"query-input":{"@type":"PropertyValueSpecification","valueRequired":true,"valueName":"search_term_string"}}],"inLanguage":"fr-FR"},{"@type":"Person","@id":"https:\/\/lamarinabj.com\/#\/schema\/person\/0f38483d6cc1b1237dec7e1e06dc1b4c","name":"LA R\u00c9DACTION","image":{"@type":"ImageObject","inLanguage":"fr-FR","@id":"https:\/\/secure.gravatar.com\/avatar\/8967838953cdf6b5c5d35b5df91334ec99a422d61a21b18770b3bec48535c5ef?s=96&d=mm&r=g","url":"https:\/\/secure.gravatar.com\/avatar\/8967838953cdf6b5c5d35b5df91334ec99a422d61a21b18770b3bec48535c5ef?s=96&d=mm&r=g","contentUrl":"https:\/\/secure.gravatar.com\/avatar\/8967838953cdf6b5c5d35b5df91334ec99a422d61a21b18770b3bec48535c5ef?s=96&d=mm&r=g","caption":"LA R\u00c9DACTION"},"url":"https:\/\/lamarinabj.com\/index.php\/author\/la-redaction\/"}]}},"_links":{"self":[{"href":"https:\/\/lamarinabj.com\/index.php\/wp-json\/wp\/v2\/posts\/5730","targetHints":{"allow":["GET"]}}],"collection":[{"href":"https:\/\/lamarinabj.com\/index.php\/wp-json\/wp\/v2\/posts"}],"about":[{"href":"https:\/\/lamarinabj.com\/index.php\/wp-json\/wp\/v2\/types\/post"}],"author":[{"embeddable":true,"href":"https:\/\/lamarinabj.com\/index.php\/wp-json\/wp\/v2\/users\/6"}],"replies":[{"embeddable":true,"href":"https:\/\/lamarinabj.com\/index.php\/wp-json\/wp\/v2\/comments?post=5730"}],"version-history":[{"count":0,"href":"https:\/\/lamarinabj.com\/index.php\/wp-json\/wp\/v2\/posts\/5730\/revisions"}],"wp:featuredmedia":[{"embeddable":true,"href":"https:\/\/lamarinabj.com\/index.php\/wp-json\/wp\/v2\/media\/5731"}],"wp:attachment":[{"href":"https:\/\/lamarinabj.com\/index.php\/wp-json\/wp\/v2\/media?parent=5730"}],"wp:term":[{"taxonomy":"category","embeddable":true,"href":"https:\/\/lamarinabj.com\/index.php\/wp-json\/wp\/v2\/categories?post=5730"},{"taxonomy":"post_tag","embeddable":true,"href":"https:\/\/lamarinabj.com\/index.php\/wp-json\/wp\/v2\/tags?post=5730"}],"curies":[{"name":"wp","href":"https:\/\/api.w.org\/{rel}","templated":true}]}}