{"id":5888,"date":"2024-07-04T11:25:40","date_gmt":"2024-07-04T10:25:40","guid":{"rendered":"https:\/\/lamarinabj.com\/?p=5888"},"modified":"2024-07-04T16:56:58","modified_gmt":"2024-07-04T15:56:58","slug":"benin-des-travaux-de-rehabilitation-dans-deux-prisons-pour-des-conditions-de-vie-dignes","status":"publish","type":"post","link":"https:\/\/lamarinabj.com\/index.php\/2024\/07\/04\/benin-des-travaux-de-rehabilitation-dans-deux-prisons-pour-des-conditions-de-vie-dignes\/","title":{"rendered":"B\u00e9nin : Des travaux de r\u00e9habilitation dans deux prisons pour des conditions de vie dignes"},"content":{"rendered":"\n<p><strong><em>Le paysage p\u00e9nitentiaire b\u00e9ninois est sur le point de conna\u00eetre une transformation majeure avec le lancement imminent de travaux de r\u00e9novation dans les prisons d&rsquo;Abomey et de Parakou. En ligne de mire, selon notre source locale : la pose de chapes bouchard\u00e9es dans les dortoirs et la couverture des planchers terrasses pour enfin rem\u00e9dier aux infiltrations d&rsquo;eau r\u00e9currentes.<\/em><\/strong><\/p>\n\n\n\n<p>Selon nos informations il est act\u00e9 que l&rsquo;Agence Nationale d&rsquo;\u00c9quipement et du Patrimoine Immobilier de la Justice (ANEPIMJ) supervisera ces travaux, qui seront confi\u00e9s \u00e0 l&rsquo;une des cinq entreprises, soumissionnaires,sp\u00e9cialis\u00e9es dans le domaine des b\u00e2timents et des travaux publics. Le co\u00fbt total s&rsquo;\u00e9l\u00e8ve \u00e0 82\u202f203\u202f389,83 francs CFA et le d\u00e9lai d&rsquo;ex\u00e9cution des travaux, qui d\u00e9butera avant la fin de ce trimestre, est de trois mois.<\/p>\n\n\n\n<p><strong>L&rsquo;enjeu des sols et des planchers<\/strong><\/p>\n\n\n\n<p>Mais que signifie exactement \u00ab chape bouchard\u00e9e \u00bb ? Selon une source proche du dossier, il s\u2019agit d\u2019un type de finition du b\u00e9ton, rendu rugueux pour offrir une adh\u00e9rence optimale et une r\u00e9sistance accrue \u00e0 l\u2019usure. Une intervention loin d\u2019\u00eatre superficielle dans des environnements o\u00f9 le trafic quotidien et les contraintes de s\u00e9curit\u00e9 exigent des mat\u00e9riaux robustes. Les sols des dortoirs b\u00e9n\u00e9ficieront ainsi d\u2019une r\u00e9novation profonde, alliant durabilit\u00e9 et facilit\u00e9 d&rsquo;entretien.<\/p>\n\n\n\n<p>Simultan\u00e9ment, les planchers terrasses, longtemps sujets \u00e0 des infiltrations dans ces prisons selon notre source locale, seront couverts pour pr\u00e9venir toute d\u00e9gradation future. Les infiltrations d&rsquo;eau, v\u00e9ritables fl\u00e9aux pour les structures et la salubrit\u00e9 des lieux, appartiendront bient\u00f4t au pass\u00e9, assurant aux d\u00e9tenus un cadre de vie plus sain et plus digne.<\/p>\n\n\n\n<p><strong>Plus qu&rsquo;une simple r\u00e9habilitation<\/strong><\/p>\n\n\n\n<p>Au-del\u00e0 des travaux techniques, c\u2019est une vision de justice plus humaine et respectueuse qui se dessine. En am\u00e9liorant les infrastructures, l&rsquo;\u00c9tat b\u00e9ninois, \u00e0 travers l\u2019ANEPIMJ, vise \u00e0 transformer radicalement le quotidien des d\u00e9tenus des deux prisons concern\u00e9es, cr\u00e9ant un environnement propice \u00e0 la r\u00e9habilitation et \u00e0 la r\u00e9insertion. Ce projet constitue une pierre angulaire d\u2019une politique de modernisation des \u00e9tablissements p\u00e9nitentiaires, d\u00e9montrant un engagement fort envers les droits de l&rsquo;homme et la dignit\u00e9 humaine.<\/p>\n","protected":false},"excerpt":{"rendered":"Le paysage p\u00e9nitentiaire b\u00e9ninois est sur le point de conna\u00eetre une transformation majeure avec le lancement imminent de&hellip;\n","protected":false},"author":4,"featured_media":5889,"comment_status":"open","ping_status":"open","sticky":true,"template":"elementor_theme","format":"standard","meta":{"csco_singular_sidebar":"","csco_page_header_type":"standard","csco_appearance_masonry":"","csco_page_load_nextpost":"","csco_post_video_location":[],"csco_post_video_location_hash":"","csco_post_video_url":"","csco_post_video_bg_start_time":0,"csco_post_video_bg_end_time":0,"footnotes":""},"categories":[57,45],"tags":[426,428,41,427,409],"class_list":{"0":"post-5888","1":"post","2":"type-post","3":"status-publish","4":"format-standard","5":"has-post-thumbnail","7":"category-a-suivre","8":"category-gouvernance","9":"tag-abomey","10":"tag-anepimj","11":"tag-benin","12":"tag-parakou","13":"tag-prison","14":"cs-entry","15":"cs-video-wrap"},"yoast_head":"<!-- This site is optimized with the Yoast SEO plugin v27.4 - https:\/\/yoast.com\/product\/yoast-seo-wordpress\/ -->\n<title>B\u00e9nin : Des travaux de r\u00e9habilitation dans deux prisons pour des conditions de vie dignes - LA MARINA BJ<\/title>\n<meta name=\"robots\" content=\"index, follow, max-snippet:-1, max-image-preview:large, max-video-preview:-1\" \/>\n<link rel=\"canonical\" href=\"https:\/\/lamarinabj.com\/index.php\/2024\/07\/04\/benin-des-travaux-de-rehabilitation-dans-deux-prisons-pour-des-conditions-de-vie-dignes\/\" \/>\n<meta property=\"og:locale\" content=\"fr_FR\" \/>\n<meta property=\"og:type\" content=\"article\" \/>\n<meta property=\"og:title\" content=\"B\u00e9nin : Des travaux de r\u00e9habilitation dans deux prisons pour des conditions de vie dignes - LA MARINA BJ\" \/>\n<meta property=\"og:description\" content=\"Le paysage p\u00e9nitentiaire b\u00e9ninois est sur le point de conna\u00eetre une transformation majeure avec le lancement imminent de&hellip;\" \/>\n<meta property=\"og:url\" content=\"https:\/\/lamarinabj.com\/index.php\/2024\/07\/04\/benin-des-travaux-de-rehabilitation-dans-deux-prisons-pour-des-conditions-de-vie-dignes\/\" \/>\n<meta property=\"og:site_name\" content=\"LA MARINA BJ\" \/>\n<meta property=\"article:published_time\" content=\"2024-07-04T10:25:40+00:00\" \/>\n<meta property=\"article:modified_time\" content=\"2024-07-04T15:56:58+00:00\" \/>\n<meta property=\"og:image\" content=\"https:\/\/lamarinabj.com\/wp-content\/uploads\/2024\/07\/Abomey.jpg\" \/>\n\t<meta property=\"og:image:width\" content=\"600\" \/>\n\t<meta property=\"og:image:height\" content=\"449\" \/>\n\t<meta property=\"og:image:type\" content=\"image\/jpeg\" \/>\n<meta name=\"author\" content=\"La Marina BJ - Team Affaires Judiciaires\" \/>\n<meta name=\"twitter:card\" content=\"summary_large_image\" \/>\n<meta name=\"twitter:label1\" content=\"\u00c9crit par\" \/>\n\t<meta name=\"twitter:data1\" content=\"La Marina BJ - Team Affaires Judiciaires\" \/>\n\t<meta name=\"twitter:label2\" content=\"Dur\u00e9e de lecture estim\u00e9e\" \/>\n\t<meta name=\"twitter:data2\" content=\"2 minutes\" \/>\n<script type=\"application\/ld+json\" class=\"yoast-schema-graph\">{\"@context\":\"https:\\\/\\\/schema.org\",\"@graph\":[{\"@type\":\"NewsArticle\",\"@id\":\"https:\\\/\\\/lamarinabj.com\\\/index.php\\\/2024\\\/07\\\/04\\\/benin-des-travaux-de-rehabilitation-dans-deux-prisons-pour-des-conditions-de-vie-dignes\\\/#article\",\"isPartOf\":{\"@id\":\"https:\\\/\\\/lamarinabj.com\\\/index.php\\\/2024\\\/07\\\/04\\\/benin-des-travaux-de-rehabilitation-dans-deux-prisons-pour-des-conditions-de-vie-dignes\\\/\"},\"author\":{\"name\":\"La Marina BJ - Team Affaires Judiciaires\",\"@id\":\"https:\\\/\\\/lamarinabj.com\\\/#\\\/schema\\\/person\\\/e64c6145b3fb25d98218ef3bafce37de\"},\"headline\":\"B\u00e9nin : Des travaux de r\u00e9habilitation dans deux prisons pour des conditions de vie dignes\",\"datePublished\":\"2024-07-04T10:25:40+00:00\",\"dateModified\":\"2024-07-04T15:56:58+00:00\",\"mainEntityOfPage\":{\"@id\":\"https:\\\/\\\/lamarinabj.com\\\/index.php\\\/2024\\\/07\\\/04\\\/benin-des-travaux-de-rehabilitation-dans-deux-prisons-pour-des-conditions-de-vie-dignes\\\/\"},\"wordCount\":397,\"commentCount\":0,\"image\":{\"@id\":\"https:\\\/\\\/lamarinabj.com\\\/index.php\\\/2024\\\/07\\\/04\\\/benin-des-travaux-de-rehabilitation-dans-deux-prisons-pour-des-conditions-de-vie-dignes\\\/#primaryimage\"},\"thumbnailUrl\":\"https:\\\/\\\/lamarinabj.com\\\/wp-content\\\/uploads\\\/2024\\\/07\\\/Abomey.jpg\",\"keywords\":[\"Abomey\",\"ANEPIMJ\",\"B\u00e9nin\",\"ParakoU\",\"Prison\"],\"articleSection\":[\"\u00c0 SUIVRE\",\"GOUVERNANCE\"],\"inLanguage\":\"fr-FR\",\"potentialAction\":[{\"@type\":\"CommentAction\",\"name\":\"Comment\",\"target\":[\"https:\\\/\\\/lamarinabj.com\\\/index.php\\\/2024\\\/07\\\/04\\\/benin-des-travaux-de-rehabilitation-dans-deux-prisons-pour-des-conditions-de-vie-dignes\\\/#respond\"]}]},{\"@type\":[\"WebPage\",\"SearchResultsPage\"],\"@id\":\"https:\\\/\\\/lamarinabj.com\\\/index.php\\\/2024\\\/07\\\/04\\\/benin-des-travaux-de-rehabilitation-dans-deux-prisons-pour-des-conditions-de-vie-dignes\\\/\",\"url\":\"https:\\\/\\\/lamarinabj.com\\\/index.php\\\/2024\\\/07\\\/04\\\/benin-des-travaux-de-rehabilitation-dans-deux-prisons-pour-des-conditions-de-vie-dignes\\\/\",\"name\":\"B\u00e9nin : Des travaux de r\u00e9habilitation dans deux prisons pour des conditions de vie dignes - LA MARINA BJ\",\"isPartOf\":{\"@id\":\"https:\\\/\\\/lamarinabj.com\\\/#website\"},\"primaryImageOfPage\":{\"@id\":\"https:\\\/\\\/lamarinabj.com\\\/index.php\\\/2024\\\/07\\\/04\\\/benin-des-travaux-de-rehabilitation-dans-deux-prisons-pour-des-conditions-de-vie-dignes\\\/#primaryimage\"},\"image\":{\"@id\":\"https:\\\/\\\/lamarinabj.com\\\/index.php\\\/2024\\\/07\\\/04\\\/benin-des-travaux-de-rehabilitation-dans-deux-prisons-pour-des-conditions-de-vie-dignes\\\/#primaryimage\"},\"thumbnailUrl\":\"https:\\\/\\\/lamarinabj.com\\\/wp-content\\\/uploads\\\/2024\\\/07\\\/Abomey.jpg\",\"datePublished\":\"2024-07-04T10:25:40+00:00\",\"dateModified\":\"2024-07-04T15:56:58+00:00\",\"author\":{\"@id\":\"https:\\\/\\\/lamarinabj.com\\\/#\\\/schema\\\/person\\\/e64c6145b3fb25d98218ef3bafce37de\"},\"breadcrumb\":{\"@id\":\"https:\\\/\\\/lamarinabj.com\\\/index.php\\\/2024\\\/07\\\/04\\\/benin-des-travaux-de-rehabilitation-dans-deux-prisons-pour-des-conditions-de-vie-dignes\\\/#breadcrumb\"},\"inLanguage\":\"fr-FR\",\"potentialAction\":[{\"@type\":\"ReadAction\",\"target\":[\"https:\\\/\\\/lamarinabj.com\\\/index.php\\\/2024\\\/07\\\/04\\\/benin-des-travaux-de-rehabilitation-dans-deux-prisons-pour-des-conditions-de-vie-dignes\\\/\"]}]},{\"@type\":\"ImageObject\",\"inLanguage\":\"fr-FR\",\"@id\":\"https:\\\/\\\/lamarinabj.com\\\/index.php\\\/2024\\\/07\\\/04\\\/benin-des-travaux-de-rehabilitation-dans-deux-prisons-pour-des-conditions-de-vie-dignes\\\/#primaryimage\",\"url\":\"https:\\\/\\\/lamarinabj.com\\\/wp-content\\\/uploads\\\/2024\\\/07\\\/Abomey.jpg\",\"contentUrl\":\"https:\\\/\\\/lamarinabj.com\\\/wp-content\\\/uploads\\\/2024\\\/07\\\/Abomey.jpg\",\"width\":600,\"height\":449},{\"@type\":\"BreadcrumbList\",\"@id\":\"https:\\\/\\\/lamarinabj.com\\\/index.php\\\/2024\\\/07\\\/04\\\/benin-des-travaux-de-rehabilitation-dans-deux-prisons-pour-des-conditions-de-vie-dignes\\\/#breadcrumb\",\"itemListElement\":[{\"@type\":\"ListItem\",\"position\":1,\"name\":\"Accueil\",\"item\":\"https:\\\/\\\/lamarinabj.com\\\/\"},{\"@type\":\"ListItem\",\"position\":2,\"name\":\"B\u00e9nin : Des travaux de r\u00e9habilitation dans deux prisons pour des conditions de vie dignes\"}]},{\"@type\":\"WebSite\",\"@id\":\"https:\\\/\\\/lamarinabj.com\\\/#website\",\"url\":\"https:\\\/\\\/lamarinabj.com\\\/\",\"name\":\"LA MARINA BJ\",\"description\":\"Votre portail vers l&#039;information strat\u00e9gique au B\u00e9nin, en Afrique et au-del\u00e0\",\"potentialAction\":[{\"@type\":\"SearchAction\",\"target\":{\"@type\":\"EntryPoint\",\"urlTemplate\":\"https:\\\/\\\/lamarinabj.com\\\/?s={search_term_string}\"},\"query-input\":{\"@type\":\"PropertyValueSpecification\",\"valueRequired\":true,\"valueName\":\"search_term_string\"}}],\"inLanguage\":\"fr-FR\"},{\"@type\":\"Person\",\"@id\":\"https:\\\/\\\/lamarinabj.com\\\/#\\\/schema\\\/person\\\/e64c6145b3fb25d98218ef3bafce37de\",\"name\":\"La Marina BJ - Team Affaires Judiciaires\",\"image\":{\"@type\":\"ImageObject\",\"inLanguage\":\"fr-FR\",\"@id\":\"https:\\\/\\\/secure.gravatar.com\\\/avatar\\\/dcd47faa85727203c51c1a84009b684b305ba179e4848c26009abb855df90961?s=96&d=mm&r=g\",\"url\":\"https:\\\/\\\/secure.gravatar.com\\\/avatar\\\/dcd47faa85727203c51c1a84009b684b305ba179e4848c26009abb855df90961?s=96&d=mm&r=g\",\"contentUrl\":\"https:\\\/\\\/secure.gravatar.com\\\/avatar\\\/dcd47faa85727203c51c1a84009b684b305ba179e4848c26009abb855df90961?s=96&d=mm&r=g\",\"caption\":\"La Marina BJ - Team Affaires Judiciaires\"},\"description\":\"Au c\u0153ur de l\u2019actualit\u00e9 juridico-\u00e9conomique, la Team Justice &amp; Affaires judiciaires de La Marina BJ s'affirme comme un p\u00f4le de r\u00e9f\u00e9rence dans la couverture des proc\u00e9dures judiciaires, des contentieux commerciaux et des d\u00e9cisions de justice \u00e0 fort impact strat\u00e9gique.\",\"url\":\"https:\\\/\\\/lamarinabj.com\\\/index.php\\\/author\\\/marc\\\/\"}]}<\/script>\n<!-- \/ Yoast SEO plugin. -->","yoast_head_json":{"title":"B\u00e9nin : Des travaux de r\u00e9habilitation dans deux prisons pour des conditions de vie dignes - LA MARINA BJ","robots":{"index":"index","follow":"follow","max-snippet":"max-snippet:-1","max-image-preview":"max-image-preview:large","max-video-preview":"max-video-preview:-1"},"canonical":"https:\/\/lamarinabj.com\/index.php\/2024\/07\/04\/benin-des-travaux-de-rehabilitation-dans-deux-prisons-pour-des-conditions-de-vie-dignes\/","og_locale":"fr_FR","og_type":"article","og_title":"B\u00e9nin : Des travaux de r\u00e9habilitation dans deux prisons pour des conditions de vie dignes - LA MARINA BJ","og_description":"Le paysage p\u00e9nitentiaire b\u00e9ninois est sur le point de conna\u00eetre une transformation majeure avec le lancement imminent de&hellip;","og_url":"https:\/\/lamarinabj.com\/index.php\/2024\/07\/04\/benin-des-travaux-de-rehabilitation-dans-deux-prisons-pour-des-conditions-de-vie-dignes\/","og_site_name":"LA MARINA BJ","article_published_time":"2024-07-04T10:25:40+00:00","article_modified_time":"2024-07-04T15:56:58+00:00","og_image":[{"width":600,"height":449,"url":"https:\/\/lamarinabj.com\/wp-content\/uploads\/2024\/07\/Abomey.jpg","type":"image\/jpeg"}],"author":"La Marina BJ - Team Affaires Judiciaires","twitter_card":"summary_large_image","twitter_misc":{"\u00c9crit par":"La Marina BJ - Team Affaires Judiciaires","Dur\u00e9e de lecture estim\u00e9e":"2 minutes"},"schema":{"@context":"https:\/\/schema.org","@graph":[{"@type":"NewsArticle","@id":"https:\/\/lamarinabj.com\/index.php\/2024\/07\/04\/benin-des-travaux-de-rehabilitation-dans-deux-prisons-pour-des-conditions-de-vie-dignes\/#article","isPartOf":{"@id":"https:\/\/lamarinabj.com\/index.php\/2024\/07\/04\/benin-des-travaux-de-rehabilitation-dans-deux-prisons-pour-des-conditions-de-vie-dignes\/"},"author":{"name":"La Marina BJ - Team Affaires Judiciaires","@id":"https:\/\/lamarinabj.com\/#\/schema\/person\/e64c6145b3fb25d98218ef3bafce37de"},"headline":"B\u00e9nin : Des travaux de r\u00e9habilitation dans deux prisons pour des conditions de vie dignes","datePublished":"2024-07-04T10:25:40+00:00","dateModified":"2024-07-04T15:56:58+00:00","mainEntityOfPage":{"@id":"https:\/\/lamarinabj.com\/index.php\/2024\/07\/04\/benin-des-travaux-de-rehabilitation-dans-deux-prisons-pour-des-conditions-de-vie-dignes\/"},"wordCount":397,"commentCount":0,"image":{"@id":"https:\/\/lamarinabj.com\/index.php\/2024\/07\/04\/benin-des-travaux-de-rehabilitation-dans-deux-prisons-pour-des-conditions-de-vie-dignes\/#primaryimage"},"thumbnailUrl":"https:\/\/lamarinabj.com\/wp-content\/uploads\/2024\/07\/Abomey.jpg","keywords":["Abomey","ANEPIMJ","B\u00e9nin","ParakoU","Prison"],"articleSection":["\u00c0 SUIVRE","GOUVERNANCE"],"inLanguage":"fr-FR","potentialAction":[{"@type":"CommentAction","name":"Comment","target":["https:\/\/lamarinabj.com\/index.php\/2024\/07\/04\/benin-des-travaux-de-rehabilitation-dans-deux-prisons-pour-des-conditions-de-vie-dignes\/#respond"]}]},{"@type":["WebPage","SearchResultsPage"],"@id":"https:\/\/lamarinabj.com\/index.php\/2024\/07\/04\/benin-des-travaux-de-rehabilitation-dans-deux-prisons-pour-des-conditions-de-vie-dignes\/","url":"https:\/\/lamarinabj.com\/index.php\/2024\/07\/04\/benin-des-travaux-de-rehabilitation-dans-deux-prisons-pour-des-conditions-de-vie-dignes\/","name":"B\u00e9nin : Des travaux de r\u00e9habilitation dans deux prisons pour des conditions de vie dignes - LA MARINA BJ","isPartOf":{"@id":"https:\/\/lamarinabj.com\/#website"},"primaryImageOfPage":{"@id":"https:\/\/lamarinabj.com\/index.php\/2024\/07\/04\/benin-des-travaux-de-rehabilitation-dans-deux-prisons-pour-des-conditions-de-vie-dignes\/#primaryimage"},"image":{"@id":"https:\/\/lamarinabj.com\/index.php\/2024\/07\/04\/benin-des-travaux-de-rehabilitation-dans-deux-prisons-pour-des-conditions-de-vie-dignes\/#primaryimage"},"thumbnailUrl":"https:\/\/lamarinabj.com\/wp-content\/uploads\/2024\/07\/Abomey.jpg","datePublished":"2024-07-04T10:25:40+00:00","dateModified":"2024-07-04T15:56:58+00:00","author":{"@id":"https:\/\/lamarinabj.com\/#\/schema\/person\/e64c6145b3fb25d98218ef3bafce37de"},"breadcrumb":{"@id":"https:\/\/lamarinabj.com\/index.php\/2024\/07\/04\/benin-des-travaux-de-rehabilitation-dans-deux-prisons-pour-des-conditions-de-vie-dignes\/#breadcrumb"},"inLanguage":"fr-FR","potentialAction":[{"@type":"ReadAction","target":["https:\/\/lamarinabj.com\/index.php\/2024\/07\/04\/benin-des-travaux-de-rehabilitation-dans-deux-prisons-pour-des-conditions-de-vie-dignes\/"]}]},{"@type":"ImageObject","inLanguage":"fr-FR","@id":"https:\/\/lamarinabj.com\/index.php\/2024\/07\/04\/benin-des-travaux-de-rehabilitation-dans-deux-prisons-pour-des-conditions-de-vie-dignes\/#primaryimage","url":"https:\/\/lamarinabj.com\/wp-content\/uploads\/2024\/07\/Abomey.jpg","contentUrl":"https:\/\/lamarinabj.com\/wp-content\/uploads\/2024\/07\/Abomey.jpg","width":600,"height":449},{"@type":"BreadcrumbList","@id":"https:\/\/lamarinabj.com\/index.php\/2024\/07\/04\/benin-des-travaux-de-rehabilitation-dans-deux-prisons-pour-des-conditions-de-vie-dignes\/#breadcrumb","itemListElement":[{"@type":"ListItem","position":1,"name":"Accueil","item":"https:\/\/lamarinabj.com\/"},{"@type":"ListItem","position":2,"name":"B\u00e9nin : Des travaux de r\u00e9habilitation dans deux prisons pour des conditions de vie dignes"}]},{"@type":"WebSite","@id":"https:\/\/lamarinabj.com\/#website","url":"https:\/\/lamarinabj.com\/","name":"LA MARINA BJ","description":"Votre portail vers l&#039;information strat\u00e9gique au B\u00e9nin, en Afrique et au-del\u00e0","potentialAction":[{"@type":"SearchAction","target":{"@type":"EntryPoint","urlTemplate":"https:\/\/lamarinabj.com\/?s={search_term_string}"},"query-input":{"@type":"PropertyValueSpecification","valueRequired":true,"valueName":"search_term_string"}}],"inLanguage":"fr-FR"},{"@type":"Person","@id":"https:\/\/lamarinabj.com\/#\/schema\/person\/e64c6145b3fb25d98218ef3bafce37de","name":"La Marina BJ - Team Affaires Judiciaires","image":{"@type":"ImageObject","inLanguage":"fr-FR","@id":"https:\/\/secure.gravatar.com\/avatar\/dcd47faa85727203c51c1a84009b684b305ba179e4848c26009abb855df90961?s=96&d=mm&r=g","url":"https:\/\/secure.gravatar.com\/avatar\/dcd47faa85727203c51c1a84009b684b305ba179e4848c26009abb855df90961?s=96&d=mm&r=g","contentUrl":"https:\/\/secure.gravatar.com\/avatar\/dcd47faa85727203c51c1a84009b684b305ba179e4848c26009abb855df90961?s=96&d=mm&r=g","caption":"La Marina BJ - Team Affaires Judiciaires"},"description":"Au c\u0153ur de l\u2019actualit\u00e9 juridico-\u00e9conomique, la Team Justice &amp; Affaires judiciaires de La Marina BJ s'affirme comme un p\u00f4le de r\u00e9f\u00e9rence dans la couverture des proc\u00e9dures judiciaires, des contentieux commerciaux et des d\u00e9cisions de justice \u00e0 fort impact strat\u00e9gique.","url":"https:\/\/lamarinabj.com\/index.php\/author\/marc\/"}]}},"_links":{"self":[{"href":"https:\/\/lamarinabj.com\/index.php\/wp-json\/wp\/v2\/posts\/5888","targetHints":{"allow":["GET"]}}],"collection":[{"href":"https:\/\/lamarinabj.com\/index.php\/wp-json\/wp\/v2\/posts"}],"about":[{"href":"https:\/\/lamarinabj.com\/index.php\/wp-json\/wp\/v2\/types\/post"}],"author":[{"embeddable":true,"href":"https:\/\/lamarinabj.com\/index.php\/wp-json\/wp\/v2\/users\/4"}],"replies":[{"embeddable":true,"href":"https:\/\/lamarinabj.com\/index.php\/wp-json\/wp\/v2\/comments?post=5888"}],"version-history":[{"count":0,"href":"https:\/\/lamarinabj.com\/index.php\/wp-json\/wp\/v2\/posts\/5888\/revisions"}],"wp:featuredmedia":[{"embeddable":true,"href":"https:\/\/lamarinabj.com\/index.php\/wp-json\/wp\/v2\/media\/5889"}],"wp:attachment":[{"href":"https:\/\/lamarinabj.com\/index.php\/wp-json\/wp\/v2\/media?parent=5888"}],"wp:term":[{"taxonomy":"category","embeddable":true,"href":"https:\/\/lamarinabj.com\/index.php\/wp-json\/wp\/v2\/categories?post=5888"},{"taxonomy":"post_tag","embeddable":true,"href":"https:\/\/lamarinabj.com\/index.php\/wp-json\/wp\/v2\/tags?post=5888"}],"curies":[{"name":"wp","href":"https:\/\/api.w.org\/{rel}","templated":true}]}}