{"id":6051,"date":"2024-07-05T15:30:00","date_gmt":"2024-07-05T14:30:00","guid":{"rendered":"https:\/\/lamarinabj.com\/?p=6051"},"modified":"2024-07-07T04:50:10","modified_gmt":"2024-07-07T03:50:10","slug":"au-benin-rehabilitation-des-classes-numeriques-par-lasin","status":"publish","type":"post","link":"https:\/\/lamarinabj.com\/index.php\/2024\/07\/05\/au-benin-rehabilitation-des-classes-numeriques-par-lasin\/","title":{"rendered":"Au B\u00e9nin, r\u00e9habilitation des classes num\u00e9riques par l&rsquo;ASIN"},"content":{"rendered":"\n<p><strong><em>Depuis 2019, le paysage \u00e9ducatif b\u00e9ninois s&rsquo;est m\u00e9tamorphos\u00e9 avec l&rsquo;introduction des classes num\u00e9riques dans de nombreuses \u00e9coles primaires et secondaires. Pour le gouvernement b\u00e9ninois, il s&rsquo;agit de g\u00e9n\u00e9raliser l&rsquo;usage du num\u00e9rique dans l&rsquo;\u00e9ducation et la formation, ce qui a permis d&rsquo;\u00e9quiper les \u00e9tablissements scolaires de salles de classe modernes, connect\u00e9es \u00e0 Internet et autonomes en \u00e9nergie \u00e9lectrique. Actuellement selon notre source locale, l&rsquo;Agence des Syst\u00e8mes d&rsquo;Information et du Num\u00e9rique (ASIN) supervise un ambitieux programme de r\u00e9habilitation des premi\u00e8res classes num\u00e9riques, un projet cl\u00e9 pour 2024 visant \u00e0 maintenir et \u00e0 am\u00e9liorer ces infrastructures essentielles.<\/em><\/strong><\/p>\n\n\n\n<p>La r\u00e9novation des infrastructures pr\u00e9fabriqu\u00e9es constitue le c\u0153ur de ce programme de r\u00e9habilitation. Les travaux incluent la r\u00e9fection des structures ext\u00e9rieures, des toitures et des parquets. L&rsquo;objectif, selon notre source locale, est de renforcer la durabilit\u00e9 et la s\u00e9curit\u00e9 de ces espaces, indispensables \u00e0 un apprentissage efficace. Le projet pr\u00e9voit \u00e9galement le remplacement des climatiseurs d\u00e9fectueux. Ces appareils jouent un r\u00f4le crucial en maintenant une temp\u00e9rature agr\u00e9able et stable, essentielle pour le bon fonctionnement des \u00e9quipements technologiques ainsi que pour le confort des \u00e9l\u00e8ves et des enseignants.<\/p>\n\n\n\n<p>En compl\u00e9ment de ces r\u00e9novations, les classes num\u00e9riques seront raccord\u00e9es \u00e0 l&rsquo;\u00e9nergie conventionnelle fournie par la Soci\u00e9t\u00e9 B\u00e9ninoise d&rsquo;\u00c9nergie \u00c9lectrique (SBEE) via des compteurs pr\u00e9pay\u00e9s. Ce raccordement vise \u00e0 garantir une alimentation \u00e9lectrique fiable et continue, m\u00eame en cas de d\u00e9faillance des syst\u00e8mes autonomes, assurant ainsi une utilisation ininterrompue des \u00e9quipements num\u00e9riques.<\/p>\n\n\n\n<p>Ces travaux de r\u00e9habilitation t\u00e9moignent de l&rsquo;engagement du gouvernement b\u00e9ninois \u00e0 investir dans une \u00e9ducation de qualit\u00e9 et durable. En renouvelant et en modernisant les infrastructures, le B\u00e9nin se pr\u00e9pare \u00e0 relever les d\u00e9fis futurs et \u00e0 offrir aux \u00e9l\u00e8ves un environnement d\u2019apprentissage moderne, continu et efficace.<\/p>\n","protected":false},"excerpt":{"rendered":"Actuellement selon notre source locale, l&rsquo;Agence des Syst\u00e8mes d&rsquo;Information et du Num\u00e9rique (ASIN) supervise un ambitieux programme de r\u00e9habilitation des premi\u00e8res classes num\u00e9riques, un projet cl\u00e9 pour 2024 visant \u00e0 maintenir et \u00e0 am\u00e9liorer ces infrastructures essentielles.\n","protected":false},"author":3,"featured_media":6089,"comment_status":"open","ping_status":"open","sticky":true,"template":"elementor_theme","format":"standard","meta":{"csco_singular_sidebar":"","csco_page_header_type":"standard","csco_appearance_masonry":"","csco_page_load_nextpost":"","csco_post_video_location":[],"csco_post_video_location_hash":"","csco_post_video_url":"","csco_post_video_bg_start_time":0,"csco_post_video_bg_end_time":0,"footnotes":""},"categories":[57],"tags":[349,41,430],"class_list":{"0":"post-6051","1":"post","2":"type-post","3":"status-publish","4":"format-standard","5":"has-post-thumbnail","7":"category-a-suivre","8":"tag-asin","9":"tag-benin","10":"tag-classe-numerique","11":"cs-entry","12":"cs-video-wrap"},"yoast_head":"<!-- This site is optimized with the Yoast SEO plugin v27.4 - https:\/\/yoast.com\/product\/yoast-seo-wordpress\/ -->\n<title>Au B\u00e9nin, r\u00e9habilitation des classes num\u00e9riques par l&#039;ASIN - LA MARINA BJ<\/title>\n<meta name=\"robots\" content=\"index, follow, max-snippet:-1, max-image-preview:large, max-video-preview:-1\" \/>\n<link rel=\"canonical\" href=\"https:\/\/lamarinabj.com\/index.php\/2024\/07\/05\/au-benin-rehabilitation-des-classes-numeriques-par-lasin\/\" \/>\n<meta property=\"og:locale\" content=\"fr_FR\" \/>\n<meta property=\"og:type\" content=\"article\" \/>\n<meta property=\"og:title\" content=\"Au B\u00e9nin, r\u00e9habilitation des classes num\u00e9riques par l&#039;ASIN - LA MARINA BJ\" \/>\n<meta property=\"og:description\" content=\"Actuellement selon notre source locale, l&#039;Agence des Syst\u00e8mes d&#039;Information et du Num\u00e9rique (ASIN) supervise un ambitieux programme de r\u00e9habilitation des premi\u00e8res classes num\u00e9riques, un projet cl\u00e9 pour 2024 visant \u00e0 maintenir et \u00e0 am\u00e9liorer ces infrastructures essentielles.\" \/>\n<meta property=\"og:url\" content=\"https:\/\/lamarinabj.com\/index.php\/2024\/07\/05\/au-benin-rehabilitation-des-classes-numeriques-par-lasin\/\" \/>\n<meta property=\"og:site_name\" content=\"LA MARINA BJ\" \/>\n<meta property=\"article:published_time\" content=\"2024-07-05T14:30:00+00:00\" \/>\n<meta property=\"article:modified_time\" content=\"2024-07-07T03:50:10+00:00\" \/>\n<meta property=\"og:image\" content=\"https:\/\/lamarinabj.com\/wp-content\/uploads\/2024\/07\/0755320001573477223.jpeg\" \/>\n\t<meta property=\"og:image:width\" content=\"600\" \/>\n\t<meta property=\"og:image:height\" content=\"416\" \/>\n\t<meta property=\"og:image:type\" content=\"image\/jpeg\" \/>\n<meta name=\"author\" content=\"La Marina BJ - Team Veille &amp; Projets publics\" \/>\n<meta name=\"twitter:card\" content=\"summary_large_image\" \/>\n<meta name=\"twitter:label1\" content=\"\u00c9crit par\" \/>\n\t<meta name=\"twitter:data1\" content=\"La Marina BJ - Team Veille &amp; Projets publics\" \/>\n\t<meta name=\"twitter:label2\" content=\"Dur\u00e9e de lecture estim\u00e9e\" \/>\n\t<meta name=\"twitter:data2\" content=\"2 minutes\" \/>\n<script type=\"application\/ld+json\" class=\"yoast-schema-graph\">{\"@context\":\"https:\\\/\\\/schema.org\",\"@graph\":[{\"@type\":\"NewsArticle\",\"@id\":\"https:\\\/\\\/lamarinabj.com\\\/index.php\\\/2024\\\/07\\\/05\\\/au-benin-rehabilitation-des-classes-numeriques-par-lasin\\\/#article\",\"isPartOf\":{\"@id\":\"https:\\\/\\\/lamarinabj.com\\\/index.php\\\/2024\\\/07\\\/05\\\/au-benin-rehabilitation-des-classes-numeriques-par-lasin\\\/\"},\"author\":{\"name\":\"La Marina BJ - Team Veille &amp; Projets publics\",\"@id\":\"https:\\\/\\\/lamarinabj.com\\\/#\\\/schema\\\/person\\\/70c372a4c3c86bd4844a0382357a0f2d\"},\"headline\":\"Au B\u00e9nin, r\u00e9habilitation des classes num\u00e9riques par l&rsquo;ASIN\",\"datePublished\":\"2024-07-05T14:30:00+00:00\",\"dateModified\":\"2024-07-07T03:50:10+00:00\",\"mainEntityOfPage\":{\"@id\":\"https:\\\/\\\/lamarinabj.com\\\/index.php\\\/2024\\\/07\\\/05\\\/au-benin-rehabilitation-des-classes-numeriques-par-lasin\\\/\"},\"wordCount\":341,\"commentCount\":0,\"image\":{\"@id\":\"https:\\\/\\\/lamarinabj.com\\\/index.php\\\/2024\\\/07\\\/05\\\/au-benin-rehabilitation-des-classes-numeriques-par-lasin\\\/#primaryimage\"},\"thumbnailUrl\":\"https:\\\/\\\/lamarinabj.com\\\/wp-content\\\/uploads\\\/2024\\\/07\\\/0755320001573477223.jpeg\",\"keywords\":[\"ASIN\",\"B\u00e9nin\",\"Classe num\u00e9rique\"],\"articleSection\":[\"\u00c0 SUIVRE\"],\"inLanguage\":\"fr-FR\",\"potentialAction\":[{\"@type\":\"CommentAction\",\"name\":\"Comment\",\"target\":[\"https:\\\/\\\/lamarinabj.com\\\/index.php\\\/2024\\\/07\\\/05\\\/au-benin-rehabilitation-des-classes-numeriques-par-lasin\\\/#respond\"]}]},{\"@type\":[\"WebPage\",\"SearchResultsPage\"],\"@id\":\"https:\\\/\\\/lamarinabj.com\\\/index.php\\\/2024\\\/07\\\/05\\\/au-benin-rehabilitation-des-classes-numeriques-par-lasin\\\/\",\"url\":\"https:\\\/\\\/lamarinabj.com\\\/index.php\\\/2024\\\/07\\\/05\\\/au-benin-rehabilitation-des-classes-numeriques-par-lasin\\\/\",\"name\":\"Au B\u00e9nin, r\u00e9habilitation des classes num\u00e9riques par l'ASIN - LA MARINA BJ\",\"isPartOf\":{\"@id\":\"https:\\\/\\\/lamarinabj.com\\\/#website\"},\"primaryImageOfPage\":{\"@id\":\"https:\\\/\\\/lamarinabj.com\\\/index.php\\\/2024\\\/07\\\/05\\\/au-benin-rehabilitation-des-classes-numeriques-par-lasin\\\/#primaryimage\"},\"image\":{\"@id\":\"https:\\\/\\\/lamarinabj.com\\\/index.php\\\/2024\\\/07\\\/05\\\/au-benin-rehabilitation-des-classes-numeriques-par-lasin\\\/#primaryimage\"},\"thumbnailUrl\":\"https:\\\/\\\/lamarinabj.com\\\/wp-content\\\/uploads\\\/2024\\\/07\\\/0755320001573477223.jpeg\",\"datePublished\":\"2024-07-05T14:30:00+00:00\",\"dateModified\":\"2024-07-07T03:50:10+00:00\",\"author\":{\"@id\":\"https:\\\/\\\/lamarinabj.com\\\/#\\\/schema\\\/person\\\/70c372a4c3c86bd4844a0382357a0f2d\"},\"breadcrumb\":{\"@id\":\"https:\\\/\\\/lamarinabj.com\\\/index.php\\\/2024\\\/07\\\/05\\\/au-benin-rehabilitation-des-classes-numeriques-par-lasin\\\/#breadcrumb\"},\"inLanguage\":\"fr-FR\",\"potentialAction\":[{\"@type\":\"ReadAction\",\"target\":[\"https:\\\/\\\/lamarinabj.com\\\/index.php\\\/2024\\\/07\\\/05\\\/au-benin-rehabilitation-des-classes-numeriques-par-lasin\\\/\"]}]},{\"@type\":\"ImageObject\",\"inLanguage\":\"fr-FR\",\"@id\":\"https:\\\/\\\/lamarinabj.com\\\/index.php\\\/2024\\\/07\\\/05\\\/au-benin-rehabilitation-des-classes-numeriques-par-lasin\\\/#primaryimage\",\"url\":\"https:\\\/\\\/lamarinabj.com\\\/wp-content\\\/uploads\\\/2024\\\/07\\\/0755320001573477223.jpeg\",\"contentUrl\":\"https:\\\/\\\/lamarinabj.com\\\/wp-content\\\/uploads\\\/2024\\\/07\\\/0755320001573477223.jpeg\",\"width\":600,\"height\":416},{\"@type\":\"BreadcrumbList\",\"@id\":\"https:\\\/\\\/lamarinabj.com\\\/index.php\\\/2024\\\/07\\\/05\\\/au-benin-rehabilitation-des-classes-numeriques-par-lasin\\\/#breadcrumb\",\"itemListElement\":[{\"@type\":\"ListItem\",\"position\":1,\"name\":\"Accueil\",\"item\":\"https:\\\/\\\/lamarinabj.com\\\/\"},{\"@type\":\"ListItem\",\"position\":2,\"name\":\"Au B\u00e9nin, r\u00e9habilitation des classes num\u00e9riques par l&#8217;ASIN\"}]},{\"@type\":\"WebSite\",\"@id\":\"https:\\\/\\\/lamarinabj.com\\\/#website\",\"url\":\"https:\\\/\\\/lamarinabj.com\\\/\",\"name\":\"LA MARINA BJ\",\"description\":\"Votre portail vers l&#039;information strat\u00e9gique au B\u00e9nin, en Afrique et au-del\u00e0\",\"potentialAction\":[{\"@type\":\"SearchAction\",\"target\":{\"@type\":\"EntryPoint\",\"urlTemplate\":\"https:\\\/\\\/lamarinabj.com\\\/?s={search_term_string}\"},\"query-input\":{\"@type\":\"PropertyValueSpecification\",\"valueRequired\":true,\"valueName\":\"search_term_string\"}}],\"inLanguage\":\"fr-FR\"},{\"@type\":\"Person\",\"@id\":\"https:\\\/\\\/lamarinabj.com\\\/#\\\/schema\\\/person\\\/70c372a4c3c86bd4844a0382357a0f2d\",\"name\":\"La Marina BJ - Team Veille &amp; Projets publics\",\"image\":{\"@type\":\"ImageObject\",\"inLanguage\":\"fr-FR\",\"@id\":\"https:\\\/\\\/secure.gravatar.com\\\/avatar\\\/b56740eda81210101c8acebdd7c5c7db1bd0ab57f63df607996683fa153ff0d0?s=96&d=mm&r=g\",\"url\":\"https:\\\/\\\/secure.gravatar.com\\\/avatar\\\/b56740eda81210101c8acebdd7c5c7db1bd0ab57f63df607996683fa153ff0d0?s=96&d=mm&r=g\",\"contentUrl\":\"https:\\\/\\\/secure.gravatar.com\\\/avatar\\\/b56740eda81210101c8acebdd7c5c7db1bd0ab57f63df607996683fa153ff0d0?s=96&d=mm&r=g\",\"caption\":\"La Marina BJ - Team Veille &amp; Projets publics\"},\"description\":\"La Team Veille &amp; Projets publics de La Marina BJ est d\u00e9di\u00e9e \u00e0 la surveillance proactive des dynamiques institutionnelles impuls\u00e9es par l\u2019\u00c9tat, les agences publiques, les collectivit\u00e9s territoriales ainsi que les partenaires techniques et financiers. Gr\u00e2ce \u00e0 une veille strat\u00e9gique permanente, cette \u00e9quipe identifie et suit les projets de d\u00e9veloppement, les \u00e9tudes pr\u00e9alables et les investissements publics majeurs. Elle documente les politiques sectorielles, analyse les enjeux techniques, \u00e9conomiques, sociaux et environnementaux, et produit des contenus exclusifs pour \u00e9clairer les mutations structurelles.\",\"url\":\"https:\\\/\\\/lamarinabj.com\\\/index.php\\\/author\\\/simahou\\\/\"}]}<\/script>\n<!-- \/ Yoast SEO plugin. -->","yoast_head_json":{"title":"Au B\u00e9nin, r\u00e9habilitation des classes num\u00e9riques par l'ASIN - LA MARINA BJ","robots":{"index":"index","follow":"follow","max-snippet":"max-snippet:-1","max-image-preview":"max-image-preview:large","max-video-preview":"max-video-preview:-1"},"canonical":"https:\/\/lamarinabj.com\/index.php\/2024\/07\/05\/au-benin-rehabilitation-des-classes-numeriques-par-lasin\/","og_locale":"fr_FR","og_type":"article","og_title":"Au B\u00e9nin, r\u00e9habilitation des classes num\u00e9riques par l'ASIN - LA MARINA BJ","og_description":"Actuellement selon notre source locale, l'Agence des Syst\u00e8mes d'Information et du Num\u00e9rique (ASIN) supervise un ambitieux programme de r\u00e9habilitation des premi\u00e8res classes num\u00e9riques, un projet cl\u00e9 pour 2024 visant \u00e0 maintenir et \u00e0 am\u00e9liorer ces infrastructures essentielles.","og_url":"https:\/\/lamarinabj.com\/index.php\/2024\/07\/05\/au-benin-rehabilitation-des-classes-numeriques-par-lasin\/","og_site_name":"LA MARINA BJ","article_published_time":"2024-07-05T14:30:00+00:00","article_modified_time":"2024-07-07T03:50:10+00:00","og_image":[{"width":600,"height":416,"url":"https:\/\/lamarinabj.com\/wp-content\/uploads\/2024\/07\/0755320001573477223.jpeg","type":"image\/jpeg"}],"author":"La Marina BJ - Team Veille &amp; Projets publics","twitter_card":"summary_large_image","twitter_misc":{"\u00c9crit par":"La Marina BJ - Team Veille &amp; Projets publics","Dur\u00e9e de lecture estim\u00e9e":"2 minutes"},"schema":{"@context":"https:\/\/schema.org","@graph":[{"@type":"NewsArticle","@id":"https:\/\/lamarinabj.com\/index.php\/2024\/07\/05\/au-benin-rehabilitation-des-classes-numeriques-par-lasin\/#article","isPartOf":{"@id":"https:\/\/lamarinabj.com\/index.php\/2024\/07\/05\/au-benin-rehabilitation-des-classes-numeriques-par-lasin\/"},"author":{"name":"La Marina BJ - Team Veille &amp; Projets publics","@id":"https:\/\/lamarinabj.com\/#\/schema\/person\/70c372a4c3c86bd4844a0382357a0f2d"},"headline":"Au B\u00e9nin, r\u00e9habilitation des classes num\u00e9riques par l&rsquo;ASIN","datePublished":"2024-07-05T14:30:00+00:00","dateModified":"2024-07-07T03:50:10+00:00","mainEntityOfPage":{"@id":"https:\/\/lamarinabj.com\/index.php\/2024\/07\/05\/au-benin-rehabilitation-des-classes-numeriques-par-lasin\/"},"wordCount":341,"commentCount":0,"image":{"@id":"https:\/\/lamarinabj.com\/index.php\/2024\/07\/05\/au-benin-rehabilitation-des-classes-numeriques-par-lasin\/#primaryimage"},"thumbnailUrl":"https:\/\/lamarinabj.com\/wp-content\/uploads\/2024\/07\/0755320001573477223.jpeg","keywords":["ASIN","B\u00e9nin","Classe num\u00e9rique"],"articleSection":["\u00c0 SUIVRE"],"inLanguage":"fr-FR","potentialAction":[{"@type":"CommentAction","name":"Comment","target":["https:\/\/lamarinabj.com\/index.php\/2024\/07\/05\/au-benin-rehabilitation-des-classes-numeriques-par-lasin\/#respond"]}]},{"@type":["WebPage","SearchResultsPage"],"@id":"https:\/\/lamarinabj.com\/index.php\/2024\/07\/05\/au-benin-rehabilitation-des-classes-numeriques-par-lasin\/","url":"https:\/\/lamarinabj.com\/index.php\/2024\/07\/05\/au-benin-rehabilitation-des-classes-numeriques-par-lasin\/","name":"Au B\u00e9nin, r\u00e9habilitation des classes num\u00e9riques par l'ASIN - LA MARINA BJ","isPartOf":{"@id":"https:\/\/lamarinabj.com\/#website"},"primaryImageOfPage":{"@id":"https:\/\/lamarinabj.com\/index.php\/2024\/07\/05\/au-benin-rehabilitation-des-classes-numeriques-par-lasin\/#primaryimage"},"image":{"@id":"https:\/\/lamarinabj.com\/index.php\/2024\/07\/05\/au-benin-rehabilitation-des-classes-numeriques-par-lasin\/#primaryimage"},"thumbnailUrl":"https:\/\/lamarinabj.com\/wp-content\/uploads\/2024\/07\/0755320001573477223.jpeg","datePublished":"2024-07-05T14:30:00+00:00","dateModified":"2024-07-07T03:50:10+00:00","author":{"@id":"https:\/\/lamarinabj.com\/#\/schema\/person\/70c372a4c3c86bd4844a0382357a0f2d"},"breadcrumb":{"@id":"https:\/\/lamarinabj.com\/index.php\/2024\/07\/05\/au-benin-rehabilitation-des-classes-numeriques-par-lasin\/#breadcrumb"},"inLanguage":"fr-FR","potentialAction":[{"@type":"ReadAction","target":["https:\/\/lamarinabj.com\/index.php\/2024\/07\/05\/au-benin-rehabilitation-des-classes-numeriques-par-lasin\/"]}]},{"@type":"ImageObject","inLanguage":"fr-FR","@id":"https:\/\/lamarinabj.com\/index.php\/2024\/07\/05\/au-benin-rehabilitation-des-classes-numeriques-par-lasin\/#primaryimage","url":"https:\/\/lamarinabj.com\/wp-content\/uploads\/2024\/07\/0755320001573477223.jpeg","contentUrl":"https:\/\/lamarinabj.com\/wp-content\/uploads\/2024\/07\/0755320001573477223.jpeg","width":600,"height":416},{"@type":"BreadcrumbList","@id":"https:\/\/lamarinabj.com\/index.php\/2024\/07\/05\/au-benin-rehabilitation-des-classes-numeriques-par-lasin\/#breadcrumb","itemListElement":[{"@type":"ListItem","position":1,"name":"Accueil","item":"https:\/\/lamarinabj.com\/"},{"@type":"ListItem","position":2,"name":"Au B\u00e9nin, r\u00e9habilitation des classes num\u00e9riques par l&#8217;ASIN"}]},{"@type":"WebSite","@id":"https:\/\/lamarinabj.com\/#website","url":"https:\/\/lamarinabj.com\/","name":"LA MARINA BJ","description":"Votre portail vers l&#039;information strat\u00e9gique au B\u00e9nin, en Afrique et au-del\u00e0","potentialAction":[{"@type":"SearchAction","target":{"@type":"EntryPoint","urlTemplate":"https:\/\/lamarinabj.com\/?s={search_term_string}"},"query-input":{"@type":"PropertyValueSpecification","valueRequired":true,"valueName":"search_term_string"}}],"inLanguage":"fr-FR"},{"@type":"Person","@id":"https:\/\/lamarinabj.com\/#\/schema\/person\/70c372a4c3c86bd4844a0382357a0f2d","name":"La Marina BJ - Team Veille &amp; Projets publics","image":{"@type":"ImageObject","inLanguage":"fr-FR","@id":"https:\/\/secure.gravatar.com\/avatar\/b56740eda81210101c8acebdd7c5c7db1bd0ab57f63df607996683fa153ff0d0?s=96&d=mm&r=g","url":"https:\/\/secure.gravatar.com\/avatar\/b56740eda81210101c8acebdd7c5c7db1bd0ab57f63df607996683fa153ff0d0?s=96&d=mm&r=g","contentUrl":"https:\/\/secure.gravatar.com\/avatar\/b56740eda81210101c8acebdd7c5c7db1bd0ab57f63df607996683fa153ff0d0?s=96&d=mm&r=g","caption":"La Marina BJ - Team Veille &amp; Projets publics"},"description":"La Team Veille &amp; Projets publics de La Marina BJ est d\u00e9di\u00e9e \u00e0 la surveillance proactive des dynamiques institutionnelles impuls\u00e9es par l\u2019\u00c9tat, les agences publiques, les collectivit\u00e9s territoriales ainsi que les partenaires techniques et financiers. Gr\u00e2ce \u00e0 une veille strat\u00e9gique permanente, cette \u00e9quipe identifie et suit les projets de d\u00e9veloppement, les \u00e9tudes pr\u00e9alables et les investissements publics majeurs. Elle documente les politiques sectorielles, analyse les enjeux techniques, \u00e9conomiques, sociaux et environnementaux, et produit des contenus exclusifs pour \u00e9clairer les mutations structurelles.","url":"https:\/\/lamarinabj.com\/index.php\/author\/simahou\/"}]}},"_links":{"self":[{"href":"https:\/\/lamarinabj.com\/index.php\/wp-json\/wp\/v2\/posts\/6051","targetHints":{"allow":["GET"]}}],"collection":[{"href":"https:\/\/lamarinabj.com\/index.php\/wp-json\/wp\/v2\/posts"}],"about":[{"href":"https:\/\/lamarinabj.com\/index.php\/wp-json\/wp\/v2\/types\/post"}],"author":[{"embeddable":true,"href":"https:\/\/lamarinabj.com\/index.php\/wp-json\/wp\/v2\/users\/3"}],"replies":[{"embeddable":true,"href":"https:\/\/lamarinabj.com\/index.php\/wp-json\/wp\/v2\/comments?post=6051"}],"version-history":[{"count":4,"href":"https:\/\/lamarinabj.com\/index.php\/wp-json\/wp\/v2\/posts\/6051\/revisions"}],"predecessor-version":[{"id":6090,"href":"https:\/\/lamarinabj.com\/index.php\/wp-json\/wp\/v2\/posts\/6051\/revisions\/6090"}],"wp:featuredmedia":[{"embeddable":true,"href":"https:\/\/lamarinabj.com\/index.php\/wp-json\/wp\/v2\/media\/6089"}],"wp:attachment":[{"href":"https:\/\/lamarinabj.com\/index.php\/wp-json\/wp\/v2\/media?parent=6051"}],"wp:term":[{"taxonomy":"category","embeddable":true,"href":"https:\/\/lamarinabj.com\/index.php\/wp-json\/wp\/v2\/categories?post=6051"},{"taxonomy":"post_tag","embeddable":true,"href":"https:\/\/lamarinabj.com\/index.php\/wp-json\/wp\/v2\/tags?post=6051"}],"curies":[{"name":"wp","href":"https:\/\/api.w.org\/{rel}","templated":true}]}}