{"id":6285,"date":"2024-07-09T09:51:35","date_gmt":"2024-07-09T08:51:35","guid":{"rendered":"https:\/\/lamarinabj.com\/?p=6285"},"modified":"2024-07-09T09:51:46","modified_gmt":"2024-07-09T08:51:46","slug":"que-retenir-de-la-nouvelle-dynamique-du-secteur-prive-beninois","status":"publish","type":"post","link":"https:\/\/lamarinabj.com\/index.php\/2024\/07\/09\/que-retenir-de-la-nouvelle-dynamique-du-secteur-prive-beninois\/","title":{"rendered":"Que retenir de la nouvelle dynamique du secteur priv\u00e9 b\u00e9ninois ?"},"content":{"rendered":"\n<p><strong><em>Le secteur priv\u00e9 b\u00e9ninois est en pleine transformation \u00e9conomique, et les r\u00e9centes statistiques en t\u00e9moignent. D&rsquo;apr\u00e8s les donn\u00e9es de la direction de la comptabilit\u00e9 nationale et des statistiques \u00e9conomiques, la troisi\u00e8me \u00e9dition du Recensement G\u00e9n\u00e9ral des Entreprises (RGE) de 2023 dresse un tableau r\u00e9v\u00e9lateur des changements en cours. Quels enseignements en tirer ?<\/em><\/strong><\/p>\n\n\n\n<p><strong><mark style=\"background-color:rgba(0, 0, 0, 0)\" class=\"has-inline-color has-red-color\">Des p\u00f4les \u00e9conomiques en pleine \u00e9volution<\/mark><\/strong><\/p>\n\n\n\n<p>En 2023, le B\u00e9nin compte 252 155 unit\u00e9s \u00e9conomiques, contre 154 839 en 2008, soit une augmentation de 62,2 %. Cette progression refl\u00e8te la dynamique entrepreneuriale du pays. Bien que l&rsquo;\u00e9conomie informelle reste dominante, son poids a diminu\u00e9 de 11,1 points de pourcentage, passant de 97,0 % en 2008 \u00e0 85,9 % en 2023. Cette baisse de l\u2019informalit\u00e9 est un signe des efforts d\u00e9ploy\u00e9s pour formaliser et structurer le secteur priv\u00e9.<\/p>\n\n\n\n<p>Le d\u00e9partement du Littoral demeure le centre n\u00e9vralgique de l&rsquo;\u00e9conomie b\u00e9ninoise, avec 24,7 % des entreprises, suivi de l\u2019Atlantique (18,7 %) et de l\u2019Ou\u00e9m\u00e9 (13,6 %). Cette r\u00e9partition g\u00e9ographique souligne l&rsquo;importance des zones urbaines dans le d\u00e9veloppement \u00e9conomique national, tout en mettant en \u00e9vidence le besoin de diversifier et \u00e9quilibrer cette croissance pour qu&rsquo;elle soit plus inclusive.<\/p>\n\n\n\n<p><strong><mark style=\"background-color:rgba(0, 0, 0, 0)\" class=\"has-inline-color has-red-color\">La dominance des activit\u00e9s tertiaires<\/mark><\/strong><\/p>\n\n\n\n<p>Selon les r\u00e9sultats du recensement, la majorit\u00e9 des activit\u00e9s \u00e9conomiques se concentrent dans le secteur tertiaire (78,5 %), suivi par le secteur secondaire (21,4 %). Cette structure sectorielle montre une tendance vers les services et l&rsquo;industrie, moteurs essentiels de la croissance \u00e9conomique contemporaine. Toutefois, le faible pourcentage d&rsquo;entreprises enregistr\u00e9es au registre de commerce (11,7 %) et poss\u00e9dant un identifiant fiscal unique (14,1 %) indique qu&rsquo;il reste un long chemin \u00e0 parcourir vers une formalisation compl\u00e8te.<\/p>\n\n\n\n<p>D&rsquo;un autre c\u00f4t\u00e9, le tissu entrepreneurial b\u00e9ninois est majoritairement constitu\u00e9 d\u2019entreprises individuelles, repr\u00e9sentant 95,7 % des unit\u00e9s \u00e9conomiques. Cependant, la tenue de la comptabilit\u00e9 reste sommaire pour beaucoup, seulement 4,3 % des entreprises maintiennent une comptabilit\u00e9 formelle, tandis que 58,5 % se contentent de notes personnelles pour g\u00e9rer leurs comptes. Cette situation pose des d\u00e9fis en mati\u00e8re de transparence et de gestion efficace, \u00e9l\u00e9ments cruciaux pour attirer les investissements et soutenir une croissance durable.<\/p>\n\n\n\n<p><strong><mark style=\"background-color:rgba(0, 0, 0, 0)\" class=\"has-inline-color has-red-color\">Les d\u00e9fis et opportunit\u00e9s de la modernisation<\/mark><\/strong><\/p>\n\n\n\n<p>Les r\u00e9centes donn\u00e9es du RGE 2023 mettent en lumi\u00e8re \u00e0 la fois les progr\u00e8s r\u00e9alis\u00e9s et les d\u00e9fis persistants du secteur priv\u00e9 b\u00e9ninois. Les r\u00e9formes en cours sont prometteuses, mais il est crucial de les intensifier pour consolider cette dynamique positive. Renforcer l&rsquo;acc\u00e8s aux services financiers, simplifier davantage les proc\u00e9dures administratives et promouvoir une culture entrepreneuriale bas\u00e9e sur la formalit\u00e9 et la transparence sont des mesures essentielles pour r\u00e9ussir cette transition.<\/p>\n\n\n\n<p>Le B\u00e9nin se trouve \u00e0 un carrefour d\u00e9terminant et transformer cette croissance quantitative en un d\u00e9veloppement qualitatif constitue l&rsquo;enjeu majeur. Chaque entreprise, qu&rsquo;elle soit grande ou petite, doit pouvoir contribuer pleinement \u00e0 la prosp\u00e9rit\u00e9 nationale. Le succ\u00e8s de cette modernisation d\u00e9pendra de la capacit\u00e9 des r\u00e9formes \u00e0 s&rsquo;adapter aux besoins des acteurs \u00e9conomiques du pays. <\/p>\n\n\n\n<p>En r\u00e9sum\u00e9, la nouvelle dynamique du secteur priv\u00e9 b\u00e9ninois est celle d&rsquo;un secteur en pleine mutation, dynamique et r\u00e9silient, pr\u00eat \u00e0 relever les d\u00e9fis du d\u00e9veloppement.<\/p>\n","protected":false},"excerpt":{"rendered":"Le secteur priv\u00e9 b\u00e9ninois est en pleine transformation \u00e9conomique, et les r\u00e9centes statistiques en t\u00e9moignent. D&rsquo;apr\u00e8s les donn\u00e9es&hellip;\n","protected":false},"author":3,"featured_media":6286,"comment_status":"open","ping_status":"open","sticky":true,"template":"","format":"standard","meta":{"csco_singular_sidebar":"","csco_page_header_type":"standard","csco_appearance_masonry":"","csco_page_load_nextpost":"","csco_post_video_location":[],"csco_post_video_location_hash":"","csco_post_video_url":"","csco_post_video_bg_start_time":0,"csco_post_video_bg_end_time":0,"footnotes":""},"categories":[45,239],"tags":[41,456,457],"class_list":{"0":"post-6285","1":"post","2":"type-post","3":"status-publish","4":"format-standard","5":"has-post-thumbnail","7":"category-gouvernance","8":"category-levenement-2","9":"tag-benin","10":"tag-recensement-general-des-entreprises-rge-de-2023","11":"tag-secteur-prive","12":"cs-entry","13":"cs-video-wrap"},"yoast_head":"<!-- This site is optimized with the Yoast SEO plugin v27.4 - https:\/\/yoast.com\/product\/yoast-seo-wordpress\/ -->\n<title>Que retenir de la nouvelle dynamique du secteur priv\u00e9 b\u00e9ninois ? - LA MARINA BJ<\/title>\n<meta name=\"robots\" content=\"index, follow, max-snippet:-1, max-image-preview:large, max-video-preview:-1\" \/>\n<link rel=\"canonical\" href=\"https:\/\/lamarinabj.com\/index.php\/2024\/07\/09\/que-retenir-de-la-nouvelle-dynamique-du-secteur-prive-beninois\/\" \/>\n<meta property=\"og:locale\" content=\"fr_FR\" \/>\n<meta property=\"og:type\" content=\"article\" \/>\n<meta property=\"og:title\" content=\"Que retenir de la nouvelle dynamique du secteur priv\u00e9 b\u00e9ninois ? - LA MARINA BJ\" \/>\n<meta property=\"og:description\" content=\"Le secteur priv\u00e9 b\u00e9ninois est en pleine transformation \u00e9conomique, et les r\u00e9centes statistiques en t\u00e9moignent. D&rsquo;apr\u00e8s les donn\u00e9es&hellip;\" \/>\n<meta property=\"og:url\" content=\"https:\/\/lamarinabj.com\/index.php\/2024\/07\/09\/que-retenir-de-la-nouvelle-dynamique-du-secteur-prive-beninois\/\" \/>\n<meta property=\"og:site_name\" content=\"LA MARINA BJ\" \/>\n<meta property=\"article:published_time\" content=\"2024-07-09T08:51:35+00:00\" \/>\n<meta property=\"article:modified_time\" content=\"2024-07-09T08:51:46+00:00\" \/>\n<meta property=\"og:image\" content=\"https:\/\/lamarinabj.com\/wp-content\/uploads\/2024\/07\/1500-secteur-prive-benin.webp\" \/>\n\t<meta property=\"og:image:width\" content=\"1300\" \/>\n\t<meta property=\"og:image:height\" content=\"535\" \/>\n\t<meta property=\"og:image:type\" content=\"image\/webp\" \/>\n<meta name=\"author\" content=\"La Marina BJ - Team Veille &amp; Projets publics\" \/>\n<meta name=\"twitter:card\" content=\"summary_large_image\" \/>\n<meta name=\"twitter:label1\" content=\"\u00c9crit par\" \/>\n\t<meta name=\"twitter:data1\" content=\"La Marina BJ - Team Veille &amp; Projets publics\" \/>\n\t<meta name=\"twitter:label2\" content=\"Dur\u00e9e de lecture estim\u00e9e\" \/>\n\t<meta name=\"twitter:data2\" content=\"3 minutes\" \/>\n<script type=\"application\/ld+json\" class=\"yoast-schema-graph\">{\"@context\":\"https:\\\/\\\/schema.org\",\"@graph\":[{\"@type\":\"NewsArticle\",\"@id\":\"https:\\\/\\\/lamarinabj.com\\\/index.php\\\/2024\\\/07\\\/09\\\/que-retenir-de-la-nouvelle-dynamique-du-secteur-prive-beninois\\\/#article\",\"isPartOf\":{\"@id\":\"https:\\\/\\\/lamarinabj.com\\\/index.php\\\/2024\\\/07\\\/09\\\/que-retenir-de-la-nouvelle-dynamique-du-secteur-prive-beninois\\\/\"},\"author\":{\"name\":\"La Marina BJ - Team Veille &amp; Projets publics\",\"@id\":\"https:\\\/\\\/lamarinabj.com\\\/#\\\/schema\\\/person\\\/70c372a4c3c86bd4844a0382357a0f2d\"},\"headline\":\"Que retenir de la nouvelle dynamique du secteur priv\u00e9 b\u00e9ninois ?\",\"datePublished\":\"2024-07-09T08:51:35+00:00\",\"dateModified\":\"2024-07-09T08:51:46+00:00\",\"mainEntityOfPage\":{\"@id\":\"https:\\\/\\\/lamarinabj.com\\\/index.php\\\/2024\\\/07\\\/09\\\/que-retenir-de-la-nouvelle-dynamique-du-secteur-prive-beninois\\\/\"},\"wordCount\":549,\"commentCount\":0,\"image\":{\"@id\":\"https:\\\/\\\/lamarinabj.com\\\/index.php\\\/2024\\\/07\\\/09\\\/que-retenir-de-la-nouvelle-dynamique-du-secteur-prive-beninois\\\/#primaryimage\"},\"thumbnailUrl\":\"https:\\\/\\\/lamarinabj.com\\\/wp-content\\\/uploads\\\/2024\\\/07\\\/1500-secteur-prive-benin.webp\",\"keywords\":[\"B\u00e9nin\",\"Recensement G\u00e9n\u00e9ral des Entreprises (RGE) de 2023\",\"secteur priv\u00e9\"],\"articleSection\":[\"GOUVERNANCE\",\"L'\u00c9V\u00c9NEMENT\"],\"inLanguage\":\"fr-FR\",\"potentialAction\":[{\"@type\":\"CommentAction\",\"name\":\"Comment\",\"target\":[\"https:\\\/\\\/lamarinabj.com\\\/index.php\\\/2024\\\/07\\\/09\\\/que-retenir-de-la-nouvelle-dynamique-du-secteur-prive-beninois\\\/#respond\"]}]},{\"@type\":[\"WebPage\",\"SearchResultsPage\"],\"@id\":\"https:\\\/\\\/lamarinabj.com\\\/index.php\\\/2024\\\/07\\\/09\\\/que-retenir-de-la-nouvelle-dynamique-du-secteur-prive-beninois\\\/\",\"url\":\"https:\\\/\\\/lamarinabj.com\\\/index.php\\\/2024\\\/07\\\/09\\\/que-retenir-de-la-nouvelle-dynamique-du-secteur-prive-beninois\\\/\",\"name\":\"Que retenir de la nouvelle dynamique du secteur priv\u00e9 b\u00e9ninois ? - LA MARINA BJ\",\"isPartOf\":{\"@id\":\"https:\\\/\\\/lamarinabj.com\\\/#website\"},\"primaryImageOfPage\":{\"@id\":\"https:\\\/\\\/lamarinabj.com\\\/index.php\\\/2024\\\/07\\\/09\\\/que-retenir-de-la-nouvelle-dynamique-du-secteur-prive-beninois\\\/#primaryimage\"},\"image\":{\"@id\":\"https:\\\/\\\/lamarinabj.com\\\/index.php\\\/2024\\\/07\\\/09\\\/que-retenir-de-la-nouvelle-dynamique-du-secteur-prive-beninois\\\/#primaryimage\"},\"thumbnailUrl\":\"https:\\\/\\\/lamarinabj.com\\\/wp-content\\\/uploads\\\/2024\\\/07\\\/1500-secteur-prive-benin.webp\",\"datePublished\":\"2024-07-09T08:51:35+00:00\",\"dateModified\":\"2024-07-09T08:51:46+00:00\",\"author\":{\"@id\":\"https:\\\/\\\/lamarinabj.com\\\/#\\\/schema\\\/person\\\/70c372a4c3c86bd4844a0382357a0f2d\"},\"breadcrumb\":{\"@id\":\"https:\\\/\\\/lamarinabj.com\\\/index.php\\\/2024\\\/07\\\/09\\\/que-retenir-de-la-nouvelle-dynamique-du-secteur-prive-beninois\\\/#breadcrumb\"},\"inLanguage\":\"fr-FR\",\"potentialAction\":[{\"@type\":\"ReadAction\",\"target\":[\"https:\\\/\\\/lamarinabj.com\\\/index.php\\\/2024\\\/07\\\/09\\\/que-retenir-de-la-nouvelle-dynamique-du-secteur-prive-beninois\\\/\"]}]},{\"@type\":\"ImageObject\",\"inLanguage\":\"fr-FR\",\"@id\":\"https:\\\/\\\/lamarinabj.com\\\/index.php\\\/2024\\\/07\\\/09\\\/que-retenir-de-la-nouvelle-dynamique-du-secteur-prive-beninois\\\/#primaryimage\",\"url\":\"https:\\\/\\\/lamarinabj.com\\\/wp-content\\\/uploads\\\/2024\\\/07\\\/1500-secteur-prive-benin.webp\",\"contentUrl\":\"https:\\\/\\\/lamarinabj.com\\\/wp-content\\\/uploads\\\/2024\\\/07\\\/1500-secteur-prive-benin.webp\",\"width\":1300,\"height\":535},{\"@type\":\"BreadcrumbList\",\"@id\":\"https:\\\/\\\/lamarinabj.com\\\/index.php\\\/2024\\\/07\\\/09\\\/que-retenir-de-la-nouvelle-dynamique-du-secteur-prive-beninois\\\/#breadcrumb\",\"itemListElement\":[{\"@type\":\"ListItem\",\"position\":1,\"name\":\"Accueil\",\"item\":\"https:\\\/\\\/lamarinabj.com\\\/\"},{\"@type\":\"ListItem\",\"position\":2,\"name\":\"Que retenir de la nouvelle dynamique du secteur priv\u00e9 b\u00e9ninois ?\"}]},{\"@type\":\"WebSite\",\"@id\":\"https:\\\/\\\/lamarinabj.com\\\/#website\",\"url\":\"https:\\\/\\\/lamarinabj.com\\\/\",\"name\":\"LA MARINA BJ\",\"description\":\"Votre portail vers l&#039;information strat\u00e9gique au B\u00e9nin, en Afrique et au-del\u00e0\",\"potentialAction\":[{\"@type\":\"SearchAction\",\"target\":{\"@type\":\"EntryPoint\",\"urlTemplate\":\"https:\\\/\\\/lamarinabj.com\\\/?s={search_term_string}\"},\"query-input\":{\"@type\":\"PropertyValueSpecification\",\"valueRequired\":true,\"valueName\":\"search_term_string\"}}],\"inLanguage\":\"fr-FR\"},{\"@type\":\"Person\",\"@id\":\"https:\\\/\\\/lamarinabj.com\\\/#\\\/schema\\\/person\\\/70c372a4c3c86bd4844a0382357a0f2d\",\"name\":\"La Marina BJ - Team Veille &amp; Projets publics\",\"image\":{\"@type\":\"ImageObject\",\"inLanguage\":\"fr-FR\",\"@id\":\"https:\\\/\\\/secure.gravatar.com\\\/avatar\\\/b56740eda81210101c8acebdd7c5c7db1bd0ab57f63df607996683fa153ff0d0?s=96&d=mm&r=g\",\"url\":\"https:\\\/\\\/secure.gravatar.com\\\/avatar\\\/b56740eda81210101c8acebdd7c5c7db1bd0ab57f63df607996683fa153ff0d0?s=96&d=mm&r=g\",\"contentUrl\":\"https:\\\/\\\/secure.gravatar.com\\\/avatar\\\/b56740eda81210101c8acebdd7c5c7db1bd0ab57f63df607996683fa153ff0d0?s=96&d=mm&r=g\",\"caption\":\"La Marina BJ - Team Veille &amp; Projets publics\"},\"description\":\"La Team Veille &amp; Projets publics de La Marina BJ est d\u00e9di\u00e9e \u00e0 la surveillance proactive des dynamiques institutionnelles impuls\u00e9es par l\u2019\u00c9tat, les agences publiques, les collectivit\u00e9s territoriales ainsi que les partenaires techniques et financiers. Gr\u00e2ce \u00e0 une veille strat\u00e9gique permanente, cette \u00e9quipe identifie et suit les projets de d\u00e9veloppement, les \u00e9tudes pr\u00e9alables et les investissements publics majeurs. Elle documente les politiques sectorielles, analyse les enjeux techniques, \u00e9conomiques, sociaux et environnementaux, et produit des contenus exclusifs pour \u00e9clairer les mutations structurelles.\",\"url\":\"https:\\\/\\\/lamarinabj.com\\\/index.php\\\/author\\\/simahou\\\/\"}]}<\/script>\n<!-- \/ Yoast SEO plugin. -->","yoast_head_json":{"title":"Que retenir de la nouvelle dynamique du secteur priv\u00e9 b\u00e9ninois ? - LA MARINA BJ","robots":{"index":"index","follow":"follow","max-snippet":"max-snippet:-1","max-image-preview":"max-image-preview:large","max-video-preview":"max-video-preview:-1"},"canonical":"https:\/\/lamarinabj.com\/index.php\/2024\/07\/09\/que-retenir-de-la-nouvelle-dynamique-du-secteur-prive-beninois\/","og_locale":"fr_FR","og_type":"article","og_title":"Que retenir de la nouvelle dynamique du secteur priv\u00e9 b\u00e9ninois ? - LA MARINA BJ","og_description":"Le secteur priv\u00e9 b\u00e9ninois est en pleine transformation \u00e9conomique, et les r\u00e9centes statistiques en t\u00e9moignent. D&rsquo;apr\u00e8s les donn\u00e9es&hellip;","og_url":"https:\/\/lamarinabj.com\/index.php\/2024\/07\/09\/que-retenir-de-la-nouvelle-dynamique-du-secteur-prive-beninois\/","og_site_name":"LA MARINA BJ","article_published_time":"2024-07-09T08:51:35+00:00","article_modified_time":"2024-07-09T08:51:46+00:00","og_image":[{"width":1300,"height":535,"url":"https:\/\/lamarinabj.com\/wp-content\/uploads\/2024\/07\/1500-secteur-prive-benin.webp","type":"image\/webp"}],"author":"La Marina BJ - Team Veille &amp; Projets publics","twitter_card":"summary_large_image","twitter_misc":{"\u00c9crit par":"La Marina BJ - Team Veille &amp; Projets publics","Dur\u00e9e de lecture estim\u00e9e":"3 minutes"},"schema":{"@context":"https:\/\/schema.org","@graph":[{"@type":"NewsArticle","@id":"https:\/\/lamarinabj.com\/index.php\/2024\/07\/09\/que-retenir-de-la-nouvelle-dynamique-du-secteur-prive-beninois\/#article","isPartOf":{"@id":"https:\/\/lamarinabj.com\/index.php\/2024\/07\/09\/que-retenir-de-la-nouvelle-dynamique-du-secteur-prive-beninois\/"},"author":{"name":"La Marina BJ - Team Veille &amp; Projets publics","@id":"https:\/\/lamarinabj.com\/#\/schema\/person\/70c372a4c3c86bd4844a0382357a0f2d"},"headline":"Que retenir de la nouvelle dynamique du secteur priv\u00e9 b\u00e9ninois ?","datePublished":"2024-07-09T08:51:35+00:00","dateModified":"2024-07-09T08:51:46+00:00","mainEntityOfPage":{"@id":"https:\/\/lamarinabj.com\/index.php\/2024\/07\/09\/que-retenir-de-la-nouvelle-dynamique-du-secteur-prive-beninois\/"},"wordCount":549,"commentCount":0,"image":{"@id":"https:\/\/lamarinabj.com\/index.php\/2024\/07\/09\/que-retenir-de-la-nouvelle-dynamique-du-secteur-prive-beninois\/#primaryimage"},"thumbnailUrl":"https:\/\/lamarinabj.com\/wp-content\/uploads\/2024\/07\/1500-secteur-prive-benin.webp","keywords":["B\u00e9nin","Recensement G\u00e9n\u00e9ral des Entreprises (RGE) de 2023","secteur priv\u00e9"],"articleSection":["GOUVERNANCE","L'\u00c9V\u00c9NEMENT"],"inLanguage":"fr-FR","potentialAction":[{"@type":"CommentAction","name":"Comment","target":["https:\/\/lamarinabj.com\/index.php\/2024\/07\/09\/que-retenir-de-la-nouvelle-dynamique-du-secteur-prive-beninois\/#respond"]}]},{"@type":["WebPage","SearchResultsPage"],"@id":"https:\/\/lamarinabj.com\/index.php\/2024\/07\/09\/que-retenir-de-la-nouvelle-dynamique-du-secteur-prive-beninois\/","url":"https:\/\/lamarinabj.com\/index.php\/2024\/07\/09\/que-retenir-de-la-nouvelle-dynamique-du-secteur-prive-beninois\/","name":"Que retenir de la nouvelle dynamique du secteur priv\u00e9 b\u00e9ninois ? - LA MARINA BJ","isPartOf":{"@id":"https:\/\/lamarinabj.com\/#website"},"primaryImageOfPage":{"@id":"https:\/\/lamarinabj.com\/index.php\/2024\/07\/09\/que-retenir-de-la-nouvelle-dynamique-du-secteur-prive-beninois\/#primaryimage"},"image":{"@id":"https:\/\/lamarinabj.com\/index.php\/2024\/07\/09\/que-retenir-de-la-nouvelle-dynamique-du-secteur-prive-beninois\/#primaryimage"},"thumbnailUrl":"https:\/\/lamarinabj.com\/wp-content\/uploads\/2024\/07\/1500-secteur-prive-benin.webp","datePublished":"2024-07-09T08:51:35+00:00","dateModified":"2024-07-09T08:51:46+00:00","author":{"@id":"https:\/\/lamarinabj.com\/#\/schema\/person\/70c372a4c3c86bd4844a0382357a0f2d"},"breadcrumb":{"@id":"https:\/\/lamarinabj.com\/index.php\/2024\/07\/09\/que-retenir-de-la-nouvelle-dynamique-du-secteur-prive-beninois\/#breadcrumb"},"inLanguage":"fr-FR","potentialAction":[{"@type":"ReadAction","target":["https:\/\/lamarinabj.com\/index.php\/2024\/07\/09\/que-retenir-de-la-nouvelle-dynamique-du-secteur-prive-beninois\/"]}]},{"@type":"ImageObject","inLanguage":"fr-FR","@id":"https:\/\/lamarinabj.com\/index.php\/2024\/07\/09\/que-retenir-de-la-nouvelle-dynamique-du-secteur-prive-beninois\/#primaryimage","url":"https:\/\/lamarinabj.com\/wp-content\/uploads\/2024\/07\/1500-secteur-prive-benin.webp","contentUrl":"https:\/\/lamarinabj.com\/wp-content\/uploads\/2024\/07\/1500-secteur-prive-benin.webp","width":1300,"height":535},{"@type":"BreadcrumbList","@id":"https:\/\/lamarinabj.com\/index.php\/2024\/07\/09\/que-retenir-de-la-nouvelle-dynamique-du-secteur-prive-beninois\/#breadcrumb","itemListElement":[{"@type":"ListItem","position":1,"name":"Accueil","item":"https:\/\/lamarinabj.com\/"},{"@type":"ListItem","position":2,"name":"Que retenir de la nouvelle dynamique du secteur priv\u00e9 b\u00e9ninois ?"}]},{"@type":"WebSite","@id":"https:\/\/lamarinabj.com\/#website","url":"https:\/\/lamarinabj.com\/","name":"LA MARINA BJ","description":"Votre portail vers l&#039;information strat\u00e9gique au B\u00e9nin, en Afrique et au-del\u00e0","potentialAction":[{"@type":"SearchAction","target":{"@type":"EntryPoint","urlTemplate":"https:\/\/lamarinabj.com\/?s={search_term_string}"},"query-input":{"@type":"PropertyValueSpecification","valueRequired":true,"valueName":"search_term_string"}}],"inLanguage":"fr-FR"},{"@type":"Person","@id":"https:\/\/lamarinabj.com\/#\/schema\/person\/70c372a4c3c86bd4844a0382357a0f2d","name":"La Marina BJ - Team Veille &amp; Projets publics","image":{"@type":"ImageObject","inLanguage":"fr-FR","@id":"https:\/\/secure.gravatar.com\/avatar\/b56740eda81210101c8acebdd7c5c7db1bd0ab57f63df607996683fa153ff0d0?s=96&d=mm&r=g","url":"https:\/\/secure.gravatar.com\/avatar\/b56740eda81210101c8acebdd7c5c7db1bd0ab57f63df607996683fa153ff0d0?s=96&d=mm&r=g","contentUrl":"https:\/\/secure.gravatar.com\/avatar\/b56740eda81210101c8acebdd7c5c7db1bd0ab57f63df607996683fa153ff0d0?s=96&d=mm&r=g","caption":"La Marina BJ - Team Veille &amp; Projets publics"},"description":"La Team Veille &amp; Projets publics de La Marina BJ est d\u00e9di\u00e9e \u00e0 la surveillance proactive des dynamiques institutionnelles impuls\u00e9es par l\u2019\u00c9tat, les agences publiques, les collectivit\u00e9s territoriales ainsi que les partenaires techniques et financiers. Gr\u00e2ce \u00e0 une veille strat\u00e9gique permanente, cette \u00e9quipe identifie et suit les projets de d\u00e9veloppement, les \u00e9tudes pr\u00e9alables et les investissements publics majeurs. Elle documente les politiques sectorielles, analyse les enjeux techniques, \u00e9conomiques, sociaux et environnementaux, et produit des contenus exclusifs pour \u00e9clairer les mutations structurelles.","url":"https:\/\/lamarinabj.com\/index.php\/author\/simahou\/"}]}},"_links":{"self":[{"href":"https:\/\/lamarinabj.com\/index.php\/wp-json\/wp\/v2\/posts\/6285","targetHints":{"allow":["GET"]}}],"collection":[{"href":"https:\/\/lamarinabj.com\/index.php\/wp-json\/wp\/v2\/posts"}],"about":[{"href":"https:\/\/lamarinabj.com\/index.php\/wp-json\/wp\/v2\/types\/post"}],"author":[{"embeddable":true,"href":"https:\/\/lamarinabj.com\/index.php\/wp-json\/wp\/v2\/users\/3"}],"replies":[{"embeddable":true,"href":"https:\/\/lamarinabj.com\/index.php\/wp-json\/wp\/v2\/comments?post=6285"}],"version-history":[{"count":2,"href":"https:\/\/lamarinabj.com\/index.php\/wp-json\/wp\/v2\/posts\/6285\/revisions"}],"predecessor-version":[{"id":6289,"href":"https:\/\/lamarinabj.com\/index.php\/wp-json\/wp\/v2\/posts\/6285\/revisions\/6289"}],"wp:featuredmedia":[{"embeddable":true,"href":"https:\/\/lamarinabj.com\/index.php\/wp-json\/wp\/v2\/media\/6286"}],"wp:attachment":[{"href":"https:\/\/lamarinabj.com\/index.php\/wp-json\/wp\/v2\/media?parent=6285"}],"wp:term":[{"taxonomy":"category","embeddable":true,"href":"https:\/\/lamarinabj.com\/index.php\/wp-json\/wp\/v2\/categories?post=6285"},{"taxonomy":"post_tag","embeddable":true,"href":"https:\/\/lamarinabj.com\/index.php\/wp-json\/wp\/v2\/tags?post=6285"}],"curies":[{"name":"wp","href":"https:\/\/api.w.org\/{rel}","templated":true}]}}