{"id":6303,"date":"2024-07-10T12:09:18","date_gmt":"2024-07-10T11:09:18","guid":{"rendered":"https:\/\/lamarinabj.com\/?p=6303"},"modified":"2024-07-10T12:10:45","modified_gmt":"2024-07-10T11:10:45","slug":"trois-assureurs-en-competition-pour-le-contrat-dassurance-maladie-de-lanepij","status":"publish","type":"post","link":"https:\/\/lamarinabj.com\/index.php\/2024\/07\/10\/trois-assureurs-en-competition-pour-le-contrat-dassurance-maladie-de-lanepij\/","title":{"rendered":"B\u00e9nin\/ANEPIJ : 03 assureurs en comp\u00e9tition pour le contrat d&rsquo;assurance maladie"},"content":{"rendered":"\n<p><strong><mark style=\"background-color:rgba(0, 0, 0, 0)\" class=\"has-inline-color has-red-color\">Sant\u00e9, B\u00e9nin &#8211; <\/mark><em>L&rsquo;Agence Nationale pour l&rsquo;\u00c9quipement et le Patrimoine Immobilier de la Justice (ANEPIJ) s&rsquo;appr\u00eate \u00e0 attribuer un contrat d&rsquo;assurance maladie particuli\u00e8rement convoit\u00e9. Trois compagnies d&rsquo;assurance de renom se livrent une bataille acharn\u00e9e pour remporter ce march\u00e9 de prestige, visant \u00e0 offrir une couverture sant\u00e9 de qualit\u00e9 aux employ\u00e9s de l&rsquo;ANEPIJ. Les candidats en lice sont SUNU Assurance IARD B\u00e9nin, Africaine des Assurances, et G\u00e9n\u00e9rale des Assurances du B\u00e9nin<\/em><\/strong>.<\/p>\n\n\n\n<p><strong><mark style=\"background-color:rgba(0, 0, 0, 0)\" class=\"has-inline-color has-red-color\">Un accord-cadre \u00e0 bons de commande de trois ans<\/mark><\/strong><\/p>\n\n\n\n<p>L&rsquo;entreprise retenue signera un accord-cadre \u00e0 bons de commande d&rsquo;une dur\u00e9e de trois ans. Selon notre source locale, chaque bon de commande pourra \u00eatre ex\u00e9cut\u00e9 sur une p\u00e9riode variant de 1 \u00e0 12 mois, mais devra imp\u00e9rativement s&rsquo;achever avant le 31 d\u00e9cembre de chaque ann\u00e9e. Les premiers pas de ce contrat ambitieux se feront sous le signe d&rsquo;un budget cons\u00e9quent. Selon nos informations, pour la premi\u00e8re ann\u00e9e d&rsquo;application, qui couvrira une p\u00e9riode de huit mois, l&rsquo;ANEPIJ a allou\u00e9 un budget de 16 340 847 FCFA. <\/p>\n\n\n\n<p>Selon une source proche du dossier, SUNU Assurance IARD B\u00e9nin a propos\u00e9 un montant total de 28 963 200 FCFA TTC, tandis qu&rsquo;Africaine des Assurances a mis sur la table une offre de 17 146 176 FCFA. De son c\u00f4t\u00e9, G\u00e9n\u00e9rale des Assurances du B\u00e9nin a soumis une proposition s&rsquo;\u00e9levant \u00e0 6 094 402 FCFA pour une ann\u00e9e, avec un total de 18 283 206 FCFA sur les trois ann\u00e9es pr\u00e9vues.<\/p>\n\n\n\n<p><strong><mark style=\"background-color:rgba(0, 0, 0, 0)\" class=\"has-inline-color has-red-color\">Des crit\u00e8res de s\u00e9lection rigoureuse <\/mark><\/strong><\/p>\n\n\n\n<p>Le choix du prestataire ne reposera pas uniquement sur des consid\u00e9rations financi\u00e8res. La qualit\u00e9 et l&rsquo;\u00e9tendue des services propos\u00e9s seront \u00e9galement des facteurs d\u00e9terminants. La s\u00e9lection du futur prestataire repose sur une \u00e9valuation minutieuse men\u00e9e par la commission d&rsquo;ouverture et d&rsquo;\u00e9valuation des offres. Cette commission doit choisir d&rsquo;ici quelques jours laquelle des trois compagnies pr\u00e9sente la proposition la plus avantageuse. Pas moins de 37 crit\u00e8res seront examin\u00e9s et \u00e9valu\u00e9s pour d\u00e9signer le b\u00e9n\u00e9ficiaire de ce contrat prestigieux.<\/p>\n","protected":false},"excerpt":{"rendered":"Sant\u00e9, B\u00e9nin &#8211; L&rsquo;Agence Nationale pour l&rsquo;\u00c9quipement et le Patrimoine Immobilier de la Justice (ANEPIJ) s&rsquo;appr\u00eate \u00e0 attribuer&hellip;\n","protected":false},"author":4,"featured_media":6304,"comment_status":"open","ping_status":"open","sticky":false,"template":"","format":"standard","meta":{"csco_singular_sidebar":"","csco_page_header_type":"standard","csco_appearance_masonry":"","csco_page_load_nextpost":"","csco_post_video_location":[],"csco_post_video_location_hash":"","csco_post_video_url":"","csco_post_video_bg_start_time":0,"csco_post_video_bg_end_time":0,"footnotes":""},"categories":[57,110],"tags":[463,41],"class_list":{"0":"post-6303","1":"post","2":"type-post","3":"status-publish","4":"format-standard","5":"has-post-thumbnail","7":"category-a-suivre","8":"category-business","9":"tag-assurance","10":"tag-benin","11":"cs-entry","12":"cs-video-wrap"},"yoast_head":"<!-- This site is optimized with the Yoast SEO plugin v27.4 - https:\/\/yoast.com\/product\/yoast-seo-wordpress\/ -->\n<title>B\u00e9nin\/ANEPIJ : 03 assureurs en comp\u00e9tition pour le contrat d&#039;assurance maladie - LA MARINA BJ<\/title>\n<meta name=\"robots\" content=\"index, follow, max-snippet:-1, max-image-preview:large, max-video-preview:-1\" \/>\n<link rel=\"canonical\" href=\"https:\/\/lamarinabj.com\/index.php\/2024\/07\/10\/trois-assureurs-en-competition-pour-le-contrat-dassurance-maladie-de-lanepij\/\" \/>\n<meta property=\"og:locale\" content=\"fr_FR\" \/>\n<meta property=\"og:type\" content=\"article\" \/>\n<meta property=\"og:title\" content=\"B\u00e9nin\/ANEPIJ : 03 assureurs en comp\u00e9tition pour le contrat d&#039;assurance maladie - LA MARINA BJ\" \/>\n<meta property=\"og:description\" content=\"Sant\u00e9, B\u00e9nin &#8211; L&rsquo;Agence Nationale pour l&rsquo;\u00c9quipement et le Patrimoine Immobilier de la Justice (ANEPIJ) s&rsquo;appr\u00eate \u00e0 attribuer&hellip;\" \/>\n<meta property=\"og:url\" content=\"https:\/\/lamarinabj.com\/index.php\/2024\/07\/10\/trois-assureurs-en-competition-pour-le-contrat-dassurance-maladie-de-lanepij\/\" \/>\n<meta property=\"og:site_name\" content=\"LA MARINA BJ\" \/>\n<meta property=\"article:published_time\" content=\"2024-07-10T11:09:18+00:00\" \/>\n<meta property=\"article:modified_time\" content=\"2024-07-10T11:10:45+00:00\" \/>\n<meta property=\"og:image\" content=\"https:\/\/lamarinabj.com\/wp-content\/uploads\/2024\/07\/batiment.jpg\" \/>\n\t<meta property=\"og:image:width\" content=\"1024\" \/>\n\t<meta property=\"og:image:height\" content=\"683\" \/>\n\t<meta property=\"og:image:type\" content=\"image\/jpeg\" \/>\n<meta name=\"author\" content=\"La Marina BJ - Team Affaires Judiciaires\" \/>\n<meta name=\"twitter:card\" content=\"summary_large_image\" \/>\n<meta name=\"twitter:label1\" content=\"\u00c9crit par\" \/>\n\t<meta name=\"twitter:data1\" content=\"La Marina BJ - Team Affaires Judiciaires\" \/>\n\t<meta name=\"twitter:label2\" content=\"Dur\u00e9e de lecture estim\u00e9e\" \/>\n\t<meta name=\"twitter:data2\" content=\"2 minutes\" \/>\n<script type=\"application\/ld+json\" class=\"yoast-schema-graph\">{\"@context\":\"https:\\\/\\\/schema.org\",\"@graph\":[{\"@type\":\"NewsArticle\",\"@id\":\"https:\\\/\\\/lamarinabj.com\\\/index.php\\\/2024\\\/07\\\/10\\\/trois-assureurs-en-competition-pour-le-contrat-dassurance-maladie-de-lanepij\\\/#article\",\"isPartOf\":{\"@id\":\"https:\\\/\\\/lamarinabj.com\\\/index.php\\\/2024\\\/07\\\/10\\\/trois-assureurs-en-competition-pour-le-contrat-dassurance-maladie-de-lanepij\\\/\"},\"author\":{\"name\":\"La Marina BJ - Team Affaires Judiciaires\",\"@id\":\"https:\\\/\\\/lamarinabj.com\\\/#\\\/schema\\\/person\\\/e64c6145b3fb25d98218ef3bafce37de\"},\"headline\":\"B\u00e9nin\\\/ANEPIJ : 03 assureurs en comp\u00e9tition pour le contrat d&rsquo;assurance maladie\",\"datePublished\":\"2024-07-10T11:09:18+00:00\",\"dateModified\":\"2024-07-10T11:10:45+00:00\",\"mainEntityOfPage\":{\"@id\":\"https:\\\/\\\/lamarinabj.com\\\/index.php\\\/2024\\\/07\\\/10\\\/trois-assureurs-en-competition-pour-le-contrat-dassurance-maladie-de-lanepij\\\/\"},\"wordCount\":365,\"commentCount\":0,\"image\":{\"@id\":\"https:\\\/\\\/lamarinabj.com\\\/index.php\\\/2024\\\/07\\\/10\\\/trois-assureurs-en-competition-pour-le-contrat-dassurance-maladie-de-lanepij\\\/#primaryimage\"},\"thumbnailUrl\":\"https:\\\/\\\/lamarinabj.com\\\/wp-content\\\/uploads\\\/2024\\\/07\\\/batiment.jpg\",\"keywords\":[\"Assurance\",\"B\u00e9nin\"],\"articleSection\":[\"\u00c0 SUIVRE\",\"BUSINESS\"],\"inLanguage\":\"fr-FR\",\"potentialAction\":[{\"@type\":\"CommentAction\",\"name\":\"Comment\",\"target\":[\"https:\\\/\\\/lamarinabj.com\\\/index.php\\\/2024\\\/07\\\/10\\\/trois-assureurs-en-competition-pour-le-contrat-dassurance-maladie-de-lanepij\\\/#respond\"]}]},{\"@type\":[\"WebPage\",\"SearchResultsPage\"],\"@id\":\"https:\\\/\\\/lamarinabj.com\\\/index.php\\\/2024\\\/07\\\/10\\\/trois-assureurs-en-competition-pour-le-contrat-dassurance-maladie-de-lanepij\\\/\",\"url\":\"https:\\\/\\\/lamarinabj.com\\\/index.php\\\/2024\\\/07\\\/10\\\/trois-assureurs-en-competition-pour-le-contrat-dassurance-maladie-de-lanepij\\\/\",\"name\":\"B\u00e9nin\\\/ANEPIJ : 03 assureurs en comp\u00e9tition pour le contrat d'assurance maladie - LA MARINA BJ\",\"isPartOf\":{\"@id\":\"https:\\\/\\\/lamarinabj.com\\\/#website\"},\"primaryImageOfPage\":{\"@id\":\"https:\\\/\\\/lamarinabj.com\\\/index.php\\\/2024\\\/07\\\/10\\\/trois-assureurs-en-competition-pour-le-contrat-dassurance-maladie-de-lanepij\\\/#primaryimage\"},\"image\":{\"@id\":\"https:\\\/\\\/lamarinabj.com\\\/index.php\\\/2024\\\/07\\\/10\\\/trois-assureurs-en-competition-pour-le-contrat-dassurance-maladie-de-lanepij\\\/#primaryimage\"},\"thumbnailUrl\":\"https:\\\/\\\/lamarinabj.com\\\/wp-content\\\/uploads\\\/2024\\\/07\\\/batiment.jpg\",\"datePublished\":\"2024-07-10T11:09:18+00:00\",\"dateModified\":\"2024-07-10T11:10:45+00:00\",\"author\":{\"@id\":\"https:\\\/\\\/lamarinabj.com\\\/#\\\/schema\\\/person\\\/e64c6145b3fb25d98218ef3bafce37de\"},\"breadcrumb\":{\"@id\":\"https:\\\/\\\/lamarinabj.com\\\/index.php\\\/2024\\\/07\\\/10\\\/trois-assureurs-en-competition-pour-le-contrat-dassurance-maladie-de-lanepij\\\/#breadcrumb\"},\"inLanguage\":\"fr-FR\",\"potentialAction\":[{\"@type\":\"ReadAction\",\"target\":[\"https:\\\/\\\/lamarinabj.com\\\/index.php\\\/2024\\\/07\\\/10\\\/trois-assureurs-en-competition-pour-le-contrat-dassurance-maladie-de-lanepij\\\/\"]}]},{\"@type\":\"ImageObject\",\"inLanguage\":\"fr-FR\",\"@id\":\"https:\\\/\\\/lamarinabj.com\\\/index.php\\\/2024\\\/07\\\/10\\\/trois-assureurs-en-competition-pour-le-contrat-dassurance-maladie-de-lanepij\\\/#primaryimage\",\"url\":\"https:\\\/\\\/lamarinabj.com\\\/wp-content\\\/uploads\\\/2024\\\/07\\\/batiment.jpg\",\"contentUrl\":\"https:\\\/\\\/lamarinabj.com\\\/wp-content\\\/uploads\\\/2024\\\/07\\\/batiment.jpg\",\"width\":1024,\"height\":683},{\"@type\":\"BreadcrumbList\",\"@id\":\"https:\\\/\\\/lamarinabj.com\\\/index.php\\\/2024\\\/07\\\/10\\\/trois-assureurs-en-competition-pour-le-contrat-dassurance-maladie-de-lanepij\\\/#breadcrumb\",\"itemListElement\":[{\"@type\":\"ListItem\",\"position\":1,\"name\":\"Accueil\",\"item\":\"https:\\\/\\\/lamarinabj.com\\\/\"},{\"@type\":\"ListItem\",\"position\":2,\"name\":\"B\u00e9nin\\\/ANEPIJ : 03 assureurs en comp\u00e9tition pour le contrat d&#8217;assurance maladie\"}]},{\"@type\":\"WebSite\",\"@id\":\"https:\\\/\\\/lamarinabj.com\\\/#website\",\"url\":\"https:\\\/\\\/lamarinabj.com\\\/\",\"name\":\"LA MARINA BJ\",\"description\":\"Votre portail vers l&#039;information strat\u00e9gique au B\u00e9nin, en Afrique et au-del\u00e0\",\"potentialAction\":[{\"@type\":\"SearchAction\",\"target\":{\"@type\":\"EntryPoint\",\"urlTemplate\":\"https:\\\/\\\/lamarinabj.com\\\/?s={search_term_string}\"},\"query-input\":{\"@type\":\"PropertyValueSpecification\",\"valueRequired\":true,\"valueName\":\"search_term_string\"}}],\"inLanguage\":\"fr-FR\"},{\"@type\":\"Person\",\"@id\":\"https:\\\/\\\/lamarinabj.com\\\/#\\\/schema\\\/person\\\/e64c6145b3fb25d98218ef3bafce37de\",\"name\":\"La Marina BJ - Team Affaires Judiciaires\",\"image\":{\"@type\":\"ImageObject\",\"inLanguage\":\"fr-FR\",\"@id\":\"https:\\\/\\\/secure.gravatar.com\\\/avatar\\\/dcd47faa85727203c51c1a84009b684b305ba179e4848c26009abb855df90961?s=96&d=mm&r=g\",\"url\":\"https:\\\/\\\/secure.gravatar.com\\\/avatar\\\/dcd47faa85727203c51c1a84009b684b305ba179e4848c26009abb855df90961?s=96&d=mm&r=g\",\"contentUrl\":\"https:\\\/\\\/secure.gravatar.com\\\/avatar\\\/dcd47faa85727203c51c1a84009b684b305ba179e4848c26009abb855df90961?s=96&d=mm&r=g\",\"caption\":\"La Marina BJ - Team Affaires Judiciaires\"},\"description\":\"Au c\u0153ur de l\u2019actualit\u00e9 juridico-\u00e9conomique, la Team Justice &amp; Affaires judiciaires de La Marina BJ s'affirme comme un p\u00f4le de r\u00e9f\u00e9rence dans la couverture des proc\u00e9dures judiciaires, des contentieux commerciaux et des d\u00e9cisions de justice \u00e0 fort impact strat\u00e9gique.\",\"url\":\"https:\\\/\\\/lamarinabj.com\\\/index.php\\\/author\\\/marc\\\/\"}]}<\/script>\n<!-- \/ Yoast SEO plugin. -->","yoast_head_json":{"title":"B\u00e9nin\/ANEPIJ : 03 assureurs en comp\u00e9tition pour le contrat d'assurance maladie - LA MARINA BJ","robots":{"index":"index","follow":"follow","max-snippet":"max-snippet:-1","max-image-preview":"max-image-preview:large","max-video-preview":"max-video-preview:-1"},"canonical":"https:\/\/lamarinabj.com\/index.php\/2024\/07\/10\/trois-assureurs-en-competition-pour-le-contrat-dassurance-maladie-de-lanepij\/","og_locale":"fr_FR","og_type":"article","og_title":"B\u00e9nin\/ANEPIJ : 03 assureurs en comp\u00e9tition pour le contrat d'assurance maladie - LA MARINA BJ","og_description":"Sant\u00e9, B\u00e9nin &#8211; L&rsquo;Agence Nationale pour l&rsquo;\u00c9quipement et le Patrimoine Immobilier de la Justice (ANEPIJ) s&rsquo;appr\u00eate \u00e0 attribuer&hellip;","og_url":"https:\/\/lamarinabj.com\/index.php\/2024\/07\/10\/trois-assureurs-en-competition-pour-le-contrat-dassurance-maladie-de-lanepij\/","og_site_name":"LA MARINA BJ","article_published_time":"2024-07-10T11:09:18+00:00","article_modified_time":"2024-07-10T11:10:45+00:00","og_image":[{"width":1024,"height":683,"url":"https:\/\/lamarinabj.com\/wp-content\/uploads\/2024\/07\/batiment.jpg","type":"image\/jpeg"}],"author":"La Marina BJ - Team Affaires Judiciaires","twitter_card":"summary_large_image","twitter_misc":{"\u00c9crit par":"La Marina BJ - Team Affaires Judiciaires","Dur\u00e9e de lecture estim\u00e9e":"2 minutes"},"schema":{"@context":"https:\/\/schema.org","@graph":[{"@type":"NewsArticle","@id":"https:\/\/lamarinabj.com\/index.php\/2024\/07\/10\/trois-assureurs-en-competition-pour-le-contrat-dassurance-maladie-de-lanepij\/#article","isPartOf":{"@id":"https:\/\/lamarinabj.com\/index.php\/2024\/07\/10\/trois-assureurs-en-competition-pour-le-contrat-dassurance-maladie-de-lanepij\/"},"author":{"name":"La Marina BJ - Team Affaires Judiciaires","@id":"https:\/\/lamarinabj.com\/#\/schema\/person\/e64c6145b3fb25d98218ef3bafce37de"},"headline":"B\u00e9nin\/ANEPIJ : 03 assureurs en comp\u00e9tition pour le contrat d&rsquo;assurance maladie","datePublished":"2024-07-10T11:09:18+00:00","dateModified":"2024-07-10T11:10:45+00:00","mainEntityOfPage":{"@id":"https:\/\/lamarinabj.com\/index.php\/2024\/07\/10\/trois-assureurs-en-competition-pour-le-contrat-dassurance-maladie-de-lanepij\/"},"wordCount":365,"commentCount":0,"image":{"@id":"https:\/\/lamarinabj.com\/index.php\/2024\/07\/10\/trois-assureurs-en-competition-pour-le-contrat-dassurance-maladie-de-lanepij\/#primaryimage"},"thumbnailUrl":"https:\/\/lamarinabj.com\/wp-content\/uploads\/2024\/07\/batiment.jpg","keywords":["Assurance","B\u00e9nin"],"articleSection":["\u00c0 SUIVRE","BUSINESS"],"inLanguage":"fr-FR","potentialAction":[{"@type":"CommentAction","name":"Comment","target":["https:\/\/lamarinabj.com\/index.php\/2024\/07\/10\/trois-assureurs-en-competition-pour-le-contrat-dassurance-maladie-de-lanepij\/#respond"]}]},{"@type":["WebPage","SearchResultsPage"],"@id":"https:\/\/lamarinabj.com\/index.php\/2024\/07\/10\/trois-assureurs-en-competition-pour-le-contrat-dassurance-maladie-de-lanepij\/","url":"https:\/\/lamarinabj.com\/index.php\/2024\/07\/10\/trois-assureurs-en-competition-pour-le-contrat-dassurance-maladie-de-lanepij\/","name":"B\u00e9nin\/ANEPIJ : 03 assureurs en comp\u00e9tition pour le contrat d'assurance maladie - LA MARINA BJ","isPartOf":{"@id":"https:\/\/lamarinabj.com\/#website"},"primaryImageOfPage":{"@id":"https:\/\/lamarinabj.com\/index.php\/2024\/07\/10\/trois-assureurs-en-competition-pour-le-contrat-dassurance-maladie-de-lanepij\/#primaryimage"},"image":{"@id":"https:\/\/lamarinabj.com\/index.php\/2024\/07\/10\/trois-assureurs-en-competition-pour-le-contrat-dassurance-maladie-de-lanepij\/#primaryimage"},"thumbnailUrl":"https:\/\/lamarinabj.com\/wp-content\/uploads\/2024\/07\/batiment.jpg","datePublished":"2024-07-10T11:09:18+00:00","dateModified":"2024-07-10T11:10:45+00:00","author":{"@id":"https:\/\/lamarinabj.com\/#\/schema\/person\/e64c6145b3fb25d98218ef3bafce37de"},"breadcrumb":{"@id":"https:\/\/lamarinabj.com\/index.php\/2024\/07\/10\/trois-assureurs-en-competition-pour-le-contrat-dassurance-maladie-de-lanepij\/#breadcrumb"},"inLanguage":"fr-FR","potentialAction":[{"@type":"ReadAction","target":["https:\/\/lamarinabj.com\/index.php\/2024\/07\/10\/trois-assureurs-en-competition-pour-le-contrat-dassurance-maladie-de-lanepij\/"]}]},{"@type":"ImageObject","inLanguage":"fr-FR","@id":"https:\/\/lamarinabj.com\/index.php\/2024\/07\/10\/trois-assureurs-en-competition-pour-le-contrat-dassurance-maladie-de-lanepij\/#primaryimage","url":"https:\/\/lamarinabj.com\/wp-content\/uploads\/2024\/07\/batiment.jpg","contentUrl":"https:\/\/lamarinabj.com\/wp-content\/uploads\/2024\/07\/batiment.jpg","width":1024,"height":683},{"@type":"BreadcrumbList","@id":"https:\/\/lamarinabj.com\/index.php\/2024\/07\/10\/trois-assureurs-en-competition-pour-le-contrat-dassurance-maladie-de-lanepij\/#breadcrumb","itemListElement":[{"@type":"ListItem","position":1,"name":"Accueil","item":"https:\/\/lamarinabj.com\/"},{"@type":"ListItem","position":2,"name":"B\u00e9nin\/ANEPIJ : 03 assureurs en comp\u00e9tition pour le contrat d&#8217;assurance maladie"}]},{"@type":"WebSite","@id":"https:\/\/lamarinabj.com\/#website","url":"https:\/\/lamarinabj.com\/","name":"LA MARINA BJ","description":"Votre portail vers l&#039;information strat\u00e9gique au B\u00e9nin, en Afrique et au-del\u00e0","potentialAction":[{"@type":"SearchAction","target":{"@type":"EntryPoint","urlTemplate":"https:\/\/lamarinabj.com\/?s={search_term_string}"},"query-input":{"@type":"PropertyValueSpecification","valueRequired":true,"valueName":"search_term_string"}}],"inLanguage":"fr-FR"},{"@type":"Person","@id":"https:\/\/lamarinabj.com\/#\/schema\/person\/e64c6145b3fb25d98218ef3bafce37de","name":"La Marina BJ - Team Affaires Judiciaires","image":{"@type":"ImageObject","inLanguage":"fr-FR","@id":"https:\/\/secure.gravatar.com\/avatar\/dcd47faa85727203c51c1a84009b684b305ba179e4848c26009abb855df90961?s=96&d=mm&r=g","url":"https:\/\/secure.gravatar.com\/avatar\/dcd47faa85727203c51c1a84009b684b305ba179e4848c26009abb855df90961?s=96&d=mm&r=g","contentUrl":"https:\/\/secure.gravatar.com\/avatar\/dcd47faa85727203c51c1a84009b684b305ba179e4848c26009abb855df90961?s=96&d=mm&r=g","caption":"La Marina BJ - Team Affaires Judiciaires"},"description":"Au c\u0153ur de l\u2019actualit\u00e9 juridico-\u00e9conomique, la Team Justice &amp; Affaires judiciaires de La Marina BJ s'affirme comme un p\u00f4le de r\u00e9f\u00e9rence dans la couverture des proc\u00e9dures judiciaires, des contentieux commerciaux et des d\u00e9cisions de justice \u00e0 fort impact strat\u00e9gique.","url":"https:\/\/lamarinabj.com\/index.php\/author\/marc\/"}]}},"_links":{"self":[{"href":"https:\/\/lamarinabj.com\/index.php\/wp-json\/wp\/v2\/posts\/6303","targetHints":{"allow":["GET"]}}],"collection":[{"href":"https:\/\/lamarinabj.com\/index.php\/wp-json\/wp\/v2\/posts"}],"about":[{"href":"https:\/\/lamarinabj.com\/index.php\/wp-json\/wp\/v2\/types\/post"}],"author":[{"embeddable":true,"href":"https:\/\/lamarinabj.com\/index.php\/wp-json\/wp\/v2\/users\/4"}],"replies":[{"embeddable":true,"href":"https:\/\/lamarinabj.com\/index.php\/wp-json\/wp\/v2\/comments?post=6303"}],"version-history":[{"count":3,"href":"https:\/\/lamarinabj.com\/index.php\/wp-json\/wp\/v2\/posts\/6303\/revisions"}],"predecessor-version":[{"id":6317,"href":"https:\/\/lamarinabj.com\/index.php\/wp-json\/wp\/v2\/posts\/6303\/revisions\/6317"}],"wp:featuredmedia":[{"embeddable":true,"href":"https:\/\/lamarinabj.com\/index.php\/wp-json\/wp\/v2\/media\/6304"}],"wp:attachment":[{"href":"https:\/\/lamarinabj.com\/index.php\/wp-json\/wp\/v2\/media?parent=6303"}],"wp:term":[{"taxonomy":"category","embeddable":true,"href":"https:\/\/lamarinabj.com\/index.php\/wp-json\/wp\/v2\/categories?post=6303"},{"taxonomy":"post_tag","embeddable":true,"href":"https:\/\/lamarinabj.com\/index.php\/wp-json\/wp\/v2\/tags?post=6303"}],"curies":[{"name":"wp","href":"https:\/\/api.w.org\/{rel}","templated":true}]}}