{"id":6319,"date":"2024-07-11T10:38:22","date_gmt":"2024-07-11T09:38:22","guid":{"rendered":"https:\/\/lamarinabj.com\/?p=6319"},"modified":"2024-07-11T09:40:57","modified_gmt":"2024-07-11T08:40:57","slug":"pourquoi-la-mairie-dallada-veut-elle-actualiser-son-schema-directeur-damenagement","status":"publish","type":"post","link":"https:\/\/lamarinabj.com\/index.php\/2024\/07\/11\/pourquoi-la-mairie-dallada-veut-elle-actualiser-son-schema-directeur-damenagement\/","title":{"rendered":"Pourquoi la mairie d&rsquo;Allada veut-elle actualiser son sch\u00e9ma directeur d&rsquo;am\u00e9nagement ?"},"content":{"rendered":"\n<p><strong><mark style=\"background-color:rgba(0, 0, 0, 0)\" class=\"has-inline-color has-red-color\">D\u00e9centralisation, B\u00e9nin &#8211; <\/mark><\/strong> <strong><em>D&rsquo;apr\u00e8s notre source locale, la commune d&rsquo;Allada souhaite r\u00e9viser son Sch\u00e9ma Directeur d&rsquo;Am\u00e9nagement Communal (SDAC). Cette d\u00e9marche, motiv\u00e9e par des enjeux strat\u00e9giques importants, vise \u00e0 adapter la planification urbaine aux r\u00e9alit\u00e9s contemporaines et \u00e0 pr\u00e9parer un avenir durable pour la commune. Mais pourquoi le conseil souhaite-t-elle actualiser ce document essentiel<\/em><\/strong>?<\/p>\n\n\n\n<p><strong><mark style=\"background-color:rgba(0, 0, 0, 0)\" class=\"has-inline-color has-red-color\">Une vision \u00e0 long terme pour un d\u00e9veloppement coh\u00e9rent<\/mark><\/strong><\/p>\n\n\n\n<p>La premi\u00e8re raison de cette actualisation est de garantir une planification spatiale coh\u00e9rente pour les quinze prochaines ann\u00e9es. Selon une source proche de la Direction des Affaires Domaniales et Environnementales, le SDAC actuel ne r\u00e9pond plus pleinement aux besoins d&rsquo;une commune en pleine expansion et confront\u00e9e \u00e0 des d\u00e9fis environnementaux croissants. En r\u00e9visant ce sch\u00e9ma, Allada souhaite s&rsquo;assurer que l\u2019am\u00e9nagement du territoire soit en harmonie avec les objectifs de gestion rationnelle des ressources naturelles, de r\u00e9silience aux changements climatiques et de pr\u00e9servation des espaces sensibles.<\/p>\n\n\n\n<p><strong><mark style=\"background-color:rgba(0, 0, 0, 0)\" class=\"has-inline-color has-red-color\">Valorisation des zones sp\u00e9cifiques et gestion des ressources<\/mark><\/strong><\/p>\n\n\n\n<p>La valorisation des zones sp\u00e9cifiques de la commune est un autre enjeu majeur. Le nouveau SDAC devra int\u00e9grer les pr\u00e9occupations actuelles telles que l&rsquo;\u00e9galit\u00e9 des genres, la lutte contre le terrorisme et la gestion des catastrophes naturelles. En identifiant et en cartographiant les projets structurants du gouvernement, en d\u00e9finissant les aires de p\u00e2turage et les couloirs de transhumance, le sch\u00e9ma permettra une meilleure gestion des ressources et une pr\u00e9vention efficace des conflits d&rsquo;usage.<\/p>\n\n\n\n<p>La ville d&rsquo;Allada, comme de nombreuses communes, fait face \u00e0 des d\u00e9fis \u00e9conomiques et sociaux qui n\u00e9cessitent une approche innovante et inclusive. L&rsquo;actualisation du SDAC permettra de mieux appr\u00e9hender les potentialit\u00e9s et les contraintes de d\u00e9veloppement, tant sur le plan environnemental, d\u00e9mographique que foncier. La mairie entend impliquer les acteurs locaux pour d\u00e9finir les orientations fondamentales en mati\u00e8re de d\u00e9veloppement \u00e9conomique et social durable, garantissant ainsi une appropriation collective des nouvelles strat\u00e9gies.<\/p>\n\n\n\n<p><strong><mark style=\"background-color:rgba(0, 0, 0, 0)\" class=\"has-inline-color has-red-color\">Structuration et suivi des projets<\/mark><\/strong><\/p>\n\n\n\n<p>Pour assurer une mise en \u0153uvre efficace, le SDAC r\u00e9vis\u00e9 sera d\u00e9clin\u00e9 en plans d&rsquo;actions quinquennaux. Ces plans faciliteront l\u2019int\u00e9gration des orientations strat\u00e9giques dans les Plans de D\u00e9veloppement Communaux (PDC) et les Plans Annuels d\u2019Investissement (PAI). Cette structuration permettra un suivi rigoureux des projets et une \u00e9valuation continue des progr\u00e8s r\u00e9alis\u00e9s, assurant ainsi que les objectifs fix\u00e9s soient atteints de mani\u00e8re pragmatique et r\u00e9aliste.<\/p>\n\n\n\n<p>Selon une source bien inform\u00e9e contact\u00e9e par notre source locale, la mission d&rsquo;actualisation, qui sera confi\u00e9e \u00e0 un cabinet d&rsquo;\u00e9tudes sp\u00e9cialis\u00e9, est dot\u00e9e d\u2019un budget de 50\u202f847\u202f457,63 CFA et doit \u00eatre r\u00e9alis\u00e9e en trois mois. Ce calendrier ambitieux t\u00e9moigne de l\u2019urgence et de l\u2019importance de cette r\u00e9vision pour la commune. La mairie attend du cabinet une gestion rigoureuse des ressources pour garantir la qualit\u00e9 et l\u2019efficacit\u00e9 des travaux.<\/p>\n\n\n\n<p>La modernisation du SDAC d\u2019Allada n\u2019est pas simplement une n\u00e9cessit\u00e9 administrative, mais une strat\u00e9gie essentielle pour un d\u00e9veloppement inclusif et durable. En adaptant ses outils de planification aux besoins contemporains, la ville d&rsquo;Allada se pr\u00e9pare \u00e0 relever les d\u00e9fis de demain et \u00e0 saisir les opportunit\u00e9s qui se pr\u00e9sentent, pour le bien-\u00eatre de ses habitants et la prosp\u00e9rit\u00e9 de son territoire.<\/p>\n","protected":false},"excerpt":{"rendered":"D\u00e9centralisation, B\u00e9nin &#8211; D&rsquo;apr\u00e8s notre source locale, la commune d&rsquo;Allada souhaite r\u00e9viser son Sch\u00e9ma Directeur d&rsquo;Am\u00e9nagement Communal (SDAC).&hellip;\n","protected":false},"author":3,"featured_media":6320,"comment_status":"open","ping_status":"open","sticky":true,"template":"elementor_theme","format":"standard","meta":{"csco_singular_sidebar":"","csco_page_header_type":"standard","csco_appearance_masonry":"","csco_page_load_nextpost":"","csco_post_video_location":[],"csco_post_video_location_hash":"","csco_post_video_url":"","csco_post_video_bg_start_time":0,"csco_post_video_bg_end_time":0,"footnotes":""},"categories":[57,45],"tags":[467,468,41],"class_list":{"0":"post-6319","1":"post","2":"type-post","3":"status-publish","4":"format-standard","5":"has-post-thumbnail","7":"category-a-suivre","8":"category-gouvernance","9":"tag-allada","10":"tag-amenagement","11":"tag-benin","12":"cs-entry","13":"cs-video-wrap"},"yoast_head":"<!-- This site is optimized with the Yoast SEO plugin v27.4 - https:\/\/yoast.com\/product\/yoast-seo-wordpress\/ -->\n<title>Pourquoi la mairie d&#039;Allada veut-elle actualiser son sch\u00e9ma directeur d&#039;am\u00e9nagement ? - LA MARINA BJ<\/title>\n<meta name=\"robots\" content=\"index, follow, max-snippet:-1, max-image-preview:large, max-video-preview:-1\" \/>\n<link rel=\"canonical\" href=\"https:\/\/lamarinabj.com\/index.php\/2024\/07\/11\/pourquoi-la-mairie-dallada-veut-elle-actualiser-son-schema-directeur-damenagement\/\" \/>\n<meta property=\"og:locale\" content=\"fr_FR\" \/>\n<meta property=\"og:type\" content=\"article\" \/>\n<meta property=\"og:title\" content=\"Pourquoi la mairie d&#039;Allada veut-elle actualiser son sch\u00e9ma directeur d&#039;am\u00e9nagement ? - LA MARINA BJ\" \/>\n<meta property=\"og:description\" content=\"D\u00e9centralisation, B\u00e9nin &#8211; D&rsquo;apr\u00e8s notre source locale, la commune d&rsquo;Allada souhaite r\u00e9viser son Sch\u00e9ma Directeur d&rsquo;Am\u00e9nagement Communal (SDAC).&hellip;\" \/>\n<meta property=\"og:url\" content=\"https:\/\/lamarinabj.com\/index.php\/2024\/07\/11\/pourquoi-la-mairie-dallada-veut-elle-actualiser-son-schema-directeur-damenagement\/\" \/>\n<meta property=\"og:site_name\" content=\"LA MARINA BJ\" \/>\n<meta property=\"article:published_time\" content=\"2024-07-11T09:38:22+00:00\" \/>\n<meta property=\"og:image\" content=\"https:\/\/lamarinabj.com\/wp-content\/uploads\/2024\/07\/Residence_maire_Allada-1.jpg\" \/>\n\t<meta property=\"og:image:width\" content=\"1599\" \/>\n\t<meta property=\"og:image:height\" content=\"1066\" \/>\n\t<meta property=\"og:image:type\" content=\"image\/jpeg\" \/>\n<meta name=\"author\" content=\"La Marina BJ - Team Veille &amp; Projets publics\" \/>\n<meta name=\"twitter:card\" content=\"summary_large_image\" \/>\n<meta name=\"twitter:label1\" content=\"\u00c9crit par\" \/>\n\t<meta name=\"twitter:data1\" content=\"La Marina BJ - Team Veille &amp; Projets publics\" \/>\n\t<meta name=\"twitter:label2\" content=\"Dur\u00e9e de lecture estim\u00e9e\" \/>\n\t<meta name=\"twitter:data2\" content=\"3 minutes\" \/>\n<script type=\"application\/ld+json\" class=\"yoast-schema-graph\">{\"@context\":\"https:\\\/\\\/schema.org\",\"@graph\":[{\"@type\":\"NewsArticle\",\"@id\":\"https:\\\/\\\/lamarinabj.com\\\/index.php\\\/2024\\\/07\\\/11\\\/pourquoi-la-mairie-dallada-veut-elle-actualiser-son-schema-directeur-damenagement\\\/#article\",\"isPartOf\":{\"@id\":\"https:\\\/\\\/lamarinabj.com\\\/index.php\\\/2024\\\/07\\\/11\\\/pourquoi-la-mairie-dallada-veut-elle-actualiser-son-schema-directeur-damenagement\\\/\"},\"author\":{\"name\":\"La Marina BJ - Team Veille &amp; Projets publics\",\"@id\":\"https:\\\/\\\/lamarinabj.com\\\/#\\\/schema\\\/person\\\/70c372a4c3c86bd4844a0382357a0f2d\"},\"headline\":\"Pourquoi la mairie d&rsquo;Allada veut-elle actualiser son sch\u00e9ma directeur d&rsquo;am\u00e9nagement ?\",\"datePublished\":\"2024-07-11T09:38:22+00:00\",\"mainEntityOfPage\":{\"@id\":\"https:\\\/\\\/lamarinabj.com\\\/index.php\\\/2024\\\/07\\\/11\\\/pourquoi-la-mairie-dallada-veut-elle-actualiser-son-schema-directeur-damenagement\\\/\"},\"wordCount\":597,\"commentCount\":0,\"image\":{\"@id\":\"https:\\\/\\\/lamarinabj.com\\\/index.php\\\/2024\\\/07\\\/11\\\/pourquoi-la-mairie-dallada-veut-elle-actualiser-son-schema-directeur-damenagement\\\/#primaryimage\"},\"thumbnailUrl\":\"https:\\\/\\\/lamarinabj.com\\\/wp-content\\\/uploads\\\/2024\\\/07\\\/Residence_maire_Allada-1.jpg\",\"keywords\":[\"Allada\",\"Am\u00e9nagement\",\"B\u00e9nin\"],\"articleSection\":[\"\u00c0 SUIVRE\",\"GOUVERNANCE\"],\"inLanguage\":\"fr-FR\",\"potentialAction\":[{\"@type\":\"CommentAction\",\"name\":\"Comment\",\"target\":[\"https:\\\/\\\/lamarinabj.com\\\/index.php\\\/2024\\\/07\\\/11\\\/pourquoi-la-mairie-dallada-veut-elle-actualiser-son-schema-directeur-damenagement\\\/#respond\"]}]},{\"@type\":[\"WebPage\",\"SearchResultsPage\"],\"@id\":\"https:\\\/\\\/lamarinabj.com\\\/index.php\\\/2024\\\/07\\\/11\\\/pourquoi-la-mairie-dallada-veut-elle-actualiser-son-schema-directeur-damenagement\\\/\",\"url\":\"https:\\\/\\\/lamarinabj.com\\\/index.php\\\/2024\\\/07\\\/11\\\/pourquoi-la-mairie-dallada-veut-elle-actualiser-son-schema-directeur-damenagement\\\/\",\"name\":\"Pourquoi la mairie d'Allada veut-elle actualiser son sch\u00e9ma directeur d'am\u00e9nagement ? - LA MARINA BJ\",\"isPartOf\":{\"@id\":\"https:\\\/\\\/lamarinabj.com\\\/#website\"},\"primaryImageOfPage\":{\"@id\":\"https:\\\/\\\/lamarinabj.com\\\/index.php\\\/2024\\\/07\\\/11\\\/pourquoi-la-mairie-dallada-veut-elle-actualiser-son-schema-directeur-damenagement\\\/#primaryimage\"},\"image\":{\"@id\":\"https:\\\/\\\/lamarinabj.com\\\/index.php\\\/2024\\\/07\\\/11\\\/pourquoi-la-mairie-dallada-veut-elle-actualiser-son-schema-directeur-damenagement\\\/#primaryimage\"},\"thumbnailUrl\":\"https:\\\/\\\/lamarinabj.com\\\/wp-content\\\/uploads\\\/2024\\\/07\\\/Residence_maire_Allada-1.jpg\",\"datePublished\":\"2024-07-11T09:38:22+00:00\",\"author\":{\"@id\":\"https:\\\/\\\/lamarinabj.com\\\/#\\\/schema\\\/person\\\/70c372a4c3c86bd4844a0382357a0f2d\"},\"breadcrumb\":{\"@id\":\"https:\\\/\\\/lamarinabj.com\\\/index.php\\\/2024\\\/07\\\/11\\\/pourquoi-la-mairie-dallada-veut-elle-actualiser-son-schema-directeur-damenagement\\\/#breadcrumb\"},\"inLanguage\":\"fr-FR\",\"potentialAction\":[{\"@type\":\"ReadAction\",\"target\":[\"https:\\\/\\\/lamarinabj.com\\\/index.php\\\/2024\\\/07\\\/11\\\/pourquoi-la-mairie-dallada-veut-elle-actualiser-son-schema-directeur-damenagement\\\/\"]}]},{\"@type\":\"ImageObject\",\"inLanguage\":\"fr-FR\",\"@id\":\"https:\\\/\\\/lamarinabj.com\\\/index.php\\\/2024\\\/07\\\/11\\\/pourquoi-la-mairie-dallada-veut-elle-actualiser-son-schema-directeur-damenagement\\\/#primaryimage\",\"url\":\"https:\\\/\\\/lamarinabj.com\\\/wp-content\\\/uploads\\\/2024\\\/07\\\/Residence_maire_Allada-1.jpg\",\"contentUrl\":\"https:\\\/\\\/lamarinabj.com\\\/wp-content\\\/uploads\\\/2024\\\/07\\\/Residence_maire_Allada-1.jpg\",\"width\":1599,\"height\":1066},{\"@type\":\"BreadcrumbList\",\"@id\":\"https:\\\/\\\/lamarinabj.com\\\/index.php\\\/2024\\\/07\\\/11\\\/pourquoi-la-mairie-dallada-veut-elle-actualiser-son-schema-directeur-damenagement\\\/#breadcrumb\",\"itemListElement\":[{\"@type\":\"ListItem\",\"position\":1,\"name\":\"Accueil\",\"item\":\"https:\\\/\\\/lamarinabj.com\\\/\"},{\"@type\":\"ListItem\",\"position\":2,\"name\":\"Pourquoi la mairie d&#8217;Allada veut-elle actualiser son sch\u00e9ma directeur d&#8217;am\u00e9nagement ?\"}]},{\"@type\":\"WebSite\",\"@id\":\"https:\\\/\\\/lamarinabj.com\\\/#website\",\"url\":\"https:\\\/\\\/lamarinabj.com\\\/\",\"name\":\"LA MARINA BJ\",\"description\":\"Votre portail vers l&#039;information strat\u00e9gique au B\u00e9nin, en Afrique et au-del\u00e0\",\"potentialAction\":[{\"@type\":\"SearchAction\",\"target\":{\"@type\":\"EntryPoint\",\"urlTemplate\":\"https:\\\/\\\/lamarinabj.com\\\/?s={search_term_string}\"},\"query-input\":{\"@type\":\"PropertyValueSpecification\",\"valueRequired\":true,\"valueName\":\"search_term_string\"}}],\"inLanguage\":\"fr-FR\"},{\"@type\":\"Person\",\"@id\":\"https:\\\/\\\/lamarinabj.com\\\/#\\\/schema\\\/person\\\/70c372a4c3c86bd4844a0382357a0f2d\",\"name\":\"La Marina BJ - Team Veille &amp; Projets publics\",\"image\":{\"@type\":\"ImageObject\",\"inLanguage\":\"fr-FR\",\"@id\":\"https:\\\/\\\/secure.gravatar.com\\\/avatar\\\/b56740eda81210101c8acebdd7c5c7db1bd0ab57f63df607996683fa153ff0d0?s=96&d=mm&r=g\",\"url\":\"https:\\\/\\\/secure.gravatar.com\\\/avatar\\\/b56740eda81210101c8acebdd7c5c7db1bd0ab57f63df607996683fa153ff0d0?s=96&d=mm&r=g\",\"contentUrl\":\"https:\\\/\\\/secure.gravatar.com\\\/avatar\\\/b56740eda81210101c8acebdd7c5c7db1bd0ab57f63df607996683fa153ff0d0?s=96&d=mm&r=g\",\"caption\":\"La Marina BJ - Team Veille &amp; Projets publics\"},\"description\":\"La Team Veille &amp; Projets publics de La Marina BJ est d\u00e9di\u00e9e \u00e0 la surveillance proactive des dynamiques institutionnelles impuls\u00e9es par l\u2019\u00c9tat, les agences publiques, les collectivit\u00e9s territoriales ainsi que les partenaires techniques et financiers. Gr\u00e2ce \u00e0 une veille strat\u00e9gique permanente, cette \u00e9quipe identifie et suit les projets de d\u00e9veloppement, les \u00e9tudes pr\u00e9alables et les investissements publics majeurs. Elle documente les politiques sectorielles, analyse les enjeux techniques, \u00e9conomiques, sociaux et environnementaux, et produit des contenus exclusifs pour \u00e9clairer les mutations structurelles.\",\"url\":\"https:\\\/\\\/lamarinabj.com\\\/index.php\\\/author\\\/simahou\\\/\"}]}<\/script>\n<!-- \/ Yoast SEO plugin. -->","yoast_head_json":{"title":"Pourquoi la mairie d'Allada veut-elle actualiser son sch\u00e9ma directeur d'am\u00e9nagement ? - LA MARINA BJ","robots":{"index":"index","follow":"follow","max-snippet":"max-snippet:-1","max-image-preview":"max-image-preview:large","max-video-preview":"max-video-preview:-1"},"canonical":"https:\/\/lamarinabj.com\/index.php\/2024\/07\/11\/pourquoi-la-mairie-dallada-veut-elle-actualiser-son-schema-directeur-damenagement\/","og_locale":"fr_FR","og_type":"article","og_title":"Pourquoi la mairie d'Allada veut-elle actualiser son sch\u00e9ma directeur d'am\u00e9nagement ? - LA MARINA BJ","og_description":"D\u00e9centralisation, B\u00e9nin &#8211; D&rsquo;apr\u00e8s notre source locale, la commune d&rsquo;Allada souhaite r\u00e9viser son Sch\u00e9ma Directeur d&rsquo;Am\u00e9nagement Communal (SDAC).&hellip;","og_url":"https:\/\/lamarinabj.com\/index.php\/2024\/07\/11\/pourquoi-la-mairie-dallada-veut-elle-actualiser-son-schema-directeur-damenagement\/","og_site_name":"LA MARINA BJ","article_published_time":"2024-07-11T09:38:22+00:00","og_image":[{"width":1599,"height":1066,"url":"https:\/\/lamarinabj.com\/wp-content\/uploads\/2024\/07\/Residence_maire_Allada-1.jpg","type":"image\/jpeg"}],"author":"La Marina BJ - Team Veille &amp; Projets publics","twitter_card":"summary_large_image","twitter_misc":{"\u00c9crit par":"La Marina BJ - Team Veille &amp; Projets publics","Dur\u00e9e de lecture estim\u00e9e":"3 minutes"},"schema":{"@context":"https:\/\/schema.org","@graph":[{"@type":"NewsArticle","@id":"https:\/\/lamarinabj.com\/index.php\/2024\/07\/11\/pourquoi-la-mairie-dallada-veut-elle-actualiser-son-schema-directeur-damenagement\/#article","isPartOf":{"@id":"https:\/\/lamarinabj.com\/index.php\/2024\/07\/11\/pourquoi-la-mairie-dallada-veut-elle-actualiser-son-schema-directeur-damenagement\/"},"author":{"name":"La Marina BJ - Team Veille &amp; Projets publics","@id":"https:\/\/lamarinabj.com\/#\/schema\/person\/70c372a4c3c86bd4844a0382357a0f2d"},"headline":"Pourquoi la mairie d&rsquo;Allada veut-elle actualiser son sch\u00e9ma directeur d&rsquo;am\u00e9nagement ?","datePublished":"2024-07-11T09:38:22+00:00","mainEntityOfPage":{"@id":"https:\/\/lamarinabj.com\/index.php\/2024\/07\/11\/pourquoi-la-mairie-dallada-veut-elle-actualiser-son-schema-directeur-damenagement\/"},"wordCount":597,"commentCount":0,"image":{"@id":"https:\/\/lamarinabj.com\/index.php\/2024\/07\/11\/pourquoi-la-mairie-dallada-veut-elle-actualiser-son-schema-directeur-damenagement\/#primaryimage"},"thumbnailUrl":"https:\/\/lamarinabj.com\/wp-content\/uploads\/2024\/07\/Residence_maire_Allada-1.jpg","keywords":["Allada","Am\u00e9nagement","B\u00e9nin"],"articleSection":["\u00c0 SUIVRE","GOUVERNANCE"],"inLanguage":"fr-FR","potentialAction":[{"@type":"CommentAction","name":"Comment","target":["https:\/\/lamarinabj.com\/index.php\/2024\/07\/11\/pourquoi-la-mairie-dallada-veut-elle-actualiser-son-schema-directeur-damenagement\/#respond"]}]},{"@type":["WebPage","SearchResultsPage"],"@id":"https:\/\/lamarinabj.com\/index.php\/2024\/07\/11\/pourquoi-la-mairie-dallada-veut-elle-actualiser-son-schema-directeur-damenagement\/","url":"https:\/\/lamarinabj.com\/index.php\/2024\/07\/11\/pourquoi-la-mairie-dallada-veut-elle-actualiser-son-schema-directeur-damenagement\/","name":"Pourquoi la mairie d'Allada veut-elle actualiser son sch\u00e9ma directeur d'am\u00e9nagement ? - LA MARINA BJ","isPartOf":{"@id":"https:\/\/lamarinabj.com\/#website"},"primaryImageOfPage":{"@id":"https:\/\/lamarinabj.com\/index.php\/2024\/07\/11\/pourquoi-la-mairie-dallada-veut-elle-actualiser-son-schema-directeur-damenagement\/#primaryimage"},"image":{"@id":"https:\/\/lamarinabj.com\/index.php\/2024\/07\/11\/pourquoi-la-mairie-dallada-veut-elle-actualiser-son-schema-directeur-damenagement\/#primaryimage"},"thumbnailUrl":"https:\/\/lamarinabj.com\/wp-content\/uploads\/2024\/07\/Residence_maire_Allada-1.jpg","datePublished":"2024-07-11T09:38:22+00:00","author":{"@id":"https:\/\/lamarinabj.com\/#\/schema\/person\/70c372a4c3c86bd4844a0382357a0f2d"},"breadcrumb":{"@id":"https:\/\/lamarinabj.com\/index.php\/2024\/07\/11\/pourquoi-la-mairie-dallada-veut-elle-actualiser-son-schema-directeur-damenagement\/#breadcrumb"},"inLanguage":"fr-FR","potentialAction":[{"@type":"ReadAction","target":["https:\/\/lamarinabj.com\/index.php\/2024\/07\/11\/pourquoi-la-mairie-dallada-veut-elle-actualiser-son-schema-directeur-damenagement\/"]}]},{"@type":"ImageObject","inLanguage":"fr-FR","@id":"https:\/\/lamarinabj.com\/index.php\/2024\/07\/11\/pourquoi-la-mairie-dallada-veut-elle-actualiser-son-schema-directeur-damenagement\/#primaryimage","url":"https:\/\/lamarinabj.com\/wp-content\/uploads\/2024\/07\/Residence_maire_Allada-1.jpg","contentUrl":"https:\/\/lamarinabj.com\/wp-content\/uploads\/2024\/07\/Residence_maire_Allada-1.jpg","width":1599,"height":1066},{"@type":"BreadcrumbList","@id":"https:\/\/lamarinabj.com\/index.php\/2024\/07\/11\/pourquoi-la-mairie-dallada-veut-elle-actualiser-son-schema-directeur-damenagement\/#breadcrumb","itemListElement":[{"@type":"ListItem","position":1,"name":"Accueil","item":"https:\/\/lamarinabj.com\/"},{"@type":"ListItem","position":2,"name":"Pourquoi la mairie d&#8217;Allada veut-elle actualiser son sch\u00e9ma directeur d&#8217;am\u00e9nagement ?"}]},{"@type":"WebSite","@id":"https:\/\/lamarinabj.com\/#website","url":"https:\/\/lamarinabj.com\/","name":"LA MARINA BJ","description":"Votre portail vers l&#039;information strat\u00e9gique au B\u00e9nin, en Afrique et au-del\u00e0","potentialAction":[{"@type":"SearchAction","target":{"@type":"EntryPoint","urlTemplate":"https:\/\/lamarinabj.com\/?s={search_term_string}"},"query-input":{"@type":"PropertyValueSpecification","valueRequired":true,"valueName":"search_term_string"}}],"inLanguage":"fr-FR"},{"@type":"Person","@id":"https:\/\/lamarinabj.com\/#\/schema\/person\/70c372a4c3c86bd4844a0382357a0f2d","name":"La Marina BJ - Team Veille &amp; Projets publics","image":{"@type":"ImageObject","inLanguage":"fr-FR","@id":"https:\/\/secure.gravatar.com\/avatar\/b56740eda81210101c8acebdd7c5c7db1bd0ab57f63df607996683fa153ff0d0?s=96&d=mm&r=g","url":"https:\/\/secure.gravatar.com\/avatar\/b56740eda81210101c8acebdd7c5c7db1bd0ab57f63df607996683fa153ff0d0?s=96&d=mm&r=g","contentUrl":"https:\/\/secure.gravatar.com\/avatar\/b56740eda81210101c8acebdd7c5c7db1bd0ab57f63df607996683fa153ff0d0?s=96&d=mm&r=g","caption":"La Marina BJ - Team Veille &amp; Projets publics"},"description":"La Team Veille &amp; Projets publics de La Marina BJ est d\u00e9di\u00e9e \u00e0 la surveillance proactive des dynamiques institutionnelles impuls\u00e9es par l\u2019\u00c9tat, les agences publiques, les collectivit\u00e9s territoriales ainsi que les partenaires techniques et financiers. Gr\u00e2ce \u00e0 une veille strat\u00e9gique permanente, cette \u00e9quipe identifie et suit les projets de d\u00e9veloppement, les \u00e9tudes pr\u00e9alables et les investissements publics majeurs. Elle documente les politiques sectorielles, analyse les enjeux techniques, \u00e9conomiques, sociaux et environnementaux, et produit des contenus exclusifs pour \u00e9clairer les mutations structurelles.","url":"https:\/\/lamarinabj.com\/index.php\/author\/simahou\/"}]}},"_links":{"self":[{"href":"https:\/\/lamarinabj.com\/index.php\/wp-json\/wp\/v2\/posts\/6319","targetHints":{"allow":["GET"]}}],"collection":[{"href":"https:\/\/lamarinabj.com\/index.php\/wp-json\/wp\/v2\/posts"}],"about":[{"href":"https:\/\/lamarinabj.com\/index.php\/wp-json\/wp\/v2\/types\/post"}],"author":[{"embeddable":true,"href":"https:\/\/lamarinabj.com\/index.php\/wp-json\/wp\/v2\/users\/3"}],"replies":[{"embeddable":true,"href":"https:\/\/lamarinabj.com\/index.php\/wp-json\/wp\/v2\/comments?post=6319"}],"version-history":[{"count":1,"href":"https:\/\/lamarinabj.com\/index.php\/wp-json\/wp\/v2\/posts\/6319\/revisions"}],"predecessor-version":[{"id":6321,"href":"https:\/\/lamarinabj.com\/index.php\/wp-json\/wp\/v2\/posts\/6319\/revisions\/6321"}],"wp:featuredmedia":[{"embeddable":true,"href":"https:\/\/lamarinabj.com\/index.php\/wp-json\/wp\/v2\/media\/6320"}],"wp:attachment":[{"href":"https:\/\/lamarinabj.com\/index.php\/wp-json\/wp\/v2\/media?parent=6319"}],"wp:term":[{"taxonomy":"category","embeddable":true,"href":"https:\/\/lamarinabj.com\/index.php\/wp-json\/wp\/v2\/categories?post=6319"},{"taxonomy":"post_tag","embeddable":true,"href":"https:\/\/lamarinabj.com\/index.php\/wp-json\/wp\/v2\/tags?post=6319"}],"curies":[{"name":"wp","href":"https:\/\/api.w.org\/{rel}","templated":true}]}}