{"id":6434,"date":"2024-07-17T13:33:10","date_gmt":"2024-07-17T12:33:10","guid":{"rendered":"https:\/\/lamarinabj.com\/?p=6434"},"modified":"2024-07-17T12:09:58","modified_gmt":"2024-07-17T11:09:58","slug":"a-bembereke-debut-imminent-des-travaux-sur-la-piste-gamia-bouri-tahiti-tasse-guera-nkali","status":"publish","type":"post","link":"https:\/\/lamarinabj.com\/index.php\/2024\/07\/17\/a-bembereke-debut-imminent-des-travaux-sur-la-piste-gamia-bouri-tahiti-tasse-guera-nkali\/","title":{"rendered":"\u00c0 Bemb\u00e9r\u00e9k\u00e9, d\u00e9but imminent des travaux sur la piste Gamia Bouri-Tahiti-Tass\u00e9-Guera N&rsquo;Kali"},"content":{"rendered":"\n<p><strong><mark style=\"background-color:rgba(0, 0, 0, 0)\" class=\"has-inline-color has-red-color\">Am\u00e9nagement, B\u00e9nin <\/mark><\/strong>&#8211; <strong><em>\u00c0 Bemb\u00e9r\u00e9k\u00e9, les pr\u00e9paratifs battent leur plein pour le d\u00e9marrage des travaux d&rsquo;am\u00e9nagement de la piste Gamia Bouri-Tahiti-Tass\u00e9-Guera N&rsquo;Kali. Ce projet, financ\u00e9 par le Fonds d&rsquo;Appui au D\u00e9veloppement des Communes (FADEC) pour l&rsquo;exercice 2024 \u00e0 hauteur de 38\u202f117\u202f255 francs CFA, vise \u00e0 renforcer la connectivit\u00e9 r\u00e9gionale et \u00e0 stimuler l&rsquo;\u00e9conomie locale.<\/em><\/strong><\/p>\n\n\n\n<p>Port\u00e9 par le service technique de la mairie de Bemb\u00e9r\u00e9k\u00e9, ce programme s&rsquo;inscrit dans une vision globale de d\u00e9veloppement territorial visant \u00e0 am\u00e9liorer les conditions de vie des habitants tout en pr\u00e9servant l&rsquo;environnement. Selon notre source locale la piste Gamia Bouri-Tahiti-Tass\u00e9-Guera N&rsquo;Kali rev\u00eat une importance strat\u00e9gique majeure pour la ville, en facilitant les \u00e9changes commerciaux et en d\u00e9senclavant plusieurs zones rurales. <\/p>\n\n\n\n<p>Son am\u00e9nagement est attendue avec impatience par les agriculteurs et les commer\u00e7ants locaux, qui pourront ainsi acc\u00e9der plus ais\u00e9ment aux march\u00e9s, augmentant ainsi leurs revenus et contribuant activement \u00e0 la croissance \u00e9conomique locale. Selon nos informations, les travaux d\u00e9buteront d\u00e8s le mois de septembre prochain et devraient s&rsquo;\u00e9tendre sur une p\u00e9riode de cinq mois. En amont des mesures strictes seront prises pour assurer la s\u00e9curit\u00e9 des travailleurs et des riverains tout au long du chantier.<\/p>\n\n\n\n<p>Ce projet, v\u00e9ritable levier de d\u00e9veloppement pour la ville de Bemb\u00e9r\u00e9k\u00e9, s&rsquo;annonce comme une \u00e9tape d\u00e9cisive dans l&rsquo;am\u00e9lioration des infrastructures locales et dans la promotion d&rsquo;une \u00e9conomie dynamique et inclusive.<\/p>\n","protected":false},"excerpt":{"rendered":"Am\u00e9nagement, B\u00e9nin &#8211; \u00c0 Bemb\u00e9r\u00e9k\u00e9, les pr\u00e9paratifs battent leur plein pour le d\u00e9marrage des travaux d&rsquo;am\u00e9nagement de la&hellip;\n","protected":false},"author":3,"featured_media":6435,"comment_status":"open","ping_status":"open","sticky":true,"template":"","format":"standard","meta":{"csco_singular_sidebar":"","csco_page_header_type":"standard","csco_appearance_masonry":"","csco_page_load_nextpost":"","csco_post_video_location":[],"csco_post_video_location_hash":"","csco_post_video_url":"","csco_post_video_bg_start_time":0,"csco_post_video_bg_end_time":0,"footnotes":""},"categories":[57,45],"tags":[468,112,41],"class_list":{"0":"post-6434","1":"post","2":"type-post","3":"status-publish","4":"format-standard","5":"has-post-thumbnail","7":"category-a-suivre","8":"category-gouvernance","9":"tag-amenagement","10":"tag-bembereke","11":"tag-benin","12":"cs-entry","13":"cs-video-wrap"},"yoast_head":"<!-- This site is optimized with the Yoast SEO plugin v27.4 - https:\/\/yoast.com\/product\/yoast-seo-wordpress\/ -->\n<title>\u00c0 Bemb\u00e9r\u00e9k\u00e9, d\u00e9but imminent des travaux sur la piste Gamia Bouri-Tahiti-Tass\u00e9-Guera N&#039;Kali - LA MARINA BJ<\/title>\n<meta name=\"robots\" content=\"index, follow, max-snippet:-1, max-image-preview:large, max-video-preview:-1\" \/>\n<link rel=\"canonical\" href=\"https:\/\/lamarinabj.com\/index.php\/2024\/07\/17\/a-bembereke-debut-imminent-des-travaux-sur-la-piste-gamia-bouri-tahiti-tasse-guera-nkali\/\" \/>\n<meta property=\"og:locale\" content=\"fr_FR\" \/>\n<meta property=\"og:type\" content=\"article\" \/>\n<meta property=\"og:title\" content=\"\u00c0 Bemb\u00e9r\u00e9k\u00e9, d\u00e9but imminent des travaux sur la piste Gamia Bouri-Tahiti-Tass\u00e9-Guera N&#039;Kali - LA MARINA BJ\" \/>\n<meta property=\"og:description\" content=\"Am\u00e9nagement, B\u00e9nin &#8211; \u00c0 Bemb\u00e9r\u00e9k\u00e9, les pr\u00e9paratifs battent leur plein pour le d\u00e9marrage des travaux d&rsquo;am\u00e9nagement de la&hellip;\" \/>\n<meta property=\"og:url\" content=\"https:\/\/lamarinabj.com\/index.php\/2024\/07\/17\/a-bembereke-debut-imminent-des-travaux-sur-la-piste-gamia-bouri-tahiti-tasse-guera-nkali\/\" \/>\n<meta property=\"og:site_name\" content=\"LA MARINA BJ\" \/>\n<meta property=\"article:published_time\" content=\"2024-07-17T12:33:10+00:00\" \/>\n<meta property=\"og:image\" content=\"https:\/\/lamarinabj.com\/wp-content\/uploads\/2024\/07\/Bembereke-1-1024x768-1.jpg\" \/>\n\t<meta property=\"og:image:width\" content=\"1024\" \/>\n\t<meta property=\"og:image:height\" content=\"768\" \/>\n\t<meta property=\"og:image:type\" content=\"image\/jpeg\" \/>\n<meta name=\"author\" content=\"La Marina BJ - Team Veille &amp; Projets publics\" \/>\n<meta name=\"twitter:card\" content=\"summary_large_image\" \/>\n<meta name=\"twitter:label1\" content=\"\u00c9crit par\" \/>\n\t<meta name=\"twitter:data1\" content=\"La Marina BJ - Team Veille &amp; Projets publics\" \/>\n\t<meta name=\"twitter:label2\" content=\"Dur\u00e9e de lecture estim\u00e9e\" \/>\n\t<meta name=\"twitter:data2\" content=\"1 minute\" \/>\n<script type=\"application\/ld+json\" class=\"yoast-schema-graph\">{\"@context\":\"https:\\\/\\\/schema.org\",\"@graph\":[{\"@type\":\"NewsArticle\",\"@id\":\"https:\\\/\\\/lamarinabj.com\\\/index.php\\\/2024\\\/07\\\/17\\\/a-bembereke-debut-imminent-des-travaux-sur-la-piste-gamia-bouri-tahiti-tasse-guera-nkali\\\/#article\",\"isPartOf\":{\"@id\":\"https:\\\/\\\/lamarinabj.com\\\/index.php\\\/2024\\\/07\\\/17\\\/a-bembereke-debut-imminent-des-travaux-sur-la-piste-gamia-bouri-tahiti-tasse-guera-nkali\\\/\"},\"author\":{\"name\":\"La Marina BJ - Team Veille &amp; Projets publics\",\"@id\":\"https:\\\/\\\/lamarinabj.com\\\/#\\\/schema\\\/person\\\/70c372a4c3c86bd4844a0382357a0f2d\"},\"headline\":\"\u00c0 Bemb\u00e9r\u00e9k\u00e9, d\u00e9but imminent des travaux sur la piste Gamia Bouri-Tahiti-Tass\u00e9-Guera N&rsquo;Kali\",\"datePublished\":\"2024-07-17T12:33:10+00:00\",\"mainEntityOfPage\":{\"@id\":\"https:\\\/\\\/lamarinabj.com\\\/index.php\\\/2024\\\/07\\\/17\\\/a-bembereke-debut-imminent-des-travaux-sur-la-piste-gamia-bouri-tahiti-tasse-guera-nkali\\\/\"},\"wordCount\":274,\"commentCount\":0,\"image\":{\"@id\":\"https:\\\/\\\/lamarinabj.com\\\/index.php\\\/2024\\\/07\\\/17\\\/a-bembereke-debut-imminent-des-travaux-sur-la-piste-gamia-bouri-tahiti-tasse-guera-nkali\\\/#primaryimage\"},\"thumbnailUrl\":\"https:\\\/\\\/lamarinabj.com\\\/wp-content\\\/uploads\\\/2024\\\/07\\\/Bembereke-1-1024x768-1.jpg\",\"keywords\":[\"Am\u00e9nagement\",\"Bemb\u00e9r\u00e9k\u00e9\",\"B\u00e9nin\"],\"articleSection\":[\"\u00c0 SUIVRE\",\"GOUVERNANCE\"],\"inLanguage\":\"fr-FR\",\"potentialAction\":[{\"@type\":\"CommentAction\",\"name\":\"Comment\",\"target\":[\"https:\\\/\\\/lamarinabj.com\\\/index.php\\\/2024\\\/07\\\/17\\\/a-bembereke-debut-imminent-des-travaux-sur-la-piste-gamia-bouri-tahiti-tasse-guera-nkali\\\/#respond\"]}]},{\"@type\":[\"WebPage\",\"SearchResultsPage\"],\"@id\":\"https:\\\/\\\/lamarinabj.com\\\/index.php\\\/2024\\\/07\\\/17\\\/a-bembereke-debut-imminent-des-travaux-sur-la-piste-gamia-bouri-tahiti-tasse-guera-nkali\\\/\",\"url\":\"https:\\\/\\\/lamarinabj.com\\\/index.php\\\/2024\\\/07\\\/17\\\/a-bembereke-debut-imminent-des-travaux-sur-la-piste-gamia-bouri-tahiti-tasse-guera-nkali\\\/\",\"name\":\"\u00c0 Bemb\u00e9r\u00e9k\u00e9, d\u00e9but imminent des travaux sur la piste Gamia Bouri-Tahiti-Tass\u00e9-Guera N'Kali - LA MARINA BJ\",\"isPartOf\":{\"@id\":\"https:\\\/\\\/lamarinabj.com\\\/#website\"},\"primaryImageOfPage\":{\"@id\":\"https:\\\/\\\/lamarinabj.com\\\/index.php\\\/2024\\\/07\\\/17\\\/a-bembereke-debut-imminent-des-travaux-sur-la-piste-gamia-bouri-tahiti-tasse-guera-nkali\\\/#primaryimage\"},\"image\":{\"@id\":\"https:\\\/\\\/lamarinabj.com\\\/index.php\\\/2024\\\/07\\\/17\\\/a-bembereke-debut-imminent-des-travaux-sur-la-piste-gamia-bouri-tahiti-tasse-guera-nkali\\\/#primaryimage\"},\"thumbnailUrl\":\"https:\\\/\\\/lamarinabj.com\\\/wp-content\\\/uploads\\\/2024\\\/07\\\/Bembereke-1-1024x768-1.jpg\",\"datePublished\":\"2024-07-17T12:33:10+00:00\",\"author\":{\"@id\":\"https:\\\/\\\/lamarinabj.com\\\/#\\\/schema\\\/person\\\/70c372a4c3c86bd4844a0382357a0f2d\"},\"breadcrumb\":{\"@id\":\"https:\\\/\\\/lamarinabj.com\\\/index.php\\\/2024\\\/07\\\/17\\\/a-bembereke-debut-imminent-des-travaux-sur-la-piste-gamia-bouri-tahiti-tasse-guera-nkali\\\/#breadcrumb\"},\"inLanguage\":\"fr-FR\",\"potentialAction\":[{\"@type\":\"ReadAction\",\"target\":[\"https:\\\/\\\/lamarinabj.com\\\/index.php\\\/2024\\\/07\\\/17\\\/a-bembereke-debut-imminent-des-travaux-sur-la-piste-gamia-bouri-tahiti-tasse-guera-nkali\\\/\"]}]},{\"@type\":\"ImageObject\",\"inLanguage\":\"fr-FR\",\"@id\":\"https:\\\/\\\/lamarinabj.com\\\/index.php\\\/2024\\\/07\\\/17\\\/a-bembereke-debut-imminent-des-travaux-sur-la-piste-gamia-bouri-tahiti-tasse-guera-nkali\\\/#primaryimage\",\"url\":\"https:\\\/\\\/lamarinabj.com\\\/wp-content\\\/uploads\\\/2024\\\/07\\\/Bembereke-1-1024x768-1.jpg\",\"contentUrl\":\"https:\\\/\\\/lamarinabj.com\\\/wp-content\\\/uploads\\\/2024\\\/07\\\/Bembereke-1-1024x768-1.jpg\",\"width\":1024,\"height\":768},{\"@type\":\"BreadcrumbList\",\"@id\":\"https:\\\/\\\/lamarinabj.com\\\/index.php\\\/2024\\\/07\\\/17\\\/a-bembereke-debut-imminent-des-travaux-sur-la-piste-gamia-bouri-tahiti-tasse-guera-nkali\\\/#breadcrumb\",\"itemListElement\":[{\"@type\":\"ListItem\",\"position\":1,\"name\":\"Accueil\",\"item\":\"https:\\\/\\\/lamarinabj.com\\\/\"},{\"@type\":\"ListItem\",\"position\":2,\"name\":\"\u00c0 Bemb\u00e9r\u00e9k\u00e9, d\u00e9but imminent des travaux sur la piste Gamia Bouri-Tahiti-Tass\u00e9-Guera N&#8217;Kali\"}]},{\"@type\":\"WebSite\",\"@id\":\"https:\\\/\\\/lamarinabj.com\\\/#website\",\"url\":\"https:\\\/\\\/lamarinabj.com\\\/\",\"name\":\"LA MARINA BJ\",\"description\":\"Votre portail vers l&#039;information strat\u00e9gique au B\u00e9nin, en Afrique et au-del\u00e0\",\"potentialAction\":[{\"@type\":\"SearchAction\",\"target\":{\"@type\":\"EntryPoint\",\"urlTemplate\":\"https:\\\/\\\/lamarinabj.com\\\/?s={search_term_string}\"},\"query-input\":{\"@type\":\"PropertyValueSpecification\",\"valueRequired\":true,\"valueName\":\"search_term_string\"}}],\"inLanguage\":\"fr-FR\"},{\"@type\":\"Person\",\"@id\":\"https:\\\/\\\/lamarinabj.com\\\/#\\\/schema\\\/person\\\/70c372a4c3c86bd4844a0382357a0f2d\",\"name\":\"La Marina BJ - Team Veille &amp; Projets publics\",\"image\":{\"@type\":\"ImageObject\",\"inLanguage\":\"fr-FR\",\"@id\":\"https:\\\/\\\/secure.gravatar.com\\\/avatar\\\/b56740eda81210101c8acebdd7c5c7db1bd0ab57f63df607996683fa153ff0d0?s=96&d=mm&r=g\",\"url\":\"https:\\\/\\\/secure.gravatar.com\\\/avatar\\\/b56740eda81210101c8acebdd7c5c7db1bd0ab57f63df607996683fa153ff0d0?s=96&d=mm&r=g\",\"contentUrl\":\"https:\\\/\\\/secure.gravatar.com\\\/avatar\\\/b56740eda81210101c8acebdd7c5c7db1bd0ab57f63df607996683fa153ff0d0?s=96&d=mm&r=g\",\"caption\":\"La Marina BJ - Team Veille &amp; Projets publics\"},\"description\":\"La Team Veille &amp; Projets publics de La Marina BJ est d\u00e9di\u00e9e \u00e0 la surveillance proactive des dynamiques institutionnelles impuls\u00e9es par l\u2019\u00c9tat, les agences publiques, les collectivit\u00e9s territoriales ainsi que les partenaires techniques et financiers. Gr\u00e2ce \u00e0 une veille strat\u00e9gique permanente, cette \u00e9quipe identifie et suit les projets de d\u00e9veloppement, les \u00e9tudes pr\u00e9alables et les investissements publics majeurs. Elle documente les politiques sectorielles, analyse les enjeux techniques, \u00e9conomiques, sociaux et environnementaux, et produit des contenus exclusifs pour \u00e9clairer les mutations structurelles.\",\"url\":\"https:\\\/\\\/lamarinabj.com\\\/index.php\\\/author\\\/simahou\\\/\"}]}<\/script>\n<!-- \/ Yoast SEO plugin. -->","yoast_head_json":{"title":"\u00c0 Bemb\u00e9r\u00e9k\u00e9, d\u00e9but imminent des travaux sur la piste Gamia Bouri-Tahiti-Tass\u00e9-Guera N'Kali - LA MARINA BJ","robots":{"index":"index","follow":"follow","max-snippet":"max-snippet:-1","max-image-preview":"max-image-preview:large","max-video-preview":"max-video-preview:-1"},"canonical":"https:\/\/lamarinabj.com\/index.php\/2024\/07\/17\/a-bembereke-debut-imminent-des-travaux-sur-la-piste-gamia-bouri-tahiti-tasse-guera-nkali\/","og_locale":"fr_FR","og_type":"article","og_title":"\u00c0 Bemb\u00e9r\u00e9k\u00e9, d\u00e9but imminent des travaux sur la piste Gamia Bouri-Tahiti-Tass\u00e9-Guera N'Kali - LA MARINA BJ","og_description":"Am\u00e9nagement, B\u00e9nin &#8211; \u00c0 Bemb\u00e9r\u00e9k\u00e9, les pr\u00e9paratifs battent leur plein pour le d\u00e9marrage des travaux d&rsquo;am\u00e9nagement de la&hellip;","og_url":"https:\/\/lamarinabj.com\/index.php\/2024\/07\/17\/a-bembereke-debut-imminent-des-travaux-sur-la-piste-gamia-bouri-tahiti-tasse-guera-nkali\/","og_site_name":"LA MARINA BJ","article_published_time":"2024-07-17T12:33:10+00:00","og_image":[{"width":1024,"height":768,"url":"https:\/\/lamarinabj.com\/wp-content\/uploads\/2024\/07\/Bembereke-1-1024x768-1.jpg","type":"image\/jpeg"}],"author":"La Marina BJ - Team Veille &amp; Projets publics","twitter_card":"summary_large_image","twitter_misc":{"\u00c9crit par":"La Marina BJ - Team Veille &amp; Projets publics","Dur\u00e9e de lecture estim\u00e9e":"1 minute"},"schema":{"@context":"https:\/\/schema.org","@graph":[{"@type":"NewsArticle","@id":"https:\/\/lamarinabj.com\/index.php\/2024\/07\/17\/a-bembereke-debut-imminent-des-travaux-sur-la-piste-gamia-bouri-tahiti-tasse-guera-nkali\/#article","isPartOf":{"@id":"https:\/\/lamarinabj.com\/index.php\/2024\/07\/17\/a-bembereke-debut-imminent-des-travaux-sur-la-piste-gamia-bouri-tahiti-tasse-guera-nkali\/"},"author":{"name":"La Marina BJ - Team Veille &amp; Projets publics","@id":"https:\/\/lamarinabj.com\/#\/schema\/person\/70c372a4c3c86bd4844a0382357a0f2d"},"headline":"\u00c0 Bemb\u00e9r\u00e9k\u00e9, d\u00e9but imminent des travaux sur la piste Gamia Bouri-Tahiti-Tass\u00e9-Guera N&rsquo;Kali","datePublished":"2024-07-17T12:33:10+00:00","mainEntityOfPage":{"@id":"https:\/\/lamarinabj.com\/index.php\/2024\/07\/17\/a-bembereke-debut-imminent-des-travaux-sur-la-piste-gamia-bouri-tahiti-tasse-guera-nkali\/"},"wordCount":274,"commentCount":0,"image":{"@id":"https:\/\/lamarinabj.com\/index.php\/2024\/07\/17\/a-bembereke-debut-imminent-des-travaux-sur-la-piste-gamia-bouri-tahiti-tasse-guera-nkali\/#primaryimage"},"thumbnailUrl":"https:\/\/lamarinabj.com\/wp-content\/uploads\/2024\/07\/Bembereke-1-1024x768-1.jpg","keywords":["Am\u00e9nagement","Bemb\u00e9r\u00e9k\u00e9","B\u00e9nin"],"articleSection":["\u00c0 SUIVRE","GOUVERNANCE"],"inLanguage":"fr-FR","potentialAction":[{"@type":"CommentAction","name":"Comment","target":["https:\/\/lamarinabj.com\/index.php\/2024\/07\/17\/a-bembereke-debut-imminent-des-travaux-sur-la-piste-gamia-bouri-tahiti-tasse-guera-nkali\/#respond"]}]},{"@type":["WebPage","SearchResultsPage"],"@id":"https:\/\/lamarinabj.com\/index.php\/2024\/07\/17\/a-bembereke-debut-imminent-des-travaux-sur-la-piste-gamia-bouri-tahiti-tasse-guera-nkali\/","url":"https:\/\/lamarinabj.com\/index.php\/2024\/07\/17\/a-bembereke-debut-imminent-des-travaux-sur-la-piste-gamia-bouri-tahiti-tasse-guera-nkali\/","name":"\u00c0 Bemb\u00e9r\u00e9k\u00e9, d\u00e9but imminent des travaux sur la piste Gamia Bouri-Tahiti-Tass\u00e9-Guera N'Kali - LA MARINA BJ","isPartOf":{"@id":"https:\/\/lamarinabj.com\/#website"},"primaryImageOfPage":{"@id":"https:\/\/lamarinabj.com\/index.php\/2024\/07\/17\/a-bembereke-debut-imminent-des-travaux-sur-la-piste-gamia-bouri-tahiti-tasse-guera-nkali\/#primaryimage"},"image":{"@id":"https:\/\/lamarinabj.com\/index.php\/2024\/07\/17\/a-bembereke-debut-imminent-des-travaux-sur-la-piste-gamia-bouri-tahiti-tasse-guera-nkali\/#primaryimage"},"thumbnailUrl":"https:\/\/lamarinabj.com\/wp-content\/uploads\/2024\/07\/Bembereke-1-1024x768-1.jpg","datePublished":"2024-07-17T12:33:10+00:00","author":{"@id":"https:\/\/lamarinabj.com\/#\/schema\/person\/70c372a4c3c86bd4844a0382357a0f2d"},"breadcrumb":{"@id":"https:\/\/lamarinabj.com\/index.php\/2024\/07\/17\/a-bembereke-debut-imminent-des-travaux-sur-la-piste-gamia-bouri-tahiti-tasse-guera-nkali\/#breadcrumb"},"inLanguage":"fr-FR","potentialAction":[{"@type":"ReadAction","target":["https:\/\/lamarinabj.com\/index.php\/2024\/07\/17\/a-bembereke-debut-imminent-des-travaux-sur-la-piste-gamia-bouri-tahiti-tasse-guera-nkali\/"]}]},{"@type":"ImageObject","inLanguage":"fr-FR","@id":"https:\/\/lamarinabj.com\/index.php\/2024\/07\/17\/a-bembereke-debut-imminent-des-travaux-sur-la-piste-gamia-bouri-tahiti-tasse-guera-nkali\/#primaryimage","url":"https:\/\/lamarinabj.com\/wp-content\/uploads\/2024\/07\/Bembereke-1-1024x768-1.jpg","contentUrl":"https:\/\/lamarinabj.com\/wp-content\/uploads\/2024\/07\/Bembereke-1-1024x768-1.jpg","width":1024,"height":768},{"@type":"BreadcrumbList","@id":"https:\/\/lamarinabj.com\/index.php\/2024\/07\/17\/a-bembereke-debut-imminent-des-travaux-sur-la-piste-gamia-bouri-tahiti-tasse-guera-nkali\/#breadcrumb","itemListElement":[{"@type":"ListItem","position":1,"name":"Accueil","item":"https:\/\/lamarinabj.com\/"},{"@type":"ListItem","position":2,"name":"\u00c0 Bemb\u00e9r\u00e9k\u00e9, d\u00e9but imminent des travaux sur la piste Gamia Bouri-Tahiti-Tass\u00e9-Guera N&#8217;Kali"}]},{"@type":"WebSite","@id":"https:\/\/lamarinabj.com\/#website","url":"https:\/\/lamarinabj.com\/","name":"LA MARINA BJ","description":"Votre portail vers l&#039;information strat\u00e9gique au B\u00e9nin, en Afrique et au-del\u00e0","potentialAction":[{"@type":"SearchAction","target":{"@type":"EntryPoint","urlTemplate":"https:\/\/lamarinabj.com\/?s={search_term_string}"},"query-input":{"@type":"PropertyValueSpecification","valueRequired":true,"valueName":"search_term_string"}}],"inLanguage":"fr-FR"},{"@type":"Person","@id":"https:\/\/lamarinabj.com\/#\/schema\/person\/70c372a4c3c86bd4844a0382357a0f2d","name":"La Marina BJ - Team Veille &amp; Projets publics","image":{"@type":"ImageObject","inLanguage":"fr-FR","@id":"https:\/\/secure.gravatar.com\/avatar\/b56740eda81210101c8acebdd7c5c7db1bd0ab57f63df607996683fa153ff0d0?s=96&d=mm&r=g","url":"https:\/\/secure.gravatar.com\/avatar\/b56740eda81210101c8acebdd7c5c7db1bd0ab57f63df607996683fa153ff0d0?s=96&d=mm&r=g","contentUrl":"https:\/\/secure.gravatar.com\/avatar\/b56740eda81210101c8acebdd7c5c7db1bd0ab57f63df607996683fa153ff0d0?s=96&d=mm&r=g","caption":"La Marina BJ - Team Veille &amp; Projets publics"},"description":"La Team Veille &amp; Projets publics de La Marina BJ est d\u00e9di\u00e9e \u00e0 la surveillance proactive des dynamiques institutionnelles impuls\u00e9es par l\u2019\u00c9tat, les agences publiques, les collectivit\u00e9s territoriales ainsi que les partenaires techniques et financiers. Gr\u00e2ce \u00e0 une veille strat\u00e9gique permanente, cette \u00e9quipe identifie et suit les projets de d\u00e9veloppement, les \u00e9tudes pr\u00e9alables et les investissements publics majeurs. Elle documente les politiques sectorielles, analyse les enjeux techniques, \u00e9conomiques, sociaux et environnementaux, et produit des contenus exclusifs pour \u00e9clairer les mutations structurelles.","url":"https:\/\/lamarinabj.com\/index.php\/author\/simahou\/"}]}},"_links":{"self":[{"href":"https:\/\/lamarinabj.com\/index.php\/wp-json\/wp\/v2\/posts\/6434","targetHints":{"allow":["GET"]}}],"collection":[{"href":"https:\/\/lamarinabj.com\/index.php\/wp-json\/wp\/v2\/posts"}],"about":[{"href":"https:\/\/lamarinabj.com\/index.php\/wp-json\/wp\/v2\/types\/post"}],"author":[{"embeddable":true,"href":"https:\/\/lamarinabj.com\/index.php\/wp-json\/wp\/v2\/users\/3"}],"replies":[{"embeddable":true,"href":"https:\/\/lamarinabj.com\/index.php\/wp-json\/wp\/v2\/comments?post=6434"}],"version-history":[{"count":1,"href":"https:\/\/lamarinabj.com\/index.php\/wp-json\/wp\/v2\/posts\/6434\/revisions"}],"predecessor-version":[{"id":6436,"href":"https:\/\/lamarinabj.com\/index.php\/wp-json\/wp\/v2\/posts\/6434\/revisions\/6436"}],"wp:featuredmedia":[{"embeddable":true,"href":"https:\/\/lamarinabj.com\/index.php\/wp-json\/wp\/v2\/media\/6435"}],"wp:attachment":[{"href":"https:\/\/lamarinabj.com\/index.php\/wp-json\/wp\/v2\/media?parent=6434"}],"wp:term":[{"taxonomy":"category","embeddable":true,"href":"https:\/\/lamarinabj.com\/index.php\/wp-json\/wp\/v2\/categories?post=6434"},{"taxonomy":"post_tag","embeddable":true,"href":"https:\/\/lamarinabj.com\/index.php\/wp-json\/wp\/v2\/tags?post=6434"}],"curies":[{"name":"wp","href":"https:\/\/api.w.org\/{rel}","templated":true}]}}