{"id":7023,"date":"2024-07-25T10:14:13","date_gmt":"2024-07-25T09:14:13","guid":{"rendered":"https:\/\/lamarinabj.com\/?p=7023"},"modified":"2024-07-25T09:42:18","modified_gmt":"2024-07-25T08:42:18","slug":"benin-mca-que-retenir-de-la-reunion-inaugurale-du-projet-efficacite-des-operations-du-corridor","status":"publish","type":"post","link":"https:\/\/lamarinabj.com\/index.php\/2024\/07\/25\/benin-mca-que-retenir-de-la-reunion-inaugurale-du-projet-efficacite-des-operations-du-corridor\/","title":{"rendered":"B\u00e9nin\/MCA : Que retenir de la r\u00e9union inaugurale du projet efficacit\u00e9 des op\u00e9rations du corridor ?"},"content":{"rendered":"\n<p><strong><mark style=\"background-color:rgba(0, 0, 0, 0)\" class=\"has-inline-color has-red-color\">Transport, B\u00e9nin <\/mark><em>-Le Millennium Challenge Account (MCA-B\u00e9nin) R\u00e9gional a r\u00e9cemment tenu une r\u00e9union inaugurale d&rsquo;importance capitale, visant \u00e0 lancer les r\u00e9formes politiques et institutionnelles pour le transport routier dans le cadre du projet Efficacit\u00e9 des Op\u00e9rations du Corridor. La r\u00e9union a \u00e9t\u00e9 marqu\u00e9e par la pr\u00e9sence notable de Kristin Penn, la nouvelle directrice pays du Millennium Challenge Corporation (MCC), aux c\u00f4t\u00e9s d&rsquo;Afis Bileoma, le coordonnateur national du MCA-B\u00e9nin R\u00e9gional, et d\u2019autres personnalit\u00e9s importantes du MCA. Alors, que retenir de cette r\u00e9union inaugurale? <\/em><\/strong><\/p>\n\n\n\n<p>Le projet Efficacit\u00e9 des Op\u00e9rations du Corridor aspire \u00e0 transformer profond\u00e9ment le secteur du transport routier au B\u00e9nin. En alignement avec les objectifs gouvernementaux selon le coordonnateur Afis Bileoma, il vise \u00e0 professionnaliser le m\u00e9tier de transporteur tout en am\u00e9liorant la logistique. Un des axes majeurs de ce projet est le renforcement des capacit\u00e9s des acteurs du secteur, gr\u00e2ce \u00e0 des programmes sp\u00e9cialement con\u00e7us \u00e0 cet effet. Ce projet met \u00e9galement un point d&rsquo;honneur \u00e0 int\u00e9grer des consid\u00e9rations environnementales, de genre et d\u2019inclusion sociale, assurant ainsi un d\u00e9veloppement durable et \u00e9quitable.<\/p>\n\n\n\n<p>Pour mener \u00e0 bien cette transformation, le groupement CPCS\/Fischer Consulting\/IRU\/Ortelius Conseil a \u00e9t\u00e9 s\u00e9lectionn\u00e9 apr\u00e8s un appel \u00e0 concurrence internationale. Leur mission consiste \u00e0 r\u00e9aliser une \u00e9tude exhaustive du secteur, \u00e0 revisiter le cadre r\u00e9glementaire et \u00e0 \u00e9laborer des programmes de renforcement des capacit\u00e9s pour les acteurs priv\u00e9s et les institutions responsables de la mise en \u0153uvre des r\u00e9formes. Cette approche m\u00e9thodique garantit une analyse compl\u00e8te et des solutions pratiques pour moderniser le secteur du transport routier.<\/p>\n\n\n\n<p>La r\u00e9union inaugurale a mis en lumi\u00e8re l\u2019importance d&rsquo;une collaboration \u00e9troite entre les diff\u00e9rentes parties prenantes. Des repr\u00e9sentants de la SIRAT, du CNSR, de l\u2019AnaTT, de la CCIB et du Syntra-Inab \u00e9taient pr\u00e9sents, apportant des contributions constructives et posant des questions cruciales pour \u00e9claircir divers aspects du projet. Ces \u00e9changes ont permis de consolider une base de coop\u00e9ration solide, indispensable pour le succ\u00e8s de l&rsquo;initiative.<\/p>\n\n\n\n<p>Les experts du groupement CPCS\/Fischer Consulting\/IRU\/Ortelius Conseil ont pr\u00e9sent\u00e9 une m\u00e9thodologie rigoureuse accompagn\u00e9e d\u2019un calendrier pr\u00e9cis. Leur pr\u00e9sentation d\u00e9taill\u00e9e a soulign\u00e9 l&rsquo;importance de respecter les d\u00e9lais pour garantir l&rsquo;atteinte des objectifs fix\u00e9s. Cette discipline dans l\u2019ex\u00e9cution est essentielle pour la r\u00e9ussite du projet et pour la r\u00e9alisation des ambitions partag\u00e9es par toutes les parties prenantes.<\/p>\n\n\n\n<p>En conclusion, le projet Efficacit\u00e9 des Op\u00e9rations du Corridor est destin\u00e9 \u00e0 jouer un r\u00f4le crucial dans l&rsquo;am\u00e9lioration de la logistique du transport routier au B\u00e9nin. En renfor\u00e7ant les capacit\u00e9s institutionnelles et en adoptant des pratiques inclusives et respectueuses de l\u2019environnement, ce projet promet de contribuer significativement au d\u00e9veloppement \u00e9conomique r\u00e9gional et \u00e0 l\u2019int\u00e9gration sous-r\u00e9gionale. Il ouvre ainsi de nouvelles perspectives pour le commerce et la logistique, renfor\u00e7ant la comp\u00e9titivit\u00e9 du B\u00e9nin sur la sc\u00e8ne internationale et facilitant les \u00e9changes commerciaux dans la r\u00e9gion.<\/p>\n","protected":false},"excerpt":{"rendered":"Transport, B\u00e9nin -Le Millennium Challenge Account (MCA-B\u00e9nin) R\u00e9gional a r\u00e9cemment tenu une r\u00e9union inaugurale d&rsquo;importance capitale, visant \u00e0&hellip;\n","protected":false},"author":4,"featured_media":7024,"comment_status":"open","ping_status":"open","sticky":false,"template":"elementor_theme","format":"standard","meta":{"csco_singular_sidebar":"","csco_page_header_type":"standard","csco_appearance_masonry":"","csco_page_load_nextpost":"","csco_post_video_location":[],"csco_post_video_location_hash":"","csco_post_video_url":"","csco_post_video_bg_start_time":0,"csco_post_video_bg_end_time":0,"footnotes":""},"categories":[239],"tags":[41,564,565],"class_list":{"0":"post-7023","1":"post","2":"type-post","3":"status-publish","4":"format-standard","5":"has-post-thumbnail","7":"category-levenement-2","8":"tag-benin","9":"tag-mca","10":"tag-transport","11":"cs-entry","12":"cs-video-wrap"},"yoast_head":"<!-- This site is optimized with the Yoast SEO plugin v27.4 - https:\/\/yoast.com\/product\/yoast-seo-wordpress\/ -->\n<title>B\u00e9nin\/MCA : Que retenir de la r\u00e9union inaugurale du projet efficacit\u00e9 des op\u00e9rations du corridor ? - LA MARINA BJ<\/title>\n<meta name=\"description\" content=\"Ce projet promet de contribuer significativement au d\u00e9veloppement \u00e9conomique r\u00e9gional et \u00e0 l\u2019int\u00e9gration sous-r\u00e9gionale.\" \/>\n<meta name=\"robots\" content=\"index, follow, max-snippet:-1, max-image-preview:large, max-video-preview:-1\" \/>\n<link rel=\"canonical\" href=\"https:\/\/lamarinabj.com\/index.php\/2024\/07\/25\/benin-mca-que-retenir-de-la-reunion-inaugurale-du-projet-efficacite-des-operations-du-corridor\/\" \/>\n<meta property=\"og:locale\" content=\"fr_FR\" \/>\n<meta property=\"og:type\" content=\"article\" \/>\n<meta property=\"og:title\" content=\"B\u00e9nin\/MCA : Que retenir de la r\u00e9union inaugurale du projet efficacit\u00e9 des op\u00e9rations du corridor ? - LA MARINA BJ\" \/>\n<meta property=\"og:description\" content=\"Ce projet promet de contribuer significativement au d\u00e9veloppement \u00e9conomique r\u00e9gional et \u00e0 l\u2019int\u00e9gration sous-r\u00e9gionale.\" \/>\n<meta property=\"og:url\" content=\"https:\/\/lamarinabj.com\/index.php\/2024\/07\/25\/benin-mca-que-retenir-de-la-reunion-inaugurale-du-projet-efficacite-des-operations-du-corridor\/\" \/>\n<meta property=\"og:site_name\" content=\"LA MARINA BJ\" \/>\n<meta property=\"article:published_time\" content=\"2024-07-25T09:14:13+00:00\" \/>\n<meta property=\"og:image\" content=\"https:\/\/lamarinabj.com\/wp-content\/uploads\/2024\/07\/transport-727ae.jpg\" \/>\n\t<meta property=\"og:image:width\" content=\"600\" \/>\n\t<meta property=\"og:image:height\" content=\"400\" \/>\n\t<meta property=\"og:image:type\" content=\"image\/jpeg\" \/>\n<meta name=\"author\" content=\"La Marina BJ - Team Affaires Judiciaires\" \/>\n<meta name=\"twitter:card\" content=\"summary_large_image\" \/>\n<meta name=\"twitter:label1\" content=\"\u00c9crit par\" \/>\n\t<meta name=\"twitter:data1\" content=\"La Marina BJ - Team Affaires Judiciaires\" \/>\n\t<meta name=\"twitter:label2\" content=\"Dur\u00e9e de lecture estim\u00e9e\" \/>\n\t<meta name=\"twitter:data2\" content=\"3 minutes\" \/>\n<script type=\"application\/ld+json\" class=\"yoast-schema-graph\">{\"@context\":\"https:\\\/\\\/schema.org\",\"@graph\":[{\"@type\":\"NewsArticle\",\"@id\":\"https:\\\/\\\/lamarinabj.com\\\/index.php\\\/2024\\\/07\\\/25\\\/benin-mca-que-retenir-de-la-reunion-inaugurale-du-projet-efficacite-des-operations-du-corridor\\\/#article\",\"isPartOf\":{\"@id\":\"https:\\\/\\\/lamarinabj.com\\\/index.php\\\/2024\\\/07\\\/25\\\/benin-mca-que-retenir-de-la-reunion-inaugurale-du-projet-efficacite-des-operations-du-corridor\\\/\"},\"author\":{\"name\":\"La Marina BJ - Team Affaires Judiciaires\",\"@id\":\"https:\\\/\\\/lamarinabj.com\\\/#\\\/schema\\\/person\\\/e64c6145b3fb25d98218ef3bafce37de\"},\"headline\":\"B\u00e9nin\\\/MCA : Que retenir de la r\u00e9union inaugurale du projet efficacit\u00e9 des op\u00e9rations du corridor ?\",\"datePublished\":\"2024-07-25T09:14:13+00:00\",\"mainEntityOfPage\":{\"@id\":\"https:\\\/\\\/lamarinabj.com\\\/index.php\\\/2024\\\/07\\\/25\\\/benin-mca-que-retenir-de-la-reunion-inaugurale-du-projet-efficacite-des-operations-du-corridor\\\/\"},\"wordCount\":553,\"commentCount\":0,\"image\":{\"@id\":\"https:\\\/\\\/lamarinabj.com\\\/index.php\\\/2024\\\/07\\\/25\\\/benin-mca-que-retenir-de-la-reunion-inaugurale-du-projet-efficacite-des-operations-du-corridor\\\/#primaryimage\"},\"thumbnailUrl\":\"https:\\\/\\\/lamarinabj.com\\\/wp-content\\\/uploads\\\/2024\\\/07\\\/transport-727ae.jpg\",\"keywords\":[\"B\u00e9nin\",\"MCA\",\"Transport\"],\"articleSection\":[\"L'\u00c9V\u00c9NEMENT\"],\"inLanguage\":\"fr-FR\",\"potentialAction\":[{\"@type\":\"CommentAction\",\"name\":\"Comment\",\"target\":[\"https:\\\/\\\/lamarinabj.com\\\/index.php\\\/2024\\\/07\\\/25\\\/benin-mca-que-retenir-de-la-reunion-inaugurale-du-projet-efficacite-des-operations-du-corridor\\\/#respond\"]}]},{\"@type\":[\"WebPage\",\"SearchResultsPage\"],\"@id\":\"https:\\\/\\\/lamarinabj.com\\\/index.php\\\/2024\\\/07\\\/25\\\/benin-mca-que-retenir-de-la-reunion-inaugurale-du-projet-efficacite-des-operations-du-corridor\\\/\",\"url\":\"https:\\\/\\\/lamarinabj.com\\\/index.php\\\/2024\\\/07\\\/25\\\/benin-mca-que-retenir-de-la-reunion-inaugurale-du-projet-efficacite-des-operations-du-corridor\\\/\",\"name\":\"B\u00e9nin\\\/MCA : Que retenir de la r\u00e9union inaugurale du projet efficacit\u00e9 des op\u00e9rations du corridor ? - LA MARINA BJ\",\"isPartOf\":{\"@id\":\"https:\\\/\\\/lamarinabj.com\\\/#website\"},\"primaryImageOfPage\":{\"@id\":\"https:\\\/\\\/lamarinabj.com\\\/index.php\\\/2024\\\/07\\\/25\\\/benin-mca-que-retenir-de-la-reunion-inaugurale-du-projet-efficacite-des-operations-du-corridor\\\/#primaryimage\"},\"image\":{\"@id\":\"https:\\\/\\\/lamarinabj.com\\\/index.php\\\/2024\\\/07\\\/25\\\/benin-mca-que-retenir-de-la-reunion-inaugurale-du-projet-efficacite-des-operations-du-corridor\\\/#primaryimage\"},\"thumbnailUrl\":\"https:\\\/\\\/lamarinabj.com\\\/wp-content\\\/uploads\\\/2024\\\/07\\\/transport-727ae.jpg\",\"datePublished\":\"2024-07-25T09:14:13+00:00\",\"author\":{\"@id\":\"https:\\\/\\\/lamarinabj.com\\\/#\\\/schema\\\/person\\\/e64c6145b3fb25d98218ef3bafce37de\"},\"description\":\"Ce projet promet de contribuer significativement au d\u00e9veloppement \u00e9conomique r\u00e9gional et \u00e0 l\u2019int\u00e9gration sous-r\u00e9gionale.\",\"breadcrumb\":{\"@id\":\"https:\\\/\\\/lamarinabj.com\\\/index.php\\\/2024\\\/07\\\/25\\\/benin-mca-que-retenir-de-la-reunion-inaugurale-du-projet-efficacite-des-operations-du-corridor\\\/#breadcrumb\"},\"inLanguage\":\"fr-FR\",\"potentialAction\":[{\"@type\":\"ReadAction\",\"target\":[\"https:\\\/\\\/lamarinabj.com\\\/index.php\\\/2024\\\/07\\\/25\\\/benin-mca-que-retenir-de-la-reunion-inaugurale-du-projet-efficacite-des-operations-du-corridor\\\/\"]}]},{\"@type\":\"ImageObject\",\"inLanguage\":\"fr-FR\",\"@id\":\"https:\\\/\\\/lamarinabj.com\\\/index.php\\\/2024\\\/07\\\/25\\\/benin-mca-que-retenir-de-la-reunion-inaugurale-du-projet-efficacite-des-operations-du-corridor\\\/#primaryimage\",\"url\":\"https:\\\/\\\/lamarinabj.com\\\/wp-content\\\/uploads\\\/2024\\\/07\\\/transport-727ae.jpg\",\"contentUrl\":\"https:\\\/\\\/lamarinabj.com\\\/wp-content\\\/uploads\\\/2024\\\/07\\\/transport-727ae.jpg\",\"width\":600,\"height\":400},{\"@type\":\"BreadcrumbList\",\"@id\":\"https:\\\/\\\/lamarinabj.com\\\/index.php\\\/2024\\\/07\\\/25\\\/benin-mca-que-retenir-de-la-reunion-inaugurale-du-projet-efficacite-des-operations-du-corridor\\\/#breadcrumb\",\"itemListElement\":[{\"@type\":\"ListItem\",\"position\":1,\"name\":\"Accueil\",\"item\":\"https:\\\/\\\/lamarinabj.com\\\/\"},{\"@type\":\"ListItem\",\"position\":2,\"name\":\"B\u00e9nin\\\/MCA : Que retenir de la r\u00e9union inaugurale du projet efficacit\u00e9 des op\u00e9rations du corridor ?\"}]},{\"@type\":\"WebSite\",\"@id\":\"https:\\\/\\\/lamarinabj.com\\\/#website\",\"url\":\"https:\\\/\\\/lamarinabj.com\\\/\",\"name\":\"LA MARINA BJ\",\"description\":\"Votre portail vers l&#039;information strat\u00e9gique au B\u00e9nin, en Afrique et au-del\u00e0\",\"potentialAction\":[{\"@type\":\"SearchAction\",\"target\":{\"@type\":\"EntryPoint\",\"urlTemplate\":\"https:\\\/\\\/lamarinabj.com\\\/?s={search_term_string}\"},\"query-input\":{\"@type\":\"PropertyValueSpecification\",\"valueRequired\":true,\"valueName\":\"search_term_string\"}}],\"inLanguage\":\"fr-FR\"},{\"@type\":\"Person\",\"@id\":\"https:\\\/\\\/lamarinabj.com\\\/#\\\/schema\\\/person\\\/e64c6145b3fb25d98218ef3bafce37de\",\"name\":\"La Marina BJ - Team Affaires Judiciaires\",\"image\":{\"@type\":\"ImageObject\",\"inLanguage\":\"fr-FR\",\"@id\":\"https:\\\/\\\/secure.gravatar.com\\\/avatar\\\/dcd47faa85727203c51c1a84009b684b305ba179e4848c26009abb855df90961?s=96&d=mm&r=g\",\"url\":\"https:\\\/\\\/secure.gravatar.com\\\/avatar\\\/dcd47faa85727203c51c1a84009b684b305ba179e4848c26009abb855df90961?s=96&d=mm&r=g\",\"contentUrl\":\"https:\\\/\\\/secure.gravatar.com\\\/avatar\\\/dcd47faa85727203c51c1a84009b684b305ba179e4848c26009abb855df90961?s=96&d=mm&r=g\",\"caption\":\"La Marina BJ - Team Affaires Judiciaires\"},\"description\":\"Au c\u0153ur de l\u2019actualit\u00e9 juridico-\u00e9conomique, la Team Justice &amp; Affaires judiciaires de La Marina BJ s'affirme comme un p\u00f4le de r\u00e9f\u00e9rence dans la couverture des proc\u00e9dures judiciaires, des contentieux commerciaux et des d\u00e9cisions de justice \u00e0 fort impact strat\u00e9gique.\",\"url\":\"https:\\\/\\\/lamarinabj.com\\\/index.php\\\/author\\\/marc\\\/\"}]}<\/script>\n<!-- \/ Yoast SEO plugin. -->","yoast_head_json":{"title":"B\u00e9nin\/MCA : Que retenir de la r\u00e9union inaugurale du projet efficacit\u00e9 des op\u00e9rations du corridor ? - LA MARINA BJ","description":"Ce projet promet de contribuer significativement au d\u00e9veloppement \u00e9conomique r\u00e9gional et \u00e0 l\u2019int\u00e9gration sous-r\u00e9gionale.","robots":{"index":"index","follow":"follow","max-snippet":"max-snippet:-1","max-image-preview":"max-image-preview:large","max-video-preview":"max-video-preview:-1"},"canonical":"https:\/\/lamarinabj.com\/index.php\/2024\/07\/25\/benin-mca-que-retenir-de-la-reunion-inaugurale-du-projet-efficacite-des-operations-du-corridor\/","og_locale":"fr_FR","og_type":"article","og_title":"B\u00e9nin\/MCA : Que retenir de la r\u00e9union inaugurale du projet efficacit\u00e9 des op\u00e9rations du corridor ? - LA MARINA BJ","og_description":"Ce projet promet de contribuer significativement au d\u00e9veloppement \u00e9conomique r\u00e9gional et \u00e0 l\u2019int\u00e9gration sous-r\u00e9gionale.","og_url":"https:\/\/lamarinabj.com\/index.php\/2024\/07\/25\/benin-mca-que-retenir-de-la-reunion-inaugurale-du-projet-efficacite-des-operations-du-corridor\/","og_site_name":"LA MARINA BJ","article_published_time":"2024-07-25T09:14:13+00:00","og_image":[{"width":600,"height":400,"url":"https:\/\/lamarinabj.com\/wp-content\/uploads\/2024\/07\/transport-727ae.jpg","type":"image\/jpeg"}],"author":"La Marina BJ - Team Affaires Judiciaires","twitter_card":"summary_large_image","twitter_misc":{"\u00c9crit par":"La Marina BJ - Team Affaires Judiciaires","Dur\u00e9e de lecture estim\u00e9e":"3 minutes"},"schema":{"@context":"https:\/\/schema.org","@graph":[{"@type":"NewsArticle","@id":"https:\/\/lamarinabj.com\/index.php\/2024\/07\/25\/benin-mca-que-retenir-de-la-reunion-inaugurale-du-projet-efficacite-des-operations-du-corridor\/#article","isPartOf":{"@id":"https:\/\/lamarinabj.com\/index.php\/2024\/07\/25\/benin-mca-que-retenir-de-la-reunion-inaugurale-du-projet-efficacite-des-operations-du-corridor\/"},"author":{"name":"La Marina BJ - Team Affaires Judiciaires","@id":"https:\/\/lamarinabj.com\/#\/schema\/person\/e64c6145b3fb25d98218ef3bafce37de"},"headline":"B\u00e9nin\/MCA : Que retenir de la r\u00e9union inaugurale du projet efficacit\u00e9 des op\u00e9rations du corridor ?","datePublished":"2024-07-25T09:14:13+00:00","mainEntityOfPage":{"@id":"https:\/\/lamarinabj.com\/index.php\/2024\/07\/25\/benin-mca-que-retenir-de-la-reunion-inaugurale-du-projet-efficacite-des-operations-du-corridor\/"},"wordCount":553,"commentCount":0,"image":{"@id":"https:\/\/lamarinabj.com\/index.php\/2024\/07\/25\/benin-mca-que-retenir-de-la-reunion-inaugurale-du-projet-efficacite-des-operations-du-corridor\/#primaryimage"},"thumbnailUrl":"https:\/\/lamarinabj.com\/wp-content\/uploads\/2024\/07\/transport-727ae.jpg","keywords":["B\u00e9nin","MCA","Transport"],"articleSection":["L'\u00c9V\u00c9NEMENT"],"inLanguage":"fr-FR","potentialAction":[{"@type":"CommentAction","name":"Comment","target":["https:\/\/lamarinabj.com\/index.php\/2024\/07\/25\/benin-mca-que-retenir-de-la-reunion-inaugurale-du-projet-efficacite-des-operations-du-corridor\/#respond"]}]},{"@type":["WebPage","SearchResultsPage"],"@id":"https:\/\/lamarinabj.com\/index.php\/2024\/07\/25\/benin-mca-que-retenir-de-la-reunion-inaugurale-du-projet-efficacite-des-operations-du-corridor\/","url":"https:\/\/lamarinabj.com\/index.php\/2024\/07\/25\/benin-mca-que-retenir-de-la-reunion-inaugurale-du-projet-efficacite-des-operations-du-corridor\/","name":"B\u00e9nin\/MCA : Que retenir de la r\u00e9union inaugurale du projet efficacit\u00e9 des op\u00e9rations du corridor ? - LA MARINA BJ","isPartOf":{"@id":"https:\/\/lamarinabj.com\/#website"},"primaryImageOfPage":{"@id":"https:\/\/lamarinabj.com\/index.php\/2024\/07\/25\/benin-mca-que-retenir-de-la-reunion-inaugurale-du-projet-efficacite-des-operations-du-corridor\/#primaryimage"},"image":{"@id":"https:\/\/lamarinabj.com\/index.php\/2024\/07\/25\/benin-mca-que-retenir-de-la-reunion-inaugurale-du-projet-efficacite-des-operations-du-corridor\/#primaryimage"},"thumbnailUrl":"https:\/\/lamarinabj.com\/wp-content\/uploads\/2024\/07\/transport-727ae.jpg","datePublished":"2024-07-25T09:14:13+00:00","author":{"@id":"https:\/\/lamarinabj.com\/#\/schema\/person\/e64c6145b3fb25d98218ef3bafce37de"},"description":"Ce projet promet de contribuer significativement au d\u00e9veloppement \u00e9conomique r\u00e9gional et \u00e0 l\u2019int\u00e9gration sous-r\u00e9gionale.","breadcrumb":{"@id":"https:\/\/lamarinabj.com\/index.php\/2024\/07\/25\/benin-mca-que-retenir-de-la-reunion-inaugurale-du-projet-efficacite-des-operations-du-corridor\/#breadcrumb"},"inLanguage":"fr-FR","potentialAction":[{"@type":"ReadAction","target":["https:\/\/lamarinabj.com\/index.php\/2024\/07\/25\/benin-mca-que-retenir-de-la-reunion-inaugurale-du-projet-efficacite-des-operations-du-corridor\/"]}]},{"@type":"ImageObject","inLanguage":"fr-FR","@id":"https:\/\/lamarinabj.com\/index.php\/2024\/07\/25\/benin-mca-que-retenir-de-la-reunion-inaugurale-du-projet-efficacite-des-operations-du-corridor\/#primaryimage","url":"https:\/\/lamarinabj.com\/wp-content\/uploads\/2024\/07\/transport-727ae.jpg","contentUrl":"https:\/\/lamarinabj.com\/wp-content\/uploads\/2024\/07\/transport-727ae.jpg","width":600,"height":400},{"@type":"BreadcrumbList","@id":"https:\/\/lamarinabj.com\/index.php\/2024\/07\/25\/benin-mca-que-retenir-de-la-reunion-inaugurale-du-projet-efficacite-des-operations-du-corridor\/#breadcrumb","itemListElement":[{"@type":"ListItem","position":1,"name":"Accueil","item":"https:\/\/lamarinabj.com\/"},{"@type":"ListItem","position":2,"name":"B\u00e9nin\/MCA : Que retenir de la r\u00e9union inaugurale du projet efficacit\u00e9 des op\u00e9rations du corridor ?"}]},{"@type":"WebSite","@id":"https:\/\/lamarinabj.com\/#website","url":"https:\/\/lamarinabj.com\/","name":"LA MARINA BJ","description":"Votre portail vers l&#039;information strat\u00e9gique au B\u00e9nin, en Afrique et au-del\u00e0","potentialAction":[{"@type":"SearchAction","target":{"@type":"EntryPoint","urlTemplate":"https:\/\/lamarinabj.com\/?s={search_term_string}"},"query-input":{"@type":"PropertyValueSpecification","valueRequired":true,"valueName":"search_term_string"}}],"inLanguage":"fr-FR"},{"@type":"Person","@id":"https:\/\/lamarinabj.com\/#\/schema\/person\/e64c6145b3fb25d98218ef3bafce37de","name":"La Marina BJ - Team Affaires Judiciaires","image":{"@type":"ImageObject","inLanguage":"fr-FR","@id":"https:\/\/secure.gravatar.com\/avatar\/dcd47faa85727203c51c1a84009b684b305ba179e4848c26009abb855df90961?s=96&d=mm&r=g","url":"https:\/\/secure.gravatar.com\/avatar\/dcd47faa85727203c51c1a84009b684b305ba179e4848c26009abb855df90961?s=96&d=mm&r=g","contentUrl":"https:\/\/secure.gravatar.com\/avatar\/dcd47faa85727203c51c1a84009b684b305ba179e4848c26009abb855df90961?s=96&d=mm&r=g","caption":"La Marina BJ - Team Affaires Judiciaires"},"description":"Au c\u0153ur de l\u2019actualit\u00e9 juridico-\u00e9conomique, la Team Justice &amp; Affaires judiciaires de La Marina BJ s'affirme comme un p\u00f4le de r\u00e9f\u00e9rence dans la couverture des proc\u00e9dures judiciaires, des contentieux commerciaux et des d\u00e9cisions de justice \u00e0 fort impact strat\u00e9gique.","url":"https:\/\/lamarinabj.com\/index.php\/author\/marc\/"}]}},"_links":{"self":[{"href":"https:\/\/lamarinabj.com\/index.php\/wp-json\/wp\/v2\/posts\/7023","targetHints":{"allow":["GET"]}}],"collection":[{"href":"https:\/\/lamarinabj.com\/index.php\/wp-json\/wp\/v2\/posts"}],"about":[{"href":"https:\/\/lamarinabj.com\/index.php\/wp-json\/wp\/v2\/types\/post"}],"author":[{"embeddable":true,"href":"https:\/\/lamarinabj.com\/index.php\/wp-json\/wp\/v2\/users\/4"}],"replies":[{"embeddable":true,"href":"https:\/\/lamarinabj.com\/index.php\/wp-json\/wp\/v2\/comments?post=7023"}],"version-history":[{"count":2,"href":"https:\/\/lamarinabj.com\/index.php\/wp-json\/wp\/v2\/posts\/7023\/revisions"}],"predecessor-version":[{"id":7030,"href":"https:\/\/lamarinabj.com\/index.php\/wp-json\/wp\/v2\/posts\/7023\/revisions\/7030"}],"wp:featuredmedia":[{"embeddable":true,"href":"https:\/\/lamarinabj.com\/index.php\/wp-json\/wp\/v2\/media\/7024"}],"wp:attachment":[{"href":"https:\/\/lamarinabj.com\/index.php\/wp-json\/wp\/v2\/media?parent=7023"}],"wp:term":[{"taxonomy":"category","embeddable":true,"href":"https:\/\/lamarinabj.com\/index.php\/wp-json\/wp\/v2\/categories?post=7023"},{"taxonomy":"post_tag","embeddable":true,"href":"https:\/\/lamarinabj.com\/index.php\/wp-json\/wp\/v2\/tags?post=7023"}],"curies":[{"name":"wp","href":"https:\/\/api.w.org\/{rel}","templated":true}]}}