{"id":7152,"date":"2024-07-31T08:27:56","date_gmt":"2024-07-31T07:27:56","guid":{"rendered":"https:\/\/lamarinabj.com\/?p=7152"},"modified":"2024-08-01T08:27:44","modified_gmt":"2024-08-01T07:27:44","slug":"letat-beninois-va-prendre-le-controle-de-societe-generale-du-benin-et-du-togo","status":"publish","type":"post","link":"https:\/\/lamarinabj.com\/index.php\/2024\/07\/31\/letat-beninois-va-prendre-le-controle-de-societe-generale-du-benin-et-du-togo\/","title":{"rendered":"L&rsquo;\u00c9tat B\u00e9ninois va prendre le contr\u00f4le de Soci\u00e9t\u00e9 G\u00e9n\u00e9rale du B\u00e9nin et du Togo"},"content":{"rendered":"\n<p><strong><mark style=\"background-color:rgba(0, 0, 0, 0)\" class=\"has-inline-color has-red-color\">Banque, B\u00e9nin, Togo<\/mark><\/strong> &#8211; <strong><em>Dans un communiqu\u00e9 de presse dat\u00e9 du 30 juillet 2024, le groupe Soci\u00e9t\u00e9 G\u00e9n\u00e9rale a annonc\u00e9 la signature d\u2019un accord  avec l\u2019\u00c9tat b\u00e9ninois concernant la cession de ses parts dans Soci\u00e9t\u00e9 G\u00e9n\u00e9rale B\u00e9nin, incluant \u00e9galement sa succursale au Togo. Cet accord marque un tournant significatif pour le secteur bancaire ouest-africain. Voici les principaux \u00e9l\u00e9ments \u00e0 retenir de cet accord historique et ses implications pour les parties prenantes.<\/em><\/strong><\/p>\n\n\n\n<p><\/p>\n\n\n\n<hr class=\"wp-block-separator has-alpha-channel-opacity\"\/>\n\n\n\n<h2 id=\"un-transfert-de-controle-strategique\" class=\"wp-block-heading\"><strong><mark style=\"background-color:rgba(0, 0, 0, 0)\" class=\"has-inline-color has-red-color\">Un transfert de contr\u00f4le strat\u00e9gique<\/mark><\/strong><\/h2>\n\n\n\n<p>Selon le communiqu\u00e9 de Soci\u00e9t\u00e9 G\u00e9n\u00e9rale, l&rsquo;accord stipule que l&rsquo;\u00c9tat b\u00e9ninois reprendra la totalit\u00e9 des activit\u00e9s de Soci\u00e9t\u00e9 G\u00e9n\u00e9rale B\u00e9nin, ainsi que l\u2019int\u00e9gralit\u00e9 des portefeuilles clients et des collaborateurs associ\u00e9s. Cette transaction concerne 93,43% des parts de la banque d\u00e9tenues par Soci\u00e9t\u00e9 G\u00e9n\u00e9rale, incluant les 2,5% suppl\u00e9mentaires d\u00e9tenus par Soci\u00e9t\u00e9 G\u00e9n\u00e9rale C\u00f4te d&rsquo;Ivoire dans les entit\u00e9s b\u00e9ninoise et togolaise. Cette op\u00e9ration fait donc de l&rsquo;\u00c9tat b\u00e9ninois un acteur cl\u00e9 du secteur bancaire r\u00e9gional, renfor\u00e7ant sa position strat\u00e9gique et sa capacit\u00e9 \u00e0 influencer d\u00e9sormais l&rsquo;inclusion financi\u00e8re et le d\u00e9veloppement \u00e9conomique.<\/p>\n\n\n\n<h2 id=\"consequences-financieres-pour-societe-generale\" class=\"wp-block-heading\"><strong><mark style=\"background-color:rgba(0, 0, 0, 0)\" class=\"has-inline-color has-red-color\">Cons\u00e9quences financi\u00e8res pour Soci\u00e9t\u00e9 G\u00e9n\u00e9rale<\/mark><\/strong><\/h2>\n\n\n\n<p>Le communiqu\u00e9 de presse indique que, \u00e0 court terme, l&rsquo;accord aura un impact comptable n\u00e9gatif d&rsquo;environ 25 millions d&rsquo;euros sur les r\u00e9sultats du troisi\u00e8me trimestre 2024 de Soci\u00e9t\u00e9 G\u00e9n\u00e9rale. Cependant, la transaction devrait avoir un effet positif d\u2019environ 2 points de base sur le ratio de fonds propres de base (CET1) du groupe, une fois finalis\u00e9e d\u2019ici la fin du premier trimestre 2025. Ces ajustements confirment la volont\u00e9 de Soci\u00e9t\u00e9 G\u00e9n\u00e9rale de recentrer ses activit\u00e9s et d&rsquo;optimiser ses ressources en quittant le continent africain.<\/p>\n\n\n\n<h2 id=\"prochaines-etapes-et-approbations-necessaires\" class=\"wp-block-heading\"><strong><mark style=\"background-color:rgba(0, 0, 0, 0)\" class=\"has-inline-color has-red-color\">Prochaines \u00e9tapes et approbations n\u00e9cessaires<\/mark><\/strong><\/h2>\n\n\n\n<p>Le communiqu\u00e9 pr\u00e9cise que la finalisation de cette transaction reste soumise \u00e0 l&rsquo;approbation des instances de gouvernance des entit\u00e9s concern\u00e9es et \u00e0 la validation des autorit\u00e9s financi\u00e8res et r\u00e9glementaires comp\u00e9tentes. Ces \u00e9tapes doivent \u00eatre franchies avant que l&rsquo;\u00c9tat b\u00e9ninois puisse pleinement prendre en charge les op\u00e9rations de Soci\u00e9t\u00e9 G\u00e9n\u00e9rale B\u00e9nin, marquant ainsi un tournant d\u00e9cisif pour le secteur bancaire national et r\u00e9gional.<\/p>\n\n\n\n<p>Tandis que Soci\u00e9t\u00e9 G\u00e9n\u00e9rale se recentre sur ses priorit\u00e9s strat\u00e9giques, l&rsquo;\u00c9tat b\u00e9ninois saisit une opportunit\u00e9 unique pour renforcer son r\u00f4le dans le secteur bancaire. Toutefois, selon les indiscr\u00e9tions le gouvernement b\u00e9ninois envisage, d\u00e8s confirmation de l&rsquo;acquisition, de fusionner la soci\u00e9t\u00e9 g\u00e9n\u00e9rale du B\u00e9nin avec la banque Internationale pour l&rsquo;industrie et le commerce(BIIC) du B\u00e9nin. Les prochains mois seront cruciaux pour observer les impacts de cette op\u00e9ration sur l&rsquo;\u00e9conomie r\u00e9gionale et sur les parties prenantes impliqu\u00e9es.<\/p>\n\n\n\n<hr class=\"wp-block-separator has-alpha-channel-opacity\"\/>\n\n\n\n<p><\/p>\n","protected":false},"excerpt":{"rendered":"Banque, B\u00e9nin, Togo &#8211; Dans un communiqu\u00e9 de presse dat\u00e9 du 30 juillet 2024, le groupe Soci\u00e9t\u00e9 G\u00e9n\u00e9rale&hellip;\n","protected":false},"author":8,"featured_media":7153,"comment_status":"open","ping_status":"open","sticky":false,"template":"elementor_theme","format":"standard","meta":{"csco_singular_sidebar":"","csco_page_header_type":"standard","csco_appearance_masonry":"","csco_page_load_nextpost":"","csco_post_video_location":[],"csco_post_video_location_hash":"","csco_post_video_url":"","csco_post_video_bg_start_time":0,"csco_post_video_bg_end_time":0,"footnotes":""},"categories":[110,45,239],"tags":[605,41,604],"class_list":{"0":"post-7152","1":"post","2":"type-post","3":"status-publish","4":"format-standard","5":"has-post-thumbnail","7":"category-business","8":"category-gouvernance","9":"category-levenement-2","10":"tag-banque","11":"tag-benin","12":"tag-societe-generale","13":"cs-entry","14":"cs-video-wrap"},"yoast_head":"<!-- This site is optimized with the Yoast SEO plugin v27.4 - https:\/\/yoast.com\/product\/yoast-seo-wordpress\/ -->\n<title>L&#039;\u00c9tat B\u00e9ninois va prendre le contr\u00f4le de Soci\u00e9t\u00e9 G\u00e9n\u00e9rale du B\u00e9nin et du Togo - LA MARINA BJ<\/title>\n<meta name=\"description\" content=\"Tandis que Soci\u00e9t\u00e9 G\u00e9n\u00e9rale se recentre sur ses priorit\u00e9s strat\u00e9giques, l&#039;\u00c9tat b\u00e9ninois saisit une opportunit\u00e9 unique pour renforcer....\" \/>\n<meta name=\"robots\" content=\"index, follow, max-snippet:-1, max-image-preview:large, max-video-preview:-1\" \/>\n<link rel=\"canonical\" href=\"https:\/\/lamarinabj.com\/index.php\/2024\/07\/31\/letat-beninois-va-prendre-le-controle-de-societe-generale-du-benin-et-du-togo\/\" \/>\n<meta property=\"og:locale\" content=\"fr_FR\" \/>\n<meta property=\"og:type\" content=\"article\" \/>\n<meta property=\"og:title\" content=\"L&#039;\u00c9tat B\u00e9ninois va prendre le contr\u00f4le de Soci\u00e9t\u00e9 G\u00e9n\u00e9rale du B\u00e9nin et du Togo - LA MARINA BJ\" \/>\n<meta property=\"og:description\" content=\"Tandis que Soci\u00e9t\u00e9 G\u00e9n\u00e9rale se recentre sur ses priorit\u00e9s strat\u00e9giques, l&#039;\u00c9tat b\u00e9ninois saisit une opportunit\u00e9 unique pour renforcer....\" \/>\n<meta property=\"og:url\" content=\"https:\/\/lamarinabj.com\/index.php\/2024\/07\/31\/letat-beninois-va-prendre-le-controle-de-societe-generale-du-benin-et-du-togo\/\" \/>\n<meta property=\"og:site_name\" content=\"LA MARINA BJ\" \/>\n<meta property=\"article:published_time\" content=\"2024-07-31T07:27:56+00:00\" \/>\n<meta property=\"article:modified_time\" content=\"2024-08-01T07:27:44+00:00\" \/>\n<meta property=\"og:image\" content=\"https:\/\/lamarinabj.com\/wp-content\/uploads\/2024\/07\/80_1550x500_3811308974_143131477038955.jpg\" \/>\n\t<meta property=\"og:image:width\" content=\"1278\" \/>\n\t<meta property=\"og:image:height\" content=\"500\" \/>\n\t<meta property=\"og:image:type\" content=\"image\/jpeg\" \/>\n<meta name=\"author\" content=\"La Marina BJ - Team Business &amp; \u00c9conomie &amp; Finances\" \/>\n<meta name=\"twitter:card\" content=\"summary_large_image\" \/>\n<meta name=\"twitter:label1\" content=\"\u00c9crit par\" \/>\n\t<meta name=\"twitter:data1\" content=\"La Marina BJ - Team Business &amp; \u00c9conomie &amp; Finances\" \/>\n\t<meta name=\"twitter:label2\" content=\"Dur\u00e9e de lecture estim\u00e9e\" \/>\n\t<meta name=\"twitter:data2\" content=\"3 minutes\" \/>\n<script type=\"application\/ld+json\" class=\"yoast-schema-graph\">{\"@context\":\"https:\\\/\\\/schema.org\",\"@graph\":[{\"@type\":\"NewsArticle\",\"@id\":\"https:\\\/\\\/lamarinabj.com\\\/index.php\\\/2024\\\/07\\\/31\\\/letat-beninois-va-prendre-le-controle-de-societe-generale-du-benin-et-du-togo\\\/#article\",\"isPartOf\":{\"@id\":\"https:\\\/\\\/lamarinabj.com\\\/index.php\\\/2024\\\/07\\\/31\\\/letat-beninois-va-prendre-le-controle-de-societe-generale-du-benin-et-du-togo\\\/\"},\"author\":{\"name\":\"La Marina BJ - Team Business &amp; \u00c9conomie &amp; Finances\",\"@id\":\"https:\\\/\\\/lamarinabj.com\\\/#\\\/schema\\\/person\\\/daecc7fb1eea21418f92763d06a3f4b4\"},\"headline\":\"L&rsquo;\u00c9tat B\u00e9ninois va prendre le contr\u00f4le de Soci\u00e9t\u00e9 G\u00e9n\u00e9rale du B\u00e9nin et du Togo\",\"datePublished\":\"2024-07-31T07:27:56+00:00\",\"dateModified\":\"2024-08-01T07:27:44+00:00\",\"mainEntityOfPage\":{\"@id\":\"https:\\\/\\\/lamarinabj.com\\\/index.php\\\/2024\\\/07\\\/31\\\/letat-beninois-va-prendre-le-controle-de-societe-generale-du-benin-et-du-togo\\\/\"},\"wordCount\":518,\"commentCount\":1,\"image\":{\"@id\":\"https:\\\/\\\/lamarinabj.com\\\/index.php\\\/2024\\\/07\\\/31\\\/letat-beninois-va-prendre-le-controle-de-societe-generale-du-benin-et-du-togo\\\/#primaryimage\"},\"thumbnailUrl\":\"https:\\\/\\\/lamarinabj.com\\\/wp-content\\\/uploads\\\/2024\\\/07\\\/80_1550x500_3811308974_143131477038955.jpg\",\"keywords\":[\"Banque\",\"B\u00e9nin\",\"Soci\u00e9t\u00e9 g\u00e9n\u00e9rale\"],\"articleSection\":[\"BUSINESS\",\"GOUVERNANCE\",\"L'\u00c9V\u00c9NEMENT\"],\"inLanguage\":\"fr-FR\",\"potentialAction\":[{\"@type\":\"CommentAction\",\"name\":\"Comment\",\"target\":[\"https:\\\/\\\/lamarinabj.com\\\/index.php\\\/2024\\\/07\\\/31\\\/letat-beninois-va-prendre-le-controle-de-societe-generale-du-benin-et-du-togo\\\/#respond\"]}]},{\"@type\":[\"WebPage\",\"SearchResultsPage\"],\"@id\":\"https:\\\/\\\/lamarinabj.com\\\/index.php\\\/2024\\\/07\\\/31\\\/letat-beninois-va-prendre-le-controle-de-societe-generale-du-benin-et-du-togo\\\/\",\"url\":\"https:\\\/\\\/lamarinabj.com\\\/index.php\\\/2024\\\/07\\\/31\\\/letat-beninois-va-prendre-le-controle-de-societe-generale-du-benin-et-du-togo\\\/\",\"name\":\"L'\u00c9tat B\u00e9ninois va prendre le contr\u00f4le de Soci\u00e9t\u00e9 G\u00e9n\u00e9rale du B\u00e9nin et du Togo - LA MARINA BJ\",\"isPartOf\":{\"@id\":\"https:\\\/\\\/lamarinabj.com\\\/#website\"},\"primaryImageOfPage\":{\"@id\":\"https:\\\/\\\/lamarinabj.com\\\/index.php\\\/2024\\\/07\\\/31\\\/letat-beninois-va-prendre-le-controle-de-societe-generale-du-benin-et-du-togo\\\/#primaryimage\"},\"image\":{\"@id\":\"https:\\\/\\\/lamarinabj.com\\\/index.php\\\/2024\\\/07\\\/31\\\/letat-beninois-va-prendre-le-controle-de-societe-generale-du-benin-et-du-togo\\\/#primaryimage\"},\"thumbnailUrl\":\"https:\\\/\\\/lamarinabj.com\\\/wp-content\\\/uploads\\\/2024\\\/07\\\/80_1550x500_3811308974_143131477038955.jpg\",\"datePublished\":\"2024-07-31T07:27:56+00:00\",\"dateModified\":\"2024-08-01T07:27:44+00:00\",\"author\":{\"@id\":\"https:\\\/\\\/lamarinabj.com\\\/#\\\/schema\\\/person\\\/daecc7fb1eea21418f92763d06a3f4b4\"},\"description\":\"Tandis que Soci\u00e9t\u00e9 G\u00e9n\u00e9rale se recentre sur ses priorit\u00e9s strat\u00e9giques, l'\u00c9tat b\u00e9ninois saisit une opportunit\u00e9 unique pour renforcer....\",\"breadcrumb\":{\"@id\":\"https:\\\/\\\/lamarinabj.com\\\/index.php\\\/2024\\\/07\\\/31\\\/letat-beninois-va-prendre-le-controle-de-societe-generale-du-benin-et-du-togo\\\/#breadcrumb\"},\"inLanguage\":\"fr-FR\",\"potentialAction\":[{\"@type\":\"ReadAction\",\"target\":[\"https:\\\/\\\/lamarinabj.com\\\/index.php\\\/2024\\\/07\\\/31\\\/letat-beninois-va-prendre-le-controle-de-societe-generale-du-benin-et-du-togo\\\/\"]}]},{\"@type\":\"ImageObject\",\"inLanguage\":\"fr-FR\",\"@id\":\"https:\\\/\\\/lamarinabj.com\\\/index.php\\\/2024\\\/07\\\/31\\\/letat-beninois-va-prendre-le-controle-de-societe-generale-du-benin-et-du-togo\\\/#primaryimage\",\"url\":\"https:\\\/\\\/lamarinabj.com\\\/wp-content\\\/uploads\\\/2024\\\/07\\\/80_1550x500_3811308974_143131477038955.jpg\",\"contentUrl\":\"https:\\\/\\\/lamarinabj.com\\\/wp-content\\\/uploads\\\/2024\\\/07\\\/80_1550x500_3811308974_143131477038955.jpg\",\"width\":1278,\"height\":500},{\"@type\":\"BreadcrumbList\",\"@id\":\"https:\\\/\\\/lamarinabj.com\\\/index.php\\\/2024\\\/07\\\/31\\\/letat-beninois-va-prendre-le-controle-de-societe-generale-du-benin-et-du-togo\\\/#breadcrumb\",\"itemListElement\":[{\"@type\":\"ListItem\",\"position\":1,\"name\":\"Accueil\",\"item\":\"https:\\\/\\\/lamarinabj.com\\\/\"},{\"@type\":\"ListItem\",\"position\":2,\"name\":\"L&#8217;\u00c9tat B\u00e9ninois va prendre le contr\u00f4le de Soci\u00e9t\u00e9 G\u00e9n\u00e9rale du B\u00e9nin et du Togo\"}]},{\"@type\":\"WebSite\",\"@id\":\"https:\\\/\\\/lamarinabj.com\\\/#website\",\"url\":\"https:\\\/\\\/lamarinabj.com\\\/\",\"name\":\"LA MARINA BJ\",\"description\":\"Votre portail vers l&#039;information strat\u00e9gique au B\u00e9nin, en Afrique et au-del\u00e0\",\"potentialAction\":[{\"@type\":\"SearchAction\",\"target\":{\"@type\":\"EntryPoint\",\"urlTemplate\":\"https:\\\/\\\/lamarinabj.com\\\/?s={search_term_string}\"},\"query-input\":{\"@type\":\"PropertyValueSpecification\",\"valueRequired\":true,\"valueName\":\"search_term_string\"}}],\"inLanguage\":\"fr-FR\"},{\"@type\":\"Person\",\"@id\":\"https:\\\/\\\/lamarinabj.com\\\/#\\\/schema\\\/person\\\/daecc7fb1eea21418f92763d06a3f4b4\",\"name\":\"La Marina BJ - Team Business &amp; \u00c9conomie &amp; Finances\",\"image\":{\"@type\":\"ImageObject\",\"inLanguage\":\"fr-FR\",\"@id\":\"https:\\\/\\\/secure.gravatar.com\\\/avatar\\\/007be62133093bb48d247a392503beff272bc6a9503872d32895035e0e72b4f7?s=96&d=mm&r=g\",\"url\":\"https:\\\/\\\/secure.gravatar.com\\\/avatar\\\/007be62133093bb48d247a392503beff272bc6a9503872d32895035e0e72b4f7?s=96&d=mm&r=g\",\"contentUrl\":\"https:\\\/\\\/secure.gravatar.com\\\/avatar\\\/007be62133093bb48d247a392503beff272bc6a9503872d32895035e0e72b4f7?s=96&d=mm&r=g\",\"caption\":\"La Marina BJ - Team Business &amp; \u00c9conomie &amp; Finances\"},\"description\":\"La Team \u00c9conomie &amp; Finances de La Marina BJ d\u00e9crypte les dynamiques \u00e9conomiques qui fa\u00e7onnent le B\u00e9nin, l\u2019Afrique et le monde. Compos\u00e9e de journalistes \u00e9conomiques, d\u2019analystes sectoriels et de veilleurs sp\u00e9cialis\u00e9s, elle s\u2019attache \u00e0 rendre lisibles les m\u00e9canismes financiers, les politiques budg\u00e9taires, les r\u00e9formes fiscales et les grandes orientations macro\u00e9conomiques. Son ambition : \u00e9clairer les choix, anticiper les tendances et outiller les d\u00e9cideurs \u2014 publics comme priv\u00e9s \u2014 dans un environnement \u00e9conomique en constante mutation.\",\"url\":\"https:\\\/\\\/lamarinabj.com\\\/index.php\\\/author\\\/ernestine\\\/\"}]}<\/script>\n<!-- \/ Yoast SEO plugin. -->","yoast_head_json":{"title":"L'\u00c9tat B\u00e9ninois va prendre le contr\u00f4le de Soci\u00e9t\u00e9 G\u00e9n\u00e9rale du B\u00e9nin et du Togo - LA MARINA BJ","description":"Tandis que Soci\u00e9t\u00e9 G\u00e9n\u00e9rale se recentre sur ses priorit\u00e9s strat\u00e9giques, l'\u00c9tat b\u00e9ninois saisit une opportunit\u00e9 unique pour renforcer....","robots":{"index":"index","follow":"follow","max-snippet":"max-snippet:-1","max-image-preview":"max-image-preview:large","max-video-preview":"max-video-preview:-1"},"canonical":"https:\/\/lamarinabj.com\/index.php\/2024\/07\/31\/letat-beninois-va-prendre-le-controle-de-societe-generale-du-benin-et-du-togo\/","og_locale":"fr_FR","og_type":"article","og_title":"L'\u00c9tat B\u00e9ninois va prendre le contr\u00f4le de Soci\u00e9t\u00e9 G\u00e9n\u00e9rale du B\u00e9nin et du Togo - LA MARINA BJ","og_description":"Tandis que Soci\u00e9t\u00e9 G\u00e9n\u00e9rale se recentre sur ses priorit\u00e9s strat\u00e9giques, l'\u00c9tat b\u00e9ninois saisit une opportunit\u00e9 unique pour renforcer....","og_url":"https:\/\/lamarinabj.com\/index.php\/2024\/07\/31\/letat-beninois-va-prendre-le-controle-de-societe-generale-du-benin-et-du-togo\/","og_site_name":"LA MARINA BJ","article_published_time":"2024-07-31T07:27:56+00:00","article_modified_time":"2024-08-01T07:27:44+00:00","og_image":[{"width":1278,"height":500,"url":"https:\/\/lamarinabj.com\/wp-content\/uploads\/2024\/07\/80_1550x500_3811308974_143131477038955.jpg","type":"image\/jpeg"}],"author":"La Marina BJ - Team Business &amp; \u00c9conomie &amp; Finances","twitter_card":"summary_large_image","twitter_misc":{"\u00c9crit par":"La Marina BJ - Team Business &amp; \u00c9conomie &amp; Finances","Dur\u00e9e de lecture estim\u00e9e":"3 minutes"},"schema":{"@context":"https:\/\/schema.org","@graph":[{"@type":"NewsArticle","@id":"https:\/\/lamarinabj.com\/index.php\/2024\/07\/31\/letat-beninois-va-prendre-le-controle-de-societe-generale-du-benin-et-du-togo\/#article","isPartOf":{"@id":"https:\/\/lamarinabj.com\/index.php\/2024\/07\/31\/letat-beninois-va-prendre-le-controle-de-societe-generale-du-benin-et-du-togo\/"},"author":{"name":"La Marina BJ - Team Business &amp; \u00c9conomie &amp; Finances","@id":"https:\/\/lamarinabj.com\/#\/schema\/person\/daecc7fb1eea21418f92763d06a3f4b4"},"headline":"L&rsquo;\u00c9tat B\u00e9ninois va prendre le contr\u00f4le de Soci\u00e9t\u00e9 G\u00e9n\u00e9rale du B\u00e9nin et du Togo","datePublished":"2024-07-31T07:27:56+00:00","dateModified":"2024-08-01T07:27:44+00:00","mainEntityOfPage":{"@id":"https:\/\/lamarinabj.com\/index.php\/2024\/07\/31\/letat-beninois-va-prendre-le-controle-de-societe-generale-du-benin-et-du-togo\/"},"wordCount":518,"commentCount":1,"image":{"@id":"https:\/\/lamarinabj.com\/index.php\/2024\/07\/31\/letat-beninois-va-prendre-le-controle-de-societe-generale-du-benin-et-du-togo\/#primaryimage"},"thumbnailUrl":"https:\/\/lamarinabj.com\/wp-content\/uploads\/2024\/07\/80_1550x500_3811308974_143131477038955.jpg","keywords":["Banque","B\u00e9nin","Soci\u00e9t\u00e9 g\u00e9n\u00e9rale"],"articleSection":["BUSINESS","GOUVERNANCE","L'\u00c9V\u00c9NEMENT"],"inLanguage":"fr-FR","potentialAction":[{"@type":"CommentAction","name":"Comment","target":["https:\/\/lamarinabj.com\/index.php\/2024\/07\/31\/letat-beninois-va-prendre-le-controle-de-societe-generale-du-benin-et-du-togo\/#respond"]}]},{"@type":["WebPage","SearchResultsPage"],"@id":"https:\/\/lamarinabj.com\/index.php\/2024\/07\/31\/letat-beninois-va-prendre-le-controle-de-societe-generale-du-benin-et-du-togo\/","url":"https:\/\/lamarinabj.com\/index.php\/2024\/07\/31\/letat-beninois-va-prendre-le-controle-de-societe-generale-du-benin-et-du-togo\/","name":"L'\u00c9tat B\u00e9ninois va prendre le contr\u00f4le de Soci\u00e9t\u00e9 G\u00e9n\u00e9rale du B\u00e9nin et du Togo - LA MARINA BJ","isPartOf":{"@id":"https:\/\/lamarinabj.com\/#website"},"primaryImageOfPage":{"@id":"https:\/\/lamarinabj.com\/index.php\/2024\/07\/31\/letat-beninois-va-prendre-le-controle-de-societe-generale-du-benin-et-du-togo\/#primaryimage"},"image":{"@id":"https:\/\/lamarinabj.com\/index.php\/2024\/07\/31\/letat-beninois-va-prendre-le-controle-de-societe-generale-du-benin-et-du-togo\/#primaryimage"},"thumbnailUrl":"https:\/\/lamarinabj.com\/wp-content\/uploads\/2024\/07\/80_1550x500_3811308974_143131477038955.jpg","datePublished":"2024-07-31T07:27:56+00:00","dateModified":"2024-08-01T07:27:44+00:00","author":{"@id":"https:\/\/lamarinabj.com\/#\/schema\/person\/daecc7fb1eea21418f92763d06a3f4b4"},"description":"Tandis que Soci\u00e9t\u00e9 G\u00e9n\u00e9rale se recentre sur ses priorit\u00e9s strat\u00e9giques, l'\u00c9tat b\u00e9ninois saisit une opportunit\u00e9 unique pour renforcer....","breadcrumb":{"@id":"https:\/\/lamarinabj.com\/index.php\/2024\/07\/31\/letat-beninois-va-prendre-le-controle-de-societe-generale-du-benin-et-du-togo\/#breadcrumb"},"inLanguage":"fr-FR","potentialAction":[{"@type":"ReadAction","target":["https:\/\/lamarinabj.com\/index.php\/2024\/07\/31\/letat-beninois-va-prendre-le-controle-de-societe-generale-du-benin-et-du-togo\/"]}]},{"@type":"ImageObject","inLanguage":"fr-FR","@id":"https:\/\/lamarinabj.com\/index.php\/2024\/07\/31\/letat-beninois-va-prendre-le-controle-de-societe-generale-du-benin-et-du-togo\/#primaryimage","url":"https:\/\/lamarinabj.com\/wp-content\/uploads\/2024\/07\/80_1550x500_3811308974_143131477038955.jpg","contentUrl":"https:\/\/lamarinabj.com\/wp-content\/uploads\/2024\/07\/80_1550x500_3811308974_143131477038955.jpg","width":1278,"height":500},{"@type":"BreadcrumbList","@id":"https:\/\/lamarinabj.com\/index.php\/2024\/07\/31\/letat-beninois-va-prendre-le-controle-de-societe-generale-du-benin-et-du-togo\/#breadcrumb","itemListElement":[{"@type":"ListItem","position":1,"name":"Accueil","item":"https:\/\/lamarinabj.com\/"},{"@type":"ListItem","position":2,"name":"L&#8217;\u00c9tat B\u00e9ninois va prendre le contr\u00f4le de Soci\u00e9t\u00e9 G\u00e9n\u00e9rale du B\u00e9nin et du Togo"}]},{"@type":"WebSite","@id":"https:\/\/lamarinabj.com\/#website","url":"https:\/\/lamarinabj.com\/","name":"LA MARINA BJ","description":"Votre portail vers l&#039;information strat\u00e9gique au B\u00e9nin, en Afrique et au-del\u00e0","potentialAction":[{"@type":"SearchAction","target":{"@type":"EntryPoint","urlTemplate":"https:\/\/lamarinabj.com\/?s={search_term_string}"},"query-input":{"@type":"PropertyValueSpecification","valueRequired":true,"valueName":"search_term_string"}}],"inLanguage":"fr-FR"},{"@type":"Person","@id":"https:\/\/lamarinabj.com\/#\/schema\/person\/daecc7fb1eea21418f92763d06a3f4b4","name":"La Marina BJ - Team Business &amp; \u00c9conomie &amp; Finances","image":{"@type":"ImageObject","inLanguage":"fr-FR","@id":"https:\/\/secure.gravatar.com\/avatar\/007be62133093bb48d247a392503beff272bc6a9503872d32895035e0e72b4f7?s=96&d=mm&r=g","url":"https:\/\/secure.gravatar.com\/avatar\/007be62133093bb48d247a392503beff272bc6a9503872d32895035e0e72b4f7?s=96&d=mm&r=g","contentUrl":"https:\/\/secure.gravatar.com\/avatar\/007be62133093bb48d247a392503beff272bc6a9503872d32895035e0e72b4f7?s=96&d=mm&r=g","caption":"La Marina BJ - Team Business &amp; \u00c9conomie &amp; Finances"},"description":"La Team \u00c9conomie &amp; Finances de La Marina BJ d\u00e9crypte les dynamiques \u00e9conomiques qui fa\u00e7onnent le B\u00e9nin, l\u2019Afrique et le monde. Compos\u00e9e de journalistes \u00e9conomiques, d\u2019analystes sectoriels et de veilleurs sp\u00e9cialis\u00e9s, elle s\u2019attache \u00e0 rendre lisibles les m\u00e9canismes financiers, les politiques budg\u00e9taires, les r\u00e9formes fiscales et les grandes orientations macro\u00e9conomiques. Son ambition : \u00e9clairer les choix, anticiper les tendances et outiller les d\u00e9cideurs \u2014 publics comme priv\u00e9s \u2014 dans un environnement \u00e9conomique en constante mutation.","url":"https:\/\/lamarinabj.com\/index.php\/author\/ernestine\/"}]}},"_links":{"self":[{"href":"https:\/\/lamarinabj.com\/index.php\/wp-json\/wp\/v2\/posts\/7152","targetHints":{"allow":["GET"]}}],"collection":[{"href":"https:\/\/lamarinabj.com\/index.php\/wp-json\/wp\/v2\/posts"}],"about":[{"href":"https:\/\/lamarinabj.com\/index.php\/wp-json\/wp\/v2\/types\/post"}],"author":[{"embeddable":true,"href":"https:\/\/lamarinabj.com\/index.php\/wp-json\/wp\/v2\/users\/8"}],"replies":[{"embeddable":true,"href":"https:\/\/lamarinabj.com\/index.php\/wp-json\/wp\/v2\/comments?post=7152"}],"version-history":[{"count":4,"href":"https:\/\/lamarinabj.com\/index.php\/wp-json\/wp\/v2\/posts\/7152\/revisions"}],"predecessor-version":[{"id":7182,"href":"https:\/\/lamarinabj.com\/index.php\/wp-json\/wp\/v2\/posts\/7152\/revisions\/7182"}],"wp:featuredmedia":[{"embeddable":true,"href":"https:\/\/lamarinabj.com\/index.php\/wp-json\/wp\/v2\/media\/7153"}],"wp:attachment":[{"href":"https:\/\/lamarinabj.com\/index.php\/wp-json\/wp\/v2\/media?parent=7152"}],"wp:term":[{"taxonomy":"category","embeddable":true,"href":"https:\/\/lamarinabj.com\/index.php\/wp-json\/wp\/v2\/categories?post=7152"},{"taxonomy":"post_tag","embeddable":true,"href":"https:\/\/lamarinabj.com\/index.php\/wp-json\/wp\/v2\/tags?post=7152"}],"curies":[{"name":"wp","href":"https:\/\/api.w.org\/{rel}","templated":true}]}}