{"id":7302,"date":"2024-08-06T09:07:12","date_gmt":"2024-08-06T08:07:12","guid":{"rendered":"https:\/\/lamarinabj.com\/?p=7302"},"modified":"2024-08-06T09:25:51","modified_gmt":"2024-08-06T08:25:51","slug":"un-accord-triennal-entre-le-mestfp-et-amnesty-international-pour-promouvoir-les-droits-humains-dans-les-colleges-et-lycees","status":"publish","type":"post","link":"https:\/\/lamarinabj.com\/index.php\/2024\/08\/06\/un-accord-triennal-entre-le-mestfp-et-amnesty-international-pour-promouvoir-les-droits-humains-dans-les-colleges-et-lycees\/","title":{"rendered":"Un accord triennal entre le MESTFP et Amnesty International pour promouvoir les droits humains dans les coll\u00e8ges et lyc\u00e9es"},"content":{"rendered":"\n<p><strong><mark style=\"background-color:rgba(0, 0, 0, 0)\" class=\"has-inline-color has-red-color\">Droits Humains, B\u00e9nin<\/mark><\/strong> &#8211; <strong><em>Un contrat de trois ans a \u00e9t\u00e9 sign\u00e9 r\u00e9cemment entre le Minist\u00e8re de l\u2019Enseignement Secondaire, Technique et de la Formation Professionnelle (MESTFP) et Amnesty International B\u00e9nin pour la promotion des droits humains dans les \u00c9tablissements Scolaires B\u00e9ninois<\/em><\/strong>. <\/p>\n\n\n\n<p>Cette collaboration ambitieuse marque le d\u00e9but d\u2019un partenariat strat\u00e9gique visant \u00e0 int\u00e9grer durablement les valeurs des droits humains dans l\u2019\u00e9ducation des jeunes b\u00e9ninois.<\/p>\n\n\n\n<h3 id=\"un-partenariat-strategique\" class=\"wp-block-heading\"><mark style=\"background-color:rgba(0, 0, 0, 0)\" class=\"has-inline-color has-red-color\">Un partenariat strat\u00e9gique<\/mark><\/h3>\n\n\n\n<p>Selon notre source locale, gr\u00e2ce \u00e0 cet accord triennal, Amnesty International B\u00e9nin b\u00e9n\u00e9ficiera d\u2019une stabilit\u00e9 qui lui permettra de mettre en place des initiatives \u00e0 long terme, lib\u00e9r\u00e9e des contraintes de renouvellements annuels. En effet, divers programmes \u00e9ducatifs sont pr\u00e9vus, tels que des ateliers de sensibilisation, des formations pour les enseignants, ainsi que des campagnes d\u2019information destin\u00e9es aux \u00e9l\u00e8ves. Ces actions viseront \u00e0 inculquer une meilleure compr\u00e9hension des droits et des devoirs de chacun, cr\u00e9ant ainsi un environnement scolaire propice \u00e0 l\u2019apprentissage et au respect mutuel.<\/p>\n\n\n\n<h3 id=\"vers-une-education-transformee\" class=\"wp-block-heading\"><mark style=\"background-color:rgba(0, 0, 0, 0)\" class=\"has-inline-color has-red-color\">Vers une \u00e9ducation transform\u00e9e<\/mark><\/h3>\n\n\n\n<p>Pour garantir le succ\u00e8s de cette collaboration, un point focal Amnesty a \u00e9t\u00e9 nomm\u00e9 au sein du minist\u00e8re en la personne de Monsieur BADOU Coffi Emmanuel. Cette d\u00e9signation permettra une coordination efficace des projets et une int\u00e9gration harmonieuse des actions d\u2019Amnesty International B\u00e9nin dans les \u00e9tablissements scolaires. Cela facilitera \u00e9galement le suivi et l\u2019\u00e9valuation des diff\u00e9rentes initiatives mises en \u0153uvre.<\/p>\n\n\n\n<p>En outre, ce partenariat s\u2019inscrit dans une dynamique de transformation du syst\u00e8me \u00e9ducatif b\u00e9ninois, en mettant l\u2019accent sur les droits humains comme pilier fondamental de l\u2019enseignement. En sensibilisant les \u00e9l\u00e8ves \u00e0 ces valeurs essentielles, cette collaboration aspire \u00e0 former des citoyens responsables et engag\u00e9s. Pour le ministre Kouaro Yves CHABI, cette initiative soutient les objectifs d\u2019excellence \u00e9ducative du gouvernement, alignant les efforts sur les priorit\u00e9s nationales en mati\u00e8re d\u2019\u00e9ducation et de d\u00e9veloppement.<\/p>\n\n\n\n<p>Ce contrat de trois ans repr\u00e9sente une avanc\u00e9e majeure vers une \u00e9ducation plus inclusive et respectueuse des droits humains, jetant ainsi les bases d\u2019une soci\u00e9t\u00e9 plus juste et \u00e9quitable pour les g\u00e9n\u00e9rations \u00e0 venir.<\/p>\n","protected":false},"excerpt":{"rendered":"Droits Humains, B\u00e9nin &#8211; Un contrat de trois ans a \u00e9t\u00e9 sign\u00e9 r\u00e9cemment entre le Minist\u00e8re de l\u2019Enseignement&hellip;\n","protected":false},"author":3,"featured_media":7303,"comment_status":"open","ping_status":"open","sticky":false,"template":"elementor_theme","format":"standard","meta":{"csco_singular_sidebar":"","csco_page_header_type":"standard","csco_appearance_masonry":"","csco_page_load_nextpost":"","csco_post_video_location":[],"csco_post_video_location_hash":"","csco_post_video_url":"","csco_post_video_bg_start_time":0,"csco_post_video_bg_end_time":0,"footnotes":""},"categories":[45,239],"tags":[624,41,636],"class_list":{"0":"post-7302","1":"post","2":"type-post","3":"status-publish","4":"format-standard","5":"has-post-thumbnail","7":"category-gouvernance","8":"category-levenement-2","9":"tag-amnesty-international","10":"tag-benin","11":"tag-droits-humains","12":"cs-entry","13":"cs-video-wrap"},"yoast_head":"<!-- This site is optimized with the Yoast SEO plugin v27.4 - https:\/\/yoast.com\/product\/yoast-seo-wordpress\/ -->\n<title>Un accord triennal entre le MESTFP et Amnesty International pour promouvoir les droits humains dans les coll\u00e8ges et lyc\u00e9es - LA MARINA BJ<\/title>\n<meta name=\"description\" content=\"Pour le ministre Kouaro Yves CHABI cette initiative soutient les objectifs d\u2019excellence \u00e9ducative du gouvernement, alignant les efforts sur..\" \/>\n<meta name=\"robots\" content=\"index, follow, max-snippet:-1, max-image-preview:large, max-video-preview:-1\" \/>\n<link rel=\"canonical\" href=\"https:\/\/lamarinabj.com\/index.php\/2024\/08\/06\/un-accord-triennal-entre-le-mestfp-et-amnesty-international-pour-promouvoir-les-droits-humains-dans-les-colleges-et-lycees\/\" \/>\n<meta property=\"og:locale\" content=\"fr_FR\" \/>\n<meta property=\"og:type\" content=\"article\" \/>\n<meta property=\"og:title\" content=\"Un accord triennal entre le MESTFP et Amnesty International pour promouvoir les droits humains dans les coll\u00e8ges et lyc\u00e9es - LA MARINA BJ\" \/>\n<meta property=\"og:description\" content=\"Pour le ministre Kouaro Yves CHABI cette initiative soutient les objectifs d\u2019excellence \u00e9ducative du gouvernement, alignant les efforts sur..\" \/>\n<meta property=\"og:url\" content=\"https:\/\/lamarinabj.com\/index.php\/2024\/08\/06\/un-accord-triennal-entre-le-mestfp-et-amnesty-international-pour-promouvoir-les-droits-humains-dans-les-colleges-et-lycees\/\" \/>\n<meta property=\"og:site_name\" content=\"LA MARINA BJ\" \/>\n<meta property=\"article:published_time\" content=\"2024-08-06T08:07:12+00:00\" \/>\n<meta property=\"article:modified_time\" content=\"2024-08-06T08:25:51+00:00\" \/>\n<meta property=\"og:image\" content=\"https:\/\/lamarinabj.com\/wp-content\/uploads\/2024\/08\/53904363918_52c9066a02_b.jpg\" \/>\n\t<meta property=\"og:image:width\" content=\"1024\" \/>\n\t<meta property=\"og:image:height\" content=\"683\" \/>\n\t<meta property=\"og:image:type\" content=\"image\/jpeg\" \/>\n<meta name=\"author\" content=\"La Marina BJ - Team Veille &amp; Projets publics\" \/>\n<meta name=\"twitter:card\" content=\"summary_large_image\" \/>\n<meta name=\"twitter:label1\" content=\"\u00c9crit par\" \/>\n\t<meta name=\"twitter:data1\" content=\"La Marina BJ - Team Veille &amp; Projets publics\" \/>\n\t<meta name=\"twitter:label2\" content=\"Dur\u00e9e de lecture estim\u00e9e\" \/>\n\t<meta name=\"twitter:data2\" content=\"2 minutes\" \/>\n<script type=\"application\/ld+json\" class=\"yoast-schema-graph\">{\"@context\":\"https:\\\/\\\/schema.org\",\"@graph\":[{\"@type\":\"NewsArticle\",\"@id\":\"https:\\\/\\\/lamarinabj.com\\\/index.php\\\/2024\\\/08\\\/06\\\/un-accord-triennal-entre-le-mestfp-et-amnesty-international-pour-promouvoir-les-droits-humains-dans-les-colleges-et-lycees\\\/#article\",\"isPartOf\":{\"@id\":\"https:\\\/\\\/lamarinabj.com\\\/index.php\\\/2024\\\/08\\\/06\\\/un-accord-triennal-entre-le-mestfp-et-amnesty-international-pour-promouvoir-les-droits-humains-dans-les-colleges-et-lycees\\\/\"},\"author\":{\"name\":\"La Marina BJ - Team Veille &amp; Projets publics\",\"@id\":\"https:\\\/\\\/lamarinabj.com\\\/#\\\/schema\\\/person\\\/70c372a4c3c86bd4844a0382357a0f2d\"},\"headline\":\"Un accord triennal entre le MESTFP et Amnesty International pour promouvoir les droits humains dans les coll\u00e8ges et lyc\u00e9es\",\"datePublished\":\"2024-08-06T08:07:12+00:00\",\"dateModified\":\"2024-08-06T08:25:51+00:00\",\"mainEntityOfPage\":{\"@id\":\"https:\\\/\\\/lamarinabj.com\\\/index.php\\\/2024\\\/08\\\/06\\\/un-accord-triennal-entre-le-mestfp-et-amnesty-international-pour-promouvoir-les-droits-humains-dans-les-colleges-et-lycees\\\/\"},\"wordCount\":390,\"commentCount\":0,\"image\":{\"@id\":\"https:\\\/\\\/lamarinabj.com\\\/index.php\\\/2024\\\/08\\\/06\\\/un-accord-triennal-entre-le-mestfp-et-amnesty-international-pour-promouvoir-les-droits-humains-dans-les-colleges-et-lycees\\\/#primaryimage\"},\"thumbnailUrl\":\"https:\\\/\\\/lamarinabj.com\\\/wp-content\\\/uploads\\\/2024\\\/08\\\/53904363918_52c9066a02_b.jpg\",\"keywords\":[\"Amnesty International\",\"B\u00e9nin\",\"Droits Humains\"],\"articleSection\":[\"GOUVERNANCE\",\"L'\u00c9V\u00c9NEMENT\"],\"inLanguage\":\"fr-FR\",\"potentialAction\":[{\"@type\":\"CommentAction\",\"name\":\"Comment\",\"target\":[\"https:\\\/\\\/lamarinabj.com\\\/index.php\\\/2024\\\/08\\\/06\\\/un-accord-triennal-entre-le-mestfp-et-amnesty-international-pour-promouvoir-les-droits-humains-dans-les-colleges-et-lycees\\\/#respond\"]}]},{\"@type\":[\"WebPage\",\"SearchResultsPage\"],\"@id\":\"https:\\\/\\\/lamarinabj.com\\\/index.php\\\/2024\\\/08\\\/06\\\/un-accord-triennal-entre-le-mestfp-et-amnesty-international-pour-promouvoir-les-droits-humains-dans-les-colleges-et-lycees\\\/\",\"url\":\"https:\\\/\\\/lamarinabj.com\\\/index.php\\\/2024\\\/08\\\/06\\\/un-accord-triennal-entre-le-mestfp-et-amnesty-international-pour-promouvoir-les-droits-humains-dans-les-colleges-et-lycees\\\/\",\"name\":\"Un accord triennal entre le MESTFP et Amnesty International pour promouvoir les droits humains dans les coll\u00e8ges et lyc\u00e9es - LA MARINA BJ\",\"isPartOf\":{\"@id\":\"https:\\\/\\\/lamarinabj.com\\\/#website\"},\"primaryImageOfPage\":{\"@id\":\"https:\\\/\\\/lamarinabj.com\\\/index.php\\\/2024\\\/08\\\/06\\\/un-accord-triennal-entre-le-mestfp-et-amnesty-international-pour-promouvoir-les-droits-humains-dans-les-colleges-et-lycees\\\/#primaryimage\"},\"image\":{\"@id\":\"https:\\\/\\\/lamarinabj.com\\\/index.php\\\/2024\\\/08\\\/06\\\/un-accord-triennal-entre-le-mestfp-et-amnesty-international-pour-promouvoir-les-droits-humains-dans-les-colleges-et-lycees\\\/#primaryimage\"},\"thumbnailUrl\":\"https:\\\/\\\/lamarinabj.com\\\/wp-content\\\/uploads\\\/2024\\\/08\\\/53904363918_52c9066a02_b.jpg\",\"datePublished\":\"2024-08-06T08:07:12+00:00\",\"dateModified\":\"2024-08-06T08:25:51+00:00\",\"author\":{\"@id\":\"https:\\\/\\\/lamarinabj.com\\\/#\\\/schema\\\/person\\\/70c372a4c3c86bd4844a0382357a0f2d\"},\"description\":\"Pour le ministre Kouaro Yves CHABI cette initiative soutient les objectifs d\u2019excellence \u00e9ducative du gouvernement, alignant les efforts sur..\",\"breadcrumb\":{\"@id\":\"https:\\\/\\\/lamarinabj.com\\\/index.php\\\/2024\\\/08\\\/06\\\/un-accord-triennal-entre-le-mestfp-et-amnesty-international-pour-promouvoir-les-droits-humains-dans-les-colleges-et-lycees\\\/#breadcrumb\"},\"inLanguage\":\"fr-FR\",\"potentialAction\":[{\"@type\":\"ReadAction\",\"target\":[\"https:\\\/\\\/lamarinabj.com\\\/index.php\\\/2024\\\/08\\\/06\\\/un-accord-triennal-entre-le-mestfp-et-amnesty-international-pour-promouvoir-les-droits-humains-dans-les-colleges-et-lycees\\\/\"]}]},{\"@type\":\"ImageObject\",\"inLanguage\":\"fr-FR\",\"@id\":\"https:\\\/\\\/lamarinabj.com\\\/index.php\\\/2024\\\/08\\\/06\\\/un-accord-triennal-entre-le-mestfp-et-amnesty-international-pour-promouvoir-les-droits-humains-dans-les-colleges-et-lycees\\\/#primaryimage\",\"url\":\"https:\\\/\\\/lamarinabj.com\\\/wp-content\\\/uploads\\\/2024\\\/08\\\/53904363918_52c9066a02_b.jpg\",\"contentUrl\":\"https:\\\/\\\/lamarinabj.com\\\/wp-content\\\/uploads\\\/2024\\\/08\\\/53904363918_52c9066a02_b.jpg\",\"width\":1024,\"height\":683},{\"@type\":\"BreadcrumbList\",\"@id\":\"https:\\\/\\\/lamarinabj.com\\\/index.php\\\/2024\\\/08\\\/06\\\/un-accord-triennal-entre-le-mestfp-et-amnesty-international-pour-promouvoir-les-droits-humains-dans-les-colleges-et-lycees\\\/#breadcrumb\",\"itemListElement\":[{\"@type\":\"ListItem\",\"position\":1,\"name\":\"Accueil\",\"item\":\"https:\\\/\\\/lamarinabj.com\\\/\"},{\"@type\":\"ListItem\",\"position\":2,\"name\":\"Un accord triennal entre le MESTFP et Amnesty International pour promouvoir les droits humains dans les coll\u00e8ges et lyc\u00e9es\"}]},{\"@type\":\"WebSite\",\"@id\":\"https:\\\/\\\/lamarinabj.com\\\/#website\",\"url\":\"https:\\\/\\\/lamarinabj.com\\\/\",\"name\":\"LA MARINA BJ\",\"description\":\"Votre portail vers l&#039;information strat\u00e9gique au B\u00e9nin, en Afrique et au-del\u00e0\",\"potentialAction\":[{\"@type\":\"SearchAction\",\"target\":{\"@type\":\"EntryPoint\",\"urlTemplate\":\"https:\\\/\\\/lamarinabj.com\\\/?s={search_term_string}\"},\"query-input\":{\"@type\":\"PropertyValueSpecification\",\"valueRequired\":true,\"valueName\":\"search_term_string\"}}],\"inLanguage\":\"fr-FR\"},{\"@type\":\"Person\",\"@id\":\"https:\\\/\\\/lamarinabj.com\\\/#\\\/schema\\\/person\\\/70c372a4c3c86bd4844a0382357a0f2d\",\"name\":\"La Marina BJ - Team Veille &amp; Projets publics\",\"image\":{\"@type\":\"ImageObject\",\"inLanguage\":\"fr-FR\",\"@id\":\"https:\\\/\\\/secure.gravatar.com\\\/avatar\\\/b56740eda81210101c8acebdd7c5c7db1bd0ab57f63df607996683fa153ff0d0?s=96&d=mm&r=g\",\"url\":\"https:\\\/\\\/secure.gravatar.com\\\/avatar\\\/b56740eda81210101c8acebdd7c5c7db1bd0ab57f63df607996683fa153ff0d0?s=96&d=mm&r=g\",\"contentUrl\":\"https:\\\/\\\/secure.gravatar.com\\\/avatar\\\/b56740eda81210101c8acebdd7c5c7db1bd0ab57f63df607996683fa153ff0d0?s=96&d=mm&r=g\",\"caption\":\"La Marina BJ - Team Veille &amp; Projets publics\"},\"description\":\"La Team Veille &amp; Projets publics de La Marina BJ est d\u00e9di\u00e9e \u00e0 la surveillance proactive des dynamiques institutionnelles impuls\u00e9es par l\u2019\u00c9tat, les agences publiques, les collectivit\u00e9s territoriales ainsi que les partenaires techniques et financiers. Gr\u00e2ce \u00e0 une veille strat\u00e9gique permanente, cette \u00e9quipe identifie et suit les projets de d\u00e9veloppement, les \u00e9tudes pr\u00e9alables et les investissements publics majeurs. Elle documente les politiques sectorielles, analyse les enjeux techniques, \u00e9conomiques, sociaux et environnementaux, et produit des contenus exclusifs pour \u00e9clairer les mutations structurelles.\",\"url\":\"https:\\\/\\\/lamarinabj.com\\\/index.php\\\/author\\\/simahou\\\/\"}]}<\/script>\n<!-- \/ Yoast SEO plugin. -->","yoast_head_json":{"title":"Un accord triennal entre le MESTFP et Amnesty International pour promouvoir les droits humains dans les coll\u00e8ges et lyc\u00e9es - LA MARINA BJ","description":"Pour le ministre Kouaro Yves CHABI cette initiative soutient les objectifs d\u2019excellence \u00e9ducative du gouvernement, alignant les efforts sur..","robots":{"index":"index","follow":"follow","max-snippet":"max-snippet:-1","max-image-preview":"max-image-preview:large","max-video-preview":"max-video-preview:-1"},"canonical":"https:\/\/lamarinabj.com\/index.php\/2024\/08\/06\/un-accord-triennal-entre-le-mestfp-et-amnesty-international-pour-promouvoir-les-droits-humains-dans-les-colleges-et-lycees\/","og_locale":"fr_FR","og_type":"article","og_title":"Un accord triennal entre le MESTFP et Amnesty International pour promouvoir les droits humains dans les coll\u00e8ges et lyc\u00e9es - LA MARINA BJ","og_description":"Pour le ministre Kouaro Yves CHABI cette initiative soutient les objectifs d\u2019excellence \u00e9ducative du gouvernement, alignant les efforts sur..","og_url":"https:\/\/lamarinabj.com\/index.php\/2024\/08\/06\/un-accord-triennal-entre-le-mestfp-et-amnesty-international-pour-promouvoir-les-droits-humains-dans-les-colleges-et-lycees\/","og_site_name":"LA MARINA BJ","article_published_time":"2024-08-06T08:07:12+00:00","article_modified_time":"2024-08-06T08:25:51+00:00","og_image":[{"width":1024,"height":683,"url":"https:\/\/lamarinabj.com\/wp-content\/uploads\/2024\/08\/53904363918_52c9066a02_b.jpg","type":"image\/jpeg"}],"author":"La Marina BJ - Team Veille &amp; Projets publics","twitter_card":"summary_large_image","twitter_misc":{"\u00c9crit par":"La Marina BJ - Team Veille &amp; Projets publics","Dur\u00e9e de lecture estim\u00e9e":"2 minutes"},"schema":{"@context":"https:\/\/schema.org","@graph":[{"@type":"NewsArticle","@id":"https:\/\/lamarinabj.com\/index.php\/2024\/08\/06\/un-accord-triennal-entre-le-mestfp-et-amnesty-international-pour-promouvoir-les-droits-humains-dans-les-colleges-et-lycees\/#article","isPartOf":{"@id":"https:\/\/lamarinabj.com\/index.php\/2024\/08\/06\/un-accord-triennal-entre-le-mestfp-et-amnesty-international-pour-promouvoir-les-droits-humains-dans-les-colleges-et-lycees\/"},"author":{"name":"La Marina BJ - Team Veille &amp; Projets publics","@id":"https:\/\/lamarinabj.com\/#\/schema\/person\/70c372a4c3c86bd4844a0382357a0f2d"},"headline":"Un accord triennal entre le MESTFP et Amnesty International pour promouvoir les droits humains dans les coll\u00e8ges et lyc\u00e9es","datePublished":"2024-08-06T08:07:12+00:00","dateModified":"2024-08-06T08:25:51+00:00","mainEntityOfPage":{"@id":"https:\/\/lamarinabj.com\/index.php\/2024\/08\/06\/un-accord-triennal-entre-le-mestfp-et-amnesty-international-pour-promouvoir-les-droits-humains-dans-les-colleges-et-lycees\/"},"wordCount":390,"commentCount":0,"image":{"@id":"https:\/\/lamarinabj.com\/index.php\/2024\/08\/06\/un-accord-triennal-entre-le-mestfp-et-amnesty-international-pour-promouvoir-les-droits-humains-dans-les-colleges-et-lycees\/#primaryimage"},"thumbnailUrl":"https:\/\/lamarinabj.com\/wp-content\/uploads\/2024\/08\/53904363918_52c9066a02_b.jpg","keywords":["Amnesty International","B\u00e9nin","Droits Humains"],"articleSection":["GOUVERNANCE","L'\u00c9V\u00c9NEMENT"],"inLanguage":"fr-FR","potentialAction":[{"@type":"CommentAction","name":"Comment","target":["https:\/\/lamarinabj.com\/index.php\/2024\/08\/06\/un-accord-triennal-entre-le-mestfp-et-amnesty-international-pour-promouvoir-les-droits-humains-dans-les-colleges-et-lycees\/#respond"]}]},{"@type":["WebPage","SearchResultsPage"],"@id":"https:\/\/lamarinabj.com\/index.php\/2024\/08\/06\/un-accord-triennal-entre-le-mestfp-et-amnesty-international-pour-promouvoir-les-droits-humains-dans-les-colleges-et-lycees\/","url":"https:\/\/lamarinabj.com\/index.php\/2024\/08\/06\/un-accord-triennal-entre-le-mestfp-et-amnesty-international-pour-promouvoir-les-droits-humains-dans-les-colleges-et-lycees\/","name":"Un accord triennal entre le MESTFP et Amnesty International pour promouvoir les droits humains dans les coll\u00e8ges et lyc\u00e9es - LA MARINA BJ","isPartOf":{"@id":"https:\/\/lamarinabj.com\/#website"},"primaryImageOfPage":{"@id":"https:\/\/lamarinabj.com\/index.php\/2024\/08\/06\/un-accord-triennal-entre-le-mestfp-et-amnesty-international-pour-promouvoir-les-droits-humains-dans-les-colleges-et-lycees\/#primaryimage"},"image":{"@id":"https:\/\/lamarinabj.com\/index.php\/2024\/08\/06\/un-accord-triennal-entre-le-mestfp-et-amnesty-international-pour-promouvoir-les-droits-humains-dans-les-colleges-et-lycees\/#primaryimage"},"thumbnailUrl":"https:\/\/lamarinabj.com\/wp-content\/uploads\/2024\/08\/53904363918_52c9066a02_b.jpg","datePublished":"2024-08-06T08:07:12+00:00","dateModified":"2024-08-06T08:25:51+00:00","author":{"@id":"https:\/\/lamarinabj.com\/#\/schema\/person\/70c372a4c3c86bd4844a0382357a0f2d"},"description":"Pour le ministre Kouaro Yves CHABI cette initiative soutient les objectifs d\u2019excellence \u00e9ducative du gouvernement, alignant les efforts sur..","breadcrumb":{"@id":"https:\/\/lamarinabj.com\/index.php\/2024\/08\/06\/un-accord-triennal-entre-le-mestfp-et-amnesty-international-pour-promouvoir-les-droits-humains-dans-les-colleges-et-lycees\/#breadcrumb"},"inLanguage":"fr-FR","potentialAction":[{"@type":"ReadAction","target":["https:\/\/lamarinabj.com\/index.php\/2024\/08\/06\/un-accord-triennal-entre-le-mestfp-et-amnesty-international-pour-promouvoir-les-droits-humains-dans-les-colleges-et-lycees\/"]}]},{"@type":"ImageObject","inLanguage":"fr-FR","@id":"https:\/\/lamarinabj.com\/index.php\/2024\/08\/06\/un-accord-triennal-entre-le-mestfp-et-amnesty-international-pour-promouvoir-les-droits-humains-dans-les-colleges-et-lycees\/#primaryimage","url":"https:\/\/lamarinabj.com\/wp-content\/uploads\/2024\/08\/53904363918_52c9066a02_b.jpg","contentUrl":"https:\/\/lamarinabj.com\/wp-content\/uploads\/2024\/08\/53904363918_52c9066a02_b.jpg","width":1024,"height":683},{"@type":"BreadcrumbList","@id":"https:\/\/lamarinabj.com\/index.php\/2024\/08\/06\/un-accord-triennal-entre-le-mestfp-et-amnesty-international-pour-promouvoir-les-droits-humains-dans-les-colleges-et-lycees\/#breadcrumb","itemListElement":[{"@type":"ListItem","position":1,"name":"Accueil","item":"https:\/\/lamarinabj.com\/"},{"@type":"ListItem","position":2,"name":"Un accord triennal entre le MESTFP et Amnesty International pour promouvoir les droits humains dans les coll\u00e8ges et lyc\u00e9es"}]},{"@type":"WebSite","@id":"https:\/\/lamarinabj.com\/#website","url":"https:\/\/lamarinabj.com\/","name":"LA MARINA BJ","description":"Votre portail vers l&#039;information strat\u00e9gique au B\u00e9nin, en Afrique et au-del\u00e0","potentialAction":[{"@type":"SearchAction","target":{"@type":"EntryPoint","urlTemplate":"https:\/\/lamarinabj.com\/?s={search_term_string}"},"query-input":{"@type":"PropertyValueSpecification","valueRequired":true,"valueName":"search_term_string"}}],"inLanguage":"fr-FR"},{"@type":"Person","@id":"https:\/\/lamarinabj.com\/#\/schema\/person\/70c372a4c3c86bd4844a0382357a0f2d","name":"La Marina BJ - Team Veille &amp; Projets publics","image":{"@type":"ImageObject","inLanguage":"fr-FR","@id":"https:\/\/secure.gravatar.com\/avatar\/b56740eda81210101c8acebdd7c5c7db1bd0ab57f63df607996683fa153ff0d0?s=96&d=mm&r=g","url":"https:\/\/secure.gravatar.com\/avatar\/b56740eda81210101c8acebdd7c5c7db1bd0ab57f63df607996683fa153ff0d0?s=96&d=mm&r=g","contentUrl":"https:\/\/secure.gravatar.com\/avatar\/b56740eda81210101c8acebdd7c5c7db1bd0ab57f63df607996683fa153ff0d0?s=96&d=mm&r=g","caption":"La Marina BJ - Team Veille &amp; Projets publics"},"description":"La Team Veille &amp; Projets publics de La Marina BJ est d\u00e9di\u00e9e \u00e0 la surveillance proactive des dynamiques institutionnelles impuls\u00e9es par l\u2019\u00c9tat, les agences publiques, les collectivit\u00e9s territoriales ainsi que les partenaires techniques et financiers. Gr\u00e2ce \u00e0 une veille strat\u00e9gique permanente, cette \u00e9quipe identifie et suit les projets de d\u00e9veloppement, les \u00e9tudes pr\u00e9alables et les investissements publics majeurs. Elle documente les politiques sectorielles, analyse les enjeux techniques, \u00e9conomiques, sociaux et environnementaux, et produit des contenus exclusifs pour \u00e9clairer les mutations structurelles.","url":"https:\/\/lamarinabj.com\/index.php\/author\/simahou\/"}]}},"_links":{"self":[{"href":"https:\/\/lamarinabj.com\/index.php\/wp-json\/wp\/v2\/posts\/7302","targetHints":{"allow":["GET"]}}],"collection":[{"href":"https:\/\/lamarinabj.com\/index.php\/wp-json\/wp\/v2\/posts"}],"about":[{"href":"https:\/\/lamarinabj.com\/index.php\/wp-json\/wp\/v2\/types\/post"}],"author":[{"embeddable":true,"href":"https:\/\/lamarinabj.com\/index.php\/wp-json\/wp\/v2\/users\/3"}],"replies":[{"embeddable":true,"href":"https:\/\/lamarinabj.com\/index.php\/wp-json\/wp\/v2\/comments?post=7302"}],"version-history":[{"count":3,"href":"https:\/\/lamarinabj.com\/index.php\/wp-json\/wp\/v2\/posts\/7302\/revisions"}],"predecessor-version":[{"id":7309,"href":"https:\/\/lamarinabj.com\/index.php\/wp-json\/wp\/v2\/posts\/7302\/revisions\/7309"}],"wp:featuredmedia":[{"embeddable":true,"href":"https:\/\/lamarinabj.com\/index.php\/wp-json\/wp\/v2\/media\/7303"}],"wp:attachment":[{"href":"https:\/\/lamarinabj.com\/index.php\/wp-json\/wp\/v2\/media?parent=7302"}],"wp:term":[{"taxonomy":"category","embeddable":true,"href":"https:\/\/lamarinabj.com\/index.php\/wp-json\/wp\/v2\/categories?post=7302"},{"taxonomy":"post_tag","embeddable":true,"href":"https:\/\/lamarinabj.com\/index.php\/wp-json\/wp\/v2\/tags?post=7302"}],"curies":[{"name":"wp","href":"https:\/\/api.w.org\/{rel}","templated":true}]}}