{"id":7399,"date":"2024-08-09T15:21:00","date_gmt":"2024-08-09T14:21:00","guid":{"rendered":"https:\/\/lamarinabj.com\/?p=7399"},"modified":"2024-08-09T15:16:04","modified_gmt":"2024-08-09T14:16:04","slug":"benin-indice-du-chiffre-daffaires-un-bilan-positif-pour-le-commerce-et-les-services-au-premier-trimestre-2024","status":"publish","type":"post","link":"https:\/\/lamarinabj.com\/index.php\/2024\/08\/09\/benin-indice-du-chiffre-daffaires-un-bilan-positif-pour-le-commerce-et-les-services-au-premier-trimestre-2024\/","title":{"rendered":"B\u00e9nin\/indice du chiffre d\u2019affaires : Un bilan positif pour le Commerce et les Services au premier trimestre 2024"},"content":{"rendered":"\n<p><strong><mark style=\"background-color:rgba(0, 0, 0, 0)\" class=\"has-inline-color has-red-color\">\u00c9conomie, B\u00e9nin<\/mark><\/strong> &#8211; <strong><em>L&rsquo;Institut National de la Statistique et de la D\u00e9mographie (INStaD) a rendu publics hier, jeudi 08 ao\u00fbt 2024, les indices provisoires du chiffre d&rsquo;affaires (ICA) pour le commerce et les autres services, conform\u00e9ment aux nouvelles recommandations internationales des Nations Unies. Ces r\u00e9sultats marquent une \u00e9tape importante dans le processus de mise aux normes internationales des statistiques d&rsquo;entreprises, engag\u00e9 par le B\u00e9nin depuis 2016. En savoir plus.<\/em><\/strong><\/p>\n\n\n\n<hr class=\"wp-block-separator has-alpha-channel-opacity\"\/>\n\n\n\n<p>Cela s&rsquo;inscrit dans le cadre du Programme Statistique R\u00e9gional (PSR) pilot\u00e9 par la Commission de l\u2019Union \u00c9conomique et Mon\u00e9taire Ouest Africaine (UEMOA) et mis en \u0153uvre par l\u2019Observatoire \u00c9conomique et Statistique d\u2019Afrique Subsaharienne (AFRISTAT). Ce programme, qui vise \u00e0 fournir aux \u00c9tats membres des statistiques harmonis\u00e9es, fiables et conformes aux normes internationales, inclut la production r\u00e9guli\u00e8re de l&rsquo;Indice du Chiffre d&rsquo;Affaires pour l&rsquo;industrie, le commerce et les autres services.<\/p>\n\n\n\n<h2 id=\"des-performances-contrastees-dans-le-secteur-du-commerce\" class=\"wp-block-heading\"><strong><mark style=\"background-color:rgba(0, 0, 0, 0)\" class=\"has-inline-color has-red-color\">Des performances contrast\u00e9es dans le secteur du commerce<\/mark><\/strong><\/h2>\n\n\n\n<p>Les r\u00e9sultats provisoires du premier trimestre 2024 montrent une augmentation globale de 0,5 % de l&rsquo;ICA Commerce par rapport \u00e0 la m\u00eame p\u00e9riode en 2023. Cette progression modeste masque cependant des dynamiques contrast\u00e9es au sein des diff\u00e9rentes branches du secteur. Les segments du \u00ab commerce et r\u00e9paration d\u2019automobiles et de motocycles \u00bb ainsi que du \u00ab commerce de d\u00e9tail \u00bb ont enregistr\u00e9 des hausses respectives de 21,4 % et 14,2 %. Cependant, ces performances ont \u00e9t\u00e9 att\u00e9nu\u00e9es par une baisse marqu\u00e9e de 35,4 % dans le \u00ab commerce de gros et activit\u00e9s des interm\u00e9diaires \u00bb, traduisant les d\u00e9fis persistants dans cette sous-branche.<\/p>\n\n\n\n<h2 id=\"les-services-en-forte-croissance\" class=\"wp-block-heading\"><strong><mark style=\"background-color:rgba(0, 0, 0, 0)\" class=\"has-inline-color has-red-color\">Les services en forte croissance<\/mark><\/strong><\/h2>\n\n\n\n<p>En revanche, le secteur des services affiche une dynamique nettement plus vigoureuse avec une hausse de 8,7 % de l&rsquo;ICA au premier trimestre 2024 compar\u00e9 au premier trimestre 2023. Ce dynamisme est principalement soutenu par des croissances importantes dans les secteurs de l&rsquo;\u00ab h\u00e9bergement et restauration \u00bb (+12,9 %), des \u00ab activit\u00e9s immobili\u00e8res \u00bb (+8,4 %), et des \u00ab informations et communications \u00bb (+8,6 %). Ces r\u00e9sultats t\u00e9moignent d&rsquo;une reprise robuste des services, probablement stimul\u00e9e par une demande accrue et un climat \u00e9conomique plus favorable.<\/p>\n\n\n\n<h2 id=\"un-engagement-continu-pour-des-statistiques-fiables\" class=\"wp-block-heading\"><strong><mark style=\"background-color:rgba(0, 0, 0, 0)\" class=\"has-inline-color has-red-color\">Un engagement continu pour des statistiques fiables<\/mark><\/strong><\/h2>\n\n\n\n<p>Ces r\u00e9sultats illustrent l&rsquo;engagement continu du B\u00e9nin \u00e0 produire des statistiques \u00e9conomiques fiables et conformes aux standards internationaux, avec l&rsquo;appui technique et financier de partenaires tels que la Commission de l\u2019UEMOA et AFRISTAT. La publication r\u00e9guli\u00e8re de ces indices, couvrant la p\u00e9riode allant du premier trimestre 2015 au premier trimestre 2024, constitue un outil essentiel pour la prise de d\u00e9cisions strat\u00e9giques par les acteurs \u00e9conomiques et les pouvoirs publics.<\/p>\n\n\n\n<p>Malgr\u00e9 les d\u00e9fis rencontr\u00e9s dans certains segments du commerce, les indicateurs globaux de l&rsquo;\u00e9conomie b\u00e9ninoise restent positifs, notamment gr\u00e2ce \u00e0 la bonne sant\u00e9 du secteur des services. Ces statistiques sont essentielles pour orienter les politiques \u00e9conomiques et accompagner la croissance durable du pays.<\/p>\n\n\n\n<hr class=\"wp-block-separator has-alpha-channel-opacity\"\/>\n\n\n\n<p><\/p>\n","protected":false},"excerpt":{"rendered":"\u00c9conomie, B\u00e9nin &#8211; L&rsquo;Institut National de la Statistique et de la D\u00e9mographie (INStaD) a rendu publics hier, jeudi&hellip;\n","protected":false},"author":8,"featured_media":7402,"comment_status":"open","ping_status":"open","sticky":false,"template":"","format":"standard","meta":{"csco_singular_sidebar":"","csco_page_header_type":"standard","csco_appearance_masonry":"","csco_page_load_nextpost":"","csco_post_video_location":[],"csco_post_video_location_hash":"","csco_post_video_url":"","csco_post_video_bg_start_time":0,"csco_post_video_bg_end_time":0,"footnotes":""},"categories":[191,45],"tags":[41,670,352,653],"class_list":{"0":"post-7399","1":"post","2":"type-post","3":"status-publish","4":"format-standard","5":"has-post-thumbnail","7":"category-en-savoir-plus-2","8":"category-gouvernance","9":"tag-benin","10":"tag-indice-du-chiffre-daffaires","11":"tag-instad","12":"tag-uemoa","13":"cs-entry","14":"cs-video-wrap"},"yoast_head":"<!-- This site is optimized with the Yoast SEO plugin v27.4 - https:\/\/yoast.com\/product\/yoast-seo-wordpress\/ -->\n<title>B\u00e9nin\/indice du chiffre d\u2019affaires : Un bilan positif pour le Commerce et les Services au premier trimestre 2024 - LA MARINA BJ<\/title>\n<meta name=\"description\" content=\"Malgr\u00e9 les d\u00e9fis rencontr\u00e9s dans certains segments du commerce, les indicateurs globaux de l&#039;\u00e9conomie b\u00e9ninoise restent positifs...\" \/>\n<meta name=\"robots\" content=\"index, follow, max-snippet:-1, max-image-preview:large, max-video-preview:-1\" \/>\n<link rel=\"canonical\" href=\"https:\/\/lamarinabj.com\/index.php\/2024\/08\/09\/benin-indice-du-chiffre-daffaires-un-bilan-positif-pour-le-commerce-et-les-services-au-premier-trimestre-2024\/\" \/>\n<meta property=\"og:locale\" content=\"fr_FR\" \/>\n<meta property=\"og:type\" content=\"article\" \/>\n<meta property=\"og:title\" content=\"B\u00e9nin\/indice du chiffre d\u2019affaires : Un bilan positif pour le Commerce et les Services au premier trimestre 2024 - LA MARINA BJ\" \/>\n<meta property=\"og:description\" content=\"Malgr\u00e9 les d\u00e9fis rencontr\u00e9s dans certains segments du commerce, les indicateurs globaux de l&#039;\u00e9conomie b\u00e9ninoise restent positifs...\" \/>\n<meta property=\"og:url\" content=\"https:\/\/lamarinabj.com\/index.php\/2024\/08\/09\/benin-indice-du-chiffre-daffaires-un-bilan-positif-pour-le-commerce-et-les-services-au-premier-trimestre-2024\/\" \/>\n<meta property=\"og:site_name\" content=\"LA MARINA BJ\" \/>\n<meta property=\"article:published_time\" content=\"2024-08-09T14:21:00+00:00\" \/>\n<meta property=\"og:image\" content=\"https:\/\/lamarinabj.com\/wp-content\/uploads\/2024\/08\/shadiya-assouma4-1.jpg\" \/>\n\t<meta property=\"og:image:width\" content=\"1200\" \/>\n\t<meta property=\"og:image:height\" content=\"675\" \/>\n\t<meta property=\"og:image:type\" content=\"image\/jpeg\" \/>\n<meta name=\"author\" content=\"La Marina BJ - Team Business &amp; \u00c9conomie &amp; Finances\" \/>\n<meta name=\"twitter:card\" content=\"summary_large_image\" \/>\n<meta name=\"twitter:label1\" content=\"\u00c9crit par\" \/>\n\t<meta name=\"twitter:data1\" content=\"La Marina BJ - Team Business &amp; \u00c9conomie &amp; Finances\" \/>\n\t<meta name=\"twitter:label2\" content=\"Dur\u00e9e de lecture estim\u00e9e\" \/>\n\t<meta name=\"twitter:data2\" content=\"3 minutes\" \/>\n<script type=\"application\/ld+json\" class=\"yoast-schema-graph\">{\"@context\":\"https:\\\/\\\/schema.org\",\"@graph\":[{\"@type\":\"NewsArticle\",\"@id\":\"https:\\\/\\\/lamarinabj.com\\\/index.php\\\/2024\\\/08\\\/09\\\/benin-indice-du-chiffre-daffaires-un-bilan-positif-pour-le-commerce-et-les-services-au-premier-trimestre-2024\\\/#article\",\"isPartOf\":{\"@id\":\"https:\\\/\\\/lamarinabj.com\\\/index.php\\\/2024\\\/08\\\/09\\\/benin-indice-du-chiffre-daffaires-un-bilan-positif-pour-le-commerce-et-les-services-au-premier-trimestre-2024\\\/\"},\"author\":{\"name\":\"La Marina BJ - Team Business &amp; \u00c9conomie &amp; Finances\",\"@id\":\"https:\\\/\\\/lamarinabj.com\\\/#\\\/schema\\\/person\\\/daecc7fb1eea21418f92763d06a3f4b4\"},\"headline\":\"B\u00e9nin\\\/indice du chiffre d\u2019affaires : Un bilan positif pour le Commerce et les Services au premier trimestre 2024\",\"datePublished\":\"2024-08-09T14:21:00+00:00\",\"mainEntityOfPage\":{\"@id\":\"https:\\\/\\\/lamarinabj.com\\\/index.php\\\/2024\\\/08\\\/09\\\/benin-indice-du-chiffre-daffaires-un-bilan-positif-pour-le-commerce-et-les-services-au-premier-trimestre-2024\\\/\"},\"wordCount\":496,\"commentCount\":0,\"image\":{\"@id\":\"https:\\\/\\\/lamarinabj.com\\\/index.php\\\/2024\\\/08\\\/09\\\/benin-indice-du-chiffre-daffaires-un-bilan-positif-pour-le-commerce-et-les-services-au-premier-trimestre-2024\\\/#primaryimage\"},\"thumbnailUrl\":\"https:\\\/\\\/lamarinabj.com\\\/wp-content\\\/uploads\\\/2024\\\/08\\\/shadiya-assouma4-1.jpg\",\"keywords\":[\"B\u00e9nin\",\"Indice du Chiffre d\u2019Affaires\",\"Instad\",\"UEMOA\"],\"articleSection\":[\"EN SAVOIR PLUS\",\"GOUVERNANCE\"],\"inLanguage\":\"fr-FR\",\"potentialAction\":[{\"@type\":\"CommentAction\",\"name\":\"Comment\",\"target\":[\"https:\\\/\\\/lamarinabj.com\\\/index.php\\\/2024\\\/08\\\/09\\\/benin-indice-du-chiffre-daffaires-un-bilan-positif-pour-le-commerce-et-les-services-au-premier-trimestre-2024\\\/#respond\"]}]},{\"@type\":[\"WebPage\",\"SearchResultsPage\"],\"@id\":\"https:\\\/\\\/lamarinabj.com\\\/index.php\\\/2024\\\/08\\\/09\\\/benin-indice-du-chiffre-daffaires-un-bilan-positif-pour-le-commerce-et-les-services-au-premier-trimestre-2024\\\/\",\"url\":\"https:\\\/\\\/lamarinabj.com\\\/index.php\\\/2024\\\/08\\\/09\\\/benin-indice-du-chiffre-daffaires-un-bilan-positif-pour-le-commerce-et-les-services-au-premier-trimestre-2024\\\/\",\"name\":\"B\u00e9nin\\\/indice du chiffre d\u2019affaires : Un bilan positif pour le Commerce et les Services au premier trimestre 2024 - LA MARINA BJ\",\"isPartOf\":{\"@id\":\"https:\\\/\\\/lamarinabj.com\\\/#website\"},\"primaryImageOfPage\":{\"@id\":\"https:\\\/\\\/lamarinabj.com\\\/index.php\\\/2024\\\/08\\\/09\\\/benin-indice-du-chiffre-daffaires-un-bilan-positif-pour-le-commerce-et-les-services-au-premier-trimestre-2024\\\/#primaryimage\"},\"image\":{\"@id\":\"https:\\\/\\\/lamarinabj.com\\\/index.php\\\/2024\\\/08\\\/09\\\/benin-indice-du-chiffre-daffaires-un-bilan-positif-pour-le-commerce-et-les-services-au-premier-trimestre-2024\\\/#primaryimage\"},\"thumbnailUrl\":\"https:\\\/\\\/lamarinabj.com\\\/wp-content\\\/uploads\\\/2024\\\/08\\\/shadiya-assouma4-1.jpg\",\"datePublished\":\"2024-08-09T14:21:00+00:00\",\"author\":{\"@id\":\"https:\\\/\\\/lamarinabj.com\\\/#\\\/schema\\\/person\\\/daecc7fb1eea21418f92763d06a3f4b4\"},\"description\":\"Malgr\u00e9 les d\u00e9fis rencontr\u00e9s dans certains segments du commerce, les indicateurs globaux de l'\u00e9conomie b\u00e9ninoise restent positifs...\",\"breadcrumb\":{\"@id\":\"https:\\\/\\\/lamarinabj.com\\\/index.php\\\/2024\\\/08\\\/09\\\/benin-indice-du-chiffre-daffaires-un-bilan-positif-pour-le-commerce-et-les-services-au-premier-trimestre-2024\\\/#breadcrumb\"},\"inLanguage\":\"fr-FR\",\"potentialAction\":[{\"@type\":\"ReadAction\",\"target\":[\"https:\\\/\\\/lamarinabj.com\\\/index.php\\\/2024\\\/08\\\/09\\\/benin-indice-du-chiffre-daffaires-un-bilan-positif-pour-le-commerce-et-les-services-au-premier-trimestre-2024\\\/\"]}]},{\"@type\":\"ImageObject\",\"inLanguage\":\"fr-FR\",\"@id\":\"https:\\\/\\\/lamarinabj.com\\\/index.php\\\/2024\\\/08\\\/09\\\/benin-indice-du-chiffre-daffaires-un-bilan-positif-pour-le-commerce-et-les-services-au-premier-trimestre-2024\\\/#primaryimage\",\"url\":\"https:\\\/\\\/lamarinabj.com\\\/wp-content\\\/uploads\\\/2024\\\/08\\\/shadiya-assouma4-1.jpg\",\"contentUrl\":\"https:\\\/\\\/lamarinabj.com\\\/wp-content\\\/uploads\\\/2024\\\/08\\\/shadiya-assouma4-1.jpg\",\"width\":1200,\"height\":675,\"caption\":\"D5-Presidence benin\"},{\"@type\":\"BreadcrumbList\",\"@id\":\"https:\\\/\\\/lamarinabj.com\\\/index.php\\\/2024\\\/08\\\/09\\\/benin-indice-du-chiffre-daffaires-un-bilan-positif-pour-le-commerce-et-les-services-au-premier-trimestre-2024\\\/#breadcrumb\",\"itemListElement\":[{\"@type\":\"ListItem\",\"position\":1,\"name\":\"Accueil\",\"item\":\"https:\\\/\\\/lamarinabj.com\\\/\"},{\"@type\":\"ListItem\",\"position\":2,\"name\":\"B\u00e9nin\\\/indice du chiffre d\u2019affaires : Un bilan positif pour le Commerce et les Services au premier trimestre 2024\"}]},{\"@type\":\"WebSite\",\"@id\":\"https:\\\/\\\/lamarinabj.com\\\/#website\",\"url\":\"https:\\\/\\\/lamarinabj.com\\\/\",\"name\":\"LA MARINA BJ\",\"description\":\"Votre portail vers l&#039;information strat\u00e9gique au B\u00e9nin, en Afrique et au-del\u00e0\",\"potentialAction\":[{\"@type\":\"SearchAction\",\"target\":{\"@type\":\"EntryPoint\",\"urlTemplate\":\"https:\\\/\\\/lamarinabj.com\\\/?s={search_term_string}\"},\"query-input\":{\"@type\":\"PropertyValueSpecification\",\"valueRequired\":true,\"valueName\":\"search_term_string\"}}],\"inLanguage\":\"fr-FR\"},{\"@type\":\"Person\",\"@id\":\"https:\\\/\\\/lamarinabj.com\\\/#\\\/schema\\\/person\\\/daecc7fb1eea21418f92763d06a3f4b4\",\"name\":\"La Marina BJ - Team Business &amp; \u00c9conomie &amp; Finances\",\"image\":{\"@type\":\"ImageObject\",\"inLanguage\":\"fr-FR\",\"@id\":\"https:\\\/\\\/secure.gravatar.com\\\/avatar\\\/007be62133093bb48d247a392503beff272bc6a9503872d32895035e0e72b4f7?s=96&d=mm&r=g\",\"url\":\"https:\\\/\\\/secure.gravatar.com\\\/avatar\\\/007be62133093bb48d247a392503beff272bc6a9503872d32895035e0e72b4f7?s=96&d=mm&r=g\",\"contentUrl\":\"https:\\\/\\\/secure.gravatar.com\\\/avatar\\\/007be62133093bb48d247a392503beff272bc6a9503872d32895035e0e72b4f7?s=96&d=mm&r=g\",\"caption\":\"La Marina BJ - Team Business &amp; \u00c9conomie &amp; Finances\"},\"description\":\"La Team \u00c9conomie &amp; Finances de La Marina BJ d\u00e9crypte les dynamiques \u00e9conomiques qui fa\u00e7onnent le B\u00e9nin, l\u2019Afrique et le monde. Compos\u00e9e de journalistes \u00e9conomiques, d\u2019analystes sectoriels et de veilleurs sp\u00e9cialis\u00e9s, elle s\u2019attache \u00e0 rendre lisibles les m\u00e9canismes financiers, les politiques budg\u00e9taires, les r\u00e9formes fiscales et les grandes orientations macro\u00e9conomiques. Son ambition : \u00e9clairer les choix, anticiper les tendances et outiller les d\u00e9cideurs \u2014 publics comme priv\u00e9s \u2014 dans un environnement \u00e9conomique en constante mutation.\",\"url\":\"https:\\\/\\\/lamarinabj.com\\\/index.php\\\/author\\\/ernestine\\\/\"}]}<\/script>\n<!-- \/ Yoast SEO plugin. -->","yoast_head_json":{"title":"B\u00e9nin\/indice du chiffre d\u2019affaires : Un bilan positif pour le Commerce et les Services au premier trimestre 2024 - LA MARINA BJ","description":"Malgr\u00e9 les d\u00e9fis rencontr\u00e9s dans certains segments du commerce, les indicateurs globaux de l'\u00e9conomie b\u00e9ninoise restent positifs...","robots":{"index":"index","follow":"follow","max-snippet":"max-snippet:-1","max-image-preview":"max-image-preview:large","max-video-preview":"max-video-preview:-1"},"canonical":"https:\/\/lamarinabj.com\/index.php\/2024\/08\/09\/benin-indice-du-chiffre-daffaires-un-bilan-positif-pour-le-commerce-et-les-services-au-premier-trimestre-2024\/","og_locale":"fr_FR","og_type":"article","og_title":"B\u00e9nin\/indice du chiffre d\u2019affaires : Un bilan positif pour le Commerce et les Services au premier trimestre 2024 - LA MARINA BJ","og_description":"Malgr\u00e9 les d\u00e9fis rencontr\u00e9s dans certains segments du commerce, les indicateurs globaux de l'\u00e9conomie b\u00e9ninoise restent positifs...","og_url":"https:\/\/lamarinabj.com\/index.php\/2024\/08\/09\/benin-indice-du-chiffre-daffaires-un-bilan-positif-pour-le-commerce-et-les-services-au-premier-trimestre-2024\/","og_site_name":"LA MARINA BJ","article_published_time":"2024-08-09T14:21:00+00:00","og_image":[{"width":1200,"height":675,"url":"https:\/\/lamarinabj.com\/wp-content\/uploads\/2024\/08\/shadiya-assouma4-1.jpg","type":"image\/jpeg"}],"author":"La Marina BJ - Team Business &amp; \u00c9conomie &amp; Finances","twitter_card":"summary_large_image","twitter_misc":{"\u00c9crit par":"La Marina BJ - Team Business &amp; \u00c9conomie &amp; Finances","Dur\u00e9e de lecture estim\u00e9e":"3 minutes"},"schema":{"@context":"https:\/\/schema.org","@graph":[{"@type":"NewsArticle","@id":"https:\/\/lamarinabj.com\/index.php\/2024\/08\/09\/benin-indice-du-chiffre-daffaires-un-bilan-positif-pour-le-commerce-et-les-services-au-premier-trimestre-2024\/#article","isPartOf":{"@id":"https:\/\/lamarinabj.com\/index.php\/2024\/08\/09\/benin-indice-du-chiffre-daffaires-un-bilan-positif-pour-le-commerce-et-les-services-au-premier-trimestre-2024\/"},"author":{"name":"La Marina BJ - Team Business &amp; \u00c9conomie &amp; Finances","@id":"https:\/\/lamarinabj.com\/#\/schema\/person\/daecc7fb1eea21418f92763d06a3f4b4"},"headline":"B\u00e9nin\/indice du chiffre d\u2019affaires : Un bilan positif pour le Commerce et les Services au premier trimestre 2024","datePublished":"2024-08-09T14:21:00+00:00","mainEntityOfPage":{"@id":"https:\/\/lamarinabj.com\/index.php\/2024\/08\/09\/benin-indice-du-chiffre-daffaires-un-bilan-positif-pour-le-commerce-et-les-services-au-premier-trimestre-2024\/"},"wordCount":496,"commentCount":0,"image":{"@id":"https:\/\/lamarinabj.com\/index.php\/2024\/08\/09\/benin-indice-du-chiffre-daffaires-un-bilan-positif-pour-le-commerce-et-les-services-au-premier-trimestre-2024\/#primaryimage"},"thumbnailUrl":"https:\/\/lamarinabj.com\/wp-content\/uploads\/2024\/08\/shadiya-assouma4-1.jpg","keywords":["B\u00e9nin","Indice du Chiffre d\u2019Affaires","Instad","UEMOA"],"articleSection":["EN SAVOIR PLUS","GOUVERNANCE"],"inLanguage":"fr-FR","potentialAction":[{"@type":"CommentAction","name":"Comment","target":["https:\/\/lamarinabj.com\/index.php\/2024\/08\/09\/benin-indice-du-chiffre-daffaires-un-bilan-positif-pour-le-commerce-et-les-services-au-premier-trimestre-2024\/#respond"]}]},{"@type":["WebPage","SearchResultsPage"],"@id":"https:\/\/lamarinabj.com\/index.php\/2024\/08\/09\/benin-indice-du-chiffre-daffaires-un-bilan-positif-pour-le-commerce-et-les-services-au-premier-trimestre-2024\/","url":"https:\/\/lamarinabj.com\/index.php\/2024\/08\/09\/benin-indice-du-chiffre-daffaires-un-bilan-positif-pour-le-commerce-et-les-services-au-premier-trimestre-2024\/","name":"B\u00e9nin\/indice du chiffre d\u2019affaires : Un bilan positif pour le Commerce et les Services au premier trimestre 2024 - LA MARINA BJ","isPartOf":{"@id":"https:\/\/lamarinabj.com\/#website"},"primaryImageOfPage":{"@id":"https:\/\/lamarinabj.com\/index.php\/2024\/08\/09\/benin-indice-du-chiffre-daffaires-un-bilan-positif-pour-le-commerce-et-les-services-au-premier-trimestre-2024\/#primaryimage"},"image":{"@id":"https:\/\/lamarinabj.com\/index.php\/2024\/08\/09\/benin-indice-du-chiffre-daffaires-un-bilan-positif-pour-le-commerce-et-les-services-au-premier-trimestre-2024\/#primaryimage"},"thumbnailUrl":"https:\/\/lamarinabj.com\/wp-content\/uploads\/2024\/08\/shadiya-assouma4-1.jpg","datePublished":"2024-08-09T14:21:00+00:00","author":{"@id":"https:\/\/lamarinabj.com\/#\/schema\/person\/daecc7fb1eea21418f92763d06a3f4b4"},"description":"Malgr\u00e9 les d\u00e9fis rencontr\u00e9s dans certains segments du commerce, les indicateurs globaux de l'\u00e9conomie b\u00e9ninoise restent positifs...","breadcrumb":{"@id":"https:\/\/lamarinabj.com\/index.php\/2024\/08\/09\/benin-indice-du-chiffre-daffaires-un-bilan-positif-pour-le-commerce-et-les-services-au-premier-trimestre-2024\/#breadcrumb"},"inLanguage":"fr-FR","potentialAction":[{"@type":"ReadAction","target":["https:\/\/lamarinabj.com\/index.php\/2024\/08\/09\/benin-indice-du-chiffre-daffaires-un-bilan-positif-pour-le-commerce-et-les-services-au-premier-trimestre-2024\/"]}]},{"@type":"ImageObject","inLanguage":"fr-FR","@id":"https:\/\/lamarinabj.com\/index.php\/2024\/08\/09\/benin-indice-du-chiffre-daffaires-un-bilan-positif-pour-le-commerce-et-les-services-au-premier-trimestre-2024\/#primaryimage","url":"https:\/\/lamarinabj.com\/wp-content\/uploads\/2024\/08\/shadiya-assouma4-1.jpg","contentUrl":"https:\/\/lamarinabj.com\/wp-content\/uploads\/2024\/08\/shadiya-assouma4-1.jpg","width":1200,"height":675,"caption":"D5-Presidence benin"},{"@type":"BreadcrumbList","@id":"https:\/\/lamarinabj.com\/index.php\/2024\/08\/09\/benin-indice-du-chiffre-daffaires-un-bilan-positif-pour-le-commerce-et-les-services-au-premier-trimestre-2024\/#breadcrumb","itemListElement":[{"@type":"ListItem","position":1,"name":"Accueil","item":"https:\/\/lamarinabj.com\/"},{"@type":"ListItem","position":2,"name":"B\u00e9nin\/indice du chiffre d\u2019affaires : Un bilan positif pour le Commerce et les Services au premier trimestre 2024"}]},{"@type":"WebSite","@id":"https:\/\/lamarinabj.com\/#website","url":"https:\/\/lamarinabj.com\/","name":"LA MARINA BJ","description":"Votre portail vers l&#039;information strat\u00e9gique au B\u00e9nin, en Afrique et au-del\u00e0","potentialAction":[{"@type":"SearchAction","target":{"@type":"EntryPoint","urlTemplate":"https:\/\/lamarinabj.com\/?s={search_term_string}"},"query-input":{"@type":"PropertyValueSpecification","valueRequired":true,"valueName":"search_term_string"}}],"inLanguage":"fr-FR"},{"@type":"Person","@id":"https:\/\/lamarinabj.com\/#\/schema\/person\/daecc7fb1eea21418f92763d06a3f4b4","name":"La Marina BJ - Team Business &amp; \u00c9conomie &amp; Finances","image":{"@type":"ImageObject","inLanguage":"fr-FR","@id":"https:\/\/secure.gravatar.com\/avatar\/007be62133093bb48d247a392503beff272bc6a9503872d32895035e0e72b4f7?s=96&d=mm&r=g","url":"https:\/\/secure.gravatar.com\/avatar\/007be62133093bb48d247a392503beff272bc6a9503872d32895035e0e72b4f7?s=96&d=mm&r=g","contentUrl":"https:\/\/secure.gravatar.com\/avatar\/007be62133093bb48d247a392503beff272bc6a9503872d32895035e0e72b4f7?s=96&d=mm&r=g","caption":"La Marina BJ - Team Business &amp; \u00c9conomie &amp; Finances"},"description":"La Team \u00c9conomie &amp; Finances de La Marina BJ d\u00e9crypte les dynamiques \u00e9conomiques qui fa\u00e7onnent le B\u00e9nin, l\u2019Afrique et le monde. Compos\u00e9e de journalistes \u00e9conomiques, d\u2019analystes sectoriels et de veilleurs sp\u00e9cialis\u00e9s, elle s\u2019attache \u00e0 rendre lisibles les m\u00e9canismes financiers, les politiques budg\u00e9taires, les r\u00e9formes fiscales et les grandes orientations macro\u00e9conomiques. Son ambition : \u00e9clairer les choix, anticiper les tendances et outiller les d\u00e9cideurs \u2014 publics comme priv\u00e9s \u2014 dans un environnement \u00e9conomique en constante mutation.","url":"https:\/\/lamarinabj.com\/index.php\/author\/ernestine\/"}]}},"_links":{"self":[{"href":"https:\/\/lamarinabj.com\/index.php\/wp-json\/wp\/v2\/posts\/7399","targetHints":{"allow":["GET"]}}],"collection":[{"href":"https:\/\/lamarinabj.com\/index.php\/wp-json\/wp\/v2\/posts"}],"about":[{"href":"https:\/\/lamarinabj.com\/index.php\/wp-json\/wp\/v2\/types\/post"}],"author":[{"embeddable":true,"href":"https:\/\/lamarinabj.com\/index.php\/wp-json\/wp\/v2\/users\/8"}],"replies":[{"embeddable":true,"href":"https:\/\/lamarinabj.com\/index.php\/wp-json\/wp\/v2\/comments?post=7399"}],"version-history":[{"count":1,"href":"https:\/\/lamarinabj.com\/index.php\/wp-json\/wp\/v2\/posts\/7399\/revisions"}],"predecessor-version":[{"id":7401,"href":"https:\/\/lamarinabj.com\/index.php\/wp-json\/wp\/v2\/posts\/7399\/revisions\/7401"}],"wp:featuredmedia":[{"embeddable":true,"href":"https:\/\/lamarinabj.com\/index.php\/wp-json\/wp\/v2\/media\/7402"}],"wp:attachment":[{"href":"https:\/\/lamarinabj.com\/index.php\/wp-json\/wp\/v2\/media?parent=7399"}],"wp:term":[{"taxonomy":"category","embeddable":true,"href":"https:\/\/lamarinabj.com\/index.php\/wp-json\/wp\/v2\/categories?post=7399"},{"taxonomy":"post_tag","embeddable":true,"href":"https:\/\/lamarinabj.com\/index.php\/wp-json\/wp\/v2\/tags?post=7399"}],"curies":[{"name":"wp","href":"https:\/\/api.w.org\/{rel}","templated":true}]}}