{"id":7562,"date":"2024-08-20T05:33:33","date_gmt":"2024-08-20T04:33:33","guid":{"rendered":"https:\/\/lamarinabj.com\/?p=7562"},"modified":"2024-08-20T05:39:26","modified_gmt":"2024-08-20T04:39:26","slug":"assemblee-generale-de-la-febefoot-enfin-le-retour-au-format-traditionnel-des-championnats-de-ligue-1-et-2","status":"publish","type":"post","link":"https:\/\/lamarinabj.com\/index.php\/2024\/08\/20\/assemblee-generale-de-la-febefoot-enfin-le-retour-au-format-traditionnel-des-championnats-de-ligue-1-et-2\/","title":{"rendered":"Assembl\u00e9e G\u00e9n\u00e9rale de la Febefoot : Enfin le retour au format traditionnel des championnats de Ligue 1 et 2 ?"},"content":{"rendered":"\n<p><mark style=\"background-color:rgba(0, 0, 0, 0)\" class=\"has-inline-color has-red-color\"><strong>Football, B\u00e9nin<\/strong><\/mark> &#8211; <strong><em>Ce mardi 20 ao\u00fbt 2024, la F\u00e9d\u00e9ration B\u00e9ninoise de Football entame ses Assembl\u00e9es G\u00e9n\u00e9rales au Palais des Congr\u00e8s de Cotonou. Cet \u00e9v\u00e9nement, particuli\u00e8rement attendu par les acteurs du football national, se d\u00e9roulera en deux phases distinctes. L&rsquo;Assembl\u00e9e G\u00e9n\u00e9rale Extraordinaire aura lieu aujourd&rsquo;hui, suivie de l&rsquo;Assembl\u00e9e G\u00e9n\u00e9rale Ordinaire demain. Parmi les questions les plus sensibles \u00e0 l&rsquo;ordre du jour, celle du retour au format traditionnel des championnats de Ligue 1 et Ligue 2 .<\/em><\/strong><\/p>\n\n\n\n<hr class=\"wp-block-separator has-alpha-channel-opacity\"\/>\n\n\n\n<p>Apr\u00e8s plusieurs ann\u00e9es de r\u00e9formes et de changements successifs, cette d\u00e9cision pourrait bien marquer un tournant pour le football b\u00e9ninois. Toutefois, ce retour attendu n&rsquo;est pas sans soulever des d\u00e9bats et des inqui\u00e9tudes.<\/p>\n\n\n\n<h4 id=\"un-retour-au-format-traditionnel-necessaire-pour-revitaliser-les-competitions-locales\" class=\"wp-block-heading\"><mark style=\"background-color:rgba(0, 0, 0, 0)\" class=\"has-inline-color has-red-color\">Un retour au format traditionnel, n\u00e9cessaire pour revitaliser les comp\u00e9titions locales ?<\/mark><\/h4>\n\n\n\n<p>Pour de nombreux observateurs et acteurs du football b\u00e9ninois, revenir au format traditionnel des championnats est per\u00e7u comme un moyen essentiel de redonner de la stabilit\u00e9 aux comp\u00e9titions nationales. Les r\u00e9formes successives des derni\u00e8res ann\u00e9es ont souvent \u00e9t\u00e9 critiqu\u00e9es pour leur manque de coh\u00e9rence et leur impact n\u00e9gatif sur l&rsquo;engagement des clubs et des supporters. Un retour \u00e0 un format bien \u00e9tabli pourrait ainsi renforcer la comp\u00e9titivit\u00e9 des \u00e9quipes et relancer l&rsquo;int\u00e9r\u00eat pour les championnats locaux.<\/p>\n\n\n\n<p>Cependant, cette proposition n&rsquo;est pas sans susciter des pr\u00e9occupations, en particulier parmi les dirigeants de clubs aux moyens financiers plus limit\u00e9s. Selon certaines indiscr\u00e9tions, ils craignent que les exigences accrues li\u00e9es \u00e0 ce retour, sans l&rsquo;accompagnement n\u00e9cessaire, n&rsquo;accentuent les disparit\u00e9s existantes. \u00c0 quelques heures du d\u00e9but de l&rsquo;Assembl\u00e9e G\u00e9n\u00e9rale Extraordinaire, les positions semblent divis\u00e9es. La composition des divisions, le nombre de clubs participants et les crit\u00e8res de qualification seront au centre des discussions.<\/p>\n\n\n\n<h4 id=\"trouver-un-compromis-acceptable\" class=\"wp-block-heading\"><mark style=\"background-color:rgba(0, 0, 0, 0)\" class=\"has-inline-color has-red-color\">Trouver un compromis acceptable<\/mark><\/h4>\n\n\n\n<p>La Febefoot se retrouve face \u00e0 un d\u00e9fi de taille qui est de parvenir \u00e0 un consensus qui permette de r\u00e9tablir les formats traditionnels tout en tenant compte des r\u00e9alit\u00e9s \u00e9conomiques des clubs. Le d\u00e9but des championnats, pr\u00e9vu pour le 15 septembre 2024, pourrait \u00eatre remis en question si un accord n&rsquo;est pas trouv\u00e9 rapidement. Un report du championnat ne serait pas seulement une d\u00e9ception pour les amateurs de football, mais pourrait \u00e9galement affaiblir la position du B\u00e9nin sur la sc\u00e8ne footballistique internationale.<\/p>\n\n\n\n<hr class=\"wp-block-separator has-alpha-channel-opacity\"\/>\n\n\n\n<p>Il reste \u00e0 voir si un consensus pourra \u00e9merger de ces d\u00e9bats pour mettre en place une r\u00e9forme capable de redynamiser le football b\u00e9ninois tout en assurant une \u00e9quit\u00e9 entre les clubs.Le sort de la prochaine saison et, plus largement, l&rsquo;avenir du football au B\u00e9nin d\u00e9pendent des d\u00e9cisions qui seront prises lors de ces deux journ\u00e9es cruciales.<\/p>\n","protected":false},"excerpt":{"rendered":"Football, B\u00e9nin &#8211; Ce mardi 20 ao\u00fbt 2024, la F\u00e9d\u00e9ration B\u00e9ninoise de Football entame ses Assembl\u00e9es G\u00e9n\u00e9rales au&hellip;\n","protected":false},"author":7,"featured_media":7563,"comment_status":"open","ping_status":"open","sticky":false,"template":"elementor_theme","format":"standard","meta":{"csco_singular_sidebar":"","csco_page_header_type":"standard","csco_appearance_masonry":"","csco_page_load_nextpost":"","csco_post_video_location":[],"csco_post_video_location_hash":"","csco_post_video_url":"","csco_post_video_bg_start_time":0,"csco_post_video_bg_end_time":0,"footnotes":""},"categories":[57],"tags":[723,41,722,158],"class_list":{"0":"post-7562","1":"post","2":"type-post","3":"status-publish","4":"format-standard","5":"has-post-thumbnail","7":"category-a-suivre","8":"tag-assemblee-generale","9":"tag-benin","10":"tag-febefoot","11":"tag-football","12":"cs-entry","13":"cs-video-wrap"},"yoast_head":"<!-- This site is optimized with the Yoast SEO plugin v27.4 - https:\/\/yoast.com\/product\/yoast-seo-wordpress\/ -->\n<title>Assembl\u00e9e G\u00e9n\u00e9rale de la Febefoot : Enfin le retour au format traditionnel des championnats de Ligue 1 et 2 ? - LA MARINA BJ<\/title>\n<meta name=\"description\" content=\"Ce 20 ao\u00fbt 2024, l&#039;Assembl\u00e9e G\u00e9n\u00e9rale de la Febefoot pourrait d\u00e9cider du retour au format traditionnel des championnats de Ligue 1 et 2,...\" \/>\n<meta name=\"robots\" content=\"index, follow, max-snippet:-1, max-image-preview:large, max-video-preview:-1\" \/>\n<link rel=\"canonical\" href=\"https:\/\/lamarinabj.com\/index.php\/2024\/08\/20\/assemblee-generale-de-la-febefoot-enfin-le-retour-au-format-traditionnel-des-championnats-de-ligue-1-et-2\/\" \/>\n<meta property=\"og:locale\" content=\"fr_FR\" \/>\n<meta property=\"og:type\" content=\"article\" \/>\n<meta property=\"og:title\" content=\"Assembl\u00e9e G\u00e9n\u00e9rale de la Febefoot : Enfin le retour au format traditionnel des championnats de Ligue 1 et 2 ? - LA MARINA BJ\" \/>\n<meta property=\"og:description\" content=\"Ce 20 ao\u00fbt 2024, l&#039;Assembl\u00e9e G\u00e9n\u00e9rale de la Febefoot pourrait d\u00e9cider du retour au format traditionnel des championnats de Ligue 1 et 2,...\" \/>\n<meta property=\"og:url\" content=\"https:\/\/lamarinabj.com\/index.php\/2024\/08\/20\/assemblee-generale-de-la-febefoot-enfin-le-retour-au-format-traditionnel-des-championnats-de-ligue-1-et-2\/\" \/>\n<meta property=\"og:site_name\" content=\"LA MARINA BJ\" \/>\n<meta property=\"article:published_time\" content=\"2024-08-20T04:33:33+00:00\" \/>\n<meta property=\"article:modified_time\" content=\"2024-08-20T04:39:26+00:00\" \/>\n<meta property=\"og:image\" content=\"https:\/\/lamarinabj.com\/wp-content\/uploads\/2024\/08\/AGO-FBF-Mathurin-de-Chacus-fait-des-heureux-de-largent-distribue.jpg\" \/>\n\t<meta property=\"og:image:width\" content=\"1080\" \/>\n\t<meta property=\"og:image:height\" content=\"700\" \/>\n\t<meta property=\"og:image:type\" content=\"image\/jpeg\" \/>\n<meta name=\"author\" content=\"La Marina Bj\" \/>\n<meta name=\"twitter:card\" content=\"summary_large_image\" \/>\n<meta name=\"twitter:label1\" content=\"\u00c9crit par\" \/>\n\t<meta name=\"twitter:data1\" content=\"La Marina Bj\" \/>\n\t<meta name=\"twitter:label2\" content=\"Dur\u00e9e de lecture estim\u00e9e\" \/>\n\t<meta name=\"twitter:data2\" content=\"3 minutes\" \/>\n<script type=\"application\/ld+json\" class=\"yoast-schema-graph\">{\"@context\":\"https:\\\/\\\/schema.org\",\"@graph\":[{\"@type\":\"NewsArticle\",\"@id\":\"https:\\\/\\\/lamarinabj.com\\\/index.php\\\/2024\\\/08\\\/20\\\/assemblee-generale-de-la-febefoot-enfin-le-retour-au-format-traditionnel-des-championnats-de-ligue-1-et-2\\\/#article\",\"isPartOf\":{\"@id\":\"https:\\\/\\\/lamarinabj.com\\\/index.php\\\/2024\\\/08\\\/20\\\/assemblee-generale-de-la-febefoot-enfin-le-retour-au-format-traditionnel-des-championnats-de-ligue-1-et-2\\\/\"},\"author\":{\"name\":\"La Marina Bj\",\"@id\":\"https:\\\/\\\/lamarinabj.com\\\/#\\\/schema\\\/person\\\/89dc3df245cc348449b2502e2d5c016b\"},\"headline\":\"Assembl\u00e9e G\u00e9n\u00e9rale de la Febefoot : Enfin le retour au format traditionnel des championnats de Ligue 1 et 2 ?\",\"datePublished\":\"2024-08-20T04:33:33+00:00\",\"dateModified\":\"2024-08-20T04:39:26+00:00\",\"mainEntityOfPage\":{\"@id\":\"https:\\\/\\\/lamarinabj.com\\\/index.php\\\/2024\\\/08\\\/20\\\/assemblee-generale-de-la-febefoot-enfin-le-retour-au-format-traditionnel-des-championnats-de-ligue-1-et-2\\\/\"},\"wordCount\":499,\"commentCount\":0,\"image\":{\"@id\":\"https:\\\/\\\/lamarinabj.com\\\/index.php\\\/2024\\\/08\\\/20\\\/assemblee-generale-de-la-febefoot-enfin-le-retour-au-format-traditionnel-des-championnats-de-ligue-1-et-2\\\/#primaryimage\"},\"thumbnailUrl\":\"https:\\\/\\\/lamarinabj.com\\\/wp-content\\\/uploads\\\/2024\\\/08\\\/AGO-FBF-Mathurin-de-Chacus-fait-des-heureux-de-largent-distribue.jpg\",\"keywords\":[\"Assembl\u00e9e g\u00e9n\u00e9rale\",\"B\u00e9nin\",\"Febefoot\",\"Football\"],\"articleSection\":[\"\u00c0 SUIVRE\"],\"inLanguage\":\"fr-FR\",\"potentialAction\":[{\"@type\":\"CommentAction\",\"name\":\"Comment\",\"target\":[\"https:\\\/\\\/lamarinabj.com\\\/index.php\\\/2024\\\/08\\\/20\\\/assemblee-generale-de-la-febefoot-enfin-le-retour-au-format-traditionnel-des-championnats-de-ligue-1-et-2\\\/#respond\"]}]},{\"@type\":[\"WebPage\",\"SearchResultsPage\"],\"@id\":\"https:\\\/\\\/lamarinabj.com\\\/index.php\\\/2024\\\/08\\\/20\\\/assemblee-generale-de-la-febefoot-enfin-le-retour-au-format-traditionnel-des-championnats-de-ligue-1-et-2\\\/\",\"url\":\"https:\\\/\\\/lamarinabj.com\\\/index.php\\\/2024\\\/08\\\/20\\\/assemblee-generale-de-la-febefoot-enfin-le-retour-au-format-traditionnel-des-championnats-de-ligue-1-et-2\\\/\",\"name\":\"Assembl\u00e9e G\u00e9n\u00e9rale de la Febefoot : Enfin le retour au format traditionnel des championnats de Ligue 1 et 2 ? - LA MARINA BJ\",\"isPartOf\":{\"@id\":\"https:\\\/\\\/lamarinabj.com\\\/#website\"},\"primaryImageOfPage\":{\"@id\":\"https:\\\/\\\/lamarinabj.com\\\/index.php\\\/2024\\\/08\\\/20\\\/assemblee-generale-de-la-febefoot-enfin-le-retour-au-format-traditionnel-des-championnats-de-ligue-1-et-2\\\/#primaryimage\"},\"image\":{\"@id\":\"https:\\\/\\\/lamarinabj.com\\\/index.php\\\/2024\\\/08\\\/20\\\/assemblee-generale-de-la-febefoot-enfin-le-retour-au-format-traditionnel-des-championnats-de-ligue-1-et-2\\\/#primaryimage\"},\"thumbnailUrl\":\"https:\\\/\\\/lamarinabj.com\\\/wp-content\\\/uploads\\\/2024\\\/08\\\/AGO-FBF-Mathurin-de-Chacus-fait-des-heureux-de-largent-distribue.jpg\",\"datePublished\":\"2024-08-20T04:33:33+00:00\",\"dateModified\":\"2024-08-20T04:39:26+00:00\",\"author\":{\"@id\":\"https:\\\/\\\/lamarinabj.com\\\/#\\\/schema\\\/person\\\/89dc3df245cc348449b2502e2d5c016b\"},\"description\":\"Ce 20 ao\u00fbt 2024, l'Assembl\u00e9e G\u00e9n\u00e9rale de la Febefoot pourrait d\u00e9cider du retour au format traditionnel des championnats de Ligue 1 et 2,...\",\"breadcrumb\":{\"@id\":\"https:\\\/\\\/lamarinabj.com\\\/index.php\\\/2024\\\/08\\\/20\\\/assemblee-generale-de-la-febefoot-enfin-le-retour-au-format-traditionnel-des-championnats-de-ligue-1-et-2\\\/#breadcrumb\"},\"inLanguage\":\"fr-FR\",\"potentialAction\":[{\"@type\":\"ReadAction\",\"target\":[\"https:\\\/\\\/lamarinabj.com\\\/index.php\\\/2024\\\/08\\\/20\\\/assemblee-generale-de-la-febefoot-enfin-le-retour-au-format-traditionnel-des-championnats-de-ligue-1-et-2\\\/\"]}]},{\"@type\":\"ImageObject\",\"inLanguage\":\"fr-FR\",\"@id\":\"https:\\\/\\\/lamarinabj.com\\\/index.php\\\/2024\\\/08\\\/20\\\/assemblee-generale-de-la-febefoot-enfin-le-retour-au-format-traditionnel-des-championnats-de-ligue-1-et-2\\\/#primaryimage\",\"url\":\"https:\\\/\\\/lamarinabj.com\\\/wp-content\\\/uploads\\\/2024\\\/08\\\/AGO-FBF-Mathurin-de-Chacus-fait-des-heureux-de-largent-distribue.jpg\",\"contentUrl\":\"https:\\\/\\\/lamarinabj.com\\\/wp-content\\\/uploads\\\/2024\\\/08\\\/AGO-FBF-Mathurin-de-Chacus-fait-des-heureux-de-largent-distribue.jpg\",\"width\":1080,\"height\":700},{\"@type\":\"BreadcrumbList\",\"@id\":\"https:\\\/\\\/lamarinabj.com\\\/index.php\\\/2024\\\/08\\\/20\\\/assemblee-generale-de-la-febefoot-enfin-le-retour-au-format-traditionnel-des-championnats-de-ligue-1-et-2\\\/#breadcrumb\",\"itemListElement\":[{\"@type\":\"ListItem\",\"position\":1,\"name\":\"Accueil\",\"item\":\"https:\\\/\\\/lamarinabj.com\\\/\"},{\"@type\":\"ListItem\",\"position\":2,\"name\":\"Assembl\u00e9e G\u00e9n\u00e9rale de la Febefoot : Enfin le retour au format traditionnel des championnats de Ligue 1 et 2 ?\"}]},{\"@type\":\"WebSite\",\"@id\":\"https:\\\/\\\/lamarinabj.com\\\/#website\",\"url\":\"https:\\\/\\\/lamarinabj.com\\\/\",\"name\":\"LA MARINA BJ\",\"description\":\"Votre portail vers l&#039;information strat\u00e9gique au B\u00e9nin, en Afrique et au-del\u00e0\",\"potentialAction\":[{\"@type\":\"SearchAction\",\"target\":{\"@type\":\"EntryPoint\",\"urlTemplate\":\"https:\\\/\\\/lamarinabj.com\\\/?s={search_term_string}\"},\"query-input\":{\"@type\":\"PropertyValueSpecification\",\"valueRequired\":true,\"valueName\":\"search_term_string\"}}],\"inLanguage\":\"fr-FR\"},{\"@type\":\"Person\",\"@id\":\"https:\\\/\\\/lamarinabj.com\\\/#\\\/schema\\\/person\\\/89dc3df245cc348449b2502e2d5c016b\",\"name\":\"La Marina Bj\",\"image\":{\"@type\":\"ImageObject\",\"inLanguage\":\"fr-FR\",\"@id\":\"https:\\\/\\\/secure.gravatar.com\\\/avatar\\\/6ef884b7fb1dab6e8672f19e68299568fe069dc761d88506e39bee8464c70e4a?s=96&d=mm&r=g\",\"url\":\"https:\\\/\\\/secure.gravatar.com\\\/avatar\\\/6ef884b7fb1dab6e8672f19e68299568fe069dc761d88506e39bee8464c70e4a?s=96&d=mm&r=g\",\"contentUrl\":\"https:\\\/\\\/secure.gravatar.com\\\/avatar\\\/6ef884b7fb1dab6e8672f19e68299568fe069dc761d88506e39bee8464c70e4a?s=96&d=mm&r=g\",\"caption\":\"La Marina Bj\"},\"url\":\"https:\\\/\\\/lamarinabj.com\\\/index.php\\\/author\\\/la-marina-bj\\\/\"}]}<\/script>\n<!-- \/ Yoast SEO plugin. -->","yoast_head_json":{"title":"Assembl\u00e9e G\u00e9n\u00e9rale de la Febefoot : Enfin le retour au format traditionnel des championnats de Ligue 1 et 2 ? - LA MARINA BJ","description":"Ce 20 ao\u00fbt 2024, l'Assembl\u00e9e G\u00e9n\u00e9rale de la Febefoot pourrait d\u00e9cider du retour au format traditionnel des championnats de Ligue 1 et 2,...","robots":{"index":"index","follow":"follow","max-snippet":"max-snippet:-1","max-image-preview":"max-image-preview:large","max-video-preview":"max-video-preview:-1"},"canonical":"https:\/\/lamarinabj.com\/index.php\/2024\/08\/20\/assemblee-generale-de-la-febefoot-enfin-le-retour-au-format-traditionnel-des-championnats-de-ligue-1-et-2\/","og_locale":"fr_FR","og_type":"article","og_title":"Assembl\u00e9e G\u00e9n\u00e9rale de la Febefoot : Enfin le retour au format traditionnel des championnats de Ligue 1 et 2 ? - LA MARINA BJ","og_description":"Ce 20 ao\u00fbt 2024, l'Assembl\u00e9e G\u00e9n\u00e9rale de la Febefoot pourrait d\u00e9cider du retour au format traditionnel des championnats de Ligue 1 et 2,...","og_url":"https:\/\/lamarinabj.com\/index.php\/2024\/08\/20\/assemblee-generale-de-la-febefoot-enfin-le-retour-au-format-traditionnel-des-championnats-de-ligue-1-et-2\/","og_site_name":"LA MARINA BJ","article_published_time":"2024-08-20T04:33:33+00:00","article_modified_time":"2024-08-20T04:39:26+00:00","og_image":[{"width":1080,"height":700,"url":"https:\/\/lamarinabj.com\/wp-content\/uploads\/2024\/08\/AGO-FBF-Mathurin-de-Chacus-fait-des-heureux-de-largent-distribue.jpg","type":"image\/jpeg"}],"author":"La Marina Bj","twitter_card":"summary_large_image","twitter_misc":{"\u00c9crit par":"La Marina Bj","Dur\u00e9e de lecture estim\u00e9e":"3 minutes"},"schema":{"@context":"https:\/\/schema.org","@graph":[{"@type":"NewsArticle","@id":"https:\/\/lamarinabj.com\/index.php\/2024\/08\/20\/assemblee-generale-de-la-febefoot-enfin-le-retour-au-format-traditionnel-des-championnats-de-ligue-1-et-2\/#article","isPartOf":{"@id":"https:\/\/lamarinabj.com\/index.php\/2024\/08\/20\/assemblee-generale-de-la-febefoot-enfin-le-retour-au-format-traditionnel-des-championnats-de-ligue-1-et-2\/"},"author":{"name":"La Marina Bj","@id":"https:\/\/lamarinabj.com\/#\/schema\/person\/89dc3df245cc348449b2502e2d5c016b"},"headline":"Assembl\u00e9e G\u00e9n\u00e9rale de la Febefoot : Enfin le retour au format traditionnel des championnats de Ligue 1 et 2 ?","datePublished":"2024-08-20T04:33:33+00:00","dateModified":"2024-08-20T04:39:26+00:00","mainEntityOfPage":{"@id":"https:\/\/lamarinabj.com\/index.php\/2024\/08\/20\/assemblee-generale-de-la-febefoot-enfin-le-retour-au-format-traditionnel-des-championnats-de-ligue-1-et-2\/"},"wordCount":499,"commentCount":0,"image":{"@id":"https:\/\/lamarinabj.com\/index.php\/2024\/08\/20\/assemblee-generale-de-la-febefoot-enfin-le-retour-au-format-traditionnel-des-championnats-de-ligue-1-et-2\/#primaryimage"},"thumbnailUrl":"https:\/\/lamarinabj.com\/wp-content\/uploads\/2024\/08\/AGO-FBF-Mathurin-de-Chacus-fait-des-heureux-de-largent-distribue.jpg","keywords":["Assembl\u00e9e g\u00e9n\u00e9rale","B\u00e9nin","Febefoot","Football"],"articleSection":["\u00c0 SUIVRE"],"inLanguage":"fr-FR","potentialAction":[{"@type":"CommentAction","name":"Comment","target":["https:\/\/lamarinabj.com\/index.php\/2024\/08\/20\/assemblee-generale-de-la-febefoot-enfin-le-retour-au-format-traditionnel-des-championnats-de-ligue-1-et-2\/#respond"]}]},{"@type":["WebPage","SearchResultsPage"],"@id":"https:\/\/lamarinabj.com\/index.php\/2024\/08\/20\/assemblee-generale-de-la-febefoot-enfin-le-retour-au-format-traditionnel-des-championnats-de-ligue-1-et-2\/","url":"https:\/\/lamarinabj.com\/index.php\/2024\/08\/20\/assemblee-generale-de-la-febefoot-enfin-le-retour-au-format-traditionnel-des-championnats-de-ligue-1-et-2\/","name":"Assembl\u00e9e G\u00e9n\u00e9rale de la Febefoot : Enfin le retour au format traditionnel des championnats de Ligue 1 et 2 ? - LA MARINA BJ","isPartOf":{"@id":"https:\/\/lamarinabj.com\/#website"},"primaryImageOfPage":{"@id":"https:\/\/lamarinabj.com\/index.php\/2024\/08\/20\/assemblee-generale-de-la-febefoot-enfin-le-retour-au-format-traditionnel-des-championnats-de-ligue-1-et-2\/#primaryimage"},"image":{"@id":"https:\/\/lamarinabj.com\/index.php\/2024\/08\/20\/assemblee-generale-de-la-febefoot-enfin-le-retour-au-format-traditionnel-des-championnats-de-ligue-1-et-2\/#primaryimage"},"thumbnailUrl":"https:\/\/lamarinabj.com\/wp-content\/uploads\/2024\/08\/AGO-FBF-Mathurin-de-Chacus-fait-des-heureux-de-largent-distribue.jpg","datePublished":"2024-08-20T04:33:33+00:00","dateModified":"2024-08-20T04:39:26+00:00","author":{"@id":"https:\/\/lamarinabj.com\/#\/schema\/person\/89dc3df245cc348449b2502e2d5c016b"},"description":"Ce 20 ao\u00fbt 2024, l'Assembl\u00e9e G\u00e9n\u00e9rale de la Febefoot pourrait d\u00e9cider du retour au format traditionnel des championnats de Ligue 1 et 2,...","breadcrumb":{"@id":"https:\/\/lamarinabj.com\/index.php\/2024\/08\/20\/assemblee-generale-de-la-febefoot-enfin-le-retour-au-format-traditionnel-des-championnats-de-ligue-1-et-2\/#breadcrumb"},"inLanguage":"fr-FR","potentialAction":[{"@type":"ReadAction","target":["https:\/\/lamarinabj.com\/index.php\/2024\/08\/20\/assemblee-generale-de-la-febefoot-enfin-le-retour-au-format-traditionnel-des-championnats-de-ligue-1-et-2\/"]}]},{"@type":"ImageObject","inLanguage":"fr-FR","@id":"https:\/\/lamarinabj.com\/index.php\/2024\/08\/20\/assemblee-generale-de-la-febefoot-enfin-le-retour-au-format-traditionnel-des-championnats-de-ligue-1-et-2\/#primaryimage","url":"https:\/\/lamarinabj.com\/wp-content\/uploads\/2024\/08\/AGO-FBF-Mathurin-de-Chacus-fait-des-heureux-de-largent-distribue.jpg","contentUrl":"https:\/\/lamarinabj.com\/wp-content\/uploads\/2024\/08\/AGO-FBF-Mathurin-de-Chacus-fait-des-heureux-de-largent-distribue.jpg","width":1080,"height":700},{"@type":"BreadcrumbList","@id":"https:\/\/lamarinabj.com\/index.php\/2024\/08\/20\/assemblee-generale-de-la-febefoot-enfin-le-retour-au-format-traditionnel-des-championnats-de-ligue-1-et-2\/#breadcrumb","itemListElement":[{"@type":"ListItem","position":1,"name":"Accueil","item":"https:\/\/lamarinabj.com\/"},{"@type":"ListItem","position":2,"name":"Assembl\u00e9e G\u00e9n\u00e9rale de la Febefoot : Enfin le retour au format traditionnel des championnats de Ligue 1 et 2 ?"}]},{"@type":"WebSite","@id":"https:\/\/lamarinabj.com\/#website","url":"https:\/\/lamarinabj.com\/","name":"LA MARINA BJ","description":"Votre portail vers l&#039;information strat\u00e9gique au B\u00e9nin, en Afrique et au-del\u00e0","potentialAction":[{"@type":"SearchAction","target":{"@type":"EntryPoint","urlTemplate":"https:\/\/lamarinabj.com\/?s={search_term_string}"},"query-input":{"@type":"PropertyValueSpecification","valueRequired":true,"valueName":"search_term_string"}}],"inLanguage":"fr-FR"},{"@type":"Person","@id":"https:\/\/lamarinabj.com\/#\/schema\/person\/89dc3df245cc348449b2502e2d5c016b","name":"La Marina Bj","image":{"@type":"ImageObject","inLanguage":"fr-FR","@id":"https:\/\/secure.gravatar.com\/avatar\/6ef884b7fb1dab6e8672f19e68299568fe069dc761d88506e39bee8464c70e4a?s=96&d=mm&r=g","url":"https:\/\/secure.gravatar.com\/avatar\/6ef884b7fb1dab6e8672f19e68299568fe069dc761d88506e39bee8464c70e4a?s=96&d=mm&r=g","contentUrl":"https:\/\/secure.gravatar.com\/avatar\/6ef884b7fb1dab6e8672f19e68299568fe069dc761d88506e39bee8464c70e4a?s=96&d=mm&r=g","caption":"La Marina Bj"},"url":"https:\/\/lamarinabj.com\/index.php\/author\/la-marina-bj\/"}]}},"_links":{"self":[{"href":"https:\/\/lamarinabj.com\/index.php\/wp-json\/wp\/v2\/posts\/7562","targetHints":{"allow":["GET"]}}],"collection":[{"href":"https:\/\/lamarinabj.com\/index.php\/wp-json\/wp\/v2\/posts"}],"about":[{"href":"https:\/\/lamarinabj.com\/index.php\/wp-json\/wp\/v2\/types\/post"}],"author":[{"embeddable":true,"href":"https:\/\/lamarinabj.com\/index.php\/wp-json\/wp\/v2\/users\/7"}],"replies":[{"embeddable":true,"href":"https:\/\/lamarinabj.com\/index.php\/wp-json\/wp\/v2\/comments?post=7562"}],"version-history":[{"count":3,"href":"https:\/\/lamarinabj.com\/index.php\/wp-json\/wp\/v2\/posts\/7562\/revisions"}],"predecessor-version":[{"id":7567,"href":"https:\/\/lamarinabj.com\/index.php\/wp-json\/wp\/v2\/posts\/7562\/revisions\/7567"}],"wp:featuredmedia":[{"embeddable":true,"href":"https:\/\/lamarinabj.com\/index.php\/wp-json\/wp\/v2\/media\/7563"}],"wp:attachment":[{"href":"https:\/\/lamarinabj.com\/index.php\/wp-json\/wp\/v2\/media?parent=7562"}],"wp:term":[{"taxonomy":"category","embeddable":true,"href":"https:\/\/lamarinabj.com\/index.php\/wp-json\/wp\/v2\/categories?post=7562"},{"taxonomy":"post_tag","embeddable":true,"href":"https:\/\/lamarinabj.com\/index.php\/wp-json\/wp\/v2\/tags?post=7562"}],"curies":[{"name":"wp","href":"https:\/\/api.w.org\/{rel}","templated":true}]}}