{"id":7595,"date":"2024-08-21T08:10:57","date_gmt":"2024-08-21T07:10:57","guid":{"rendered":"https:\/\/lamarinabj.com\/?p=7595"},"modified":"2024-08-21T08:12:53","modified_gmt":"2024-08-21T07:12:53","slug":"affaire-frere-hounvi-un-silence-qui-en-dit-long","status":"publish","type":"post","link":"https:\/\/lamarinabj.com\/index.php\/2024\/08\/21\/affaire-frere-hounvi-un-silence-qui-en-dit-long\/","title":{"rendered":"Affaire Fr\u00e8re Hounvi : Un silence qui en dit long"},"content":{"rendered":"\n<p><strong><mark style=\"background-color:rgba(0, 0, 0, 0)\" class=\"has-inline-color has-red-color\">Droits de l&rsquo;homme, B\u00e9nin <\/mark><\/strong>&#8211; <em style=\"\"><b>L\u2019arrestation de Steve Amoussou, plus connu sous le pseudonyme de Fr\u00e8re Hounvi, a jet\u00e9 une lumi\u00e8re crue sur les pratiques judiciaires et s\u00e9curitaires au B\u00e9nin, suscitant une vague d\u2019indignation dans le pays. Ce qui frappe le plus dans cette affaire, ce n&rsquo;est plus tant l&rsquo;action en elle-m\u00eame, mais bien le silence assourdissant des autorit\u00e9s b\u00e9ninoises. <\/b><\/em><strong><em>Un silence qui en dit long<\/em><\/strong>.<\/p>\n\n\n\n<p>Depuis l\u2019interpellation de cet activiste influent, r\u00e9put\u00e9 pour ses critiques acerbes du r\u00e9gime en place, les autorit\u00e9s se sont enferm\u00e9es dans un mutisme d\u00e9concertant. Pas un mot sur les circonstances de son arrestation, encore moins sur les all\u00e9gations selon lesquelles celle-ci s\u2019apparenterait \u00e0 un \u00ab\u00a0enl\u00e8vement digne d\u2019un western\u00a0\u00bb, orchestr\u00e9 en dehors de tout cadre l\u00e9gal, selon son avocat, Me Aboubakar Baparap\u00e9. Ce dernier affirme que Steve Amoussou \u00ab\u00a0a \u00e9t\u00e9 cagoul\u00e9, et l\u2019un des ravisseurs a exerc\u00e9 une pression sur son cou, jusqu\u2019\u00e0 l\u2019\u00e9touffement. Il a failli \u00eatre \u00e9trangl\u00e9 et a presque perdu connaissance. Certains sugg\u00e9raient de l\u2019emmener \u00e0 la plage, d\u2019autres dans une for\u00eat. C\u2019est dans ces conditions qu\u2019il a \u00e9t\u00e9 enlev\u00e9 dans une banlieue de Lom\u00e9, puis ramen\u00e9 au B\u00e9nin.\u00a0\u00bb<\/p>\n\n\n\n<h3 id=\"le-manque-de-transparence-un-aveu-de-faiblesse\" class=\"wp-block-heading\"><mark style=\"background-color:rgba(0, 0, 0, 0)\" class=\"has-inline-color has-red-color\">Le manque de transparence : Un aveu de faiblesse ?<\/mark><\/h3>\n\n\n\n<p>Ce silence du parquet sp\u00e9cial de la Cour de R\u00e9pression des Infractions \u00c9conomiques et du Terrorisme (CRIET), bras arm\u00e9 du minist\u00e8re de la Justice, loin d\u2019apaiser les esprits, ne fait que renforcer les soup\u00e7ons d\u2019une man\u0153uvre politiquement motiv\u00e9e, orchestr\u00e9e en catimini pour neutraliser une voix dissidente.<\/p>\n\n\n\n<p>Le manque de transparence, tant de la part du gouvernement que du minist\u00e8re public de la CRIET, sur une affaire aussi m\u00e9diatis\u00e9e, ne peut \u00eatre interpr\u00e9t\u00e9 que de deux fa\u00e7ons . Soit il r\u00e9v\u00e8le une g\u00eane profonde quant aux m\u00e9thodes employ\u00e9es, soit il t\u00e9moigne d\u2019un m\u00e9pris total pour les principes \u00e9l\u00e9mentaires de la justice et de l\u2019\u00c9tat de droit. Dans les deux cas, c\u2019est la cr\u00e9dibilit\u00e9 du syst\u00e8me judiciaire b\u00e9ninois notamment de son minist\u00e8re public qui est mise \u00e0 mal, \u00e0 un moment o\u00f9 celui-ci aurait grand besoin de renforcer sa l\u00e9gitimit\u00e9.<\/p>\n\n\n\n<h3 id=\"une-justice-sous-pression\" class=\"wp-block-heading\"><mark style=\"background-color:rgba(0, 0, 0, 0)\" class=\"has-inline-color has-red-color\">Une justice sous pression<\/mark><\/h3>\n\n\n\n<p>En se murant dans le silence, le r\u00e9gime semble sous-estimer la gravit\u00e9 des accusations port\u00e9es contre lui par des organisations de d\u00e9fense des droits de l\u2019homme, des juristes, et m\u00eame par l\u2019Ordre des Avocats du B\u00e9nin. Le B\u00e2tonnier Angelo Hounkpatin, dans un communiqu\u00e9 sans \u00e9quivoque dat\u00e9 du 20 ao\u00fbt 2024, a exprim\u00e9 sa perplexit\u00e9 face aux conditions opaques entourant l\u2019arrestation de Steve Amoussou. Ce constat est partag\u00e9 par une large frange de la soci\u00e9t\u00e9 civile et des partis politiques d\u2019opposition, pour qui l\u2019affaire Hounvi confirme un basculement inqui\u00e9tant vers des pratiques autoritaires.<\/p>\n\n\n\n<h3 id=\"la-non-communication-une-arme-a-double-tranchant\" class=\"wp-block-heading\"><mark style=\"background-color:rgba(0, 0, 0, 0)\" class=\"has-inline-color has-red-color\">La non-communication : Une arme \u00e0 double tranchant<\/mark><\/h3>\n\n\n\n<p>Ce qui est particuli\u00e8rement troublant, c\u2019est la port\u00e9e symbolique de ce silence. En refusant de s\u2019exprimer, le gouvernement ne fait que renforcer l\u2019id\u00e9e que cette arrestation s\u2019inscrit dans une logique de r\u00e9pression de toute forme d\u2019opposition. Ce choix de la non-communication est en soi un message; Celui de l\u2019indiff\u00e9rence vis-\u00e0-vis des principes d\u00e9mocratiques qui devraient pourtant \u00eatre le socle de toute action publique.<\/p>\n\n\n\n<p>Le risque est grand que cette strat\u00e9gie du silence se retourne contre ses auteurs. Dans un contexte o\u00f9 les r\u00e9seaux sociaux jouent un r\u00f4le crucial dans la diffusion de l\u2019information et la mobilisation de l\u2019opinion publique, chaque silence est interpr\u00e9t\u00e9, comment\u00e9, amplifi\u00e9. Le pouvoir, et son bras ex\u00e9cutant qu\u2019est le parquet sp\u00e9cial, en refusant de se justifier, perd la bataille de l\u2019opinion, laissant le champ libre \u00e0 toutes les sp\u00e9culations.<\/p>\n\n\n\n<p>Les autorit\u00e9s, en choisissant de garder le silence, ne font que confirmer les craintes d\u2019une large partie de la population, celles d\u2019un retour \u00e0 des m\u00e9thodes autoritaires, qui n\u2019ont pas leur place dans une d\u00e9mocratie digne de ce nom. Il est encore temps de rectifier le tir, en faisant preuve de transparence et en r\u00e9affirmant l\u2019attachement du pays \u00e0 l\u2019\u00c9tat de droit. Faute de quoi, c\u2019est la confiance des citoyens dans leurs institutions qui risque d\u2019\u00eatre irr\u00e9m\u00e9diablement compromise.<\/p>\n\n\n\n<p>Quid du silence des autorit\u00e9s togolaises ?<\/p>\n\n\n\n<h3 id=\"\" class=\"wp-block-heading\"><\/h3>\n","protected":false},"excerpt":{"rendered":"Droits de l&rsquo;homme, B\u00e9nin &#8211; L\u2019arrestation de Steve Amoussou, plus connu sous le pseudonyme de Fr\u00e8re Hounvi, a&hellip;\n","protected":false},"author":7,"featured_media":7596,"comment_status":"open","ping_status":"open","sticky":false,"template":"elementor_theme","format":"standard","meta":{"csco_singular_sidebar":"","csco_page_header_type":"standard","csco_appearance_masonry":"","csco_page_load_nextpost":"","csco_post_video_location":[],"csco_post_video_location_hash":"","csco_post_video_url":"","csco_post_video_bg_start_time":0,"csco_post_video_bg_end_time":0,"footnotes":""},"categories":[239],"tags":[41,77,730],"class_list":{"0":"post-7595","1":"post","2":"type-post","3":"status-publish","4":"format-standard","5":"has-post-thumbnail","7":"category-levenement-2","8":"tag-benin","9":"tag-criet","10":"tag-frere-hounvi","11":"cs-entry","12":"cs-video-wrap"},"yoast_head":"<!-- This site is optimized with the Yoast SEO plugin v27.4 - https:\/\/yoast.com\/product\/yoast-seo-wordpress\/ -->\n<title>Affaire Fr\u00e8re Hounvi : Un silence qui en dit long - LA MARINA BJ<\/title>\n<meta name=\"description\" content=\"Les autorit\u00e9s, en choisissant de garder le silence, ne font que confirmer les craintes d\u2019une large partie de la population, celles d\u2019un retour \u00e0 des m\u00e9thodes,...\" \/>\n<meta name=\"robots\" content=\"index, follow, max-snippet:-1, max-image-preview:large, max-video-preview:-1\" \/>\n<link rel=\"canonical\" href=\"https:\/\/lamarinabj.com\/index.php\/2024\/08\/21\/affaire-frere-hounvi-un-silence-qui-en-dit-long\/\" \/>\n<meta property=\"og:locale\" content=\"fr_FR\" \/>\n<meta property=\"og:type\" content=\"article\" \/>\n<meta property=\"og:title\" content=\"Affaire Fr\u00e8re Hounvi : Un silence qui en dit long - LA MARINA BJ\" \/>\n<meta property=\"og:description\" content=\"Les autorit\u00e9s, en choisissant de garder le silence, ne font que confirmer les craintes d\u2019une large partie de la population, celles d\u2019un retour \u00e0 des m\u00e9thodes,...\" \/>\n<meta property=\"og:url\" content=\"https:\/\/lamarinabj.com\/index.php\/2024\/08\/21\/affaire-frere-hounvi-un-silence-qui-en-dit-long\/\" \/>\n<meta property=\"og:site_name\" content=\"LA MARINA BJ\" \/>\n<meta property=\"article:published_time\" content=\"2024-08-21T07:10:57+00:00\" \/>\n<meta property=\"article:modified_time\" content=\"2024-08-21T07:12:53+00:00\" \/>\n<meta property=\"og:image\" content=\"https:\/\/lamarinabj.com\/wp-content\/uploads\/2024\/08\/IMG_20240821_080933.jpg\" \/>\n\t<meta property=\"og:image:width\" content=\"937\" \/>\n\t<meta property=\"og:image:height\" content=\"609\" \/>\n\t<meta property=\"og:image:type\" content=\"image\/jpeg\" \/>\n<meta name=\"author\" content=\"La Marina Bj\" \/>\n<meta name=\"twitter:card\" content=\"summary_large_image\" \/>\n<meta name=\"twitter:label1\" content=\"\u00c9crit par\" \/>\n\t<meta name=\"twitter:data1\" content=\"La Marina Bj\" \/>\n\t<meta name=\"twitter:label2\" content=\"Dur\u00e9e de lecture estim\u00e9e\" \/>\n\t<meta name=\"twitter:data2\" content=\"4 minutes\" \/>\n<script type=\"application\/ld+json\" class=\"yoast-schema-graph\">{\"@context\":\"https:\\\/\\\/schema.org\",\"@graph\":[{\"@type\":\"NewsArticle\",\"@id\":\"https:\\\/\\\/lamarinabj.com\\\/index.php\\\/2024\\\/08\\\/21\\\/affaire-frere-hounvi-un-silence-qui-en-dit-long\\\/#article\",\"isPartOf\":{\"@id\":\"https:\\\/\\\/lamarinabj.com\\\/index.php\\\/2024\\\/08\\\/21\\\/affaire-frere-hounvi-un-silence-qui-en-dit-long\\\/\"},\"author\":{\"name\":\"La Marina Bj\",\"@id\":\"https:\\\/\\\/lamarinabj.com\\\/#\\\/schema\\\/person\\\/89dc3df245cc348449b2502e2d5c016b\"},\"headline\":\"Affaire Fr\u00e8re Hounvi : Un silence qui en dit long\",\"datePublished\":\"2024-08-21T07:10:57+00:00\",\"dateModified\":\"2024-08-21T07:12:53+00:00\",\"mainEntityOfPage\":{\"@id\":\"https:\\\/\\\/lamarinabj.com\\\/index.php\\\/2024\\\/08\\\/21\\\/affaire-frere-hounvi-un-silence-qui-en-dit-long\\\/\"},\"wordCount\":767,\"commentCount\":0,\"image\":{\"@id\":\"https:\\\/\\\/lamarinabj.com\\\/index.php\\\/2024\\\/08\\\/21\\\/affaire-frere-hounvi-un-silence-qui-en-dit-long\\\/#primaryimage\"},\"thumbnailUrl\":\"https:\\\/\\\/lamarinabj.com\\\/wp-content\\\/uploads\\\/2024\\\/08\\\/IMG_20240821_080933.jpg\",\"keywords\":[\"B\u00e9nin\",\"CRIET\",\"Fr\u00e8re Hounvi\"],\"articleSection\":[\"L'\u00c9V\u00c9NEMENT\"],\"inLanguage\":\"fr-FR\",\"potentialAction\":[{\"@type\":\"CommentAction\",\"name\":\"Comment\",\"target\":[\"https:\\\/\\\/lamarinabj.com\\\/index.php\\\/2024\\\/08\\\/21\\\/affaire-frere-hounvi-un-silence-qui-en-dit-long\\\/#respond\"]}]},{\"@type\":[\"WebPage\",\"SearchResultsPage\"],\"@id\":\"https:\\\/\\\/lamarinabj.com\\\/index.php\\\/2024\\\/08\\\/21\\\/affaire-frere-hounvi-un-silence-qui-en-dit-long\\\/\",\"url\":\"https:\\\/\\\/lamarinabj.com\\\/index.php\\\/2024\\\/08\\\/21\\\/affaire-frere-hounvi-un-silence-qui-en-dit-long\\\/\",\"name\":\"Affaire Fr\u00e8re Hounvi : Un silence qui en dit long - LA MARINA BJ\",\"isPartOf\":{\"@id\":\"https:\\\/\\\/lamarinabj.com\\\/#website\"},\"primaryImageOfPage\":{\"@id\":\"https:\\\/\\\/lamarinabj.com\\\/index.php\\\/2024\\\/08\\\/21\\\/affaire-frere-hounvi-un-silence-qui-en-dit-long\\\/#primaryimage\"},\"image\":{\"@id\":\"https:\\\/\\\/lamarinabj.com\\\/index.php\\\/2024\\\/08\\\/21\\\/affaire-frere-hounvi-un-silence-qui-en-dit-long\\\/#primaryimage\"},\"thumbnailUrl\":\"https:\\\/\\\/lamarinabj.com\\\/wp-content\\\/uploads\\\/2024\\\/08\\\/IMG_20240821_080933.jpg\",\"datePublished\":\"2024-08-21T07:10:57+00:00\",\"dateModified\":\"2024-08-21T07:12:53+00:00\",\"author\":{\"@id\":\"https:\\\/\\\/lamarinabj.com\\\/#\\\/schema\\\/person\\\/89dc3df245cc348449b2502e2d5c016b\"},\"description\":\"Les autorit\u00e9s, en choisissant de garder le silence, ne font que confirmer les craintes d\u2019une large partie de la population, celles d\u2019un retour \u00e0 des m\u00e9thodes,...\",\"breadcrumb\":{\"@id\":\"https:\\\/\\\/lamarinabj.com\\\/index.php\\\/2024\\\/08\\\/21\\\/affaire-frere-hounvi-un-silence-qui-en-dit-long\\\/#breadcrumb\"},\"inLanguage\":\"fr-FR\",\"potentialAction\":[{\"@type\":\"ReadAction\",\"target\":[\"https:\\\/\\\/lamarinabj.com\\\/index.php\\\/2024\\\/08\\\/21\\\/affaire-frere-hounvi-un-silence-qui-en-dit-long\\\/\"]}]},{\"@type\":\"ImageObject\",\"inLanguage\":\"fr-FR\",\"@id\":\"https:\\\/\\\/lamarinabj.com\\\/index.php\\\/2024\\\/08\\\/21\\\/affaire-frere-hounvi-un-silence-qui-en-dit-long\\\/#primaryimage\",\"url\":\"https:\\\/\\\/lamarinabj.com\\\/wp-content\\\/uploads\\\/2024\\\/08\\\/IMG_20240821_080933.jpg\",\"contentUrl\":\"https:\\\/\\\/lamarinabj.com\\\/wp-content\\\/uploads\\\/2024\\\/08\\\/IMG_20240821_080933.jpg\",\"width\":937,\"height\":609},{\"@type\":\"BreadcrumbList\",\"@id\":\"https:\\\/\\\/lamarinabj.com\\\/index.php\\\/2024\\\/08\\\/21\\\/affaire-frere-hounvi-un-silence-qui-en-dit-long\\\/#breadcrumb\",\"itemListElement\":[{\"@type\":\"ListItem\",\"position\":1,\"name\":\"Accueil\",\"item\":\"https:\\\/\\\/lamarinabj.com\\\/\"},{\"@type\":\"ListItem\",\"position\":2,\"name\":\"Affaire Fr\u00e8re Hounvi : Un silence qui en dit long\"}]},{\"@type\":\"WebSite\",\"@id\":\"https:\\\/\\\/lamarinabj.com\\\/#website\",\"url\":\"https:\\\/\\\/lamarinabj.com\\\/\",\"name\":\"LA MARINA BJ\",\"description\":\"Votre portail vers l&#039;information strat\u00e9gique au B\u00e9nin, en Afrique et au-del\u00e0\",\"potentialAction\":[{\"@type\":\"SearchAction\",\"target\":{\"@type\":\"EntryPoint\",\"urlTemplate\":\"https:\\\/\\\/lamarinabj.com\\\/?s={search_term_string}\"},\"query-input\":{\"@type\":\"PropertyValueSpecification\",\"valueRequired\":true,\"valueName\":\"search_term_string\"}}],\"inLanguage\":\"fr-FR\"},{\"@type\":\"Person\",\"@id\":\"https:\\\/\\\/lamarinabj.com\\\/#\\\/schema\\\/person\\\/89dc3df245cc348449b2502e2d5c016b\",\"name\":\"La Marina Bj\",\"image\":{\"@type\":\"ImageObject\",\"inLanguage\":\"fr-FR\",\"@id\":\"https:\\\/\\\/secure.gravatar.com\\\/avatar\\\/6ef884b7fb1dab6e8672f19e68299568fe069dc761d88506e39bee8464c70e4a?s=96&d=mm&r=g\",\"url\":\"https:\\\/\\\/secure.gravatar.com\\\/avatar\\\/6ef884b7fb1dab6e8672f19e68299568fe069dc761d88506e39bee8464c70e4a?s=96&d=mm&r=g\",\"contentUrl\":\"https:\\\/\\\/secure.gravatar.com\\\/avatar\\\/6ef884b7fb1dab6e8672f19e68299568fe069dc761d88506e39bee8464c70e4a?s=96&d=mm&r=g\",\"caption\":\"La Marina Bj\"},\"url\":\"https:\\\/\\\/lamarinabj.com\\\/index.php\\\/author\\\/la-marina-bj\\\/\"}]}<\/script>\n<!-- \/ Yoast SEO plugin. -->","yoast_head_json":{"title":"Affaire Fr\u00e8re Hounvi : Un silence qui en dit long - LA MARINA BJ","description":"Les autorit\u00e9s, en choisissant de garder le silence, ne font que confirmer les craintes d\u2019une large partie de la population, celles d\u2019un retour \u00e0 des m\u00e9thodes,...","robots":{"index":"index","follow":"follow","max-snippet":"max-snippet:-1","max-image-preview":"max-image-preview:large","max-video-preview":"max-video-preview:-1"},"canonical":"https:\/\/lamarinabj.com\/index.php\/2024\/08\/21\/affaire-frere-hounvi-un-silence-qui-en-dit-long\/","og_locale":"fr_FR","og_type":"article","og_title":"Affaire Fr\u00e8re Hounvi : Un silence qui en dit long - LA MARINA BJ","og_description":"Les autorit\u00e9s, en choisissant de garder le silence, ne font que confirmer les craintes d\u2019une large partie de la population, celles d\u2019un retour \u00e0 des m\u00e9thodes,...","og_url":"https:\/\/lamarinabj.com\/index.php\/2024\/08\/21\/affaire-frere-hounvi-un-silence-qui-en-dit-long\/","og_site_name":"LA MARINA BJ","article_published_time":"2024-08-21T07:10:57+00:00","article_modified_time":"2024-08-21T07:12:53+00:00","og_image":[{"width":937,"height":609,"url":"https:\/\/lamarinabj.com\/wp-content\/uploads\/2024\/08\/IMG_20240821_080933.jpg","type":"image\/jpeg"}],"author":"La Marina Bj","twitter_card":"summary_large_image","twitter_misc":{"\u00c9crit par":"La Marina Bj","Dur\u00e9e de lecture estim\u00e9e":"4 minutes"},"schema":{"@context":"https:\/\/schema.org","@graph":[{"@type":"NewsArticle","@id":"https:\/\/lamarinabj.com\/index.php\/2024\/08\/21\/affaire-frere-hounvi-un-silence-qui-en-dit-long\/#article","isPartOf":{"@id":"https:\/\/lamarinabj.com\/index.php\/2024\/08\/21\/affaire-frere-hounvi-un-silence-qui-en-dit-long\/"},"author":{"name":"La Marina Bj","@id":"https:\/\/lamarinabj.com\/#\/schema\/person\/89dc3df245cc348449b2502e2d5c016b"},"headline":"Affaire Fr\u00e8re Hounvi : Un silence qui en dit long","datePublished":"2024-08-21T07:10:57+00:00","dateModified":"2024-08-21T07:12:53+00:00","mainEntityOfPage":{"@id":"https:\/\/lamarinabj.com\/index.php\/2024\/08\/21\/affaire-frere-hounvi-un-silence-qui-en-dit-long\/"},"wordCount":767,"commentCount":0,"image":{"@id":"https:\/\/lamarinabj.com\/index.php\/2024\/08\/21\/affaire-frere-hounvi-un-silence-qui-en-dit-long\/#primaryimage"},"thumbnailUrl":"https:\/\/lamarinabj.com\/wp-content\/uploads\/2024\/08\/IMG_20240821_080933.jpg","keywords":["B\u00e9nin","CRIET","Fr\u00e8re Hounvi"],"articleSection":["L'\u00c9V\u00c9NEMENT"],"inLanguage":"fr-FR","potentialAction":[{"@type":"CommentAction","name":"Comment","target":["https:\/\/lamarinabj.com\/index.php\/2024\/08\/21\/affaire-frere-hounvi-un-silence-qui-en-dit-long\/#respond"]}]},{"@type":["WebPage","SearchResultsPage"],"@id":"https:\/\/lamarinabj.com\/index.php\/2024\/08\/21\/affaire-frere-hounvi-un-silence-qui-en-dit-long\/","url":"https:\/\/lamarinabj.com\/index.php\/2024\/08\/21\/affaire-frere-hounvi-un-silence-qui-en-dit-long\/","name":"Affaire Fr\u00e8re Hounvi : Un silence qui en dit long - LA MARINA BJ","isPartOf":{"@id":"https:\/\/lamarinabj.com\/#website"},"primaryImageOfPage":{"@id":"https:\/\/lamarinabj.com\/index.php\/2024\/08\/21\/affaire-frere-hounvi-un-silence-qui-en-dit-long\/#primaryimage"},"image":{"@id":"https:\/\/lamarinabj.com\/index.php\/2024\/08\/21\/affaire-frere-hounvi-un-silence-qui-en-dit-long\/#primaryimage"},"thumbnailUrl":"https:\/\/lamarinabj.com\/wp-content\/uploads\/2024\/08\/IMG_20240821_080933.jpg","datePublished":"2024-08-21T07:10:57+00:00","dateModified":"2024-08-21T07:12:53+00:00","author":{"@id":"https:\/\/lamarinabj.com\/#\/schema\/person\/89dc3df245cc348449b2502e2d5c016b"},"description":"Les autorit\u00e9s, en choisissant de garder le silence, ne font que confirmer les craintes d\u2019une large partie de la population, celles d\u2019un retour \u00e0 des m\u00e9thodes,...","breadcrumb":{"@id":"https:\/\/lamarinabj.com\/index.php\/2024\/08\/21\/affaire-frere-hounvi-un-silence-qui-en-dit-long\/#breadcrumb"},"inLanguage":"fr-FR","potentialAction":[{"@type":"ReadAction","target":["https:\/\/lamarinabj.com\/index.php\/2024\/08\/21\/affaire-frere-hounvi-un-silence-qui-en-dit-long\/"]}]},{"@type":"ImageObject","inLanguage":"fr-FR","@id":"https:\/\/lamarinabj.com\/index.php\/2024\/08\/21\/affaire-frere-hounvi-un-silence-qui-en-dit-long\/#primaryimage","url":"https:\/\/lamarinabj.com\/wp-content\/uploads\/2024\/08\/IMG_20240821_080933.jpg","contentUrl":"https:\/\/lamarinabj.com\/wp-content\/uploads\/2024\/08\/IMG_20240821_080933.jpg","width":937,"height":609},{"@type":"BreadcrumbList","@id":"https:\/\/lamarinabj.com\/index.php\/2024\/08\/21\/affaire-frere-hounvi-un-silence-qui-en-dit-long\/#breadcrumb","itemListElement":[{"@type":"ListItem","position":1,"name":"Accueil","item":"https:\/\/lamarinabj.com\/"},{"@type":"ListItem","position":2,"name":"Affaire Fr\u00e8re Hounvi : Un silence qui en dit long"}]},{"@type":"WebSite","@id":"https:\/\/lamarinabj.com\/#website","url":"https:\/\/lamarinabj.com\/","name":"LA MARINA BJ","description":"Votre portail vers l&#039;information strat\u00e9gique au B\u00e9nin, en Afrique et au-del\u00e0","potentialAction":[{"@type":"SearchAction","target":{"@type":"EntryPoint","urlTemplate":"https:\/\/lamarinabj.com\/?s={search_term_string}"},"query-input":{"@type":"PropertyValueSpecification","valueRequired":true,"valueName":"search_term_string"}}],"inLanguage":"fr-FR"},{"@type":"Person","@id":"https:\/\/lamarinabj.com\/#\/schema\/person\/89dc3df245cc348449b2502e2d5c016b","name":"La Marina Bj","image":{"@type":"ImageObject","inLanguage":"fr-FR","@id":"https:\/\/secure.gravatar.com\/avatar\/6ef884b7fb1dab6e8672f19e68299568fe069dc761d88506e39bee8464c70e4a?s=96&d=mm&r=g","url":"https:\/\/secure.gravatar.com\/avatar\/6ef884b7fb1dab6e8672f19e68299568fe069dc761d88506e39bee8464c70e4a?s=96&d=mm&r=g","contentUrl":"https:\/\/secure.gravatar.com\/avatar\/6ef884b7fb1dab6e8672f19e68299568fe069dc761d88506e39bee8464c70e4a?s=96&d=mm&r=g","caption":"La Marina Bj"},"url":"https:\/\/lamarinabj.com\/index.php\/author\/la-marina-bj\/"}]}},"_links":{"self":[{"href":"https:\/\/lamarinabj.com\/index.php\/wp-json\/wp\/v2\/posts\/7595","targetHints":{"allow":["GET"]}}],"collection":[{"href":"https:\/\/lamarinabj.com\/index.php\/wp-json\/wp\/v2\/posts"}],"about":[{"href":"https:\/\/lamarinabj.com\/index.php\/wp-json\/wp\/v2\/types\/post"}],"author":[{"embeddable":true,"href":"https:\/\/lamarinabj.com\/index.php\/wp-json\/wp\/v2\/users\/7"}],"replies":[{"embeddable":true,"href":"https:\/\/lamarinabj.com\/index.php\/wp-json\/wp\/v2\/comments?post=7595"}],"version-history":[{"count":2,"href":"https:\/\/lamarinabj.com\/index.php\/wp-json\/wp\/v2\/posts\/7595\/revisions"}],"predecessor-version":[{"id":7598,"href":"https:\/\/lamarinabj.com\/index.php\/wp-json\/wp\/v2\/posts\/7595\/revisions\/7598"}],"wp:featuredmedia":[{"embeddable":true,"href":"https:\/\/lamarinabj.com\/index.php\/wp-json\/wp\/v2\/media\/7596"}],"wp:attachment":[{"href":"https:\/\/lamarinabj.com\/index.php\/wp-json\/wp\/v2\/media?parent=7595"}],"wp:term":[{"taxonomy":"category","embeddable":true,"href":"https:\/\/lamarinabj.com\/index.php\/wp-json\/wp\/v2\/categories?post=7595"},{"taxonomy":"post_tag","embeddable":true,"href":"https:\/\/lamarinabj.com\/index.php\/wp-json\/wp\/v2\/tags?post=7595"}],"curies":[{"name":"wp","href":"https:\/\/api.w.org\/{rel}","templated":true}]}}