{"id":7607,"date":"2024-08-21T15:01:37","date_gmt":"2024-08-21T14:01:37","guid":{"rendered":"https:\/\/lamarinabj.com\/?p=7607"},"modified":"2024-08-27T21:35:55","modified_gmt":"2024-08-27T20:35:55","slug":"le-benin-sapprete-a-lever-80-milliards-de-francs-cfa-sur-le-marche-regional-en-septembre","status":"publish","type":"post","link":"https:\/\/lamarinabj.com\/index.php\/2024\/08\/21\/le-benin-sapprete-a-lever-80-milliards-de-francs-cfa-sur-le-marche-regional-en-septembre\/","title":{"rendered":"Le B\u00e9nin s&rsquo;appr\u00eate \u00e0 lever 80 milliards de francs CFA sur le march\u00e9 r\u00e9gional en septembre"},"content":{"rendered":"\n<p><strong><mark style=\"background-color:rgba(0, 0, 0, 0)\" class=\"has-inline-color has-red-color\">Rectification publi\u00e9e le 27\/08\/2024 \u00e0 21H21<\/mark><\/strong> : Le B\u00e9nin r\u00e9vise ses ambitions. Contrairement \u00e0 la planification initiale qui visait \u00e0 lever 80 milliards de francs CFA, c\u2019est finalement un montant de 20 milliards de FCFA que l&rsquo;\u00c9tat b\u00e9ninois mettra en adjudication le 12 septembre prochain. Cette r\u00e9vision significative de l\u2019objectif financier refl\u00e8te une strat\u00e9gie ajust\u00e9e du gouvernement b\u00e9ninois, peut-\u00eatre en r\u00e9ponse aux conditions \u00e9conomiques actuelles.(Source : avis d&rsquo;appel d&rsquo;offres <br>\u00e9mission par adjudication dat\u00e9e du 26 ao\u00fbt 2024) Plus de d\u00e9tails : <a href=\"https:\/\/lamarinabj.com\/index.php\/2024\/08\/27\/benin-de-80-milliards-planifies-a-20-milliards-mis-en-adjudication-pour-le-12-septembre\/\"><mark style=\"background-color:rgba(0, 0, 0, 0)\" class=\"has-inline-color has-red-color\">B\u00e9nin : De 80 milliards planifi\u00e9s \u00e0 20 milliards mis en adjudication pour le 12 septembre<\/mark><\/a><\/p>\n\n\n\n<p>Ci-dessous l&rsquo;ancien article<\/p>\n\n\n\n<p><strong><mark style=\"background-color:rgba(0, 0, 0, 0)\" class=\"has-inline-color has-red-color\">March\u00e9 financier, B\u00e9nin<\/mark><\/strong> &#8211; <strong><em>Le gouvernement b\u00e9ninois se pr\u00e9pare \u00e0 faire son retour sur le march\u00e9 financier r\u00e9gional avec une nouvelle \u00e9mission de titres publics pr\u00e9vue pour le mois de septembre. Cette op\u00e9ration, projet\u00e9e par la direction g\u00e9n\u00e9rale du Tr\u00e9sor et de la Comptabilit\u00e9 Publique, marquera la reprise des activit\u00e9s gouvernementales apr\u00e8s la pause annuelle.<\/em><\/strong><\/p>\n\n\n\n<p>Les titres publics, pour rappel, sont des instruments financiers utilis\u00e9s par l&rsquo;\u00c9tat pour mobiliser des fonds aupr\u00e8s des investisseurs. En contrepartie, l&rsquo;\u00c9tat s&rsquo;engage \u00e0 rembourser ces fonds \u00e0 une date ult\u00e9rieure, assortis d&rsquo;int\u00e9r\u00eats. <\/p>\n\n\n\n<h2 id=\"une-operation-prevue-pour-le-12-septembre\" class=\"wp-block-heading\"><mark style=\"background-color:rgba(0, 0, 0, 0)\" class=\"has-inline-color has-red-color\">Une op\u00e9ration  pr\u00e9vue pour le 12 septembre<\/mark><\/h2>\n\n\n\n<p>Selon notre source locale bien inform\u00e9e, la nouvelle \u00e9mission, pr\u00e9vue pour le 12 septembre 2024, vise \u00e0 lever un montant significatif de 80 milliards de francs CFA. La date de valeur, c&rsquo;est-\u00e0-dire le jour o\u00f9 les fonds seront effectivement transf\u00e9r\u00e9s au gouvernement b\u00e9ninois, a \u00e9t\u00e9 fix\u00e9e au 13 septembre 2024. Cette lev\u00e9e de fonds s&rsquo;inscrit dans la continuit\u00e9 des efforts du B\u00e9nin pour soutenir son d\u00e9veloppement \u00e9conomique et financier. <\/p>\n\n\n\n<p>En effet, le pays avait d\u00e9j\u00e0 r\u00e9alis\u00e9 une s\u00e9rie d&rsquo;\u00e9missions similaires le 11 juillet dernier. Parmi celles-ci, une \u00e9mission de Bons Assimilables du Tr\u00e9sor (BAT) pour un montant sollicit\u00e9 de 40 milliards de francs CFA, avait permis de mobiliser 15 milliards de francs CFA, avec un taux d&rsquo;int\u00e9r\u00eat moyen pond\u00e9r\u00e9 de 6,17 %.<\/p>\n\n\n\n<h2 id=\"des-obligations-egalement-emises\" class=\"wp-block-heading\"><mark style=\"background-color:rgba(0, 0, 0, 0)\" class=\"has-inline-color has-red-color\">Des obligations \u00e9galement \u00e9mises<\/mark><\/h2>\n\n\n\n<p>Toujours en juillet dernier, des Obligations Assimilables du Tr\u00e9sor (OAT) d&rsquo;une dur\u00e9e de 36 mois avaient \u00e9t\u00e9 \u00e9mises, g\u00e9n\u00e9rant 11,37 milliards de francs CFA sur les 40 milliards esp\u00e9r\u00e9s, avec un rendement moyen pond\u00e9r\u00e9 de 6,55 %. Une autre \u00e9mission d&rsquo;OAT, cette fois-ci d&rsquo;une dur\u00e9e de 60 mois et portant un taux d&rsquo;int\u00e9r\u00eat de 5,90 %, avait permis de lever 9,12 milliards de francs CFA.<\/p>\n\n\n\n<p>La prochaine \u00e9mission de septembre sera donc scrut\u00e9e de pr\u00e8s par les investisseurs, qui jugeront de l\u2019attractivit\u00e9 des conditions propos\u00e9es par le gouvernement b\u00e9ninois. Il reste \u00e0 voir si cette nouvelle initiative rencontrera le succ\u00e8s escompt\u00e9 et permettra au pays d&rsquo;atteindre ses objectifs financiers pour le second semestre de l&rsquo;ann\u00e9e 2024.<\/p>\n","protected":false},"excerpt":{"rendered":"Rectification publi\u00e9e le 27\/08\/2024 \u00e0 21H21 : Le B\u00e9nin r\u00e9vise ses ambitions. Contrairement \u00e0 la planification initiale qui&hellip;\n","protected":false},"author":4,"featured_media":7300,"comment_status":"open","ping_status":"open","sticky":false,"template":"elementor_theme","format":"standard","meta":{"csco_singular_sidebar":"","csco_page_header_type":"standard","csco_appearance_masonry":"","csco_page_load_nextpost":"","csco_post_video_location":[],"csco_post_video_location_hash":"","csco_post_video_url":"","csco_post_video_bg_start_time":0,"csco_post_video_bg_end_time":0,"footnotes":""},"categories":[57,191],"tags":[41,732,733],"class_list":{"0":"post-7607","1":"post","2":"type-post","3":"status-publish","4":"format-standard","5":"has-post-thumbnail","7":"category-a-suivre","8":"category-en-savoir-plus-2","9":"tag-benin","10":"tag-emission-de-titres-publics","11":"tag-umoa-titres","12":"cs-entry","13":"cs-video-wrap"},"yoast_head":"<!-- This site is optimized with the Yoast SEO plugin v27.4 - https:\/\/yoast.com\/product\/yoast-seo-wordpress\/ -->\n<title>Le B\u00e9nin s&#039;appr\u00eate \u00e0 lever 80 milliards de francs CFA sur le march\u00e9 r\u00e9gional en septembre - LA MARINA BJ<\/title>\n<meta name=\"description\" content=\"Cette op\u00e9ration, projet\u00e9e par la direction g\u00e9n\u00e9rale du Tr\u00e9sor et de la Comptabilit\u00e9 Publique, marquera la reprise des activit\u00e9s gouvernementales apr\u00e8s la pause annuelle.\" \/>\n<meta name=\"robots\" content=\"index, follow, max-snippet:-1, max-image-preview:large, max-video-preview:-1\" \/>\n<link rel=\"canonical\" href=\"https:\/\/lamarinabj.com\/index.php\/2024\/08\/21\/le-benin-sapprete-a-lever-80-milliards-de-francs-cfa-sur-le-marche-regional-en-septembre\/\" \/>\n<meta property=\"og:locale\" content=\"fr_FR\" \/>\n<meta property=\"og:type\" content=\"article\" \/>\n<meta property=\"og:title\" content=\"Le B\u00e9nin s&#039;appr\u00eate \u00e0 lever 80 milliards de francs CFA sur le march\u00e9 r\u00e9gional en septembre - LA MARINA BJ\" \/>\n<meta property=\"og:description\" content=\"Cette op\u00e9ration, projet\u00e9e par la direction g\u00e9n\u00e9rale du Tr\u00e9sor et de la Comptabilit\u00e9 Publique, marquera la reprise des activit\u00e9s gouvernementales apr\u00e8s la pause annuelle.\" \/>\n<meta property=\"og:url\" content=\"https:\/\/lamarinabj.com\/index.php\/2024\/08\/21\/le-benin-sapprete-a-lever-80-milliards-de-francs-cfa-sur-le-marche-regional-en-septembre\/\" \/>\n<meta property=\"og:site_name\" content=\"LA MARINA BJ\" \/>\n<meta property=\"article:published_time\" content=\"2024-08-21T14:01:37+00:00\" \/>\n<meta property=\"article:modified_time\" content=\"2024-08-27T20:35:55+00:00\" \/>\n<meta property=\"og:image\" content=\"https:\/\/lamarinabj.com\/wp-content\/uploads\/2024\/08\/SAVE_20240731_103927-scaled.jpg\" \/>\n\t<meta property=\"og:image:width\" content=\"2560\" \/>\n\t<meta property=\"og:image:height\" content=\"1344\" \/>\n\t<meta property=\"og:image:type\" content=\"image\/jpeg\" \/>\n<meta name=\"author\" content=\"La Marina BJ - Team Affaires Judiciaires\" \/>\n<meta name=\"twitter:card\" content=\"summary_large_image\" \/>\n<meta name=\"twitter:label1\" content=\"\u00c9crit par\" \/>\n\t<meta name=\"twitter:data1\" content=\"La Marina BJ - Team Affaires Judiciaires\" \/>\n\t<meta name=\"twitter:label2\" content=\"Dur\u00e9e de lecture estim\u00e9e\" \/>\n\t<meta name=\"twitter:data2\" content=\"3 minutes\" \/>\n<script type=\"application\/ld+json\" class=\"yoast-schema-graph\">{\"@context\":\"https:\\\/\\\/schema.org\",\"@graph\":[{\"@type\":\"NewsArticle\",\"@id\":\"https:\\\/\\\/lamarinabj.com\\\/index.php\\\/2024\\\/08\\\/21\\\/le-benin-sapprete-a-lever-80-milliards-de-francs-cfa-sur-le-marche-regional-en-septembre\\\/#article\",\"isPartOf\":{\"@id\":\"https:\\\/\\\/lamarinabj.com\\\/index.php\\\/2024\\\/08\\\/21\\\/le-benin-sapprete-a-lever-80-milliards-de-francs-cfa-sur-le-marche-regional-en-septembre\\\/\"},\"author\":{\"name\":\"La Marina BJ - Team Affaires Judiciaires\",\"@id\":\"https:\\\/\\\/lamarinabj.com\\\/#\\\/schema\\\/person\\\/e64c6145b3fb25d98218ef3bafce37de\"},\"headline\":\"Le B\u00e9nin s&rsquo;appr\u00eate \u00e0 lever 80 milliards de francs CFA sur le march\u00e9 r\u00e9gional en septembre\",\"datePublished\":\"2024-08-21T14:01:37+00:00\",\"dateModified\":\"2024-08-27T20:35:55+00:00\",\"mainEntityOfPage\":{\"@id\":\"https:\\\/\\\/lamarinabj.com\\\/index.php\\\/2024\\\/08\\\/21\\\/le-benin-sapprete-a-lever-80-milliards-de-francs-cfa-sur-le-marche-regional-en-septembre\\\/\"},\"wordCount\":502,\"commentCount\":0,\"image\":{\"@id\":\"https:\\\/\\\/lamarinabj.com\\\/index.php\\\/2024\\\/08\\\/21\\\/le-benin-sapprete-a-lever-80-milliards-de-francs-cfa-sur-le-marche-regional-en-septembre\\\/#primaryimage\"},\"thumbnailUrl\":\"https:\\\/\\\/lamarinabj.com\\\/wp-content\\\/uploads\\\/2024\\\/08\\\/SAVE_20240731_103927-scaled.jpg\",\"keywords\":[\"B\u00e9nin\",\"\u00e9mission de titres publics\",\"UMOA titres\"],\"articleSection\":[\"\u00c0 SUIVRE\",\"EN SAVOIR PLUS\"],\"inLanguage\":\"fr-FR\",\"potentialAction\":[{\"@type\":\"CommentAction\",\"name\":\"Comment\",\"target\":[\"https:\\\/\\\/lamarinabj.com\\\/index.php\\\/2024\\\/08\\\/21\\\/le-benin-sapprete-a-lever-80-milliards-de-francs-cfa-sur-le-marche-regional-en-septembre\\\/#respond\"]}]},{\"@type\":[\"WebPage\",\"SearchResultsPage\"],\"@id\":\"https:\\\/\\\/lamarinabj.com\\\/index.php\\\/2024\\\/08\\\/21\\\/le-benin-sapprete-a-lever-80-milliards-de-francs-cfa-sur-le-marche-regional-en-septembre\\\/\",\"url\":\"https:\\\/\\\/lamarinabj.com\\\/index.php\\\/2024\\\/08\\\/21\\\/le-benin-sapprete-a-lever-80-milliards-de-francs-cfa-sur-le-marche-regional-en-septembre\\\/\",\"name\":\"Le B\u00e9nin s'appr\u00eate \u00e0 lever 80 milliards de francs CFA sur le march\u00e9 r\u00e9gional en septembre - LA MARINA BJ\",\"isPartOf\":{\"@id\":\"https:\\\/\\\/lamarinabj.com\\\/#website\"},\"primaryImageOfPage\":{\"@id\":\"https:\\\/\\\/lamarinabj.com\\\/index.php\\\/2024\\\/08\\\/21\\\/le-benin-sapprete-a-lever-80-milliards-de-francs-cfa-sur-le-marche-regional-en-septembre\\\/#primaryimage\"},\"image\":{\"@id\":\"https:\\\/\\\/lamarinabj.com\\\/index.php\\\/2024\\\/08\\\/21\\\/le-benin-sapprete-a-lever-80-milliards-de-francs-cfa-sur-le-marche-regional-en-septembre\\\/#primaryimage\"},\"thumbnailUrl\":\"https:\\\/\\\/lamarinabj.com\\\/wp-content\\\/uploads\\\/2024\\\/08\\\/SAVE_20240731_103927-scaled.jpg\",\"datePublished\":\"2024-08-21T14:01:37+00:00\",\"dateModified\":\"2024-08-27T20:35:55+00:00\",\"author\":{\"@id\":\"https:\\\/\\\/lamarinabj.com\\\/#\\\/schema\\\/person\\\/e64c6145b3fb25d98218ef3bafce37de\"},\"description\":\"Cette op\u00e9ration, projet\u00e9e par la direction g\u00e9n\u00e9rale du Tr\u00e9sor et de la Comptabilit\u00e9 Publique, marquera la reprise des activit\u00e9s gouvernementales apr\u00e8s la pause annuelle.\",\"breadcrumb\":{\"@id\":\"https:\\\/\\\/lamarinabj.com\\\/index.php\\\/2024\\\/08\\\/21\\\/le-benin-sapprete-a-lever-80-milliards-de-francs-cfa-sur-le-marche-regional-en-septembre\\\/#breadcrumb\"},\"inLanguage\":\"fr-FR\",\"potentialAction\":[{\"@type\":\"ReadAction\",\"target\":[\"https:\\\/\\\/lamarinabj.com\\\/index.php\\\/2024\\\/08\\\/21\\\/le-benin-sapprete-a-lever-80-milliards-de-francs-cfa-sur-le-marche-regional-en-septembre\\\/\"]}]},{\"@type\":\"ImageObject\",\"inLanguage\":\"fr-FR\",\"@id\":\"https:\\\/\\\/lamarinabj.com\\\/index.php\\\/2024\\\/08\\\/21\\\/le-benin-sapprete-a-lever-80-milliards-de-francs-cfa-sur-le-marche-regional-en-septembre\\\/#primaryimage\",\"url\":\"https:\\\/\\\/lamarinabj.com\\\/wp-content\\\/uploads\\\/2024\\\/08\\\/SAVE_20240731_103927-scaled.jpg\",\"contentUrl\":\"https:\\\/\\\/lamarinabj.com\\\/wp-content\\\/uploads\\\/2024\\\/08\\\/SAVE_20240731_103927-scaled.jpg\",\"width\":2560,\"height\":1344},{\"@type\":\"BreadcrumbList\",\"@id\":\"https:\\\/\\\/lamarinabj.com\\\/index.php\\\/2024\\\/08\\\/21\\\/le-benin-sapprete-a-lever-80-milliards-de-francs-cfa-sur-le-marche-regional-en-septembre\\\/#breadcrumb\",\"itemListElement\":[{\"@type\":\"ListItem\",\"position\":1,\"name\":\"Accueil\",\"item\":\"https:\\\/\\\/lamarinabj.com\\\/\"},{\"@type\":\"ListItem\",\"position\":2,\"name\":\"Le B\u00e9nin s&#8217;appr\u00eate \u00e0 lever 80 milliards de francs CFA sur le march\u00e9 r\u00e9gional en septembre\"}]},{\"@type\":\"WebSite\",\"@id\":\"https:\\\/\\\/lamarinabj.com\\\/#website\",\"url\":\"https:\\\/\\\/lamarinabj.com\\\/\",\"name\":\"LA MARINA BJ\",\"description\":\"Votre portail vers l&#039;information strat\u00e9gique au B\u00e9nin, en Afrique et au-del\u00e0\",\"potentialAction\":[{\"@type\":\"SearchAction\",\"target\":{\"@type\":\"EntryPoint\",\"urlTemplate\":\"https:\\\/\\\/lamarinabj.com\\\/?s={search_term_string}\"},\"query-input\":{\"@type\":\"PropertyValueSpecification\",\"valueRequired\":true,\"valueName\":\"search_term_string\"}}],\"inLanguage\":\"fr-FR\"},{\"@type\":\"Person\",\"@id\":\"https:\\\/\\\/lamarinabj.com\\\/#\\\/schema\\\/person\\\/e64c6145b3fb25d98218ef3bafce37de\",\"name\":\"La Marina BJ - Team Affaires Judiciaires\",\"image\":{\"@type\":\"ImageObject\",\"inLanguage\":\"fr-FR\",\"@id\":\"https:\\\/\\\/secure.gravatar.com\\\/avatar\\\/dcd47faa85727203c51c1a84009b684b305ba179e4848c26009abb855df90961?s=96&d=mm&r=g\",\"url\":\"https:\\\/\\\/secure.gravatar.com\\\/avatar\\\/dcd47faa85727203c51c1a84009b684b305ba179e4848c26009abb855df90961?s=96&d=mm&r=g\",\"contentUrl\":\"https:\\\/\\\/secure.gravatar.com\\\/avatar\\\/dcd47faa85727203c51c1a84009b684b305ba179e4848c26009abb855df90961?s=96&d=mm&r=g\",\"caption\":\"La Marina BJ - Team Affaires Judiciaires\"},\"description\":\"Au c\u0153ur de l\u2019actualit\u00e9 juridico-\u00e9conomique, la Team Justice &amp; Affaires judiciaires de La Marina BJ s'affirme comme un p\u00f4le de r\u00e9f\u00e9rence dans la couverture des proc\u00e9dures judiciaires, des contentieux commerciaux et des d\u00e9cisions de justice \u00e0 fort impact strat\u00e9gique.\",\"url\":\"https:\\\/\\\/lamarinabj.com\\\/index.php\\\/author\\\/marc\\\/\"}]}<\/script>\n<!-- \/ Yoast SEO plugin. -->","yoast_head_json":{"title":"Le B\u00e9nin s'appr\u00eate \u00e0 lever 80 milliards de francs CFA sur le march\u00e9 r\u00e9gional en septembre - LA MARINA BJ","description":"Cette op\u00e9ration, projet\u00e9e par la direction g\u00e9n\u00e9rale du Tr\u00e9sor et de la Comptabilit\u00e9 Publique, marquera la reprise des activit\u00e9s gouvernementales apr\u00e8s la pause annuelle.","robots":{"index":"index","follow":"follow","max-snippet":"max-snippet:-1","max-image-preview":"max-image-preview:large","max-video-preview":"max-video-preview:-1"},"canonical":"https:\/\/lamarinabj.com\/index.php\/2024\/08\/21\/le-benin-sapprete-a-lever-80-milliards-de-francs-cfa-sur-le-marche-regional-en-septembre\/","og_locale":"fr_FR","og_type":"article","og_title":"Le B\u00e9nin s'appr\u00eate \u00e0 lever 80 milliards de francs CFA sur le march\u00e9 r\u00e9gional en septembre - LA MARINA BJ","og_description":"Cette op\u00e9ration, projet\u00e9e par la direction g\u00e9n\u00e9rale du Tr\u00e9sor et de la Comptabilit\u00e9 Publique, marquera la reprise des activit\u00e9s gouvernementales apr\u00e8s la pause annuelle.","og_url":"https:\/\/lamarinabj.com\/index.php\/2024\/08\/21\/le-benin-sapprete-a-lever-80-milliards-de-francs-cfa-sur-le-marche-regional-en-septembre\/","og_site_name":"LA MARINA BJ","article_published_time":"2024-08-21T14:01:37+00:00","article_modified_time":"2024-08-27T20:35:55+00:00","og_image":[{"width":2560,"height":1344,"url":"https:\/\/lamarinabj.com\/wp-content\/uploads\/2024\/08\/SAVE_20240731_103927-scaled.jpg","type":"image\/jpeg"}],"author":"La Marina BJ - Team Affaires Judiciaires","twitter_card":"summary_large_image","twitter_misc":{"\u00c9crit par":"La Marina BJ - Team Affaires Judiciaires","Dur\u00e9e de lecture estim\u00e9e":"3 minutes"},"schema":{"@context":"https:\/\/schema.org","@graph":[{"@type":"NewsArticle","@id":"https:\/\/lamarinabj.com\/index.php\/2024\/08\/21\/le-benin-sapprete-a-lever-80-milliards-de-francs-cfa-sur-le-marche-regional-en-septembre\/#article","isPartOf":{"@id":"https:\/\/lamarinabj.com\/index.php\/2024\/08\/21\/le-benin-sapprete-a-lever-80-milliards-de-francs-cfa-sur-le-marche-regional-en-septembre\/"},"author":{"name":"La Marina BJ - Team Affaires Judiciaires","@id":"https:\/\/lamarinabj.com\/#\/schema\/person\/e64c6145b3fb25d98218ef3bafce37de"},"headline":"Le B\u00e9nin s&rsquo;appr\u00eate \u00e0 lever 80 milliards de francs CFA sur le march\u00e9 r\u00e9gional en septembre","datePublished":"2024-08-21T14:01:37+00:00","dateModified":"2024-08-27T20:35:55+00:00","mainEntityOfPage":{"@id":"https:\/\/lamarinabj.com\/index.php\/2024\/08\/21\/le-benin-sapprete-a-lever-80-milliards-de-francs-cfa-sur-le-marche-regional-en-septembre\/"},"wordCount":502,"commentCount":0,"image":{"@id":"https:\/\/lamarinabj.com\/index.php\/2024\/08\/21\/le-benin-sapprete-a-lever-80-milliards-de-francs-cfa-sur-le-marche-regional-en-septembre\/#primaryimage"},"thumbnailUrl":"https:\/\/lamarinabj.com\/wp-content\/uploads\/2024\/08\/SAVE_20240731_103927-scaled.jpg","keywords":["B\u00e9nin","\u00e9mission de titres publics","UMOA titres"],"articleSection":["\u00c0 SUIVRE","EN SAVOIR PLUS"],"inLanguage":"fr-FR","potentialAction":[{"@type":"CommentAction","name":"Comment","target":["https:\/\/lamarinabj.com\/index.php\/2024\/08\/21\/le-benin-sapprete-a-lever-80-milliards-de-francs-cfa-sur-le-marche-regional-en-septembre\/#respond"]}]},{"@type":["WebPage","SearchResultsPage"],"@id":"https:\/\/lamarinabj.com\/index.php\/2024\/08\/21\/le-benin-sapprete-a-lever-80-milliards-de-francs-cfa-sur-le-marche-regional-en-septembre\/","url":"https:\/\/lamarinabj.com\/index.php\/2024\/08\/21\/le-benin-sapprete-a-lever-80-milliards-de-francs-cfa-sur-le-marche-regional-en-septembre\/","name":"Le B\u00e9nin s'appr\u00eate \u00e0 lever 80 milliards de francs CFA sur le march\u00e9 r\u00e9gional en septembre - LA MARINA BJ","isPartOf":{"@id":"https:\/\/lamarinabj.com\/#website"},"primaryImageOfPage":{"@id":"https:\/\/lamarinabj.com\/index.php\/2024\/08\/21\/le-benin-sapprete-a-lever-80-milliards-de-francs-cfa-sur-le-marche-regional-en-septembre\/#primaryimage"},"image":{"@id":"https:\/\/lamarinabj.com\/index.php\/2024\/08\/21\/le-benin-sapprete-a-lever-80-milliards-de-francs-cfa-sur-le-marche-regional-en-septembre\/#primaryimage"},"thumbnailUrl":"https:\/\/lamarinabj.com\/wp-content\/uploads\/2024\/08\/SAVE_20240731_103927-scaled.jpg","datePublished":"2024-08-21T14:01:37+00:00","dateModified":"2024-08-27T20:35:55+00:00","author":{"@id":"https:\/\/lamarinabj.com\/#\/schema\/person\/e64c6145b3fb25d98218ef3bafce37de"},"description":"Cette op\u00e9ration, projet\u00e9e par la direction g\u00e9n\u00e9rale du Tr\u00e9sor et de la Comptabilit\u00e9 Publique, marquera la reprise des activit\u00e9s gouvernementales apr\u00e8s la pause annuelle.","breadcrumb":{"@id":"https:\/\/lamarinabj.com\/index.php\/2024\/08\/21\/le-benin-sapprete-a-lever-80-milliards-de-francs-cfa-sur-le-marche-regional-en-septembre\/#breadcrumb"},"inLanguage":"fr-FR","potentialAction":[{"@type":"ReadAction","target":["https:\/\/lamarinabj.com\/index.php\/2024\/08\/21\/le-benin-sapprete-a-lever-80-milliards-de-francs-cfa-sur-le-marche-regional-en-septembre\/"]}]},{"@type":"ImageObject","inLanguage":"fr-FR","@id":"https:\/\/lamarinabj.com\/index.php\/2024\/08\/21\/le-benin-sapprete-a-lever-80-milliards-de-francs-cfa-sur-le-marche-regional-en-septembre\/#primaryimage","url":"https:\/\/lamarinabj.com\/wp-content\/uploads\/2024\/08\/SAVE_20240731_103927-scaled.jpg","contentUrl":"https:\/\/lamarinabj.com\/wp-content\/uploads\/2024\/08\/SAVE_20240731_103927-scaled.jpg","width":2560,"height":1344},{"@type":"BreadcrumbList","@id":"https:\/\/lamarinabj.com\/index.php\/2024\/08\/21\/le-benin-sapprete-a-lever-80-milliards-de-francs-cfa-sur-le-marche-regional-en-septembre\/#breadcrumb","itemListElement":[{"@type":"ListItem","position":1,"name":"Accueil","item":"https:\/\/lamarinabj.com\/"},{"@type":"ListItem","position":2,"name":"Le B\u00e9nin s&#8217;appr\u00eate \u00e0 lever 80 milliards de francs CFA sur le march\u00e9 r\u00e9gional en septembre"}]},{"@type":"WebSite","@id":"https:\/\/lamarinabj.com\/#website","url":"https:\/\/lamarinabj.com\/","name":"LA MARINA BJ","description":"Votre portail vers l&#039;information strat\u00e9gique au B\u00e9nin, en Afrique et au-del\u00e0","potentialAction":[{"@type":"SearchAction","target":{"@type":"EntryPoint","urlTemplate":"https:\/\/lamarinabj.com\/?s={search_term_string}"},"query-input":{"@type":"PropertyValueSpecification","valueRequired":true,"valueName":"search_term_string"}}],"inLanguage":"fr-FR"},{"@type":"Person","@id":"https:\/\/lamarinabj.com\/#\/schema\/person\/e64c6145b3fb25d98218ef3bafce37de","name":"La Marina BJ - Team Affaires Judiciaires","image":{"@type":"ImageObject","inLanguage":"fr-FR","@id":"https:\/\/secure.gravatar.com\/avatar\/dcd47faa85727203c51c1a84009b684b305ba179e4848c26009abb855df90961?s=96&d=mm&r=g","url":"https:\/\/secure.gravatar.com\/avatar\/dcd47faa85727203c51c1a84009b684b305ba179e4848c26009abb855df90961?s=96&d=mm&r=g","contentUrl":"https:\/\/secure.gravatar.com\/avatar\/dcd47faa85727203c51c1a84009b684b305ba179e4848c26009abb855df90961?s=96&d=mm&r=g","caption":"La Marina BJ - Team Affaires Judiciaires"},"description":"Au c\u0153ur de l\u2019actualit\u00e9 juridico-\u00e9conomique, la Team Justice &amp; Affaires judiciaires de La Marina BJ s'affirme comme un p\u00f4le de r\u00e9f\u00e9rence dans la couverture des proc\u00e9dures judiciaires, des contentieux commerciaux et des d\u00e9cisions de justice \u00e0 fort impact strat\u00e9gique.","url":"https:\/\/lamarinabj.com\/index.php\/author\/marc\/"}]}},"_links":{"self":[{"href":"https:\/\/lamarinabj.com\/index.php\/wp-json\/wp\/v2\/posts\/7607","targetHints":{"allow":["GET"]}}],"collection":[{"href":"https:\/\/lamarinabj.com\/index.php\/wp-json\/wp\/v2\/posts"}],"about":[{"href":"https:\/\/lamarinabj.com\/index.php\/wp-json\/wp\/v2\/types\/post"}],"author":[{"embeddable":true,"href":"https:\/\/lamarinabj.com\/index.php\/wp-json\/wp\/v2\/users\/4"}],"replies":[{"embeddable":true,"href":"https:\/\/lamarinabj.com\/index.php\/wp-json\/wp\/v2\/comments?post=7607"}],"version-history":[{"count":7,"href":"https:\/\/lamarinabj.com\/index.php\/wp-json\/wp\/v2\/posts\/7607\/revisions"}],"predecessor-version":[{"id":7721,"href":"https:\/\/lamarinabj.com\/index.php\/wp-json\/wp\/v2\/posts\/7607\/revisions\/7721"}],"wp:featuredmedia":[{"embeddable":true,"href":"https:\/\/lamarinabj.com\/index.php\/wp-json\/wp\/v2\/media\/7300"}],"wp:attachment":[{"href":"https:\/\/lamarinabj.com\/index.php\/wp-json\/wp\/v2\/media?parent=7607"}],"wp:term":[{"taxonomy":"category","embeddable":true,"href":"https:\/\/lamarinabj.com\/index.php\/wp-json\/wp\/v2\/categories?post=7607"},{"taxonomy":"post_tag","embeddable":true,"href":"https:\/\/lamarinabj.com\/index.php\/wp-json\/wp\/v2\/tags?post=7607"}],"curies":[{"name":"wp","href":"https:\/\/api.w.org\/{rel}","templated":true}]}}