{"id":7678,"date":"2024-08-26T12:22:18","date_gmt":"2024-08-26T11:22:18","guid":{"rendered":"https:\/\/lamarinabj.com\/?p=7678"},"modified":"2024-08-26T12:22:19","modified_gmt":"2024-08-26T11:22:19","slug":"le-parlement-beninois-renforce-ses-capacites-pour-un-controle-budgetaire-plus-efficace","status":"publish","type":"post","link":"https:\/\/lamarinabj.com\/index.php\/2024\/08\/26\/le-parlement-beninois-renforce-ses-capacites-pour-un-controle-budgetaire-plus-efficace\/","title":{"rendered":"Le parlement b\u00e9ninois renforce ses capacit\u00e9s pour un contr\u00f4le budg\u00e9taire plus efficace"},"content":{"rendered":"\n<p><strong><mark style=\"background-color:rgba(0, 0, 0, 0)\" class=\"has-inline-color has-red-color\">Gouvernance , B\u00e9nin<\/mark><\/strong>\u2013 <strong><em>Confront\u00e9s \u00e0 la complexit\u00e9 grandissante des finances publiques, les d\u00e9put\u00e9s de la commission des finances et des \u00e9changes, ainsi que plusieurs cadres parlementaires, ont r\u00e9cemment pris part \u00e0 un atelier strat\u00e9gique destin\u00e9 \u00e0 renforcer leurs comp\u00e9tences en contr\u00f4le budg\u00e9taire.<\/em><\/strong><\/p>\n\n\n\n<p>Organis\u00e9 \u00e0 Grand-Popo les 22 et 23 ao\u00fbt 2024, cet atelier a permis aux participants de se doter des outils n\u00e9cessaires pour mieux analyser l&rsquo;ex\u00e9cution des budgets de l&rsquo;\u00c9tat, tant pour l&rsquo;ann\u00e9e 2023 que pour le d\u00e9but de l&rsquo;ann\u00e9e 2024.<\/p>\n\n\n\n<h3 id=\"un-besoin-crucial-de-competences-renforcees\" class=\"wp-block-heading\"><mark style=\"background-color:rgba(0, 0, 0, 0)\" class=\"has-inline-color has-red-color\">Un besoin crucial de comp\u00e9tences renforc\u00e9es<\/mark><\/h3>\n\n\n\n<p>Avec des budgets de plus en plus techniques et une gestion des ressources publiques qui requiert une expertise approfondie, il est essentiel pour les parlementaires d&rsquo;acqu\u00e9rir les comp\u00e9tences n\u00e9cessaires pour exercer un contr\u00f4le efficace sur les finances de l&rsquo;\u00c9tat. Cet atelier r\u00e9pond \u00e0 ce besoin en offrant une formation cibl\u00e9e sur l&rsquo;analyse des rapports d\u2019ex\u00e9cution budg\u00e9taire.<\/p>\n\n\n\n<p>Pendant deux jours, les participants ont \u00e9tudi\u00e9 divers aspects de la gestion budg\u00e9taire, notamment l&rsquo;\u00e9volution de la situation \u00e9conomique en 2023 et les r\u00e9sultats financiers des premiers mois de l&rsquo;ann\u00e9e 2024. Cet atelier leur a permis d\u2019acqu\u00e9rir une meilleure compr\u00e9hension des donn\u00e9es financi\u00e8res et de se familiariser avec les techniques d&rsquo;analyse n\u00e9cessaires pour identifier les irr\u00e9gularit\u00e9s et proposer des actions correctives.<\/p>\n\n\n\n<h3 id=\"un-parlement-mieux-outille-pour-une-gouvernance-transparente\" class=\"wp-block-heading\"><mark style=\"background-color:rgba(0, 0, 0, 0)\" class=\"has-inline-color has-red-color\">Un parlement mieux outill\u00e9 pour une gouvernance transparente<\/mark><\/h3>\n\n\n\n<p>Cet atelier s&rsquo;inscrit dans un effort plus large de renforcement des capacit\u00e9s parlementaires, avec pour objectif de garantir une utilisation optimale des ressources publiques. Gr\u00e2ce aux comp\u00e9tences acquises, les participants sont d\u00e9sormais mieux pr\u00e9par\u00e9s \u00e0 surveiller l&rsquo;ex\u00e9cution des budgets de l&rsquo;\u00c9tat concern\u00e9s et \u00e0 assurer que les fonds publics sont g\u00e9r\u00e9s de mani\u00e8re transparente et responsable.<\/p>\n\n\n\n<p>Avec ces nouvelles comp\u00e9tences, les d\u00e9put\u00e9s de la commission des finances et des \u00e9changes seront en mesure de jouer un r\u00f4le plus actif et plus inform\u00e9 dans le suivi de l&rsquo;action gouvernementale, garantissant ainsi une meilleure utilisation des ressources de l&rsquo;\u00c9tat.<\/p>\n","protected":false},"excerpt":{"rendered":"Gouvernance , B\u00e9nin\u2013 Confront\u00e9s \u00e0 la complexit\u00e9 grandissante des finances publiques, les d\u00e9put\u00e9s de la commission des finances&hellip;\n","protected":false},"author":8,"featured_media":7165,"comment_status":"open","ping_status":"open","sticky":false,"template":"elementor_theme","format":"standard","meta":{"csco_singular_sidebar":"","csco_page_header_type":"standard","csco_appearance_masonry":"","csco_page_load_nextpost":"","csco_post_video_location":[],"csco_post_video_location_hash":"","csco_post_video_url":"","csco_post_video_bg_start_time":0,"csco_post_video_bg_end_time":0,"footnotes":""},"categories":[45,239],"tags":[41,748,390],"class_list":{"0":"post-7678","1":"post","2":"type-post","3":"status-publish","4":"format-standard","5":"has-post-thumbnail","7":"category-gouvernance","8":"category-levenement-2","9":"tag-benin","10":"tag-budget-de-letat","11":"tag-parlement","12":"cs-entry","13":"cs-video-wrap"},"yoast_head":"<!-- This site is optimized with the Yoast SEO plugin v27.4 - https:\/\/yoast.com\/product\/yoast-seo-wordpress\/ -->\n<title>Le parlement b\u00e9ninois renforce ses capacit\u00e9s pour un contr\u00f4le budg\u00e9taire plus efficace - LA MARINA BJ<\/title>\n<meta name=\"description\" content=\"cet atelier a permis aux participants de se doter des outils n\u00e9cessaires pour mieux analyser l&#039;ex\u00e9cution des budgets de l&#039;\u00c9tat...\" \/>\n<meta name=\"robots\" content=\"index, follow, max-snippet:-1, max-image-preview:large, max-video-preview:-1\" \/>\n<link rel=\"canonical\" href=\"https:\/\/lamarinabj.com\/index.php\/2024\/08\/26\/le-parlement-beninois-renforce-ses-capacites-pour-un-controle-budgetaire-plus-efficace\/\" \/>\n<meta property=\"og:locale\" content=\"fr_FR\" \/>\n<meta property=\"og:type\" content=\"article\" \/>\n<meta property=\"og:title\" content=\"Le parlement b\u00e9ninois renforce ses capacit\u00e9s pour un contr\u00f4le budg\u00e9taire plus efficace - LA MARINA BJ\" \/>\n<meta property=\"og:description\" content=\"cet atelier a permis aux participants de se doter des outils n\u00e9cessaires pour mieux analyser l&#039;ex\u00e9cution des budgets de l&#039;\u00c9tat...\" \/>\n<meta property=\"og:url\" content=\"https:\/\/lamarinabj.com\/index.php\/2024\/08\/26\/le-parlement-beninois-renforce-ses-capacites-pour-un-controle-budgetaire-plus-efficace\/\" \/>\n<meta property=\"og:site_name\" content=\"LA MARINA BJ\" \/>\n<meta property=\"article:published_time\" content=\"2024-08-26T11:22:18+00:00\" \/>\n<meta property=\"article:modified_time\" content=\"2024-08-26T11:22:19+00:00\" \/>\n<meta property=\"og:image\" content=\"https:\/\/lamarinabj.com\/wp-content\/uploads\/2024\/07\/SAVE_20240731_103936-scaled.jpg\" \/>\n\t<meta property=\"og:image:width\" content=\"2560\" \/>\n\t<meta property=\"og:image:height\" content=\"1344\" \/>\n\t<meta property=\"og:image:type\" content=\"image\/jpeg\" \/>\n<meta name=\"author\" content=\"La Marina BJ - Team Business &amp; \u00c9conomie &amp; Finances\" \/>\n<meta name=\"twitter:card\" content=\"summary_large_image\" \/>\n<meta name=\"twitter:label1\" content=\"\u00c9crit par\" \/>\n\t<meta name=\"twitter:data1\" content=\"La Marina BJ - Team Business &amp; \u00c9conomie &amp; Finances\" \/>\n\t<meta name=\"twitter:label2\" content=\"Dur\u00e9e de lecture estim\u00e9e\" \/>\n\t<meta name=\"twitter:data2\" content=\"2 minutes\" \/>\n<script type=\"application\/ld+json\" class=\"yoast-schema-graph\">{\"@context\":\"https:\\\/\\\/schema.org\",\"@graph\":[{\"@type\":\"NewsArticle\",\"@id\":\"https:\\\/\\\/lamarinabj.com\\\/index.php\\\/2024\\\/08\\\/26\\\/le-parlement-beninois-renforce-ses-capacites-pour-un-controle-budgetaire-plus-efficace\\\/#article\",\"isPartOf\":{\"@id\":\"https:\\\/\\\/lamarinabj.com\\\/index.php\\\/2024\\\/08\\\/26\\\/le-parlement-beninois-renforce-ses-capacites-pour-un-controle-budgetaire-plus-efficace\\\/\"},\"author\":{\"name\":\"La Marina BJ - Team Business &amp; \u00c9conomie &amp; Finances\",\"@id\":\"https:\\\/\\\/lamarinabj.com\\\/#\\\/schema\\\/person\\\/daecc7fb1eea21418f92763d06a3f4b4\"},\"headline\":\"Le parlement b\u00e9ninois renforce ses capacit\u00e9s pour un contr\u00f4le budg\u00e9taire plus efficace\",\"datePublished\":\"2024-08-26T11:22:18+00:00\",\"dateModified\":\"2024-08-26T11:22:19+00:00\",\"mainEntityOfPage\":{\"@id\":\"https:\\\/\\\/lamarinabj.com\\\/index.php\\\/2024\\\/08\\\/26\\\/le-parlement-beninois-renforce-ses-capacites-pour-un-controle-budgetaire-plus-efficace\\\/\"},\"wordCount\":378,\"commentCount\":0,\"image\":{\"@id\":\"https:\\\/\\\/lamarinabj.com\\\/index.php\\\/2024\\\/08\\\/26\\\/le-parlement-beninois-renforce-ses-capacites-pour-un-controle-budgetaire-plus-efficace\\\/#primaryimage\"},\"thumbnailUrl\":\"https:\\\/\\\/lamarinabj.com\\\/wp-content\\\/uploads\\\/2024\\\/07\\\/SAVE_20240731_103936-scaled.jpg\",\"keywords\":[\"B\u00e9nin\",\"Budget de l'\u00c9tat\",\"Parlement\"],\"articleSection\":[\"GOUVERNANCE\",\"L'\u00c9V\u00c9NEMENT\"],\"inLanguage\":\"fr-FR\",\"potentialAction\":[{\"@type\":\"CommentAction\",\"name\":\"Comment\",\"target\":[\"https:\\\/\\\/lamarinabj.com\\\/index.php\\\/2024\\\/08\\\/26\\\/le-parlement-beninois-renforce-ses-capacites-pour-un-controle-budgetaire-plus-efficace\\\/#respond\"]}]},{\"@type\":[\"WebPage\",\"SearchResultsPage\"],\"@id\":\"https:\\\/\\\/lamarinabj.com\\\/index.php\\\/2024\\\/08\\\/26\\\/le-parlement-beninois-renforce-ses-capacites-pour-un-controle-budgetaire-plus-efficace\\\/\",\"url\":\"https:\\\/\\\/lamarinabj.com\\\/index.php\\\/2024\\\/08\\\/26\\\/le-parlement-beninois-renforce-ses-capacites-pour-un-controle-budgetaire-plus-efficace\\\/\",\"name\":\"Le parlement b\u00e9ninois renforce ses capacit\u00e9s pour un contr\u00f4le budg\u00e9taire plus efficace - LA MARINA BJ\",\"isPartOf\":{\"@id\":\"https:\\\/\\\/lamarinabj.com\\\/#website\"},\"primaryImageOfPage\":{\"@id\":\"https:\\\/\\\/lamarinabj.com\\\/index.php\\\/2024\\\/08\\\/26\\\/le-parlement-beninois-renforce-ses-capacites-pour-un-controle-budgetaire-plus-efficace\\\/#primaryimage\"},\"image\":{\"@id\":\"https:\\\/\\\/lamarinabj.com\\\/index.php\\\/2024\\\/08\\\/26\\\/le-parlement-beninois-renforce-ses-capacites-pour-un-controle-budgetaire-plus-efficace\\\/#primaryimage\"},\"thumbnailUrl\":\"https:\\\/\\\/lamarinabj.com\\\/wp-content\\\/uploads\\\/2024\\\/07\\\/SAVE_20240731_103936-scaled.jpg\",\"datePublished\":\"2024-08-26T11:22:18+00:00\",\"dateModified\":\"2024-08-26T11:22:19+00:00\",\"author\":{\"@id\":\"https:\\\/\\\/lamarinabj.com\\\/#\\\/schema\\\/person\\\/daecc7fb1eea21418f92763d06a3f4b4\"},\"description\":\"cet atelier a permis aux participants de se doter des outils n\u00e9cessaires pour mieux analyser l'ex\u00e9cution des budgets de l'\u00c9tat...\",\"breadcrumb\":{\"@id\":\"https:\\\/\\\/lamarinabj.com\\\/index.php\\\/2024\\\/08\\\/26\\\/le-parlement-beninois-renforce-ses-capacites-pour-un-controle-budgetaire-plus-efficace\\\/#breadcrumb\"},\"inLanguage\":\"fr-FR\",\"potentialAction\":[{\"@type\":\"ReadAction\",\"target\":[\"https:\\\/\\\/lamarinabj.com\\\/index.php\\\/2024\\\/08\\\/26\\\/le-parlement-beninois-renforce-ses-capacites-pour-un-controle-budgetaire-plus-efficace\\\/\"]}]},{\"@type\":\"ImageObject\",\"inLanguage\":\"fr-FR\",\"@id\":\"https:\\\/\\\/lamarinabj.com\\\/index.php\\\/2024\\\/08\\\/26\\\/le-parlement-beninois-renforce-ses-capacites-pour-un-controle-budgetaire-plus-efficace\\\/#primaryimage\",\"url\":\"https:\\\/\\\/lamarinabj.com\\\/wp-content\\\/uploads\\\/2024\\\/07\\\/SAVE_20240731_103936-scaled.jpg\",\"contentUrl\":\"https:\\\/\\\/lamarinabj.com\\\/wp-content\\\/uploads\\\/2024\\\/07\\\/SAVE_20240731_103936-scaled.jpg\",\"width\":2560,\"height\":1344},{\"@type\":\"BreadcrumbList\",\"@id\":\"https:\\\/\\\/lamarinabj.com\\\/index.php\\\/2024\\\/08\\\/26\\\/le-parlement-beninois-renforce-ses-capacites-pour-un-controle-budgetaire-plus-efficace\\\/#breadcrumb\",\"itemListElement\":[{\"@type\":\"ListItem\",\"position\":1,\"name\":\"Accueil\",\"item\":\"https:\\\/\\\/lamarinabj.com\\\/\"},{\"@type\":\"ListItem\",\"position\":2,\"name\":\"Le parlement b\u00e9ninois renforce ses capacit\u00e9s pour un contr\u00f4le budg\u00e9taire plus efficace\"}]},{\"@type\":\"WebSite\",\"@id\":\"https:\\\/\\\/lamarinabj.com\\\/#website\",\"url\":\"https:\\\/\\\/lamarinabj.com\\\/\",\"name\":\"LA MARINA BJ\",\"description\":\"Votre portail vers l&#039;information strat\u00e9gique au B\u00e9nin, en Afrique et au-del\u00e0\",\"potentialAction\":[{\"@type\":\"SearchAction\",\"target\":{\"@type\":\"EntryPoint\",\"urlTemplate\":\"https:\\\/\\\/lamarinabj.com\\\/?s={search_term_string}\"},\"query-input\":{\"@type\":\"PropertyValueSpecification\",\"valueRequired\":true,\"valueName\":\"search_term_string\"}}],\"inLanguage\":\"fr-FR\"},{\"@type\":\"Person\",\"@id\":\"https:\\\/\\\/lamarinabj.com\\\/#\\\/schema\\\/person\\\/daecc7fb1eea21418f92763d06a3f4b4\",\"name\":\"La Marina BJ - Team Business &amp; \u00c9conomie &amp; Finances\",\"image\":{\"@type\":\"ImageObject\",\"inLanguage\":\"fr-FR\",\"@id\":\"https:\\\/\\\/secure.gravatar.com\\\/avatar\\\/007be62133093bb48d247a392503beff272bc6a9503872d32895035e0e72b4f7?s=96&d=mm&r=g\",\"url\":\"https:\\\/\\\/secure.gravatar.com\\\/avatar\\\/007be62133093bb48d247a392503beff272bc6a9503872d32895035e0e72b4f7?s=96&d=mm&r=g\",\"contentUrl\":\"https:\\\/\\\/secure.gravatar.com\\\/avatar\\\/007be62133093bb48d247a392503beff272bc6a9503872d32895035e0e72b4f7?s=96&d=mm&r=g\",\"caption\":\"La Marina BJ - Team Business &amp; \u00c9conomie &amp; Finances\"},\"description\":\"La Team \u00c9conomie &amp; Finances de La Marina BJ d\u00e9crypte les dynamiques \u00e9conomiques qui fa\u00e7onnent le B\u00e9nin, l\u2019Afrique et le monde. Compos\u00e9e de journalistes \u00e9conomiques, d\u2019analystes sectoriels et de veilleurs sp\u00e9cialis\u00e9s, elle s\u2019attache \u00e0 rendre lisibles les m\u00e9canismes financiers, les politiques budg\u00e9taires, les r\u00e9formes fiscales et les grandes orientations macro\u00e9conomiques. Son ambition : \u00e9clairer les choix, anticiper les tendances et outiller les d\u00e9cideurs \u2014 publics comme priv\u00e9s \u2014 dans un environnement \u00e9conomique en constante mutation.\",\"url\":\"https:\\\/\\\/lamarinabj.com\\\/index.php\\\/author\\\/ernestine\\\/\"}]}<\/script>\n<!-- \/ Yoast SEO plugin. -->","yoast_head_json":{"title":"Le parlement b\u00e9ninois renforce ses capacit\u00e9s pour un contr\u00f4le budg\u00e9taire plus efficace - LA MARINA BJ","description":"cet atelier a permis aux participants de se doter des outils n\u00e9cessaires pour mieux analyser l'ex\u00e9cution des budgets de l'\u00c9tat...","robots":{"index":"index","follow":"follow","max-snippet":"max-snippet:-1","max-image-preview":"max-image-preview:large","max-video-preview":"max-video-preview:-1"},"canonical":"https:\/\/lamarinabj.com\/index.php\/2024\/08\/26\/le-parlement-beninois-renforce-ses-capacites-pour-un-controle-budgetaire-plus-efficace\/","og_locale":"fr_FR","og_type":"article","og_title":"Le parlement b\u00e9ninois renforce ses capacit\u00e9s pour un contr\u00f4le budg\u00e9taire plus efficace - LA MARINA BJ","og_description":"cet atelier a permis aux participants de se doter des outils n\u00e9cessaires pour mieux analyser l'ex\u00e9cution des budgets de l'\u00c9tat...","og_url":"https:\/\/lamarinabj.com\/index.php\/2024\/08\/26\/le-parlement-beninois-renforce-ses-capacites-pour-un-controle-budgetaire-plus-efficace\/","og_site_name":"LA MARINA BJ","article_published_time":"2024-08-26T11:22:18+00:00","article_modified_time":"2024-08-26T11:22:19+00:00","og_image":[{"width":2560,"height":1344,"url":"https:\/\/lamarinabj.com\/wp-content\/uploads\/2024\/07\/SAVE_20240731_103936-scaled.jpg","type":"image\/jpeg"}],"author":"La Marina BJ - Team Business &amp; \u00c9conomie &amp; Finances","twitter_card":"summary_large_image","twitter_misc":{"\u00c9crit par":"La Marina BJ - Team Business &amp; \u00c9conomie &amp; Finances","Dur\u00e9e de lecture estim\u00e9e":"2 minutes"},"schema":{"@context":"https:\/\/schema.org","@graph":[{"@type":"NewsArticle","@id":"https:\/\/lamarinabj.com\/index.php\/2024\/08\/26\/le-parlement-beninois-renforce-ses-capacites-pour-un-controle-budgetaire-plus-efficace\/#article","isPartOf":{"@id":"https:\/\/lamarinabj.com\/index.php\/2024\/08\/26\/le-parlement-beninois-renforce-ses-capacites-pour-un-controle-budgetaire-plus-efficace\/"},"author":{"name":"La Marina BJ - Team Business &amp; \u00c9conomie &amp; Finances","@id":"https:\/\/lamarinabj.com\/#\/schema\/person\/daecc7fb1eea21418f92763d06a3f4b4"},"headline":"Le parlement b\u00e9ninois renforce ses capacit\u00e9s pour un contr\u00f4le budg\u00e9taire plus efficace","datePublished":"2024-08-26T11:22:18+00:00","dateModified":"2024-08-26T11:22:19+00:00","mainEntityOfPage":{"@id":"https:\/\/lamarinabj.com\/index.php\/2024\/08\/26\/le-parlement-beninois-renforce-ses-capacites-pour-un-controle-budgetaire-plus-efficace\/"},"wordCount":378,"commentCount":0,"image":{"@id":"https:\/\/lamarinabj.com\/index.php\/2024\/08\/26\/le-parlement-beninois-renforce-ses-capacites-pour-un-controle-budgetaire-plus-efficace\/#primaryimage"},"thumbnailUrl":"https:\/\/lamarinabj.com\/wp-content\/uploads\/2024\/07\/SAVE_20240731_103936-scaled.jpg","keywords":["B\u00e9nin","Budget de l'\u00c9tat","Parlement"],"articleSection":["GOUVERNANCE","L'\u00c9V\u00c9NEMENT"],"inLanguage":"fr-FR","potentialAction":[{"@type":"CommentAction","name":"Comment","target":["https:\/\/lamarinabj.com\/index.php\/2024\/08\/26\/le-parlement-beninois-renforce-ses-capacites-pour-un-controle-budgetaire-plus-efficace\/#respond"]}]},{"@type":["WebPage","SearchResultsPage"],"@id":"https:\/\/lamarinabj.com\/index.php\/2024\/08\/26\/le-parlement-beninois-renforce-ses-capacites-pour-un-controle-budgetaire-plus-efficace\/","url":"https:\/\/lamarinabj.com\/index.php\/2024\/08\/26\/le-parlement-beninois-renforce-ses-capacites-pour-un-controle-budgetaire-plus-efficace\/","name":"Le parlement b\u00e9ninois renforce ses capacit\u00e9s pour un contr\u00f4le budg\u00e9taire plus efficace - LA MARINA BJ","isPartOf":{"@id":"https:\/\/lamarinabj.com\/#website"},"primaryImageOfPage":{"@id":"https:\/\/lamarinabj.com\/index.php\/2024\/08\/26\/le-parlement-beninois-renforce-ses-capacites-pour-un-controle-budgetaire-plus-efficace\/#primaryimage"},"image":{"@id":"https:\/\/lamarinabj.com\/index.php\/2024\/08\/26\/le-parlement-beninois-renforce-ses-capacites-pour-un-controle-budgetaire-plus-efficace\/#primaryimage"},"thumbnailUrl":"https:\/\/lamarinabj.com\/wp-content\/uploads\/2024\/07\/SAVE_20240731_103936-scaled.jpg","datePublished":"2024-08-26T11:22:18+00:00","dateModified":"2024-08-26T11:22:19+00:00","author":{"@id":"https:\/\/lamarinabj.com\/#\/schema\/person\/daecc7fb1eea21418f92763d06a3f4b4"},"description":"cet atelier a permis aux participants de se doter des outils n\u00e9cessaires pour mieux analyser l'ex\u00e9cution des budgets de l'\u00c9tat...","breadcrumb":{"@id":"https:\/\/lamarinabj.com\/index.php\/2024\/08\/26\/le-parlement-beninois-renforce-ses-capacites-pour-un-controle-budgetaire-plus-efficace\/#breadcrumb"},"inLanguage":"fr-FR","potentialAction":[{"@type":"ReadAction","target":["https:\/\/lamarinabj.com\/index.php\/2024\/08\/26\/le-parlement-beninois-renforce-ses-capacites-pour-un-controle-budgetaire-plus-efficace\/"]}]},{"@type":"ImageObject","inLanguage":"fr-FR","@id":"https:\/\/lamarinabj.com\/index.php\/2024\/08\/26\/le-parlement-beninois-renforce-ses-capacites-pour-un-controle-budgetaire-plus-efficace\/#primaryimage","url":"https:\/\/lamarinabj.com\/wp-content\/uploads\/2024\/07\/SAVE_20240731_103936-scaled.jpg","contentUrl":"https:\/\/lamarinabj.com\/wp-content\/uploads\/2024\/07\/SAVE_20240731_103936-scaled.jpg","width":2560,"height":1344},{"@type":"BreadcrumbList","@id":"https:\/\/lamarinabj.com\/index.php\/2024\/08\/26\/le-parlement-beninois-renforce-ses-capacites-pour-un-controle-budgetaire-plus-efficace\/#breadcrumb","itemListElement":[{"@type":"ListItem","position":1,"name":"Accueil","item":"https:\/\/lamarinabj.com\/"},{"@type":"ListItem","position":2,"name":"Le parlement b\u00e9ninois renforce ses capacit\u00e9s pour un contr\u00f4le budg\u00e9taire plus efficace"}]},{"@type":"WebSite","@id":"https:\/\/lamarinabj.com\/#website","url":"https:\/\/lamarinabj.com\/","name":"LA MARINA BJ","description":"Votre portail vers l&#039;information strat\u00e9gique au B\u00e9nin, en Afrique et au-del\u00e0","potentialAction":[{"@type":"SearchAction","target":{"@type":"EntryPoint","urlTemplate":"https:\/\/lamarinabj.com\/?s={search_term_string}"},"query-input":{"@type":"PropertyValueSpecification","valueRequired":true,"valueName":"search_term_string"}}],"inLanguage":"fr-FR"},{"@type":"Person","@id":"https:\/\/lamarinabj.com\/#\/schema\/person\/daecc7fb1eea21418f92763d06a3f4b4","name":"La Marina BJ - Team Business &amp; \u00c9conomie &amp; Finances","image":{"@type":"ImageObject","inLanguage":"fr-FR","@id":"https:\/\/secure.gravatar.com\/avatar\/007be62133093bb48d247a392503beff272bc6a9503872d32895035e0e72b4f7?s=96&d=mm&r=g","url":"https:\/\/secure.gravatar.com\/avatar\/007be62133093bb48d247a392503beff272bc6a9503872d32895035e0e72b4f7?s=96&d=mm&r=g","contentUrl":"https:\/\/secure.gravatar.com\/avatar\/007be62133093bb48d247a392503beff272bc6a9503872d32895035e0e72b4f7?s=96&d=mm&r=g","caption":"La Marina BJ - Team Business &amp; \u00c9conomie &amp; Finances"},"description":"La Team \u00c9conomie &amp; Finances de La Marina BJ d\u00e9crypte les dynamiques \u00e9conomiques qui fa\u00e7onnent le B\u00e9nin, l\u2019Afrique et le monde. Compos\u00e9e de journalistes \u00e9conomiques, d\u2019analystes sectoriels et de veilleurs sp\u00e9cialis\u00e9s, elle s\u2019attache \u00e0 rendre lisibles les m\u00e9canismes financiers, les politiques budg\u00e9taires, les r\u00e9formes fiscales et les grandes orientations macro\u00e9conomiques. Son ambition : \u00e9clairer les choix, anticiper les tendances et outiller les d\u00e9cideurs \u2014 publics comme priv\u00e9s \u2014 dans un environnement \u00e9conomique en constante mutation.","url":"https:\/\/lamarinabj.com\/index.php\/author\/ernestine\/"}]}},"_links":{"self":[{"href":"https:\/\/lamarinabj.com\/index.php\/wp-json\/wp\/v2\/posts\/7678","targetHints":{"allow":["GET"]}}],"collection":[{"href":"https:\/\/lamarinabj.com\/index.php\/wp-json\/wp\/v2\/posts"}],"about":[{"href":"https:\/\/lamarinabj.com\/index.php\/wp-json\/wp\/v2\/types\/post"}],"author":[{"embeddable":true,"href":"https:\/\/lamarinabj.com\/index.php\/wp-json\/wp\/v2\/users\/8"}],"replies":[{"embeddable":true,"href":"https:\/\/lamarinabj.com\/index.php\/wp-json\/wp\/v2\/comments?post=7678"}],"version-history":[{"count":2,"href":"https:\/\/lamarinabj.com\/index.php\/wp-json\/wp\/v2\/posts\/7678\/revisions"}],"predecessor-version":[{"id":7680,"href":"https:\/\/lamarinabj.com\/index.php\/wp-json\/wp\/v2\/posts\/7678\/revisions\/7680"}],"wp:featuredmedia":[{"embeddable":true,"href":"https:\/\/lamarinabj.com\/index.php\/wp-json\/wp\/v2\/media\/7165"}],"wp:attachment":[{"href":"https:\/\/lamarinabj.com\/index.php\/wp-json\/wp\/v2\/media?parent=7678"}],"wp:term":[{"taxonomy":"category","embeddable":true,"href":"https:\/\/lamarinabj.com\/index.php\/wp-json\/wp\/v2\/categories?post=7678"},{"taxonomy":"post_tag","embeddable":true,"href":"https:\/\/lamarinabj.com\/index.php\/wp-json\/wp\/v2\/tags?post=7678"}],"curies":[{"name":"wp","href":"https:\/\/api.w.org\/{rel}","templated":true}]}}