{"id":7722,"date":"2024-08-28T08:45:04","date_gmt":"2024-08-28T07:45:04","guid":{"rendered":"https:\/\/lamarinabj.com\/?p=7722"},"modified":"2024-08-28T08:45:06","modified_gmt":"2024-08-28T07:45:06","slug":"droits-de-lhomme-en-afrique-de-louest-et-du-sahel-les-defis-des-indh-au-coeur-de-la-6eme-consultation-regionale-de-cotonou","status":"publish","type":"post","link":"https:\/\/lamarinabj.com\/index.php\/2024\/08\/28\/droits-de-lhomme-en-afrique-de-louest-et-du-sahel-les-defis-des-indh-au-coeur-de-la-6eme-consultation-regionale-de-cotonou\/","title":{"rendered":"Droits de l&rsquo;homme en Afrique de l\u2019Ouest et du Sahel : Les d\u00e9fis des INDH au c\u0153ur de la 6\u00e8me consultation r\u00e9gionale de Cotonou"},"content":{"rendered":"\n<p><strong><mark style=\"background-color:rgba(0, 0, 0, 0)\" class=\"has-inline-color has-red-color\">Droits de l&rsquo;homme, Afrique de l&rsquo;Ouest, B\u00e9nin<\/mark><\/strong>&#8211; <strong><em>La 6\u00e8me consultation r\u00e9gionale des Institutions Nationales des Droits de l\u2019Homme (INDH) d\u2019Afrique de l\u2019Ouest et du Sahel a d\u00e9but\u00e9 hier mardi 27 ao\u00fbt 2024 \u00e0 Cotonou.<\/em><\/strong><\/p>\n\n\n\n<p>Cet \u00e9v\u00e9nement de trois jours, r\u00e9unissant des repr\u00e9sentants des droits de l\u2019Homme issus de l\u2019ensemble de la r\u00e9gion, met en exergue les multiples d\u00e9fis auxquels ces institutions sont confront\u00e9es dans l\u2019accomplissement de leur mission de protection et de promotion des droits humains.<\/p>\n\n\n\n<h2 id=\"les-indh-face-aux-defis-de-la-gouvernance-en-afrique-de-louest\" class=\"wp-block-heading\"><strong><mark style=\"background-color:rgba(0, 0, 0, 0)\" class=\"has-inline-color has-red-color\">Les INDH face aux d\u00e9fis de la gouvernance en Afrique de l\u2019Ouest<\/mark><\/strong><\/h2>\n\n\n\n<p>Les discussions de cette consultation se concentrent sur plusieurs enjeux critiques, notamment le r\u00f4le des INDH dans la promotion de la paix, de la s\u00e9curit\u00e9 et du d\u00e9veloppement durable en Afrique de l\u2019Ouest. Parmi les principaux sujets \u00e0 l&rsquo;ordre du jour, la coop\u00e9ration avec les m\u00e9canismes internationaux des droits de l\u2019Homme est un point cl\u00e9. Les participants abordent \u00e9galement l&rsquo;importance de la ratification et de l&rsquo;application des trait\u00e9s internationaux, des actions indispensables pour renforcer la protection des droits de l\u2019Homme dans une r\u00e9gion en qu\u00eate de stabilit\u00e9.<\/p>\n\n\n\n<p>Les objectifs des Agendas 2030 des Nations Unies et 2063 de l&rsquo;Union africaine, ainsi que la Vision 2050 de la CEDEAO, figurent \u00e9galement au centre des discussions. Ces cadres strat\u00e9giques sont consid\u00e9r\u00e9s comme fondamentaux pour assurer le progr\u00e8s et la coh\u00e9sion r\u00e9gionale, et les INDH jouent un r\u00f4le crucial dans leur mise en \u0153uvre.<\/p>\n\n\n\n<h2 id=\"le-message-de-sidikatou-adamon-pour-clarifier-les-roles\" class=\"wp-block-heading\"><strong><mark style=\"background-color:rgba(0, 0, 0, 0)\" class=\"has-inline-color has-red-color\">Le message de Sidikatou Adamon pour clarifier les r\u00f4les<\/mark><\/strong><\/h2>\n\n\n\n<p>Lors de l\u2019ouverture de la consultation, Sidikatou Adamon, vice-pr\u00e9sidente par int\u00e9rim de la Commission B\u00e9ninoise des Droits de l\u2019Homme (CBDH), a soulign\u00e9 la n\u00e9cessit\u00e9 de clarifier les r\u00f4les des Institutions Nationales des Droits de l\u2019Homme par rapport \u00e0 ceux des organisations de la soci\u00e9t\u00e9 civile. Elle a insist\u00e9 sur l&rsquo;importance de dissiper toute confusion afin de renforcer l&rsquo;efficacit\u00e9 des INDH.<\/p>\n\n\n\n<p>Adamon a rappel\u00e9 que les INDH, bien qu\u2019ind\u00e9pendantes, sont investies d\u2019un mandat \u00e9tatique qui leur conf\u00e8re une responsabilit\u00e9 particuli\u00e8re, diff\u00e9rente de celle des ONG. Cette distinction, souvent mal comprise, est essentielle pour garantir que les INDH puissent accomplir leur mission avec l\u2019autorit\u00e9 n\u00e9cessaire, tout en maintenant leur ind\u00e9pendance.<\/p>\n\n\n\n<h2 id=\"les-attentes-concernant-les-decisions-finales\" class=\"wp-block-heading\"><strong><mark style=\"background-color:rgba(0, 0, 0, 0)\" class=\"has-inline-color has-red-color\">Les attentes concernant les d\u00e9cisions finales<\/mark><\/strong><\/h2>\n\n\n\n<p>Les participants \u00e0 cette consultation cherchent \u00e0 formuler des recommandations qui permettront aux INDH de surmonter les d\u00e9fis actuels et de mieux remplir leurs missions. Les discussions devraient aboutir \u00e0 des r\u00e9solutions visant \u00e0 renforcer leur capacit\u00e9 d&rsquo;action, notamment dans les domaines de la paix et de la s\u00e9curit\u00e9, tout en assurant que ces institutions restent autonomes et efficaces.<\/p>\n\n\n\n<p>Ces r\u00e9solutions sont \u00e9galement attendues pour am\u00e9liorer la coop\u00e9ration entre les INDH de la r\u00e9gion, permettant ainsi de mieux r\u00e9pondre aux d\u00e9fis communs et de renforcer l\u2019efficacit\u00e9 des actions de protection des droits de l\u2019Homme. Les r\u00e9sultats de cette consultation pourraient influencer de mani\u00e8re significative la mani\u00e8re dont les droits de l\u2019Homme sont prot\u00e9g\u00e9s et promus en Afrique de l\u2019Ouest, dans un contexte o\u00f9 la stabilit\u00e9 r\u00e9gionale est plus que jamais une priorit\u00e9.<\/p>\n","protected":false},"excerpt":{"rendered":"Droits de l&rsquo;homme, Afrique de l&rsquo;Ouest, B\u00e9nin&#8211; La 6\u00e8me consultation r\u00e9gionale des Institutions Nationales des Droits de l\u2019Homme&hellip;\n","protected":false},"author":4,"featured_media":7250,"comment_status":"open","ping_status":"open","sticky":false,"template":"elementor_theme","format":"standard","meta":{"csco_singular_sidebar":"","csco_page_header_type":"standard","csco_appearance_masonry":"","csco_page_load_nextpost":"","csco_post_video_location":[],"csco_post_video_location_hash":"","csco_post_video_url":"","csco_post_video_bg_start_time":0,"csco_post_video_bg_end_time":0,"footnotes":""},"categories":[239],"tags":[762,41,761,760],"class_list":{"0":"post-7722","1":"post","2":"type-post","3":"status-publish","4":"format-standard","5":"has-post-thumbnail","7":"category-levenement-2","8":"tag-6eme-consultation-regionale","9":"tag-benin","10":"tag-droits-de-lhomme","11":"tag-indh","12":"cs-entry","13":"cs-video-wrap"},"yoast_head":"<!-- This site is optimized with the Yoast SEO plugin v27.4 - https:\/\/yoast.com\/product\/yoast-seo-wordpress\/ -->\n<title>Droits de l&#039;homme en Afrique de l\u2019Ouest et du Sahel : Les d\u00e9fis des INDH au c\u0153ur de la 6\u00e8me consultation r\u00e9gionale de Cotonou - LA MARINA BJ<\/title>\n<meta name=\"description\" content=\"Cet \u00e9v\u00e9nement de trois jours, r\u00e9unissant des repr\u00e9sentants des droits de l\u2019Homme issus de l\u2019ensemble de la r\u00e9gion, met en exergue les multiples d\u00e9fis....\" \/>\n<meta name=\"robots\" content=\"index, follow, max-snippet:-1, max-image-preview:large, max-video-preview:-1\" \/>\n<link rel=\"canonical\" href=\"https:\/\/lamarinabj.com\/index.php\/2024\/08\/28\/droits-de-lhomme-en-afrique-de-louest-et-du-sahel-les-defis-des-indh-au-coeur-de-la-6eme-consultation-regionale-de-cotonou\/\" \/>\n<meta property=\"og:locale\" content=\"fr_FR\" \/>\n<meta property=\"og:type\" content=\"article\" \/>\n<meta property=\"og:title\" content=\"Droits de l&#039;homme en Afrique de l\u2019Ouest et du Sahel : Les d\u00e9fis des INDH au c\u0153ur de la 6\u00e8me consultation r\u00e9gionale de Cotonou - LA MARINA BJ\" \/>\n<meta property=\"og:description\" content=\"Cet \u00e9v\u00e9nement de trois jours, r\u00e9unissant des repr\u00e9sentants des droits de l\u2019Homme issus de l\u2019ensemble de la r\u00e9gion, met en exergue les multiples d\u00e9fis....\" \/>\n<meta property=\"og:url\" content=\"https:\/\/lamarinabj.com\/index.php\/2024\/08\/28\/droits-de-lhomme-en-afrique-de-louest-et-du-sahel-les-defis-des-indh-au-coeur-de-la-6eme-consultation-regionale-de-cotonou\/\" \/>\n<meta property=\"og:site_name\" content=\"LA MARINA BJ\" \/>\n<meta property=\"article:published_time\" content=\"2024-08-28T07:45:04+00:00\" \/>\n<meta property=\"article:modified_time\" content=\"2024-08-28T07:45:06+00:00\" \/>\n<meta property=\"og:image\" content=\"https:\/\/lamarinabj.com\/wp-content\/uploads\/2024\/08\/SAVE_20240731_102802-scaled.jpg\" \/>\n\t<meta property=\"og:image:width\" content=\"2560\" \/>\n\t<meta property=\"og:image:height\" content=\"1344\" \/>\n\t<meta property=\"og:image:type\" content=\"image\/jpeg\" \/>\n<meta name=\"author\" content=\"La Marina BJ - Team Affaires Judiciaires\" \/>\n<meta name=\"twitter:card\" content=\"summary_large_image\" \/>\n<meta name=\"twitter:label1\" content=\"\u00c9crit par\" \/>\n\t<meta name=\"twitter:data1\" content=\"La Marina BJ - Team Affaires Judiciaires\" \/>\n\t<meta name=\"twitter:label2\" content=\"Dur\u00e9e de lecture estim\u00e9e\" \/>\n\t<meta name=\"twitter:data2\" content=\"3 minutes\" \/>\n<script type=\"application\/ld+json\" class=\"yoast-schema-graph\">{\"@context\":\"https:\\\/\\\/schema.org\",\"@graph\":[{\"@type\":\"NewsArticle\",\"@id\":\"https:\\\/\\\/lamarinabj.com\\\/index.php\\\/2024\\\/08\\\/28\\\/droits-de-lhomme-en-afrique-de-louest-et-du-sahel-les-defis-des-indh-au-coeur-de-la-6eme-consultation-regionale-de-cotonou\\\/#article\",\"isPartOf\":{\"@id\":\"https:\\\/\\\/lamarinabj.com\\\/index.php\\\/2024\\\/08\\\/28\\\/droits-de-lhomme-en-afrique-de-louest-et-du-sahel-les-defis-des-indh-au-coeur-de-la-6eme-consultation-regionale-de-cotonou\\\/\"},\"author\":{\"name\":\"La Marina BJ - Team Affaires Judiciaires\",\"@id\":\"https:\\\/\\\/lamarinabj.com\\\/#\\\/schema\\\/person\\\/e64c6145b3fb25d98218ef3bafce37de\"},\"headline\":\"Droits de l&rsquo;homme en Afrique de l\u2019Ouest et du Sahel : Les d\u00e9fis des INDH au c\u0153ur de la 6\u00e8me consultation r\u00e9gionale de Cotonou\",\"datePublished\":\"2024-08-28T07:45:04+00:00\",\"dateModified\":\"2024-08-28T07:45:06+00:00\",\"mainEntityOfPage\":{\"@id\":\"https:\\\/\\\/lamarinabj.com\\\/index.php\\\/2024\\\/08\\\/28\\\/droits-de-lhomme-en-afrique-de-louest-et-du-sahel-les-defis-des-indh-au-coeur-de-la-6eme-consultation-regionale-de-cotonou\\\/\"},\"wordCount\":585,\"commentCount\":0,\"image\":{\"@id\":\"https:\\\/\\\/lamarinabj.com\\\/index.php\\\/2024\\\/08\\\/28\\\/droits-de-lhomme-en-afrique-de-louest-et-du-sahel-les-defis-des-indh-au-coeur-de-la-6eme-consultation-regionale-de-cotonou\\\/#primaryimage\"},\"thumbnailUrl\":\"https:\\\/\\\/lamarinabj.com\\\/wp-content\\\/uploads\\\/2024\\\/08\\\/SAVE_20240731_102802-scaled.jpg\",\"keywords\":[\"6\u00e8me consultation r\u00e9gionale\",\"B\u00e9nin\",\"Droits de l'homme\",\"INDH\"],\"articleSection\":[\"L'\u00c9V\u00c9NEMENT\"],\"inLanguage\":\"fr-FR\",\"potentialAction\":[{\"@type\":\"CommentAction\",\"name\":\"Comment\",\"target\":[\"https:\\\/\\\/lamarinabj.com\\\/index.php\\\/2024\\\/08\\\/28\\\/droits-de-lhomme-en-afrique-de-louest-et-du-sahel-les-defis-des-indh-au-coeur-de-la-6eme-consultation-regionale-de-cotonou\\\/#respond\"]}]},{\"@type\":[\"WebPage\",\"SearchResultsPage\"],\"@id\":\"https:\\\/\\\/lamarinabj.com\\\/index.php\\\/2024\\\/08\\\/28\\\/droits-de-lhomme-en-afrique-de-louest-et-du-sahel-les-defis-des-indh-au-coeur-de-la-6eme-consultation-regionale-de-cotonou\\\/\",\"url\":\"https:\\\/\\\/lamarinabj.com\\\/index.php\\\/2024\\\/08\\\/28\\\/droits-de-lhomme-en-afrique-de-louest-et-du-sahel-les-defis-des-indh-au-coeur-de-la-6eme-consultation-regionale-de-cotonou\\\/\",\"name\":\"Droits de l'homme en Afrique de l\u2019Ouest et du Sahel : Les d\u00e9fis des INDH au c\u0153ur de la 6\u00e8me consultation r\u00e9gionale de Cotonou - LA MARINA BJ\",\"isPartOf\":{\"@id\":\"https:\\\/\\\/lamarinabj.com\\\/#website\"},\"primaryImageOfPage\":{\"@id\":\"https:\\\/\\\/lamarinabj.com\\\/index.php\\\/2024\\\/08\\\/28\\\/droits-de-lhomme-en-afrique-de-louest-et-du-sahel-les-defis-des-indh-au-coeur-de-la-6eme-consultation-regionale-de-cotonou\\\/#primaryimage\"},\"image\":{\"@id\":\"https:\\\/\\\/lamarinabj.com\\\/index.php\\\/2024\\\/08\\\/28\\\/droits-de-lhomme-en-afrique-de-louest-et-du-sahel-les-defis-des-indh-au-coeur-de-la-6eme-consultation-regionale-de-cotonou\\\/#primaryimage\"},\"thumbnailUrl\":\"https:\\\/\\\/lamarinabj.com\\\/wp-content\\\/uploads\\\/2024\\\/08\\\/SAVE_20240731_102802-scaled.jpg\",\"datePublished\":\"2024-08-28T07:45:04+00:00\",\"dateModified\":\"2024-08-28T07:45:06+00:00\",\"author\":{\"@id\":\"https:\\\/\\\/lamarinabj.com\\\/#\\\/schema\\\/person\\\/e64c6145b3fb25d98218ef3bafce37de\"},\"description\":\"Cet \u00e9v\u00e9nement de trois jours, r\u00e9unissant des repr\u00e9sentants des droits de l\u2019Homme issus de l\u2019ensemble de la r\u00e9gion, met en exergue les multiples d\u00e9fis....\",\"breadcrumb\":{\"@id\":\"https:\\\/\\\/lamarinabj.com\\\/index.php\\\/2024\\\/08\\\/28\\\/droits-de-lhomme-en-afrique-de-louest-et-du-sahel-les-defis-des-indh-au-coeur-de-la-6eme-consultation-regionale-de-cotonou\\\/#breadcrumb\"},\"inLanguage\":\"fr-FR\",\"potentialAction\":[{\"@type\":\"ReadAction\",\"target\":[\"https:\\\/\\\/lamarinabj.com\\\/index.php\\\/2024\\\/08\\\/28\\\/droits-de-lhomme-en-afrique-de-louest-et-du-sahel-les-defis-des-indh-au-coeur-de-la-6eme-consultation-regionale-de-cotonou\\\/\"]}]},{\"@type\":\"ImageObject\",\"inLanguage\":\"fr-FR\",\"@id\":\"https:\\\/\\\/lamarinabj.com\\\/index.php\\\/2024\\\/08\\\/28\\\/droits-de-lhomme-en-afrique-de-louest-et-du-sahel-les-defis-des-indh-au-coeur-de-la-6eme-consultation-regionale-de-cotonou\\\/#primaryimage\",\"url\":\"https:\\\/\\\/lamarinabj.com\\\/wp-content\\\/uploads\\\/2024\\\/08\\\/SAVE_20240731_102802-scaled.jpg\",\"contentUrl\":\"https:\\\/\\\/lamarinabj.com\\\/wp-content\\\/uploads\\\/2024\\\/08\\\/SAVE_20240731_102802-scaled.jpg\",\"width\":2560,\"height\":1344},{\"@type\":\"BreadcrumbList\",\"@id\":\"https:\\\/\\\/lamarinabj.com\\\/index.php\\\/2024\\\/08\\\/28\\\/droits-de-lhomme-en-afrique-de-louest-et-du-sahel-les-defis-des-indh-au-coeur-de-la-6eme-consultation-regionale-de-cotonou\\\/#breadcrumb\",\"itemListElement\":[{\"@type\":\"ListItem\",\"position\":1,\"name\":\"Accueil\",\"item\":\"https:\\\/\\\/lamarinabj.com\\\/\"},{\"@type\":\"ListItem\",\"position\":2,\"name\":\"Droits de l&#8217;homme en Afrique de l\u2019Ouest et du Sahel : Les d\u00e9fis des INDH au c\u0153ur de la 6\u00e8me consultation r\u00e9gionale de Cotonou\"}]},{\"@type\":\"WebSite\",\"@id\":\"https:\\\/\\\/lamarinabj.com\\\/#website\",\"url\":\"https:\\\/\\\/lamarinabj.com\\\/\",\"name\":\"LA MARINA BJ\",\"description\":\"Votre portail vers l&#039;information strat\u00e9gique au B\u00e9nin, en Afrique et au-del\u00e0\",\"potentialAction\":[{\"@type\":\"SearchAction\",\"target\":{\"@type\":\"EntryPoint\",\"urlTemplate\":\"https:\\\/\\\/lamarinabj.com\\\/?s={search_term_string}\"},\"query-input\":{\"@type\":\"PropertyValueSpecification\",\"valueRequired\":true,\"valueName\":\"search_term_string\"}}],\"inLanguage\":\"fr-FR\"},{\"@type\":\"Person\",\"@id\":\"https:\\\/\\\/lamarinabj.com\\\/#\\\/schema\\\/person\\\/e64c6145b3fb25d98218ef3bafce37de\",\"name\":\"La Marina BJ - Team Affaires Judiciaires\",\"image\":{\"@type\":\"ImageObject\",\"inLanguage\":\"fr-FR\",\"@id\":\"https:\\\/\\\/secure.gravatar.com\\\/avatar\\\/dcd47faa85727203c51c1a84009b684b305ba179e4848c26009abb855df90961?s=96&d=mm&r=g\",\"url\":\"https:\\\/\\\/secure.gravatar.com\\\/avatar\\\/dcd47faa85727203c51c1a84009b684b305ba179e4848c26009abb855df90961?s=96&d=mm&r=g\",\"contentUrl\":\"https:\\\/\\\/secure.gravatar.com\\\/avatar\\\/dcd47faa85727203c51c1a84009b684b305ba179e4848c26009abb855df90961?s=96&d=mm&r=g\",\"caption\":\"La Marina BJ - Team Affaires Judiciaires\"},\"description\":\"Au c\u0153ur de l\u2019actualit\u00e9 juridico-\u00e9conomique, la Team Justice &amp; Affaires judiciaires de La Marina BJ s'affirme comme un p\u00f4le de r\u00e9f\u00e9rence dans la couverture des proc\u00e9dures judiciaires, des contentieux commerciaux et des d\u00e9cisions de justice \u00e0 fort impact strat\u00e9gique.\",\"url\":\"https:\\\/\\\/lamarinabj.com\\\/index.php\\\/author\\\/marc\\\/\"}]}<\/script>\n<!-- \/ Yoast SEO plugin. -->","yoast_head_json":{"title":"Droits de l'homme en Afrique de l\u2019Ouest et du Sahel : Les d\u00e9fis des INDH au c\u0153ur de la 6\u00e8me consultation r\u00e9gionale de Cotonou - LA MARINA BJ","description":"Cet \u00e9v\u00e9nement de trois jours, r\u00e9unissant des repr\u00e9sentants des droits de l\u2019Homme issus de l\u2019ensemble de la r\u00e9gion, met en exergue les multiples d\u00e9fis....","robots":{"index":"index","follow":"follow","max-snippet":"max-snippet:-1","max-image-preview":"max-image-preview:large","max-video-preview":"max-video-preview:-1"},"canonical":"https:\/\/lamarinabj.com\/index.php\/2024\/08\/28\/droits-de-lhomme-en-afrique-de-louest-et-du-sahel-les-defis-des-indh-au-coeur-de-la-6eme-consultation-regionale-de-cotonou\/","og_locale":"fr_FR","og_type":"article","og_title":"Droits de l'homme en Afrique de l\u2019Ouest et du Sahel : Les d\u00e9fis des INDH au c\u0153ur de la 6\u00e8me consultation r\u00e9gionale de Cotonou - LA MARINA BJ","og_description":"Cet \u00e9v\u00e9nement de trois jours, r\u00e9unissant des repr\u00e9sentants des droits de l\u2019Homme issus de l\u2019ensemble de la r\u00e9gion, met en exergue les multiples d\u00e9fis....","og_url":"https:\/\/lamarinabj.com\/index.php\/2024\/08\/28\/droits-de-lhomme-en-afrique-de-louest-et-du-sahel-les-defis-des-indh-au-coeur-de-la-6eme-consultation-regionale-de-cotonou\/","og_site_name":"LA MARINA BJ","article_published_time":"2024-08-28T07:45:04+00:00","article_modified_time":"2024-08-28T07:45:06+00:00","og_image":[{"width":2560,"height":1344,"url":"https:\/\/lamarinabj.com\/wp-content\/uploads\/2024\/08\/SAVE_20240731_102802-scaled.jpg","type":"image\/jpeg"}],"author":"La Marina BJ - Team Affaires Judiciaires","twitter_card":"summary_large_image","twitter_misc":{"\u00c9crit par":"La Marina BJ - Team Affaires Judiciaires","Dur\u00e9e de lecture estim\u00e9e":"3 minutes"},"schema":{"@context":"https:\/\/schema.org","@graph":[{"@type":"NewsArticle","@id":"https:\/\/lamarinabj.com\/index.php\/2024\/08\/28\/droits-de-lhomme-en-afrique-de-louest-et-du-sahel-les-defis-des-indh-au-coeur-de-la-6eme-consultation-regionale-de-cotonou\/#article","isPartOf":{"@id":"https:\/\/lamarinabj.com\/index.php\/2024\/08\/28\/droits-de-lhomme-en-afrique-de-louest-et-du-sahel-les-defis-des-indh-au-coeur-de-la-6eme-consultation-regionale-de-cotonou\/"},"author":{"name":"La Marina BJ - Team Affaires Judiciaires","@id":"https:\/\/lamarinabj.com\/#\/schema\/person\/e64c6145b3fb25d98218ef3bafce37de"},"headline":"Droits de l&rsquo;homme en Afrique de l\u2019Ouest et du Sahel : Les d\u00e9fis des INDH au c\u0153ur de la 6\u00e8me consultation r\u00e9gionale de Cotonou","datePublished":"2024-08-28T07:45:04+00:00","dateModified":"2024-08-28T07:45:06+00:00","mainEntityOfPage":{"@id":"https:\/\/lamarinabj.com\/index.php\/2024\/08\/28\/droits-de-lhomme-en-afrique-de-louest-et-du-sahel-les-defis-des-indh-au-coeur-de-la-6eme-consultation-regionale-de-cotonou\/"},"wordCount":585,"commentCount":0,"image":{"@id":"https:\/\/lamarinabj.com\/index.php\/2024\/08\/28\/droits-de-lhomme-en-afrique-de-louest-et-du-sahel-les-defis-des-indh-au-coeur-de-la-6eme-consultation-regionale-de-cotonou\/#primaryimage"},"thumbnailUrl":"https:\/\/lamarinabj.com\/wp-content\/uploads\/2024\/08\/SAVE_20240731_102802-scaled.jpg","keywords":["6\u00e8me consultation r\u00e9gionale","B\u00e9nin","Droits de l'homme","INDH"],"articleSection":["L'\u00c9V\u00c9NEMENT"],"inLanguage":"fr-FR","potentialAction":[{"@type":"CommentAction","name":"Comment","target":["https:\/\/lamarinabj.com\/index.php\/2024\/08\/28\/droits-de-lhomme-en-afrique-de-louest-et-du-sahel-les-defis-des-indh-au-coeur-de-la-6eme-consultation-regionale-de-cotonou\/#respond"]}]},{"@type":["WebPage","SearchResultsPage"],"@id":"https:\/\/lamarinabj.com\/index.php\/2024\/08\/28\/droits-de-lhomme-en-afrique-de-louest-et-du-sahel-les-defis-des-indh-au-coeur-de-la-6eme-consultation-regionale-de-cotonou\/","url":"https:\/\/lamarinabj.com\/index.php\/2024\/08\/28\/droits-de-lhomme-en-afrique-de-louest-et-du-sahel-les-defis-des-indh-au-coeur-de-la-6eme-consultation-regionale-de-cotonou\/","name":"Droits de l'homme en Afrique de l\u2019Ouest et du Sahel : Les d\u00e9fis des INDH au c\u0153ur de la 6\u00e8me consultation r\u00e9gionale de Cotonou - LA MARINA BJ","isPartOf":{"@id":"https:\/\/lamarinabj.com\/#website"},"primaryImageOfPage":{"@id":"https:\/\/lamarinabj.com\/index.php\/2024\/08\/28\/droits-de-lhomme-en-afrique-de-louest-et-du-sahel-les-defis-des-indh-au-coeur-de-la-6eme-consultation-regionale-de-cotonou\/#primaryimage"},"image":{"@id":"https:\/\/lamarinabj.com\/index.php\/2024\/08\/28\/droits-de-lhomme-en-afrique-de-louest-et-du-sahel-les-defis-des-indh-au-coeur-de-la-6eme-consultation-regionale-de-cotonou\/#primaryimage"},"thumbnailUrl":"https:\/\/lamarinabj.com\/wp-content\/uploads\/2024\/08\/SAVE_20240731_102802-scaled.jpg","datePublished":"2024-08-28T07:45:04+00:00","dateModified":"2024-08-28T07:45:06+00:00","author":{"@id":"https:\/\/lamarinabj.com\/#\/schema\/person\/e64c6145b3fb25d98218ef3bafce37de"},"description":"Cet \u00e9v\u00e9nement de trois jours, r\u00e9unissant des repr\u00e9sentants des droits de l\u2019Homme issus de l\u2019ensemble de la r\u00e9gion, met en exergue les multiples d\u00e9fis....","breadcrumb":{"@id":"https:\/\/lamarinabj.com\/index.php\/2024\/08\/28\/droits-de-lhomme-en-afrique-de-louest-et-du-sahel-les-defis-des-indh-au-coeur-de-la-6eme-consultation-regionale-de-cotonou\/#breadcrumb"},"inLanguage":"fr-FR","potentialAction":[{"@type":"ReadAction","target":["https:\/\/lamarinabj.com\/index.php\/2024\/08\/28\/droits-de-lhomme-en-afrique-de-louest-et-du-sahel-les-defis-des-indh-au-coeur-de-la-6eme-consultation-regionale-de-cotonou\/"]}]},{"@type":"ImageObject","inLanguage":"fr-FR","@id":"https:\/\/lamarinabj.com\/index.php\/2024\/08\/28\/droits-de-lhomme-en-afrique-de-louest-et-du-sahel-les-defis-des-indh-au-coeur-de-la-6eme-consultation-regionale-de-cotonou\/#primaryimage","url":"https:\/\/lamarinabj.com\/wp-content\/uploads\/2024\/08\/SAVE_20240731_102802-scaled.jpg","contentUrl":"https:\/\/lamarinabj.com\/wp-content\/uploads\/2024\/08\/SAVE_20240731_102802-scaled.jpg","width":2560,"height":1344},{"@type":"BreadcrumbList","@id":"https:\/\/lamarinabj.com\/index.php\/2024\/08\/28\/droits-de-lhomme-en-afrique-de-louest-et-du-sahel-les-defis-des-indh-au-coeur-de-la-6eme-consultation-regionale-de-cotonou\/#breadcrumb","itemListElement":[{"@type":"ListItem","position":1,"name":"Accueil","item":"https:\/\/lamarinabj.com\/"},{"@type":"ListItem","position":2,"name":"Droits de l&#8217;homme en Afrique de l\u2019Ouest et du Sahel : Les d\u00e9fis des INDH au c\u0153ur de la 6\u00e8me consultation r\u00e9gionale de Cotonou"}]},{"@type":"WebSite","@id":"https:\/\/lamarinabj.com\/#website","url":"https:\/\/lamarinabj.com\/","name":"LA MARINA BJ","description":"Votre portail vers l&#039;information strat\u00e9gique au B\u00e9nin, en Afrique et au-del\u00e0","potentialAction":[{"@type":"SearchAction","target":{"@type":"EntryPoint","urlTemplate":"https:\/\/lamarinabj.com\/?s={search_term_string}"},"query-input":{"@type":"PropertyValueSpecification","valueRequired":true,"valueName":"search_term_string"}}],"inLanguage":"fr-FR"},{"@type":"Person","@id":"https:\/\/lamarinabj.com\/#\/schema\/person\/e64c6145b3fb25d98218ef3bafce37de","name":"La Marina BJ - Team Affaires Judiciaires","image":{"@type":"ImageObject","inLanguage":"fr-FR","@id":"https:\/\/secure.gravatar.com\/avatar\/dcd47faa85727203c51c1a84009b684b305ba179e4848c26009abb855df90961?s=96&d=mm&r=g","url":"https:\/\/secure.gravatar.com\/avatar\/dcd47faa85727203c51c1a84009b684b305ba179e4848c26009abb855df90961?s=96&d=mm&r=g","contentUrl":"https:\/\/secure.gravatar.com\/avatar\/dcd47faa85727203c51c1a84009b684b305ba179e4848c26009abb855df90961?s=96&d=mm&r=g","caption":"La Marina BJ - Team Affaires Judiciaires"},"description":"Au c\u0153ur de l\u2019actualit\u00e9 juridico-\u00e9conomique, la Team Justice &amp; Affaires judiciaires de La Marina BJ s'affirme comme un p\u00f4le de r\u00e9f\u00e9rence dans la couverture des proc\u00e9dures judiciaires, des contentieux commerciaux et des d\u00e9cisions de justice \u00e0 fort impact strat\u00e9gique.","url":"https:\/\/lamarinabj.com\/index.php\/author\/marc\/"}]}},"_links":{"self":[{"href":"https:\/\/lamarinabj.com\/index.php\/wp-json\/wp\/v2\/posts\/7722","targetHints":{"allow":["GET"]}}],"collection":[{"href":"https:\/\/lamarinabj.com\/index.php\/wp-json\/wp\/v2\/posts"}],"about":[{"href":"https:\/\/lamarinabj.com\/index.php\/wp-json\/wp\/v2\/types\/post"}],"author":[{"embeddable":true,"href":"https:\/\/lamarinabj.com\/index.php\/wp-json\/wp\/v2\/users\/4"}],"replies":[{"embeddable":true,"href":"https:\/\/lamarinabj.com\/index.php\/wp-json\/wp\/v2\/comments?post=7722"}],"version-history":[{"count":1,"href":"https:\/\/lamarinabj.com\/index.php\/wp-json\/wp\/v2\/posts\/7722\/revisions"}],"predecessor-version":[{"id":7723,"href":"https:\/\/lamarinabj.com\/index.php\/wp-json\/wp\/v2\/posts\/7722\/revisions\/7723"}],"wp:featuredmedia":[{"embeddable":true,"href":"https:\/\/lamarinabj.com\/index.php\/wp-json\/wp\/v2\/media\/7250"}],"wp:attachment":[{"href":"https:\/\/lamarinabj.com\/index.php\/wp-json\/wp\/v2\/media?parent=7722"}],"wp:term":[{"taxonomy":"category","embeddable":true,"href":"https:\/\/lamarinabj.com\/index.php\/wp-json\/wp\/v2\/categories?post=7722"},{"taxonomy":"post_tag","embeddable":true,"href":"https:\/\/lamarinabj.com\/index.php\/wp-json\/wp\/v2\/tags?post=7722"}],"curies":[{"name":"wp","href":"https:\/\/api.w.org\/{rel}","templated":true}]}}