{"id":7745,"date":"2024-08-29T09:30:59","date_gmt":"2024-08-29T08:30:59","guid":{"rendered":"https:\/\/lamarinabj.com\/?p=7745"},"modified":"2024-08-29T09:35:50","modified_gmt":"2024-08-29T08:35:50","slug":"a-cotonou-les-parlementaires-africains-en-quete-de-meilleures-pratiques-devaluation-des-politiques-publiques","status":"publish","type":"post","link":"https:\/\/lamarinabj.com\/index.php\/2024\/08\/29\/a-cotonou-les-parlementaires-africains-en-quete-de-meilleures-pratiques-devaluation-des-politiques-publiques\/","title":{"rendered":"\u00c0 Cotonou, les parlementaires africains en qu\u00eate de meilleures pratiques d&rsquo;\u00e9valuation des politiques publiques"},"content":{"rendered":"\n<p><strong><mark style=\"background-color:rgba(0, 0, 0, 0)\" class=\"has-inline-color has-red-color\">D\u00e9veloppement, Benin, Afrique<\/mark><\/strong> &#8211; <strong><em>Dans le cadre de la 9e Assembl\u00e9e g\u00e9n\u00e9rale du R\u00e9seau des parlementaires africains pour l&rsquo;\u00e9valuation du d\u00e9veloppement (APNODE), inaugur\u00e9e hier, mercredi 28 ao\u00fbt 2024, et qui se conclura demain, vendredi 30 ao\u00fbt, des parlementaires africains se sont rassembl\u00e9s \u00e0 Cotonou pour examiner les avanc\u00e9es r\u00e9alis\u00e9es ainsi que les d\u00e9fis \u00e0 relever dans le domaine de l&rsquo;\u00e9valuation des politiques publiques en Afrique.<\/em><\/strong><\/p>\n\n\n\n<p>Cet \u00e9v\u00e9nement, marquant les dix ans de l&rsquo;APNODE, offre une opportunit\u00e9 unique pour r\u00e9fl\u00e9chir \u00e0 l&rsquo;am\u00e9lioration des pratiques d&rsquo;\u00e9valuation dans les processus l\u00e9gislatifs \u00e0 travers le continent.<\/p>\n\n\n\n<h3 id=\"une-mobilisation-forte-pour-les-dix-ans-de-lapnode\" class=\"wp-block-heading\"><mark style=\"background-color:rgba(0, 0, 0, 0)\" class=\"has-inline-color has-red-color\">Une mobilisation forte pour les dix ans de l&rsquo;APNODE<\/mark><\/h3>\n\n\n\n<p>Lors de la c\u00e9r\u00e9monie d&rsquo;ouverture, l&rsquo;honorable d\u00e9put\u00e9 J\u00e9r\u00e9mie Adomahoun, pr\u00e9sident de l\u2019APNODE, a exprim\u00e9 sa satisfaction face \u00e0 la forte mobilisation des parlementaires venus de toute l&rsquo;Afrique. Il a rappel\u00e9 que l&rsquo;APNODE, fond\u00e9 en mars 2014, a pour mission de promouvoir une croissance inclusive et une plus grande efficacit\u00e9 du d\u00e9veloppement en Afrique. Cette mission repose sur l&rsquo;utilisation de donn\u00e9es probantes issues de l&rsquo;\u00e9valuation des politiques publiques pour orienter les d\u00e9cisions politiques.<\/p>\n\n\n\n<p>Le parlementaire b\u00e9ninois a \u00e9galement soulign\u00e9 les succ\u00e8s obtenus par l&rsquo;APNODE au cours des dix derni\u00e8res ann\u00e9es. Parmi ces succ\u00e8s, on note l&rsquo;int\u00e9gration croissante de l&rsquo;\u00e9valuation dans les l\u00e9gislations de plusieurs pays africains. Le r\u00e9seau a \u00e9galement connu une expansion significative, comptant d\u00e9sormais plus de 700 parlementaires membres issus de 29 parlements africains. De plus, des progr\u00e8s importants ont \u00e9t\u00e9 r\u00e9alis\u00e9s dans le renforcement des chapitres nationaux du R\u00e9seau. Cependant, J\u00e9r\u00e9mie Adomahoun a reconnu que des d\u00e9fis subsistent, notamment en ce qui concerne la mobilisation des ressources et l&rsquo;adh\u00e9sion plus large des parlements africains.<\/p>\n\n\n\n<h3 id=\"soutien-des-partenaires-pour-la-bonne-gouvernance-en-afrique\" class=\"wp-block-heading\"><mark style=\"background-color:rgba(0, 0, 0, 0)\" class=\"has-inline-color has-red-color\">Soutien des partenaires pour la bonne gouvernance en Afrique<\/mark><\/h3>\n\n\n\n<p>Le pr\u00e9sident de l\u2019APNODE a \u00e9galement exprim\u00e9 sa gratitude envers la Banque africaine de d\u00e9veloppement et d&rsquo;autres partenaires pour leur soutien ind\u00e9fectible dans la promotion de la bonne gouvernance sur le continent. Il a sp\u00e9cifiquement remerci\u00e9 Louis Vlavonou, pr\u00e9sident de l\u2019Assembl\u00e9e nationale du B\u00e9nin, pour son appui constant \u00e0 la section nationale de l\u2019APNODE.<\/p>\n\n\n\n<p>Les travaux de la 9e Assembl\u00e9e g\u00e9n\u00e9rale de l\u2019APNODE se poursuivront jusqu&rsquo;au vendredi 30 ao\u00fbt 2024. Pendant ces trois jours, les participants continueront \u00e0 \u00e9changer sur les moyens de surmonter les obstacles actuels et de renforcer les pratiques d\u2019\u00e9valuation des politiques publiques en Afrique. Ce rendez-vous est essentiel pour renforcer la gouvernance sur le continent et pour assurer un d\u00e9veloppement durable \u00e0 travers des politiques publiques mieux \u00e9valu\u00e9es et mieux adapt\u00e9es aux besoins des populations africaines.<\/p>\n\n\n\n<hr class=\"wp-block-separator has-alpha-channel-opacity\"\/>\n\n\n\n<p><\/p>\n","protected":false},"excerpt":{"rendered":"D\u00e9veloppement, Benin, Afrique &#8211; Dans le cadre de la 9e Assembl\u00e9e g\u00e9n\u00e9rale du R\u00e9seau des parlementaires africains pour&hellip;\n","protected":false},"author":7,"featured_media":7746,"comment_status":"open","ping_status":"open","sticky":false,"template":"elementor_theme","format":"standard","meta":{"csco_singular_sidebar":"","csco_page_header_type":"standard","csco_appearance_masonry":"","csco_page_load_nextpost":"","csco_post_video_location":[],"csco_post_video_location_hash":"","csco_post_video_url":"","csco_post_video_bg_start_time":0,"csco_post_video_bg_end_time":0,"footnotes":""},"categories":[45,239],"tags":[769,41,768,337],"class_list":{"0":"post-7745","1":"post","2":"type-post","3":"status-publish","4":"format-standard","5":"has-post-thumbnail","7":"category-gouvernance","8":"category-levenement-2","9":"tag-apnode","10":"tag-benin","11":"tag-jeremie-adomahoun","12":"tag-louis-vlavonou","13":"cs-entry","14":"cs-video-wrap"},"yoast_head":"<!-- This site is optimized with the Yoast SEO plugin v27.4 - https:\/\/yoast.com\/product\/yoast-seo-wordpress\/ -->\n<title>\u00c0 Cotonou, les parlementaires africains en qu\u00eate de meilleures pratiques d&#039;\u00e9valuation des politiques publiques - LA MARINA BJ<\/title>\n<meta name=\"description\" content=\"Cet \u00e9v\u00e9nement, marquant les dix ans de l&#039;APNODE, offre une opportunit\u00e9 unique pour r\u00e9fl\u00e9chir \u00e0 l&#039;am\u00e9lioration des pratiques d&#039;\u00e9valuation dans...\" \/>\n<meta name=\"robots\" content=\"index, follow, max-snippet:-1, max-image-preview:large, max-video-preview:-1\" \/>\n<link rel=\"canonical\" href=\"https:\/\/lamarinabj.com\/index.php\/2024\/08\/29\/a-cotonou-les-parlementaires-africains-en-quete-de-meilleures-pratiques-devaluation-des-politiques-publiques\/\" \/>\n<meta property=\"og:locale\" content=\"fr_FR\" \/>\n<meta property=\"og:type\" content=\"article\" \/>\n<meta property=\"og:title\" content=\"\u00c0 Cotonou, les parlementaires africains en qu\u00eate de meilleures pratiques d&#039;\u00e9valuation des politiques publiques - LA MARINA BJ\" \/>\n<meta property=\"og:description\" content=\"Cet \u00e9v\u00e9nement, marquant les dix ans de l&#039;APNODE, offre une opportunit\u00e9 unique pour r\u00e9fl\u00e9chir \u00e0 l&#039;am\u00e9lioration des pratiques d&#039;\u00e9valuation dans...\" \/>\n<meta property=\"og:url\" content=\"https:\/\/lamarinabj.com\/index.php\/2024\/08\/29\/a-cotonou-les-parlementaires-africains-en-quete-de-meilleures-pratiques-devaluation-des-politiques-publiques\/\" \/>\n<meta property=\"og:site_name\" content=\"LA MARINA BJ\" \/>\n<meta property=\"article:published_time\" content=\"2024-08-29T08:30:59+00:00\" \/>\n<meta property=\"article:modified_time\" content=\"2024-08-29T08:35:50+00:00\" \/>\n<meta property=\"og:image\" content=\"https:\/\/lamarinabj.com\/wp-content\/uploads\/2024\/08\/IMG-20240828-WA0480.jpg\" \/>\n\t<meta property=\"og:image:width\" content=\"960\" \/>\n\t<meta property=\"og:image:height\" content=\"406\" \/>\n\t<meta property=\"og:image:type\" content=\"image\/jpeg\" \/>\n<meta name=\"author\" content=\"La Marina Bj\" \/>\n<meta name=\"twitter:card\" content=\"summary_large_image\" \/>\n<meta name=\"twitter:label1\" content=\"\u00c9crit par\" \/>\n\t<meta name=\"twitter:data1\" content=\"La Marina Bj\" \/>\n\t<meta name=\"twitter:label2\" content=\"Dur\u00e9e de lecture estim\u00e9e\" \/>\n\t<meta name=\"twitter:data2\" content=\"3 minutes\" \/>\n<script type=\"application\/ld+json\" class=\"yoast-schema-graph\">{\"@context\":\"https:\\\/\\\/schema.org\",\"@graph\":[{\"@type\":\"NewsArticle\",\"@id\":\"https:\\\/\\\/lamarinabj.com\\\/index.php\\\/2024\\\/08\\\/29\\\/a-cotonou-les-parlementaires-africains-en-quete-de-meilleures-pratiques-devaluation-des-politiques-publiques\\\/#article\",\"isPartOf\":{\"@id\":\"https:\\\/\\\/lamarinabj.com\\\/index.php\\\/2024\\\/08\\\/29\\\/a-cotonou-les-parlementaires-africains-en-quete-de-meilleures-pratiques-devaluation-des-politiques-publiques\\\/\"},\"author\":{\"name\":\"La Marina Bj\",\"@id\":\"https:\\\/\\\/lamarinabj.com\\\/#\\\/schema\\\/person\\\/89dc3df245cc348449b2502e2d5c016b\"},\"headline\":\"\u00c0 Cotonou, les parlementaires africains en qu\u00eate de meilleures pratiques d&rsquo;\u00e9valuation des politiques publiques\",\"datePublished\":\"2024-08-29T08:30:59+00:00\",\"dateModified\":\"2024-08-29T08:35:50+00:00\",\"mainEntityOfPage\":{\"@id\":\"https:\\\/\\\/lamarinabj.com\\\/index.php\\\/2024\\\/08\\\/29\\\/a-cotonou-les-parlementaires-africains-en-quete-de-meilleures-pratiques-devaluation-des-politiques-publiques\\\/\"},\"wordCount\":488,\"commentCount\":0,\"image\":{\"@id\":\"https:\\\/\\\/lamarinabj.com\\\/index.php\\\/2024\\\/08\\\/29\\\/a-cotonou-les-parlementaires-africains-en-quete-de-meilleures-pratiques-devaluation-des-politiques-publiques\\\/#primaryimage\"},\"thumbnailUrl\":\"https:\\\/\\\/lamarinabj.com\\\/wp-content\\\/uploads\\\/2024\\\/08\\\/IMG-20240828-WA0480.jpg\",\"keywords\":[\"APNODE\",\"B\u00e9nin\",\"J\u00e9r\u00e9mie Adomahoun\",\"Louis Vlavonou\"],\"articleSection\":[\"GOUVERNANCE\",\"L'\u00c9V\u00c9NEMENT\"],\"inLanguage\":\"fr-FR\",\"potentialAction\":[{\"@type\":\"CommentAction\",\"name\":\"Comment\",\"target\":[\"https:\\\/\\\/lamarinabj.com\\\/index.php\\\/2024\\\/08\\\/29\\\/a-cotonou-les-parlementaires-africains-en-quete-de-meilleures-pratiques-devaluation-des-politiques-publiques\\\/#respond\"]}]},{\"@type\":[\"WebPage\",\"SearchResultsPage\"],\"@id\":\"https:\\\/\\\/lamarinabj.com\\\/index.php\\\/2024\\\/08\\\/29\\\/a-cotonou-les-parlementaires-africains-en-quete-de-meilleures-pratiques-devaluation-des-politiques-publiques\\\/\",\"url\":\"https:\\\/\\\/lamarinabj.com\\\/index.php\\\/2024\\\/08\\\/29\\\/a-cotonou-les-parlementaires-africains-en-quete-de-meilleures-pratiques-devaluation-des-politiques-publiques\\\/\",\"name\":\"\u00c0 Cotonou, les parlementaires africains en qu\u00eate de meilleures pratiques d'\u00e9valuation des politiques publiques - LA MARINA BJ\",\"isPartOf\":{\"@id\":\"https:\\\/\\\/lamarinabj.com\\\/#website\"},\"primaryImageOfPage\":{\"@id\":\"https:\\\/\\\/lamarinabj.com\\\/index.php\\\/2024\\\/08\\\/29\\\/a-cotonou-les-parlementaires-africains-en-quete-de-meilleures-pratiques-devaluation-des-politiques-publiques\\\/#primaryimage\"},\"image\":{\"@id\":\"https:\\\/\\\/lamarinabj.com\\\/index.php\\\/2024\\\/08\\\/29\\\/a-cotonou-les-parlementaires-africains-en-quete-de-meilleures-pratiques-devaluation-des-politiques-publiques\\\/#primaryimage\"},\"thumbnailUrl\":\"https:\\\/\\\/lamarinabj.com\\\/wp-content\\\/uploads\\\/2024\\\/08\\\/IMG-20240828-WA0480.jpg\",\"datePublished\":\"2024-08-29T08:30:59+00:00\",\"dateModified\":\"2024-08-29T08:35:50+00:00\",\"author\":{\"@id\":\"https:\\\/\\\/lamarinabj.com\\\/#\\\/schema\\\/person\\\/89dc3df245cc348449b2502e2d5c016b\"},\"description\":\"Cet \u00e9v\u00e9nement, marquant les dix ans de l'APNODE, offre une opportunit\u00e9 unique pour r\u00e9fl\u00e9chir \u00e0 l'am\u00e9lioration des pratiques d'\u00e9valuation dans...\",\"breadcrumb\":{\"@id\":\"https:\\\/\\\/lamarinabj.com\\\/index.php\\\/2024\\\/08\\\/29\\\/a-cotonou-les-parlementaires-africains-en-quete-de-meilleures-pratiques-devaluation-des-politiques-publiques\\\/#breadcrumb\"},\"inLanguage\":\"fr-FR\",\"potentialAction\":[{\"@type\":\"ReadAction\",\"target\":[\"https:\\\/\\\/lamarinabj.com\\\/index.php\\\/2024\\\/08\\\/29\\\/a-cotonou-les-parlementaires-africains-en-quete-de-meilleures-pratiques-devaluation-des-politiques-publiques\\\/\"]}]},{\"@type\":\"ImageObject\",\"inLanguage\":\"fr-FR\",\"@id\":\"https:\\\/\\\/lamarinabj.com\\\/index.php\\\/2024\\\/08\\\/29\\\/a-cotonou-les-parlementaires-africains-en-quete-de-meilleures-pratiques-devaluation-des-politiques-publiques\\\/#primaryimage\",\"url\":\"https:\\\/\\\/lamarinabj.com\\\/wp-content\\\/uploads\\\/2024\\\/08\\\/IMG-20240828-WA0480.jpg\",\"contentUrl\":\"https:\\\/\\\/lamarinabj.com\\\/wp-content\\\/uploads\\\/2024\\\/08\\\/IMG-20240828-WA0480.jpg\",\"width\":960,\"height\":406},{\"@type\":\"BreadcrumbList\",\"@id\":\"https:\\\/\\\/lamarinabj.com\\\/index.php\\\/2024\\\/08\\\/29\\\/a-cotonou-les-parlementaires-africains-en-quete-de-meilleures-pratiques-devaluation-des-politiques-publiques\\\/#breadcrumb\",\"itemListElement\":[{\"@type\":\"ListItem\",\"position\":1,\"name\":\"Accueil\",\"item\":\"https:\\\/\\\/lamarinabj.com\\\/\"},{\"@type\":\"ListItem\",\"position\":2,\"name\":\"\u00c0 Cotonou, les parlementaires africains en qu\u00eate de meilleures pratiques d&#8217;\u00e9valuation des politiques publiques\"}]},{\"@type\":\"WebSite\",\"@id\":\"https:\\\/\\\/lamarinabj.com\\\/#website\",\"url\":\"https:\\\/\\\/lamarinabj.com\\\/\",\"name\":\"LA MARINA BJ\",\"description\":\"Votre portail vers l&#039;information strat\u00e9gique au B\u00e9nin, en Afrique et au-del\u00e0\",\"potentialAction\":[{\"@type\":\"SearchAction\",\"target\":{\"@type\":\"EntryPoint\",\"urlTemplate\":\"https:\\\/\\\/lamarinabj.com\\\/?s={search_term_string}\"},\"query-input\":{\"@type\":\"PropertyValueSpecification\",\"valueRequired\":true,\"valueName\":\"search_term_string\"}}],\"inLanguage\":\"fr-FR\"},{\"@type\":\"Person\",\"@id\":\"https:\\\/\\\/lamarinabj.com\\\/#\\\/schema\\\/person\\\/89dc3df245cc348449b2502e2d5c016b\",\"name\":\"La Marina Bj\",\"image\":{\"@type\":\"ImageObject\",\"inLanguage\":\"fr-FR\",\"@id\":\"https:\\\/\\\/secure.gravatar.com\\\/avatar\\\/6ef884b7fb1dab6e8672f19e68299568fe069dc761d88506e39bee8464c70e4a?s=96&d=mm&r=g\",\"url\":\"https:\\\/\\\/secure.gravatar.com\\\/avatar\\\/6ef884b7fb1dab6e8672f19e68299568fe069dc761d88506e39bee8464c70e4a?s=96&d=mm&r=g\",\"contentUrl\":\"https:\\\/\\\/secure.gravatar.com\\\/avatar\\\/6ef884b7fb1dab6e8672f19e68299568fe069dc761d88506e39bee8464c70e4a?s=96&d=mm&r=g\",\"caption\":\"La Marina Bj\"},\"url\":\"https:\\\/\\\/lamarinabj.com\\\/index.php\\\/author\\\/la-marina-bj\\\/\"}]}<\/script>\n<!-- \/ Yoast SEO plugin. -->","yoast_head_json":{"title":"\u00c0 Cotonou, les parlementaires africains en qu\u00eate de meilleures pratiques d'\u00e9valuation des politiques publiques - LA MARINA BJ","description":"Cet \u00e9v\u00e9nement, marquant les dix ans de l'APNODE, offre une opportunit\u00e9 unique pour r\u00e9fl\u00e9chir \u00e0 l'am\u00e9lioration des pratiques d'\u00e9valuation dans...","robots":{"index":"index","follow":"follow","max-snippet":"max-snippet:-1","max-image-preview":"max-image-preview:large","max-video-preview":"max-video-preview:-1"},"canonical":"https:\/\/lamarinabj.com\/index.php\/2024\/08\/29\/a-cotonou-les-parlementaires-africains-en-quete-de-meilleures-pratiques-devaluation-des-politiques-publiques\/","og_locale":"fr_FR","og_type":"article","og_title":"\u00c0 Cotonou, les parlementaires africains en qu\u00eate de meilleures pratiques d'\u00e9valuation des politiques publiques - LA MARINA BJ","og_description":"Cet \u00e9v\u00e9nement, marquant les dix ans de l'APNODE, offre une opportunit\u00e9 unique pour r\u00e9fl\u00e9chir \u00e0 l'am\u00e9lioration des pratiques d'\u00e9valuation dans...","og_url":"https:\/\/lamarinabj.com\/index.php\/2024\/08\/29\/a-cotonou-les-parlementaires-africains-en-quete-de-meilleures-pratiques-devaluation-des-politiques-publiques\/","og_site_name":"LA MARINA BJ","article_published_time":"2024-08-29T08:30:59+00:00","article_modified_time":"2024-08-29T08:35:50+00:00","og_image":[{"width":960,"height":406,"url":"https:\/\/lamarinabj.com\/wp-content\/uploads\/2024\/08\/IMG-20240828-WA0480.jpg","type":"image\/jpeg"}],"author":"La Marina Bj","twitter_card":"summary_large_image","twitter_misc":{"\u00c9crit par":"La Marina Bj","Dur\u00e9e de lecture estim\u00e9e":"3 minutes"},"schema":{"@context":"https:\/\/schema.org","@graph":[{"@type":"NewsArticle","@id":"https:\/\/lamarinabj.com\/index.php\/2024\/08\/29\/a-cotonou-les-parlementaires-africains-en-quete-de-meilleures-pratiques-devaluation-des-politiques-publiques\/#article","isPartOf":{"@id":"https:\/\/lamarinabj.com\/index.php\/2024\/08\/29\/a-cotonou-les-parlementaires-africains-en-quete-de-meilleures-pratiques-devaluation-des-politiques-publiques\/"},"author":{"name":"La Marina Bj","@id":"https:\/\/lamarinabj.com\/#\/schema\/person\/89dc3df245cc348449b2502e2d5c016b"},"headline":"\u00c0 Cotonou, les parlementaires africains en qu\u00eate de meilleures pratiques d&rsquo;\u00e9valuation des politiques publiques","datePublished":"2024-08-29T08:30:59+00:00","dateModified":"2024-08-29T08:35:50+00:00","mainEntityOfPage":{"@id":"https:\/\/lamarinabj.com\/index.php\/2024\/08\/29\/a-cotonou-les-parlementaires-africains-en-quete-de-meilleures-pratiques-devaluation-des-politiques-publiques\/"},"wordCount":488,"commentCount":0,"image":{"@id":"https:\/\/lamarinabj.com\/index.php\/2024\/08\/29\/a-cotonou-les-parlementaires-africains-en-quete-de-meilleures-pratiques-devaluation-des-politiques-publiques\/#primaryimage"},"thumbnailUrl":"https:\/\/lamarinabj.com\/wp-content\/uploads\/2024\/08\/IMG-20240828-WA0480.jpg","keywords":["APNODE","B\u00e9nin","J\u00e9r\u00e9mie Adomahoun","Louis Vlavonou"],"articleSection":["GOUVERNANCE","L'\u00c9V\u00c9NEMENT"],"inLanguage":"fr-FR","potentialAction":[{"@type":"CommentAction","name":"Comment","target":["https:\/\/lamarinabj.com\/index.php\/2024\/08\/29\/a-cotonou-les-parlementaires-africains-en-quete-de-meilleures-pratiques-devaluation-des-politiques-publiques\/#respond"]}]},{"@type":["WebPage","SearchResultsPage"],"@id":"https:\/\/lamarinabj.com\/index.php\/2024\/08\/29\/a-cotonou-les-parlementaires-africains-en-quete-de-meilleures-pratiques-devaluation-des-politiques-publiques\/","url":"https:\/\/lamarinabj.com\/index.php\/2024\/08\/29\/a-cotonou-les-parlementaires-africains-en-quete-de-meilleures-pratiques-devaluation-des-politiques-publiques\/","name":"\u00c0 Cotonou, les parlementaires africains en qu\u00eate de meilleures pratiques d'\u00e9valuation des politiques publiques - LA MARINA BJ","isPartOf":{"@id":"https:\/\/lamarinabj.com\/#website"},"primaryImageOfPage":{"@id":"https:\/\/lamarinabj.com\/index.php\/2024\/08\/29\/a-cotonou-les-parlementaires-africains-en-quete-de-meilleures-pratiques-devaluation-des-politiques-publiques\/#primaryimage"},"image":{"@id":"https:\/\/lamarinabj.com\/index.php\/2024\/08\/29\/a-cotonou-les-parlementaires-africains-en-quete-de-meilleures-pratiques-devaluation-des-politiques-publiques\/#primaryimage"},"thumbnailUrl":"https:\/\/lamarinabj.com\/wp-content\/uploads\/2024\/08\/IMG-20240828-WA0480.jpg","datePublished":"2024-08-29T08:30:59+00:00","dateModified":"2024-08-29T08:35:50+00:00","author":{"@id":"https:\/\/lamarinabj.com\/#\/schema\/person\/89dc3df245cc348449b2502e2d5c016b"},"description":"Cet \u00e9v\u00e9nement, marquant les dix ans de l'APNODE, offre une opportunit\u00e9 unique pour r\u00e9fl\u00e9chir \u00e0 l'am\u00e9lioration des pratiques d'\u00e9valuation dans...","breadcrumb":{"@id":"https:\/\/lamarinabj.com\/index.php\/2024\/08\/29\/a-cotonou-les-parlementaires-africains-en-quete-de-meilleures-pratiques-devaluation-des-politiques-publiques\/#breadcrumb"},"inLanguage":"fr-FR","potentialAction":[{"@type":"ReadAction","target":["https:\/\/lamarinabj.com\/index.php\/2024\/08\/29\/a-cotonou-les-parlementaires-africains-en-quete-de-meilleures-pratiques-devaluation-des-politiques-publiques\/"]}]},{"@type":"ImageObject","inLanguage":"fr-FR","@id":"https:\/\/lamarinabj.com\/index.php\/2024\/08\/29\/a-cotonou-les-parlementaires-africains-en-quete-de-meilleures-pratiques-devaluation-des-politiques-publiques\/#primaryimage","url":"https:\/\/lamarinabj.com\/wp-content\/uploads\/2024\/08\/IMG-20240828-WA0480.jpg","contentUrl":"https:\/\/lamarinabj.com\/wp-content\/uploads\/2024\/08\/IMG-20240828-WA0480.jpg","width":960,"height":406},{"@type":"BreadcrumbList","@id":"https:\/\/lamarinabj.com\/index.php\/2024\/08\/29\/a-cotonou-les-parlementaires-africains-en-quete-de-meilleures-pratiques-devaluation-des-politiques-publiques\/#breadcrumb","itemListElement":[{"@type":"ListItem","position":1,"name":"Accueil","item":"https:\/\/lamarinabj.com\/"},{"@type":"ListItem","position":2,"name":"\u00c0 Cotonou, les parlementaires africains en qu\u00eate de meilleures pratiques d&#8217;\u00e9valuation des politiques publiques"}]},{"@type":"WebSite","@id":"https:\/\/lamarinabj.com\/#website","url":"https:\/\/lamarinabj.com\/","name":"LA MARINA BJ","description":"Votre portail vers l&#039;information strat\u00e9gique au B\u00e9nin, en Afrique et au-del\u00e0","potentialAction":[{"@type":"SearchAction","target":{"@type":"EntryPoint","urlTemplate":"https:\/\/lamarinabj.com\/?s={search_term_string}"},"query-input":{"@type":"PropertyValueSpecification","valueRequired":true,"valueName":"search_term_string"}}],"inLanguage":"fr-FR"},{"@type":"Person","@id":"https:\/\/lamarinabj.com\/#\/schema\/person\/89dc3df245cc348449b2502e2d5c016b","name":"La Marina Bj","image":{"@type":"ImageObject","inLanguage":"fr-FR","@id":"https:\/\/secure.gravatar.com\/avatar\/6ef884b7fb1dab6e8672f19e68299568fe069dc761d88506e39bee8464c70e4a?s=96&d=mm&r=g","url":"https:\/\/secure.gravatar.com\/avatar\/6ef884b7fb1dab6e8672f19e68299568fe069dc761d88506e39bee8464c70e4a?s=96&d=mm&r=g","contentUrl":"https:\/\/secure.gravatar.com\/avatar\/6ef884b7fb1dab6e8672f19e68299568fe069dc761d88506e39bee8464c70e4a?s=96&d=mm&r=g","caption":"La Marina Bj"},"url":"https:\/\/lamarinabj.com\/index.php\/author\/la-marina-bj\/"}]}},"_links":{"self":[{"href":"https:\/\/lamarinabj.com\/index.php\/wp-json\/wp\/v2\/posts\/7745","targetHints":{"allow":["GET"]}}],"collection":[{"href":"https:\/\/lamarinabj.com\/index.php\/wp-json\/wp\/v2\/posts"}],"about":[{"href":"https:\/\/lamarinabj.com\/index.php\/wp-json\/wp\/v2\/types\/post"}],"author":[{"embeddable":true,"href":"https:\/\/lamarinabj.com\/index.php\/wp-json\/wp\/v2\/users\/7"}],"replies":[{"embeddable":true,"href":"https:\/\/lamarinabj.com\/index.php\/wp-json\/wp\/v2\/comments?post=7745"}],"version-history":[{"count":2,"href":"https:\/\/lamarinabj.com\/index.php\/wp-json\/wp\/v2\/posts\/7745\/revisions"}],"predecessor-version":[{"id":7748,"href":"https:\/\/lamarinabj.com\/index.php\/wp-json\/wp\/v2\/posts\/7745\/revisions\/7748"}],"wp:featuredmedia":[{"embeddable":true,"href":"https:\/\/lamarinabj.com\/index.php\/wp-json\/wp\/v2\/media\/7746"}],"wp:attachment":[{"href":"https:\/\/lamarinabj.com\/index.php\/wp-json\/wp\/v2\/media?parent=7745"}],"wp:term":[{"taxonomy":"category","embeddable":true,"href":"https:\/\/lamarinabj.com\/index.php\/wp-json\/wp\/v2\/categories?post=7745"},{"taxonomy":"post_tag","embeddable":true,"href":"https:\/\/lamarinabj.com\/index.php\/wp-json\/wp\/v2\/tags?post=7745"}],"curies":[{"name":"wp","href":"https:\/\/api.w.org\/{rel}","templated":true}]}}